{"id":10234,"date":"2012-09-21T10:09:23","date_gmt":"2012-09-21T09:09:23","guid":{"rendered":"http:\/\/wirtschaftlichefreiheit.de\/wordpress\/?p=10234"},"modified":"2012-09-21T13:02:50","modified_gmt":"2012-09-21T12:02:50","slug":"podiumsdiskussiondie-zukunft-des-eurozum-60-geburtstag-von-prof-dr-norbert-berthold","status":"publish","type":"post","link":"https:\/\/wirtschaftlichefreiheit.de\/wordpress\/?p=10234","title":{"rendered":"<small>Podiumsdiskussion<\/small><br>Die Zukunft des Euro<br><small>Zum 60. Geburtstag von Prof. Dr. Norbert Berthold<\/small>"},"content":{"rendered":"<p>Anl\u00e4sslich des 60. Geburtstags von Herrn Prof. Dr. Norbert Berthold veranstaltet der Lehrstuhl VWL IV der Julius-Maximilians-Universit\u00e4t W\u00fcrzburg am 8. November 2012 eine Podiumsdiskussion mit dem Titel &#8222;Die Zukunft des Euro&#8220;.<\/p>\n<p style=\"text-align: center;\"><a href=\"\/wordpress\/bilder\/pod.png\"><img decoding=\"async\" class=\"aligncenter\" title=\"Podiumsdiskussion\" src=\"\/wordpress\/bilder\/pod.png\" alt=\"Podiumsdiskussion\" width=\"260\" \/><\/a><br \/>\n<small>&#8211; zum Vergr\u00f6\u00dfern bitte auf die Grafik klicken &#8211; <\/small><\/p>\n<p>Die Diskutanten sind Prof. Dr. Norbert Berthold, Prof. Dr. Lars Feld, Prof. Dr. Otmar Issing und Prof. Dr. Hans-Werner Sinn. Moderiert wird die Veranstaltung von Dr. Rainer Hank, die Laudatio h\u00e4lt Prof. Dr. Wolf Sch\u00e4fer.<\/p>\n<p>Eintrittskarten f\u00fcr die Veranstaltung k\u00f6nnen im Sekretariat des Lehrstuhls VWL IV (Raum 297 in der Neuen Universit\u00e4t am Sanderring 2) abgeholt werden.<\/p>\n<!-- AddThis Advanced Settings generic via filter on the_content --><!-- AddThis Share Buttons generic via filter on the_content --><!-- AddThis Related Posts generic via filter on the_content -->","protected":false},"excerpt":{"rendered":"<p>Anl\u00e4sslich des 60. Geburtstags von Herrn Prof. Dr. Norbert Berthold veranstaltet der Lehrstuhl VWL IV der Julius-Maximilians-Universit\u00e4t W\u00fcrzburg am 8. November 2012 eine Podiumsdiskussion mit &hellip; <\/p>\n<p class=\"link-more\"><a href=\"https:\/\/wirtschaftlichefreiheit.de\/wordpress\/?p=10234\" class=\"more-link\"><span class=\"screen-reader-text\">\u201e<small>Podiumsdiskussion<\/small><br \/>Die Zukunft des Euro<br \/><small>Zum 60. Geburtstag von Prof. Dr. Norbert Berthold<\/small>\u201c <\/span>weiterlesen<\/a><\/p>\n<p><!-- AddThis Advanced Settings generic via filter on wp_trim_excerpt --><!-- AddThis Share Buttons generic via filter on wp_trim_excerpt --><!-- AddThis Related Posts generic via filter on wp_trim_excerpt --><\/p>\n","protected":false},"author":58,"featured_media":0,"comment_status":"open","ping_status":"open","sticky":false,"template":"","format":"standard","meta":{"footnotes":""},"categories":[1],"tags":[556],"class_list":["post-10234","post","type-post","status-publish","format-standard","hentry","category-allgmeines","tag-berthold"],"yoast_head":"<!-- This site is optimized with the Yoast SEO plugin v27.2 - https:\/\/yoast.com\/product\/yoast-seo-wordpress\/ -->\n<title>PodiumsdiskussionDie Zukunft des EuroZum 60. Geburtstag von Prof. Dr. Norbert Berthold - Wirtschaftliche Freiheit<\/title>\n<meta name=\"robots\" content=\"index, follow, max-snippet:-1, max-image-preview:large, max-video-preview:-1\" \/>\n<link rel=\"canonical\" href=\"https:\/\/wirtschaftlichefreiheit.de\/wordpress\/?p=10234\" \/>\n<meta property=\"og:locale\" content=\"de_DE\" \/>\n<meta property=\"og:type\" content=\"article\" \/>\n<meta property=\"og:title\" content=\"PodiumsdiskussionDie Zukunft des EuroZum 60. Geburtstag von Prof. Dr. Norbert Berthold - Wirtschaftliche Freiheit\" \/>\n<meta property=\"og:description\" content=\"Anl\u00e4sslich des 60. Geburtstags von Herrn Prof. Dr. Norbert Berthold veranstaltet der Lehrstuhl VWL IV der Julius-Maximilians-Universit\u00e4t W\u00fcrzburg am 8. November 2012 eine Podiumsdiskussion mit &hellip; \u201ePodiumsdiskussionDie Zukunft des EuroZum 60. Geburtstag von Prof. Dr. Norbert Berthold\u201c weiterlesen\" \/>\n<meta property=\"og:url\" content=\"https:\/\/wirtschaftlichefreiheit.de\/wordpress\/?p=10234\" \/>\n<meta property=\"og:site_name\" content=\"Wirtschaftliche Freiheit\" \/>\n<meta property=\"article:published_time\" content=\"2012-09-21T09:09:23+00:00\" \/>\n<meta property=\"article:modified_time\" content=\"2012-09-21T12:02:50+00:00\" \/>\n<meta name=\"author\" content=\"Wirtschaftliche Freiheit\" \/>\n<meta name=\"twitter:card\" content=\"summary_large_image\" \/>\n<meta name=\"twitter:label1\" content=\"Verfasst von\" \/>\n\t<meta name=\"twitter:data1\" content=\"Wirtschaftliche Freiheit\" \/>\n\t<meta name=\"twitter:label2\" content=\"Gesch\u00e4tzte Lesezeit\" \/>\n\t<meta name=\"twitter:data2\" content=\"1\u00a0Minute\" \/>\n<script type=\"application\/ld+json\" class=\"yoast-schema-graph\">{\"@context\":\"https:\/\/schema.org\",\"@graph\":[{\"@type\":\"Article\",\"@id\":\"https:\/\/wirtschaftlichefreiheit.de\/wordpress\/?p=10234#article\",\"isPartOf\":{\"@id\":\"https:\/\/wirtschaftlichefreiheit.de\/wordpress\/?p=10234\"},\"author\":{\"name\":\"Wirtschaftliche Freiheit\",\"@id\":\"https:\/\/wirtschaftlichefreiheit.de\/wordpress\/#\/schema\/person\/788618a184d31b0801c59c1fadd473c4\"},\"headline\":\"Podiumsdiskussion Die Zukunft des Euro Zum 60. Geburtstag von Prof. Dr. Norbert Berthold\",\"datePublished\":\"2012-09-21T09:09:23+00:00\",\"dateModified\":\"2012-09-21T12:02:50+00:00\",\"mainEntityOfPage\":{\"@id\":\"https:\/\/wirtschaftlichefreiheit.de\/wordpress\/?p=10234\"},\"wordCount\":113,\"commentCount\":2,\"keywords\":[\"Berthold\"],\"articleSection\":[\"Allgemeines\"],\"inLanguage\":\"de\",\"potentialAction\":[{\"@type\":\"CommentAction\",\"name\":\"Comment\",\"target\":[\"https:\/\/wirtschaftlichefreiheit.de\/wordpress\/?p=10234#respond\"]}]},{\"@type\":\"WebPage\",\"@id\":\"https:\/\/wirtschaftlichefreiheit.de\/wordpress\/?p=10234\",\"url\":\"https:\/\/wirtschaftlichefreiheit.de\/wordpress\/?p=10234\",\"name\":\"Podiumsdiskussion Die Zukunft des Euro Zum 60. Geburtstag von Prof. Dr. Norbert Berthold - Wirtschaftliche Freiheit\",\"isPartOf\":{\"@id\":\"https:\/\/wirtschaftlichefreiheit.de\/wordpress\/#website\"},\"datePublished\":\"2012-09-21T09:09:23+00:00\",\"dateModified\":\"2012-09-21T12:02:50+00:00\",\"author\":{\"@id\":\"https:\/\/wirtschaftlichefreiheit.de\/wordpress\/#\/schema\/person\/788618a184d31b0801c59c1fadd473c4\"},\"breadcrumb\":{\"@id\":\"https:\/\/wirtschaftlichefreiheit.de\/wordpress\/?p=10234#breadcrumb\"},\"inLanguage\":\"de\",\"potentialAction\":[{\"@type\":\"ReadAction\",\"target\":[\"https:\/\/wirtschaftlichefreiheit.de\/wordpress\/?p=10234\"]}]},{\"@type\":\"BreadcrumbList\",\"@id\":\"https:\/\/wirtschaftlichefreiheit.de\/wordpress\/?p=10234#breadcrumb\",\"itemListElement\":[{\"@type\":\"ListItem\",\"position\":1,\"name\":\"Startseite\",\"item\":\"https:\/\/wirtschaftlichefreiheit.de\/wordpress\"},{\"@type\":\"ListItem\",\"position\":2,\"name\":\"PodiumsdiskussionDie Zukunft des EuroZum 60. Geburtstag von Prof. Dr. Norbert Berthold\"}]},{\"@type\":\"WebSite\",\"@id\":\"https:\/\/wirtschaftlichefreiheit.de\/wordpress\/#website\",\"url\":\"https:\/\/wirtschaftlichefreiheit.de\/wordpress\/\",\"name\":\"Wirtschaftliche Freiheit\",\"description\":\"Das ordnungspolitische Journal\",\"potentialAction\":[{\"@type\":\"SearchAction\",\"target\":{\"@type\":\"EntryPoint\",\"urlTemplate\":\"https:\/\/wirtschaftlichefreiheit.de\/wordpress\/?s={search_term_string}\"},\"query-input\":{\"@type\":\"PropertyValueSpecification\",\"valueRequired\":true,\"valueName\":\"search_term_string\"}}],\"inLanguage\":\"de\"},{\"@type\":\"Person\",\"@id\":\"https:\/\/wirtschaftlichefreiheit.de\/wordpress\/#\/schema\/person\/788618a184d31b0801c59c1fadd473c4\",\"name\":\"Wirtschaftliche Freiheit\",\"image\":{\"@type\":\"ImageObject\",\"inLanguage\":\"de\",\"@id\":\"https:\/\/wirtschaftlichefreiheit.de\/wordpress\/bilder\/189780_211178845564593_6670846_n.jpg\",\"url\":\"https:\/\/wirtschaftlichefreiheit.de\/wordpress\/bilder\/189780_211178845564593_6670846_n.jpg\",\"contentUrl\":\"https:\/\/wirtschaftlichefreiheit.de\/wordpress\/bilder\/189780_211178845564593_6670846_n.jpg\",\"caption\":\"Wirtschaftliche Freiheit\"},\"description\":\"Das ordnungspolitische Journal\",\"url\":\"https:\/\/wirtschaftlichefreiheit.de\/wordpress\/?author=58\"}]}<\/script>\n<!-- \/ Yoast SEO plugin. -->","yoast_head_json":{"title":"PodiumsdiskussionDie Zukunft des EuroZum 60. Geburtstag von Prof. Dr. Norbert Berthold - Wirtschaftliche Freiheit","robots":{"index":"index","follow":"follow","max-snippet":"max-snippet:-1","max-image-preview":"max-image-preview:large","max-video-preview":"max-video-preview:-1"},"canonical":"https:\/\/wirtschaftlichefreiheit.de\/wordpress\/?p=10234","og_locale":"de_DE","og_type":"article","og_title":"PodiumsdiskussionDie Zukunft des EuroZum 60. Geburtstag von Prof. Dr. Norbert Berthold - Wirtschaftliche Freiheit","og_description":"Anl\u00e4sslich des 60. Geburtstags von Herrn Prof. Dr. Norbert Berthold veranstaltet der Lehrstuhl VWL IV der Julius-Maximilians-Universit\u00e4t W\u00fcrzburg am 8. November 2012 eine Podiumsdiskussion mit &hellip; \u201ePodiumsdiskussionDie Zukunft des EuroZum 60. Geburtstag von Prof. Dr. Norbert Berthold\u201c weiterlesen","og_url":"https:\/\/wirtschaftlichefreiheit.de\/wordpress\/?p=10234","og_site_name":"Wirtschaftliche Freiheit","article_published_time":"2012-09-21T09:09:23+00:00","article_modified_time":"2012-09-21T12:02:50+00:00","author":"Wirtschaftliche Freiheit","twitter_card":"summary_large_image","twitter_misc":{"Verfasst von":"Wirtschaftliche Freiheit","Gesch\u00e4tzte Lesezeit":"1\u00a0Minute"},"schema":{"@context":"https:\/\/schema.org","@graph":[{"@type":"Article","@id":"https:\/\/wirtschaftlichefreiheit.de\/wordpress\/?p=10234#article","isPartOf":{"@id":"https:\/\/wirtschaftlichefreiheit.de\/wordpress\/?p=10234"},"author":{"name":"Wirtschaftliche Freiheit","@id":"https:\/\/wirtschaftlichefreiheit.de\/wordpress\/#\/schema\/person\/788618a184d31b0801c59c1fadd473c4"},"headline":"Podiumsdiskussion Die Zukunft des Euro Zum 60. Geburtstag von Prof. Dr. Norbert Berthold","datePublished":"2012-09-21T09:09:23+00:00","dateModified":"2012-09-21T12:02:50+00:00","mainEntityOfPage":{"@id":"https:\/\/wirtschaftlichefreiheit.de\/wordpress\/?p=10234"},"wordCount":113,"commentCount":2,"keywords":["Berthold"],"articleSection":["Allgemeines"],"inLanguage":"de","potentialAction":[{"@type":"CommentAction","name":"Comment","target":["https:\/\/wirtschaftlichefreiheit.de\/wordpress\/?p=10234#respond"]}]},{"@type":"WebPage","@id":"https:\/\/wirtschaftlichefreiheit.de\/wordpress\/?p=10234","url":"https:\/\/wirtschaftlichefreiheit.de\/wordpress\/?p=10234","name":"Podiumsdiskussion Die Zukunft des Euro Zum 60. Geburtstag von Prof. Dr. Norbert Berthold - Wirtschaftliche Freiheit","isPartOf":{"@id":"https:\/\/wirtschaftlichefreiheit.de\/wordpress\/#website"},"datePublished":"2012-09-21T09:09:23+00:00","dateModified":"2012-09-21T12:02:50+00:00","author":{"@id":"https:\/\/wirtschaftlichefreiheit.de\/wordpress\/#\/schema\/person\/788618a184d31b0801c59c1fadd473c4"},"breadcrumb":{"@id":"https:\/\/wirtschaftlichefreiheit.de\/wordpress\/?p=10234#breadcrumb"},"inLanguage":"de","potentialAction":[{"@type":"ReadAction","target":["https:\/\/wirtschaftlichefreiheit.de\/wordpress\/?p=10234"]}]},{"@type":"BreadcrumbList","@id":"https:\/\/wirtschaftlichefreiheit.de\/wordpress\/?p=10234#breadcrumb","itemListElement":[{"@type":"ListItem","position":1,"name":"Startseite","item":"https:\/\/wirtschaftlichefreiheit.de\/wordpress"},{"@type":"ListItem","position":2,"name":"PodiumsdiskussionDie Zukunft des EuroZum 60. Geburtstag von Prof. Dr. Norbert Berthold"}]},{"@type":"WebSite","@id":"https:\/\/wirtschaftlichefreiheit.de\/wordpress\/#website","url":"https:\/\/wirtschaftlichefreiheit.de\/wordpress\/","name":"Wirtschaftliche Freiheit","description":"Das ordnungspolitische Journal","potentialAction":[{"@type":"SearchAction","target":{"@type":"EntryPoint","urlTemplate":"https:\/\/wirtschaftlichefreiheit.de\/wordpress\/?s={search_term_string}"},"query-input":{"@type":"PropertyValueSpecification","valueRequired":true,"valueName":"search_term_string"}}],"inLanguage":"de"},{"@type":"Person","@id":"https:\/\/wirtschaftlichefreiheit.de\/wordpress\/#\/schema\/person\/788618a184d31b0801c59c1fadd473c4","name":"Wirtschaftliche Freiheit","image":{"@type":"ImageObject","inLanguage":"de","@id":"https:\/\/wirtschaftlichefreiheit.de\/wordpress\/bilder\/189780_211178845564593_6670846_n.jpg","url":"https:\/\/wirtschaftlichefreiheit.de\/wordpress\/bilder\/189780_211178845564593_6670846_n.jpg","contentUrl":"https:\/\/wirtschaftlichefreiheit.de\/wordpress\/bilder\/189780_211178845564593_6670846_n.jpg","caption":"Wirtschaftliche Freiheit"},"description":"Das ordnungspolitische Journal","url":"https:\/\/wirtschaftlichefreiheit.de\/wordpress\/?author=58"}]}},"_links":{"self":[{"href":"https:\/\/wirtschaftlichefreiheit.de\/wordpress\/index.php?rest_route=\/wp\/v2\/posts\/10234","targetHints":{"allow":["GET"]}}],"collection":[{"href":"https:\/\/wirtschaftlichefreiheit.de\/wordpress\/index.php?rest_route=\/wp\/v2\/posts"}],"about":[{"href":"https:\/\/wirtschaftlichefreiheit.de\/wordpress\/index.php?rest_route=\/wp\/v2\/types\/post"}],"author":[{"embeddable":true,"href":"https:\/\/wirtschaftlichefreiheit.de\/wordpress\/index.php?rest_route=\/wp\/v2\/users\/58"}],"replies":[{"embeddable":true,"href":"https:\/\/wirtschaftlichefreiheit.de\/wordpress\/index.php?rest_route=%2Fwp%2Fv2%2Fcomments&post=10234"}],"version-history":[{"count":18,"href":"https:\/\/wirtschaftlichefreiheit.de\/wordpress\/index.php?rest_route=\/wp\/v2\/posts\/10234\/revisions"}],"predecessor-version":[{"id":10249,"href":"https:\/\/wirtschaftlichefreiheit.de\/wordpress\/index.php?rest_route=\/wp\/v2\/posts\/10234\/revisions\/10249"}],"wp:attachment":[{"href":"https:\/\/wirtschaftlichefreiheit.de\/wordpress\/index.php?rest_route=%2Fwp%2Fv2%2Fmedia&parent=10234"}],"wp:term":[{"taxonomy":"category","embeddable":true,"href":"https:\/\/wirtschaftlichefreiheit.de\/wordpress\/index.php?rest_route=%2Fwp%2Fv2%2Fcategories&post=10234"},{"taxonomy":"post_tag","embeddable":true,"href":"https:\/\/wirtschaftlichefreiheit.de\/wordpress\/index.php?rest_route=%2Fwp%2Fv2%2Ftags&post=10234"}],"curies":[{"name":"wp","href":"https:\/\/api.w.org\/{rel}","templated":true}]}}