{"id":11242,"date":"2013-03-15T00:01:09","date_gmt":"2013-03-14T23:01:09","guid":{"rendered":"http:\/\/wirtschaftlichefreiheit.de\/wordpress\/?p=11242"},"modified":"2013-03-14T16:22:42","modified_gmt":"2013-03-14T15:22:42","slug":"gastbeitragwachstum-als-schlussel-fur-nachhaltigkeit-begreifen","status":"publish","type":"post","link":"https:\/\/wirtschaftlichefreiheit.de\/wordpress\/?p=11242","title":{"rendered":"<small>Gastbeitrag<\/small><br \/>Wachstum als Schl\u00fcssel f\u00fcr Nachhaltigkeit begreifen"},"content":{"rendered":"<p>Wachstum ist der Schl\u00fcssel f\u00fcr eine nachhaltige wirtschaftliche Entwicklung \u2013 auch im Hinblick auf Umwelt und Ressourcen. Denn durch technischen Fortschritt steigt die Produktivit\u00e4t, so dass mit weniger knappen Ressourcen und auf umweltschonendere Art produziert werden kann. Statt Wachstum in Frage zu stellen, sollte der Staat klare Vorgaben zum Umweltschutz machen und die rechtlichen Rahmenbedingungen so setzen, dass sich technischer Fortschritt n\u00fctzlich entfalten kann: Hierzu geh\u00f6ren gute Bildungspolitik, Technologieoffenheit bei der Suche nach besten L\u00f6sungen und eine Steuerpolitik, die nicht bestimmte Branchen und Technologien bevorzugt. So kann Nachhaltigkeit auf m\u00f6glichst effiziente Weise erreicht werden.<\/p>\n<p><!--more--><\/p>\n<p>1972 erschien die Studie \u201eDie Grenzen des Wachstums\u201c im Auftrag des Club of Rome. Sie wurde \u00fcber 30 Millionen Mal verkauft und hat weltweit die M\u00f6glichkeit dauerhaften Wachstums in Frage gestellt. Seit einiger Zeit erlebt genau diese Debatte um die Grenzen des Wachstums eine Renaissance: Dauerhaftes Wachstum sei aufgrund der begrenzten Ressourcenausstattung nicht erreichbar und auch gar nicht w\u00fcnschenswert. Dem gegen\u00fcber steht \u201enachhaltiges Wachstum\u201c, das die M\u00f6glichkeit eines Ressourcen schonenden Wachstums beschreibt. Der Begriff der Nachhaltigkeit stammt urspr\u00fcnglich aus der Forstwirtschaft. Dort ist eine nachhaltige Entwicklung der W\u00e4lder dann gegeben, wenn nur so viel Holz geschlagen wird, wie wieder nachw\u00e4chst. Diese Idee eines \u201ekonstanten Kapitalstocks\u201c kann f\u00fcr nachwachsende Ressourcen Sinn machen. F\u00fcr nicht-erneuerbare Ressourcen, wie z. B. \u00d6l- und Kohlevorr\u00e4te, macht sie hingegen keinen Sinn. Eine nachhaltige Nutzung kann hier erreicht werden, indem durch technischen Fortschritt Ressourcen immer effizienter eingesetzt oder durch bessere Recyclingmethoden Rohstoffe wieder verwertet werden k\u00f6nnen. So ist es z. B. in Deutschland gelungen, den Energieverbrauch vom Wirtschaftswachstum zu entkoppeln. Im vergangenen Jahr wurden je Euro Wirtschaftsleistung rund drei Prozent weniger Energie verbraucht als im Jahr zuvor. Und im Vergleich zum Jahr 1980 konnte der Energieverbrauch je Einheit des Bruttoinlandsproduktes fast halbiert werden.<\/p>\n<p>W\u00e4hrend im Wachstumsprozess nicht-erneuerbare Ressourcen verbraucht werden und damit nachfolgenden Generationen nicht mehr zur Verf\u00fcgung stehen, nehmen durch Innovationen und neues Wissen gleichzeitig die menschlich geschaffenen Ressourcen zu. Nachfolgende Generationen profitieren von mehr Wissen, Qualit\u00e4tsverbesserungen und einer immer gr\u00f6\u00dferen Auswahl an Produkten. Wachstum wirkt sich dabei f\u00fcr alle gesellschaftlichen Bereiche positiv aus.<\/p>\n<p>Betrachtet man Wachstum vor allem als qualitative Ver\u00e4nderung, die zu neuen Produkten und Prozessen, zu effizienteren Verfahrensweisen und h\u00f6herer Produktivit\u00e4t f\u00fchrt, l\u00f6st sich der vermeintliche Widerspruch zwischen Wachstum und Nachhaltigkeit auf. Im Gegenteil wird deutlich, dass nachhaltiges Wirtschaften gerade erst durch mehr Wachstum m\u00f6glich wird. In einer wachsenden Wirtschaft werden die finanziellen Mittel erwirtschaftet, mit denen Umweltschutzma\u00dfnahmen finanziert werden k\u00f6nnen. So wird in reichen L\u00e4ndern deutlich mehr Umweltschutz betrieben als in \u00e4rmeren L\u00e4ndern.<\/p>\n<p>Zu einer nachhaltigen Entwicklung geh\u00f6rt auch, dass Ressourcen nicht verschwendet werden. Ziel muss es daher sein, einen m\u00f6glichst effizienten Umgang mit Ressourcen zu erreichen. Vor diesem Hintergrund ist das Erneuerbare Energien-Gesetz, mit dem der Umbau der Energieversorgung in Deutschland von fossilen Energietr\u00e4gern zu erneuerbaren Energien vorangetrieben werden soll, nicht nachhaltig. Denn es verteuert durch hohe Subventionen die Energie f\u00fcr Stromkunden, ohne eine zus\u00e4tzliche Wirkung auf den Klimaschutz zu haben \u2013 die Obergrenze f\u00fcr den Kohlendioxidaussto\u00df ist durch die Menge an Emissionszertifikaten im europ\u00e4ischen Emissionshandelssystem festgelegt. F\u00fcr nachhaltiges Wachstum muss der Staat geeignete Rahmenbedingungen f\u00fcr technischen Fortschritt schaffen: gute Bildungspolitik, wettbewerbliche Prozesse und eine Steuerpolitik, die keine bestimmten Branchen und Technologien bevorzugt. Im Wettbewerb haben Unternehmen den Anreiz, immer neue und effizientere L\u00f6sungen zu entwickeln.<\/p>\n<p>Um die knappen Ressourcen zu schonen, sollten zudem wo m\u00f6glich Eigentumsrechte definiert und durchgesetzt werden. Denn privates Eigentum ist der beste Garant daf\u00fcr, dass Individuen sorgsam mit ihren Ressourcen umgehen. Zudem sollten Umweltschutzvorgaben so ausgestaltet sein, dass sie kreative L\u00f6sungen der Wirtschaftsakteure bef\u00f6rdern und nicht vorab vermeintlich zukunftstr\u00e4chtige Technologien festlegen. Effizienter Klimaschutz kann am besten durch einen globalen Emissionshandel erreicht werden, denn dieser setzt Anreize, Emissionen dort zu unterlassen, wo dies am kosteng\u00fcnstigsten m\u00f6glich ist.<\/p>\n<p>Dieser Policy Brief entstand auf Grundlage des ECONWATCH-Meetings \u201eGrenzen des Wachstums \u2013 Ist \u00f6konomische und \u00f6kologische Nachhaltigkeit m\u00f6glich?\u201c mit Prof. Dr. Joachim Weimann (Universit\u00e4t Magdeburg) und Prof. Dr. Berthold U. Wigger (Karlsruher Institut f\u00fcr Technologie in Berlin.<\/p>\n<!-- AddThis Advanced Settings generic via filter on the_content --><!-- AddThis Share Buttons generic via filter on the_content --><!-- AddThis Related Posts generic via filter on the_content -->","protected":false},"excerpt":{"rendered":"<p>Wachstum ist der Schl\u00fcssel f\u00fcr eine nachhaltige wirtschaftliche Entwicklung \u2013 auch im Hinblick auf Umwelt und Ressourcen. Denn durch technischen Fortschritt steigt die Produktivit\u00e4t, so &hellip; <\/p>\n<p class=\"link-more\"><a href=\"https:\/\/wirtschaftlichefreiheit.de\/wordpress\/?p=11242\" class=\"more-link\"><span class=\"screen-reader-text\">\u201e<small>Gastbeitrag<\/small><br \/>Wachstum als Schl\u00fcssel f\u00fcr Nachhaltigkeit begreifen\u201c <\/span>weiterlesen<\/a><\/p>\n<p><!-- AddThis Advanced Settings generic via filter on wp_trim_excerpt --><!-- AddThis Share Buttons generic via filter on wp_trim_excerpt --><!-- AddThis Related Posts generic via filter on wp_trim_excerpt --><\/p>\n","protected":false},"author":45,"featured_media":0,"comment_status":"open","ping_status":"open","sticky":false,"template":"","format":"standard","meta":{"footnotes":""},"categories":[1026,876],"tags":[485,440,625,167],"class_list":["post-11242","post","type-post","status-publish","format-standard","hentry","category-nachhaltiges","category-wachstumspolitisches","tag-energie","tag-nachhaltigkeit","tag-umwelt","tag-wachstum"],"yoast_head":"<!-- This site is optimized with the Yoast SEO plugin v27.2 - https:\/\/yoast.com\/product\/yoast-seo-wordpress\/ -->\n<title>GastbeitragWachstum als Schl\u00fcssel f\u00fcr Nachhaltigkeit begreifen - Wirtschaftliche Freiheit<\/title>\n<meta name=\"robots\" content=\"index, follow, max-snippet:-1, max-image-preview:large, max-video-preview:-1\" \/>\n<link rel=\"canonical\" href=\"https:\/\/wirtschaftlichefreiheit.de\/wordpress\/?p=11242\" \/>\n<meta property=\"og:locale\" content=\"de_DE\" \/>\n<meta property=\"og:type\" content=\"article\" \/>\n<meta property=\"og:title\" content=\"GastbeitragWachstum als Schl\u00fcssel f\u00fcr Nachhaltigkeit begreifen - Wirtschaftliche Freiheit\" \/>\n<meta property=\"og:description\" content=\"Wachstum ist der Schl\u00fcssel f\u00fcr eine nachhaltige wirtschaftliche Entwicklung \u2013 auch im Hinblick auf Umwelt und Ressourcen. Denn durch technischen Fortschritt steigt die Produktivit\u00e4t, so &hellip; \u201eGastbeitragWachstum als Schl\u00fcssel f\u00fcr Nachhaltigkeit begreifen\u201c weiterlesen\" \/>\n<meta property=\"og:url\" content=\"https:\/\/wirtschaftlichefreiheit.de\/wordpress\/?p=11242\" \/>\n<meta property=\"og:site_name\" content=\"Wirtschaftliche Freiheit\" \/>\n<meta property=\"article:published_time\" content=\"2013-03-14T23:01:09+00:00\" \/>\n<meta name=\"author\" content=\"Susanne Cassel und Tobias Thomas\" \/>\n<meta name=\"twitter:card\" content=\"summary_large_image\" \/>\n<meta name=\"twitter:label1\" content=\"Verfasst von\" \/>\n\t<meta name=\"twitter:data1\" content=\"Susanne Cassel und Tobias Thomas\" \/>\n\t<meta name=\"twitter:label2\" content=\"Gesch\u00e4tzte Lesezeit\" \/>\n\t<meta name=\"twitter:data2\" content=\"3\u00a0Minuten\" \/>\n<script type=\"application\/ld+json\" class=\"yoast-schema-graph\">{\"@context\":\"https:\/\/schema.org\",\"@graph\":[{\"@type\":\"Article\",\"@id\":\"https:\/\/wirtschaftlichefreiheit.de\/wordpress\/?p=11242#article\",\"isPartOf\":{\"@id\":\"https:\/\/wirtschaftlichefreiheit.de\/wordpress\/?p=11242\"},\"author\":{\"name\":\"Susanne Cassel und Tobias Thomas\",\"@id\":\"https:\/\/wirtschaftlichefreiheit.de\/wordpress\/#\/schema\/person\/1efb1dea4dea3619209cdc51fac7272e\"},\"headline\":\"Gastbeitrag Wachstum als Schl\u00fcssel f\u00fcr Nachhaltigkeit begreifen\",\"datePublished\":\"2013-03-14T23:01:09+00:00\",\"mainEntityOfPage\":{\"@id\":\"https:\/\/wirtschaftlichefreiheit.de\/wordpress\/?p=11242\"},\"wordCount\":707,\"commentCount\":0,\"keywords\":[\"Energie\",\"Nachhaltigkeit\",\"Umwelt\",\"Wachstum\"],\"articleSection\":[\"Nachhaltiges\",\"Wachstumspolitisches\"],\"inLanguage\":\"de\",\"potentialAction\":[{\"@type\":\"CommentAction\",\"name\":\"Comment\",\"target\":[\"https:\/\/wirtschaftlichefreiheit.de\/wordpress\/?p=11242#respond\"]}]},{\"@type\":\"WebPage\",\"@id\":\"https:\/\/wirtschaftlichefreiheit.de\/wordpress\/?p=11242\",\"url\":\"https:\/\/wirtschaftlichefreiheit.de\/wordpress\/?p=11242\",\"name\":\"Gastbeitrag Wachstum als Schl\u00fcssel f\u00fcr Nachhaltigkeit begreifen - Wirtschaftliche Freiheit\",\"isPartOf\":{\"@id\":\"https:\/\/wirtschaftlichefreiheit.de\/wordpress\/#website\"},\"datePublished\":\"2013-03-14T23:01:09+00:00\",\"author\":{\"@id\":\"https:\/\/wirtschaftlichefreiheit.de\/wordpress\/#\/schema\/person\/1efb1dea4dea3619209cdc51fac7272e\"},\"breadcrumb\":{\"@id\":\"https:\/\/wirtschaftlichefreiheit.de\/wordpress\/?p=11242#breadcrumb\"},\"inLanguage\":\"de\",\"potentialAction\":[{\"@type\":\"ReadAction\",\"target\":[\"https:\/\/wirtschaftlichefreiheit.de\/wordpress\/?p=11242\"]}]},{\"@type\":\"BreadcrumbList\",\"@id\":\"https:\/\/wirtschaftlichefreiheit.de\/wordpress\/?p=11242#breadcrumb\",\"itemListElement\":[{\"@type\":\"ListItem\",\"position\":1,\"name\":\"Startseite\",\"item\":\"https:\/\/wirtschaftlichefreiheit.de\/wordpress\"},{\"@type\":\"ListItem\",\"position\":2,\"name\":\"GastbeitragWachstum als Schl\u00fcssel f\u00fcr Nachhaltigkeit begreifen\"}]},{\"@type\":\"WebSite\",\"@id\":\"https:\/\/wirtschaftlichefreiheit.de\/wordpress\/#website\",\"url\":\"https:\/\/wirtschaftlichefreiheit.de\/wordpress\/\",\"name\":\"Wirtschaftliche Freiheit\",\"description\":\"Das ordnungspolitische Journal\",\"potentialAction\":[{\"@type\":\"SearchAction\",\"target\":{\"@type\":\"EntryPoint\",\"urlTemplate\":\"https:\/\/wirtschaftlichefreiheit.de\/wordpress\/?s={search_term_string}\"},\"query-input\":{\"@type\":\"PropertyValueSpecification\",\"valueRequired\":true,\"valueName\":\"search_term_string\"}}],\"inLanguage\":\"de\"},{\"@type\":\"Person\",\"@id\":\"https:\/\/wirtschaftlichefreiheit.de\/wordpress\/#\/schema\/person\/1efb1dea4dea3619209cdc51fac7272e\",\"name\":\"Susanne Cassel und Tobias Thomas\",\"image\":{\"@type\":\"ImageObject\",\"inLanguage\":\"de\",\"@id\":\"https:\/\/wirtschaftlichefreiheit.de\/wordpress\/bilder\/cassel_thomas.png\",\"url\":\"https:\/\/wirtschaftlichefreiheit.de\/wordpress\/bilder\/cassel_thomas.png\",\"contentUrl\":\"https:\/\/wirtschaftlichefreiheit.de\/wordpress\/bilder\/cassel_thomas.png\",\"caption\":\"Susanne Cassel und Tobias Thomas\"},\"description\":\"Econwatch\",\"url\":\"https:\/\/wirtschaftlichefreiheit.de\/wordpress\/?author=45\"}]}<\/script>\n<!-- \/ Yoast SEO plugin. -->","yoast_head_json":{"title":"GastbeitragWachstum als Schl\u00fcssel f\u00fcr Nachhaltigkeit begreifen - Wirtschaftliche Freiheit","robots":{"index":"index","follow":"follow","max-snippet":"max-snippet:-1","max-image-preview":"max-image-preview:large","max-video-preview":"max-video-preview:-1"},"canonical":"https:\/\/wirtschaftlichefreiheit.de\/wordpress\/?p=11242","og_locale":"de_DE","og_type":"article","og_title":"GastbeitragWachstum als Schl\u00fcssel f\u00fcr Nachhaltigkeit begreifen - Wirtschaftliche Freiheit","og_description":"Wachstum ist der Schl\u00fcssel f\u00fcr eine nachhaltige wirtschaftliche Entwicklung \u2013 auch im Hinblick auf Umwelt und Ressourcen. Denn durch technischen Fortschritt steigt die Produktivit\u00e4t, so &hellip; \u201eGastbeitragWachstum als Schl\u00fcssel f\u00fcr Nachhaltigkeit begreifen\u201c weiterlesen","og_url":"https:\/\/wirtschaftlichefreiheit.de\/wordpress\/?p=11242","og_site_name":"Wirtschaftliche Freiheit","article_published_time":"2013-03-14T23:01:09+00:00","author":"Susanne Cassel und Tobias Thomas","twitter_card":"summary_large_image","twitter_misc":{"Verfasst von":"Susanne Cassel und Tobias Thomas","Gesch\u00e4tzte Lesezeit":"3\u00a0Minuten"},"schema":{"@context":"https:\/\/schema.org","@graph":[{"@type":"Article","@id":"https:\/\/wirtschaftlichefreiheit.de\/wordpress\/?p=11242#article","isPartOf":{"@id":"https:\/\/wirtschaftlichefreiheit.de\/wordpress\/?p=11242"},"author":{"name":"Susanne Cassel und Tobias Thomas","@id":"https:\/\/wirtschaftlichefreiheit.de\/wordpress\/#\/schema\/person\/1efb1dea4dea3619209cdc51fac7272e"},"headline":"Gastbeitrag Wachstum als Schl\u00fcssel f\u00fcr Nachhaltigkeit begreifen","datePublished":"2013-03-14T23:01:09+00:00","mainEntityOfPage":{"@id":"https:\/\/wirtschaftlichefreiheit.de\/wordpress\/?p=11242"},"wordCount":707,"commentCount":0,"keywords":["Energie","Nachhaltigkeit","Umwelt","Wachstum"],"articleSection":["Nachhaltiges","Wachstumspolitisches"],"inLanguage":"de","potentialAction":[{"@type":"CommentAction","name":"Comment","target":["https:\/\/wirtschaftlichefreiheit.de\/wordpress\/?p=11242#respond"]}]},{"@type":"WebPage","@id":"https:\/\/wirtschaftlichefreiheit.de\/wordpress\/?p=11242","url":"https:\/\/wirtschaftlichefreiheit.de\/wordpress\/?p=11242","name":"Gastbeitrag Wachstum als Schl\u00fcssel f\u00fcr Nachhaltigkeit begreifen - Wirtschaftliche Freiheit","isPartOf":{"@id":"https:\/\/wirtschaftlichefreiheit.de\/wordpress\/#website"},"datePublished":"2013-03-14T23:01:09+00:00","author":{"@id":"https:\/\/wirtschaftlichefreiheit.de\/wordpress\/#\/schema\/person\/1efb1dea4dea3619209cdc51fac7272e"},"breadcrumb":{"@id":"https:\/\/wirtschaftlichefreiheit.de\/wordpress\/?p=11242#breadcrumb"},"inLanguage":"de","potentialAction":[{"@type":"ReadAction","target":["https:\/\/wirtschaftlichefreiheit.de\/wordpress\/?p=11242"]}]},{"@type":"BreadcrumbList","@id":"https:\/\/wirtschaftlichefreiheit.de\/wordpress\/?p=11242#breadcrumb","itemListElement":[{"@type":"ListItem","position":1,"name":"Startseite","item":"https:\/\/wirtschaftlichefreiheit.de\/wordpress"},{"@type":"ListItem","position":2,"name":"GastbeitragWachstum als Schl\u00fcssel f\u00fcr Nachhaltigkeit begreifen"}]},{"@type":"WebSite","@id":"https:\/\/wirtschaftlichefreiheit.de\/wordpress\/#website","url":"https:\/\/wirtschaftlichefreiheit.de\/wordpress\/","name":"Wirtschaftliche Freiheit","description":"Das ordnungspolitische Journal","potentialAction":[{"@type":"SearchAction","target":{"@type":"EntryPoint","urlTemplate":"https:\/\/wirtschaftlichefreiheit.de\/wordpress\/?s={search_term_string}"},"query-input":{"@type":"PropertyValueSpecification","valueRequired":true,"valueName":"search_term_string"}}],"inLanguage":"de"},{"@type":"Person","@id":"https:\/\/wirtschaftlichefreiheit.de\/wordpress\/#\/schema\/person\/1efb1dea4dea3619209cdc51fac7272e","name":"Susanne Cassel und Tobias Thomas","image":{"@type":"ImageObject","inLanguage":"de","@id":"https:\/\/wirtschaftlichefreiheit.de\/wordpress\/bilder\/cassel_thomas.png","url":"https:\/\/wirtschaftlichefreiheit.de\/wordpress\/bilder\/cassel_thomas.png","contentUrl":"https:\/\/wirtschaftlichefreiheit.de\/wordpress\/bilder\/cassel_thomas.png","caption":"Susanne Cassel und Tobias Thomas"},"description":"Econwatch","url":"https:\/\/wirtschaftlichefreiheit.de\/wordpress\/?author=45"}]}},"_links":{"self":[{"href":"https:\/\/wirtschaftlichefreiheit.de\/wordpress\/index.php?rest_route=\/wp\/v2\/posts\/11242","targetHints":{"allow":["GET"]}}],"collection":[{"href":"https:\/\/wirtschaftlichefreiheit.de\/wordpress\/index.php?rest_route=\/wp\/v2\/posts"}],"about":[{"href":"https:\/\/wirtschaftlichefreiheit.de\/wordpress\/index.php?rest_route=\/wp\/v2\/types\/post"}],"author":[{"embeddable":true,"href":"https:\/\/wirtschaftlichefreiheit.de\/wordpress\/index.php?rest_route=\/wp\/v2\/users\/45"}],"replies":[{"embeddable":true,"href":"https:\/\/wirtschaftlichefreiheit.de\/wordpress\/index.php?rest_route=%2Fwp%2Fv2%2Fcomments&post=11242"}],"version-history":[{"count":9,"href":"https:\/\/wirtschaftlichefreiheit.de\/wordpress\/index.php?rest_route=\/wp\/v2\/posts\/11242\/revisions"}],"predecessor-version":[{"id":11863,"href":"https:\/\/wirtschaftlichefreiheit.de\/wordpress\/index.php?rest_route=\/wp\/v2\/posts\/11242\/revisions\/11863"}],"wp:attachment":[{"href":"https:\/\/wirtschaftlichefreiheit.de\/wordpress\/index.php?rest_route=%2Fwp%2Fv2%2Fmedia&parent=11242"}],"wp:term":[{"taxonomy":"category","embeddable":true,"href":"https:\/\/wirtschaftlichefreiheit.de\/wordpress\/index.php?rest_route=%2Fwp%2Fv2%2Fcategories&post=11242"},{"taxonomy":"post_tag","embeddable":true,"href":"https:\/\/wirtschaftlichefreiheit.de\/wordpress\/index.php?rest_route=%2Fwp%2Fv2%2Ftags&post=11242"}],"curies":[{"name":"wp","href":"https:\/\/api.w.org\/{rel}","templated":true}]}}