{"id":127,"date":"2008-05-12T05:47:29","date_gmt":"2008-05-12T04:47:29","guid":{"rendered":"http:\/\/wirtschaftlichefreiheit.de\/wordpress\/?p=127"},"modified":"2022-12-20T16:50:55","modified_gmt":"2022-12-20T15:50:55","slug":"kirch-bosman-und-abramowitsch","status":"publish","type":"post","link":"https:\/\/wirtschaftlichefreiheit.de\/wordpress\/?p=127","title":{"rendered":"Kirch, Bosman und Abramowitsch"},"content":{"rendered":"<p>Vielen Menschen in Europa w\u00fcrde etwas fehlen, g\u00e4be es keine Fu\u00dfball-Nationalmannschaften mehr. Sie sind stolz auf ihre Nationalkicker, wie sie es auf die Flagge ihrer Nation oder ihre Nationalhymne sind. Auch bei den Europameisterschaften 2008 in \u00d6sterreich und der Schweiz wird der Dreiklang aus Team, Flagge und Hymne wieder zu sehen und h\u00f6ren sein. Diese heile Welt ist allerdings f\u00fcr viele in Gefahr. Schuld daran sei der Kommerz. Vereine w\u00fcrden zu reinen Unternehmen der Unterhaltungsindustrie, Nationalmannschaften seien vom Aussterben bedroht. Kurz und gut: Die europ\u00e4ische Fu\u00dfball-Kultur stehe auf der Kippe.<\/p>\n<p><!--more--><\/p>\n<p style=\"text-align: center;\"><strong>\u201eHeile Welt\u201c des Fu\u00dfballs<\/strong><\/p>\n<p>Das war nicht immer so. Lange Zeit schlief der Fu\u00dfball einen Dornr\u00f6schenschlaf. Romantik dominierte das Gesch\u00e4ft. Die M\u00e4rkte, auf denen die Vereine agierten, waren abgeschottet. Vereine konnten Kicker lange nur auf heimischen Spielerm\u00e4rkten verpflichten. Strenge Ausl\u00e4nderquoten bremsten die Mobilit\u00e4t. Die Clubs waren eingetragene Vereine, keine Unternehmen. Kapitalm\u00e4rkte wurden kaum genutzt, Eigenfinanzierung dominierte. Auch die Spielem\u00e4rkte waren abgeschottet. Noch heute beherrschen nationale Monopolligen die Szene. Europ\u00e4ische Wettbewerbe \u00f6ffnen sie bisher nur einen Spalt weit.<\/p>\n<p>\u00dcber die St\u00e4rke der Vereine bestimmten nationale Faktoren. Die Gr\u00f6\u00dfe des nationalen Absatzmarktes war die Basis des wirtschaftlichen Erfolgs. Ein mehr oder zumeist weniger gutes Management trennte die Spreu vom Weizen. Sportlich erfolgreich waren vor allem die Vereine, die bewusst in eigenen Nachwuchs investierte. Der Erfolg der Vereine schlug sich in der St\u00e4rke der nationalen Ligen nieder. Starke Ligen hatten auch eine erfolgreiche Nationalmannschaft. Kleine L\u00e4nder konnten nicht mithalten. Ihnen fehlten trotz aller T\u00fcchtigkeit die gro\u00dfen Absatzm\u00e4rkte. Vereine, Ligen und nationale Verb\u00e4nde lebten fast in Harmonie. Interessenkonflikte spielten eine geringe Rolle.<\/p>\n<p style=\"text-align: center;\"><strong>Kirch und die Champions League<\/strong><\/p>\n<p>Der Anfang vom Ende dieser \u201eheilen\u201c Fu\u00dfballwelt der 60er und 70er Jahre war eine technologische Revolution. Gr\u00f6\u00dfere Reichweiten des Fernsehens schufen ab Mitte der 80er Jahre einen wachsenden Markt f\u00fcr Fu\u00dfballspiele. Die Einnahmen der Vereine aus \u00dcbertragungsrechten explodierten, die m\u00e4rchenhafte \u00c4ra Kirch brach an. Merchandising und Sponsoring wurden f\u00fcr die Vereine zu weiteren wichtigen finanziellen Standbeinen. Der \u201emoderne Fu\u00dfball\u201c wurde professioneller betrieben. Kosten und Ertr\u00e4ge spielten nun eine gr\u00f6\u00dfere Rolle. Fu\u00dfball entwickelte sich nach Meinung vieler Fans zu einem \u201eGesch\u00e4ft mit kaltem Herzen\u201c.<\/p>\n<p>Der Ruf des Geldes wurde lauter. Eine Reform der europ\u00e4ischen Wettbewerbe folgte. Mit der Saison 1992\/93 wurde die \u201eChampions League\u201c installiert. Die Aussicht auf einen Geldregen lies sie expandieren. Neben nationalen Meistern k\u00f6nnen weitere Spitzenteams teilnehmen. Nationale Monopolligen in Europa wurden ein wenig ge\u00f6ffnet. Die Spielem\u00e4rkte wurden gr\u00f6\u00dfer, die Aussichten der Vereine auf weitere Ertr\u00e4ge stiegen. Allerdings verzerrt die Champions League den Wettbewerb in den nationalen Ligen und zwar um so mehr, je h\u00f6her die Einnahmen in diesem europ\u00e4ischen Wettbewerb ausfallen. Die finanziellen und sportlichen Ungleichheiten in nationalen Ligen werden gr\u00f6\u00dfer, die Gefahr der sportlichen Langeweile nimmt zu.<\/p>\n<p style=\"text-align: center;\"><strong>Bosman und der EuGH<\/strong><\/p>\n<p>Die Aussicht auf h\u00f6here Ertr\u00e4ge versch\u00e4rfte den Wettbewerb der Vereine auf den Absatz- und erh\u00f6hte den Druck auf den Beschaffungsm\u00e4rkten. Wer auf Spielerm\u00e4rkten g\u00fcnstiger einkauft, hat Vorteile. Mit dem legend\u00e4ren Bosman-Urteil des EuGH im Jahre 1995 wurden die Spielerm\u00e4rkte ge\u00f6ffnet, zun\u00e4chst in der EU, sp\u00e4ter in der UEFA, heute faktisch weltweit. Offene Spielerm\u00e4rkte ver\u00e4ndern die \u201emake-or-buy\u201c-Entscheidung der Vereine. Um national und international wettbewerbsf\u00e4higer zu werden, m\u00fcssen sie nicht mehr unbedingt in eigenen Nachwuchs investieren. Sie k\u00f6nnen bessere und\/oder billigere Spieler auch aus dem Ausland importieren.<\/p>\n<p>Das hat Konsequenzen f\u00fcr die Nationalmannschaften. Eine starke Liga garantiert nicht mehr ein wettbewerbsf\u00e4higes Nationalteam. Darunter leiden vor allem \u201egro\u00dfe\u201c L\u00e4nder. Ihre Vereine sind stark, ihre Ligen auch, ihre Nationalmannschaft nicht unbedingt. Ohne erfolgreiche Investitionen in heimischen Nachwuchs geraten ihre Nationalteams auf die schiefe Bahn. Umgekehrt ist es bei den \u201eKleinen\u201c. Dort leiden Vereine und Ligen, zumindest kurzfristig unter der \u00d6ffnung der Spielerm\u00e4rkte. Die Nationalmannschaften werden allerdings st\u00e4rker, weil die meisten Nationalspieler in den besten europ\u00e4ischen Ligen an Qualit\u00e4t gewinnen.<\/p>\n<p style=\"text-align: center;\"><strong>Abramowitsch und die Vereine<\/strong><\/p>\n<p>Der sch\u00e4rfere Wettbewerb auf den Spielem\u00e4rkten ver\u00e4ndert auch die Eigentumsstrukturen der Vereine. Die britischen Fu\u00dfballclubs haben die Zeichen der Zeit als erste erkannt. Dort gibt es die meisten b\u00f6rsennotierten Fu\u00dfballclubs, nicht alle mit professionellem Management. Dennoch gilt: Die Eigenkapitalbasis wird gest\u00e4rkt, eine Grundlage f\u00fcr sportliche und finanzielle Erfolge auf den Absatzm\u00e4rkten gelegt. Trotzdem sind die Abramowitschs und Glazers bei vielen Fans und den meisten Verb\u00e4nden nicht gerade beliebt. Ausl\u00e4ndische, renditeorientierte Investoren, die sich nationale \u201eHeiligt\u00fcmer\u201c unter den Nagel rei\u00dfen, vertragen sich nur schwer mit der \u201eheilen\u201c Welt des Fu\u00dfballs.<\/p>\n<p>Die Ligen \u00f6ffnen sich Kapitalm\u00e4rkten unterschiedlich schnell, wie die \u201eSperrmehrheit\u201c (50+1-Regel) eingetragener deutscher Vereine zeigt. Kapital flie\u00dft aber eher in Ligen, die f\u00fcr Anleger offen sind. Das st\u00e4rkt die besten europ\u00e4ischen Ligen und vergr\u00f6\u00dfert finanzielle und sportliche Ungleichheiten. Diese Ligen wirken auf die weltweit besten Spieler wie Magnete. Heimische Spieler haben nur eine Chance, wenn sie billiger oder besser sind. Darunter leiden kurzfristig die Nationalmannschaften starker Ligen, l\u00e4ngerfristig eher <a href=\"http:\/\/www.vwl.uni-wuerzburg.de\/fileadmin\/12010400\/zwischenruf\/OZ_098_WiSt_06_08.pdf\">nicht. <\/a>Der Konflikt zwischen Vereinen und nationalen Verb\u00e4nden versch\u00e4rft sich. Deren Bereitschaft ist gering, Kapitaleignern auch Entscheidungsrechte einzur\u00e4umen. Die Furcht der Verb\u00e4nde ist gro\u00df, dass die Nationalmannschaft verliert und ihr Einfluss schwindet.<\/p>\n<p style=\"text-align: center;\"><strong>Die Zukunft des Fu\u00dfballs<\/strong><\/p>\n<p>Das gegenw\u00e4rtige wettbewerbspolitische Design der europ\u00e4ischen Ligen hat keine Zukunft. Die selektive \u00d6ffnung der nationalen Monopolligen durch die europ\u00e4ischen Wettbewerbe verzerrt den Wettbewerb in den nationalen Ligen. Der finanziellen Unausgeglichenheit wird \u00fcber kurz oder lang die sportliche folgen. Weder regulierende Eingriffe auf den Spielerm\u00e4rkten, wie etwa Gehaltsobergrenzen, noch finanzielle Umverteilung auf den Spielem\u00e4rkten sorgen f\u00fcr eine wirksame Korrektur. Gegen eine zu gro\u00dfe finanzielle und sportliche Unausgeglichenheit gibt es nur ein probates Mittel: eine \u00d6ffnung der europ\u00e4ischen Spielem\u00e4rkte.<\/p>\n<p>Die \u00d6ffnung kann Schritt f\u00fcr Schritt oder mit einem \u201ebig bang\u201c erfolgen. Horizontale Kooperationen \u00f6ffnen nationale Ligen sukzessive. Die UEFA m\u00fcsste \u00fcberregionale Ligavereinigungen zulassen, wie etwa eine Benelux-Liga. Eine vertikale Abspaltung w\u00e4re der sportliche Urknall. \u00dcber die nationalen europ\u00e4ischen Topligen w\u00fcrde eine eigenst\u00e4ndige Europaliga angesiedelt. Die Vereine dieser Liga spielten exklusiv in Europa, die Champions League w\u00fcrde abgeschafft. Die Vereine der Europaliga orientierten sich an der Logik des Marktes. Sie w\u00e4ren professionell gef\u00fchrte Kapitalgesellschaften der Unterhaltungsindustrie. Von Fu\u00dfballromantik keine Spur.<\/p>\n<p style=\"text-align: center;\"><strong>Fazit<\/strong><\/p>\n<p>Der Blick von der Angebotsseite ist klar: Expandierende Fu\u00dfballm\u00e4rkte sprechen f\u00fcr eine eigenst\u00e4ndige Europaliga. Dabei haben aber die Anbieter m\u00f6glicherweise die Rechnung ohne die Nachfrager gemacht. Nur wenn die Fans ihre fu\u00dfballerischen Pr\u00e4ferenzen europ\u00e4isieren, rechnet sich eine Europaliga f\u00fcr die Vereine. Der Ausgang f\u00fcr die Nationalmannschaft ist unklar. Wie Gro\u00dfbritannien zeigt, k\u00f6nnen auch in einer Nation mehrere Nationalmannschaften \u00fcberleben. Es ist aber auch denkbar, dass Europa sportlich zur Nation wird mit einer Topliga und einer Auswahlmannschaft. Das w\u00e4re tats\u00e4chlich das Ende der alten und der Beginn einer neuen europ\u00e4ischen Fu\u00dfball-Kultur.<\/p>\n<p><img loading=\"lazy\" decoding=\"async\" src=\"http:\/\/vg05.met.vgwort.de\/na\/536a132f655644d8a4a9e16af0a9fba7\" alt=\"\" width=\"1\" height=\"1\"><\/p>\n<!-- AddThis Advanced Settings generic via filter on the_content --><!-- AddThis Share Buttons generic via filter on the_content --><!-- AddThis Related Posts generic via filter on the_content -->","protected":false},"excerpt":{"rendered":"<p>Vielen Menschen in Europa w\u00fcrde etwas fehlen, g\u00e4be es keine Fu\u00dfball-Nationalmannschaften mehr. Sie sind stolz auf ihre Nationalkicker, wie sie es auf die Flagge ihrer &hellip; <\/p>\n<p class=\"link-more\"><a href=\"https:\/\/wirtschaftlichefreiheit.de\/wordpress\/?p=127\" class=\"more-link\"><span class=\"screen-reader-text\">\u201eKirch, Bosman und Abramowitsch\u201c <\/span>weiterlesen<\/a><\/p>\n<p><!-- AddThis Advanced Settings generic via filter on wp_trim_excerpt --><!-- AddThis Share Buttons generic via filter on wp_trim_excerpt --><!-- AddThis Related Posts generic via filter on wp_trim_excerpt --><\/p>\n","protected":false},"author":7,"featured_media":24028,"comment_status":"open","ping_status":"closed","sticky":false,"template":"","format":"standard","meta":{"footnotes":""},"categories":[6,9,23],"tags":[556,176,99,109,328],"class_list":["post-127","post","type-post","status-publish","format-standard","has-post-thumbnail","hentry","category-alles","category-sportliches","category-wettbewerbliches","tag-berthold","tag-bosman","tag-fussball","tag-globalisierung","tag-ungleichheit"],"yoast_head":"<!-- This site is optimized with the Yoast SEO plugin v27.2 - https:\/\/yoast.com\/product\/yoast-seo-wordpress\/ -->\n<title>Kirch, Bosman und Abramowitsch - Wirtschaftliche Freiheit<\/title>\n<meta name=\"robots\" content=\"index, follow, max-snippet:-1, max-image-preview:large, max-video-preview:-1\" \/>\n<link rel=\"canonical\" href=\"https:\/\/wirtschaftlichefreiheit.de\/wordpress\/?p=127\" \/>\n<meta property=\"og:locale\" content=\"de_DE\" \/>\n<meta property=\"og:type\" content=\"article\" \/>\n<meta property=\"og:title\" content=\"Kirch, Bosman und Abramowitsch - Wirtschaftliche Freiheit\" \/>\n<meta property=\"og:description\" content=\"Vielen Menschen in Europa w\u00fcrde etwas fehlen, g\u00e4be es keine Fu\u00dfball-Nationalmannschaften mehr. Sie sind stolz auf ihre Nationalkicker, wie sie es auf die Flagge ihrer &hellip; \u201eKirch, Bosman und Abramowitsch\u201c weiterlesen\" \/>\n<meta property=\"og:url\" content=\"https:\/\/wirtschaftlichefreiheit.de\/wordpress\/?p=127\" \/>\n<meta property=\"og:site_name\" content=\"Wirtschaftliche Freiheit\" \/>\n<meta property=\"article:published_time\" content=\"2008-05-12T04:47:29+00:00\" \/>\n<meta property=\"article:modified_time\" content=\"2022-12-20T15:50:55+00:00\" \/>\n<meta property=\"og:image\" content=\"https:\/\/wirtschaftlichefreiheit.de\/wordpress\/bilder\/audience-1866738__480.jpg\" \/>\n\t<meta property=\"og:image:width\" content=\"1041\" \/>\n\t<meta property=\"og:image:height\" content=\"480\" \/>\n\t<meta property=\"og:image:type\" content=\"image\/jpeg\" \/>\n<meta name=\"author\" content=\"Norbert Berthold\" \/>\n<meta name=\"twitter:card\" content=\"summary_large_image\" \/>\n<meta name=\"twitter:label1\" content=\"Verfasst von\" \/>\n\t<meta name=\"twitter:data1\" content=\"Norbert Berthold\" \/>\n\t<meta name=\"twitter:label2\" content=\"Gesch\u00e4tzte Lesezeit\" \/>\n\t<meta name=\"twitter:data2\" content=\"6\u00a0Minuten\" \/>\n<script type=\"application\/ld+json\" class=\"yoast-schema-graph\">{\"@context\":\"https:\/\/schema.org\",\"@graph\":[{\"@type\":\"Article\",\"@id\":\"https:\/\/wirtschaftlichefreiheit.de\/wordpress\/?p=127#article\",\"isPartOf\":{\"@id\":\"https:\/\/wirtschaftlichefreiheit.de\/wordpress\/?p=127\"},\"author\":{\"name\":\"Norbert Berthold\",\"@id\":\"https:\/\/wirtschaftlichefreiheit.de\/wordpress\/#\/schema\/person\/bcf0039b0b5485b761fb6e35ed8ea554\"},\"headline\":\"Kirch, Bosman und Abramowitsch\",\"datePublished\":\"2008-05-12T04:47:29+00:00\",\"dateModified\":\"2022-12-20T15:50:55+00:00\",\"mainEntityOfPage\":{\"@id\":\"https:\/\/wirtschaftlichefreiheit.de\/wordpress\/?p=127\"},\"wordCount\":1195,\"commentCount\":2,\"image\":{\"@id\":\"https:\/\/wirtschaftlichefreiheit.de\/wordpress\/?p=127#primaryimage\"},\"thumbnailUrl\":\"https:\/\/wirtschaftlichefreiheit.de\/wordpress\/bilder\/audience-1866738__480.jpg\",\"keywords\":[\"Berthold\",\"Bosman\",\"Fu\u00dfball\",\"Globalisierung\",\"Ungleichheit\"],\"articleSection\":[\"Alle Kategorien\",\"Sportliches\",\"Wettbewerbliches\"],\"inLanguage\":\"de\",\"potentialAction\":[{\"@type\":\"CommentAction\",\"name\":\"Comment\",\"target\":[\"https:\/\/wirtschaftlichefreiheit.de\/wordpress\/?p=127#respond\"]}]},{\"@type\":\"WebPage\",\"@id\":\"https:\/\/wirtschaftlichefreiheit.de\/wordpress\/?p=127\",\"url\":\"https:\/\/wirtschaftlichefreiheit.de\/wordpress\/?p=127\",\"name\":\"Kirch, Bosman und Abramowitsch - Wirtschaftliche Freiheit\",\"isPartOf\":{\"@id\":\"https:\/\/wirtschaftlichefreiheit.de\/wordpress\/#website\"},\"primaryImageOfPage\":{\"@id\":\"https:\/\/wirtschaftlichefreiheit.de\/wordpress\/?p=127#primaryimage\"},\"image\":{\"@id\":\"https:\/\/wirtschaftlichefreiheit.de\/wordpress\/?p=127#primaryimage\"},\"thumbnailUrl\":\"https:\/\/wirtschaftlichefreiheit.de\/wordpress\/bilder\/audience-1866738__480.jpg\",\"datePublished\":\"2008-05-12T04:47:29+00:00\",\"dateModified\":\"2022-12-20T15:50:55+00:00\",\"author\":{\"@id\":\"https:\/\/wirtschaftlichefreiheit.de\/wordpress\/#\/schema\/person\/bcf0039b0b5485b761fb6e35ed8ea554\"},\"breadcrumb\":{\"@id\":\"https:\/\/wirtschaftlichefreiheit.de\/wordpress\/?p=127#breadcrumb\"},\"inLanguage\":\"de\",\"potentialAction\":[{\"@type\":\"ReadAction\",\"target\":[\"https:\/\/wirtschaftlichefreiheit.de\/wordpress\/?p=127\"]}]},{\"@type\":\"ImageObject\",\"inLanguage\":\"de\",\"@id\":\"https:\/\/wirtschaftlichefreiheit.de\/wordpress\/?p=127#primaryimage\",\"url\":\"https:\/\/wirtschaftlichefreiheit.de\/wordpress\/bilder\/audience-1866738__480.jpg\",\"contentUrl\":\"https:\/\/wirtschaftlichefreiheit.de\/wordpress\/bilder\/audience-1866738__480.jpg\",\"width\":1041,\"height\":480},{\"@type\":\"BreadcrumbList\",\"@id\":\"https:\/\/wirtschaftlichefreiheit.de\/wordpress\/?p=127#breadcrumb\",\"itemListElement\":[{\"@type\":\"ListItem\",\"position\":1,\"name\":\"Startseite\",\"item\":\"https:\/\/wirtschaftlichefreiheit.de\/wordpress\"},{\"@type\":\"ListItem\",\"position\":2,\"name\":\"Kirch, Bosman und Abramowitsch\"}]},{\"@type\":\"WebSite\",\"@id\":\"https:\/\/wirtschaftlichefreiheit.de\/wordpress\/#website\",\"url\":\"https:\/\/wirtschaftlichefreiheit.de\/wordpress\/\",\"name\":\"Wirtschaftliche Freiheit\",\"description\":\"Das ordnungspolitische Journal\",\"potentialAction\":[{\"@type\":\"SearchAction\",\"target\":{\"@type\":\"EntryPoint\",\"urlTemplate\":\"https:\/\/wirtschaftlichefreiheit.de\/wordpress\/?s={search_term_string}\"},\"query-input\":{\"@type\":\"PropertyValueSpecification\",\"valueRequired\":true,\"valueName\":\"search_term_string\"}}],\"inLanguage\":\"de\"},{\"@type\":\"Person\",\"@id\":\"https:\/\/wirtschaftlichefreiheit.de\/wordpress\/#\/schema\/person\/bcf0039b0b5485b761fb6e35ed8ea554\",\"name\":\"Norbert Berthold\",\"image\":{\"@type\":\"ImageObject\",\"inLanguage\":\"de\",\"@id\":\"https:\/\/wirtschaftlichefreiheit.de\/wordpress\/bilder\/norbert_berthold.jpg\",\"url\":\"https:\/\/wirtschaftlichefreiheit.de\/wordpress\/bilder\/norbert_berthold.jpg\",\"contentUrl\":\"https:\/\/wirtschaftlichefreiheit.de\/wordpress\/bilder\/norbert_berthold.jpg\",\"caption\":\"Norbert Berthold\"},\"description\":\"Julius-Maximilians-Universit\u00e4t W\u00fcrzburg\",\"url\":\"https:\/\/wirtschaftlichefreiheit.de\/wordpress\/?author=7\"}]}<\/script>\n<!-- \/ Yoast SEO plugin. -->","yoast_head_json":{"title":"Kirch, Bosman und Abramowitsch - Wirtschaftliche Freiheit","robots":{"index":"index","follow":"follow","max-snippet":"max-snippet:-1","max-image-preview":"max-image-preview:large","max-video-preview":"max-video-preview:-1"},"canonical":"https:\/\/wirtschaftlichefreiheit.de\/wordpress\/?p=127","og_locale":"de_DE","og_type":"article","og_title":"Kirch, Bosman und Abramowitsch - Wirtschaftliche Freiheit","og_description":"Vielen Menschen in Europa w\u00fcrde etwas fehlen, g\u00e4be es keine Fu\u00dfball-Nationalmannschaften mehr. Sie sind stolz auf ihre Nationalkicker, wie sie es auf die Flagge ihrer &hellip; \u201eKirch, Bosman und Abramowitsch\u201c weiterlesen","og_url":"https:\/\/wirtschaftlichefreiheit.de\/wordpress\/?p=127","og_site_name":"Wirtschaftliche Freiheit","article_published_time":"2008-05-12T04:47:29+00:00","article_modified_time":"2022-12-20T15:50:55+00:00","og_image":[{"width":1041,"height":480,"url":"https:\/\/wirtschaftlichefreiheit.de\/wordpress\/bilder\/audience-1866738__480.jpg","type":"image\/jpeg"}],"author":"Norbert Berthold","twitter_card":"summary_large_image","twitter_misc":{"Verfasst von":"Norbert Berthold","Gesch\u00e4tzte Lesezeit":"6\u00a0Minuten"},"schema":{"@context":"https:\/\/schema.org","@graph":[{"@type":"Article","@id":"https:\/\/wirtschaftlichefreiheit.de\/wordpress\/?p=127#article","isPartOf":{"@id":"https:\/\/wirtschaftlichefreiheit.de\/wordpress\/?p=127"},"author":{"name":"Norbert Berthold","@id":"https:\/\/wirtschaftlichefreiheit.de\/wordpress\/#\/schema\/person\/bcf0039b0b5485b761fb6e35ed8ea554"},"headline":"Kirch, Bosman und Abramowitsch","datePublished":"2008-05-12T04:47:29+00:00","dateModified":"2022-12-20T15:50:55+00:00","mainEntityOfPage":{"@id":"https:\/\/wirtschaftlichefreiheit.de\/wordpress\/?p=127"},"wordCount":1195,"commentCount":2,"image":{"@id":"https:\/\/wirtschaftlichefreiheit.de\/wordpress\/?p=127#primaryimage"},"thumbnailUrl":"https:\/\/wirtschaftlichefreiheit.de\/wordpress\/bilder\/audience-1866738__480.jpg","keywords":["Berthold","Bosman","Fu\u00dfball","Globalisierung","Ungleichheit"],"articleSection":["Alle Kategorien","Sportliches","Wettbewerbliches"],"inLanguage":"de","potentialAction":[{"@type":"CommentAction","name":"Comment","target":["https:\/\/wirtschaftlichefreiheit.de\/wordpress\/?p=127#respond"]}]},{"@type":"WebPage","@id":"https:\/\/wirtschaftlichefreiheit.de\/wordpress\/?p=127","url":"https:\/\/wirtschaftlichefreiheit.de\/wordpress\/?p=127","name":"Kirch, Bosman und Abramowitsch - Wirtschaftliche Freiheit","isPartOf":{"@id":"https:\/\/wirtschaftlichefreiheit.de\/wordpress\/#website"},"primaryImageOfPage":{"@id":"https:\/\/wirtschaftlichefreiheit.de\/wordpress\/?p=127#primaryimage"},"image":{"@id":"https:\/\/wirtschaftlichefreiheit.de\/wordpress\/?p=127#primaryimage"},"thumbnailUrl":"https:\/\/wirtschaftlichefreiheit.de\/wordpress\/bilder\/audience-1866738__480.jpg","datePublished":"2008-05-12T04:47:29+00:00","dateModified":"2022-12-20T15:50:55+00:00","author":{"@id":"https:\/\/wirtschaftlichefreiheit.de\/wordpress\/#\/schema\/person\/bcf0039b0b5485b761fb6e35ed8ea554"},"breadcrumb":{"@id":"https:\/\/wirtschaftlichefreiheit.de\/wordpress\/?p=127#breadcrumb"},"inLanguage":"de","potentialAction":[{"@type":"ReadAction","target":["https:\/\/wirtschaftlichefreiheit.de\/wordpress\/?p=127"]}]},{"@type":"ImageObject","inLanguage":"de","@id":"https:\/\/wirtschaftlichefreiheit.de\/wordpress\/?p=127#primaryimage","url":"https:\/\/wirtschaftlichefreiheit.de\/wordpress\/bilder\/audience-1866738__480.jpg","contentUrl":"https:\/\/wirtschaftlichefreiheit.de\/wordpress\/bilder\/audience-1866738__480.jpg","width":1041,"height":480},{"@type":"BreadcrumbList","@id":"https:\/\/wirtschaftlichefreiheit.de\/wordpress\/?p=127#breadcrumb","itemListElement":[{"@type":"ListItem","position":1,"name":"Startseite","item":"https:\/\/wirtschaftlichefreiheit.de\/wordpress"},{"@type":"ListItem","position":2,"name":"Kirch, Bosman und Abramowitsch"}]},{"@type":"WebSite","@id":"https:\/\/wirtschaftlichefreiheit.de\/wordpress\/#website","url":"https:\/\/wirtschaftlichefreiheit.de\/wordpress\/","name":"Wirtschaftliche Freiheit","description":"Das ordnungspolitische Journal","potentialAction":[{"@type":"SearchAction","target":{"@type":"EntryPoint","urlTemplate":"https:\/\/wirtschaftlichefreiheit.de\/wordpress\/?s={search_term_string}"},"query-input":{"@type":"PropertyValueSpecification","valueRequired":true,"valueName":"search_term_string"}}],"inLanguage":"de"},{"@type":"Person","@id":"https:\/\/wirtschaftlichefreiheit.de\/wordpress\/#\/schema\/person\/bcf0039b0b5485b761fb6e35ed8ea554","name":"Norbert Berthold","image":{"@type":"ImageObject","inLanguage":"de","@id":"https:\/\/wirtschaftlichefreiheit.de\/wordpress\/bilder\/norbert_berthold.jpg","url":"https:\/\/wirtschaftlichefreiheit.de\/wordpress\/bilder\/norbert_berthold.jpg","contentUrl":"https:\/\/wirtschaftlichefreiheit.de\/wordpress\/bilder\/norbert_berthold.jpg","caption":"Norbert Berthold"},"description":"Julius-Maximilians-Universit\u00e4t W\u00fcrzburg","url":"https:\/\/wirtschaftlichefreiheit.de\/wordpress\/?author=7"}]}},"_links":{"self":[{"href":"https:\/\/wirtschaftlichefreiheit.de\/wordpress\/index.php?rest_route=\/wp\/v2\/posts\/127","targetHints":{"allow":["GET"]}}],"collection":[{"href":"https:\/\/wirtschaftlichefreiheit.de\/wordpress\/index.php?rest_route=\/wp\/v2\/posts"}],"about":[{"href":"https:\/\/wirtschaftlichefreiheit.de\/wordpress\/index.php?rest_route=\/wp\/v2\/types\/post"}],"author":[{"embeddable":true,"href":"https:\/\/wirtschaftlichefreiheit.de\/wordpress\/index.php?rest_route=\/wp\/v2\/users\/7"}],"replies":[{"embeddable":true,"href":"https:\/\/wirtschaftlichefreiheit.de\/wordpress\/index.php?rest_route=%2Fwp%2Fv2%2Fcomments&post=127"}],"version-history":[{"count":5,"href":"https:\/\/wirtschaftlichefreiheit.de\/wordpress\/index.php?rest_route=\/wp\/v2\/posts\/127\/revisions"}],"predecessor-version":[{"id":32216,"href":"https:\/\/wirtschaftlichefreiheit.de\/wordpress\/index.php?rest_route=\/wp\/v2\/posts\/127\/revisions\/32216"}],"wp:featuredmedia":[{"embeddable":true,"href":"https:\/\/wirtschaftlichefreiheit.de\/wordpress\/index.php?rest_route=\/wp\/v2\/media\/24028"}],"wp:attachment":[{"href":"https:\/\/wirtschaftlichefreiheit.de\/wordpress\/index.php?rest_route=%2Fwp%2Fv2%2Fmedia&parent=127"}],"wp:term":[{"taxonomy":"category","embeddable":true,"href":"https:\/\/wirtschaftlichefreiheit.de\/wordpress\/index.php?rest_route=%2Fwp%2Fv2%2Fcategories&post=127"},{"taxonomy":"post_tag","embeddable":true,"href":"https:\/\/wirtschaftlichefreiheit.de\/wordpress\/index.php?rest_route=%2Fwp%2Fv2%2Ftags&post=127"}],"curies":[{"name":"wp","href":"https:\/\/api.w.org\/{rel}","templated":true}]}}