{"id":13279,"date":"2013-09-14T00:01:25","date_gmt":"2013-09-13T23:01:25","guid":{"rendered":"http:\/\/wirtschaftlichefreiheit.de\/wordpress\/?p=13279"},"modified":"2013-09-14T06:18:39","modified_gmt":"2013-09-14T05:18:39","slug":"deutschland-ist-stark-und-soll-es-bleibendie-leistungsbilanzueberschuesse-als-achillesferse-wirtschaftlicher-stabilitaet","status":"publish","type":"post","link":"https:\/\/wirtschaftlichefreiheit.de\/wordpress\/?p=13279","title":{"rendered":"Deutschland ist stark. Und soll es bleiben!<br><small>Die Leistungsbilanz\u00fcbersch\u00fcsse als Achillesferse wirtschaftlicher Stabilit\u00e4t<\/small>"},"content":{"rendered":"<p>Steigende Leistungsbilanzdefizite einiger L\u00e4nder an der Peripherie der W\u00e4hrungsunion legten den Grundstein f\u00fcr die schwelende europ\u00e4ische Finanz- und Staatsschuldenkrise. Die Ursache liegt in den Kapitalm\u00e4rkten begr\u00fcndet. Leistungsbilanzdefizite m\u00fcssen durch entsprechende Nettokapitalzufl\u00fcsse finanziert werden. Halten die Leistungsbilanzdefizite wie im Fall der heutigen Krisenl\u00e4nder \u00fcber mehrere Jahre an, dann steigt die Auslandsverschuldung stetig. Sobald diese von den Finanzm\u00e4rkten als zu hoch angesehen wird, rei\u00dfen die segensreichen Kapitalzufl\u00fcsse ab. Es kommt zur Krise.<\/p>\n<p><!--more--><\/p>\n<p style=\"text-align: center;\"><a href=\"\/wordpress\/bilder\/schn1.png\"><img decoding=\"async\" class=\"aligncenter\" title=\"Divergenz der Leistungsbilanzsalden\" alt=\"Divergenz der Leistungsbilanzsalden\" src=\"\/wordpress\/bilder\/schn1.png\" width=\"400\" \/><\/a><br \/>\n<small>&#8211; zum Vergr\u00f6\u00dfern bitte auf die Grafik klicken &#8211; <\/small><\/p>\n<p>Auf der anderen Seite der Leistungsbilanzdefizite stehen L\u00e4nder, die Kapital- und G\u00fcter\u00fcbersch\u00fcsse exportieren. Im Falle Europas vor der Krise war dies vor allem Deutschland. Die von der Regierung Schr\u00f6der angesto\u00dfenen Reformen im \u00f6ffentlichen und Unternehmenssektor generierten gro\u00dfe Spar\u00fcbersch\u00fcsse, die der deutsche Finanzsektor unter anderem nach S\u00fcdeuropa transferierte. Gro\u00dfer Profiteur dieser Entwicklung war die deutsche Industrie, deren Exporte seit 2001 auch deshalb stark angestiegen sind, weil die Kapitalexporte den Kauf deutscher Produkte erm\u00f6glichten.<\/p>\n<p>Abbildung 1 zeigt die spiegelbildliche Entwicklung der Leistungsbilanzen f\u00fcr Deutschland und die sp\u00e4teren Krisenstaaten, denen entsprechende Kapitalstr\u00f6me von Deutschland in den S\u00fcden der W\u00e4hrungsunion gegen\u00fcberstehen. Abbildung 1 zeigt auch, dass seit der Krise die Leistungsbilanzdefizite der Krisenl\u00e4nder deutlich gesunken sind, w\u00e4hrend Deutschland weiter mit hohen \u00dcbersch\u00fcssen gl\u00e4nzt. Ein Wahlplakat von Angela Merkel, das mit dem griffigen Slogan \u201eDeutschland ist stark. Und soll es bleiben.\u201c wirbt, mag auch durch die deutsche Exportst\u00e4rke motiviert sein.<\/p>\n<p>Aber sind die persistenten \u00dcbersch\u00fcsse wirklich Anlass f\u00fcr Euphorie? In makro\u00f6konomischen Modellen geht man davon aus, dass Leistungsbilanz\u00fcbersch\u00fcsse (Leistungsbilanzdefizite) eine Form der Ersparnisbildung (Verschuldung) eines Landes sind. Wenn heute durch konsequente Reformen, emsiges Sparen und tugendhaften Konsumverzicht Leistungsbilanz\u00fcbersch\u00fcsse erwirtschaftet werden, wird ein steigendes Auslandsverm\u00f6gen zuk\u00fcnftigen Konsum finanzieren. Dies kann f\u00fcr die alternde deutsche Gesellschaft von gro\u00dfem Vorteil sein. Allerdings nur dann, wenn die internationalen Kredite zur\u00fcckgezahlt werden.<\/p>\n<p>Genau das ist heutzutage fraglich! Denn die R\u00fcckzahlung internationaler Kredite ist nur dann sichergestellt, wenn die Kapitalimporte der Schuldnerl\u00e4nder f\u00fcr Investitionen genutzt werden, die in Zukunft Renditen abwerfen. In den Krisenstaaten \u2013 und anderen wichtigen Kapitalimporteuren wie den USA \u2013 wurden hingegen die Kapitalimporte der Jahre 2001 bis 2007 dem Konsum und der Spekulation zugef\u00fchrt. Nach dem Platzen der Immobilien-, Finanzmarkt- und Konsumblasen in den Jahren 2007\/08 erwiesen sich deshalb die Forderungen deutscher (und anderer nordeurop\u00e4ischer) Banken als perdu! Die R\u00fcckzahlung der Kredite an die deutschen Finanzinstitute wurde nur dadurch sichergestellt, dass man den Krisenstaaten \u00f6ffentliche Notkredite gew\u00e4hrte. Die Ausfallrisiken finden sich nun in den Bilanzen der Rettungsmechanismen (z. B. ESM) und der Europ\u00e4ischen Zentralbank wieder.<\/p>\n<p>Das setzt die Europ\u00e4ische Zentralbank unter Druck und bringt damit Risiken f\u00fcr die Preisstabilit\u00e4t mit sich. Geht man davon aus, dass die fragw\u00fcrdigen Wertpapiere in der Bilanz der Europ\u00e4ischen Zentralbank durch Leitzinserh\u00f6hungen an Wert verlieren w\u00fcrden (weil die Krisenstaaten bankrott w\u00e4ren), dann wird die Geldpolitik der Europ\u00e4ischen Zentralbank wohl weiterhin sehr expansiv bleiben. Damit steigt die Wahrscheinlichkeit, dass die Kosten der Krise in Form von Inflation und geringer Verzinsung auf die europ\u00e4ischen Sparer \u00fcberw\u00e4lzt werden. Diese sind vor allem in Deutschland zu Hause.<\/p>\n<p>Und wie steht es mit den Kapitalexporten, die seit dem Ausbruch der Krise weiterhin die gl\u00e4nzenden deutschen Leistungsbilanz\u00fcbersch\u00fcsse tragen? In Abbildung 2 geben die Nettoexporte Deutschlands, die in der Regel Kapitalexporten folgen, Hinweis, wohin die Reise geht: nach Frankreich, in die Schweiz, nach Luxemburg, Gro\u00dfbritannien und USA.<\/p>\n<p style=\"text-align: center;\"><a href=\"\/wordpress\/bilder\/schn2.png\"><img decoding=\"async\" class=\"aligncenter\" title=\"Deutsche Nettoexporte nach L\u00e4ndergruppen\" alt=\"Deutsche Nettoexporte nach L\u00e4ndergruppen\" src=\"\/wordpress\/bilder\/schn2.png\" width=\"400\" \/><\/a><br \/>\n<small>&#8211; zum Vergr\u00f6\u00dfern bitte auf die Grafik klicken &#8211; <\/small><\/p>\n<p>Diese L\u00e4ndergruppe l\u00e4sst sich in drei Typen unterteilen. Erstens weist Frankreich zunehmend ein Muster wie die derzeitigen europ\u00e4ischen Krisenl\u00e4nder vor der Krise auf: Steigende Leistungsbilanzdefizite gepaart mit steigender Nettoauslandsverschuldung, getrieben von der Reformunf\u00e4higkeit der Regierung Hollande. Zweitens, sind auch die Kapitalfl\u00fcsse in die Finanzzentren USA und Gro\u00dfbritannien mit wachsenden Leistungsbilanzdefiziten gepaart. Da die Konsumquoten in diesen L\u00e4ndern sehr hoch liegen und die Industriesektoren schwach sind, liegt es nahe, dass die Kapitalzufl\u00fcsse zu einem gro\u00dfen Teil konsumiert werden. (Beispielsweise kaufen emsige Banker dank gro\u00dfz\u00fcgiger Boni schicke deutsche Kraftfahrzeuge.) In welche Verm\u00f6gensklassen von den Bankern f\u00fcr die deutschen Sparer investiert wird, ist schwer zu sagen. Fest steht nur, dass in Zeiten von Nullzinsen und exzessiver Ausweitung von Zentralbankbilanzen die Wahrscheinlichkeit und das Volumen spekulativer Blasen (z. B. in globalen Immobilien-, Aktien- und Rohstoffm\u00e4rkten) deutlich zugenommen hat. Platzen diese, sind die Auslandsforderungen deutscher Finanzinstitute erneut vernichtet.<\/p>\n<p>Da mag es, drittens, beruhigend erscheinen, wenn die deutschen Ersparnisse sichere H\u00e4fen wie die Schweiz und Luxemburg ansteuern. Die dortigen positiven Leistungsbilanzen weisen sogar darauf hin, dass die Kapitalimporte dort nicht verkonsumiert werden. Doch die Kapitalzufl\u00fcsse in die kleinen Finanzzentren werden wohl zu gro\u00dfen Teilen nach London und New York weitertransferiert. Legen die Banken der Schweiz und Luxemburgs dort in spekulativen M\u00e4rkten an, dann w\u00fcrden auch diese beim Platzen von Blasen ins Wanken geraten. Da die Finanzsektoren der Schweiz und Luxemburgs im Vergleich zum Bruttoinlandsprodukt dieser L\u00e4nder gro\u00df sind, k\u00f6nnten die beiden netten Mustersch\u00fcler \u2013 so wie schon Island in der j\u00fcngsten Krise \u2013 in Verlegenheit geraten. Die R\u00fcckzahlung deutscher Ersparnisse w\u00e4re dann selbst aus diesen vermeintlich sicheren H\u00e4fen ungewiss.<\/p>\n<p>Betrachtet man die deutschen Export\u00fcbersch\u00fcsse aus dieser Sicht, sind diese nicht nur Zeichen wirtschaftlicher St\u00e4rke, sondern Anlass zur Sorge \u2013 also die Achillesferse wirtschaftlicher Stabilit\u00e4t! Dem Wohlstand des durchschnittlichen Deutschen, der die Export\u00fcbersch\u00fcsse auf der Grundlage von schmerzhaften Lohneinschnitten und durch die schleichende Entwertung seiner Ersparnisse tr\u00e4gt, d\u00fcrften sie schon vor dem Eintritt m\u00f6glicher neuer Krisen nicht zutr\u00e4glich gewesen sein. Dieser Trend scheint sich nun fortzusetzen. Zwar kann das Verschenken von Ersparnissen ins Ausland durchaus als ein Wachstumsmodell gesehen werden. Doch sch\u00f6ner f\u00fcr die deutschen B\u00fcrger w\u00e4re es doch, w\u00fcrden ihre Ersparnisse von ihnen selbst auf den Kopf gehauen.<\/p>\n<p style=\"text-align: center;\"><strong>Referenz:<\/strong><\/p>\n<p>Schnabl, Gunther 2011: Triebkr\u00e4fte und L\u00f6sungsans\u00e4tze globaler und europ\u00e4ischer Leistungsbilanzungleichgewichte. Working Papers on Global Financial Markets 23. Verf\u00fcgbar <a href=\"http:\/\/papers.ssrn.com\/sol3\/papers.cfm?abstract_id=1934817\">hier<\/a>.<\/p>\n<!-- AddThis Advanced Settings generic via filter on the_content --><!-- AddThis Share Buttons generic via filter on the_content --><!-- AddThis Related Posts generic via filter on the_content -->","protected":false},"excerpt":{"rendered":"<p>Steigende Leistungsbilanzdefizite einiger L\u00e4nder an der Peripherie der W\u00e4hrungsunion legten den Grundstein f\u00fcr die schwelende europ\u00e4ische Finanz- und Staatsschuldenkrise. Die Ursache liegt in den Kapitalm\u00e4rkten &hellip; <\/p>\n<p class=\"link-more\"><a href=\"https:\/\/wirtschaftlichefreiheit.de\/wordpress\/?p=13279\" class=\"more-link\"><span class=\"screen-reader-text\">\u201eDeutschland ist stark. Und soll es bleiben!<br \/><small>Die Leistungsbilanz\u00fcbersch\u00fcsse als Achillesferse wirtschaftlicher Stabilit\u00e4t<\/small>\u201c <\/span>weiterlesen<\/a><\/p>\n<p><!-- AddThis Advanced Settings generic via filter on wp_trim_excerpt --><!-- AddThis Share Buttons generic via filter on wp_trim_excerpt --><!-- AddThis Related Posts generic via filter on wp_trim_excerpt --><\/p>\n","protected":false},"author":47,"featured_media":0,"comment_status":"open","ping_status":"open","sticky":false,"template":"","format":"standard","meta":{"footnotes":""},"categories":[6,8,33,434],"tags":[1256,117,121,61,431,1255],"class_list":["post-13279","post","type-post","status-publish","format-standard","hentry","category-alles","category-europaisches","category-makrooekonomisches","category-waehrungspolitisches","tag-ersparnis","tag-europaeische-union","tag-ezb","tag-leistungsbilanzungleichgewichte","tag-leistungsbilanzungleichgewicht","tag-nettoexporte"],"yoast_head":"<!-- This site is optimized with the Yoast SEO plugin v27.2 - https:\/\/yoast.com\/product\/yoast-seo-wordpress\/ -->\n<title>Deutschland ist stark. Und soll es bleiben!Die Leistungsbilanz\u00fcbersch\u00fcsse als Achillesferse wirtschaftlicher Stabilit\u00e4t - Wirtschaftliche Freiheit<\/title>\n<meta name=\"robots\" content=\"index, follow, max-snippet:-1, max-image-preview:large, max-video-preview:-1\" \/>\n<link rel=\"canonical\" href=\"https:\/\/wirtschaftlichefreiheit.de\/wordpress\/?p=13279\" \/>\n<meta property=\"og:locale\" content=\"de_DE\" \/>\n<meta property=\"og:type\" content=\"article\" \/>\n<meta property=\"og:title\" content=\"Deutschland ist stark. Und soll es bleiben!Die Leistungsbilanz\u00fcbersch\u00fcsse als Achillesferse wirtschaftlicher Stabilit\u00e4t - Wirtschaftliche Freiheit\" \/>\n<meta property=\"og:description\" content=\"Steigende Leistungsbilanzdefizite einiger L\u00e4nder an der Peripherie der W\u00e4hrungsunion legten den Grundstein f\u00fcr die schwelende europ\u00e4ische Finanz- und Staatsschuldenkrise. Die Ursache liegt in den Kapitalm\u00e4rkten &hellip; \u201eDeutschland ist stark. Und soll es bleiben!Die Leistungsbilanz\u00fcbersch\u00fcsse als Achillesferse wirtschaftlicher Stabilit\u00e4t\u201c weiterlesen\" \/>\n<meta property=\"og:url\" content=\"https:\/\/wirtschaftlichefreiheit.de\/wordpress\/?p=13279\" \/>\n<meta property=\"og:site_name\" content=\"Wirtschaftliche Freiheit\" \/>\n<meta property=\"article:published_time\" content=\"2013-09-13T23:01:25+00:00\" \/>\n<meta property=\"article:modified_time\" content=\"2013-09-14T05:18:39+00:00\" \/>\n<meta name=\"author\" content=\"Gunther Schnabl\" \/>\n<meta name=\"twitter:card\" content=\"summary_large_image\" \/>\n<meta name=\"twitter:label1\" content=\"Verfasst von\" \/>\n\t<meta name=\"twitter:data1\" content=\"Gunther Schnabl\" \/>\n\t<meta name=\"twitter:label2\" content=\"Gesch\u00e4tzte Lesezeit\" \/>\n\t<meta name=\"twitter:data2\" content=\"5\u00a0Minuten\" \/>\n<script type=\"application\/ld+json\" class=\"yoast-schema-graph\">{\"@context\":\"https:\/\/schema.org\",\"@graph\":[{\"@type\":\"Article\",\"@id\":\"https:\/\/wirtschaftlichefreiheit.de\/wordpress\/?p=13279#article\",\"isPartOf\":{\"@id\":\"https:\/\/wirtschaftlichefreiheit.de\/wordpress\/?p=13279\"},\"author\":{\"name\":\"Gunther Schnabl\",\"@id\":\"https:\/\/wirtschaftlichefreiheit.de\/wordpress\/#\/schema\/person\/da7d116dbd3e72aa925469c8e58e9fd7\"},\"headline\":\"Deutschland ist stark. Und soll es bleiben! Die Leistungsbilanz\u00fcbersch\u00fcsse als Achillesferse wirtschaftlicher Stabilit\u00e4t\",\"datePublished\":\"2013-09-13T23:01:25+00:00\",\"dateModified\":\"2013-09-14T05:18:39+00:00\",\"mainEntityOfPage\":{\"@id\":\"https:\/\/wirtschaftlichefreiheit.de\/wordpress\/?p=13279\"},\"wordCount\":1049,\"commentCount\":3,\"keywords\":[\"Ersparnis\",\"Europ\u00e4ische Union\",\"EZB\",\"Leistungsbilanz\",\"Leistungsbilanzungleichgewicht\",\"Nettoexporte\"],\"articleSection\":[\"Alle Kategorien\",\"Europ\u00e4isches\",\"Makro\u00f6konomisches\",\"W\u00e4hrungspolitisches\"],\"inLanguage\":\"de\",\"potentialAction\":[{\"@type\":\"CommentAction\",\"name\":\"Comment\",\"target\":[\"https:\/\/wirtschaftlichefreiheit.de\/wordpress\/?p=13279#respond\"]}]},{\"@type\":\"WebPage\",\"@id\":\"https:\/\/wirtschaftlichefreiheit.de\/wordpress\/?p=13279\",\"url\":\"https:\/\/wirtschaftlichefreiheit.de\/wordpress\/?p=13279\",\"name\":\"Deutschland ist stark. Und soll es bleiben! Die Leistungsbilanz\u00fcbersch\u00fcsse als Achillesferse wirtschaftlicher Stabilit\u00e4t - Wirtschaftliche Freiheit\",\"isPartOf\":{\"@id\":\"https:\/\/wirtschaftlichefreiheit.de\/wordpress\/#website\"},\"datePublished\":\"2013-09-13T23:01:25+00:00\",\"dateModified\":\"2013-09-14T05:18:39+00:00\",\"author\":{\"@id\":\"https:\/\/wirtschaftlichefreiheit.de\/wordpress\/#\/schema\/person\/da7d116dbd3e72aa925469c8e58e9fd7\"},\"breadcrumb\":{\"@id\":\"https:\/\/wirtschaftlichefreiheit.de\/wordpress\/?p=13279#breadcrumb\"},\"inLanguage\":\"de\",\"potentialAction\":[{\"@type\":\"ReadAction\",\"target\":[\"https:\/\/wirtschaftlichefreiheit.de\/wordpress\/?p=13279\"]}]},{\"@type\":\"BreadcrumbList\",\"@id\":\"https:\/\/wirtschaftlichefreiheit.de\/wordpress\/?p=13279#breadcrumb\",\"itemListElement\":[{\"@type\":\"ListItem\",\"position\":1,\"name\":\"Startseite\",\"item\":\"https:\/\/wirtschaftlichefreiheit.de\/wordpress\"},{\"@type\":\"ListItem\",\"position\":2,\"name\":\"Deutschland ist stark. Und soll es bleiben!Die Leistungsbilanz\u00fcbersch\u00fcsse als Achillesferse wirtschaftlicher Stabilit\u00e4t\"}]},{\"@type\":\"WebSite\",\"@id\":\"https:\/\/wirtschaftlichefreiheit.de\/wordpress\/#website\",\"url\":\"https:\/\/wirtschaftlichefreiheit.de\/wordpress\/\",\"name\":\"Wirtschaftliche Freiheit\",\"description\":\"Das ordnungspolitische Journal\",\"potentialAction\":[{\"@type\":\"SearchAction\",\"target\":{\"@type\":\"EntryPoint\",\"urlTemplate\":\"https:\/\/wirtschaftlichefreiheit.de\/wordpress\/?s={search_term_string}\"},\"query-input\":{\"@type\":\"PropertyValueSpecification\",\"valueRequired\":true,\"valueName\":\"search_term_string\"}}],\"inLanguage\":\"de\"},{\"@type\":\"Person\",\"@id\":\"https:\/\/wirtschaftlichefreiheit.de\/wordpress\/#\/schema\/person\/da7d116dbd3e72aa925469c8e58e9fd7\",\"name\":\"Gunther Schnabl\",\"image\":{\"@type\":\"ImageObject\",\"inLanguage\":\"de\",\"@id\":\"https:\/\/wirtschaftlichefreiheit.de\/wordpress\/bilder\/schnabl1234.jpg\",\"url\":\"https:\/\/wirtschaftlichefreiheit.de\/wordpress\/bilder\/schnabl1234.jpg\",\"contentUrl\":\"https:\/\/wirtschaftlichefreiheit.de\/wordpress\/bilder\/schnabl1234.jpg\",\"caption\":\"Gunther Schnabl\"},\"description\":\"Flossbach von Storch Research Institute\",\"url\":\"https:\/\/wirtschaftlichefreiheit.de\/wordpress\/?author=47\"}]}<\/script>\n<!-- \/ Yoast SEO plugin. -->","yoast_head_json":{"title":"Deutschland ist stark. Und soll es bleiben!Die Leistungsbilanz\u00fcbersch\u00fcsse als Achillesferse wirtschaftlicher Stabilit\u00e4t - Wirtschaftliche Freiheit","robots":{"index":"index","follow":"follow","max-snippet":"max-snippet:-1","max-image-preview":"max-image-preview:large","max-video-preview":"max-video-preview:-1"},"canonical":"https:\/\/wirtschaftlichefreiheit.de\/wordpress\/?p=13279","og_locale":"de_DE","og_type":"article","og_title":"Deutschland ist stark. Und soll es bleiben!Die Leistungsbilanz\u00fcbersch\u00fcsse als Achillesferse wirtschaftlicher Stabilit\u00e4t - Wirtschaftliche Freiheit","og_description":"Steigende Leistungsbilanzdefizite einiger L\u00e4nder an der Peripherie der W\u00e4hrungsunion legten den Grundstein f\u00fcr die schwelende europ\u00e4ische Finanz- und Staatsschuldenkrise. Die Ursache liegt in den Kapitalm\u00e4rkten &hellip; \u201eDeutschland ist stark. Und soll es bleiben!Die Leistungsbilanz\u00fcbersch\u00fcsse als Achillesferse wirtschaftlicher Stabilit\u00e4t\u201c weiterlesen","og_url":"https:\/\/wirtschaftlichefreiheit.de\/wordpress\/?p=13279","og_site_name":"Wirtschaftliche Freiheit","article_published_time":"2013-09-13T23:01:25+00:00","article_modified_time":"2013-09-14T05:18:39+00:00","author":"Gunther Schnabl","twitter_card":"summary_large_image","twitter_misc":{"Verfasst von":"Gunther Schnabl","Gesch\u00e4tzte Lesezeit":"5\u00a0Minuten"},"schema":{"@context":"https:\/\/schema.org","@graph":[{"@type":"Article","@id":"https:\/\/wirtschaftlichefreiheit.de\/wordpress\/?p=13279#article","isPartOf":{"@id":"https:\/\/wirtschaftlichefreiheit.de\/wordpress\/?p=13279"},"author":{"name":"Gunther Schnabl","@id":"https:\/\/wirtschaftlichefreiheit.de\/wordpress\/#\/schema\/person\/da7d116dbd3e72aa925469c8e58e9fd7"},"headline":"Deutschland ist stark. Und soll es bleiben! Die Leistungsbilanz\u00fcbersch\u00fcsse als Achillesferse wirtschaftlicher Stabilit\u00e4t","datePublished":"2013-09-13T23:01:25+00:00","dateModified":"2013-09-14T05:18:39+00:00","mainEntityOfPage":{"@id":"https:\/\/wirtschaftlichefreiheit.de\/wordpress\/?p=13279"},"wordCount":1049,"commentCount":3,"keywords":["Ersparnis","Europ\u00e4ische Union","EZB","Leistungsbilanz","Leistungsbilanzungleichgewicht","Nettoexporte"],"articleSection":["Alle Kategorien","Europ\u00e4isches","Makro\u00f6konomisches","W\u00e4hrungspolitisches"],"inLanguage":"de","potentialAction":[{"@type":"CommentAction","name":"Comment","target":["https:\/\/wirtschaftlichefreiheit.de\/wordpress\/?p=13279#respond"]}]},{"@type":"WebPage","@id":"https:\/\/wirtschaftlichefreiheit.de\/wordpress\/?p=13279","url":"https:\/\/wirtschaftlichefreiheit.de\/wordpress\/?p=13279","name":"Deutschland ist stark. Und soll es bleiben! Die Leistungsbilanz\u00fcbersch\u00fcsse als Achillesferse wirtschaftlicher Stabilit\u00e4t - Wirtschaftliche Freiheit","isPartOf":{"@id":"https:\/\/wirtschaftlichefreiheit.de\/wordpress\/#website"},"datePublished":"2013-09-13T23:01:25+00:00","dateModified":"2013-09-14T05:18:39+00:00","author":{"@id":"https:\/\/wirtschaftlichefreiheit.de\/wordpress\/#\/schema\/person\/da7d116dbd3e72aa925469c8e58e9fd7"},"breadcrumb":{"@id":"https:\/\/wirtschaftlichefreiheit.de\/wordpress\/?p=13279#breadcrumb"},"inLanguage":"de","potentialAction":[{"@type":"ReadAction","target":["https:\/\/wirtschaftlichefreiheit.de\/wordpress\/?p=13279"]}]},{"@type":"BreadcrumbList","@id":"https:\/\/wirtschaftlichefreiheit.de\/wordpress\/?p=13279#breadcrumb","itemListElement":[{"@type":"ListItem","position":1,"name":"Startseite","item":"https:\/\/wirtschaftlichefreiheit.de\/wordpress"},{"@type":"ListItem","position":2,"name":"Deutschland ist stark. Und soll es bleiben!Die Leistungsbilanz\u00fcbersch\u00fcsse als Achillesferse wirtschaftlicher Stabilit\u00e4t"}]},{"@type":"WebSite","@id":"https:\/\/wirtschaftlichefreiheit.de\/wordpress\/#website","url":"https:\/\/wirtschaftlichefreiheit.de\/wordpress\/","name":"Wirtschaftliche Freiheit","description":"Das ordnungspolitische Journal","potentialAction":[{"@type":"SearchAction","target":{"@type":"EntryPoint","urlTemplate":"https:\/\/wirtschaftlichefreiheit.de\/wordpress\/?s={search_term_string}"},"query-input":{"@type":"PropertyValueSpecification","valueRequired":true,"valueName":"search_term_string"}}],"inLanguage":"de"},{"@type":"Person","@id":"https:\/\/wirtschaftlichefreiheit.de\/wordpress\/#\/schema\/person\/da7d116dbd3e72aa925469c8e58e9fd7","name":"Gunther Schnabl","image":{"@type":"ImageObject","inLanguage":"de","@id":"https:\/\/wirtschaftlichefreiheit.de\/wordpress\/bilder\/schnabl1234.jpg","url":"https:\/\/wirtschaftlichefreiheit.de\/wordpress\/bilder\/schnabl1234.jpg","contentUrl":"https:\/\/wirtschaftlichefreiheit.de\/wordpress\/bilder\/schnabl1234.jpg","caption":"Gunther Schnabl"},"description":"Flossbach von Storch Research Institute","url":"https:\/\/wirtschaftlichefreiheit.de\/wordpress\/?author=47"}]}},"_links":{"self":[{"href":"https:\/\/wirtschaftlichefreiheit.de\/wordpress\/index.php?rest_route=\/wp\/v2\/posts\/13279","targetHints":{"allow":["GET"]}}],"collection":[{"href":"https:\/\/wirtschaftlichefreiheit.de\/wordpress\/index.php?rest_route=\/wp\/v2\/posts"}],"about":[{"href":"https:\/\/wirtschaftlichefreiheit.de\/wordpress\/index.php?rest_route=\/wp\/v2\/types\/post"}],"author":[{"embeddable":true,"href":"https:\/\/wirtschaftlichefreiheit.de\/wordpress\/index.php?rest_route=\/wp\/v2\/users\/47"}],"replies":[{"embeddable":true,"href":"https:\/\/wirtschaftlichefreiheit.de\/wordpress\/index.php?rest_route=%2Fwp%2Fv2%2Fcomments&post=13279"}],"version-history":[{"count":4,"href":"https:\/\/wirtschaftlichefreiheit.de\/wordpress\/index.php?rest_route=\/wp\/v2\/posts\/13279\/revisions"}],"predecessor-version":[{"id":13335,"href":"https:\/\/wirtschaftlichefreiheit.de\/wordpress\/index.php?rest_route=\/wp\/v2\/posts\/13279\/revisions\/13335"}],"wp:attachment":[{"href":"https:\/\/wirtschaftlichefreiheit.de\/wordpress\/index.php?rest_route=%2Fwp%2Fv2%2Fmedia&parent=13279"}],"wp:term":[{"taxonomy":"category","embeddable":true,"href":"https:\/\/wirtschaftlichefreiheit.de\/wordpress\/index.php?rest_route=%2Fwp%2Fv2%2Fcategories&post=13279"},{"taxonomy":"post_tag","embeddable":true,"href":"https:\/\/wirtschaftlichefreiheit.de\/wordpress\/index.php?rest_route=%2Fwp%2Fv2%2Ftags&post=13279"}],"curies":[{"name":"wp","href":"https:\/\/api.w.org\/{rel}","templated":true}]}}