{"id":13291,"date":"2013-09-08T00:01:17","date_gmt":"2013-09-07T23:01:17","guid":{"rendered":"http:\/\/wirtschaftlichefreiheit.de\/wordpress\/?p=13291"},"modified":"2013-09-08T13:23:22","modified_gmt":"2013-09-08T12:23:22","slug":"der-king-bzw-die-queen-of-beamtenversorgung","status":"publish","type":"post","link":"https:\/\/wirtschaftlichefreiheit.de\/wordpress\/?p=13291","title":{"rendered":"Der King bzw. die Queen of Beamtenversorgung"},"content":{"rendered":"<p>Abgesehen von Stefan Raabs Aufreger \u201eKing of Kotelett\u201c war es der H\u00f6hepunkt des Kanzlerduells: Auf die Frage, ob bei der Beamtenversorgung (vulgo Pensionen) Reformbedarf best\u00fcnde, antwortete Peer Steinbr\u00fcck mit der Feststellung, zumindest die Entwicklung der Pensionen m\u00fcsse mit derjenigen der Gesetzlichen Rentenversicherung einhergehen. Die Kanzlerin lehnte dies entschieden mit verteilungspolitischen Argumenten ab. Dabei wollte wohl auch Peer Steinbr\u00fcck nicht Axt an die Mindestpension legen. Diese liegt bspw. in Berlin f\u00fcr Ledige bei 1.330 Euro und ist damit signifikant h\u00f6her als jede Durchschnittsrente von M\u00e4nnern (von Frauen ganz zu schweigen). Die oft in diesem Zusammenhang bem\u00fchten Betriebsrenten k\u00f6nnen diese L\u00fccken auch eher nicht ausgleichen (in den oberen Einkommensregionen schafft das dann die private Ersparnisbildung). Echte Altersarmut ist bei Beamten also kein Thema.<\/p>\n<p><!--more--><\/p>\n<p>Das Spannende an der Diskussion war aber eigentlich, dass die Beamtenversorgung bzw. ihre langfristige Entwicklung nur ein kleines Problem f\u00fcr den Bund, aber das Hauptproblem f\u00fcr die L\u00e4nder in den kommenden Jahren sein d\u00fcrfte. Die Anzahl an Soldaten und Bundesrichtern ist gemessen an der Finanzkraft des Bundes eher gering. Die Heere an Lehrern und Polizisten (oder die in der Debatte herangezogenen Justizvollzugsbeamten) sind in aller Regel Landesbeamte. Seit der F\u00f6deralismuskommission II haben die L\u00e4nder auch die Kompetenzen hier in Ma\u00dfen selbstst\u00e4ndig t\u00e4tig zu werden, der Bund besitzt nur noch eine gewisse Richtlinienkompetenz.<\/p>\n<p style=\"text-align: center;\"><a href=\"\/wordpress\/bilder\/bhr1.png\"><img decoding=\"async\" class=\"aligncenter\" title=\"Barwerte der schwebenden Versorgungsverpflichtungen\" alt=\"Barwerte der schwebenden Versorgungsverpflichtungen\" src=\"\/wordpress\/bilder\/bhr1.png\" width=\"400\" \/><\/a><br \/>\n<small>&#8211; zum Vergr\u00f6\u00dfern bitte auf die Grafik klicken &#8211; <\/small><\/p>\n<p>Genauer gesagt ist es sogar fast nur ein Problem der westdeutschen L\u00e4nder, wie die obenstehende Abbildung veranschaulicht. Zwar erscheint es ganz nat\u00fcrlich, dass die bev\u00f6lkerungsreichsten Bundesl\u00e4nder die gr\u00f6\u00dften Anwartschaften aus Altersbez\u00fcgen und Beihilfen angesammelt haben. Jedoch zeigt sich bereits hier, dass vor allem die Stadtstaaten massive Probleme bekommen werden. So sind bspw. die von Berlin zu stemmenden Versorgungsbez\u00fcge fast halb so gro\u00df wie die des Bundes. Aber auch das reichere Hamburg, derzeit noch Geberland im L\u00e4nderfinanzausgleich, muss soviel stemmen wie das um eine Million Einwohner gr\u00f6\u00dfere Nachbarland Schleswig-Holstein. Dass die Beamtenversorgung aber nicht ausschlie\u00dflich ein Problem der Stadtstaaten ist, belegt die n\u00e4chste Grafik. Hier wird deutlich: Auch die L\u00e4nder mit heute relativ niedriger Verschuldung m\u00fcssen sich enorm anstrengen um die Pensionslawine einigerma\u00dfen schadlos auszuhalten \u2013 und dies alles unter Einhaltung der teils verfassungsverankerten Schuldenbremsen.<\/p>\n<p style=\"text-align: center;\"><a href=\"\/wordpress\/bilder\/bhr2.png\"><img decoding=\"async\" class=\"aligncenter\" title=\"Versorgungszusagen und Verschuldung des Bundes und der Bundesl\u00e4nder\" alt=\"Versorgungszusagen und Verschuldung des Bundes und der Bundesl\u00e4nder\" src=\"\/wordpress\/bilder\/bhr2.png\" width=\"400\" \/><\/a><br \/>\n<small>&#8211; zum Vergr\u00f6\u00dfern bitte auf die Grafik klicken &#8211; <\/small><\/p>\n<p>Was ist also zu tun? Herr Steinbr\u00fcck lag mit der Qualit\u00e4t seiner Aussage gar nicht so falsch. Als erstes sollten alle Reformen der Gesetzlichen Rentenversicherung der letzten Jahre auch auf die Beamtenversorgung wirkungsgleich \u00fcbertragen werden. Dies hie\u00dfe: Die fl\u00e4chendeckende Anhebung des Pensioneintrittalters (teilweise in einzelnen Bundesl\u00e4ndern bereits geschehen), die Abschaffung der Anrechnung von Ausbildungszeiten sowie die Einf\u00fchrung eines Nachhaltigkeitsfaktors, welcher die spezielle Demografie der Beamtenschaft ber\u00fccksichtigt.<\/p>\n<p>Auch diese Schritte werden jedoch nicht ausreichen, um sicherzustellen, dass die Beamtenversorgung tragf\u00e4hig f\u00fcr die Bundesl\u00e4nder finanzierbar bleibt. Und hier kommt der Bumerang zur\u00fcck auf die Bundesebene: Da Bundesl\u00e4nder keine Insolvenz anmelden k\u00f6nnen, sollte der zuk\u00fcnftige Bundeskanzler\/die zuk\u00fcnftige Bundeskanzlerin eben doch ein Interesse an der Materie haben, auch wenn sein\/ihr unmittelbarer Part eher gering erscheint.<\/p>\n<h4>Literatur<\/h4>\n<p>Benz, T., C. Hagist und B. Raffelh\u00fcschen (2011), <a href=\"http:\/\/www.fiwi1.uni-freiburg.de\/publikationen\/296.pdf\" target=\"blank\">Ausgabenprojektion und Reformszenarien der Beamtenversorgung in Deutschland<\/a>, Studie im Auftrag des Bundes der Steuerzahler e. V.<\/p>\n<!-- AddThis Advanced Settings generic via filter on the_content --><!-- AddThis Share Buttons generic via filter on the_content --><!-- AddThis Related Posts generic via filter on the_content -->","protected":false},"excerpt":{"rendered":"<p>Abgesehen von Stefan Raabs Aufreger \u201eKing of Kotelett\u201c war es der H\u00f6hepunkt des Kanzlerduells: Auf die Frage, ob bei der Beamtenversorgung (vulgo Pensionen) Reformbedarf best\u00fcnde, &hellip; <\/p>\n<p class=\"link-more\"><a href=\"https:\/\/wirtschaftlichefreiheit.de\/wordpress\/?p=13291\" class=\"more-link\"><span class=\"screen-reader-text\">\u201eDer King bzw. die Queen of Beamtenversorgung\u201c <\/span>weiterlesen<\/a><\/p>\n<p><!-- AddThis Advanced Settings generic via filter on wp_trim_excerpt --><!-- AddThis Share Buttons generic via filter on wp_trim_excerpt --><!-- AddThis Related Posts generic via filter on wp_trim_excerpt --><\/p>\n","protected":false},"author":105,"featured_media":0,"comment_status":"open","ping_status":"open","sticky":false,"template":"","format":"standard","meta":{"footnotes":""},"categories":[6,2,4,35],"tags":[1257,299,184],"class_list":["post-13291","post","type-post","status-publish","format-standard","hentry","category-alles","category-foderales","category-soziales","category-staatliches","tag-beamtenversorgung","tag-bundeslaender","tag-verschuldung"],"yoast_head":"<!-- This site is optimized with the Yoast SEO plugin v27.2 - https:\/\/yoast.com\/product\/yoast-seo-wordpress\/ -->\n<title>Der King bzw. die Queen of Beamtenversorgung - Wirtschaftliche Freiheit<\/title>\n<meta name=\"robots\" content=\"index, follow, max-snippet:-1, max-image-preview:large, max-video-preview:-1\" \/>\n<link rel=\"canonical\" href=\"https:\/\/wirtschaftlichefreiheit.de\/wordpress\/?p=13291\" \/>\n<meta property=\"og:locale\" content=\"de_DE\" \/>\n<meta property=\"og:type\" content=\"article\" \/>\n<meta property=\"og:title\" content=\"Der King bzw. die Queen of Beamtenversorgung - Wirtschaftliche Freiheit\" \/>\n<meta property=\"og:description\" content=\"Abgesehen von Stefan Raabs Aufreger \u201eKing of Kotelett\u201c war es der H\u00f6hepunkt des Kanzlerduells: Auf die Frage, ob bei der Beamtenversorgung (vulgo Pensionen) Reformbedarf best\u00fcnde, &hellip; \u201eDer King bzw. die Queen of Beamtenversorgung\u201c weiterlesen\" \/>\n<meta property=\"og:url\" content=\"https:\/\/wirtschaftlichefreiheit.de\/wordpress\/?p=13291\" \/>\n<meta property=\"og:site_name\" content=\"Wirtschaftliche Freiheit\" \/>\n<meta property=\"article:published_time\" content=\"2013-09-07T23:01:17+00:00\" \/>\n<meta property=\"article:modified_time\" content=\"2013-09-08T12:23:22+00:00\" \/>\n<meta name=\"author\" content=\"Christian Hagist\" \/>\n<meta name=\"twitter:card\" content=\"summary_large_image\" \/>\n<meta name=\"twitter:label1\" content=\"Verfasst von\" \/>\n\t<meta name=\"twitter:data1\" content=\"Christian Hagist\" \/>\n\t<meta name=\"twitter:label2\" content=\"Gesch\u00e4tzte Lesezeit\" \/>\n\t<meta name=\"twitter:data2\" content=\"3\u00a0Minuten\" \/>\n<script type=\"application\/ld+json\" class=\"yoast-schema-graph\">{\"@context\":\"https:\/\/schema.org\",\"@graph\":[{\"@type\":\"Article\",\"@id\":\"https:\/\/wirtschaftlichefreiheit.de\/wordpress\/?p=13291#article\",\"isPartOf\":{\"@id\":\"https:\/\/wirtschaftlichefreiheit.de\/wordpress\/?p=13291\"},\"author\":{\"name\":\"Christian Hagist\",\"@id\":\"https:\/\/wirtschaftlichefreiheit.de\/wordpress\/#\/schema\/person\/651b7275cfdc82a2376e7cbf0aa44cd5\"},\"headline\":\"Der King bzw. die Queen of Beamtenversorgung\",\"datePublished\":\"2013-09-07T23:01:17+00:00\",\"dateModified\":\"2013-09-08T12:23:22+00:00\",\"mainEntityOfPage\":{\"@id\":\"https:\/\/wirtschaftlichefreiheit.de\/wordpress\/?p=13291\"},\"wordCount\":569,\"commentCount\":2,\"keywords\":[\"Beamtenversorgung\",\"Bundesl\u00e4nder\",\"Verschuldung\"],\"articleSection\":[\"Alle Kategorien\",\"F\u00f6derales\",\"Soziales\",\"Staatliches\"],\"inLanguage\":\"de\",\"potentialAction\":[{\"@type\":\"CommentAction\",\"name\":\"Comment\",\"target\":[\"https:\/\/wirtschaftlichefreiheit.de\/wordpress\/?p=13291#respond\"]}]},{\"@type\":\"WebPage\",\"@id\":\"https:\/\/wirtschaftlichefreiheit.de\/wordpress\/?p=13291\",\"url\":\"https:\/\/wirtschaftlichefreiheit.de\/wordpress\/?p=13291\",\"name\":\"Der King bzw. die Queen of Beamtenversorgung - Wirtschaftliche Freiheit\",\"isPartOf\":{\"@id\":\"https:\/\/wirtschaftlichefreiheit.de\/wordpress\/#website\"},\"datePublished\":\"2013-09-07T23:01:17+00:00\",\"dateModified\":\"2013-09-08T12:23:22+00:00\",\"author\":{\"@id\":\"https:\/\/wirtschaftlichefreiheit.de\/wordpress\/#\/schema\/person\/651b7275cfdc82a2376e7cbf0aa44cd5\"},\"breadcrumb\":{\"@id\":\"https:\/\/wirtschaftlichefreiheit.de\/wordpress\/?p=13291#breadcrumb\"},\"inLanguage\":\"de\",\"potentialAction\":[{\"@type\":\"ReadAction\",\"target\":[\"https:\/\/wirtschaftlichefreiheit.de\/wordpress\/?p=13291\"]}]},{\"@type\":\"BreadcrumbList\",\"@id\":\"https:\/\/wirtschaftlichefreiheit.de\/wordpress\/?p=13291#breadcrumb\",\"itemListElement\":[{\"@type\":\"ListItem\",\"position\":1,\"name\":\"Startseite\",\"item\":\"https:\/\/wirtschaftlichefreiheit.de\/wordpress\"},{\"@type\":\"ListItem\",\"position\":2,\"name\":\"Der King bzw. die Queen of Beamtenversorgung\"}]},{\"@type\":\"WebSite\",\"@id\":\"https:\/\/wirtschaftlichefreiheit.de\/wordpress\/#website\",\"url\":\"https:\/\/wirtschaftlichefreiheit.de\/wordpress\/\",\"name\":\"Wirtschaftliche Freiheit\",\"description\":\"Das ordnungspolitische Journal\",\"potentialAction\":[{\"@type\":\"SearchAction\",\"target\":{\"@type\":\"EntryPoint\",\"urlTemplate\":\"https:\/\/wirtschaftlichefreiheit.de\/wordpress\/?s={search_term_string}\"},\"query-input\":{\"@type\":\"PropertyValueSpecification\",\"valueRequired\":true,\"valueName\":\"search_term_string\"}}],\"inLanguage\":\"de\"},{\"@type\":\"Person\",\"@id\":\"https:\/\/wirtschaftlichefreiheit.de\/wordpress\/#\/schema\/person\/651b7275cfdc82a2376e7cbf0aa44cd5\",\"name\":\"Christian Hagist\",\"image\":{\"@type\":\"ImageObject\",\"inLanguage\":\"de\",\"@id\":\"https:\/\/wirtschaftlichefreiheit.de\/wordpress\/bilder\/Hagist.jpg\",\"url\":\"https:\/\/wirtschaftlichefreiheit.de\/wordpress\/bilder\/Hagist.jpg\",\"contentUrl\":\"https:\/\/wirtschaftlichefreiheit.de\/wordpress\/bilder\/Hagist.jpg\",\"caption\":\"Christian Hagist\"},\"description\":\"WHU\",\"url\":\"https:\/\/wirtschaftlichefreiheit.de\/wordpress\/?author=105\"}]}<\/script>\n<!-- \/ Yoast SEO plugin. -->","yoast_head_json":{"title":"Der King bzw. die Queen of Beamtenversorgung - Wirtschaftliche Freiheit","robots":{"index":"index","follow":"follow","max-snippet":"max-snippet:-1","max-image-preview":"max-image-preview:large","max-video-preview":"max-video-preview:-1"},"canonical":"https:\/\/wirtschaftlichefreiheit.de\/wordpress\/?p=13291","og_locale":"de_DE","og_type":"article","og_title":"Der King bzw. die Queen of Beamtenversorgung - Wirtschaftliche Freiheit","og_description":"Abgesehen von Stefan Raabs Aufreger \u201eKing of Kotelett\u201c war es der H\u00f6hepunkt des Kanzlerduells: Auf die Frage, ob bei der Beamtenversorgung (vulgo Pensionen) Reformbedarf best\u00fcnde, &hellip; \u201eDer King bzw. die Queen of Beamtenversorgung\u201c weiterlesen","og_url":"https:\/\/wirtschaftlichefreiheit.de\/wordpress\/?p=13291","og_site_name":"Wirtschaftliche Freiheit","article_published_time":"2013-09-07T23:01:17+00:00","article_modified_time":"2013-09-08T12:23:22+00:00","author":"Christian Hagist","twitter_card":"summary_large_image","twitter_misc":{"Verfasst von":"Christian Hagist","Gesch\u00e4tzte Lesezeit":"3\u00a0Minuten"},"schema":{"@context":"https:\/\/schema.org","@graph":[{"@type":"Article","@id":"https:\/\/wirtschaftlichefreiheit.de\/wordpress\/?p=13291#article","isPartOf":{"@id":"https:\/\/wirtschaftlichefreiheit.de\/wordpress\/?p=13291"},"author":{"name":"Christian Hagist","@id":"https:\/\/wirtschaftlichefreiheit.de\/wordpress\/#\/schema\/person\/651b7275cfdc82a2376e7cbf0aa44cd5"},"headline":"Der King bzw. die Queen of Beamtenversorgung","datePublished":"2013-09-07T23:01:17+00:00","dateModified":"2013-09-08T12:23:22+00:00","mainEntityOfPage":{"@id":"https:\/\/wirtschaftlichefreiheit.de\/wordpress\/?p=13291"},"wordCount":569,"commentCount":2,"keywords":["Beamtenversorgung","Bundesl\u00e4nder","Verschuldung"],"articleSection":["Alle Kategorien","F\u00f6derales","Soziales","Staatliches"],"inLanguage":"de","potentialAction":[{"@type":"CommentAction","name":"Comment","target":["https:\/\/wirtschaftlichefreiheit.de\/wordpress\/?p=13291#respond"]}]},{"@type":"WebPage","@id":"https:\/\/wirtschaftlichefreiheit.de\/wordpress\/?p=13291","url":"https:\/\/wirtschaftlichefreiheit.de\/wordpress\/?p=13291","name":"Der King bzw. die Queen of Beamtenversorgung - Wirtschaftliche Freiheit","isPartOf":{"@id":"https:\/\/wirtschaftlichefreiheit.de\/wordpress\/#website"},"datePublished":"2013-09-07T23:01:17+00:00","dateModified":"2013-09-08T12:23:22+00:00","author":{"@id":"https:\/\/wirtschaftlichefreiheit.de\/wordpress\/#\/schema\/person\/651b7275cfdc82a2376e7cbf0aa44cd5"},"breadcrumb":{"@id":"https:\/\/wirtschaftlichefreiheit.de\/wordpress\/?p=13291#breadcrumb"},"inLanguage":"de","potentialAction":[{"@type":"ReadAction","target":["https:\/\/wirtschaftlichefreiheit.de\/wordpress\/?p=13291"]}]},{"@type":"BreadcrumbList","@id":"https:\/\/wirtschaftlichefreiheit.de\/wordpress\/?p=13291#breadcrumb","itemListElement":[{"@type":"ListItem","position":1,"name":"Startseite","item":"https:\/\/wirtschaftlichefreiheit.de\/wordpress"},{"@type":"ListItem","position":2,"name":"Der King bzw. die Queen of Beamtenversorgung"}]},{"@type":"WebSite","@id":"https:\/\/wirtschaftlichefreiheit.de\/wordpress\/#website","url":"https:\/\/wirtschaftlichefreiheit.de\/wordpress\/","name":"Wirtschaftliche Freiheit","description":"Das ordnungspolitische Journal","potentialAction":[{"@type":"SearchAction","target":{"@type":"EntryPoint","urlTemplate":"https:\/\/wirtschaftlichefreiheit.de\/wordpress\/?s={search_term_string}"},"query-input":{"@type":"PropertyValueSpecification","valueRequired":true,"valueName":"search_term_string"}}],"inLanguage":"de"},{"@type":"Person","@id":"https:\/\/wirtschaftlichefreiheit.de\/wordpress\/#\/schema\/person\/651b7275cfdc82a2376e7cbf0aa44cd5","name":"Christian Hagist","image":{"@type":"ImageObject","inLanguage":"de","@id":"https:\/\/wirtschaftlichefreiheit.de\/wordpress\/bilder\/Hagist.jpg","url":"https:\/\/wirtschaftlichefreiheit.de\/wordpress\/bilder\/Hagist.jpg","contentUrl":"https:\/\/wirtschaftlichefreiheit.de\/wordpress\/bilder\/Hagist.jpg","caption":"Christian Hagist"},"description":"WHU","url":"https:\/\/wirtschaftlichefreiheit.de\/wordpress\/?author=105"}]}},"_links":{"self":[{"href":"https:\/\/wirtschaftlichefreiheit.de\/wordpress\/index.php?rest_route=\/wp\/v2\/posts\/13291","targetHints":{"allow":["GET"]}}],"collection":[{"href":"https:\/\/wirtschaftlichefreiheit.de\/wordpress\/index.php?rest_route=\/wp\/v2\/posts"}],"about":[{"href":"https:\/\/wirtschaftlichefreiheit.de\/wordpress\/index.php?rest_route=\/wp\/v2\/types\/post"}],"author":[{"embeddable":true,"href":"https:\/\/wirtschaftlichefreiheit.de\/wordpress\/index.php?rest_route=\/wp\/v2\/users\/105"}],"replies":[{"embeddable":true,"href":"https:\/\/wirtschaftlichefreiheit.de\/wordpress\/index.php?rest_route=%2Fwp%2Fv2%2Fcomments&post=13291"}],"version-history":[{"count":6,"href":"https:\/\/wirtschaftlichefreiheit.de\/wordpress\/index.php?rest_route=\/wp\/v2\/posts\/13291\/revisions"}],"predecessor-version":[{"id":13299,"href":"https:\/\/wirtschaftlichefreiheit.de\/wordpress\/index.php?rest_route=\/wp\/v2\/posts\/13291\/revisions\/13299"}],"wp:attachment":[{"href":"https:\/\/wirtschaftlichefreiheit.de\/wordpress\/index.php?rest_route=%2Fwp%2Fv2%2Fmedia&parent=13291"}],"wp:term":[{"taxonomy":"category","embeddable":true,"href":"https:\/\/wirtschaftlichefreiheit.de\/wordpress\/index.php?rest_route=%2Fwp%2Fv2%2Fcategories&post=13291"},{"taxonomy":"post_tag","embeddable":true,"href":"https:\/\/wirtschaftlichefreiheit.de\/wordpress\/index.php?rest_route=%2Fwp%2Fv2%2Ftags&post=13291"}],"curies":[{"name":"wp","href":"https:\/\/api.w.org\/{rel}","templated":true}]}}