{"id":14327,"date":"2014-02-03T00:01:46","date_gmt":"2014-02-02T23:01:46","guid":{"rendered":"http:\/\/wirtschaftlichefreiheit.de\/wordpress\/?p=14327"},"modified":"2014-02-02T18:14:11","modified_gmt":"2014-02-02T17:14:11","slug":"lasst-die-tuerkische-lira-abwerten","status":"publish","type":"post","link":"https:\/\/wirtschaftlichefreiheit.de\/wordpress\/?p=14327","title":{"rendered":"Lasst die t\u00fcrkische Lira abwerten"},"content":{"rendered":"<p>Das Tapering der Fed wirft seine Schatten voraus. Die Relationen der erwarteten Renditen verschieben sich zulasten der Schwellenl\u00e4nder, und zwar zugunsten sowohl der Vereinigten Staaten als auch anderer Industriel\u00e4nder, die dem Tapering \u00fcber kurz oder lang folgen d\u00fcrften.<\/p>\n<p>Als Reaktion auf die ver\u00e4nderten Erwartungen an den internationalen Finanzm\u00e4rkten hat die t\u00fcrkische Notenbank ihren Leitzins in der vergangenen Woche in einem gro\u00dfen Schritt von 4,5% auf 10% erh\u00f6ht. Damit soll die Attraktivit\u00e4t des Landes f\u00fcr internationale Investoren gesteigert und ein Kapitalabfluss ins Ausland verhindert werden. Doch wird die t\u00fcrkische Volkswirtschaft auf diese Weise wirklich gest\u00e4rkt?<\/p>\n<p><!--more--><\/p>\n<p>In welchem Umfang produktive Investitionen in der T\u00fcrkei get\u00e4tigt werden, h\u00e4ngt in erster Linie davon ab, wie die Grenzproduktivit\u00e4t des Kapitals von den Investoren beurteilt wird. Wo die Ertragsaussichten hoch sind und gute Renditen winken, werden sich internationale Investoren langfristig engagieren, und zwar unabh\u00e4ngig davon, wie die nationale Notenbank agiert. Auch die nationalen Investoren werden sich bei ihren Entscheidungen vorrangig von den realwirtschaftlichen Renditen leiten lassen. Sie d\u00fcrften allerdings \u2013 anders als die internationalen Investoren \u2013 zur Finanzierung ihrer Investitionen st\u00e4rker auf den inl\u00e4ndischen Kreditmarkt angewiesen sein, und dort werden die Finanzierungsbedingungen infolge der j\u00fcngsten Leitzinserh\u00f6hung eher ung\u00fcnstiger. Insgesamt werden die Investitionen in das t\u00fcrkische Produktivkapital infolge der Leitzinserh\u00f6hung also eher geschw\u00e4cht, da inl\u00e4ndisch finanzierte Sachinvestitionen gebremst und ausl\u00e4ndisch finanzierte Sachinvestitionen weitgehend unber\u00fchrt bleiben.<\/p>\n<p>Im Jargon der Finanzm\u00e4rkte haben solche realwirtschaftlichen Erw\u00e4gungen allerdings keinen Platz. Wenn dort von Investoren die Rede ist, dann sind Finanzinvestoren gemeint, und produktive Investitionen werden mit reinen Portfolio-Investitionen verwechselt. Tats\u00e4chlich hat die T\u00fcrkei \u2013 wie andere Schwellenl\u00e4nder auch \u2013 in den vergangenen Jahren eine starken Zustrom von kurzfristigen Portfolio-Investitionen erlebt, die zusehends in Projekte mit eher zweifelhaften langfristigen Renditeaussichten geflossen sind. Ob das Produktionspotential des Landes dadurch nennenswert erh\u00f6ht wurde, erscheint zumindest f\u00fcr die Sp\u00e4tphase zweifelhaft. In jedem Fall haben die Kapitalzufl\u00fcsse dazu beigetragen, ein ausuferndes Leistungsbilanzdefizit zu finanzieren. Die aktuelle Zinsrektion der Notenbank, die offiziell mit der Stabilisierung des Wechselkurses der t\u00fcrkischen Lira begr\u00fcndet wird, muss als (untauglicher) Versuch gewertet werden, diese Defizite auch in Zukunft weiterf\u00fchren zu k\u00f6nnen.<\/p>\n<p>Es ist gut nachvollziehbar, dass die Vertreter des Finanzsektors der Begriffsverwirrung von produktiven Sachinvestitionen und reinen Portfolio-Investitionen gern Vorschub leisten. Die Rating-Agentur Fitch warnt sogar, die T\u00fcrkei m\u00fcsse weiterhin f\u00fcr kurzfristiges Auslandskapital attraktiv bleiben, um ihr Leistungsbilanzdefizit dauerhaft finanzieren zu k\u00f6nnen. Das mag gut sein f\u00fcr die Klientel von Fitch, aber es weist den falschen Weg f\u00fcr die t\u00fcrkische Volkswirtschaft. Denn ein Leistungsbilanzdefizit muss nur dann mit immer weiteren Kapitalzufl\u00fcssen finanziert werden, wenn man eine Abwertung der heimischen W\u00e4hrung verhindern will.<\/p>\n<p>Daf\u00fcr gibt es aber keinen einleuchtenden Grund. Denn die Abwertung der t\u00fcrkischen Lira w\u00e4re gleichsam die \u201cnat\u00fcrliche\u201c Reaktion auf das Leistungsbilanzdefizit des Landes: Sie w\u00fcrde die Exportf\u00e4higkeit der t\u00fcrkischen Wirtschaft st\u00e4rken und es ihr erleichtern, gegen\u00fcber der Importkonkurrenz zu bestehen. Die Betonung dieser klassischen Funktion flexibler Wechselkurse mag zwar als angestaubte Lehrbuchweisheit gelten. F\u00fcr die t\u00fcrkische Geld- und W\u00e4hrungspolitik stellt sie aber allemal eine bessere Wegweisung dar als die wohlfeilen Einfl\u00fcsterungen aus dem Finanzsektor.<\/p>\n<p>Wie die historischen Erfahrungen aus der schwedischen W\u00e4hrungskrise des Jahres 1992 oder der Asien-Krise der sp\u00e4ten 1990er Jahre zeigen, l\u00e4sst sich durch geldpolitische Ma\u00dfnahmen der Druck auf den Wechselkurs der heimischen W\u00e4hrung allenfalls vor\u00fcbergehend lindern. Die \u00dcbergangsfrist mag reichen, internationalen Portfolioinvestoren einen R\u00fcckzug aus dem Land zu einem f\u00fcr sie ertr\u00e4glichen Wechselkurs zu erm\u00f6glichen \u2013 f\u00fcr die t\u00fcrkische Realwirtschaft dagegen w\u00fcrde das Adjustieren der internationalen Preisrelationen und die damit erm\u00f6glichte Wiedererlangung der t\u00fcrkischen Konkurrenzf\u00e4higkeit auf den Weltm\u00e4rkten nur unn\u00f6tig hinausgez\u00f6gert.<\/p>\n<p>Der Versuch, die Wechselkurse zu st\u00fctzen, ist auch in anderen Schwellenl\u00e4ndern zu beobachten. So versuchen sowohl Indien als auch Brasilien, eine Abwertung ihrer W\u00e4hrungen zu verhindern. Den Nutzen davon haben die internationalen Portfolio-Investoren. Den Schaden haben die inl\u00e4ndischen Unternehmen, die daran gehindert werden, sich mit\u00c2\u00a0 preislich wettbewerbsf\u00e4higen Produktionen auf den Weltm\u00e4rkten zu behaupten. Innerhalb Europas hat vor allem Griechenland die Erfahrung gemacht, wie ein starrer Wechselkurs die industrielle Basis eines Landes auf l\u00e4ngere Sicht ruinieren kann. Die unter Abwertungsdruck stehenden Schwellenl\u00e4nder schicken sich an, diesem Beispiel zu folgen. Das freut den Finanzinvestor \u2013 und betr\u00fcbt den \u00d6konomen.<\/p>\n<!-- AddThis Advanced Settings generic via filter on the_content --><!-- AddThis Share Buttons generic via filter on the_content --><!-- AddThis Related Posts generic via filter on the_content -->","protected":false},"excerpt":{"rendered":"<p>Das Tapering der Fed wirft seine Schatten voraus. Die Relationen der erwarteten Renditen verschieben sich zulasten der Schwellenl\u00e4nder, und zwar zugunsten sowohl der Vereinigten Staaten &hellip; <\/p>\n<p class=\"link-more\"><a href=\"https:\/\/wirtschaftlichefreiheit.de\/wordpress\/?p=14327\" class=\"more-link\"><span class=\"screen-reader-text\">\u201eLasst die t\u00fcrkische Lira abwerten\u201c <\/span>weiterlesen<\/a><\/p>\n<p><!-- AddThis Advanced Settings generic via filter on wp_trim_excerpt --><!-- AddThis Share Buttons generic via filter on wp_trim_excerpt --><!-- AddThis Related Posts generic via filter on wp_trim_excerpt --><\/p>\n","protected":false},"author":13,"featured_media":0,"comment_status":"open","ping_status":"open","sticky":false,"template":"","format":"standard","meta":{"footnotes":""},"categories":[7,12,434],"tags":[863,1432,1434,1431,1433,652],"class_list":["post-14327","post","type-post","status-publish","format-standard","hentry","category-globales","category-monetares","category-waehrungspolitisches","tag-abwertung","tag-portfolio-investitionen","tag-tapering","tag-tuerkei","tag-tuerkische-lira","tag-zinsen"],"yoast_head":"<!-- This site is optimized with the Yoast SEO plugin v27.2 - https:\/\/yoast.com\/product\/yoast-seo-wordpress\/ -->\n<title>Lasst die t\u00fcrkische Lira abwerten - Wirtschaftliche Freiheit<\/title>\n<meta name=\"robots\" content=\"index, follow, max-snippet:-1, max-image-preview:large, max-video-preview:-1\" \/>\n<link rel=\"canonical\" href=\"https:\/\/wirtschaftlichefreiheit.de\/wordpress\/?p=14327\" \/>\n<meta property=\"og:locale\" content=\"de_DE\" \/>\n<meta property=\"og:type\" content=\"article\" \/>\n<meta property=\"og:title\" content=\"Lasst die t\u00fcrkische Lira abwerten - Wirtschaftliche Freiheit\" \/>\n<meta property=\"og:description\" content=\"Das Tapering der Fed wirft seine Schatten voraus. Die Relationen der erwarteten Renditen verschieben sich zulasten der Schwellenl\u00e4nder, und zwar zugunsten sowohl der Vereinigten Staaten &hellip; \u201eLasst die t\u00fcrkische Lira abwerten\u201c weiterlesen\" \/>\n<meta property=\"og:url\" content=\"https:\/\/wirtschaftlichefreiheit.de\/wordpress\/?p=14327\" \/>\n<meta property=\"og:site_name\" content=\"Wirtschaftliche Freiheit\" \/>\n<meta property=\"article:published_time\" content=\"2014-02-02T23:01:46+00:00\" \/>\n<meta name=\"author\" content=\"Henning Klodt\" \/>\n<meta name=\"twitter:card\" content=\"summary_large_image\" \/>\n<meta name=\"twitter:label1\" content=\"Verfasst von\" \/>\n\t<meta name=\"twitter:data1\" content=\"Henning Klodt\" \/>\n\t<meta name=\"twitter:label2\" content=\"Gesch\u00e4tzte Lesezeit\" \/>\n\t<meta name=\"twitter:data2\" content=\"4\u00a0Minuten\" \/>\n<script type=\"application\/ld+json\" class=\"yoast-schema-graph\">{\"@context\":\"https:\/\/schema.org\",\"@graph\":[{\"@type\":\"Article\",\"@id\":\"https:\/\/wirtschaftlichefreiheit.de\/wordpress\/?p=14327#article\",\"isPartOf\":{\"@id\":\"https:\/\/wirtschaftlichefreiheit.de\/wordpress\/?p=14327\"},\"author\":{\"name\":\"Henning Klodt\",\"@id\":\"https:\/\/wirtschaftlichefreiheit.de\/wordpress\/#\/schema\/person\/7465e36d39e266bd0bac1089600fb50b\"},\"headline\":\"Lasst die t\u00fcrkische Lira abwerten\",\"datePublished\":\"2014-02-02T23:01:46+00:00\",\"mainEntityOfPage\":{\"@id\":\"https:\/\/wirtschaftlichefreiheit.de\/wordpress\/?p=14327\"},\"wordCount\":760,\"commentCount\":2,\"keywords\":[\"Abwertung\",\"Portfolio-Investitionen\",\"Tapering\",\"T\u00fcrkei\",\"t\u00fcrkische Lira\",\"Zinsen\"],\"articleSection\":[\"Globales\",\"Monet\u00e4res\",\"W\u00e4hrungspolitisches\"],\"inLanguage\":\"de\",\"potentialAction\":[{\"@type\":\"CommentAction\",\"name\":\"Comment\",\"target\":[\"https:\/\/wirtschaftlichefreiheit.de\/wordpress\/?p=14327#respond\"]}]},{\"@type\":\"WebPage\",\"@id\":\"https:\/\/wirtschaftlichefreiheit.de\/wordpress\/?p=14327\",\"url\":\"https:\/\/wirtschaftlichefreiheit.de\/wordpress\/?p=14327\",\"name\":\"Lasst die t\u00fcrkische Lira abwerten - Wirtschaftliche Freiheit\",\"isPartOf\":{\"@id\":\"https:\/\/wirtschaftlichefreiheit.de\/wordpress\/#website\"},\"datePublished\":\"2014-02-02T23:01:46+00:00\",\"author\":{\"@id\":\"https:\/\/wirtschaftlichefreiheit.de\/wordpress\/#\/schema\/person\/7465e36d39e266bd0bac1089600fb50b\"},\"breadcrumb\":{\"@id\":\"https:\/\/wirtschaftlichefreiheit.de\/wordpress\/?p=14327#breadcrumb\"},\"inLanguage\":\"de\",\"potentialAction\":[{\"@type\":\"ReadAction\",\"target\":[\"https:\/\/wirtschaftlichefreiheit.de\/wordpress\/?p=14327\"]}]},{\"@type\":\"BreadcrumbList\",\"@id\":\"https:\/\/wirtschaftlichefreiheit.de\/wordpress\/?p=14327#breadcrumb\",\"itemListElement\":[{\"@type\":\"ListItem\",\"position\":1,\"name\":\"Startseite\",\"item\":\"https:\/\/wirtschaftlichefreiheit.de\/wordpress\"},{\"@type\":\"ListItem\",\"position\":2,\"name\":\"Lasst die t\u00fcrkische Lira abwerten\"}]},{\"@type\":\"WebSite\",\"@id\":\"https:\/\/wirtschaftlichefreiheit.de\/wordpress\/#website\",\"url\":\"https:\/\/wirtschaftlichefreiheit.de\/wordpress\/\",\"name\":\"Wirtschaftliche Freiheit\",\"description\":\"Das ordnungspolitische Journal\",\"potentialAction\":[{\"@type\":\"SearchAction\",\"target\":{\"@type\":\"EntryPoint\",\"urlTemplate\":\"https:\/\/wirtschaftlichefreiheit.de\/wordpress\/?s={search_term_string}\"},\"query-input\":{\"@type\":\"PropertyValueSpecification\",\"valueRequired\":true,\"valueName\":\"search_term_string\"}}],\"inLanguage\":\"de\"},{\"@type\":\"Person\",\"@id\":\"https:\/\/wirtschaftlichefreiheit.de\/wordpress\/#\/schema\/person\/7465e36d39e266bd0bac1089600fb50b\",\"name\":\"Henning Klodt\",\"image\":{\"@type\":\"ImageObject\",\"inLanguage\":\"de\",\"@id\":\"https:\/\/wirtschaftlichefreiheit.de\/wordpress\/bilder\/henning_klodt1.jpg\",\"url\":\"https:\/\/wirtschaftlichefreiheit.de\/wordpress\/bilder\/henning_klodt1.jpg\",\"contentUrl\":\"https:\/\/wirtschaftlichefreiheit.de\/wordpress\/bilder\/henning_klodt1.jpg\",\"caption\":\"Henning Klodt\"},\"description\":\"Institut f\u00fcr Weltwirtschaft in Kiel (bis 2017)\",\"url\":\"https:\/\/wirtschaftlichefreiheit.de\/wordpress\/?author=13\"}]}<\/script>\n<!-- \/ Yoast SEO plugin. -->","yoast_head_json":{"title":"Lasst die t\u00fcrkische Lira abwerten - Wirtschaftliche Freiheit","robots":{"index":"index","follow":"follow","max-snippet":"max-snippet:-1","max-image-preview":"max-image-preview:large","max-video-preview":"max-video-preview:-1"},"canonical":"https:\/\/wirtschaftlichefreiheit.de\/wordpress\/?p=14327","og_locale":"de_DE","og_type":"article","og_title":"Lasst die t\u00fcrkische Lira abwerten - Wirtschaftliche Freiheit","og_description":"Das Tapering der Fed wirft seine Schatten voraus. Die Relationen der erwarteten Renditen verschieben sich zulasten der Schwellenl\u00e4nder, und zwar zugunsten sowohl der Vereinigten Staaten &hellip; \u201eLasst die t\u00fcrkische Lira abwerten\u201c weiterlesen","og_url":"https:\/\/wirtschaftlichefreiheit.de\/wordpress\/?p=14327","og_site_name":"Wirtschaftliche Freiheit","article_published_time":"2014-02-02T23:01:46+00:00","author":"Henning Klodt","twitter_card":"summary_large_image","twitter_misc":{"Verfasst von":"Henning Klodt","Gesch\u00e4tzte Lesezeit":"4\u00a0Minuten"},"schema":{"@context":"https:\/\/schema.org","@graph":[{"@type":"Article","@id":"https:\/\/wirtschaftlichefreiheit.de\/wordpress\/?p=14327#article","isPartOf":{"@id":"https:\/\/wirtschaftlichefreiheit.de\/wordpress\/?p=14327"},"author":{"name":"Henning Klodt","@id":"https:\/\/wirtschaftlichefreiheit.de\/wordpress\/#\/schema\/person\/7465e36d39e266bd0bac1089600fb50b"},"headline":"Lasst die t\u00fcrkische Lira abwerten","datePublished":"2014-02-02T23:01:46+00:00","mainEntityOfPage":{"@id":"https:\/\/wirtschaftlichefreiheit.de\/wordpress\/?p=14327"},"wordCount":760,"commentCount":2,"keywords":["Abwertung","Portfolio-Investitionen","Tapering","T\u00fcrkei","t\u00fcrkische Lira","Zinsen"],"articleSection":["Globales","Monet\u00e4res","W\u00e4hrungspolitisches"],"inLanguage":"de","potentialAction":[{"@type":"CommentAction","name":"Comment","target":["https:\/\/wirtschaftlichefreiheit.de\/wordpress\/?p=14327#respond"]}]},{"@type":"WebPage","@id":"https:\/\/wirtschaftlichefreiheit.de\/wordpress\/?p=14327","url":"https:\/\/wirtschaftlichefreiheit.de\/wordpress\/?p=14327","name":"Lasst die t\u00fcrkische Lira abwerten - Wirtschaftliche Freiheit","isPartOf":{"@id":"https:\/\/wirtschaftlichefreiheit.de\/wordpress\/#website"},"datePublished":"2014-02-02T23:01:46+00:00","author":{"@id":"https:\/\/wirtschaftlichefreiheit.de\/wordpress\/#\/schema\/person\/7465e36d39e266bd0bac1089600fb50b"},"breadcrumb":{"@id":"https:\/\/wirtschaftlichefreiheit.de\/wordpress\/?p=14327#breadcrumb"},"inLanguage":"de","potentialAction":[{"@type":"ReadAction","target":["https:\/\/wirtschaftlichefreiheit.de\/wordpress\/?p=14327"]}]},{"@type":"BreadcrumbList","@id":"https:\/\/wirtschaftlichefreiheit.de\/wordpress\/?p=14327#breadcrumb","itemListElement":[{"@type":"ListItem","position":1,"name":"Startseite","item":"https:\/\/wirtschaftlichefreiheit.de\/wordpress"},{"@type":"ListItem","position":2,"name":"Lasst die t\u00fcrkische Lira abwerten"}]},{"@type":"WebSite","@id":"https:\/\/wirtschaftlichefreiheit.de\/wordpress\/#website","url":"https:\/\/wirtschaftlichefreiheit.de\/wordpress\/","name":"Wirtschaftliche Freiheit","description":"Das ordnungspolitische Journal","potentialAction":[{"@type":"SearchAction","target":{"@type":"EntryPoint","urlTemplate":"https:\/\/wirtschaftlichefreiheit.de\/wordpress\/?s={search_term_string}"},"query-input":{"@type":"PropertyValueSpecification","valueRequired":true,"valueName":"search_term_string"}}],"inLanguage":"de"},{"@type":"Person","@id":"https:\/\/wirtschaftlichefreiheit.de\/wordpress\/#\/schema\/person\/7465e36d39e266bd0bac1089600fb50b","name":"Henning Klodt","image":{"@type":"ImageObject","inLanguage":"de","@id":"https:\/\/wirtschaftlichefreiheit.de\/wordpress\/bilder\/henning_klodt1.jpg","url":"https:\/\/wirtschaftlichefreiheit.de\/wordpress\/bilder\/henning_klodt1.jpg","contentUrl":"https:\/\/wirtschaftlichefreiheit.de\/wordpress\/bilder\/henning_klodt1.jpg","caption":"Henning Klodt"},"description":"Institut f\u00fcr Weltwirtschaft in Kiel (bis 2017)","url":"https:\/\/wirtschaftlichefreiheit.de\/wordpress\/?author=13"}]}},"_links":{"self":[{"href":"https:\/\/wirtschaftlichefreiheit.de\/wordpress\/index.php?rest_route=\/wp\/v2\/posts\/14327","targetHints":{"allow":["GET"]}}],"collection":[{"href":"https:\/\/wirtschaftlichefreiheit.de\/wordpress\/index.php?rest_route=\/wp\/v2\/posts"}],"about":[{"href":"https:\/\/wirtschaftlichefreiheit.de\/wordpress\/index.php?rest_route=\/wp\/v2\/types\/post"}],"author":[{"embeddable":true,"href":"https:\/\/wirtschaftlichefreiheit.de\/wordpress\/index.php?rest_route=\/wp\/v2\/users\/13"}],"replies":[{"embeddable":true,"href":"https:\/\/wirtschaftlichefreiheit.de\/wordpress\/index.php?rest_route=%2Fwp%2Fv2%2Fcomments&post=14327"}],"version-history":[{"count":1,"href":"https:\/\/wirtschaftlichefreiheit.de\/wordpress\/index.php?rest_route=\/wp\/v2\/posts\/14327\/revisions"}],"predecessor-version":[{"id":14328,"href":"https:\/\/wirtschaftlichefreiheit.de\/wordpress\/index.php?rest_route=\/wp\/v2\/posts\/14327\/revisions\/14328"}],"wp:attachment":[{"href":"https:\/\/wirtschaftlichefreiheit.de\/wordpress\/index.php?rest_route=%2Fwp%2Fv2%2Fmedia&parent=14327"}],"wp:term":[{"taxonomy":"category","embeddable":true,"href":"https:\/\/wirtschaftlichefreiheit.de\/wordpress\/index.php?rest_route=%2Fwp%2Fv2%2Fcategories&post=14327"},{"taxonomy":"post_tag","embeddable":true,"href":"https:\/\/wirtschaftlichefreiheit.de\/wordpress\/index.php?rest_route=%2Fwp%2Fv2%2Ftags&post=14327"}],"curies":[{"name":"wp","href":"https:\/\/api.w.org\/{rel}","templated":true}]}}