{"id":15553,"date":"2014-09-25T00:01:16","date_gmt":"2014-09-24T23:01:16","guid":{"rendered":"http:\/\/wirtschaftlichefreiheit.de\/wordpress\/?p=15553"},"modified":"2026-01-05T11:41:47","modified_gmt":"2026-01-05T10:41:47","slug":"braucht-es-die-zwangsmitgliedschaft-in-der-ihk","status":"publish","type":"post","link":"https:\/\/wirtschaftlichefreiheit.de\/wordpress\/?p=15553","title":{"rendered":"Braucht es die Zwangsmitgliedschaft in der IHK?"},"content":{"rendered":"<p>80 Industrie- und Handelskammern erfreuen sich derzeit noch der Zwangsmitgliedschaft, die s\u00e4mtliche Unternehmen in Deutschland \u2013 mit Ausnahme reiner Handwerksunternehmen, Landwirtschaften und Freiberuflern \u2013 dazu verpflichtet, einen Jahresbeitrag zu zahlen, der je nach H\u00f6he des Umsatzes variiert. Durchschnittlich zahlen die Unternehmen einen Beitrag von 320 Euro pro Jahr im Rahmen dieser Zwangsmitgliedschaft.<\/p>\n<p><!--more--><\/p>\n<p>Mit dieser Zwangsmitgliedschaft befasst sich seit April nun das Bundesverfassungsgericht und stellt diese damit erstmals seit 1962 in Frage, als sich das Verfassungsgericht letztmalig f\u00fcr eine Zwangsmitgliedschaft aussprach. Gegner der Zwangsmitgliedschaft berufen sich in der Diskussion auf das Grundgesetz und sehen Industrie- und Handelskammern nicht als demokratisch gew\u00e4hltes Organ und damit als nicht ausreichend legitimiert an.<\/p>\n<p>W\u00e4hrend das Urteil des Bundesverfassungsgerichts abzuwarten bleibt, stellt sich die Frage nach einer ordnungs\u00f6konomischen Beurteilung dieser Zwangsmitgliedschaft:<\/p>\n<p>Begr\u00fcndet wird die Zwangsmitgliedschaft seitens der Industrie- und Handelskammer zum einen damit, \u201edas Sprachrohr\u201c der Wirtschaft zu sein und wirtschaftspolitische Positionen der von ihr vertretenen Unternehmen, unabh\u00e4ngig von Einzelinteressen, aufgrund dieser Zwangsmitgliedschaft, abw\u00e4gend und ausgleichend ber\u00fccksichtigen zu k\u00f6nnen. Zum anderen wird das Argument der Berufsausbildung ins Feld gef\u00fchrt: So organisieren die Industrie- und Handelskammern unter anderem die Berufsausbildung von der Eintragung ins Ausbildungsverzeichnis bis zur Abschlusspr\u00fcfung.<\/p>\n<p>Aus ordnungs\u00f6konomischer Sicht w\u00e4re daher zu pr\u00fcfen, ob die Vertretung der Gesamtinteressen der gewerblichen Wirtschaft und die Organisation der Berufsausbildung als \u00f6ffentliches Gut anzusehen ist, dessen Bereitstellung ausschlie\u00dflich durch die Zwangsmitgliedschaft und damit durch Zwangsbeitr\u00e4ge gesichert werden kann.<\/p>\n<p>Da der Nutzen der Berufsausbildung eindeutig zuordenbar ist \u2013 so profitieren die ausbildenden Unternehmen und die Auszubildenden von dieser Organisation \u2013, w\u00e4re es aus ordnungs\u00f6konomischer Sicht angemessen, diesen Personenkreisen auch die entsprechenden Organisationskosten aufzub\u00fcrden. Geht man jedoch davon aus, dass die Berufsausbildung positive externe Effekte aufweist, von der andere Betriebe und auch die Wirtschaft insgesamt profitieren, so bietet sich eine Finanzierung des Ausbildungssystems durch Steuermittel an. Zudem ist es sowieso inkonsistent, da\u00df die Organisation dieses Ausbildungssystems durch Zwangsbeitr\u00e4ge finanziert, die ausschlie\u00dflich von Unternehmen aufgebracht werden, andere Ausbildungssysteme aber \u2013 etwa die Hochschulen \u2013 weitgehend aus \u00f6ffentlichen Mitteln finanziert werden. Die Organisationskosten des Ausbildungssystems rechtfertigen somit keine Zwangsmitgliedschaft.<\/p>\n<p>Betrachten wir die Vertretung der Gesamtinteressen der gewerblichen Wirtschaft als Rechtfertigung einer Zwangsmitgliedschaft etwas n\u00e4her. Tatsache ist, dass die Industrie- und Handelskammern Unternehmen in unterschiedlichsten Branchen, mit unterschiedlichsten Kosten- und Erl\u00f6sstrukturen und mit unterschiedlichsten strategischen Ausrichtungen vertreten sollen. Die Interessen einer derartig ausdifferenzierten Unternehmenslandschaft lassen sich jedoch nicht widerspruchsfrei aggregieren. Beispielsweise sprach sich die IHK Stuttgart im Rahmen des Baus von Stuttgart21 f\u00fcr den Bau aus. Eine Gruppe von Unternehmen, die diese Meinung nicht vertreten, sah sich entsprechend von der IHK \u00fcbergangen und ihre Interessen vernachl\u00e4ssigt. Zu vermuten ist also, dass sich das einzige gemeinsame Interesse dieser inhomogenen Gruppe von Unternehmen lediglich darauf vereinen l\u00e4sst, m\u00f6glichst geringe Steuern zu bezahlen. Allein die Vertretung dieses Interesses kann aber kaum als ausreichend zur Bereitstellung des \u00f6ffentlichen Guts \u201eflorierende Wirtschaft\u201c angesehen werden. Eine gezielte Interessenvertretung findet demnach eher durch die entsprechenden Branchenverb\u00e4nde statt, die eher in der Lage sind, als Vertreter halbwegs homogener Interessen zu agieren und in den politischen Prozess zu intervenieren (Daumann 1999). Insofern ist also auch das Argument der Interessenvertretung nicht geeignet, die Zwangsmitgliedschaft in den Industrie-und Handelskammern zu begr\u00fcnden.<\/p>\n<p>Entsprechend gro\u00df ist auch die Kritik von Seiten der Unternehmen an der besagten Sonderabgabe. Der Widerstand in Reihen der vertretenen Unternehmen ist hoch und das, obwohl ein Drittel der Unternehmen von der Sonderabgabe aufgrund zu geringer Ums\u00e4tze befreit sind. Von den verbleibenden rund f\u00fcnf Millionen deutschen Unternehmen erhalten die Industrie- und Handelskammern allerdings immer noch 1,3 Milliarden Euro im Rahmen der Zwangsabgabe.<\/p>\n<p>Dabei erlangen die IHKs durch die Zwangsmitgliedschaft eine uneingeschr\u00e4nkte Marktmacht gegen\u00fcber den Mitgliedern, da die Option Abwanderung entf\u00e4llt: Verh\u00e4lt sich die IHK im Widerspruch zu den Interessen einzelner Unternehmen, haben diese nicht die M\u00f6glichkeit dieses Verhalten durch Austritt zu sanktionieren. Da zudem die Organisationsmacht der Mitglieder gering und die Kontrollmechanismen der IHKs offenbar nur zur\u00fcckhaltend ausgebaut sind, kam es in den letzten Jahren immer wieder zu Vorw\u00fcrfen bez\u00fcglich des Missbrauchs von Geldern. So hat beispielsweise das Verwaltungsgericht Koblenz 2013 festgestellt, dass die \u00f6rtliche IHK eine \u201eunzureichende Verm\u00f6gensbildung\u201c in Millionenh\u00f6he betrieben habe. Kritisiert werden dabei auch Prunkbauten und Spitzengeh\u00e4lter der IHK-Mitarbeiter.<\/p>\n<p>Unter ordnungs\u00f6konomischen Gesichtspunkt l\u00e4sst sich damit klar festhalten, dass die Zwangsmitgliedschaft in der IHK kaum zu rechtfertigen ist. Das Ziel, die gemeinsamen Interessen im Sinne des Gemeinwohls zu vertreten, l\u00e4sst sich ob der Unterschiede der verschiedenen vertretenen Gruppen kaum bewerkstelligen. Und die Organisation der Berufsausbildung l\u00e4sst sich \u2013 wie aufgezeigt wurde \u2013 auf ordnungs\u00f6konomisch unproblematischem Wege finanzieren. Zudem ist eine Zwangsmitgliedschaft in einer Organisation ein den konstituierenden Prinzipien der Marktwirtschaft widersprechendes Element, da diese eine klare Einschr\u00e4nkung der Freiheitsspielr\u00e4ume der Unternehmer darstellt: Den Unternehmen bleibt keine Wahl, den Obolus an die IHK zu entrichten, auch wenn viele Mittelstandsunternehmen dies nicht aus freien St\u00fccken tun. So bleibt aus ordnungs\u00f6konomischer Sicht nur zu hoffen, dass das BVerfG die Zwangsabgabe nach 52 Jahren erstmaliger Neuverhandlung nun endlich kippt und sich damit der Mehrheit der europ\u00e4ischen Nachbarn anschlie\u00dft.<\/p>\n<p><strong>Literatur:<\/strong><\/p>\n<p>Daumann, F. (1999), Interessenverb\u00e4nde im politischen Proze\u00df, T\u00fcbingen.<\/p>\n<p>o.V. (o.J.): IHK- Kompetenter Partner der Wirtschaft. Abrufbar unter: http:\/\/www.stuttgart.ihk24.de\/Ueber_uns\/IHK_Arbeit\/980048\/KompetenterPartner_index.html (letzter Aufruf vom 13.08.2014)<\/p>\n<p>\u00d6chsner, T. (2014): Karlsruhe befasst sich mit Zwangsmitgliedschaft in Handelskammern. In S\u00fcddeutsche (online). Abrufbar unter:http:\/\/www.sueddeutsche.de\/wirtschaft\/heikler-fall-fuer-bundesverfassungsgericht-karlsruhe-befasst-sich-mit-zwangsmitgliedschaft-in-handelskammern-1.1924713 (letzter Aufruf vom 13.08.2014)<\/p>\n<!-- AddThis Advanced Settings generic via filter on the_content --><!-- AddThis Share Buttons generic via filter on the_content --><!-- AddThis Related Posts generic via filter on the_content -->","protected":false},"excerpt":{"rendered":"<p>80 Industrie- und Handelskammern erfreuen sich derzeit noch der Zwangsmitgliedschaft, die s\u00e4mtliche Unternehmen in Deutschland \u2013 mit Ausnahme reiner Handwerksunternehmen, Landwirtschaften und Freiberuflern \u2013 dazu &hellip; <\/p>\n<p class=\"link-more\"><a href=\"https:\/\/wirtschaftlichefreiheit.de\/wordpress\/?p=15553\" class=\"more-link\"><span class=\"screen-reader-text\">\u201eBraucht es die Zwangsmitgliedschaft in der IHK?\u201c <\/span>weiterlesen<\/a><\/p>\n<p><!-- AddThis Advanced Settings generic via filter on wp_trim_excerpt --><!-- AddThis Share Buttons generic via filter on wp_trim_excerpt --><!-- AddThis Related Posts generic via filter on wp_trim_excerpt --><\/p>\n","protected":false},"author":32,"featured_media":42557,"comment_status":"open","ping_status":"open","sticky":false,"template":"","format":"standard","meta":{"footnotes":""},"categories":[38,41],"tags":[357,1662,1663],"class_list":["post-15553","post","type-post","status-publish","format-standard","has-post-thumbnail","hentry","category-institutionelles","category-ordnungspolitisches","tag-bverfg","tag-ihk","tag-zwangsmitgliedschaft"],"yoast_head":"<!-- This site is optimized with the Yoast SEO plugin v27.2 - https:\/\/yoast.com\/product\/yoast-seo-wordpress\/ -->\n<title>Braucht es die Zwangsmitgliedschaft in der IHK? - Wirtschaftliche Freiheit<\/title>\n<meta name=\"robots\" content=\"index, follow, max-snippet:-1, max-image-preview:large, max-video-preview:-1\" \/>\n<link rel=\"canonical\" href=\"https:\/\/wirtschaftlichefreiheit.de\/wordpress\/?p=15553\" \/>\n<meta property=\"og:locale\" content=\"de_DE\" \/>\n<meta property=\"og:type\" content=\"article\" \/>\n<meta property=\"og:title\" content=\"Braucht es die Zwangsmitgliedschaft in der IHK? - Wirtschaftliche Freiheit\" \/>\n<meta property=\"og:description\" content=\"80 Industrie- und Handelskammern erfreuen sich derzeit noch der Zwangsmitgliedschaft, die s\u00e4mtliche Unternehmen in Deutschland \u2013 mit Ausnahme reiner Handwerksunternehmen, Landwirtschaften und Freiberuflern \u2013 dazu &hellip; \u201eBraucht es die Zwangsmitgliedschaft in der IHK?\u201c weiterlesen\" \/>\n<meta property=\"og:url\" content=\"https:\/\/wirtschaftlichefreiheit.de\/wordpress\/?p=15553\" \/>\n<meta property=\"og:site_name\" content=\"Wirtschaftliche Freiheit\" \/>\n<meta property=\"article:published_time\" content=\"2014-09-24T23:01:16+00:00\" \/>\n<meta property=\"article:modified_time\" content=\"2026-01-05T10:41:47+00:00\" \/>\n<meta property=\"og:image\" content=\"http:\/\/wirtschaftlichefreiheit.de\/wordpress\/bilder\/dihk.png\" \/>\n\t<meta property=\"og:image:width\" content=\"610\" \/>\n\t<meta property=\"og:image:height\" content=\"378\" \/>\n\t<meta property=\"og:image:type\" content=\"image\/png\" \/>\n<meta name=\"author\" content=\"Frank Daumann\" \/>\n<meta name=\"twitter:card\" content=\"summary_large_image\" \/>\n<meta name=\"twitter:label1\" content=\"Verfasst von\" \/>\n\t<meta name=\"twitter:data1\" content=\"Frank Daumann\" \/>\n\t<meta name=\"twitter:label2\" content=\"Gesch\u00e4tzte Lesezeit\" \/>\n\t<meta name=\"twitter:data2\" content=\"5\u00a0Minuten\" \/>\n<script type=\"application\/ld+json\" class=\"yoast-schema-graph\">{\"@context\":\"https:\/\/schema.org\",\"@graph\":[{\"@type\":\"Article\",\"@id\":\"https:\/\/wirtschaftlichefreiheit.de\/wordpress\/?p=15553#article\",\"isPartOf\":{\"@id\":\"https:\/\/wirtschaftlichefreiheit.de\/wordpress\/?p=15553\"},\"author\":{\"name\":\"Frank Daumann\",\"@id\":\"https:\/\/wirtschaftlichefreiheit.de\/wordpress\/#\/schema\/person\/048a8948abcb03ac85c5aebeac85fbcc\"},\"headline\":\"Braucht es die Zwangsmitgliedschaft in der IHK?\",\"datePublished\":\"2014-09-24T23:01:16+00:00\",\"dateModified\":\"2026-01-05T10:41:47+00:00\",\"mainEntityOfPage\":{\"@id\":\"https:\/\/wirtschaftlichefreiheit.de\/wordpress\/?p=15553\"},\"wordCount\":919,\"commentCount\":2,\"image\":{\"@id\":\"https:\/\/wirtschaftlichefreiheit.de\/wordpress\/?p=15553#primaryimage\"},\"thumbnailUrl\":\"https:\/\/wirtschaftlichefreiheit.de\/wordpress\/bilder\/dihk.png\",\"keywords\":[\"BVerfG\",\"IHK\",\"Zwangsmitgliedschaft\"],\"articleSection\":[\"Institutionelles\",\"Ordnungspolitisches\"],\"inLanguage\":\"de\",\"potentialAction\":[{\"@type\":\"CommentAction\",\"name\":\"Comment\",\"target\":[\"https:\/\/wirtschaftlichefreiheit.de\/wordpress\/?p=15553#respond\"]}]},{\"@type\":\"WebPage\",\"@id\":\"https:\/\/wirtschaftlichefreiheit.de\/wordpress\/?p=15553\",\"url\":\"https:\/\/wirtschaftlichefreiheit.de\/wordpress\/?p=15553\",\"name\":\"Braucht es die Zwangsmitgliedschaft in der IHK? - Wirtschaftliche Freiheit\",\"isPartOf\":{\"@id\":\"https:\/\/wirtschaftlichefreiheit.de\/wordpress\/#website\"},\"primaryImageOfPage\":{\"@id\":\"https:\/\/wirtschaftlichefreiheit.de\/wordpress\/?p=15553#primaryimage\"},\"image\":{\"@id\":\"https:\/\/wirtschaftlichefreiheit.de\/wordpress\/?p=15553#primaryimage\"},\"thumbnailUrl\":\"https:\/\/wirtschaftlichefreiheit.de\/wordpress\/bilder\/dihk.png\",\"datePublished\":\"2014-09-24T23:01:16+00:00\",\"dateModified\":\"2026-01-05T10:41:47+00:00\",\"author\":{\"@id\":\"https:\/\/wirtschaftlichefreiheit.de\/wordpress\/#\/schema\/person\/048a8948abcb03ac85c5aebeac85fbcc\"},\"breadcrumb\":{\"@id\":\"https:\/\/wirtschaftlichefreiheit.de\/wordpress\/?p=15553#breadcrumb\"},\"inLanguage\":\"de\",\"potentialAction\":[{\"@type\":\"ReadAction\",\"target\":[\"https:\/\/wirtschaftlichefreiheit.de\/wordpress\/?p=15553\"]}]},{\"@type\":\"ImageObject\",\"inLanguage\":\"de\",\"@id\":\"https:\/\/wirtschaftlichefreiheit.de\/wordpress\/?p=15553#primaryimage\",\"url\":\"https:\/\/wirtschaftlichefreiheit.de\/wordpress\/bilder\/dihk.png\",\"contentUrl\":\"https:\/\/wirtschaftlichefreiheit.de\/wordpress\/bilder\/dihk.png\",\"width\":610,\"height\":378},{\"@type\":\"BreadcrumbList\",\"@id\":\"https:\/\/wirtschaftlichefreiheit.de\/wordpress\/?p=15553#breadcrumb\",\"itemListElement\":[{\"@type\":\"ListItem\",\"position\":1,\"name\":\"Startseite\",\"item\":\"https:\/\/wirtschaftlichefreiheit.de\/wordpress\"},{\"@type\":\"ListItem\",\"position\":2,\"name\":\"Braucht es die Zwangsmitgliedschaft in der IHK?\"}]},{\"@type\":\"WebSite\",\"@id\":\"https:\/\/wirtschaftlichefreiheit.de\/wordpress\/#website\",\"url\":\"https:\/\/wirtschaftlichefreiheit.de\/wordpress\/\",\"name\":\"Wirtschaftliche Freiheit\",\"description\":\"Das ordnungspolitische Journal\",\"potentialAction\":[{\"@type\":\"SearchAction\",\"target\":{\"@type\":\"EntryPoint\",\"urlTemplate\":\"https:\/\/wirtschaftlichefreiheit.de\/wordpress\/?s={search_term_string}\"},\"query-input\":{\"@type\":\"PropertyValueSpecification\",\"valueRequired\":true,\"valueName\":\"search_term_string\"}}],\"inLanguage\":\"de\"},{\"@type\":\"Person\",\"@id\":\"https:\/\/wirtschaftlichefreiheit.de\/wordpress\/#\/schema\/person\/048a8948abcb03ac85c5aebeac85fbcc\",\"name\":\"Frank Daumann\",\"image\":{\"@type\":\"ImageObject\",\"inLanguage\":\"de\",\"@id\":\"https:\/\/wirtschaftlichefreiheit.de\/wordpress\/bilder\/frank_daumann1.jpg\",\"url\":\"https:\/\/wirtschaftlichefreiheit.de\/wordpress\/bilder\/frank_daumann1.jpg\",\"contentUrl\":\"https:\/\/wirtschaftlichefreiheit.de\/wordpress\/bilder\/frank_daumann1.jpg\",\"caption\":\"Frank Daumann\"},\"description\":\"Friedrich-Schiller-Universit\u00e4t Jena\",\"url\":\"https:\/\/wirtschaftlichefreiheit.de\/wordpress\/?author=32\"}]}<\/script>\n<!-- \/ Yoast SEO plugin. -->","yoast_head_json":{"title":"Braucht es die Zwangsmitgliedschaft in der IHK? - Wirtschaftliche Freiheit","robots":{"index":"index","follow":"follow","max-snippet":"max-snippet:-1","max-image-preview":"max-image-preview:large","max-video-preview":"max-video-preview:-1"},"canonical":"https:\/\/wirtschaftlichefreiheit.de\/wordpress\/?p=15553","og_locale":"de_DE","og_type":"article","og_title":"Braucht es die Zwangsmitgliedschaft in der IHK? - Wirtschaftliche Freiheit","og_description":"80 Industrie- und Handelskammern erfreuen sich derzeit noch der Zwangsmitgliedschaft, die s\u00e4mtliche Unternehmen in Deutschland \u2013 mit Ausnahme reiner Handwerksunternehmen, Landwirtschaften und Freiberuflern \u2013 dazu &hellip; \u201eBraucht es die Zwangsmitgliedschaft in der IHK?\u201c weiterlesen","og_url":"https:\/\/wirtschaftlichefreiheit.de\/wordpress\/?p=15553","og_site_name":"Wirtschaftliche Freiheit","article_published_time":"2014-09-24T23:01:16+00:00","article_modified_time":"2026-01-05T10:41:47+00:00","og_image":[{"width":610,"height":378,"url":"http:\/\/wirtschaftlichefreiheit.de\/wordpress\/bilder\/dihk.png","type":"image\/png"}],"author":"Frank Daumann","twitter_card":"summary_large_image","twitter_misc":{"Verfasst von":"Frank Daumann","Gesch\u00e4tzte Lesezeit":"5\u00a0Minuten"},"schema":{"@context":"https:\/\/schema.org","@graph":[{"@type":"Article","@id":"https:\/\/wirtschaftlichefreiheit.de\/wordpress\/?p=15553#article","isPartOf":{"@id":"https:\/\/wirtschaftlichefreiheit.de\/wordpress\/?p=15553"},"author":{"name":"Frank Daumann","@id":"https:\/\/wirtschaftlichefreiheit.de\/wordpress\/#\/schema\/person\/048a8948abcb03ac85c5aebeac85fbcc"},"headline":"Braucht es die Zwangsmitgliedschaft in der IHK?","datePublished":"2014-09-24T23:01:16+00:00","dateModified":"2026-01-05T10:41:47+00:00","mainEntityOfPage":{"@id":"https:\/\/wirtschaftlichefreiheit.de\/wordpress\/?p=15553"},"wordCount":919,"commentCount":2,"image":{"@id":"https:\/\/wirtschaftlichefreiheit.de\/wordpress\/?p=15553#primaryimage"},"thumbnailUrl":"https:\/\/wirtschaftlichefreiheit.de\/wordpress\/bilder\/dihk.png","keywords":["BVerfG","IHK","Zwangsmitgliedschaft"],"articleSection":["Institutionelles","Ordnungspolitisches"],"inLanguage":"de","potentialAction":[{"@type":"CommentAction","name":"Comment","target":["https:\/\/wirtschaftlichefreiheit.de\/wordpress\/?p=15553#respond"]}]},{"@type":"WebPage","@id":"https:\/\/wirtschaftlichefreiheit.de\/wordpress\/?p=15553","url":"https:\/\/wirtschaftlichefreiheit.de\/wordpress\/?p=15553","name":"Braucht es die Zwangsmitgliedschaft in der IHK? - Wirtschaftliche Freiheit","isPartOf":{"@id":"https:\/\/wirtschaftlichefreiheit.de\/wordpress\/#website"},"primaryImageOfPage":{"@id":"https:\/\/wirtschaftlichefreiheit.de\/wordpress\/?p=15553#primaryimage"},"image":{"@id":"https:\/\/wirtschaftlichefreiheit.de\/wordpress\/?p=15553#primaryimage"},"thumbnailUrl":"https:\/\/wirtschaftlichefreiheit.de\/wordpress\/bilder\/dihk.png","datePublished":"2014-09-24T23:01:16+00:00","dateModified":"2026-01-05T10:41:47+00:00","author":{"@id":"https:\/\/wirtschaftlichefreiheit.de\/wordpress\/#\/schema\/person\/048a8948abcb03ac85c5aebeac85fbcc"},"breadcrumb":{"@id":"https:\/\/wirtschaftlichefreiheit.de\/wordpress\/?p=15553#breadcrumb"},"inLanguage":"de","potentialAction":[{"@type":"ReadAction","target":["https:\/\/wirtschaftlichefreiheit.de\/wordpress\/?p=15553"]}]},{"@type":"ImageObject","inLanguage":"de","@id":"https:\/\/wirtschaftlichefreiheit.de\/wordpress\/?p=15553#primaryimage","url":"https:\/\/wirtschaftlichefreiheit.de\/wordpress\/bilder\/dihk.png","contentUrl":"https:\/\/wirtschaftlichefreiheit.de\/wordpress\/bilder\/dihk.png","width":610,"height":378},{"@type":"BreadcrumbList","@id":"https:\/\/wirtschaftlichefreiheit.de\/wordpress\/?p=15553#breadcrumb","itemListElement":[{"@type":"ListItem","position":1,"name":"Startseite","item":"https:\/\/wirtschaftlichefreiheit.de\/wordpress"},{"@type":"ListItem","position":2,"name":"Braucht es die Zwangsmitgliedschaft in der IHK?"}]},{"@type":"WebSite","@id":"https:\/\/wirtschaftlichefreiheit.de\/wordpress\/#website","url":"https:\/\/wirtschaftlichefreiheit.de\/wordpress\/","name":"Wirtschaftliche Freiheit","description":"Das ordnungspolitische Journal","potentialAction":[{"@type":"SearchAction","target":{"@type":"EntryPoint","urlTemplate":"https:\/\/wirtschaftlichefreiheit.de\/wordpress\/?s={search_term_string}"},"query-input":{"@type":"PropertyValueSpecification","valueRequired":true,"valueName":"search_term_string"}}],"inLanguage":"de"},{"@type":"Person","@id":"https:\/\/wirtschaftlichefreiheit.de\/wordpress\/#\/schema\/person\/048a8948abcb03ac85c5aebeac85fbcc","name":"Frank Daumann","image":{"@type":"ImageObject","inLanguage":"de","@id":"https:\/\/wirtschaftlichefreiheit.de\/wordpress\/bilder\/frank_daumann1.jpg","url":"https:\/\/wirtschaftlichefreiheit.de\/wordpress\/bilder\/frank_daumann1.jpg","contentUrl":"https:\/\/wirtschaftlichefreiheit.de\/wordpress\/bilder\/frank_daumann1.jpg","caption":"Frank Daumann"},"description":"Friedrich-Schiller-Universit\u00e4t Jena","url":"https:\/\/wirtschaftlichefreiheit.de\/wordpress\/?author=32"}]}},"_links":{"self":[{"href":"https:\/\/wirtschaftlichefreiheit.de\/wordpress\/index.php?rest_route=\/wp\/v2\/posts\/15553","targetHints":{"allow":["GET"]}}],"collection":[{"href":"https:\/\/wirtschaftlichefreiheit.de\/wordpress\/index.php?rest_route=\/wp\/v2\/posts"}],"about":[{"href":"https:\/\/wirtschaftlichefreiheit.de\/wordpress\/index.php?rest_route=\/wp\/v2\/types\/post"}],"author":[{"embeddable":true,"href":"https:\/\/wirtschaftlichefreiheit.de\/wordpress\/index.php?rest_route=\/wp\/v2\/users\/32"}],"replies":[{"embeddable":true,"href":"https:\/\/wirtschaftlichefreiheit.de\/wordpress\/index.php?rest_route=%2Fwp%2Fv2%2Fcomments&post=15553"}],"version-history":[{"count":3,"href":"https:\/\/wirtschaftlichefreiheit.de\/wordpress\/index.php?rest_route=\/wp\/v2\/posts\/15553\/revisions"}],"predecessor-version":[{"id":42556,"href":"https:\/\/wirtschaftlichefreiheit.de\/wordpress\/index.php?rest_route=\/wp\/v2\/posts\/15553\/revisions\/42556"}],"wp:featuredmedia":[{"embeddable":true,"href":"https:\/\/wirtschaftlichefreiheit.de\/wordpress\/index.php?rest_route=\/wp\/v2\/media\/42557"}],"wp:attachment":[{"href":"https:\/\/wirtschaftlichefreiheit.de\/wordpress\/index.php?rest_route=%2Fwp%2Fv2%2Fmedia&parent=15553"}],"wp:term":[{"taxonomy":"category","embeddable":true,"href":"https:\/\/wirtschaftlichefreiheit.de\/wordpress\/index.php?rest_route=%2Fwp%2Fv2%2Fcategories&post=15553"},{"taxonomy":"post_tag","embeddable":true,"href":"https:\/\/wirtschaftlichefreiheit.de\/wordpress\/index.php?rest_route=%2Fwp%2Fv2%2Ftags&post=15553"}],"curies":[{"name":"wp","href":"https:\/\/api.w.org\/{rel}","templated":true}]}}