{"id":15640,"date":"2014-10-11T00:01:34","date_gmt":"2014-10-10T23:01:34","guid":{"rendered":"http:\/\/wirtschaftlichefreiheit.de\/wordpress\/?p=15640"},"modified":"2014-10-14T11:00:55","modified_gmt":"2014-10-14T10:00:55","slug":"wenns-dem-esel-zu-wohl-wirddeutschlands-schoene-fassade-bekommt-risse","status":"publish","type":"post","link":"https:\/\/wirtschaftlichefreiheit.de\/wordpress\/?p=15640","title":{"rendered":"Wenn\u2019s dem Esel zu wohl wird<br\/><font size=3; color=grey>Deutschlands sch\u00f6ne Fassade bekommt Risse<\/font>"},"content":{"rendered":"<blockquote><p><i>\u201eDenk ich an Deutschland in der Nacht, bin ich um den Schlaf gebracht.\u201c (Heinrich Heine)<\/i><\/p><\/blockquote>\n<p>Es war fast wie im M\u00e4rchen. Die Welt blickte teils anerkennend, teils bewundernd, teils neidisch auf Deutschland. Nun hat sich die Stimmung auch hierzulande eingetr\u00fcbt. In Europa ist Deutschland aber noch immer wirtschaftlich vorne. Die Arbeitslosigkeit ist geringer als anderswo, qualifizierte Arbeitskr\u00e4fte werden knapp. In den L\u00e4ndern der Europ\u00e4ischen Union schrumpft die Wirtschaft, Deutschland w\u00e4chst weiter, wenn auch nur noch langsam. Die europ\u00e4ischen Staaten versinken im Schuldensumpf, Deutschland will seinen Haushalt ausgleichen.<\/p>\n<p><!--more--><\/p>\n<p align=\"center\"><b>Woher kommen wir?<\/b><\/p>\n<p>Der wirtschaftliche Erfolg fiel Deutschland nicht in den Scho\u00df. Noch zu Beginn des neuen Jahrtausends war Deutschland der \u201ekranke Mann\u201c in Europa. Das hat sich ge\u00e4ndert. Allerdings haben die politischen Akteure erst reagiert, als der wirtschaftliche Zustand des Patienten kritisch wurde. Die rot-gr\u00fcne Politik hat mit Strukturreformen am Arbeitsmarkt, das richtige Medikament verabreicht. Mit den Hartz-Reformen wurden die Chancen der schwer gebeutelten einfachen Arbeit deutlich verbessert.<\/p>\n<p>Allerdings hat sich die Lage am Arbeitsmarkt erst sp\u00fcrbar entspannt, als die Tarifpartner lohn- und tarifpolitisch wieder zur Vernunft kamen. Der Druck der Globalisierung zwang sie zu einer st\u00e4rker dezentralen Politik. Betriebliche B\u00fcndnisse f\u00fcr Arbeit machten das <a href=\"http:\/\/wirtschaftlichefreiheit.de\/wordpress\/?p=13492\">Tarifkartell<\/a> l\u00f6chriger. Davon profitierten die Arbeitslosen. Allerdings hatte Deutschland auch das Gl\u00fcck des T\u00fcchtigen. Im wirtschaftlichen Boom der Schwellenl\u00e4nder avancierte es zum Investitionsg\u00fcterhersteller der Welt.<\/p>\n<p>Mehr Markt und mehr Wettbewerb brachte Deutschland wieder auf die Erfolgsspur. Nachhaltige Strukturreformen auf der Angebotsseite sind die richtige Medizin. Verschuldungsgetriebene Nachfragepolitik ist allenfalls ein Strohfeuer. Das ist die Erkenntnis des deutschen <a href=\"http:\/\/wirtschaftlichefreiheit.de\/wordpress\/?p=12825\">\u201eWirtschaftswunders 2.0\u201c<\/a>. Davon will die Gro\u00dfe Koalition allerdings nichts wissen. Der Markt ist ihr suspekt, mehr Wettbewerb ist ein \u00dcbel. Sie sieht \u00fcberall nur Marktversagen. Ihre Botschaft ist: <a href=\"http:\/\/wirtschaftlichefreiheit.de\/wordpress\/?p=13892\">Weniger Markt wagen!<\/a><\/p>\n<p align=\"center\"><b>Was tun wir?<\/b><\/p>\n<p>Die Politik der Gro\u00dfen Koalition ist wettbewerbsfeindlich. Auf dem Arbeitsmarkt wird die Agenda 2010 abgewickelt. Eine wirksame Abrissbirne ist ein fl\u00e4chendeckender <a href=\"http:\/\/wirtschaftlichefreiheit.de\/wordpress\/?p=11716\">gesetzlicher Mindestlohn<\/a>. Er ist ein Besch\u00e4ftigungsverbot f\u00fcr einfache Arbeit, vor allem in den neuen Bundesl\u00e4ndern. Diese \u201elohnsatzpolitische Gerechtigkeit\u201c erh\u00f6ht die Armut. Der Mindestlohn ist aber auch ein Rettungsschirm f\u00fcr die Tarifpartner. Er tilgt die \u201ewei\u00dfen Flecken\u201c in der Fl\u00e4chentariflandschaft. Das ist der Anfang vom Ende der Tarifautonomie. Nun hat der Staat wieder seine Finger im Spiel.<\/p>\n<p>Auch auf dem Wohnungsmarkt handelt die gro\u00dfe Koalition nach dem Prinzip \u201eWeniger Markt wagen\u201c. Die Mietpreisbremse soll mehr Gerechtigkeit bringen. Eine Politik der Umverteilung \u00fcber die Preise ist aber weder effizient noch gerecht. Das Angebot an bezahlbarem Wohnraum wird sinken, die Nachfrage\u00fcberh\u00e4nge werden weiter zunehmen, die Mietpreise steigen. Die Leidtragenden dieser Entwicklung sind vor allem weniger kaufkr\u00e4ftige Mieter. Gerecht ist das sicher nicht.<\/p>\n<p>Gegen alle \u00f6konomische Vernunft ist auch die Energiewende. Bei der Reform der Energiepolitik ist der Markt weitgehend verbannt. Auch beim novellierten EEG dominieren Staat und Plan. Eine kostentr\u00e4chtige Spirale der Intervention aus Regulierungen und Subventionen ist im Gange. Von Effizienz kann keine Rede sein. Die Energiewende tr\u00e4gt so gut wie nichts zum Klimaschutz bei. Diese L\u00f6sung ist auch nicht gerecht. Explodierende Energiepreise treffen Niedrigl\u00f6hner besonders hart.<\/p>\n<p>Das Prinzip der Nachhaltigkeit wird bei der Reform der Gesetzlichen Rentenversicherung mit F\u00fc\u00dfen getreten. Die \u201eRente mit 63\u201c und die \u201eM\u00fctterrente\u201c machen die Reformen von Rot-Gr\u00fcn wieder r\u00fcckg\u00e4ngig. Der richtige Ansatz, die Rente der steigenden Lebenserwartung anzupassen, wird konterkariert. Die Steuer-Beitrags-Schere \u00f6ffnet sich, die Arbeitslosigkeit wird steigen. Vor allem m\u00e4nnliche Facharbeiter profitieren von der \u201eRente mit 63\u201c. Die reichsten Rentner werden bezuschusst.<\/p>\n<p align=\"center\"><b>Was bl\u00fcht uns?<\/b><\/p>\n<p>Die Erfahrung zeigt, die gr\u00f6\u00dften wirtschaftspolitischen Fehler werden in wirtschaftlich guten Zeiten gemacht. Das bewahrheitet sich. \u00dcbermut tut selten gut, vor allem nicht bei den Herausforderungen, vor denen Deutschland steht. Die offenkundigste ist die demographische Entwicklung. Wir wissen heute schon sehr genau, welche Lasten vor allem auf die Systeme der Sozialen Sicherung zukommen werden. Diese Lasten k\u00fcnftiger Generationen mutwillig zu erh\u00f6hen, ist verantwortungslos.<\/p>\n<p>Es ist fraglich, wie lange Deutschland noch von seinen \u201ealten\u201c Industrien profitieren wird. Der sektorale Strukturwandel macht auch vor Deutschland nicht Halt. Gro\u00dfe Teile der industriellen Produktion werden ins Ausland abwandern. Mit ihr werden immer \u00f6fter auch Forschung und Entwicklung das Land verlassen. Der \u00dcbergang zur dienstleistungsintensiveren Produktion ist f\u00fcr Deutschland wegen des \u00fcberm\u00e4\u00dfig starken Industriesektors eine echte wirtschaftliche Herausforderung. Das gilt vor allem dann, wenn die Politik im Dienstleistungssektor mit starken Regulierungen gegen den Markt arbeitet.<\/p>\n<p>Deutschland wird eine weitere Erblast einer \u00f6konomisch irrlichternder Politik schultern m\u00fcssen. Den Euro einzuf\u00fchren, bevor Europa einigerma\u00dfen real integriert ist, war ein schlimmer Fehler. Anhaltende finanzielle Transfers in die Peripherie sind unvermeidlich. Deutschland wird einer der Hauptzahler sein. Die finanziellen Lasten werden k\u00fcnftigen Generationen wie M\u00fchlsteine am Hals h\u00e4ngen. Wir verspielen die Zukunft unserer Kinder. Alles in allem: Deutschlands sch\u00f6ne Fassade hat Risse.<\/p>\n<p align=\"center\"><b>Was ist notwendig?<\/b><\/p>\n<p>Es gibt gute Gr\u00fcnde, die gegen eine Politik sprechen, die von Fall zu Fall entscheidet. Diskretion\u00e4re Politik agiert opportunistisch. Sie ist am kurzfristigen tagespolitischen Erfolg orientiert. Die Kosten werden auf die Zukunft verschoben. Das ist der Politikstil der gro\u00dfen Koalition. Ad\u00e4quat w\u00e4re dagegen eine Politik, die sich an langfristig geltenden Regeln orientiert. Der Staat sollte die Regeln setzen, sie \u00fcberwachen und Verst\u00f6\u00dfe sanktionieren. Was er nicht tun darf, ist selbst mitspielen. Eine regelgebundene Politik ist die Basis f\u00fcr einen wirksamen wirtschaftlichen Wettbewerb.<\/p>\n<p>Auch in einer komplexen Welt funktioniert eine regelgebundene Politik. Es spricht sogar vieles daf\u00fcr, dass eine komplexe Welt einfache Regeln braucht (Andrew Haldane). Die ordnungspolitischen Regeln, die Walter Eucken aufgestellt hat, werden diesem Kriterium gerecht. Es reicht aus, wenn der Staat private Eigentumsrechte, individuelle Vertragsfreiheit und freien Zugang zu den M\u00e4rkten garantiert. Handlung und Haftung fallen zusammen. Die Gefahr einer diskretion\u00e4ren Politik auf Zuruf wird minimiert.<\/p>\n<p>Auf die demographische Herausforderung muss die Politik mit einer R\u00fcckkehr zur sinnvollen Rentenreform von Rot-Gr\u00fcn antworten. Der verteilungspolitisch motivierte Murks von Rot-Schwarz ist inakzeptabel. Aber auch das industrielastige <a href=\"http:\/\/wirtschaftlichefreiheit.de\/wordpress\/?p=8912\">\u201eGesch\u00e4ftsmodell Deutschland\u201c<\/a> muss renoviert werden. An einer umfassenden Deregulierung des Dienstleistungssektors f\u00fchrt kein Weg vorbei. Schlie\u00dflich retten auch milliardenschwere europ\u00e4ische Rettungsschirme den Euro nicht. Die Europ\u00e4ische W\u00e4hrungsunion muss entweder redimensioniert werden oder Deutschland muss aus dem Euro aussteigen.<\/p>\n<p align=\"center\"><b>Fazit<\/b><\/p>\n<p>Deutschland geht es wirtschaftlich (noch) gut. Kein Wunder, dass in der Politik der \u00dcbermut regiert. Markt und Wettbewerb sind der Gro\u00dfen Koalition suspekt. Staat und Plan feiern fr\u00f6hliche Urst\u00e4nd. Ressourcen werden nach Gutsherrenart zugeteilt. Regulierungen und Subventionen beherrschen die Szene. Eine solche diskretion\u00e4re Politik auf Zuruf von Interessengruppen kann nicht gut gehen. Nicht nur die \u00f6konomische Effizienz kommt unter die R\u00e4der. Auch von sozialer Gerechtigkeit kann keine Rede sein. Vor allem aber: Die wirtschaftliche Freiheit bleibt auf der Strecke.<\/p>\n<p><img loading=\"lazy\" decoding=\"async\" alt=\"\" src=\"http:\/\/vg04.met.vgwort.de\/na\/acaaccc14af4464b823f07c80fe8f343\" width=\"1\" height=\"1\" \/><\/p>\n<!-- AddThis Advanced Settings generic via filter on the_content --><!-- AddThis Share Buttons generic via filter on the_content --><!-- AddThis Related Posts generic via filter on the_content -->","protected":false},"excerpt":{"rendered":"<p>\u201eDenk ich an Deutschland in der Nacht, bin ich um den Schlaf gebracht.\u201c (Heinrich Heine) Es war fast wie im M\u00e4rchen. Die Welt blickte teils &hellip; <\/p>\n<p class=\"link-more\"><a href=\"https:\/\/wirtschaftlichefreiheit.de\/wordpress\/?p=15640\" class=\"more-link\"><span class=\"screen-reader-text\">\u201eWenn\u2019s dem Esel zu wohl wird<br \/><font size=3; color=grey>Deutschlands sch\u00f6ne Fassade bekommt Risse<\/font>\u201c <\/span>weiterlesen<\/a><\/p>\n<p><!-- AddThis Advanced Settings generic via filter on wp_trim_excerpt --><!-- AddThis Share Buttons generic via filter on wp_trim_excerpt --><!-- AddThis Related Posts generic via filter on wp_trim_excerpt --><\/p>\n","protected":false},"author":7,"featured_media":0,"comment_status":"open","ping_status":"open","sticky":false,"template":"","format":"standard","meta":{"footnotes":""},"categories":[24,25,1213,1545,1166,38,31,35,37],"tags":[1677,556,483,797,1498,154,1678,156],"class_list":["post-15640","post","type-post","status-publish","format-standard","hentry","category-demographisches","category-distributives","category-energiepolitisches","category-freiheitliches","category-gerechtes","category-institutionelles","category-politisches","category-staatliches","category-umweltpolitisches","tag-agenda-2010","tag-berthold","tag-eeg","tag-geschaftsmodell-deutschland","tag-mietpreisbremse","tag-mindestloehne","tag-rentenreform","tag-strukturwandel"],"yoast_head":"<!-- This site is optimized with the Yoast SEO plugin v27.2 - https:\/\/yoast.com\/product\/yoast-seo-wordpress\/ -->\n<title>Wenn\u2019s dem Esel zu wohl wirdDeutschlands sch\u00f6ne Fassade bekommt Risse - Wirtschaftliche Freiheit<\/title>\n<meta name=\"robots\" content=\"index, follow, max-snippet:-1, max-image-preview:large, max-video-preview:-1\" \/>\n<link rel=\"canonical\" href=\"https:\/\/wirtschaftlichefreiheit.de\/wordpress\/?p=15640\" \/>\n<meta property=\"og:locale\" content=\"de_DE\" \/>\n<meta property=\"og:type\" content=\"article\" \/>\n<meta property=\"og:title\" content=\"Wenn\u2019s dem Esel zu wohl wirdDeutschlands sch\u00f6ne Fassade bekommt Risse - Wirtschaftliche Freiheit\" \/>\n<meta property=\"og:description\" content=\"\u201eDenk ich an Deutschland in der Nacht, bin ich um den Schlaf gebracht.\u201c (Heinrich Heine) Es war fast wie im M\u00e4rchen. Die Welt blickte teils &hellip; \u201eWenn\u2019s dem Esel zu wohl wirdDeutschlands sch\u00f6ne Fassade bekommt Risse\u201c weiterlesen\" \/>\n<meta property=\"og:url\" content=\"https:\/\/wirtschaftlichefreiheit.de\/wordpress\/?p=15640\" \/>\n<meta property=\"og:site_name\" content=\"Wirtschaftliche Freiheit\" \/>\n<meta property=\"article:published_time\" content=\"2014-10-10T23:01:34+00:00\" \/>\n<meta property=\"article:modified_time\" content=\"2014-10-14T10:00:55+00:00\" \/>\n<meta property=\"og:image\" content=\"http:\/\/vg04.met.vgwort.de\/na\/acaaccc14af4464b823f07c80fe8f343\" \/>\n<meta name=\"author\" content=\"Norbert Berthold\" \/>\n<meta name=\"twitter:card\" content=\"summary_large_image\" \/>\n<meta name=\"twitter:label1\" content=\"Verfasst von\" \/>\n\t<meta name=\"twitter:data1\" content=\"Norbert Berthold\" \/>\n\t<meta name=\"twitter:label2\" content=\"Gesch\u00e4tzte Lesezeit\" \/>\n\t<meta name=\"twitter:data2\" content=\"6\u00a0Minuten\" \/>\n<script type=\"application\/ld+json\" class=\"yoast-schema-graph\">{\"@context\":\"https:\/\/schema.org\",\"@graph\":[{\"@type\":\"Article\",\"@id\":\"https:\/\/wirtschaftlichefreiheit.de\/wordpress\/?p=15640#article\",\"isPartOf\":{\"@id\":\"https:\/\/wirtschaftlichefreiheit.de\/wordpress\/?p=15640\"},\"author\":{\"name\":\"Norbert Berthold\",\"@id\":\"https:\/\/wirtschaftlichefreiheit.de\/wordpress\/#\/schema\/person\/bcf0039b0b5485b761fb6e35ed8ea554\"},\"headline\":\"Wenn\u2019s dem Esel zu wohl wird Deutschlands sch\u00f6ne Fassade bekommt Risse\",\"datePublished\":\"2014-10-10T23:01:34+00:00\",\"dateModified\":\"2014-10-14T10:00:55+00:00\",\"mainEntityOfPage\":{\"@id\":\"https:\/\/wirtschaftlichefreiheit.de\/wordpress\/?p=15640\"},\"wordCount\":1143,\"commentCount\":4,\"image\":{\"@id\":\"https:\/\/wirtschaftlichefreiheit.de\/wordpress\/?p=15640#primaryimage\"},\"thumbnailUrl\":\"http:\/\/vg04.met.vgwort.de\/na\/acaaccc14af4464b823f07c80fe8f343\",\"keywords\":[\"Agenda 2010\",\"Berthold\",\"EEG\",\"Gesch\u00e4ftsmodell Deutschland\",\"Mietpreisbremse\",\"Mindestl\u00f6hne\",\"Rentenreform\",\"Strukturwandel\"],\"articleSection\":[\"Demographisches\",\"Distributives\",\"Energiepolitisches\",\"Freiheitliches\",\"Gerechtes\",\"Institutionelles\",\"Politisches\",\"Staatliches\",\"Umweltpolitisches\"],\"inLanguage\":\"de\",\"potentialAction\":[{\"@type\":\"CommentAction\",\"name\":\"Comment\",\"target\":[\"https:\/\/wirtschaftlichefreiheit.de\/wordpress\/?p=15640#respond\"]}]},{\"@type\":\"WebPage\",\"@id\":\"https:\/\/wirtschaftlichefreiheit.de\/wordpress\/?p=15640\",\"url\":\"https:\/\/wirtschaftlichefreiheit.de\/wordpress\/?p=15640\",\"name\":\"Wenn\u2019s dem Esel zu wohl wird Deutschlands sch\u00f6ne Fassade bekommt Risse - Wirtschaftliche Freiheit\",\"isPartOf\":{\"@id\":\"https:\/\/wirtschaftlichefreiheit.de\/wordpress\/#website\"},\"primaryImageOfPage\":{\"@id\":\"https:\/\/wirtschaftlichefreiheit.de\/wordpress\/?p=15640#primaryimage\"},\"image\":{\"@id\":\"https:\/\/wirtschaftlichefreiheit.de\/wordpress\/?p=15640#primaryimage\"},\"thumbnailUrl\":\"http:\/\/vg04.met.vgwort.de\/na\/acaaccc14af4464b823f07c80fe8f343\",\"datePublished\":\"2014-10-10T23:01:34+00:00\",\"dateModified\":\"2014-10-14T10:00:55+00:00\",\"author\":{\"@id\":\"https:\/\/wirtschaftlichefreiheit.de\/wordpress\/#\/schema\/person\/bcf0039b0b5485b761fb6e35ed8ea554\"},\"breadcrumb\":{\"@id\":\"https:\/\/wirtschaftlichefreiheit.de\/wordpress\/?p=15640#breadcrumb\"},\"inLanguage\":\"de\",\"potentialAction\":[{\"@type\":\"ReadAction\",\"target\":[\"https:\/\/wirtschaftlichefreiheit.de\/wordpress\/?p=15640\"]}]},{\"@type\":\"ImageObject\",\"inLanguage\":\"de\",\"@id\":\"https:\/\/wirtschaftlichefreiheit.de\/wordpress\/?p=15640#primaryimage\",\"url\":\"http:\/\/vg04.met.vgwort.de\/na\/acaaccc14af4464b823f07c80fe8f343\",\"contentUrl\":\"http:\/\/vg04.met.vgwort.de\/na\/acaaccc14af4464b823f07c80fe8f343\"},{\"@type\":\"BreadcrumbList\",\"@id\":\"https:\/\/wirtschaftlichefreiheit.de\/wordpress\/?p=15640#breadcrumb\",\"itemListElement\":[{\"@type\":\"ListItem\",\"position\":1,\"name\":\"Startseite\",\"item\":\"https:\/\/wirtschaftlichefreiheit.de\/wordpress\"},{\"@type\":\"ListItem\",\"position\":2,\"name\":\"Wenn\u2019s dem Esel zu wohl wirdDeutschlands sch\u00f6ne Fassade bekommt Risse\"}]},{\"@type\":\"WebSite\",\"@id\":\"https:\/\/wirtschaftlichefreiheit.de\/wordpress\/#website\",\"url\":\"https:\/\/wirtschaftlichefreiheit.de\/wordpress\/\",\"name\":\"Wirtschaftliche Freiheit\",\"description\":\"Das ordnungspolitische Journal\",\"potentialAction\":[{\"@type\":\"SearchAction\",\"target\":{\"@type\":\"EntryPoint\",\"urlTemplate\":\"https:\/\/wirtschaftlichefreiheit.de\/wordpress\/?s={search_term_string}\"},\"query-input\":{\"@type\":\"PropertyValueSpecification\",\"valueRequired\":true,\"valueName\":\"search_term_string\"}}],\"inLanguage\":\"de\"},{\"@type\":\"Person\",\"@id\":\"https:\/\/wirtschaftlichefreiheit.de\/wordpress\/#\/schema\/person\/bcf0039b0b5485b761fb6e35ed8ea554\",\"name\":\"Norbert Berthold\",\"image\":{\"@type\":\"ImageObject\",\"inLanguage\":\"de\",\"@id\":\"https:\/\/wirtschaftlichefreiheit.de\/wordpress\/bilder\/norbert_berthold.jpg\",\"url\":\"https:\/\/wirtschaftlichefreiheit.de\/wordpress\/bilder\/norbert_berthold.jpg\",\"contentUrl\":\"https:\/\/wirtschaftlichefreiheit.de\/wordpress\/bilder\/norbert_berthold.jpg\",\"caption\":\"Norbert Berthold\"},\"description\":\"Julius-Maximilians-Universit\u00e4t W\u00fcrzburg\",\"url\":\"https:\/\/wirtschaftlichefreiheit.de\/wordpress\/?author=7\"}]}<\/script>\n<!-- \/ Yoast SEO plugin. -->","yoast_head_json":{"title":"Wenn\u2019s dem Esel zu wohl wirdDeutschlands sch\u00f6ne Fassade bekommt Risse - Wirtschaftliche Freiheit","robots":{"index":"index","follow":"follow","max-snippet":"max-snippet:-1","max-image-preview":"max-image-preview:large","max-video-preview":"max-video-preview:-1"},"canonical":"https:\/\/wirtschaftlichefreiheit.de\/wordpress\/?p=15640","og_locale":"de_DE","og_type":"article","og_title":"Wenn\u2019s dem Esel zu wohl wirdDeutschlands sch\u00f6ne Fassade bekommt Risse - Wirtschaftliche Freiheit","og_description":"\u201eDenk ich an Deutschland in der Nacht, bin ich um den Schlaf gebracht.\u201c (Heinrich Heine) Es war fast wie im M\u00e4rchen. Die Welt blickte teils &hellip; \u201eWenn\u2019s dem Esel zu wohl wirdDeutschlands sch\u00f6ne Fassade bekommt Risse\u201c weiterlesen","og_url":"https:\/\/wirtschaftlichefreiheit.de\/wordpress\/?p=15640","og_site_name":"Wirtschaftliche Freiheit","article_published_time":"2014-10-10T23:01:34+00:00","article_modified_time":"2014-10-14T10:00:55+00:00","og_image":[{"url":"http:\/\/vg04.met.vgwort.de\/na\/acaaccc14af4464b823f07c80fe8f343","type":"","width":"","height":""}],"author":"Norbert Berthold","twitter_card":"summary_large_image","twitter_misc":{"Verfasst von":"Norbert Berthold","Gesch\u00e4tzte Lesezeit":"6\u00a0Minuten"},"schema":{"@context":"https:\/\/schema.org","@graph":[{"@type":"Article","@id":"https:\/\/wirtschaftlichefreiheit.de\/wordpress\/?p=15640#article","isPartOf":{"@id":"https:\/\/wirtschaftlichefreiheit.de\/wordpress\/?p=15640"},"author":{"name":"Norbert Berthold","@id":"https:\/\/wirtschaftlichefreiheit.de\/wordpress\/#\/schema\/person\/bcf0039b0b5485b761fb6e35ed8ea554"},"headline":"Wenn\u2019s dem Esel zu wohl wird Deutschlands sch\u00f6ne Fassade bekommt Risse","datePublished":"2014-10-10T23:01:34+00:00","dateModified":"2014-10-14T10:00:55+00:00","mainEntityOfPage":{"@id":"https:\/\/wirtschaftlichefreiheit.de\/wordpress\/?p=15640"},"wordCount":1143,"commentCount":4,"image":{"@id":"https:\/\/wirtschaftlichefreiheit.de\/wordpress\/?p=15640#primaryimage"},"thumbnailUrl":"http:\/\/vg04.met.vgwort.de\/na\/acaaccc14af4464b823f07c80fe8f343","keywords":["Agenda 2010","Berthold","EEG","Gesch\u00e4ftsmodell Deutschland","Mietpreisbremse","Mindestl\u00f6hne","Rentenreform","Strukturwandel"],"articleSection":["Demographisches","Distributives","Energiepolitisches","Freiheitliches","Gerechtes","Institutionelles","Politisches","Staatliches","Umweltpolitisches"],"inLanguage":"de","potentialAction":[{"@type":"CommentAction","name":"Comment","target":["https:\/\/wirtschaftlichefreiheit.de\/wordpress\/?p=15640#respond"]}]},{"@type":"WebPage","@id":"https:\/\/wirtschaftlichefreiheit.de\/wordpress\/?p=15640","url":"https:\/\/wirtschaftlichefreiheit.de\/wordpress\/?p=15640","name":"Wenn\u2019s dem Esel zu wohl wird Deutschlands sch\u00f6ne Fassade bekommt Risse - Wirtschaftliche Freiheit","isPartOf":{"@id":"https:\/\/wirtschaftlichefreiheit.de\/wordpress\/#website"},"primaryImageOfPage":{"@id":"https:\/\/wirtschaftlichefreiheit.de\/wordpress\/?p=15640#primaryimage"},"image":{"@id":"https:\/\/wirtschaftlichefreiheit.de\/wordpress\/?p=15640#primaryimage"},"thumbnailUrl":"http:\/\/vg04.met.vgwort.de\/na\/acaaccc14af4464b823f07c80fe8f343","datePublished":"2014-10-10T23:01:34+00:00","dateModified":"2014-10-14T10:00:55+00:00","author":{"@id":"https:\/\/wirtschaftlichefreiheit.de\/wordpress\/#\/schema\/person\/bcf0039b0b5485b761fb6e35ed8ea554"},"breadcrumb":{"@id":"https:\/\/wirtschaftlichefreiheit.de\/wordpress\/?p=15640#breadcrumb"},"inLanguage":"de","potentialAction":[{"@type":"ReadAction","target":["https:\/\/wirtschaftlichefreiheit.de\/wordpress\/?p=15640"]}]},{"@type":"ImageObject","inLanguage":"de","@id":"https:\/\/wirtschaftlichefreiheit.de\/wordpress\/?p=15640#primaryimage","url":"http:\/\/vg04.met.vgwort.de\/na\/acaaccc14af4464b823f07c80fe8f343","contentUrl":"http:\/\/vg04.met.vgwort.de\/na\/acaaccc14af4464b823f07c80fe8f343"},{"@type":"BreadcrumbList","@id":"https:\/\/wirtschaftlichefreiheit.de\/wordpress\/?p=15640#breadcrumb","itemListElement":[{"@type":"ListItem","position":1,"name":"Startseite","item":"https:\/\/wirtschaftlichefreiheit.de\/wordpress"},{"@type":"ListItem","position":2,"name":"Wenn\u2019s dem Esel zu wohl wirdDeutschlands sch\u00f6ne Fassade bekommt Risse"}]},{"@type":"WebSite","@id":"https:\/\/wirtschaftlichefreiheit.de\/wordpress\/#website","url":"https:\/\/wirtschaftlichefreiheit.de\/wordpress\/","name":"Wirtschaftliche Freiheit","description":"Das ordnungspolitische Journal","potentialAction":[{"@type":"SearchAction","target":{"@type":"EntryPoint","urlTemplate":"https:\/\/wirtschaftlichefreiheit.de\/wordpress\/?s={search_term_string}"},"query-input":{"@type":"PropertyValueSpecification","valueRequired":true,"valueName":"search_term_string"}}],"inLanguage":"de"},{"@type":"Person","@id":"https:\/\/wirtschaftlichefreiheit.de\/wordpress\/#\/schema\/person\/bcf0039b0b5485b761fb6e35ed8ea554","name":"Norbert Berthold","image":{"@type":"ImageObject","inLanguage":"de","@id":"https:\/\/wirtschaftlichefreiheit.de\/wordpress\/bilder\/norbert_berthold.jpg","url":"https:\/\/wirtschaftlichefreiheit.de\/wordpress\/bilder\/norbert_berthold.jpg","contentUrl":"https:\/\/wirtschaftlichefreiheit.de\/wordpress\/bilder\/norbert_berthold.jpg","caption":"Norbert Berthold"},"description":"Julius-Maximilians-Universit\u00e4t W\u00fcrzburg","url":"https:\/\/wirtschaftlichefreiheit.de\/wordpress\/?author=7"}]}},"_links":{"self":[{"href":"https:\/\/wirtschaftlichefreiheit.de\/wordpress\/index.php?rest_route=\/wp\/v2\/posts\/15640","targetHints":{"allow":["GET"]}}],"collection":[{"href":"https:\/\/wirtschaftlichefreiheit.de\/wordpress\/index.php?rest_route=\/wp\/v2\/posts"}],"about":[{"href":"https:\/\/wirtschaftlichefreiheit.de\/wordpress\/index.php?rest_route=\/wp\/v2\/types\/post"}],"author":[{"embeddable":true,"href":"https:\/\/wirtschaftlichefreiheit.de\/wordpress\/index.php?rest_route=\/wp\/v2\/users\/7"}],"replies":[{"embeddable":true,"href":"https:\/\/wirtschaftlichefreiheit.de\/wordpress\/index.php?rest_route=%2Fwp%2Fv2%2Fcomments&post=15640"}],"version-history":[{"count":38,"href":"https:\/\/wirtschaftlichefreiheit.de\/wordpress\/index.php?rest_route=\/wp\/v2\/posts\/15640\/revisions"}],"predecessor-version":[{"id":15704,"href":"https:\/\/wirtschaftlichefreiheit.de\/wordpress\/index.php?rest_route=\/wp\/v2\/posts\/15640\/revisions\/15704"}],"wp:attachment":[{"href":"https:\/\/wirtschaftlichefreiheit.de\/wordpress\/index.php?rest_route=%2Fwp%2Fv2%2Fmedia&parent=15640"}],"wp:term":[{"taxonomy":"category","embeddable":true,"href":"https:\/\/wirtschaftlichefreiheit.de\/wordpress\/index.php?rest_route=%2Fwp%2Fv2%2Fcategories&post=15640"},{"taxonomy":"post_tag","embeddable":true,"href":"https:\/\/wirtschaftlichefreiheit.de\/wordpress\/index.php?rest_route=%2Fwp%2Fv2%2Ftags&post=15640"}],"curies":[{"name":"wp","href":"https:\/\/api.w.org\/{rel}","templated":true}]}}