{"id":15842,"date":"2014-11-21T00:01:10","date_gmt":"2014-11-20T23:01:10","guid":{"rendered":"http:\/\/wirtschaftlichefreiheit.de\/wordpress\/?p=15842"},"modified":"2014-12-09T06:50:47","modified_gmt":"2014-12-09T05:50:47","slug":"gastbeitragdie-zukunft-des-mindestlohns","status":"publish","type":"post","link":"https:\/\/wirtschaftlichefreiheit.de\/wordpress\/?p=15842","title":{"rendered":"<small>Gastbeitrag<\/small><br\/>Die Zukunft des Mindestlohns"},"content":{"rendered":"<p>Am 1. Januar wird in Deutschland der fl\u00e4chendeckende gesetzliche Mindestlohn von 8,50 Euro eingef\u00fchrt. Damit verkn\u00fcpft die Bundesregierung die Hoffnung, existenzsichernde L\u00f6hne f\u00fcr Millionen von Besch\u00e4ftigten sicherzustellen und dadurch der \u201eArmut trotz Arbeit\u201c entschieden entgegenzutreten \u2013 ohne dabei Arbeitspl\u00e4tze zu gef\u00e4hrden. Eine Hoffnung, die leicht entt\u00e4uscht werden kann, denn weder die theoretische und empirische Forschung noch der Blick auf andere L\u00e4nder mit Mindestlohnerfahrung k\u00f6nnen die Bef\u00fcrchtungen zerstreuen, dass die eigentlichen Adressaten des Mindestlohns, die Niedrigstlohnbezieher am Ende als die gro\u00dfen Verlierer des deutschen Mindestlohns dastehen k\u00f6nnten. Die Bundesrepublik Deutschland startet 2015 ein riskantes sozialpolitisches Experiment, bei dem s\u00e4mtliche Risikoabw\u00e4gungen au\u00dfer Acht bleiben.<sup>*<\/sup><\/p>\n<p><sup><!--more--><\/sup><\/p>\n<p>Wenn der Arbeitsmarkt sich weiterhin stabil zeigt, dann werden die Verluste vielleicht noch \u00fcberschaubar bleiben, doch sp\u00e4testens bei der ersten, den Arbeitsmarkt hart treffenden Rezession k\u00f6nnen sich die Arbeitsplatzverluste schnell vervielfachen. Wie wird die Bundesregierung in einer solchen Situation reagieren? Es ist kaum denkbar, dass sie den Mindestlohn wieder abschaffen wird. Ebenso wenig ist vorstellbar, dass sie einer Mindestlohnkommission folgen wird, wenn diese sich angesichts der nachteiligen Besch\u00e4ftigungswirkungen f\u00fcr eine Absenkung oder Differenzierung des Mindestlohns aussprechen w\u00fcrde. Nimmt sie es also in Kauf, die arbeitsmarktpolitischen Erfolge der letzten Jahre zu gef\u00e4hrden und zwingt damit insbesondere diejenigen, die den schwersten Stand am Arbeitsmarkt haben, zur\u00fcck in die Arbeitslosigkeit bzw. verwehrt ihnen die Chance, auf dem Arbeitsmarkt wieder Fu\u00df zu fassen? Das h\u00e4tte verheerende sozialpolitische Konsequenzen: Wir w\u00fcrden einen Teil der Gesellschaft dauerhaft von der Teilhabe am Wohlstand ausschlie\u00dfen. Auch das ist kaum vorstellbar. Doch welche Optionen bleiben der Politik dann noch?<\/p>\n<p>Der Blick nach Frankreich zeigt einen m\u00f6glichen Ausweg auf, wenngleich dieser Ausweg Deutschland sehr teuer kommen w\u00fcrde. Frankreich hat mit derzeit 9,53 Euro Bruttostundenlohn einen der h\u00f6chsten Mindestlohns\u00e4tze in Europa und der Anteil der Arbeitnehmer, die einen Mindestlohn beziehen, ist relativ hoch. Um Arbeitsplatzverluste durch den Mindestlohn zu minimieren, erhalten die franz\u00f6sischen Unternehmer daher 26 Prozent des Lohns vom Staat erstattet, wenn sie einen Arbeitnehmer genau zum Mindestlohn besch\u00e4ftigen. Beim aktuellen Mindestlohnsatz in H\u00f6he von 9,53 Euro bekommt der Arbeitgeber also 2,48 Euro pro Arbeitsstunde durch staatliche Zusch\u00fcsse erstattet. Auch L\u00f6hne oberhalb des Mindestlohns werden bezuschusst, allerdings wird der Zuschuss linear abgeschmolzen. So erh\u00e4lt der Arbeitgeber bei einem Stundenlohn von 12,39 Euro immer noch einen Zuschuss von 1,61 Euro. Erst bei L\u00f6hnen \u00fcber dem 1,6-fachen des Mindestlohns, das entspricht einem Stundenlohn von 15,25 Euro, wird kein staatlicher Lohnkostenzuschuss mehr bezahlt.<\/p>\n<p>Frankreich hat den Mindestlohn mit einem umfassenden Kombilohnmodell verbunden, um so die negativen Besch\u00e4ftigungswirkungen des Mindestlohns gering zu halten. Wird dieses Modell f\u00fcr Deutschland \u00fcbernommen, so wird die Einf\u00fchrung des Mindestlohns dem Kombilohn, den die Mindestlohnbef\u00fcrworter mit dem Mindestlohn eigentlich abschaffen wollten, in Deutschland zu neuer Bl\u00fcte verhelfen. Aber eine solche Politik hat ihren Preis. Die franz\u00f6sischen Sozialkassen weisen die Belastungen f\u00fcr das Jahr 2012 mit 22,3 Mrd. Euro aus, f\u00fcr Deutschland d\u00fcrfte eine solche Kombination von Mindestlohn und Arbeitgebersubvention \u00e4hnlich teuer werden. Der Staat zahlt damit f\u00fcr eine Ma\u00dfnahme, die nicht dazu dient, neue Arbeitspl\u00e4tze zu schaffen, sondern ausschlie\u00dflich dazu eingesetzt wird, die sch\u00e4dlichen Wirkungen des Mindestlohns zu neutralisieren. Am Ende zahlen dann nicht nur diejenigen f\u00fcr den Mindestlohn, die durch ihn ihre Arbeit oder die Hoffnung auf Arbeit verloren haben, sondern auch die Steuerzahler.<\/p>\n<p style=\"text-align: justify;\"><strong>Hinweis:<\/strong> <em>Die vollst\u00e4ndige Version dieses Kommentars finden Sie in: <a href=\"https:\/\/vahlen-online.beck.de\/default.aspx?vpath=bibdata%2fzeits%2fWIST%2f2014%2fcont%2fWIST.2014.H11.gl1.htm\">WiSt \u2013 Wirtschaftswissenschaftliches Studium, 2014, Heft 11.<\/a><\/em><\/p>\n<p style=\"text-align: justify;\"><sup>*<\/sup> Eine ausf\u00fchrliche Darstellung der potentiellen Wirkungen des Mindestlohns findet sich bei Knabe, Andreas, Ronnie Sch\u00f6b und Marcel Thum (2014): \u201eDer fl\u00e4chendeckende Mindestlohn\u201c, <i>Perspektiven der Wirtschaftspolitik<\/i> 15(2), S. 133-157.<\/p>\n<p>&nbsp;<\/p>\n<p><strong>Weitere Blog-Beitr\u00e4ge zum Mindestlohn:<\/strong><\/p>\n<p>Christoph A. Schaltegger: <a href=\"http:\/\/wirtschaftlichefreiheit.de\/wordpress\/?p=14963\">Gesetzliche Mindestl\u00f6hne \u2013 ein Erfahrungsbericht zur Volksabstimmung in der Schweiz<\/a><\/p>\n<p>Manfred J.M. Neumann: <a href=\"http:\/\/wirtschaftlichefreiheit.de\/wordpress\/?p=14052\">Professorale Preiskommissare dr\u00e4ngen in die Mindestlohnkommission<\/a><\/p>\n<p>Thomas Apolte: <a href=\"http:\/\/wirtschaftlichefreiheit.de\/wordpress\/?p=13407\">Mindestlohn: Viel L\u00e4rm um nichts!<\/a><\/p>\n<p>Thorsten Polleit: <a href=\"http:\/\/wirtschaftlichefreiheit.de\/wordpress\/?p=12423\">Warum ein Mindestlohn keine gute Idee ist<\/a><\/p>\n<p>Norbert Berthold: <a href=\"http:\/\/wirtschaftlichefreiheit.de\/wordpress\/?p=11716\">Denn sie wissen, was sie tun. Mindestl\u00f6hne zerst\u00f6ren die Marktwirtschaft<\/a><\/p>\n<p>Norbert Berthold: <a href=\"http:\/\/wirtschaftlichefreiheit.de\/wordpress\/?p=7503\">Die Wendeh\u00e4lse der CDU. Mindestl\u00f6hne statt Marktwirtschaft<\/a><\/p>\n<p>Norbert Berthold: <a href=\"http:\/\/wirtschaftlichefreiheit.de\/wordpress\/?p=2232\">Eine unendliche Geschichte. Mindestl\u00f6hne, Arbeitslosigkeit und Strukturwandel<\/a><\/p>\n<p>Norbert Berthold: <a href=\"http:\/\/wirtschaftlichefreiheit.de\/wordpress\/?p=16\">Gesetzliche Mindestl\u00f6hne \u2013 wehret den Anf\u00e4ngen<\/a><\/p>\n<p>Wolfgang Franz: <a href=\"http:\/\/wirtschaftlichefreiheit.de\/wordpress\/?p=62\">Der tr\u00fcgerische Charme des Mindestlohnes<\/a><\/p>\n<!-- AddThis Advanced Settings generic via filter on the_content --><!-- AddThis Share Buttons generic via filter on the_content --><!-- AddThis Related Posts generic via filter on the_content -->","protected":false},"excerpt":{"rendered":"<p>Am 1. Januar wird in Deutschland der fl\u00e4chendeckende gesetzliche Mindestlohn von 8,50 Euro eingef\u00fchrt. Damit verkn\u00fcpft die Bundesregierung die Hoffnung, existenzsichernde L\u00f6hne f\u00fcr Millionen von &hellip; <\/p>\n<p class=\"link-more\"><a href=\"https:\/\/wirtschaftlichefreiheit.de\/wordpress\/?p=15842\" class=\"more-link\"><span class=\"screen-reader-text\">\u201e<small>Gastbeitrag<\/small><br \/>Die Zukunft des Mindestlohns\u201c <\/span>weiterlesen<\/a><\/p>\n<p><!-- AddThis Advanced Settings generic via filter on wp_trim_excerpt --><!-- AddThis Share Buttons generic via filter on wp_trim_excerpt --><!-- AddThis Related Posts generic via filter on wp_trim_excerpt --><\/p>\n","protected":false},"author":196,"featured_media":0,"comment_status":"open","ping_status":"open","sticky":false,"template":"","format":"standard","meta":{"footnotes":""},"categories":[1707],"tags":[1088,1133,478],"class_list":["post-15842","post","type-post","status-publish","format-standard","hentry","category-arbeitsmarktpolitisches","tag-frankreich","tag-lohnsubvention","tag-mindestlohn"],"yoast_head":"<!-- This site is optimized with the Yoast SEO plugin v27.2 - https:\/\/yoast.com\/product\/yoast-seo-wordpress\/ -->\n<title>GastbeitragDie Zukunft des Mindestlohns - Wirtschaftliche Freiheit<\/title>\n<meta name=\"robots\" content=\"index, follow, max-snippet:-1, max-image-preview:large, max-video-preview:-1\" \/>\n<link rel=\"canonical\" href=\"https:\/\/wirtschaftlichefreiheit.de\/wordpress\/?p=15842\" \/>\n<meta property=\"og:locale\" content=\"de_DE\" \/>\n<meta property=\"og:type\" content=\"article\" \/>\n<meta property=\"og:title\" content=\"GastbeitragDie Zukunft des Mindestlohns - Wirtschaftliche Freiheit\" \/>\n<meta property=\"og:description\" content=\"Am 1. Januar wird in Deutschland der fl\u00e4chendeckende gesetzliche Mindestlohn von 8,50 Euro eingef\u00fchrt. Damit verkn\u00fcpft die Bundesregierung die Hoffnung, existenzsichernde L\u00f6hne f\u00fcr Millionen von &hellip; \u201eGastbeitragDie Zukunft des Mindestlohns\u201c weiterlesen\" \/>\n<meta property=\"og:url\" content=\"https:\/\/wirtschaftlichefreiheit.de\/wordpress\/?p=15842\" \/>\n<meta property=\"og:site_name\" content=\"Wirtschaftliche Freiheit\" \/>\n<meta property=\"article:published_time\" content=\"2014-11-20T23:01:10+00:00\" \/>\n<meta property=\"article:modified_time\" content=\"2014-12-09T05:50:47+00:00\" \/>\n<meta name=\"author\" content=\"Ronnie Sch\u00f6b\" \/>\n<meta name=\"twitter:card\" content=\"summary_large_image\" \/>\n<meta name=\"twitter:label1\" content=\"Verfasst von\" \/>\n\t<meta name=\"twitter:data1\" content=\"Ronnie Sch\u00f6b\" \/>\n\t<meta name=\"twitter:label2\" content=\"Gesch\u00e4tzte Lesezeit\" \/>\n\t<meta name=\"twitter:data2\" content=\"4\u00a0Minuten\" \/>\n<script type=\"application\/ld+json\" class=\"yoast-schema-graph\">{\"@context\":\"https:\/\/schema.org\",\"@graph\":[{\"@type\":\"Article\",\"@id\":\"https:\/\/wirtschaftlichefreiheit.de\/wordpress\/?p=15842#article\",\"isPartOf\":{\"@id\":\"https:\/\/wirtschaftlichefreiheit.de\/wordpress\/?p=15842\"},\"author\":{\"name\":\"Ronnie Sch\u00f6b\",\"@id\":\"https:\/\/wirtschaftlichefreiheit.de\/wordpress\/#\/schema\/person\/369185ee98658551a71c41f52fe24d25\"},\"headline\":\"Gastbeitrag Die Zukunft des Mindestlohns\",\"datePublished\":\"2014-11-20T23:01:10+00:00\",\"dateModified\":\"2014-12-09T05:50:47+00:00\",\"mainEntityOfPage\":{\"@id\":\"https:\/\/wirtschaftlichefreiheit.de\/wordpress\/?p=15842\"},\"wordCount\":715,\"commentCount\":7,\"keywords\":[\"Frankreich\",\"Lohnsubvention\",\"Mindestlohn\"],\"articleSection\":[\"Arbeitsmarktpolitisches\"],\"inLanguage\":\"de\",\"potentialAction\":[{\"@type\":\"CommentAction\",\"name\":\"Comment\",\"target\":[\"https:\/\/wirtschaftlichefreiheit.de\/wordpress\/?p=15842#respond\"]}]},{\"@type\":\"WebPage\",\"@id\":\"https:\/\/wirtschaftlichefreiheit.de\/wordpress\/?p=15842\",\"url\":\"https:\/\/wirtschaftlichefreiheit.de\/wordpress\/?p=15842\",\"name\":\"Gastbeitrag Die Zukunft des Mindestlohns - Wirtschaftliche Freiheit\",\"isPartOf\":{\"@id\":\"https:\/\/wirtschaftlichefreiheit.de\/wordpress\/#website\"},\"datePublished\":\"2014-11-20T23:01:10+00:00\",\"dateModified\":\"2014-12-09T05:50:47+00:00\",\"author\":{\"@id\":\"https:\/\/wirtschaftlichefreiheit.de\/wordpress\/#\/schema\/person\/369185ee98658551a71c41f52fe24d25\"},\"breadcrumb\":{\"@id\":\"https:\/\/wirtschaftlichefreiheit.de\/wordpress\/?p=15842#breadcrumb\"},\"inLanguage\":\"de\",\"potentialAction\":[{\"@type\":\"ReadAction\",\"target\":[\"https:\/\/wirtschaftlichefreiheit.de\/wordpress\/?p=15842\"]}]},{\"@type\":\"BreadcrumbList\",\"@id\":\"https:\/\/wirtschaftlichefreiheit.de\/wordpress\/?p=15842#breadcrumb\",\"itemListElement\":[{\"@type\":\"ListItem\",\"position\":1,\"name\":\"Startseite\",\"item\":\"https:\/\/wirtschaftlichefreiheit.de\/wordpress\"},{\"@type\":\"ListItem\",\"position\":2,\"name\":\"GastbeitragDie Zukunft des Mindestlohns\"}]},{\"@type\":\"WebSite\",\"@id\":\"https:\/\/wirtschaftlichefreiheit.de\/wordpress\/#website\",\"url\":\"https:\/\/wirtschaftlichefreiheit.de\/wordpress\/\",\"name\":\"Wirtschaftliche Freiheit\",\"description\":\"Das ordnungspolitische Journal\",\"potentialAction\":[{\"@type\":\"SearchAction\",\"target\":{\"@type\":\"EntryPoint\",\"urlTemplate\":\"https:\/\/wirtschaftlichefreiheit.de\/wordpress\/?s={search_term_string}\"},\"query-input\":{\"@type\":\"PropertyValueSpecification\",\"valueRequired\":true,\"valueName\":\"search_term_string\"}}],\"inLanguage\":\"de\"},{\"@type\":\"Person\",\"@id\":\"https:\/\/wirtschaftlichefreiheit.de\/wordpress\/#\/schema\/person\/369185ee98658551a71c41f52fe24d25\",\"name\":\"Ronnie Sch\u00f6b\",\"image\":{\"@type\":\"ImageObject\",\"inLanguage\":\"de\",\"@id\":\"https:\/\/wirtschaftlichefreiheit.de\/wordpress\/bilder\/Schoeb_Ronnie_c_Bernd_Wannenmacher.jpg\",\"url\":\"https:\/\/wirtschaftlichefreiheit.de\/wordpress\/bilder\/Schoeb_Ronnie_c_Bernd_Wannenmacher.jpg\",\"contentUrl\":\"https:\/\/wirtschaftlichefreiheit.de\/wordpress\/bilder\/Schoeb_Ronnie_c_Bernd_Wannenmacher.jpg\",\"caption\":\"Ronnie Sch\u00f6b\"},\"description\":\"FU Berlin\",\"url\":\"https:\/\/wirtschaftlichefreiheit.de\/wordpress\/?author=196\"}]}<\/script>\n<!-- \/ Yoast SEO plugin. -->","yoast_head_json":{"title":"GastbeitragDie Zukunft des Mindestlohns - Wirtschaftliche Freiheit","robots":{"index":"index","follow":"follow","max-snippet":"max-snippet:-1","max-image-preview":"max-image-preview:large","max-video-preview":"max-video-preview:-1"},"canonical":"https:\/\/wirtschaftlichefreiheit.de\/wordpress\/?p=15842","og_locale":"de_DE","og_type":"article","og_title":"GastbeitragDie Zukunft des Mindestlohns - Wirtschaftliche Freiheit","og_description":"Am 1. Januar wird in Deutschland der fl\u00e4chendeckende gesetzliche Mindestlohn von 8,50 Euro eingef\u00fchrt. Damit verkn\u00fcpft die Bundesregierung die Hoffnung, existenzsichernde L\u00f6hne f\u00fcr Millionen von &hellip; \u201eGastbeitragDie Zukunft des Mindestlohns\u201c weiterlesen","og_url":"https:\/\/wirtschaftlichefreiheit.de\/wordpress\/?p=15842","og_site_name":"Wirtschaftliche Freiheit","article_published_time":"2014-11-20T23:01:10+00:00","article_modified_time":"2014-12-09T05:50:47+00:00","author":"Ronnie Sch\u00f6b","twitter_card":"summary_large_image","twitter_misc":{"Verfasst von":"Ronnie Sch\u00f6b","Gesch\u00e4tzte Lesezeit":"4\u00a0Minuten"},"schema":{"@context":"https:\/\/schema.org","@graph":[{"@type":"Article","@id":"https:\/\/wirtschaftlichefreiheit.de\/wordpress\/?p=15842#article","isPartOf":{"@id":"https:\/\/wirtschaftlichefreiheit.de\/wordpress\/?p=15842"},"author":{"name":"Ronnie Sch\u00f6b","@id":"https:\/\/wirtschaftlichefreiheit.de\/wordpress\/#\/schema\/person\/369185ee98658551a71c41f52fe24d25"},"headline":"Gastbeitrag Die Zukunft des Mindestlohns","datePublished":"2014-11-20T23:01:10+00:00","dateModified":"2014-12-09T05:50:47+00:00","mainEntityOfPage":{"@id":"https:\/\/wirtschaftlichefreiheit.de\/wordpress\/?p=15842"},"wordCount":715,"commentCount":7,"keywords":["Frankreich","Lohnsubvention","Mindestlohn"],"articleSection":["Arbeitsmarktpolitisches"],"inLanguage":"de","potentialAction":[{"@type":"CommentAction","name":"Comment","target":["https:\/\/wirtschaftlichefreiheit.de\/wordpress\/?p=15842#respond"]}]},{"@type":"WebPage","@id":"https:\/\/wirtschaftlichefreiheit.de\/wordpress\/?p=15842","url":"https:\/\/wirtschaftlichefreiheit.de\/wordpress\/?p=15842","name":"Gastbeitrag Die Zukunft des Mindestlohns - Wirtschaftliche Freiheit","isPartOf":{"@id":"https:\/\/wirtschaftlichefreiheit.de\/wordpress\/#website"},"datePublished":"2014-11-20T23:01:10+00:00","dateModified":"2014-12-09T05:50:47+00:00","author":{"@id":"https:\/\/wirtschaftlichefreiheit.de\/wordpress\/#\/schema\/person\/369185ee98658551a71c41f52fe24d25"},"breadcrumb":{"@id":"https:\/\/wirtschaftlichefreiheit.de\/wordpress\/?p=15842#breadcrumb"},"inLanguage":"de","potentialAction":[{"@type":"ReadAction","target":["https:\/\/wirtschaftlichefreiheit.de\/wordpress\/?p=15842"]}]},{"@type":"BreadcrumbList","@id":"https:\/\/wirtschaftlichefreiheit.de\/wordpress\/?p=15842#breadcrumb","itemListElement":[{"@type":"ListItem","position":1,"name":"Startseite","item":"https:\/\/wirtschaftlichefreiheit.de\/wordpress"},{"@type":"ListItem","position":2,"name":"GastbeitragDie Zukunft des Mindestlohns"}]},{"@type":"WebSite","@id":"https:\/\/wirtschaftlichefreiheit.de\/wordpress\/#website","url":"https:\/\/wirtschaftlichefreiheit.de\/wordpress\/","name":"Wirtschaftliche Freiheit","description":"Das ordnungspolitische Journal","potentialAction":[{"@type":"SearchAction","target":{"@type":"EntryPoint","urlTemplate":"https:\/\/wirtschaftlichefreiheit.de\/wordpress\/?s={search_term_string}"},"query-input":{"@type":"PropertyValueSpecification","valueRequired":true,"valueName":"search_term_string"}}],"inLanguage":"de"},{"@type":"Person","@id":"https:\/\/wirtschaftlichefreiheit.de\/wordpress\/#\/schema\/person\/369185ee98658551a71c41f52fe24d25","name":"Ronnie Sch\u00f6b","image":{"@type":"ImageObject","inLanguage":"de","@id":"https:\/\/wirtschaftlichefreiheit.de\/wordpress\/bilder\/Schoeb_Ronnie_c_Bernd_Wannenmacher.jpg","url":"https:\/\/wirtschaftlichefreiheit.de\/wordpress\/bilder\/Schoeb_Ronnie_c_Bernd_Wannenmacher.jpg","contentUrl":"https:\/\/wirtschaftlichefreiheit.de\/wordpress\/bilder\/Schoeb_Ronnie_c_Bernd_Wannenmacher.jpg","caption":"Ronnie Sch\u00f6b"},"description":"FU Berlin","url":"https:\/\/wirtschaftlichefreiheit.de\/wordpress\/?author=196"}]}},"_links":{"self":[{"href":"https:\/\/wirtschaftlichefreiheit.de\/wordpress\/index.php?rest_route=\/wp\/v2\/posts\/15842","targetHints":{"allow":["GET"]}}],"collection":[{"href":"https:\/\/wirtschaftlichefreiheit.de\/wordpress\/index.php?rest_route=\/wp\/v2\/posts"}],"about":[{"href":"https:\/\/wirtschaftlichefreiheit.de\/wordpress\/index.php?rest_route=\/wp\/v2\/types\/post"}],"author":[{"embeddable":true,"href":"https:\/\/wirtschaftlichefreiheit.de\/wordpress\/index.php?rest_route=\/wp\/v2\/users\/196"}],"replies":[{"embeddable":true,"href":"https:\/\/wirtschaftlichefreiheit.de\/wordpress\/index.php?rest_route=%2Fwp%2Fv2%2Fcomments&post=15842"}],"version-history":[{"count":10,"href":"https:\/\/wirtschaftlichefreiheit.de\/wordpress\/index.php?rest_route=\/wp\/v2\/posts\/15842\/revisions"}],"predecessor-version":[{"id":16005,"href":"https:\/\/wirtschaftlichefreiheit.de\/wordpress\/index.php?rest_route=\/wp\/v2\/posts\/15842\/revisions\/16005"}],"wp:attachment":[{"href":"https:\/\/wirtschaftlichefreiheit.de\/wordpress\/index.php?rest_route=%2Fwp%2Fv2%2Fmedia&parent=15842"}],"wp:term":[{"taxonomy":"category","embeddable":true,"href":"https:\/\/wirtschaftlichefreiheit.de\/wordpress\/index.php?rest_route=%2Fwp%2Fv2%2Fcategories&post=15842"},{"taxonomy":"post_tag","embeddable":true,"href":"https:\/\/wirtschaftlichefreiheit.de\/wordpress\/index.php?rest_route=%2Fwp%2Fv2%2Ftags&post=15842"}],"curies":[{"name":"wp","href":"https:\/\/api.w.org\/{rel}","templated":true}]}}