{"id":1585,"date":"2009-09-19T00:10:47","date_gmt":"2009-09-18T23:10:47","guid":{"rendered":"http:\/\/wirtschaftlichefreiheit.de\/wordpress\/?p=1585"},"modified":"2020-05-17T08:51:33","modified_gmt":"2020-05-17T07:51:33","slug":"landesbanken-privatisieren","status":"publish","type":"post","link":"https:\/\/wirtschaftlichefreiheit.de\/wordpress\/?p=1585","title":{"rendered":"<font size=3; color=grey>Ordnungsruf <\/font><br\/>Landesbanken privatisieren!"},"content":{"rendered":"<p>In der aktuellen Diskussion um die Landesbanken in Deutschland, die in der Krise massives Staatsversagen dokumentieren, geht es unter anderem\u00a0 um \u201eKonsolidierung\u201c, \u201eNeustrukturierung\u201c oder auch \u201eFusionierung\u201c, die als Schlagw\u00f6rter f\u00fcr die bis 2010 angestrebte Neuordnung des Landesbanken-Sektors eine Rolle spielen.<\/p>\n<p><!--more--><br \/>\nPolitische \u00dcberlegungen in diese Richtung \u00fcbersehen, da\u00df vielmehr die Abschaffung des Instituts der Landesbanken auf der Agenda stehen mu\u00df, weil diese Staatsbanken kein ordnungspolitisch zu rechtfertigendes Gesch\u00e4ftsmodell besitzen und deshalb volkswirtschaftlichen Schaden anrichten:<\/p>\n<p>1. Die Etablierung von Landesbanken diente vornehmlich dem Ziel, den L\u00e4nderregierungen Kredite zu \u2013 gegen\u00fcber den Marktbedingungen \u2013 g\u00fcnstigeren Konditionen zu verschaffen. Dies war m\u00f6glich aufgrund der mit der staatlichen Gew\u00e4hrtr\u00e4gerhaftung verbundenen k\u00fcnstlichen Erh\u00f6hung der Eigenkapitalquoten, die zum partiellen Crowding-out von nichtstaatlichen durch landeseigene Banken in speziellen Gesch\u00e4ftssegmenten f\u00fchrte.<\/p>\n<p>2. Die mit diesem institutionellen Arrangement verbundene Verzerrung der Struktur des Bankenmarktes zugunsten der Landesbanken und zum Wettbewerbsnachteil nichtstaatlicher Gesch\u00e4ftsbanken fand bekanntlich ihr prinzipielles Ende mit der von der EU im Juli 2005 verordneten Aufhebung der staatlichen Gew\u00e4hrtr\u00e4gerhaftung.<\/p>\n<p>3. Damit entfiel das zentrale Gesch\u00e4ftsmodell der Landesbanken. Sp\u00e4testens dann h\u00e4tten sie deshalb aus systemischen Gr\u00fcnden abgeschafft, d. h. entstaatlicht, also privatisiert werden m\u00fcssen.<\/p>\n<p>4. Die daraufhin jedoch erfolgte Konzentration der Landesbankaktivit\u00e4ten auf substitutive Gesch\u00e4ftsfelder im In- und Ausland f\u00fchrte zu ihren nunmehr bekannt gewordenen Risiko-Engagements, deren Verluste (vor allem) \u00fcber die L\u00e4nderhaushalte letztlich die Steuerzahler schwer belasten.<\/p>\n<p>5. Sie sind es (neben den Sparkassen), die die Kosten des Widerstands der L\u00e4nderregierungen gegen Privatisierungen \u201eihrer\u201c Landesbanken tragen, die f\u00fcr die Landespolitiker ein Statussymbol bedeuten, lukrative Posten\u00a0 und \u2013 wenigstens in guten Zeiten \u2013 die Hoffnung auf Dividende versprechen.<\/p>\n<p>6. Der Wegfall des zentralen Gesch\u00e4ftsmodells der Landesbanken in Kombination mit dem massiven Versagen ihrer politisch besetzten Vorst\u00e4nde und Aufsichtsr\u00e4te zeigt, da\u00df die Institution der Landesbanken obsolet ist: Sie ist ein ordnungspolitischer Fremdk\u00f6rper, der volkswirtschaftlich zu kostspielig ist, um ihn nicht endg\u00fcltig seiner Staatlichkeit zu entkleiden, also zu privatisieren.<\/p>\n<p>7. Der Staat braucht grunds\u00e4tzlich keine eigenen Banken und schon gar nicht solche, die \u00f6konomische Rationalit\u00e4t und professionelles Banken-Know how durch (partei)politisches Wollen ersetzen.<\/p>\n<!-- AddThis Advanced Settings generic via filter on the_content --><!-- AddThis Share Buttons generic via filter on the_content --><!-- AddThis Related Posts generic via filter on the_content -->","protected":false},"excerpt":{"rendered":"<p>In der aktuellen Diskussion um die Landesbanken in Deutschland, die in der Krise massives Staatsversagen dokumentieren, geht es unter anderem\u00a0 um \u201eKonsolidierung\u201c, \u201eNeustrukturierung\u201c oder auch &hellip; <\/p>\n<p class=\"link-more\"><a href=\"https:\/\/wirtschaftlichefreiheit.de\/wordpress\/?p=1585\" class=\"more-link\"><span class=\"screen-reader-text\">\u201e<font size=3; color=grey>Ordnungsruf <\/font><br \/>Landesbanken privatisieren!\u201c <\/span>weiterlesen<\/a><\/p>\n<p><!-- AddThis Advanced Settings generic via filter on wp_trim_excerpt --><!-- AddThis Share Buttons generic via filter on wp_trim_excerpt --><!-- AddThis Related Posts generic via filter on wp_trim_excerpt --><\/p>\n","protected":false},"author":10,"featured_media":27350,"comment_status":"open","ping_status":"open","sticky":false,"template":"","format":"standard","meta":{"footnotes":""},"categories":[6,12,31,23],"tags":[],"class_list":["post-1585","post","type-post","status-publish","format-standard","has-post-thumbnail","hentry","category-alles","category-monetares","category-politisches","category-wettbewerbliches"],"yoast_head":"<!-- This site is optimized with the Yoast SEO plugin v27.2 - https:\/\/yoast.com\/product\/yoast-seo-wordpress\/ -->\n<title>Ordnungsruf Landesbanken privatisieren! - Wirtschaftliche Freiheit<\/title>\n<meta name=\"robots\" content=\"index, follow, max-snippet:-1, max-image-preview:large, max-video-preview:-1\" \/>\n<link rel=\"canonical\" href=\"https:\/\/wirtschaftlichefreiheit.de\/wordpress\/?p=1585\" \/>\n<meta property=\"og:locale\" content=\"de_DE\" \/>\n<meta property=\"og:type\" content=\"article\" \/>\n<meta property=\"og:title\" content=\"Ordnungsruf Landesbanken privatisieren! - Wirtschaftliche Freiheit\" \/>\n<meta property=\"og:description\" content=\"In der aktuellen Diskussion um die Landesbanken in Deutschland, die in der Krise massives Staatsversagen dokumentieren, geht es unter anderem\u00a0 um \u201eKonsolidierung\u201c, \u201eNeustrukturierung\u201c oder auch &hellip; \u201eOrdnungsruf Landesbanken privatisieren!\u201c weiterlesen\" \/>\n<meta property=\"og:url\" content=\"https:\/\/wirtschaftlichefreiheit.de\/wordpress\/?p=1585\" \/>\n<meta property=\"og:site_name\" content=\"Wirtschaftliche Freiheit\" \/>\n<meta property=\"article:published_time\" content=\"2009-09-18T23:10:47+00:00\" \/>\n<meta property=\"article:modified_time\" content=\"2020-05-17T07:51:33+00:00\" \/>\n<meta property=\"og:image\" content=\"https:\/\/wirtschaftlichefreiheit.de\/wordpress\/bilder\/340px-Karte_Landesbanken_Deutschland.svg_.png\" \/>\n\t<meta property=\"og:image:width\" content=\"340\" \/>\n\t<meta property=\"og:image:height\" content=\"455\" \/>\n\t<meta property=\"og:image:type\" content=\"image\/png\" \/>\n<meta name=\"author\" content=\"Wolf Sch\u00e4fer\" \/>\n<meta name=\"twitter:card\" content=\"summary_large_image\" \/>\n<meta name=\"twitter:label1\" content=\"Verfasst von\" \/>\n\t<meta name=\"twitter:data1\" content=\"Wolf Sch\u00e4fer\" \/>\n\t<meta name=\"twitter:label2\" content=\"Gesch\u00e4tzte Lesezeit\" \/>\n\t<meta name=\"twitter:data2\" content=\"2\u00a0Minuten\" \/>\n<script type=\"application\/ld+json\" class=\"yoast-schema-graph\">{\"@context\":\"https:\/\/schema.org\",\"@graph\":[{\"@type\":\"Article\",\"@id\":\"https:\/\/wirtschaftlichefreiheit.de\/wordpress\/?p=1585#article\",\"isPartOf\":{\"@id\":\"https:\/\/wirtschaftlichefreiheit.de\/wordpress\/?p=1585\"},\"author\":{\"name\":\"Wolf Sch\u00e4fer\",\"@id\":\"https:\/\/wirtschaftlichefreiheit.de\/wordpress\/#\/schema\/person\/27f4df9e0084d2602f0c789847666d82\"},\"headline\":\"Ordnungsruf Landesbanken privatisieren!\",\"datePublished\":\"2009-09-18T23:10:47+00:00\",\"dateModified\":\"2020-05-17T07:51:33+00:00\",\"mainEntityOfPage\":{\"@id\":\"https:\/\/wirtschaftlichefreiheit.de\/wordpress\/?p=1585\"},\"wordCount\":356,\"commentCount\":0,\"image\":{\"@id\":\"https:\/\/wirtschaftlichefreiheit.de\/wordpress\/?p=1585#primaryimage\"},\"thumbnailUrl\":\"https:\/\/wirtschaftlichefreiheit.de\/wordpress\/bilder\/340px-Karte_Landesbanken_Deutschland.svg_.png\",\"articleSection\":[\"Alle Kategorien\",\"Monet\u00e4res\",\"Politisches\",\"Wettbewerbliches\"],\"inLanguage\":\"de\",\"potentialAction\":[{\"@type\":\"CommentAction\",\"name\":\"Comment\",\"target\":[\"https:\/\/wirtschaftlichefreiheit.de\/wordpress\/?p=1585#respond\"]}]},{\"@type\":\"WebPage\",\"@id\":\"https:\/\/wirtschaftlichefreiheit.de\/wordpress\/?p=1585\",\"url\":\"https:\/\/wirtschaftlichefreiheit.de\/wordpress\/?p=1585\",\"name\":\"Ordnungsruf Landesbanken privatisieren! - Wirtschaftliche Freiheit\",\"isPartOf\":{\"@id\":\"https:\/\/wirtschaftlichefreiheit.de\/wordpress\/#website\"},\"primaryImageOfPage\":{\"@id\":\"https:\/\/wirtschaftlichefreiheit.de\/wordpress\/?p=1585#primaryimage\"},\"image\":{\"@id\":\"https:\/\/wirtschaftlichefreiheit.de\/wordpress\/?p=1585#primaryimage\"},\"thumbnailUrl\":\"https:\/\/wirtschaftlichefreiheit.de\/wordpress\/bilder\/340px-Karte_Landesbanken_Deutschland.svg_.png\",\"datePublished\":\"2009-09-18T23:10:47+00:00\",\"dateModified\":\"2020-05-17T07:51:33+00:00\",\"author\":{\"@id\":\"https:\/\/wirtschaftlichefreiheit.de\/wordpress\/#\/schema\/person\/27f4df9e0084d2602f0c789847666d82\"},\"breadcrumb\":{\"@id\":\"https:\/\/wirtschaftlichefreiheit.de\/wordpress\/?p=1585#breadcrumb\"},\"inLanguage\":\"de\",\"potentialAction\":[{\"@type\":\"ReadAction\",\"target\":[\"https:\/\/wirtschaftlichefreiheit.de\/wordpress\/?p=1585\"]}]},{\"@type\":\"ImageObject\",\"inLanguage\":\"de\",\"@id\":\"https:\/\/wirtschaftlichefreiheit.de\/wordpress\/?p=1585#primaryimage\",\"url\":\"https:\/\/wirtschaftlichefreiheit.de\/wordpress\/bilder\/340px-Karte_Landesbanken_Deutschland.svg_.png\",\"contentUrl\":\"https:\/\/wirtschaftlichefreiheit.de\/wordpress\/bilder\/340px-Karte_Landesbanken_Deutschland.svg_.png\",\"width\":340,\"height\":455},{\"@type\":\"BreadcrumbList\",\"@id\":\"https:\/\/wirtschaftlichefreiheit.de\/wordpress\/?p=1585#breadcrumb\",\"itemListElement\":[{\"@type\":\"ListItem\",\"position\":1,\"name\":\"Startseite\",\"item\":\"https:\/\/wirtschaftlichefreiheit.de\/wordpress\"},{\"@type\":\"ListItem\",\"position\":2,\"name\":\"Ordnungsruf Landesbanken privatisieren!\"}]},{\"@type\":\"WebSite\",\"@id\":\"https:\/\/wirtschaftlichefreiheit.de\/wordpress\/#website\",\"url\":\"https:\/\/wirtschaftlichefreiheit.de\/wordpress\/\",\"name\":\"Wirtschaftliche Freiheit\",\"description\":\"Das ordnungspolitische Journal\",\"potentialAction\":[{\"@type\":\"SearchAction\",\"target\":{\"@type\":\"EntryPoint\",\"urlTemplate\":\"https:\/\/wirtschaftlichefreiheit.de\/wordpress\/?s={search_term_string}\"},\"query-input\":{\"@type\":\"PropertyValueSpecification\",\"valueRequired\":true,\"valueName\":\"search_term_string\"}}],\"inLanguage\":\"de\"},{\"@type\":\"Person\",\"@id\":\"https:\/\/wirtschaftlichefreiheit.de\/wordpress\/#\/schema\/person\/27f4df9e0084d2602f0c789847666d82\",\"name\":\"Wolf Sch\u00e4fer\",\"image\":{\"@type\":\"ImageObject\",\"inLanguage\":\"de\",\"@id\":\"https:\/\/wirtschaftlichefreiheit.de\/wordpress\/bilder\/wolf_schaefer.jpg\",\"url\":\"https:\/\/wirtschaftlichefreiheit.de\/wordpress\/bilder\/wolf_schaefer.jpg\",\"contentUrl\":\"https:\/\/wirtschaftlichefreiheit.de\/wordpress\/bilder\/wolf_schaefer.jpg\",\"caption\":\"Wolf Sch\u00e4fer\"},\"description\":\"Helmut-Schmidt-Universit\u00e4t Hamburg\",\"url\":\"https:\/\/wirtschaftlichefreiheit.de\/wordpress\/?author=10\"}]}<\/script>\n<!-- \/ Yoast SEO plugin. -->","yoast_head_json":{"title":"Ordnungsruf Landesbanken privatisieren! - Wirtschaftliche Freiheit","robots":{"index":"index","follow":"follow","max-snippet":"max-snippet:-1","max-image-preview":"max-image-preview:large","max-video-preview":"max-video-preview:-1"},"canonical":"https:\/\/wirtschaftlichefreiheit.de\/wordpress\/?p=1585","og_locale":"de_DE","og_type":"article","og_title":"Ordnungsruf Landesbanken privatisieren! - Wirtschaftliche Freiheit","og_description":"In der aktuellen Diskussion um die Landesbanken in Deutschland, die in der Krise massives Staatsversagen dokumentieren, geht es unter anderem\u00a0 um \u201eKonsolidierung\u201c, \u201eNeustrukturierung\u201c oder auch &hellip; \u201eOrdnungsruf Landesbanken privatisieren!\u201c weiterlesen","og_url":"https:\/\/wirtschaftlichefreiheit.de\/wordpress\/?p=1585","og_site_name":"Wirtschaftliche Freiheit","article_published_time":"2009-09-18T23:10:47+00:00","article_modified_time":"2020-05-17T07:51:33+00:00","og_image":[{"width":340,"height":455,"url":"https:\/\/wirtschaftlichefreiheit.de\/wordpress\/bilder\/340px-Karte_Landesbanken_Deutschland.svg_.png","type":"image\/png"}],"author":"Wolf Sch\u00e4fer","twitter_card":"summary_large_image","twitter_misc":{"Verfasst von":"Wolf Sch\u00e4fer","Gesch\u00e4tzte Lesezeit":"2\u00a0Minuten"},"schema":{"@context":"https:\/\/schema.org","@graph":[{"@type":"Article","@id":"https:\/\/wirtschaftlichefreiheit.de\/wordpress\/?p=1585#article","isPartOf":{"@id":"https:\/\/wirtschaftlichefreiheit.de\/wordpress\/?p=1585"},"author":{"name":"Wolf Sch\u00e4fer","@id":"https:\/\/wirtschaftlichefreiheit.de\/wordpress\/#\/schema\/person\/27f4df9e0084d2602f0c789847666d82"},"headline":"Ordnungsruf Landesbanken privatisieren!","datePublished":"2009-09-18T23:10:47+00:00","dateModified":"2020-05-17T07:51:33+00:00","mainEntityOfPage":{"@id":"https:\/\/wirtschaftlichefreiheit.de\/wordpress\/?p=1585"},"wordCount":356,"commentCount":0,"image":{"@id":"https:\/\/wirtschaftlichefreiheit.de\/wordpress\/?p=1585#primaryimage"},"thumbnailUrl":"https:\/\/wirtschaftlichefreiheit.de\/wordpress\/bilder\/340px-Karte_Landesbanken_Deutschland.svg_.png","articleSection":["Alle Kategorien","Monet\u00e4res","Politisches","Wettbewerbliches"],"inLanguage":"de","potentialAction":[{"@type":"CommentAction","name":"Comment","target":["https:\/\/wirtschaftlichefreiheit.de\/wordpress\/?p=1585#respond"]}]},{"@type":"WebPage","@id":"https:\/\/wirtschaftlichefreiheit.de\/wordpress\/?p=1585","url":"https:\/\/wirtschaftlichefreiheit.de\/wordpress\/?p=1585","name":"Ordnungsruf Landesbanken privatisieren! - Wirtschaftliche Freiheit","isPartOf":{"@id":"https:\/\/wirtschaftlichefreiheit.de\/wordpress\/#website"},"primaryImageOfPage":{"@id":"https:\/\/wirtschaftlichefreiheit.de\/wordpress\/?p=1585#primaryimage"},"image":{"@id":"https:\/\/wirtschaftlichefreiheit.de\/wordpress\/?p=1585#primaryimage"},"thumbnailUrl":"https:\/\/wirtschaftlichefreiheit.de\/wordpress\/bilder\/340px-Karte_Landesbanken_Deutschland.svg_.png","datePublished":"2009-09-18T23:10:47+00:00","dateModified":"2020-05-17T07:51:33+00:00","author":{"@id":"https:\/\/wirtschaftlichefreiheit.de\/wordpress\/#\/schema\/person\/27f4df9e0084d2602f0c789847666d82"},"breadcrumb":{"@id":"https:\/\/wirtschaftlichefreiheit.de\/wordpress\/?p=1585#breadcrumb"},"inLanguage":"de","potentialAction":[{"@type":"ReadAction","target":["https:\/\/wirtschaftlichefreiheit.de\/wordpress\/?p=1585"]}]},{"@type":"ImageObject","inLanguage":"de","@id":"https:\/\/wirtschaftlichefreiheit.de\/wordpress\/?p=1585#primaryimage","url":"https:\/\/wirtschaftlichefreiheit.de\/wordpress\/bilder\/340px-Karte_Landesbanken_Deutschland.svg_.png","contentUrl":"https:\/\/wirtschaftlichefreiheit.de\/wordpress\/bilder\/340px-Karte_Landesbanken_Deutschland.svg_.png","width":340,"height":455},{"@type":"BreadcrumbList","@id":"https:\/\/wirtschaftlichefreiheit.de\/wordpress\/?p=1585#breadcrumb","itemListElement":[{"@type":"ListItem","position":1,"name":"Startseite","item":"https:\/\/wirtschaftlichefreiheit.de\/wordpress"},{"@type":"ListItem","position":2,"name":"Ordnungsruf Landesbanken privatisieren!"}]},{"@type":"WebSite","@id":"https:\/\/wirtschaftlichefreiheit.de\/wordpress\/#website","url":"https:\/\/wirtschaftlichefreiheit.de\/wordpress\/","name":"Wirtschaftliche Freiheit","description":"Das ordnungspolitische Journal","potentialAction":[{"@type":"SearchAction","target":{"@type":"EntryPoint","urlTemplate":"https:\/\/wirtschaftlichefreiheit.de\/wordpress\/?s={search_term_string}"},"query-input":{"@type":"PropertyValueSpecification","valueRequired":true,"valueName":"search_term_string"}}],"inLanguage":"de"},{"@type":"Person","@id":"https:\/\/wirtschaftlichefreiheit.de\/wordpress\/#\/schema\/person\/27f4df9e0084d2602f0c789847666d82","name":"Wolf Sch\u00e4fer","image":{"@type":"ImageObject","inLanguage":"de","@id":"https:\/\/wirtschaftlichefreiheit.de\/wordpress\/bilder\/wolf_schaefer.jpg","url":"https:\/\/wirtschaftlichefreiheit.de\/wordpress\/bilder\/wolf_schaefer.jpg","contentUrl":"https:\/\/wirtschaftlichefreiheit.de\/wordpress\/bilder\/wolf_schaefer.jpg","caption":"Wolf Sch\u00e4fer"},"description":"Helmut-Schmidt-Universit\u00e4t Hamburg","url":"https:\/\/wirtschaftlichefreiheit.de\/wordpress\/?author=10"}]}},"_links":{"self":[{"href":"https:\/\/wirtschaftlichefreiheit.de\/wordpress\/index.php?rest_route=\/wp\/v2\/posts\/1585","targetHints":{"allow":["GET"]}}],"collection":[{"href":"https:\/\/wirtschaftlichefreiheit.de\/wordpress\/index.php?rest_route=\/wp\/v2\/posts"}],"about":[{"href":"https:\/\/wirtschaftlichefreiheit.de\/wordpress\/index.php?rest_route=\/wp\/v2\/types\/post"}],"author":[{"embeddable":true,"href":"https:\/\/wirtschaftlichefreiheit.de\/wordpress\/index.php?rest_route=\/wp\/v2\/users\/10"}],"replies":[{"embeddable":true,"href":"https:\/\/wirtschaftlichefreiheit.de\/wordpress\/index.php?rest_route=%2Fwp%2Fv2%2Fcomments&post=1585"}],"version-history":[{"count":10,"href":"https:\/\/wirtschaftlichefreiheit.de\/wordpress\/index.php?rest_route=\/wp\/v2\/posts\/1585\/revisions"}],"predecessor-version":[{"id":27349,"href":"https:\/\/wirtschaftlichefreiheit.de\/wordpress\/index.php?rest_route=\/wp\/v2\/posts\/1585\/revisions\/27349"}],"wp:featuredmedia":[{"embeddable":true,"href":"https:\/\/wirtschaftlichefreiheit.de\/wordpress\/index.php?rest_route=\/wp\/v2\/media\/27350"}],"wp:attachment":[{"href":"https:\/\/wirtschaftlichefreiheit.de\/wordpress\/index.php?rest_route=%2Fwp%2Fv2%2Fmedia&parent=1585"}],"wp:term":[{"taxonomy":"category","embeddable":true,"href":"https:\/\/wirtschaftlichefreiheit.de\/wordpress\/index.php?rest_route=%2Fwp%2Fv2%2Fcategories&post=1585"},{"taxonomy":"post_tag","embeddable":true,"href":"https:\/\/wirtschaftlichefreiheit.de\/wordpress\/index.php?rest_route=%2Fwp%2Fv2%2Ftags&post=1585"}],"curies":[{"name":"wp","href":"https:\/\/api.w.org\/{rel}","templated":true}]}}