{"id":17355,"date":"2015-05-13T07:29:14","date_gmt":"2015-05-13T06:29:14","guid":{"rendered":"http:\/\/wirtschaftlichefreiheit.de\/wordpress\/?p=17355"},"modified":"2015-06-09T18:38:14","modified_gmt":"2015-06-09T17:38:14","slug":"gastbeitraglaenger-arbeiten-keine-frage-des-rentenrechts","status":"publish","type":"post","link":"https:\/\/wirtschaftlichefreiheit.de\/wordpress\/?p=17355","title":{"rendered":"<small>65 plus (1)<\/small><br\/>L\u00e4nger arbeiten: Keine Frage des Rentenrechts"},"content":{"rendered":"<p>Eine l\u00e4ngere Lebensarbeitszeit, von der die gesamte Gesellschaft profitiert, ist m\u00f6glich, ohne dass die Altersgrenze weiter als geplant \u00fcber 67 Jahre hinaus angehoben werden m\u00fcsste. F\u00fcr die Besch\u00e4ftigung im Alter jenseits der Regelaltersgrenze sind die g\u00fcltigen rentenrechtlichen Regelungen attraktiv. Allerdings k\u00f6nnen l\u00e4ngst nicht alle Rentner diese M\u00f6glichkeiten einfach nutzen, weil der Gesetzgeber f\u00fcr die Erwerbst\u00e4tigkeit jenseits der Altersgrenze (von zur Zeit 65 Jahren und drei Monaten) im Arbeitsrecht noch keine attraktiven Instrumente geschaffen hat. Deswegen d\u00fcrften Arbeitgeber oft Angst davor haben, dass Befristungen von Arbeitsverh\u00e4ltnissen mit \u201eRentnern\u201c unwirksam sein k\u00f6nnten und es dann Schwierigkeiten dabei geben kann, sich von diesen Mitarbeitern sp\u00e4ter wieder zu trennen.<\/p>\n<p><!--more--><\/p>\n<p>Erst einmal ist festzuhalten: H\u00e4ufig wird immer noch \u00fcbersehen, wie attraktiv eine Besch\u00e4ftigung als Rentner sein kann. Sofern Erwerbst\u00e4tige jenseits der Altersgrenze bereits Rente beziehen, m\u00fcssen sie keine Renten- und Arbeitslosenversicherungsbeitr\u00e4ge zahlen, haben also einen h\u00f6heren Nettoverdienst.\u00c2\u00a0 Hinzuverdienstgrenzen haben sie nicht zu beachten, weil diese nur vor der Regelaltersgrenze gelten. Besch\u00e4ftigte, die lieber die M\u00f6glichkeit nutzen, den Renteneintritt hinauszuschieben und weiter zusammen mit ihrem Arbeitgeber in die Rentenversicherung einzuzahlen, erwerben daf\u00fcr zus\u00e4tzliche Rentenanspr\u00fcche: Sie bekommen f\u00fcr jeden Monat, um den sie ihren Rentenbeginn aufschieben und weiter einzahlen, sp\u00e4ter eine um 0,5 Prozentpunkte h\u00f6here Monatsrente. Beispielsweise nach zwei Jahren also 12 Prozent mehr Rente, und das dauerhaft!<\/p>\n<p>Aber viele Arbeitgeber wollen f\u00fcr Arbeitnehmer jenseits der Regelaltersgrenze kein Dauerarbeitsverh\u00e4ltnis begr\u00fcnden, weil mit zunehmendem Alter die Arbeitskraft irgendwann deutlich nachl\u00e4sst. Abnehmende Leistungen, die altersbedingt sind, k\u00f6nnen aber nur in wenigen Situationen ein Grund f\u00fcr eine K\u00fcndigung sein; abgesehen von den Schwierigkeiten, eine m\u00f6gliche K\u00fcndigung dann auch tats\u00e4chlich durchzuboxen. Arbeitgeber haben also ein nachvollziehbares Interesse an befristeten Besch\u00e4ftigungsverh\u00e4ltnissen jenseits der Altersgrenze.<\/p>\n<p>Um Arbeitgebern die Entscheidung zu erleichtern, \u00c4ltere weiter zu besch\u00e4ftigen, wurde 2014 die M\u00f6glichkeit geschaffen, die Weiterarbeit auf einfache Weise zu vereinbaren. Dies hilft aber nur, wenn Besch\u00e4ftigte nach Erreichen des f\u00fcr die Regelaltersrente ma\u00dfgeblichen Alters bei ihrem vorherigen Arbeitgeber weiterarbeiten. Was ist aber mit den Rentnern, die vorzeitig ausscheiden und sp\u00e4ter doch weiterarbeiten wollen? Und was ist mit den Rentnern, die bei einem anderen Arbeitgeber nicht nur Geld, sondern auch neue Erfahrungen sammeln wollen? Und was ist mit denen, die nach einem Jahr verdienten Ruhestandes von ihrem alten Arbeitgeber gefragt werden, ob sie nicht vielleicht doch noch einmal aushelfen wollen?<\/p>\n<p>Insgesamt sind derart viele Varianten und Fallstricke und Hemmnisse zu bedenken, dass die befristete Besch\u00e4ftigung von Rentnern offenkundig nicht ausreichend unkompliziert ist und oft genug auch in der meist beidseitig gew\u00fcnschten Variante aus Arbeitgebersicht nicht sicher zu gestalten ist. Wie lie\u00dfe sich dies verbessern und mehr Erwerbst\u00e4tigkeit von Rentnern erreichen?<\/p>\n<p>Um die \u201eAlterserwerbst\u00e4tigkeit\u201c arbeitsrechtlich zu erleichtern, w\u00e4re eine \u2013 politisch wohl h\u00f6chst heikle \u2013 \u00c4nderung des K\u00fcndigungsschutzes in der Weise denkbar, dass Arbeitnehmer nach Erreichen der Regelaltersgrenze \u2013 ggf. nur, sofern sie Anspruch auf eine Rente haben \u2013 aus dem K\u00fcndigungsschutz ausgenommen werden. Damit w\u00fcrden allerdings die F\u00e4lle des vorzeitigen Renteneintritts (insbesondere mit geringf\u00fcgiger Nebenbesch\u00e4ftigung) nicht erfasst werden, die aber im Sinne einer Integration der wom\u00f6glich viele Jahre zu fr\u00fch ausgeschiedenen Personen w\u00fcnschenswert sein kann.<\/p>\n<p>Auch denkbar \u2013 vermutlich praktikabler und mit etwas Geschick auch europarechtskonform auszugestalten \u2013 w\u00e4re eine ausdr\u00fcckliche allgemeine Regelung im Befristungsrecht, nach der Personen, die einen Anspruch auf eine unbefristete Rente haben, ohne Sachgrund und ohne Obergrenze bei Dauer und Zahl der Befristungen und unabh\u00e4ngig von der Frage einer vorherigen Besch\u00e4ftigung beim gleichen Arbeitgeber befristet eingestellt werden k\u00f6nnen. Das schafft f\u00fcr die Arbeitsvertragsparteien Verl\u00e4sslichkeit. Politik und Tarifparteien sollten anfangen \u00fcber diese Details zu reden und dann Verbesserungen umsetzen.<\/p>\n<p>Dr. Cornelius Richter ist Gesch\u00e4ftsf\u00fchrer der Serviceabteilung Recht und Personal am DIW Berlin.<\/p>\n<p><strong>Hinweis<\/strong>: Den kompletten Kommentar k\u00f6nnen Sie in der Mai-Ausgabe 2015 der <a href=\"http:\/\/elibrary.vahlen.de\/index.php?dokid=9603\">WiSt<\/a> nachlesen. <img loading=\"lazy\" decoding=\"async\" alt=\"\" src=\"http:\/\/vg02.met.vgwort.de\/na\/2362fef6b6d345448be7e53944a3091c\" width=\"1\" height=\"1\" \/><\/p>\n<!-- AddThis Advanced Settings generic via filter on the_content --><!-- AddThis Share Buttons generic via filter on the_content --><!-- AddThis Related Posts generic via filter on the_content -->","protected":false},"excerpt":{"rendered":"<p>Eine l\u00e4ngere Lebensarbeitszeit, von der die gesamte Gesellschaft profitiert, ist m\u00f6glich, ohne dass die Altersgrenze weiter als geplant \u00fcber 67 Jahre hinaus angehoben werden m\u00fcsste. &hellip; <\/p>\n<p class=\"link-more\"><a href=\"https:\/\/wirtschaftlichefreiheit.de\/wordpress\/?p=17355\" class=\"more-link\"><span class=\"screen-reader-text\">\u201e<small>65 plus (1)<\/small><br \/>L\u00e4nger arbeiten: Keine Frage des Rentenrechts\u201c <\/span>weiterlesen<\/a><\/p>\n<p><!-- AddThis Advanced Settings generic via filter on wp_trim_excerpt --><!-- AddThis Share Buttons generic via filter on wp_trim_excerpt --><!-- AddThis Related Posts generic via filter on wp_trim_excerpt --><\/p>\n","protected":false},"author":208,"featured_media":0,"comment_status":"open","ping_status":"open","sticky":false,"template":"","format":"standard","meta":{"footnotes":""},"categories":[3,1900,4],"tags":[1902,439,1901,438],"class_list":["post-17355","post","type-post","status-publish","format-standard","hentry","category-arbeit","category-rentenpolitisches","category-soziales","tag-alterserwerbstaetigkeit","tag-altersgrenze","tag-lebensarbeitszeit","tag-rente"],"yoast_head":"<!-- This site is optimized with the Yoast SEO plugin v27.2 - https:\/\/yoast.com\/product\/yoast-seo-wordpress\/ -->\n<title>65 plus (1)L\u00e4nger arbeiten: Keine Frage des Rentenrechts  - Wirtschaftliche Freiheit<\/title>\n<meta name=\"robots\" content=\"index, follow, max-snippet:-1, max-image-preview:large, max-video-preview:-1\" \/>\n<link rel=\"canonical\" href=\"https:\/\/wirtschaftlichefreiheit.de\/wordpress\/?p=17355\" \/>\n<meta property=\"og:locale\" content=\"de_DE\" \/>\n<meta property=\"og:type\" content=\"article\" \/>\n<meta property=\"og:title\" content=\"65 plus (1)L\u00e4nger arbeiten: Keine Frage des Rentenrechts  - Wirtschaftliche Freiheit\" \/>\n<meta property=\"og:description\" content=\"Eine l\u00e4ngere Lebensarbeitszeit, von der die gesamte Gesellschaft profitiert, ist m\u00f6glich, ohne dass die Altersgrenze weiter als geplant \u00fcber 67 Jahre hinaus angehoben werden m\u00fcsste. &hellip; \u201e65 plus (1)L\u00e4nger arbeiten: Keine Frage des Rentenrechts\u201c weiterlesen\" \/>\n<meta property=\"og:url\" content=\"https:\/\/wirtschaftlichefreiheit.de\/wordpress\/?p=17355\" \/>\n<meta property=\"og:site_name\" content=\"Wirtschaftliche Freiheit\" \/>\n<meta property=\"article:published_time\" content=\"2015-05-13T06:29:14+00:00\" \/>\n<meta property=\"article:modified_time\" content=\"2015-06-09T17:38:14+00:00\" \/>\n<meta property=\"og:image\" content=\"http:\/\/vg02.met.vgwort.de\/na\/2362fef6b6d345448be7e53944a3091c\" \/>\n<meta name=\"author\" content=\"Cornelius Richter und Gert G. Wagner\" \/>\n<meta name=\"twitter:card\" content=\"summary_large_image\" \/>\n<meta name=\"twitter:label1\" content=\"Verfasst von\" \/>\n\t<meta name=\"twitter:data1\" content=\"Cornelius Richter und Gert G. Wagner\" \/>\n\t<meta name=\"twitter:label2\" content=\"Gesch\u00e4tzte Lesezeit\" \/>\n\t<meta name=\"twitter:data2\" content=\"3\u00a0Minuten\" \/>\n<script type=\"application\/ld+json\" class=\"yoast-schema-graph\">{\"@context\":\"https:\/\/schema.org\",\"@graph\":[{\"@type\":\"Article\",\"@id\":\"https:\/\/wirtschaftlichefreiheit.de\/wordpress\/?p=17355#article\",\"isPartOf\":{\"@id\":\"https:\/\/wirtschaftlichefreiheit.de\/wordpress\/?p=17355\"},\"author\":{\"name\":\"Cornelius Richter und Gert G. Wagner\",\"@id\":\"https:\/\/wirtschaftlichefreiheit.de\/wordpress\/#\/schema\/person\/66d855945ec508a822b9841d9ab641de\"},\"headline\":\"65 plus (1) L\u00e4nger arbeiten: Keine Frage des Rentenrechts\",\"datePublished\":\"2015-05-13T06:29:14+00:00\",\"dateModified\":\"2015-06-09T17:38:14+00:00\",\"mainEntityOfPage\":{\"@id\":\"https:\/\/wirtschaftlichefreiheit.de\/wordpress\/?p=17355\"},\"wordCount\":670,\"commentCount\":1,\"image\":{\"@id\":\"https:\/\/wirtschaftlichefreiheit.de\/wordpress\/?p=17355#primaryimage\"},\"thumbnailUrl\":\"http:\/\/vg02.met.vgwort.de\/na\/2362fef6b6d345448be7e53944a3091c\",\"keywords\":[\"Alterserwerbst\u00e4tigkeit\",\"Altersgrenze\",\"Lebensarbeitszeit\",\"Rente\"],\"articleSection\":[\"Arbeit\",\"Rentenpolitisches\",\"Soziales\"],\"inLanguage\":\"de\",\"potentialAction\":[{\"@type\":\"CommentAction\",\"name\":\"Comment\",\"target\":[\"https:\/\/wirtschaftlichefreiheit.de\/wordpress\/?p=17355#respond\"]}]},{\"@type\":\"WebPage\",\"@id\":\"https:\/\/wirtschaftlichefreiheit.de\/wordpress\/?p=17355\",\"url\":\"https:\/\/wirtschaftlichefreiheit.de\/wordpress\/?p=17355\",\"name\":\"65 plus (1) L\u00e4nger arbeiten: Keine Frage des Rentenrechts - Wirtschaftliche Freiheit\",\"isPartOf\":{\"@id\":\"https:\/\/wirtschaftlichefreiheit.de\/wordpress\/#website\"},\"primaryImageOfPage\":{\"@id\":\"https:\/\/wirtschaftlichefreiheit.de\/wordpress\/?p=17355#primaryimage\"},\"image\":{\"@id\":\"https:\/\/wirtschaftlichefreiheit.de\/wordpress\/?p=17355#primaryimage\"},\"thumbnailUrl\":\"http:\/\/vg02.met.vgwort.de\/na\/2362fef6b6d345448be7e53944a3091c\",\"datePublished\":\"2015-05-13T06:29:14+00:00\",\"dateModified\":\"2015-06-09T17:38:14+00:00\",\"author\":{\"@id\":\"https:\/\/wirtschaftlichefreiheit.de\/wordpress\/#\/schema\/person\/66d855945ec508a822b9841d9ab641de\"},\"breadcrumb\":{\"@id\":\"https:\/\/wirtschaftlichefreiheit.de\/wordpress\/?p=17355#breadcrumb\"},\"inLanguage\":\"de\",\"potentialAction\":[{\"@type\":\"ReadAction\",\"target\":[\"https:\/\/wirtschaftlichefreiheit.de\/wordpress\/?p=17355\"]}]},{\"@type\":\"ImageObject\",\"inLanguage\":\"de\",\"@id\":\"https:\/\/wirtschaftlichefreiheit.de\/wordpress\/?p=17355#primaryimage\",\"url\":\"http:\/\/vg02.met.vgwort.de\/na\/2362fef6b6d345448be7e53944a3091c\",\"contentUrl\":\"http:\/\/vg02.met.vgwort.de\/na\/2362fef6b6d345448be7e53944a3091c\"},{\"@type\":\"BreadcrumbList\",\"@id\":\"https:\/\/wirtschaftlichefreiheit.de\/wordpress\/?p=17355#breadcrumb\",\"itemListElement\":[{\"@type\":\"ListItem\",\"position\":1,\"name\":\"Startseite\",\"item\":\"https:\/\/wirtschaftlichefreiheit.de\/wordpress\"},{\"@type\":\"ListItem\",\"position\":2,\"name\":\"65 plus (1)L\u00e4nger arbeiten: Keine Frage des Rentenrechts\"}]},{\"@type\":\"WebSite\",\"@id\":\"https:\/\/wirtschaftlichefreiheit.de\/wordpress\/#website\",\"url\":\"https:\/\/wirtschaftlichefreiheit.de\/wordpress\/\",\"name\":\"Wirtschaftliche Freiheit\",\"description\":\"Das ordnungspolitische Journal\",\"potentialAction\":[{\"@type\":\"SearchAction\",\"target\":{\"@type\":\"EntryPoint\",\"urlTemplate\":\"https:\/\/wirtschaftlichefreiheit.de\/wordpress\/?s={search_term_string}\"},\"query-input\":{\"@type\":\"PropertyValueSpecification\",\"valueRequired\":true,\"valueName\":\"search_term_string\"}}],\"inLanguage\":\"de\"},{\"@type\":\"Person\",\"@id\":\"https:\/\/wirtschaftlichefreiheit.de\/wordpress\/#\/schema\/person\/66d855945ec508a822b9841d9ab641de\",\"name\":\"Cornelius Richter und Gert G. Wagner\",\"image\":{\"@type\":\"ImageObject\",\"inLanguage\":\"de\",\"@id\":\"https:\/\/secure.gravatar.com\/avatar\/255924afcc266794a5cfab4032c07d7e8655675e7d5a306b360d93951a5e0c14?s=96&d=mm&r=g\",\"url\":\"https:\/\/secure.gravatar.com\/avatar\/255924afcc266794a5cfab4032c07d7e8655675e7d5a306b360d93951a5e0c14?s=96&d=mm&r=g\",\"contentUrl\":\"https:\/\/secure.gravatar.com\/avatar\/255924afcc266794a5cfab4032c07d7e8655675e7d5a306b360d93951a5e0c14?s=96&d=mm&r=g\",\"caption\":\"Cornelius Richter und Gert G. Wagner\"},\"url\":\"https:\/\/wirtschaftlichefreiheit.de\/wordpress\/?author=208\"}]}<\/script>\n<!-- \/ Yoast SEO plugin. -->","yoast_head_json":{"title":"65 plus (1)L\u00e4nger arbeiten: Keine Frage des Rentenrechts  - Wirtschaftliche Freiheit","robots":{"index":"index","follow":"follow","max-snippet":"max-snippet:-1","max-image-preview":"max-image-preview:large","max-video-preview":"max-video-preview:-1"},"canonical":"https:\/\/wirtschaftlichefreiheit.de\/wordpress\/?p=17355","og_locale":"de_DE","og_type":"article","og_title":"65 plus (1)L\u00e4nger arbeiten: Keine Frage des Rentenrechts  - Wirtschaftliche Freiheit","og_description":"Eine l\u00e4ngere Lebensarbeitszeit, von der die gesamte Gesellschaft profitiert, ist m\u00f6glich, ohne dass die Altersgrenze weiter als geplant \u00fcber 67 Jahre hinaus angehoben werden m\u00fcsste. &hellip; \u201e65 plus (1)L\u00e4nger arbeiten: Keine Frage des Rentenrechts\u201c weiterlesen","og_url":"https:\/\/wirtschaftlichefreiheit.de\/wordpress\/?p=17355","og_site_name":"Wirtschaftliche Freiheit","article_published_time":"2015-05-13T06:29:14+00:00","article_modified_time":"2015-06-09T17:38:14+00:00","og_image":[{"url":"http:\/\/vg02.met.vgwort.de\/na\/2362fef6b6d345448be7e53944a3091c","type":"","width":"","height":""}],"author":"Cornelius Richter und Gert G. Wagner","twitter_card":"summary_large_image","twitter_misc":{"Verfasst von":"Cornelius Richter und Gert G. Wagner","Gesch\u00e4tzte Lesezeit":"3\u00a0Minuten"},"schema":{"@context":"https:\/\/schema.org","@graph":[{"@type":"Article","@id":"https:\/\/wirtschaftlichefreiheit.de\/wordpress\/?p=17355#article","isPartOf":{"@id":"https:\/\/wirtschaftlichefreiheit.de\/wordpress\/?p=17355"},"author":{"name":"Cornelius Richter und Gert G. Wagner","@id":"https:\/\/wirtschaftlichefreiheit.de\/wordpress\/#\/schema\/person\/66d855945ec508a822b9841d9ab641de"},"headline":"65 plus (1) L\u00e4nger arbeiten: Keine Frage des Rentenrechts","datePublished":"2015-05-13T06:29:14+00:00","dateModified":"2015-06-09T17:38:14+00:00","mainEntityOfPage":{"@id":"https:\/\/wirtschaftlichefreiheit.de\/wordpress\/?p=17355"},"wordCount":670,"commentCount":1,"image":{"@id":"https:\/\/wirtschaftlichefreiheit.de\/wordpress\/?p=17355#primaryimage"},"thumbnailUrl":"http:\/\/vg02.met.vgwort.de\/na\/2362fef6b6d345448be7e53944a3091c","keywords":["Alterserwerbst\u00e4tigkeit","Altersgrenze","Lebensarbeitszeit","Rente"],"articleSection":["Arbeit","Rentenpolitisches","Soziales"],"inLanguage":"de","potentialAction":[{"@type":"CommentAction","name":"Comment","target":["https:\/\/wirtschaftlichefreiheit.de\/wordpress\/?p=17355#respond"]}]},{"@type":"WebPage","@id":"https:\/\/wirtschaftlichefreiheit.de\/wordpress\/?p=17355","url":"https:\/\/wirtschaftlichefreiheit.de\/wordpress\/?p=17355","name":"65 plus (1) L\u00e4nger arbeiten: Keine Frage des Rentenrechts - Wirtschaftliche Freiheit","isPartOf":{"@id":"https:\/\/wirtschaftlichefreiheit.de\/wordpress\/#website"},"primaryImageOfPage":{"@id":"https:\/\/wirtschaftlichefreiheit.de\/wordpress\/?p=17355#primaryimage"},"image":{"@id":"https:\/\/wirtschaftlichefreiheit.de\/wordpress\/?p=17355#primaryimage"},"thumbnailUrl":"http:\/\/vg02.met.vgwort.de\/na\/2362fef6b6d345448be7e53944a3091c","datePublished":"2015-05-13T06:29:14+00:00","dateModified":"2015-06-09T17:38:14+00:00","author":{"@id":"https:\/\/wirtschaftlichefreiheit.de\/wordpress\/#\/schema\/person\/66d855945ec508a822b9841d9ab641de"},"breadcrumb":{"@id":"https:\/\/wirtschaftlichefreiheit.de\/wordpress\/?p=17355#breadcrumb"},"inLanguage":"de","potentialAction":[{"@type":"ReadAction","target":["https:\/\/wirtschaftlichefreiheit.de\/wordpress\/?p=17355"]}]},{"@type":"ImageObject","inLanguage":"de","@id":"https:\/\/wirtschaftlichefreiheit.de\/wordpress\/?p=17355#primaryimage","url":"http:\/\/vg02.met.vgwort.de\/na\/2362fef6b6d345448be7e53944a3091c","contentUrl":"http:\/\/vg02.met.vgwort.de\/na\/2362fef6b6d345448be7e53944a3091c"},{"@type":"BreadcrumbList","@id":"https:\/\/wirtschaftlichefreiheit.de\/wordpress\/?p=17355#breadcrumb","itemListElement":[{"@type":"ListItem","position":1,"name":"Startseite","item":"https:\/\/wirtschaftlichefreiheit.de\/wordpress"},{"@type":"ListItem","position":2,"name":"65 plus (1)L\u00e4nger arbeiten: Keine Frage des Rentenrechts"}]},{"@type":"WebSite","@id":"https:\/\/wirtschaftlichefreiheit.de\/wordpress\/#website","url":"https:\/\/wirtschaftlichefreiheit.de\/wordpress\/","name":"Wirtschaftliche Freiheit","description":"Das ordnungspolitische Journal","potentialAction":[{"@type":"SearchAction","target":{"@type":"EntryPoint","urlTemplate":"https:\/\/wirtschaftlichefreiheit.de\/wordpress\/?s={search_term_string}"},"query-input":{"@type":"PropertyValueSpecification","valueRequired":true,"valueName":"search_term_string"}}],"inLanguage":"de"},{"@type":"Person","@id":"https:\/\/wirtschaftlichefreiheit.de\/wordpress\/#\/schema\/person\/66d855945ec508a822b9841d9ab641de","name":"Cornelius Richter und Gert G. Wagner","image":{"@type":"ImageObject","inLanguage":"de","@id":"https:\/\/secure.gravatar.com\/avatar\/255924afcc266794a5cfab4032c07d7e8655675e7d5a306b360d93951a5e0c14?s=96&d=mm&r=g","url":"https:\/\/secure.gravatar.com\/avatar\/255924afcc266794a5cfab4032c07d7e8655675e7d5a306b360d93951a5e0c14?s=96&d=mm&r=g","contentUrl":"https:\/\/secure.gravatar.com\/avatar\/255924afcc266794a5cfab4032c07d7e8655675e7d5a306b360d93951a5e0c14?s=96&d=mm&r=g","caption":"Cornelius Richter und Gert G. Wagner"},"url":"https:\/\/wirtschaftlichefreiheit.de\/wordpress\/?author=208"}]}},"_links":{"self":[{"href":"https:\/\/wirtschaftlichefreiheit.de\/wordpress\/index.php?rest_route=\/wp\/v2\/posts\/17355","targetHints":{"allow":["GET"]}}],"collection":[{"href":"https:\/\/wirtschaftlichefreiheit.de\/wordpress\/index.php?rest_route=\/wp\/v2\/posts"}],"about":[{"href":"https:\/\/wirtschaftlichefreiheit.de\/wordpress\/index.php?rest_route=\/wp\/v2\/types\/post"}],"author":[{"embeddable":true,"href":"https:\/\/wirtschaftlichefreiheit.de\/wordpress\/index.php?rest_route=\/wp\/v2\/users\/208"}],"replies":[{"embeddable":true,"href":"https:\/\/wirtschaftlichefreiheit.de\/wordpress\/index.php?rest_route=%2Fwp%2Fv2%2Fcomments&post=17355"}],"version-history":[{"count":6,"href":"https:\/\/wirtschaftlichefreiheit.de\/wordpress\/index.php?rest_route=\/wp\/v2\/posts\/17355\/revisions"}],"predecessor-version":[{"id":17358,"href":"https:\/\/wirtschaftlichefreiheit.de\/wordpress\/index.php?rest_route=\/wp\/v2\/posts\/17355\/revisions\/17358"}],"wp:attachment":[{"href":"https:\/\/wirtschaftlichefreiheit.de\/wordpress\/index.php?rest_route=%2Fwp%2Fv2%2Fmedia&parent=17355"}],"wp:term":[{"taxonomy":"category","embeddable":true,"href":"https:\/\/wirtschaftlichefreiheit.de\/wordpress\/index.php?rest_route=%2Fwp%2Fv2%2Fcategories&post=17355"},{"taxonomy":"post_tag","embeddable":true,"href":"https:\/\/wirtschaftlichefreiheit.de\/wordpress\/index.php?rest_route=%2Fwp%2Fv2%2Ftags&post=17355"}],"curies":[{"name":"wp","href":"https:\/\/api.w.org\/{rel}","templated":true}]}}