{"id":1789,"date":"2009-10-25T01:01:13","date_gmt":"2009-10-25T00:01:13","guid":{"rendered":"http:\/\/wirtschaftlichefreiheit.de\/wordpress\/?p=1789"},"modified":"2011-12-26T14:51:44","modified_gmt":"2011-12-26T13:51:44","slug":"finanzkrise-arbeitsmarkt-und-politikstrategienvom-umgang-mit-der-unterbeschaeftigung","status":"publish","type":"post","link":"https:\/\/wirtschaftlichefreiheit.de\/wordpress\/?p=1789","title":{"rendered":"Finanzkrise, Arbeitsm\u00e4rkte und Politikstrategien<br\/><small>Vom Umgang mit der Unterbesch\u00e4ftigung<\/small>"},"content":{"rendered":"<blockquote>\n<p><em>\u201eThe curious task of economics is to demonstrate to men how little they really know about what they imagine they can design.&#8220; (F.A. v. Hayek, The Fatal Conceit, 1988, p. 76)<\/em><\/p>\n<\/blockquote>\n<p style=\"text-align: justify;\">Das Schlimmste auf den Finanzm\u00e4rkten ist wohl \u00fcberstanden, die finanzielle Apokalypse ist vorerst abgesagt. Der wirtschaftliche Abschwung scheint endlich den Boden gefunden zu haben. Die Weltwirtschaft zeigt erste sp\u00fcrbare Zeichen der realen Erholung. Von Entspannung kann dennoch keine Rede sein. Weltweit geht wieder einmal die Angst um, die Angst vor einem <a href=\"http:\/\/wirtschaftlichefreiheit.de\/wordpress\/?p=1528\">Aufschwung ohne Arbeit<\/a>. Die Arbeitslosenquote ist im Juli 2009 in den OECD-L\u00e4ndern mit 8,5 % auf den h\u00f6chsten Wert in der Nachkriegszeit gestiegen. In Europa war die Entwicklung noch schlechter. Die Arbeitslosenquote erh\u00f6hte sich in der EU-27 auf 9,1 %, im Euro-Raum sogar auf 9,6 %.\u00c2\u00a0 Damit ist die Finanzkrise endg\u00fcltig in der realen Wirtschaft angekommen. Und ein Ende ist nicht in Sicht, zumindest nicht auf den Arbeitsm\u00e4rkten.<\/p>\n<p><!--more--><\/p>\n<p style=\"text-align: center;\"><strong>Unterschiede in der Arbeitslosigkeit<\/strong><\/p>\n<p>Von der negativen Entwicklung auf den Arbeitsm\u00e4rkten blieb kein Land verschont. Allerdings streuen die Arbeitslosenquoten zwischen den L\u00e4ndern stark. Das gilt f\u00fcr die <a href=\"http:\/\/www.oecd.org\/document\/31\/0,3343,de_34968570_34968855_40930463_1_1_1_1,00.html\" target=\"_blank\">OECD<\/a> ebenso wie f\u00fcr <a href=\"http:\/\/epp.eurostat.ec.europa.eu\/cache\/ITY_PUBLIC\/3-01102009-AP\/EN\/3-01102009-AP-EN.PDF\" target=\"_blank\">Europa<\/a>. Wer vor der Krise auf den Arbeitsm\u00e4rkten gut war, schneidet auch heute besser ab. Das gilt etwa f\u00fcr die Niederlande, die Schweiz oder auch \u00d6sterreich. Allerdings gibt es von dieser Regel auch Ausnahmen: Irland, Island und die USA. In diesen L\u00e4ndern und in Spanien schlug die Finanzkrise besonders deutlich auf die Arbeitsm\u00e4rkte durch. Die Arbeitslosenquoten erh\u00f6hten sich st\u00e4rker als der Durchschnitt. Es gibt auch L\u00e4nder, die zwar keine Musterknaben auf den Arbeitsm\u00e4rkten waren, wie etwa Belgien, Deutschland oder Italien, in denen sich aber die Arbeitslosigkeit bisher dennoch kaum erh\u00f6hte.<\/p>\n<p style=\"text-align: center;\"><a href=\"\/wordpress\/bilder\/nairu1.jpg\"><img decoding=\"async\" class=\"aligncenter\" src=\"\/wordpress\/bilder\/nairu1.jpg\" alt=\"\" width=\"400\" \/><\/a><br \/>\n<small>&#8211; Zum Vergr\u00f6\u00dfern bitte auf das Bild klicken &#8211; <\/small><\/p>\n<p>Der Blick allein auf die Arbeitslosenquoten vermittelt allerdings ein falsches Bild. Das wird klar, wenn man auf die USA und Deutschland schaut. In beiden L\u00e4ndern st\u00fcrzte das Bruttoinlandsprodukt im Gefolge der Krise regelrecht ab, hierzulande noch st\u00e4rker als in \u00dcbersee. Dennoch erh\u00f6hte sich die Arbeitslosenquote in Deutschland bisher nur um einen \u00c2\u00be-Prozentpunkt, in den USA stieg sie aber um \u00fcber 5 Prozentpunkte. Ein Grund liegt in unterschiedlichen Strategien der Anpassung beider L\u00e4nder. Sinkt der Output pro Kopf, k\u00f6nnen sie sich \u00fcber sinkende Arbeitsstundenproduktivit\u00e4ten, geringere Besch\u00e4ftigungs- oder r\u00fcckl\u00e4ufige Erwerbsquoten anpassen. Der Weg \u00fcber niedrigere Besch\u00e4ftigungsquoten kann \u00fcber weniger Arbeitsstunden pro Kopf oder h\u00f6here Arbeitslosenquoten f\u00fchren.<\/p>\n<p style=\"text-align: center;\"><strong>Unterschiede in der Strategie<\/strong><\/p>\n<p>Die USA haben in dieser Krise nach dem selben Muster reagiert wie im letzten Abschwung im Jahr 2001. Sie setzten auf eine stark r\u00fcckl\u00e4ufige Besch\u00e4ftigungsquote. Die Arbeitslosigkeit erh\u00f6hte sich betr\u00e4chtlich, zumindest f\u00fcr amerikanische Verh\u00e4ltnisse, noch viel st\u00e4rker als im Krisenjahr 2001. Freiwillig tempor\u00e4re und unfreiwillig dauerhafte Entlassungen nahmen zu. Demgegen\u00fcber fiel die Anpassung \u00fcber geringere Arbeitsstunden pro Erwerbst\u00e4tigem eher gering aus. Sie war in etwa mit dem R\u00fcckgang in der letzten Krise im Jahr 2001 vergleichbar. Beide Wege der Anpassung \u00fcber mehr Arbeitslosigkeit und weniger Arbeitsstunden verhinderten, dass die Arbeitsproduktivit\u00e4t der Besch\u00e4ftigten seit Beginn der Krise nennenswert <a href=\"http:\/\/www.imf.org\/external\/pubs\/ft\/weo\/2009\/02\/pdf\/c1.pdf\" target=\"_blank\">zur\u00fcckging<\/a>.<\/p>\n<p style=\"text-align: center;\"><a href=\"\/wordpress\/bilder\/nairu2.jpg\"><img decoding=\"async\" class=\"aligncenter\" src=\"\/wordpress\/bilder\/nairu2.jpg\" alt=\"\" width=\"400\" \/><\/a><br \/>\n<small>&#8211; Zum Vergr\u00f6\u00dfern bitte auf das Bild klicken &#8211; <\/small><\/p>\n<p>Deutschland ging den amerikanischen Weg nicht, die Lasten der Krise individuell \u00fcber eine stark steigende Arbeitslosigkeit aufzub\u00fcrden. Die Anpassung erfolgte stattdessen \u00fcber weniger Arbeitsstunden pro Besch\u00e4ftigten. Mit staatlich subventionierter Kurzarbeit gelang es, die Besch\u00e4ftigungsquote zu stabilisieren. Die Arbeitslosigkeit stieg nur moderat an, bisher zumindest. Diese Strategie ist allerdings nicht umsonst: Die Arbeitsproduktivit\u00e4t bricht ein, die Lohnst\u00fcckkosten steigen. Das dr\u00fcckt mit der Dauter der Krise auf die Gewinne der Unternehmen. Deutschland geht den Weg, die Lasten kollektiv Beitrags- und Steuerzahler aufzub\u00fcrden. Diesen Weg schlagen vor allem L\u00e4nder ein, deren Arbeitsm\u00e4rkte weniger flexibel sind. L\u00e4nder mit flexibleren Arbeitsm\u00e4rkten setzen hingegen auf individuelle Anlastungen, also ein tempor\u00e4r h\u00f6here Arbeitslosigkeit.<\/p>\n<p style=\"text-align: center;\"><strong>Unterschiede im Erfolg?<\/strong><\/p>\n<p>Welcher Weg ist erfolgreicher, der &#8222;amerikanische&#8220; oder der &#8222;deutsche&#8220;? Dominieren konjunkturelle Aspekte die strukturellen, wirkt Kurzarbeit wie ein automatischer Stabilisator. Kapazit\u00e4ten bleiben erhalten, Humankapital wird nicht entwertet. Zieht die Nachfrage nach G\u00fctern und Diensten wieder an, geht es mit der Besch\u00e4ftigung steil nach oben. Ein Problem entsteht, wenn sich die gesamtwirtschaftliche Nachfrage nur sehr langsam erholt. Human- und Realkapital entwerten sich, steigende Lohnst\u00fcckkosten zwingen Unternehmen, Kurzarbeit abzubauen und Arbeitnehmer zu entlassen. Die Erfahrung zeigt, <a href=\"http:\/\/www.economics.harvard.edu\/files\/faculty\/51_Aftermath.pdf\" target=\"_blank\">Rezessionen<\/a> sind z\u00e4h, vor allem wenn sie durch Bankenkrisen ausgel\u00f6st werden. In den letzten 88 Bankenkrisen lag der Output im Durchschnitt 7 Jahre nach dem wirtschaftlichen Einbruch noch immer 10 % unterhalb des Niveaus vor der <a href=\"http:\/\/www.imf.org\/external\/pubs\/ft\/weo\/2009\/02\/pdf\/4sum.pdf\" target=\"_blank\">Krise<\/a>.<\/p>\n<p>Die \u201edeutsche\u201c Strategie verliert weiter an Glanz,\u00c2\u00a0 wenn strukturelle Probleme gewichtig sind. Kurzarbeit wird dann zu einem Hemmnis im notwendigen strukturellen Wandel. Alte Strukturen bleiben erhalten, Steuer- und Beitragszahler subventionieren nicht \u00fcberlebensf\u00e4hige Sektoren, Arbeitnehmern wird eine Sicherheit vorgegaukelt, die so nicht existiert. Die Treiber der Finanzkrise haben auch Ressourcen in falsche Verwendungen getrieben. <a href=\"http:\/\/wirtschaftlichefreiheit.de\/wordpress\/?p=584\" target=\"_blank\">Struktureller Anpassungsbedarf<\/a> existiert nicht nur in der Immobilien-, Finanz- und Automobilbranche. Globale Ungleichgewichte in den Leistungsbilanzen erfordern ebenfalls strukturelle Anpassungen. Vieles spricht deshalb daf\u00fcr, dass die inflationsneutrale Arbeitslosenquote (<a href=\"http:\/\/www.economist.com\/businessfinance\/economicsfocus\/displaystory.cfm?story_id=13942092\" target=\"_blank\">NAIRU<\/a>) bald wieder ansteigen wird, wegen inflexiblerer Arbeitsm\u00e4rkte in Europa mehr als in den USA.<\/p>\n<p style=\"text-align: center;\"><a href=\"\/wordpress\/bilder\/nairu3.jpg\"><img decoding=\"async\" class=\"aligncenter\" src=\"\/wordpress\/bilder\/nairu3.jpg\" alt=\"\" width=\"400\" \/><\/a><br \/>\n<small>&#8211; Zum Vergr\u00f6\u00dfern bitte auf das Bild klicken &#8211; <\/small><\/p>\n<p style=\"text-align: center;\"><strong>Fazit<\/strong><\/p>\n<p>Die weitere wirtschaftliche Entwicklung wird zeigen, die exzessive keynesianische Politik der letzten Monate war eine relativ erfolglose Episode. Das strukturelle Problem auf den Arbeitsm\u00e4rkten ist nicht kleiner, es ist durch die Finanzkrise gr\u00f6\u00dfer geworden. Die strukturellen M\u00fchen der Ebene holen die Politik wieder ein. Strukturelle Reformen stehen wieder ganz vorne auf der Agenda. Es ist empirischer <a href=\"http:\/\/ideas.repec.org\/p\/oec\/ecoaaa\/649-en.html\" target=\"_blank\">Konsens<\/a>, strukturelle Arbeitslosigkeit wird vor allem von der Steuer- und Abgabenschere, der \u201eGro\u00dfz\u00fcgigkeit\u201c der Arbeitslosenversicherung, der gewerkschaftlichen Macht und dem Niveau der Regulierungen auf den G\u00fcterm\u00e4rkten beeinflusst. Damit ist die Agenda der neuen schwarz-gelben Bundesregierung klar umschrieben, wenn sie massenhafte Arbeitslosigkeit in den Griff bekommen will. Gegen strukturelle Probleme ist die \u201eamerikanische\u201c Medizin wirksamer.<\/p>\n<p><img loading=\"lazy\" decoding=\"async\" src=\"http:\/\/vg08.met.vgwort.de\/na\/81f23ae990b0471481348710f25b6e7d\" width=\"1\" height=\"1\" alt=\"\"><\/p>\n<!-- AddThis Advanced Settings generic via filter on the_content --><!-- AddThis Share Buttons generic via filter on the_content --><!-- AddThis Related Posts generic via filter on the_content -->","protected":false},"excerpt":{"rendered":"<p>\u201eThe curious task of economics is to demonstrate to men how little they really know about what they imagine they can design.&#8220; (F.A. v. Hayek, &hellip; <\/p>\n<p class=\"link-more\"><a href=\"https:\/\/wirtschaftlichefreiheit.de\/wordpress\/?p=1789\" class=\"more-link\"><span class=\"screen-reader-text\">\u201eFinanzkrise, Arbeitsm\u00e4rkte und Politikstrategien<br \/><small>Vom Umgang mit der Unterbesch\u00e4ftigung<\/small>\u201c <\/span>weiterlesen<\/a><\/p>\n<p><!-- AddThis Advanced Settings generic via filter on wp_trim_excerpt --><!-- AddThis Share Buttons generic via filter on wp_trim_excerpt --><!-- AddThis Related Posts generic via filter on wp_trim_excerpt --><\/p>\n","protected":false},"author":7,"featured_media":0,"comment_status":"open","ping_status":"open","sticky":false,"template":"","format":"standard","meta":{"footnotes":""},"categories":[6,3,33],"tags":[155,556,324,325,102],"class_list":["post-1789","post","type-post","status-publish","format-standard","hentry","category-alles","category-arbeit","category-makrooekonomisches","tag-arbeitslosigkeit","tag-berthold","tag-europa","tag-nairu","tag-usa"],"yoast_head":"<!-- This site is optimized with the Yoast SEO plugin v27.2 - https:\/\/yoast.com\/product\/yoast-seo-wordpress\/ -->\n<title>Finanzkrise, Arbeitsm\u00e4rkte und PolitikstrategienVom Umgang mit der Unterbesch\u00e4ftigung - Wirtschaftliche Freiheit<\/title>\n<meta name=\"robots\" content=\"index, follow, max-snippet:-1, max-image-preview:large, max-video-preview:-1\" \/>\n<link rel=\"canonical\" href=\"https:\/\/wirtschaftlichefreiheit.de\/wordpress\/?p=1789\" \/>\n<meta property=\"og:locale\" content=\"de_DE\" \/>\n<meta property=\"og:type\" content=\"article\" \/>\n<meta property=\"og:title\" content=\"Finanzkrise, Arbeitsm\u00e4rkte und PolitikstrategienVom Umgang mit der Unterbesch\u00e4ftigung - Wirtschaftliche Freiheit\" \/>\n<meta property=\"og:description\" content=\"\u201eThe curious task of economics is to demonstrate to men how little they really know about what they imagine they can design.&#8220; (F.A. v. Hayek, &hellip; \u201eFinanzkrise, Arbeitsm\u00e4rkte und PolitikstrategienVom Umgang mit der Unterbesch\u00e4ftigung\u201c weiterlesen\" \/>\n<meta property=\"og:url\" content=\"https:\/\/wirtschaftlichefreiheit.de\/wordpress\/?p=1789\" \/>\n<meta property=\"og:site_name\" content=\"Wirtschaftliche Freiheit\" \/>\n<meta property=\"article:published_time\" content=\"2009-10-25T00:01:13+00:00\" \/>\n<meta property=\"article:modified_time\" content=\"2011-12-26T13:51:44+00:00\" \/>\n<meta property=\"og:image\" content=\"http:\/\/vg08.met.vgwort.de\/na\/81f23ae990b0471481348710f25b6e7d\" \/>\n<meta name=\"author\" content=\"Norbert Berthold\" \/>\n<meta name=\"twitter:card\" content=\"summary_large_image\" \/>\n<meta name=\"twitter:label1\" content=\"Verfasst von\" \/>\n\t<meta name=\"twitter:data1\" content=\"Norbert Berthold\" \/>\n\t<meta name=\"twitter:label2\" content=\"Gesch\u00e4tzte Lesezeit\" \/>\n\t<meta name=\"twitter:data2\" content=\"5\u00a0Minuten\" \/>\n<script type=\"application\/ld+json\" class=\"yoast-schema-graph\">{\"@context\":\"https:\/\/schema.org\",\"@graph\":[{\"@type\":\"Article\",\"@id\":\"https:\/\/wirtschaftlichefreiheit.de\/wordpress\/?p=1789#article\",\"isPartOf\":{\"@id\":\"https:\/\/wirtschaftlichefreiheit.de\/wordpress\/?p=1789\"},\"author\":{\"name\":\"Norbert Berthold\",\"@id\":\"https:\/\/wirtschaftlichefreiheit.de\/wordpress\/#\/schema\/person\/bcf0039b0b5485b761fb6e35ed8ea554\"},\"headline\":\"Finanzkrise, Arbeitsm\u00e4rkte und Politikstrategien Vom Umgang mit der Unterbesch\u00e4ftigung\",\"datePublished\":\"2009-10-25T00:01:13+00:00\",\"dateModified\":\"2011-12-26T13:51:44+00:00\",\"mainEntityOfPage\":{\"@id\":\"https:\/\/wirtschaftlichefreiheit.de\/wordpress\/?p=1789\"},\"wordCount\":1006,\"commentCount\":10,\"image\":{\"@id\":\"https:\/\/wirtschaftlichefreiheit.de\/wordpress\/?p=1789#primaryimage\"},\"thumbnailUrl\":\"http:\/\/vg08.met.vgwort.de\/na\/81f23ae990b0471481348710f25b6e7d\",\"keywords\":[\"Arbeitslosigkeit\",\"Berthold\",\"Europa\",\"NAIRU\",\"USA\"],\"articleSection\":[\"Alle Kategorien\",\"Arbeit\",\"Makro\u00f6konomisches\"],\"inLanguage\":\"de\",\"potentialAction\":[{\"@type\":\"CommentAction\",\"name\":\"Comment\",\"target\":[\"https:\/\/wirtschaftlichefreiheit.de\/wordpress\/?p=1789#respond\"]}]},{\"@type\":\"WebPage\",\"@id\":\"https:\/\/wirtschaftlichefreiheit.de\/wordpress\/?p=1789\",\"url\":\"https:\/\/wirtschaftlichefreiheit.de\/wordpress\/?p=1789\",\"name\":\"Finanzkrise, Arbeitsm\u00e4rkte und Politikstrategien Vom Umgang mit der Unterbesch\u00e4ftigung - Wirtschaftliche Freiheit\",\"isPartOf\":{\"@id\":\"https:\/\/wirtschaftlichefreiheit.de\/wordpress\/#website\"},\"primaryImageOfPage\":{\"@id\":\"https:\/\/wirtschaftlichefreiheit.de\/wordpress\/?p=1789#primaryimage\"},\"image\":{\"@id\":\"https:\/\/wirtschaftlichefreiheit.de\/wordpress\/?p=1789#primaryimage\"},\"thumbnailUrl\":\"http:\/\/vg08.met.vgwort.de\/na\/81f23ae990b0471481348710f25b6e7d\",\"datePublished\":\"2009-10-25T00:01:13+00:00\",\"dateModified\":\"2011-12-26T13:51:44+00:00\",\"author\":{\"@id\":\"https:\/\/wirtschaftlichefreiheit.de\/wordpress\/#\/schema\/person\/bcf0039b0b5485b761fb6e35ed8ea554\"},\"breadcrumb\":{\"@id\":\"https:\/\/wirtschaftlichefreiheit.de\/wordpress\/?p=1789#breadcrumb\"},\"inLanguage\":\"de\",\"potentialAction\":[{\"@type\":\"ReadAction\",\"target\":[\"https:\/\/wirtschaftlichefreiheit.de\/wordpress\/?p=1789\"]}]},{\"@type\":\"ImageObject\",\"inLanguage\":\"de\",\"@id\":\"https:\/\/wirtschaftlichefreiheit.de\/wordpress\/?p=1789#primaryimage\",\"url\":\"http:\/\/vg08.met.vgwort.de\/na\/81f23ae990b0471481348710f25b6e7d\",\"contentUrl\":\"http:\/\/vg08.met.vgwort.de\/na\/81f23ae990b0471481348710f25b6e7d\"},{\"@type\":\"BreadcrumbList\",\"@id\":\"https:\/\/wirtschaftlichefreiheit.de\/wordpress\/?p=1789#breadcrumb\",\"itemListElement\":[{\"@type\":\"ListItem\",\"position\":1,\"name\":\"Startseite\",\"item\":\"https:\/\/wirtschaftlichefreiheit.de\/wordpress\"},{\"@type\":\"ListItem\",\"position\":2,\"name\":\"Finanzkrise, Arbeitsm\u00e4rkte und PolitikstrategienVom Umgang mit der Unterbesch\u00e4ftigung\"}]},{\"@type\":\"WebSite\",\"@id\":\"https:\/\/wirtschaftlichefreiheit.de\/wordpress\/#website\",\"url\":\"https:\/\/wirtschaftlichefreiheit.de\/wordpress\/\",\"name\":\"Wirtschaftliche Freiheit\",\"description\":\"Das ordnungspolitische Journal\",\"potentialAction\":[{\"@type\":\"SearchAction\",\"target\":{\"@type\":\"EntryPoint\",\"urlTemplate\":\"https:\/\/wirtschaftlichefreiheit.de\/wordpress\/?s={search_term_string}\"},\"query-input\":{\"@type\":\"PropertyValueSpecification\",\"valueRequired\":true,\"valueName\":\"search_term_string\"}}],\"inLanguage\":\"de\"},{\"@type\":\"Person\",\"@id\":\"https:\/\/wirtschaftlichefreiheit.de\/wordpress\/#\/schema\/person\/bcf0039b0b5485b761fb6e35ed8ea554\",\"name\":\"Norbert Berthold\",\"image\":{\"@type\":\"ImageObject\",\"inLanguage\":\"de\",\"@id\":\"https:\/\/wirtschaftlichefreiheit.de\/wordpress\/bilder\/norbert_berthold.jpg\",\"url\":\"https:\/\/wirtschaftlichefreiheit.de\/wordpress\/bilder\/norbert_berthold.jpg\",\"contentUrl\":\"https:\/\/wirtschaftlichefreiheit.de\/wordpress\/bilder\/norbert_berthold.jpg\",\"caption\":\"Norbert Berthold\"},\"description\":\"Julius-Maximilians-Universit\u00e4t W\u00fcrzburg\",\"url\":\"https:\/\/wirtschaftlichefreiheit.de\/wordpress\/?author=7\"}]}<\/script>\n<!-- \/ Yoast SEO plugin. -->","yoast_head_json":{"title":"Finanzkrise, Arbeitsm\u00e4rkte und PolitikstrategienVom Umgang mit der Unterbesch\u00e4ftigung - Wirtschaftliche Freiheit","robots":{"index":"index","follow":"follow","max-snippet":"max-snippet:-1","max-image-preview":"max-image-preview:large","max-video-preview":"max-video-preview:-1"},"canonical":"https:\/\/wirtschaftlichefreiheit.de\/wordpress\/?p=1789","og_locale":"de_DE","og_type":"article","og_title":"Finanzkrise, Arbeitsm\u00e4rkte und PolitikstrategienVom Umgang mit der Unterbesch\u00e4ftigung - Wirtschaftliche Freiheit","og_description":"\u201eThe curious task of economics is to demonstrate to men how little they really know about what they imagine they can design.&#8220; (F.A. v. Hayek, &hellip; \u201eFinanzkrise, Arbeitsm\u00e4rkte und PolitikstrategienVom Umgang mit der Unterbesch\u00e4ftigung\u201c weiterlesen","og_url":"https:\/\/wirtschaftlichefreiheit.de\/wordpress\/?p=1789","og_site_name":"Wirtschaftliche Freiheit","article_published_time":"2009-10-25T00:01:13+00:00","article_modified_time":"2011-12-26T13:51:44+00:00","og_image":[{"url":"http:\/\/vg08.met.vgwort.de\/na\/81f23ae990b0471481348710f25b6e7d","type":"","width":"","height":""}],"author":"Norbert Berthold","twitter_card":"summary_large_image","twitter_misc":{"Verfasst von":"Norbert Berthold","Gesch\u00e4tzte Lesezeit":"5\u00a0Minuten"},"schema":{"@context":"https:\/\/schema.org","@graph":[{"@type":"Article","@id":"https:\/\/wirtschaftlichefreiheit.de\/wordpress\/?p=1789#article","isPartOf":{"@id":"https:\/\/wirtschaftlichefreiheit.de\/wordpress\/?p=1789"},"author":{"name":"Norbert Berthold","@id":"https:\/\/wirtschaftlichefreiheit.de\/wordpress\/#\/schema\/person\/bcf0039b0b5485b761fb6e35ed8ea554"},"headline":"Finanzkrise, Arbeitsm\u00e4rkte und Politikstrategien Vom Umgang mit der Unterbesch\u00e4ftigung","datePublished":"2009-10-25T00:01:13+00:00","dateModified":"2011-12-26T13:51:44+00:00","mainEntityOfPage":{"@id":"https:\/\/wirtschaftlichefreiheit.de\/wordpress\/?p=1789"},"wordCount":1006,"commentCount":10,"image":{"@id":"https:\/\/wirtschaftlichefreiheit.de\/wordpress\/?p=1789#primaryimage"},"thumbnailUrl":"http:\/\/vg08.met.vgwort.de\/na\/81f23ae990b0471481348710f25b6e7d","keywords":["Arbeitslosigkeit","Berthold","Europa","NAIRU","USA"],"articleSection":["Alle Kategorien","Arbeit","Makro\u00f6konomisches"],"inLanguage":"de","potentialAction":[{"@type":"CommentAction","name":"Comment","target":["https:\/\/wirtschaftlichefreiheit.de\/wordpress\/?p=1789#respond"]}]},{"@type":"WebPage","@id":"https:\/\/wirtschaftlichefreiheit.de\/wordpress\/?p=1789","url":"https:\/\/wirtschaftlichefreiheit.de\/wordpress\/?p=1789","name":"Finanzkrise, Arbeitsm\u00e4rkte und Politikstrategien Vom Umgang mit der Unterbesch\u00e4ftigung - Wirtschaftliche Freiheit","isPartOf":{"@id":"https:\/\/wirtschaftlichefreiheit.de\/wordpress\/#website"},"primaryImageOfPage":{"@id":"https:\/\/wirtschaftlichefreiheit.de\/wordpress\/?p=1789#primaryimage"},"image":{"@id":"https:\/\/wirtschaftlichefreiheit.de\/wordpress\/?p=1789#primaryimage"},"thumbnailUrl":"http:\/\/vg08.met.vgwort.de\/na\/81f23ae990b0471481348710f25b6e7d","datePublished":"2009-10-25T00:01:13+00:00","dateModified":"2011-12-26T13:51:44+00:00","author":{"@id":"https:\/\/wirtschaftlichefreiheit.de\/wordpress\/#\/schema\/person\/bcf0039b0b5485b761fb6e35ed8ea554"},"breadcrumb":{"@id":"https:\/\/wirtschaftlichefreiheit.de\/wordpress\/?p=1789#breadcrumb"},"inLanguage":"de","potentialAction":[{"@type":"ReadAction","target":["https:\/\/wirtschaftlichefreiheit.de\/wordpress\/?p=1789"]}]},{"@type":"ImageObject","inLanguage":"de","@id":"https:\/\/wirtschaftlichefreiheit.de\/wordpress\/?p=1789#primaryimage","url":"http:\/\/vg08.met.vgwort.de\/na\/81f23ae990b0471481348710f25b6e7d","contentUrl":"http:\/\/vg08.met.vgwort.de\/na\/81f23ae990b0471481348710f25b6e7d"},{"@type":"BreadcrumbList","@id":"https:\/\/wirtschaftlichefreiheit.de\/wordpress\/?p=1789#breadcrumb","itemListElement":[{"@type":"ListItem","position":1,"name":"Startseite","item":"https:\/\/wirtschaftlichefreiheit.de\/wordpress"},{"@type":"ListItem","position":2,"name":"Finanzkrise, Arbeitsm\u00e4rkte und PolitikstrategienVom Umgang mit der Unterbesch\u00e4ftigung"}]},{"@type":"WebSite","@id":"https:\/\/wirtschaftlichefreiheit.de\/wordpress\/#website","url":"https:\/\/wirtschaftlichefreiheit.de\/wordpress\/","name":"Wirtschaftliche Freiheit","description":"Das ordnungspolitische Journal","potentialAction":[{"@type":"SearchAction","target":{"@type":"EntryPoint","urlTemplate":"https:\/\/wirtschaftlichefreiheit.de\/wordpress\/?s={search_term_string}"},"query-input":{"@type":"PropertyValueSpecification","valueRequired":true,"valueName":"search_term_string"}}],"inLanguage":"de"},{"@type":"Person","@id":"https:\/\/wirtschaftlichefreiheit.de\/wordpress\/#\/schema\/person\/bcf0039b0b5485b761fb6e35ed8ea554","name":"Norbert Berthold","image":{"@type":"ImageObject","inLanguage":"de","@id":"https:\/\/wirtschaftlichefreiheit.de\/wordpress\/bilder\/norbert_berthold.jpg","url":"https:\/\/wirtschaftlichefreiheit.de\/wordpress\/bilder\/norbert_berthold.jpg","contentUrl":"https:\/\/wirtschaftlichefreiheit.de\/wordpress\/bilder\/norbert_berthold.jpg","caption":"Norbert Berthold"},"description":"Julius-Maximilians-Universit\u00e4t W\u00fcrzburg","url":"https:\/\/wirtschaftlichefreiheit.de\/wordpress\/?author=7"}]}},"_links":{"self":[{"href":"https:\/\/wirtschaftlichefreiheit.de\/wordpress\/index.php?rest_route=\/wp\/v2\/posts\/1789","targetHints":{"allow":["GET"]}}],"collection":[{"href":"https:\/\/wirtschaftlichefreiheit.de\/wordpress\/index.php?rest_route=\/wp\/v2\/posts"}],"about":[{"href":"https:\/\/wirtschaftlichefreiheit.de\/wordpress\/index.php?rest_route=\/wp\/v2\/types\/post"}],"author":[{"embeddable":true,"href":"https:\/\/wirtschaftlichefreiheit.de\/wordpress\/index.php?rest_route=\/wp\/v2\/users\/7"}],"replies":[{"embeddable":true,"href":"https:\/\/wirtschaftlichefreiheit.de\/wordpress\/index.php?rest_route=%2Fwp%2Fv2%2Fcomments&post=1789"}],"version-history":[{"count":36,"href":"https:\/\/wirtschaftlichefreiheit.de\/wordpress\/index.php?rest_route=\/wp\/v2\/posts\/1789\/revisions"}],"predecessor-version":[{"id":8028,"href":"https:\/\/wirtschaftlichefreiheit.de\/wordpress\/index.php?rest_route=\/wp\/v2\/posts\/1789\/revisions\/8028"}],"wp:attachment":[{"href":"https:\/\/wirtschaftlichefreiheit.de\/wordpress\/index.php?rest_route=%2Fwp%2Fv2%2Fmedia&parent=1789"}],"wp:term":[{"taxonomy":"category","embeddable":true,"href":"https:\/\/wirtschaftlichefreiheit.de\/wordpress\/index.php?rest_route=%2Fwp%2Fv2%2Fcategories&post=1789"},{"taxonomy":"post_tag","embeddable":true,"href":"https:\/\/wirtschaftlichefreiheit.de\/wordpress\/index.php?rest_route=%2Fwp%2Fv2%2Ftags&post=1789"}],"curies":[{"name":"wp","href":"https:\/\/api.w.org\/{rel}","templated":true}]}}