{"id":18313,"date":"2015-11-15T10:10:02","date_gmt":"2015-11-15T09:10:02","guid":{"rendered":"http:\/\/wirtschaftlichefreiheit.de\/wordpress\/?p=18313"},"modified":"2015-11-15T10:13:38","modified_gmt":"2015-11-15T09:13:38","slug":"gastbeitragmit-dem-bade-ausgeschuettetwarum-die-thesen-der-oecd-zur-ungleichheit-nur-zum-teil-weiter-fuehren","status":"publish","type":"post","link":"https:\/\/wirtschaftlichefreiheit.de\/wordpress\/?p=18313","title":{"rendered":"<small>Gastbeitrag<\/small><br\/>Mit dem Bade ausgesch\u00fcttet<br\/><font size=3; color=grey>Warum die Thesen der OECD zur Ungleichheit nur  zum Teil weiter f\u00fchren<\/font>"},"content":{"rendered":"<p>Die OECD hat mit ihrer j\u00fcngsten Studie \u201eIn it together: why less inequality benefits all\u201c Aufsehen erregt. Im Kern vertritt sie darin folgende Thesen: In den letzten 20-30 Jahren, insbesondere aber seit der Finanzmarkt- und Weltwirtschaftskrise (2008\/2009) sei die Einkommens- und (besonders) die Verm\u00f6gensverteilung in den OECD-Staaten deutlich ungleicher geworden. Dies koste wirtschaftliches Wachstum \u2013 allein zwischen 1990 und 2010 sei deshalb der reale Zuwachs im BIP dort kumuliert um 4,7 Prozentpunkte niedriger als m\u00f6glich ausgefallen \u2013 und lasse die \u00e4rmsten 40% mit einem gro\u00dfen Abstand zum Rest der Gesellschaft zur\u00fcck. Der Schl\u00fcsselfaktor f\u00fcr die Wachstumseinbu\u00dfen wird in der starken Ausbreitung von flexiblen (\u201enon-standard\u201c) Arbeitsvertr\u00e4gen und den zu geringen Investitionen in Humankapital (bei geringem Verm\u00f6gen\/hohen Schulden der unteren Mittelschicht) gesehen. Als Remedur schl\u00e4gt die OECD daher vor, dass die Arbeitsmarktpolitik weniger die Quantit\u00e4t als die Qualit\u00e4t von Jobs f\u00f6rdern solle, die Bildungspolitik den Zugang zu Bildungseinrichtungen verbessern und die Attraktivit\u00e4t der Weiterbildung steigern m\u00fcsse und schlie\u00dflich die Finanzpolitik mit Hilfe von Steuern und Transfers (wo noch nicht geschehen) ein effizientes staatliches Umverteilungssystem einzurichten habe.<\/p>\n<p><!--more--><\/p>\n<p>Als tiefere Ursachen f\u00fcr die zunehmende Ungleichheit in den Industriestaaten diagnostiziert die OECD korrekt den technologischen Wandel, die Kr\u00e4fte der Globalisierung und die regulatorischen Reformen der Arbeitsm\u00e4rkte in den letzten 20 Jahren. Alle drei haben die Kluft zwischen den verschiedenen und die Spreizung innerhalb der jeweiligen Faktoreinkommen vergr\u00f6\u00dfert. Das wurde bereits 1997 vom Harvard-\u00d6konomen Dani Rodrik formuliert, allerdings hatte seine These einen wichtigen zweiten Teil: Danach f\u00e4llt es den Staaten im Zuge der Globalisierung bei h\u00f6chster Kapitalmobilit\u00e4t und sinkender aber deutlich st\u00e4rker schwankender Steuerbasis zunehmend schwerer, die Verteilung, die sich aus dem Marktprozess ergibt, zu korrigieren. Hinzu kommt, dass die \u00dcberschuldung vieler Staaten \u2013 gerade seit der Weltwirtschaftskrise \u2013 den Spielraum f\u00fcr Umverteilungspolitik noch st\u00e4rker eingeengt hat. Allerdings reicht es nicht aus, die Globalisierung, den technologischen Wandel und die Evolution der Arbeitsm\u00e4rkte nur aus der Sicht der OECD zu betrachten: Der gr\u00f6\u00dfere Teil der Welt besteht aus Nicht-OECD-Staaten.<\/p>\n<p>Die genannten Kr\u00e4fte wirken mittlerweile universell und tragen erheblich zu einer zunehmenden Konvergenz der G\u00fcter- und Faktorpreise und der Schiefe der personellen Einkommensverteilung \u2013 wie sie durch den Gini-Koeffizienten gemessen werden kann \u2013 bei: Der gewachsenen Ungleichheit innerhalb der OECD-Staaten (von relativ niedrigen Gini-Koeffizienten aus) steht n\u00e4mlich eine zunehmend abnehmende Ungleichheit innerhalb der Nicht-OECD-Staaten (von relativ hohen Gini-Koeffizienten aus) gegen\u00fcber. Es ist eine seltsame Logik, die Einebnung von Unterschieden zu beklagen, wenn die Welt zunehmend eins wird. Mit ihren Umverteilungsphantasien erweckt die OECD den Eindruck, als wolle sie in die Zeit und zu den durchschnittlichen Gini-Koeffizienten vor der Globalisierung zur\u00fcck. Schade, dass sie daf\u00fcr keinen konzeptionellen Ma\u00dfstab entwickelt hat. Wo, bitte sch\u00f6n, sollte die Umverteilungspolitik halt machen? Wohl kaum bei einer Gleichverteilung von Einkommen und Verm\u00f6gen! Wo aber dann? Dazu braucht es offensichtlich die Vorstellung eines Verteilungsgleichgewichts, also einer f\u00fcr die Gesellschaft unter dem Blickwinkel anderer Kategorien \u2013 wie wirtschaftliches Wachstum, soziales Klima innerhalb der Gesellschaft, etc. \u2013 vertretbaren, weil weithin akzeptierten Schiefe in der Verteilung von Einkommen und Verm\u00f6gen.<\/p>\n<p>Es gibt zahlreiche Hinweise darauf, dass die personelle Einkommensverteilung der OECD-Staaten \u2013 gerade in Deutschland (West bis 1990) \u2013 gemessen an den Gini-Koeffizienten nach Umverteilung des Staates \u2013 bis Anfang der 1990er Jahre eine bemerkenswerte Stabilit\u00e4t aufwies. Man mag dies als Verteilungsgleichgewicht interpretieren. Die vermutlich lange Suche nach einem neuen Verteilungsgleichgewicht kann durchaus mit Teilstrategien einhergehen, wie sie die OECD (und andere) vorschlagen: Jobqualit\u00e4t, Zugang zu Bildungseinrichtungen, attraktive Weiterbildung. Allerdings wird es weder gelingen, die oben genannten Kr\u00e4fte umzukehren noch sind die (vorwiegend) europ\u00e4ischen Entw\u00fcrfe des Wohlfahrtsstaates alter Pr\u00e4gung unter den Bedingungen der Globalisierung \u00fcberlebensf\u00e4hig.<\/p>\n<p><strong>Hinweis: <\/strong>Den gesamten Kommentar k\u00f6nnen Sie in der <a href=\"http:\/\/elibrary.vahlen.de\/10.15358\/0340-1650-2015-10\/wist-wirtschaftswissenschaftliches-studium-jahrgang-44-2015-heft-10#select-about-row\">WiSt, 44 (2015), H. 10<\/a> lesen.<\/p>\n<p><strong>Beitr\u00e4ge der Serie <em>\u201cUngleichheit heute\u201c\u009d<\/em>:<\/strong><\/p>\n<p>Norbert Berthold: <a href=\"http:\/\/wirtschaftlichefreiheit.de\/wordpress\/?p=17994\">Ungleichheit, Umverteilung und Mobilit\u00e4t. Besteht wirtschaftspolitischer Handlungsbedarf<\/a><\/p>\n<p>Marcus Fraa\u00df: <a title=\"Permanent Link: &lt;small&gt;Ungleichheit heute (29)&lt;\/small&gt;&lt;br\/&gt;Verm\u00f6gensmobilit\u00e4t&lt;br \/&gt;&lt;font size=3; color=grey&gt;Sind wir noch selbst unser Gl\u00fcckes Schmied?&lt;\/font&gt;\" href=\"http:\/\/wirtschaftlichefreiheit.de\/wordpress\/?p=17039\" rel=\"bookmark\">Verm\u00f6gensmobilit\u00e4t. Sind wir noch selbst unser Gl\u00fcckes Schmied?<\/a><\/p>\n<p>Marcus Fraa\u00df: <a href=\"http:\/\/wirtschaftlichefreiheit.de\/wordpress\/?p=15933\">Beamte und Selbstst\u00e4ndige \u2013 die Stars der Verm\u00f6gensverteilung. Welche Personengruppen besitzen das h\u00f6chste Verm\u00f6gen?<\/a><\/p>\n<p>Norbert Berthold: <a href=\"http:\/\/wirtschaftlichefreiheit.de\/wordpress\/?p=15790\">Warum wird nicht noch viel mehr umverteilt?<\/a><\/p>\n<p>Marcus Fraa\u00df: <a href=\"http:\/\/wirtschaftlichefreiheit.de\/wordpress\/?p=15623\">Die Treiber der Verm\u00f6gensungleichheit. Warum besitzen 10 % der Bev\u00f6lkerung mehr als die H\u00e4lfte des Verm\u00f6gens?<\/a><\/p>\n<p>Thomas Apolte: <a href=\"http:\/\/wirtschaftlichefreiheit.de\/wordpress\/?p=15529\">Lohngef\u00e4lle und Bildung in der offenen Gesellschaft<\/a><\/p>\n<p>Norbert Berthold: <a href=\"http:\/\/wirtschaftlichefreiheit.de\/wordpress\/?p=15366\">Wie ungleich ist die Welt? Mythen, Fakten und Politik<\/a><\/p>\n<p>Norbert Berthold: <a href=\"http:\/\/wirtschaftlichefreiheit.de\/wordpress\/?p=15065\">Rettet den Kapitalismus vor den Kapitalisten. Thomas Piketty auf den Spuren von Karl Marx.<\/a><\/p>\n<p>Marcus Fraa\u00df: <a href=\"http:\/\/wirtschaftlichefreiheit.de\/wordpress\/?p=15057\">Wie ungleich ist die Verm\u00f6gensverteilung in Deutschland? Noch ungleicher als die Einkommensverteilung<\/a><\/p>\n<p>Norbert Berthold: <a href=\"http:\/\/wirtschaftlichefreiheit.de\/wordpress\/?p=14886\">Staatliche Umverteilung und soziale Mobilit\u00e4t. Eine verteilungspolitische Fata Morgana?<\/a><\/p>\n<p>Norbert Berthold: <a href=\"http:\/\/wirtschaftlichefreiheit.de\/wordpress\/?p=14754\">Die \u201cGreat Gatsby\u201c\u009d-Kurve. Mehr als politische Progaganda?<\/a><\/p>\n<p>Norbert Berthold: <a href=\"http:\/\/wirtschaftlichefreiheit.de\/wordpress\/?p=13583\">Des L\u00e4ba isch koin Schlotzer. Ein bedingungsloses Grundeinkommen ist grober Unfug.<\/a><\/p>\n<p>Klaus Gr\u00fcndler: <a href=\"http:\/\/wirtschaftlichefreiheit.de\/wordpress\/?p=13983\">Bildung hilft, die Ungleichheit zu reduzieren<\/a><\/p>\n<p>Mustafa Coban: <a href=\"http:\/\/wirtschaftlichefreiheit.de\/wordpress\/?p=13302\">Kombil\u00f6hne versus Working Poor. Der Kampf gegen Armut und Arbeitslosigkeit<\/a><\/p>\n<p>Norbert Berthold: <a href=\"http:\/\/wirtschaftlichefreiheit.de\/wordpress\/?p=12684\">Geldpolitik und Ungleichheit. Machen Notenbanken die Welt ungleicher?<\/a><\/p>\n<p>Rainer Hank: <a href=\"http:\/\/wirtschaftlichefreiheit.de\/wordpress\/?p=13021\">Ungleichheit und Gerechtigkeit: Was hat das miteinander zu tun?<\/a><\/p>\n<p>Klaus Gr\u00fcndler: <a href=\"http:\/\/wirtschaftlichefreiheit.de\/wordpress\/?p=12673\">Ungleichheit und Krisen<\/a><\/p>\n<p>Norbert Berthold: <a href=\"http:\/\/wirtschaftlichefreiheit.de\/wordpress\/?p=12107\">\u201cReichtum ist distributive Umweltverschmutzung\u201c\u009d. H\u00f6here Steuern oder mehr Wettbewerb?<\/a><\/p>\n<p>Klaus Gr\u00fcndler: <a href=\"http:\/\/wirtschaftlichefreiheit.de\/wordpress\/?p=12214\">Ungleichheit und Wachstum<\/a><\/p>\n<p>Norbert Berthold: <a href=\"http:\/\/wirtschaftlichefreiheit.de\/wordpress\/?p=11892\">Der amerikanische Traum \u2013 Bremst Ungleichheit die soziale Mobilit\u00e4t?<\/a><\/p>\n<p>Norbert Berthold: <a href=\"http:\/\/wirtschaftlichefreiheit.de\/wordpress\/?p=11933\">Der Staat pfl\u00fcgt die Verteilung um <\/a><\/p>\n<p>Norbert Berthold: <a href=\"http:\/\/wirtschaftlichefreiheit.de\/wordpress\/?p=11584\">Die Ungleichheit wird m\u00e4nnlicher<\/a><\/p>\n<p>Norbert Berthold: <a href=\"http:\/\/wirtschaftlichefreiheit.de\/wordpress\/?p=11656\">Krieg der Modelle. Technologie oder Institutionen?<\/a><\/p>\n<p>Michael Gr\u00f6mling: <a href=\"http:\/\/wirtschaftlichefreiheit.de\/wordpress\/?p=11703\">Einkommensverteilung \u2013 Vorsicht vor der Konjunktur!<\/a><\/p>\n<p>Norbert Berthold: <a href=\"http:\/\/wirtschaftlichefreiheit.de\/wordpress\/?p=11140\">Die deutsche \u201cMitte\u201c\u009d ist stabil. Wie lange noch?<\/a><\/p>\n<p>Eric Thode: <a href=\"http:\/\/wirtschaftlichefreiheit.de\/wordpress\/?p=11396\">Die Mittelschicht schrumpft \u2013 Wo liegt der Handlungsbedarf?<\/a><\/p>\n<p>Norbert Berthold: <a href=\"http:\/\/wirtschaftlichefreiheit.de\/wordpress\/?p=11388\">Geringe Stundenl\u00f6hne, kurze Arbeitszeiten. Treiben Frauen die Ungleichheit?<\/a><\/p>\n<p>Norbert Berthold: <a href=\"http:\/\/wirtschaftlichefreiheit.de\/wordpress\/?p=11133\">Deutschland wird ungleicher. Was sagt die Lohnverteilung?<\/a><\/p>\n<p>Simon Hurst: <a href=\"http:\/\/wirtschaftlichefreiheit.de\/wordpress\/?p=10879\">Der Staat strapaziert die Schweizer Mittelschicht<\/a><\/p>\n<p>Norbert Berthold: <a href=\"http:\/\/wirtschaftlichefreiheit.de\/wordpress\/?p=10851\">Einkommensungleichheit in OECD-L\u00e4ndern. Wo stehen wir?<\/a><\/p>\n<p>Norbert Berthold: <a href=\"http:\/\/wirtschaftlichefreiheit.de\/wordpress\/?p=98\">Ungleichheit, soziale Mobilit\u00e4t und Humankapital<\/a><\/p>\n<!-- AddThis Advanced Settings generic via filter on the_content --><!-- AddThis Share Buttons generic via filter on the_content --><!-- AddThis Related Posts generic via filter on the_content -->","protected":false},"excerpt":{"rendered":"<p>Die OECD hat mit ihrer j\u00fcngsten Studie \u201eIn it together: why less inequality benefits all\u201c Aufsehen erregt. Im Kern vertritt sie darin folgende Thesen: In &hellip; <\/p>\n<p class=\"link-more\"><a href=\"https:\/\/wirtschaftlichefreiheit.de\/wordpress\/?p=18313\" class=\"more-link\"><span class=\"screen-reader-text\">\u201e<small>Gastbeitrag<\/small><br \/>Mit dem Bade ausgesch\u00fcttet<br \/><font size=3; color=grey>Warum die Thesen der OECD zur Ungleichheit nur  zum Teil weiter f\u00fchren<\/font>\u201c <\/span>weiterlesen<\/a><\/p>\n<p><!-- AddThis Advanced Settings generic via filter on wp_trim_excerpt --><!-- AddThis Share Buttons generic via filter on wp_trim_excerpt --><!-- AddThis Related Posts generic via filter on wp_trim_excerpt --><\/p>\n","protected":false},"author":220,"featured_media":0,"comment_status":"open","ping_status":"open","sticky":false,"template":"","format":"standard","meta":{"footnotes":""},"categories":[1166,1702],"tags":[2004,912,328],"class_list":["post-18313","post","type-post","status-publish","format-standard","hentry","category-gerechtes","category-ungleiches","tag-bildung","tag-einkommensverteilung","tag-ungleichheit"],"yoast_head":"<!-- This site is optimized with the Yoast SEO plugin v27.2 - https:\/\/yoast.com\/product\/yoast-seo-wordpress\/ -->\n<title>GastbeitragMit dem Bade ausgesch\u00fcttetWarum die Thesen der OECD zur Ungleichheit nur zum Teil weiter f\u00fchren - Wirtschaftliche Freiheit<\/title>\n<meta name=\"robots\" content=\"index, follow, max-snippet:-1, max-image-preview:large, max-video-preview:-1\" \/>\n<link rel=\"canonical\" href=\"https:\/\/wirtschaftlichefreiheit.de\/wordpress\/?p=18313\" \/>\n<meta property=\"og:locale\" content=\"de_DE\" \/>\n<meta property=\"og:type\" content=\"article\" \/>\n<meta property=\"og:title\" content=\"GastbeitragMit dem Bade ausgesch\u00fcttetWarum die Thesen der OECD zur Ungleichheit nur zum Teil weiter f\u00fchren - Wirtschaftliche Freiheit\" \/>\n<meta property=\"og:description\" content=\"Die OECD hat mit ihrer j\u00fcngsten Studie \u201eIn it together: why less inequality benefits all\u201c Aufsehen erregt. Im Kern vertritt sie darin folgende Thesen: In &hellip; \u201eGastbeitragMit dem Bade ausgesch\u00fcttetWarum die Thesen der OECD zur Ungleichheit nur zum Teil weiter f\u00fchren\u201c weiterlesen\" \/>\n<meta property=\"og:url\" content=\"https:\/\/wirtschaftlichefreiheit.de\/wordpress\/?p=18313\" \/>\n<meta property=\"og:site_name\" content=\"Wirtschaftliche Freiheit\" \/>\n<meta property=\"article:published_time\" content=\"2015-11-15T09:10:02+00:00\" \/>\n<meta property=\"article:modified_time\" content=\"2015-11-15T09:13:38+00:00\" \/>\n<meta name=\"author\" content=\"Friedrich L. Sell\" \/>\n<meta name=\"twitter:card\" content=\"summary_large_image\" \/>\n<meta name=\"twitter:label1\" content=\"Verfasst von\" \/>\n\t<meta name=\"twitter:data1\" content=\"Friedrich L. Sell\" \/>\n\t<meta name=\"twitter:label2\" content=\"Gesch\u00e4tzte Lesezeit\" \/>\n\t<meta name=\"twitter:data2\" content=\"5\u00a0Minuten\" \/>\n<script type=\"application\/ld+json\" class=\"yoast-schema-graph\">{\"@context\":\"https:\/\/schema.org\",\"@graph\":[{\"@type\":\"Article\",\"@id\":\"https:\/\/wirtschaftlichefreiheit.de\/wordpress\/?p=18313#article\",\"isPartOf\":{\"@id\":\"https:\/\/wirtschaftlichefreiheit.de\/wordpress\/?p=18313\"},\"author\":{\"name\":\"Friedrich L. Sell\",\"@id\":\"https:\/\/wirtschaftlichefreiheit.de\/wordpress\/#\/schema\/person\/2b7f2f7b5016cba7aea0ce918b909d35\"},\"headline\":\"Gastbeitrag Mit dem Bade ausgesch\u00fcttet Warum die Thesen der OECD zur Ungleichheit nur zum Teil weiter f\u00fchren\",\"datePublished\":\"2015-11-15T09:10:02+00:00\",\"dateModified\":\"2015-11-15T09:13:38+00:00\",\"mainEntityOfPage\":{\"@id\":\"https:\/\/wirtschaftlichefreiheit.de\/wordpress\/?p=18313\"},\"wordCount\":987,\"commentCount\":0,\"keywords\":[\"Bildung\",\"Einkommensverteilung\",\"Ungleichheit\"],\"articleSection\":[\"Gerechtes\",\"Ungleiches\"],\"inLanguage\":\"de\",\"potentialAction\":[{\"@type\":\"CommentAction\",\"name\":\"Comment\",\"target\":[\"https:\/\/wirtschaftlichefreiheit.de\/wordpress\/?p=18313#respond\"]}]},{\"@type\":\"WebPage\",\"@id\":\"https:\/\/wirtschaftlichefreiheit.de\/wordpress\/?p=18313\",\"url\":\"https:\/\/wirtschaftlichefreiheit.de\/wordpress\/?p=18313\",\"name\":\"Gastbeitrag Mit dem Bade ausgesch\u00fcttet Warum die Thesen der OECD zur Ungleichheit nur zum Teil weiter f\u00fchren - Wirtschaftliche Freiheit\",\"isPartOf\":{\"@id\":\"https:\/\/wirtschaftlichefreiheit.de\/wordpress\/#website\"},\"datePublished\":\"2015-11-15T09:10:02+00:00\",\"dateModified\":\"2015-11-15T09:13:38+00:00\",\"author\":{\"@id\":\"https:\/\/wirtschaftlichefreiheit.de\/wordpress\/#\/schema\/person\/2b7f2f7b5016cba7aea0ce918b909d35\"},\"breadcrumb\":{\"@id\":\"https:\/\/wirtschaftlichefreiheit.de\/wordpress\/?p=18313#breadcrumb\"},\"inLanguage\":\"de\",\"potentialAction\":[{\"@type\":\"ReadAction\",\"target\":[\"https:\/\/wirtschaftlichefreiheit.de\/wordpress\/?p=18313\"]}]},{\"@type\":\"BreadcrumbList\",\"@id\":\"https:\/\/wirtschaftlichefreiheit.de\/wordpress\/?p=18313#breadcrumb\",\"itemListElement\":[{\"@type\":\"ListItem\",\"position\":1,\"name\":\"Startseite\",\"item\":\"https:\/\/wirtschaftlichefreiheit.de\/wordpress\"},{\"@type\":\"ListItem\",\"position\":2,\"name\":\"GastbeitragMit dem Bade ausgesch\u00fcttetWarum die Thesen der OECD zur Ungleichheit nur zum Teil weiter f\u00fchren\"}]},{\"@type\":\"WebSite\",\"@id\":\"https:\/\/wirtschaftlichefreiheit.de\/wordpress\/#website\",\"url\":\"https:\/\/wirtschaftlichefreiheit.de\/wordpress\/\",\"name\":\"Wirtschaftliche Freiheit\",\"description\":\"Das ordnungspolitische Journal\",\"potentialAction\":[{\"@type\":\"SearchAction\",\"target\":{\"@type\":\"EntryPoint\",\"urlTemplate\":\"https:\/\/wirtschaftlichefreiheit.de\/wordpress\/?s={search_term_string}\"},\"query-input\":{\"@type\":\"PropertyValueSpecification\",\"valueRequired\":true,\"valueName\":\"search_term_string\"}}],\"inLanguage\":\"de\"},{\"@type\":\"Person\",\"@id\":\"https:\/\/wirtschaftlichefreiheit.de\/wordpress\/#\/schema\/person\/2b7f2f7b5016cba7aea0ce918b909d35\",\"name\":\"Friedrich L. Sell\",\"image\":{\"@type\":\"ImageObject\",\"inLanguage\":\"de\",\"@id\":\"https:\/\/wirtschaftlichefreiheit.de\/wordpress\/bilder\/friedrich_sell.jpg\",\"url\":\"https:\/\/wirtschaftlichefreiheit.de\/wordpress\/bilder\/friedrich_sell.jpg\",\"contentUrl\":\"https:\/\/wirtschaftlichefreiheit.de\/wordpress\/bilder\/friedrich_sell.jpg\",\"caption\":\"Friedrich L. Sell\"},\"description\":\"Universit\u00e4t der Bundeswehr M\u00fcnchen\",\"url\":\"https:\/\/wirtschaftlichefreiheit.de\/wordpress\/?author=220\"}]}<\/script>\n<!-- \/ Yoast SEO plugin. -->","yoast_head_json":{"title":"GastbeitragMit dem Bade ausgesch\u00fcttetWarum die Thesen der OECD zur Ungleichheit nur zum Teil weiter f\u00fchren - Wirtschaftliche Freiheit","robots":{"index":"index","follow":"follow","max-snippet":"max-snippet:-1","max-image-preview":"max-image-preview:large","max-video-preview":"max-video-preview:-1"},"canonical":"https:\/\/wirtschaftlichefreiheit.de\/wordpress\/?p=18313","og_locale":"de_DE","og_type":"article","og_title":"GastbeitragMit dem Bade ausgesch\u00fcttetWarum die Thesen der OECD zur Ungleichheit nur zum Teil weiter f\u00fchren - Wirtschaftliche Freiheit","og_description":"Die OECD hat mit ihrer j\u00fcngsten Studie \u201eIn it together: why less inequality benefits all\u201c Aufsehen erregt. Im Kern vertritt sie darin folgende Thesen: In &hellip; \u201eGastbeitragMit dem Bade ausgesch\u00fcttetWarum die Thesen der OECD zur Ungleichheit nur zum Teil weiter f\u00fchren\u201c weiterlesen","og_url":"https:\/\/wirtschaftlichefreiheit.de\/wordpress\/?p=18313","og_site_name":"Wirtschaftliche Freiheit","article_published_time":"2015-11-15T09:10:02+00:00","article_modified_time":"2015-11-15T09:13:38+00:00","author":"Friedrich L. Sell","twitter_card":"summary_large_image","twitter_misc":{"Verfasst von":"Friedrich L. Sell","Gesch\u00e4tzte Lesezeit":"5\u00a0Minuten"},"schema":{"@context":"https:\/\/schema.org","@graph":[{"@type":"Article","@id":"https:\/\/wirtschaftlichefreiheit.de\/wordpress\/?p=18313#article","isPartOf":{"@id":"https:\/\/wirtschaftlichefreiheit.de\/wordpress\/?p=18313"},"author":{"name":"Friedrich L. Sell","@id":"https:\/\/wirtschaftlichefreiheit.de\/wordpress\/#\/schema\/person\/2b7f2f7b5016cba7aea0ce918b909d35"},"headline":"Gastbeitrag Mit dem Bade ausgesch\u00fcttet Warum die Thesen der OECD zur Ungleichheit nur zum Teil weiter f\u00fchren","datePublished":"2015-11-15T09:10:02+00:00","dateModified":"2015-11-15T09:13:38+00:00","mainEntityOfPage":{"@id":"https:\/\/wirtschaftlichefreiheit.de\/wordpress\/?p=18313"},"wordCount":987,"commentCount":0,"keywords":["Bildung","Einkommensverteilung","Ungleichheit"],"articleSection":["Gerechtes","Ungleiches"],"inLanguage":"de","potentialAction":[{"@type":"CommentAction","name":"Comment","target":["https:\/\/wirtschaftlichefreiheit.de\/wordpress\/?p=18313#respond"]}]},{"@type":"WebPage","@id":"https:\/\/wirtschaftlichefreiheit.de\/wordpress\/?p=18313","url":"https:\/\/wirtschaftlichefreiheit.de\/wordpress\/?p=18313","name":"Gastbeitrag Mit dem Bade ausgesch\u00fcttet Warum die Thesen der OECD zur Ungleichheit nur zum Teil weiter f\u00fchren - Wirtschaftliche Freiheit","isPartOf":{"@id":"https:\/\/wirtschaftlichefreiheit.de\/wordpress\/#website"},"datePublished":"2015-11-15T09:10:02+00:00","dateModified":"2015-11-15T09:13:38+00:00","author":{"@id":"https:\/\/wirtschaftlichefreiheit.de\/wordpress\/#\/schema\/person\/2b7f2f7b5016cba7aea0ce918b909d35"},"breadcrumb":{"@id":"https:\/\/wirtschaftlichefreiheit.de\/wordpress\/?p=18313#breadcrumb"},"inLanguage":"de","potentialAction":[{"@type":"ReadAction","target":["https:\/\/wirtschaftlichefreiheit.de\/wordpress\/?p=18313"]}]},{"@type":"BreadcrumbList","@id":"https:\/\/wirtschaftlichefreiheit.de\/wordpress\/?p=18313#breadcrumb","itemListElement":[{"@type":"ListItem","position":1,"name":"Startseite","item":"https:\/\/wirtschaftlichefreiheit.de\/wordpress"},{"@type":"ListItem","position":2,"name":"GastbeitragMit dem Bade ausgesch\u00fcttetWarum die Thesen der OECD zur Ungleichheit nur zum Teil weiter f\u00fchren"}]},{"@type":"WebSite","@id":"https:\/\/wirtschaftlichefreiheit.de\/wordpress\/#website","url":"https:\/\/wirtschaftlichefreiheit.de\/wordpress\/","name":"Wirtschaftliche Freiheit","description":"Das ordnungspolitische Journal","potentialAction":[{"@type":"SearchAction","target":{"@type":"EntryPoint","urlTemplate":"https:\/\/wirtschaftlichefreiheit.de\/wordpress\/?s={search_term_string}"},"query-input":{"@type":"PropertyValueSpecification","valueRequired":true,"valueName":"search_term_string"}}],"inLanguage":"de"},{"@type":"Person","@id":"https:\/\/wirtschaftlichefreiheit.de\/wordpress\/#\/schema\/person\/2b7f2f7b5016cba7aea0ce918b909d35","name":"Friedrich L. Sell","image":{"@type":"ImageObject","inLanguage":"de","@id":"https:\/\/wirtschaftlichefreiheit.de\/wordpress\/bilder\/friedrich_sell.jpg","url":"https:\/\/wirtschaftlichefreiheit.de\/wordpress\/bilder\/friedrich_sell.jpg","contentUrl":"https:\/\/wirtschaftlichefreiheit.de\/wordpress\/bilder\/friedrich_sell.jpg","caption":"Friedrich L. Sell"},"description":"Universit\u00e4t der Bundeswehr M\u00fcnchen","url":"https:\/\/wirtschaftlichefreiheit.de\/wordpress\/?author=220"}]}},"_links":{"self":[{"href":"https:\/\/wirtschaftlichefreiheit.de\/wordpress\/index.php?rest_route=\/wp\/v2\/posts\/18313","targetHints":{"allow":["GET"]}}],"collection":[{"href":"https:\/\/wirtschaftlichefreiheit.de\/wordpress\/index.php?rest_route=\/wp\/v2\/posts"}],"about":[{"href":"https:\/\/wirtschaftlichefreiheit.de\/wordpress\/index.php?rest_route=\/wp\/v2\/types\/post"}],"author":[{"embeddable":true,"href":"https:\/\/wirtschaftlichefreiheit.de\/wordpress\/index.php?rest_route=\/wp\/v2\/users\/220"}],"replies":[{"embeddable":true,"href":"https:\/\/wirtschaftlichefreiheit.de\/wordpress\/index.php?rest_route=%2Fwp%2Fv2%2Fcomments&post=18313"}],"version-history":[{"count":7,"href":"https:\/\/wirtschaftlichefreiheit.de\/wordpress\/index.php?rest_route=\/wp\/v2\/posts\/18313\/revisions"}],"predecessor-version":[{"id":18324,"href":"https:\/\/wirtschaftlichefreiheit.de\/wordpress\/index.php?rest_route=\/wp\/v2\/posts\/18313\/revisions\/18324"}],"wp:attachment":[{"href":"https:\/\/wirtschaftlichefreiheit.de\/wordpress\/index.php?rest_route=%2Fwp%2Fv2%2Fmedia&parent=18313"}],"wp:term":[{"taxonomy":"category","embeddable":true,"href":"https:\/\/wirtschaftlichefreiheit.de\/wordpress\/index.php?rest_route=%2Fwp%2Fv2%2Fcategories&post=18313"},{"taxonomy":"post_tag","embeddable":true,"href":"https:\/\/wirtschaftlichefreiheit.de\/wordpress\/index.php?rest_route=%2Fwp%2Fv2%2Ftags&post=18313"}],"curies":[{"name":"wp","href":"https:\/\/api.w.org\/{rel}","templated":true}]}}