{"id":19783,"date":"2016-09-29T13:39:47","date_gmt":"2016-09-29T12:39:47","guid":{"rendered":"http:\/\/wirtschaftlichefreiheit.de\/wordpress\/?p=19783"},"modified":"2016-09-29T13:39:47","modified_gmt":"2016-09-29T12:39:47","slug":"gastbeitragmachen-die-ttip-gegner-wahlkampf-fuer-die-afd","status":"publish","type":"post","link":"https:\/\/wirtschaftlichefreiheit.de\/wordpress\/?p=19783","title":{"rendered":"<font size=3; color=grey>Gastbeitrag<\/font><br\/>Machen die TTIP-Gegner Wahlkampf f\u00fcr die AfD?"},"content":{"rendered":"<p>Die einen sind gegen Freihandel, die anderen wollen, dass sich Deutschland st\u00e4rker abschottet. Die Gegner von TTIP und die Anh\u00e4nger der AfD k\u00f6nnten kaum unterschiedlicher sein und haben trotzdem viele Gemeinsamkeiten.<\/p>\n<p><!--more--><\/p>\n<p>Am 10. und 11. September war in Berlin einiges los: Am Samstag demonstrierten dort (und in weiteren sechs deutschen St\u00e4dten) Hunderttausende gegen das transatlantische Freihandelsabkommen (TTIP). Und am Sonntag wurde der Berliner Senat gew\u00e4hlt. Die Vereinfacher von der Alternative f\u00fcr Deutschland (AfD) feierten wieder einen Wahlerfolg. Gibt es einen Zusammenhang zwischen diesen Ereignissen?<\/p>\n<p>In Deutschland wenden sich \u2013 folgt man den Vertretern der Anti-TIPP Kampagnenorganisationen \u2013 immer mehr Menschen gegen TTIP. Ihre Argumente sind: fehlende Transparenz, die Sorge vor einer Fl\u00e4chenerosion des Verbraucherschutzes und die Furcht vor Investitionsschutz. Keines dieser Argumente ist im Augenblick ernsthaft stichhaltig, denn erstens <a href=\"http:\/\/ec.europa.eu\/trade\/policy\/in-focus\/ttip\/index_de.htm\">berichtet die Europ\u00e4ische Kommission sehr ausf\u00fchrlich \u00fcber die Verhandlungen<\/a>.<\/p>\n<p>Zweitens ist es keineswegs gesichert, dass europ\u00e4ische Standards h\u00f6her sind als amerikanische; man denke an Standards in Sofia (Bulgarien, EU) und vergleiche sie mit solchen in New York (USA)! Geplant ist eine Fachdiskussion \u00fcber gegenseitige Anerkennung mit Kennzeichnungspflichten, wobei bestimmte G\u00fcter (genmanipulierte Organismen) und Dienste (der sogenannten \u00f6ffentlichen Daseinsvorsorge und Kultur) von vornherein ausgenommen wurden.<\/p>\n<p>Die Vertreter von Nicht-Regierungsorganisationen h\u00e4tten sp\u00e4ter per Gesetz sogar einen Platz in den Fachgremien \u00fcber regulatorische Kooperation. Sie k\u00f6nnten intervenieren und vor allem Gesagtes und Beschlossenes nach au\u00dfen tragen.<\/p>\n<p><a href=\"http:\/\/trade.ec.europa.eu\/doclib\/html\/153955.htm\">Drittens hat die Europ\u00e4ische Kommission l\u00e4ngst einen Vorschlag unterbreitet, der die \u2013 v\u00f6llig zu Recht aufgebrachte \u2013 Problematik privater Schiedsgerichte aufgreift und einer brauchbaren, wenngleich nicht perfekten L\u00f6sung zuf\u00fchrt.<\/a> Insofern gehen die Verhandlungsf\u00fchrer recht umfassend auf die Kritik ein. Dennoch muss man die Versuche, sogenannte Mega-Regionals zu begr\u00fcnden, nicht m\u00f6gen. Allerdings w\u00e4re es f\u00fcr eine Versachlichung der Diskussion und die Zukunft der Demokratie geboten, auf Argumente einzugehen, wie es die Europ\u00e4ische Kommission praktiziert, und auf Metaphern wie \u201eTTIP t\u00f6tet\u201c zu verzichten.<\/p>\n<p>Das wiederum ficht die TTIP-Gegner nicht an, die sich wenig beindruckt in Fundamentalopposition \u00fcben. Sie behaupten weiterhin, es \u00e4ndere sich nichts. Wie eine Studie vom European <a href=\"http:\/\/ecipe.org\/app\/uploads\/2016\/09\/2016_09_01_Pferde-und-Reiter-in-den-Protest-Kampagnen-um-TTIP-ECIPE-Policy-Brief_To_Go-.pdf\">Centre for Political Economy (ECIPE)<\/a> zeigt, wurde und wird der Protest gegen TTIP von einem breiten linken (von gr\u00fcn bis kommunistisch) B\u00fcndnis orchestriert. Ihre Argumente sind in aller Regel nicht evidenzbasiert, weshalb man sie auch als einen impliziten Angriff auf die Errungenschaften der Aufkl\u00e4rung verstehen muss.<\/p>\n<p>Der Europa-Abgeordnete Sven Giegold ist den Daten zufolge eine Leitfigur in den Kampagnen gegen TTIP und nach au\u00dfen hin offenbar unvers\u00f6hnlich mit einer Regelung des Welthandels (im pers\u00f6nlichen Gespr\u00e4ch geht er \u00fcbrigens auf Argumente ein). Die Studie, die auf einem einzigartigen Datensatz basiert, zeigt recht klar, dass die Anti-TTIP-Front gerade keine B\u00fcrgerbewegung ist, sondern von Kadern das gr\u00fcnen und linken Milieus in Deutschland gesteuert wird; eine wahrhaft meisterliche Organisation steht dahinter.<\/p>\n<p>Die Bef\u00fcrworter von TTIP aus der Wirtschaft und den b\u00fcrgerlichen Parteien sind indessen untergetaucht. F\u00fcr viele Unternehmen \u2013 egal ob klein oder gro\u00df \u2013 scheint es aufgrund der emotional extrem aufgeladenen Debatte um TTIP heute offenbar aus Angst vor einem Reputationsverlust \u00f6konomisch rational, den Mund zu halten und nicht f\u00fcr offene M\u00e4rkte einzutreten.<\/p>\n<p style=\"text-align: center;\"><strong>Globalisierungs- und USA-Gegner, Putinfreunde, Totalitarismusliebhaber<\/strong><\/p>\n<p>Was diese \u00fcberengagierten Kampagnen-Manager treibt, ist dabei nicht ganz klar. Eines wird aber deutlich: Gro\u00dfe Teile der Bewegung waren schon immer gegen Globalisierung. Andere m\u00f6gen Amerika nicht. Dritte lieben Putin und den Totalitarismus. In der \u00f6ffentlichen Debatte spielen vor allem bei den Gr\u00fcnen, aber auch bei der SPD, wahltaktische \u00dcberlegungen die gewichtigste Rolle: Mit streng antikapitalistischer Meinungsmache k\u00f6nnen heute \u2013 so das Kalk\u00fcl \u2013 W\u00e4hler aus allen Parteilagern, vor allem der Linken, gewonnen werden.<\/p>\n<p>Diese Rechnung geht aber nur bedingt auf. Bei den letzten Wahlen haben SPD, Linke und Gr\u00fcne kr\u00e4ftig verloren. Nach landl\u00e4ufiger Meinung war es vor allem die Fl\u00fcchtlingspolitik der Bundesregierung, die die W\u00e4hler zur AfD treibt. Dies mag als Motiv eine wichtige Rolle spielen.<\/p>\n<p>Zugleich kommt allerdings die Unsicherheit \u00fcber die wirtschaftliche Zukunft hinzu. Die TTIP-Gegner schaffen es selbst bei gebildeten Leuten, eine Urangst vor dem Fremden und Neuen zu erzeugen, die gerade nicht dazu f\u00fchrt, der \u2013 definitionsgem\u00e4\u00df offenen \u2013 Zukunft mit Mut entgegenzutreten. Ohne Mut kann eine tief in die moderne globale Arbeitsteilung integrierte Volkswirtschaft im Wettbewerb mit aufstrebenden Nationen nicht bestehen. Die TTIP-Gegner bieten aber keine L\u00f6sungen, sie sch\u00fcren nur Hass.<\/p>\n<p>Das zeigt sich auch daran, wie aggressiv auf TTIP-Bef\u00fcrworter in der Debatte reagiert wird. Insgesamt aber tragen die mit Millionen Euro gef\u00fchrten Anti-TTIP-Kampagnen zu einer Radikalisierung innerhalb unserer Gesellschaft bei \u2013 eine Radikalisierung, die die Protestb\u00fcndnisse durch den Einsatz von vielen Hunderttausend Euro offenbar bewusst und systematisch in andere europ\u00e4ische L\u00e4nder tragen wollen.<\/p>\n<p>Als Ergebnis dieser Radikalisierung werden auch diejenigen Parteien st\u00e4rker, die mit gleicherma\u00dfen radikalen Thesen um W\u00e4hlerstimmen werben. Dazu geh\u00f6rt traditionsgem\u00e4\u00df die Linkspartei, wenigstens in den Teilen, die Demokratie und Marktwirtschaft ablehnen (so Mitglieder des Marxistischen Forums der Linken, das die Anti-TTIP-Demonstration in Berlin im Oktober 2015 federf\u00fchrend organisierte), weniger die Gr\u00fcnen. Aber vor allem geh\u00f6rt die AfD neben ihren deutlich weiter rechts stehenden Freunden dazu.<\/p>\n<p>Ihre Thesen sind extrem platt, ihre Versprechungen utopisch, aber wohlfeil. Sie kann von der Radikalisierung der allgemeinen politischen Diskussion bisher am meisten profitieren.<\/p>\n<p>Das sollten sich all diejenigen TTIP-Gegner, die willentlich die \u00c4ngste der Menschen sch\u00fcren, schon einmal bewusst machen, zumindest diejenigen, die der freiheitlich-demokratischen Grundordnung nahestehen (was ja bei weitem nicht alle Beteiligten tun). Herr Giegold m\u00f6chte die Demokratie sicher nicht abschaffen.<\/p>\n<p>Aber mit undifferenzierter und von der Wahrheit im Sinne empirischer Evidenz weitgehend losgel\u00f6ster Hetze gegen den globalen Kapitalismus tr\u00e4gt er zum Wahlerfolg der Vereinfacher \u2013 in diesem Fall der AfD \u2013 ma\u00dfgeblich bei. Die Gr\u00fcnen werden davon nicht profitieren. Vielleicht bewegt ihn ja wenigstens das dazu, zu einer sachlichen Diskussion zur\u00fcckzukehren.<\/p>\n<!-- AddThis Advanced Settings generic via filter on the_content --><!-- AddThis Share Buttons generic via filter on the_content --><!-- AddThis Related Posts generic via filter on the_content -->","protected":false},"excerpt":{"rendered":"<p>Die einen sind gegen Freihandel, die anderen wollen, dass sich Deutschland st\u00e4rker abschottet. Die Gegner von TTIP und die Anh\u00e4nger der AfD k\u00f6nnten kaum unterschiedlicher &hellip; <\/p>\n<p class=\"link-more\"><a href=\"https:\/\/wirtschaftlichefreiheit.de\/wordpress\/?p=19783\" class=\"more-link\"><span class=\"screen-reader-text\">\u201e<font size=3; color=grey>Gastbeitrag<\/font><br \/>Machen die TTIP-Gegner Wahlkampf f\u00fcr die AfD?\u201c <\/span>weiterlesen<\/a><\/p>\n<p><!-- AddThis Advanced Settings generic via filter on wp_trim_excerpt --><!-- AddThis Share Buttons generic via filter on wp_trim_excerpt --><!-- AddThis Related Posts generic via filter on wp_trim_excerpt --><\/p>\n","protected":false},"author":237,"featured_media":0,"comment_status":"open","ping_status":"open","sticky":false,"template":"","format":"standard","meta":{"footnotes":""},"categories":[8,1200,2170],"tags":[1254,2162,109,1203],"class_list":["post-19783","post","type-post","status-publish","format-standard","hentry","category-europaisches","category-freihandlerisches","category-handelspolitisches","tag-afd","tag-ceta","tag-globalisierung","tag-ttip"],"yoast_head":"<!-- This site is optimized with the Yoast SEO plugin v27.2 - https:\/\/yoast.com\/product\/yoast-seo-wordpress\/ -->\n<title>GastbeitragMachen die TTIP-Gegner Wahlkampf f\u00fcr die AfD? - Wirtschaftliche Freiheit<\/title>\n<meta name=\"robots\" content=\"index, follow, max-snippet:-1, max-image-preview:large, max-video-preview:-1\" \/>\n<link rel=\"canonical\" href=\"https:\/\/wirtschaftlichefreiheit.de\/wordpress\/?p=19783\" \/>\n<meta property=\"og:locale\" content=\"de_DE\" \/>\n<meta property=\"og:type\" content=\"article\" \/>\n<meta property=\"og:title\" content=\"GastbeitragMachen die TTIP-Gegner Wahlkampf f\u00fcr die AfD? - Wirtschaftliche Freiheit\" \/>\n<meta property=\"og:description\" content=\"Die einen sind gegen Freihandel, die anderen wollen, dass sich Deutschland st\u00e4rker abschottet. Die Gegner von TTIP und die Anh\u00e4nger der AfD k\u00f6nnten kaum unterschiedlicher &hellip; \u201eGastbeitragMachen die TTIP-Gegner Wahlkampf f\u00fcr die AfD?\u201c weiterlesen\" \/>\n<meta property=\"og:url\" content=\"https:\/\/wirtschaftlichefreiheit.de\/wordpress\/?p=19783\" \/>\n<meta property=\"og:site_name\" content=\"Wirtschaftliche Freiheit\" \/>\n<meta property=\"article:published_time\" content=\"2016-09-29T12:39:47+00:00\" \/>\n<meta name=\"author\" content=\"Andreas Freytag\" \/>\n<meta name=\"twitter:card\" content=\"summary_large_image\" \/>\n<meta name=\"twitter:label1\" content=\"Verfasst von\" \/>\n\t<meta name=\"twitter:data1\" content=\"Andreas Freytag\" \/>\n\t<meta name=\"twitter:label2\" content=\"Gesch\u00e4tzte Lesezeit\" \/>\n\t<meta name=\"twitter:data2\" content=\"5\u00a0Minuten\" \/>\n<script type=\"application\/ld+json\" class=\"yoast-schema-graph\">{\"@context\":\"https:\/\/schema.org\",\"@graph\":[{\"@type\":\"Article\",\"@id\":\"https:\/\/wirtschaftlichefreiheit.de\/wordpress\/?p=19783#article\",\"isPartOf\":{\"@id\":\"https:\/\/wirtschaftlichefreiheit.de\/wordpress\/?p=19783\"},\"author\":{\"name\":\"Andreas Freytag\",\"@id\":\"https:\/\/wirtschaftlichefreiheit.de\/wordpress\/#\/schema\/person\/f21155b517a9b0a4b49834647e216069\"},\"headline\":\"Gastbeitrag Machen die TTIP-Gegner Wahlkampf f\u00fcr die AfD?\",\"datePublished\":\"2016-09-29T12:39:47+00:00\",\"mainEntityOfPage\":{\"@id\":\"https:\/\/wirtschaftlichefreiheit.de\/wordpress\/?p=19783\"},\"wordCount\":991,\"commentCount\":0,\"keywords\":[\"AfD\",\"CETA\",\"Globalisierung\",\"TTIP\"],\"articleSection\":[\"Europ\u00e4isches\",\"Freih\u00e4ndlerisches\",\"Handelspolitisches\"],\"inLanguage\":\"de\",\"potentialAction\":[{\"@type\":\"CommentAction\",\"name\":\"Comment\",\"target\":[\"https:\/\/wirtschaftlichefreiheit.de\/wordpress\/?p=19783#respond\"]}]},{\"@type\":\"WebPage\",\"@id\":\"https:\/\/wirtschaftlichefreiheit.de\/wordpress\/?p=19783\",\"url\":\"https:\/\/wirtschaftlichefreiheit.de\/wordpress\/?p=19783\",\"name\":\"Gastbeitrag Machen die TTIP-Gegner Wahlkampf f\u00fcr die AfD? - Wirtschaftliche Freiheit\",\"isPartOf\":{\"@id\":\"https:\/\/wirtschaftlichefreiheit.de\/wordpress\/#website\"},\"datePublished\":\"2016-09-29T12:39:47+00:00\",\"author\":{\"@id\":\"https:\/\/wirtschaftlichefreiheit.de\/wordpress\/#\/schema\/person\/f21155b517a9b0a4b49834647e216069\"},\"breadcrumb\":{\"@id\":\"https:\/\/wirtschaftlichefreiheit.de\/wordpress\/?p=19783#breadcrumb\"},\"inLanguage\":\"de\",\"potentialAction\":[{\"@type\":\"ReadAction\",\"target\":[\"https:\/\/wirtschaftlichefreiheit.de\/wordpress\/?p=19783\"]}]},{\"@type\":\"BreadcrumbList\",\"@id\":\"https:\/\/wirtschaftlichefreiheit.de\/wordpress\/?p=19783#breadcrumb\",\"itemListElement\":[{\"@type\":\"ListItem\",\"position\":1,\"name\":\"Startseite\",\"item\":\"https:\/\/wirtschaftlichefreiheit.de\/wordpress\"},{\"@type\":\"ListItem\",\"position\":2,\"name\":\"GastbeitragMachen die TTIP-Gegner Wahlkampf f\u00fcr die AfD?\"}]},{\"@type\":\"WebSite\",\"@id\":\"https:\/\/wirtschaftlichefreiheit.de\/wordpress\/#website\",\"url\":\"https:\/\/wirtschaftlichefreiheit.de\/wordpress\/\",\"name\":\"Wirtschaftliche Freiheit\",\"description\":\"Das ordnungspolitische Journal\",\"potentialAction\":[{\"@type\":\"SearchAction\",\"target\":{\"@type\":\"EntryPoint\",\"urlTemplate\":\"https:\/\/wirtschaftlichefreiheit.de\/wordpress\/?s={search_term_string}\"},\"query-input\":{\"@type\":\"PropertyValueSpecification\",\"valueRequired\":true,\"valueName\":\"search_term_string\"}}],\"inLanguage\":\"de\"},{\"@type\":\"Person\",\"@id\":\"https:\/\/wirtschaftlichefreiheit.de\/wordpress\/#\/schema\/person\/f21155b517a9b0a4b49834647e216069\",\"name\":\"Andreas Freytag\",\"image\":{\"@type\":\"ImageObject\",\"inLanguage\":\"de\",\"@id\":\"https:\/\/wirtschaftlichefreiheit.de\/wordpress\/bilder\/agu_3002-kopie.jpg\",\"url\":\"https:\/\/wirtschaftlichefreiheit.de\/wordpress\/bilder\/agu_3002-kopie.jpg\",\"contentUrl\":\"https:\/\/wirtschaftlichefreiheit.de\/wordpress\/bilder\/agu_3002-kopie.jpg\",\"caption\":\"Andreas Freytag\"},\"description\":\"Friedrich-Schiller-Universit\u00e4t Jena\",\"url\":\"https:\/\/wirtschaftlichefreiheit.de\/wordpress\/?author=237\"}]}<\/script>\n<!-- \/ Yoast SEO plugin. -->","yoast_head_json":{"title":"GastbeitragMachen die TTIP-Gegner Wahlkampf f\u00fcr die AfD? - Wirtschaftliche Freiheit","robots":{"index":"index","follow":"follow","max-snippet":"max-snippet:-1","max-image-preview":"max-image-preview:large","max-video-preview":"max-video-preview:-1"},"canonical":"https:\/\/wirtschaftlichefreiheit.de\/wordpress\/?p=19783","og_locale":"de_DE","og_type":"article","og_title":"GastbeitragMachen die TTIP-Gegner Wahlkampf f\u00fcr die AfD? - Wirtschaftliche Freiheit","og_description":"Die einen sind gegen Freihandel, die anderen wollen, dass sich Deutschland st\u00e4rker abschottet. Die Gegner von TTIP und die Anh\u00e4nger der AfD k\u00f6nnten kaum unterschiedlicher &hellip; \u201eGastbeitragMachen die TTIP-Gegner Wahlkampf f\u00fcr die AfD?\u201c weiterlesen","og_url":"https:\/\/wirtschaftlichefreiheit.de\/wordpress\/?p=19783","og_site_name":"Wirtschaftliche Freiheit","article_published_time":"2016-09-29T12:39:47+00:00","author":"Andreas Freytag","twitter_card":"summary_large_image","twitter_misc":{"Verfasst von":"Andreas Freytag","Gesch\u00e4tzte Lesezeit":"5\u00a0Minuten"},"schema":{"@context":"https:\/\/schema.org","@graph":[{"@type":"Article","@id":"https:\/\/wirtschaftlichefreiheit.de\/wordpress\/?p=19783#article","isPartOf":{"@id":"https:\/\/wirtschaftlichefreiheit.de\/wordpress\/?p=19783"},"author":{"name":"Andreas Freytag","@id":"https:\/\/wirtschaftlichefreiheit.de\/wordpress\/#\/schema\/person\/f21155b517a9b0a4b49834647e216069"},"headline":"Gastbeitrag Machen die TTIP-Gegner Wahlkampf f\u00fcr die AfD?","datePublished":"2016-09-29T12:39:47+00:00","mainEntityOfPage":{"@id":"https:\/\/wirtschaftlichefreiheit.de\/wordpress\/?p=19783"},"wordCount":991,"commentCount":0,"keywords":["AfD","CETA","Globalisierung","TTIP"],"articleSection":["Europ\u00e4isches","Freih\u00e4ndlerisches","Handelspolitisches"],"inLanguage":"de","potentialAction":[{"@type":"CommentAction","name":"Comment","target":["https:\/\/wirtschaftlichefreiheit.de\/wordpress\/?p=19783#respond"]}]},{"@type":"WebPage","@id":"https:\/\/wirtschaftlichefreiheit.de\/wordpress\/?p=19783","url":"https:\/\/wirtschaftlichefreiheit.de\/wordpress\/?p=19783","name":"Gastbeitrag Machen die TTIP-Gegner Wahlkampf f\u00fcr die AfD? - Wirtschaftliche Freiheit","isPartOf":{"@id":"https:\/\/wirtschaftlichefreiheit.de\/wordpress\/#website"},"datePublished":"2016-09-29T12:39:47+00:00","author":{"@id":"https:\/\/wirtschaftlichefreiheit.de\/wordpress\/#\/schema\/person\/f21155b517a9b0a4b49834647e216069"},"breadcrumb":{"@id":"https:\/\/wirtschaftlichefreiheit.de\/wordpress\/?p=19783#breadcrumb"},"inLanguage":"de","potentialAction":[{"@type":"ReadAction","target":["https:\/\/wirtschaftlichefreiheit.de\/wordpress\/?p=19783"]}]},{"@type":"BreadcrumbList","@id":"https:\/\/wirtschaftlichefreiheit.de\/wordpress\/?p=19783#breadcrumb","itemListElement":[{"@type":"ListItem","position":1,"name":"Startseite","item":"https:\/\/wirtschaftlichefreiheit.de\/wordpress"},{"@type":"ListItem","position":2,"name":"GastbeitragMachen die TTIP-Gegner Wahlkampf f\u00fcr die AfD?"}]},{"@type":"WebSite","@id":"https:\/\/wirtschaftlichefreiheit.de\/wordpress\/#website","url":"https:\/\/wirtschaftlichefreiheit.de\/wordpress\/","name":"Wirtschaftliche Freiheit","description":"Das ordnungspolitische Journal","potentialAction":[{"@type":"SearchAction","target":{"@type":"EntryPoint","urlTemplate":"https:\/\/wirtschaftlichefreiheit.de\/wordpress\/?s={search_term_string}"},"query-input":{"@type":"PropertyValueSpecification","valueRequired":true,"valueName":"search_term_string"}}],"inLanguage":"de"},{"@type":"Person","@id":"https:\/\/wirtschaftlichefreiheit.de\/wordpress\/#\/schema\/person\/f21155b517a9b0a4b49834647e216069","name":"Andreas Freytag","image":{"@type":"ImageObject","inLanguage":"de","@id":"https:\/\/wirtschaftlichefreiheit.de\/wordpress\/bilder\/agu_3002-kopie.jpg","url":"https:\/\/wirtschaftlichefreiheit.de\/wordpress\/bilder\/agu_3002-kopie.jpg","contentUrl":"https:\/\/wirtschaftlichefreiheit.de\/wordpress\/bilder\/agu_3002-kopie.jpg","caption":"Andreas Freytag"},"description":"Friedrich-Schiller-Universit\u00e4t Jena","url":"https:\/\/wirtschaftlichefreiheit.de\/wordpress\/?author=237"}]}},"_links":{"self":[{"href":"https:\/\/wirtschaftlichefreiheit.de\/wordpress\/index.php?rest_route=\/wp\/v2\/posts\/19783","targetHints":{"allow":["GET"]}}],"collection":[{"href":"https:\/\/wirtschaftlichefreiheit.de\/wordpress\/index.php?rest_route=\/wp\/v2\/posts"}],"about":[{"href":"https:\/\/wirtschaftlichefreiheit.de\/wordpress\/index.php?rest_route=\/wp\/v2\/types\/post"}],"author":[{"embeddable":true,"href":"https:\/\/wirtschaftlichefreiheit.de\/wordpress\/index.php?rest_route=\/wp\/v2\/users\/237"}],"replies":[{"embeddable":true,"href":"https:\/\/wirtschaftlichefreiheit.de\/wordpress\/index.php?rest_route=%2Fwp%2Fv2%2Fcomments&post=19783"}],"version-history":[{"count":3,"href":"https:\/\/wirtschaftlichefreiheit.de\/wordpress\/index.php?rest_route=\/wp\/v2\/posts\/19783\/revisions"}],"predecessor-version":[{"id":19786,"href":"https:\/\/wirtschaftlichefreiheit.de\/wordpress\/index.php?rest_route=\/wp\/v2\/posts\/19783\/revisions\/19786"}],"wp:attachment":[{"href":"https:\/\/wirtschaftlichefreiheit.de\/wordpress\/index.php?rest_route=%2Fwp%2Fv2%2Fmedia&parent=19783"}],"wp:term":[{"taxonomy":"category","embeddable":true,"href":"https:\/\/wirtschaftlichefreiheit.de\/wordpress\/index.php?rest_route=%2Fwp%2Fv2%2Fcategories&post=19783"},{"taxonomy":"post_tag","embeddable":true,"href":"https:\/\/wirtschaftlichefreiheit.de\/wordpress\/index.php?rest_route=%2Fwp%2Fv2%2Ftags&post=19783"}],"curies":[{"name":"wp","href":"https:\/\/api.w.org\/{rel}","templated":true}]}}