{"id":19877,"date":"2016-11-03T06:44:03","date_gmt":"2016-11-03T05:44:03","guid":{"rendered":"http:\/\/wirtschaftlichefreiheit.de\/wordpress\/?p=19877"},"modified":"2016-11-03T06:53:11","modified_gmt":"2016-11-03T05:53:11","slug":"dem-mittelstand-geht-es-gutauch-in-der-schweiz","status":"publish","type":"post","link":"https:\/\/wirtschaftlichefreiheit.de\/wordpress\/?p=19877","title":{"rendered":"Dem Mittelstand geht es gut<br\/><font size=3; color=grey>Auch in der Schweiz<\/font>"},"content":{"rendered":"<p><em><a href=\"#_ftn1\" name=\"_ftnref1\"><\/a><\/em>\u00c2\u00abDer Mittelstand ger\u00e4t zunehmend unter die R\u00e4der\u00c2\u00bb. Wer k\u00f6nnte nicht in dieses Lamento einstimmen? Steigende Geb\u00fchren, \u00fcberm\u00e4ssige Pr\u00e4mienlast oder dr\u00fcckende Steuerprogression sind schnell als Beleg f\u00fcr den gesellschaftlichen Missstand zur Hand. Allein die Frage stellt sich: entspricht diese vermeintlich ausgemachte Diagnose den Fakten? Die Antwort darauf ist klar: nein \u2013 dem Mittelstand geht es gut. Eine vom Bund initiierte Mittelstandsstrategie ist unn\u00f6tig.<\/p>\n<p><!--more--><\/p>\n<p style=\"text-align: center;\"><strong>Stabile Mittelschicht trotz Globalisierung<\/strong><\/p>\n<p>Trotz weitreichender struktureller Ver\u00e4nderungen auf dem Arbeitsmarkt, entwickelt sich die Verteilung der Markteinkommen in der Schweizer Bev\u00f6lkerung \u00fcberaus stabil. Der Gini-Koeffizient als Mass f\u00fcr die Gleichverteilung der Einkommen in einer Gesellschaft bewegt sich seit Jahren um den gleichen Wert. Ber\u00fccksichtigt sind hier alle Einkommen aus Erwerbst\u00e4tigkeit und aus Vermietung und Verm\u00f6gen der Haushalte \u2013 jeweils korrigiert um die Haushaltsgr\u00f6sse. Das Ergebnis ist bemerkenswert: in der Schweiz garantieren die Marktkr\u00e4fte im Rahmen der Sozialpartnerschaft bereits eine breite Streuung der Einkommen. Trotz tiefgreifender Herausforderungen seit den 1990er Jahren (Globalisierung, technischer Fortschritt) ist keine wesentliche Ver\u00e4nderung der Einkommensverteilung zu beobachten. Im Vergleich z\u00e4hlt die Schweiz zu den OECD-L\u00e4ndern mit der am st\u00e4rksten ausgepr\u00e4gten Gleichverteilung der Markteinkommen.<\/p>\n<p>Noch bemerkenswerter ist das Ergebnis, wenn man die grundlegenden demographischen Ver\u00e4nderungen in der Bev\u00f6lkerungsstruktur bedenkt. Haushalte im Ruhestand erzielen geringe Markteinkommen aus Erwerbst\u00e4tigkeit. In einer alternden Gesellschaft nehmen stattdessen die Eink\u00fcnfte aus den gesetzlichen Rentensystemen zu, welche nicht zu den Markteinkommen gez\u00e4hlt werden. Das heisst, eine alternde Gesellschaft hat einen nat\u00fcrlichen Trend zur st\u00e4rkeren Ungleichheit der Markteinkommen \u2013 der anscheinend in der Schweiz durch die Marktkr\u00e4fte und die Sozialpartner weitgehend kompensiert wird.<\/p>\n<p style=\"text-align: center;\"><strong>Vergleichsweise \u00c2\u00abeffizienter\u00c2\u00bb Umverteilungsstaat<\/strong><\/p>\n<p>Mit einer Staatsquote von \u00fcber 30% greift die Schweiz in vielf\u00e4ltiger Weise in die Einkommensverteilung der Gesellschaft ein. Dies geschieht \u00fcber das Steuersystem und die staatlichen Sozialversicherungen. Hinzu kommt die Umverteilung \u00fcber Zwangsabgaben (Krankenversicherung, berufliche Vorsorge, Unfallversicherung). \u00c2\u00a0Das verf\u00fcgbare Einkommen ber\u00fccksichtigt diese Staatsaktivit\u00e4t. Im Ergebnis ist die Einkommensverteilung nach Steuern und anderen staatlich geregelten Abgaben in der Schweiz wiederum bemerkenswert. Der entsprechende Gini-Koeffizient hat sich seit den 1990er Jahren kaum ver\u00e4ndert. Im internationalen Vergleich reduziert das Steuer- und Transfersystem in der Schweiz die Ungleichheit zwar unterdurchschnittlich. Die Umverteilung ist also relativ gering. Weil aber bereits die Markteinkommen \u00e4ussert gleich verteilt sind, bleiben die verf\u00fcgbaren Einkommen trotzdem \u00fcberdurchschnittlich gleich verteilt. Die Schweizer kann im internationalen Vergleich also durchaus als vergleichsweise \u00c2\u00abeffizienter\u00c2\u00bb Umverteilungsstaat bezeichnet werden.<\/p>\n<p style=\"text-align: center;\"><strong>Keine Einkommenspolarisierung<\/strong><\/p>\n<p>Legt man den Fokus st\u00e4rker auf die mittleren Einkommen, bleibt das Ergebnis qualitativ gleich. Dies gilt, wenn man die Gr\u00f6sse jener Einkommensgruppe betrachtet, die \u00fcber 70% bis 150% des Medianeinkommens verf\u00fcgen. Dies gilt auch, wenn man das Verh\u00e4ltnis der 20% h\u00f6chsten zu den 20% tiefsten Einkommen betrachtet. Und dies gilt schliesslich auch, wenn man die Polarisierung zwischen den Einkommensschichten betrachtet. Immer ist das Resultat eine ausgesprochene Stabilit\u00e4t der Einkommensverteilung in der Schweizer Gesellschaft.<\/p>\n<p style=\"text-align: center;\"><strong>Obligatorische Ausgaben lasten auf allen Schichten<\/strong><\/p>\n<p>Gelegentlich wird eingewendet, dass diese Betrachtung die obligatorischen Ausgaben wie die Belastung durch Krankenkassenpr\u00e4mien vernachl\u00e4ssige. Diese sind jedoch vom verf\u00fcgbaren Einkommen bereits abgezogen und damit in den erw\u00e4hnten Untersuchungen ber\u00fccksichtigt. Zudem zeigen die j\u00fcngsten Zahlen im Bericht des Bundesrats zur Lage des Mittelstands, dass die obligatorische Abgabenlast im Mittelstand im letzten Jahrzehnt keineswegs \u00fcberdurchschnittlich anstieg.<\/p>\n<p style=\"text-align: center;\"><strong>Intakte Solidarit\u00e4t der hohen Einkommen<\/strong><\/p>\n<p>K\u00f6nnte es sein, dass die Lage des Mittelstands zwar durchaus robust ist, aber die oberen Einkommen als \u00c2\u00abwahre Gewinner der Globalisierung\u00c2\u00bb sich immer weniger solidarisch zeigen? Die Daten sind auch in diesem Fall eindeutig. Seit 1945 bleiben die Einkommensanteile der obersten 1% vor- und nach Steuern in engen Bandbreiten. Der gesamtgesellschaftliche Umverteilungseffekt erf\u00e4hrt in der Schweiz \u00fcber die Jahre keine grossen Ver\u00e4nderungen. Diese Entwicklung ist umso eindr\u00fccklicher, wenn man den Vergleich mit den USA heranzieht. War die Einkommenskonzentration in der Schweiz in den Nachkriegsjahren noch deutlich h\u00f6her, sind die obersten Einkommensanteile in den USA seit den 1980er Jahren markant st\u00e4rker angestiegen. Aufgrund der sehr stabilen Progressionswirkung in der Schweiz liegt die Einkommenskonzentration heute deutlich tiefer als in den USA.<\/p>\n<p>In diesem Zusammenhang wird oft auch die Frage der Mobilit\u00e4t der Einkommensschichten diskutiert. Auch wenn die Datenlage f\u00fcr die Schweiz in diesem Bereich noch ausbauf\u00e4hig ist, deuten die Resultate auf eine Gesellschaft mit intakten Aufstiegschancen hin. Ein Schl\u00fcsselfaktor d\u00fcrfte diesbez\u00fcglich das Bildungssystem sein, mit seinen zunehmend durchl\u00e4ssigen Bildungswegen.<\/p>\n<p style=\"text-align: center;\"><strong>Schweizer f\u00fchlen sich als Mittelschichtsgesellschaft<\/strong><\/p>\n<p>Die Daten zur Einkommensverteilung in der Schweiz sprechen eine klare Sprache. Ist die beklagte Erosion des Mittelstands also eine Illusion? Tats\u00e4chlich wurde im internationalen Vergleich festgestellt, dass nahezu keine Korrelation zwischen der tats\u00e4chlich gemessenen und der subjektiven Einsch\u00e4tzung der Ungleichheit bei den verf\u00fcgbaren Einkommen besteht. Die Deutschen verorten beispielsweise die Mehrheit der Bev\u00f6lkerung in der untersten Schicht, w\u00e4hrend sich die Schweizer als eine klassische Mittelschichtsgesellschaft f\u00fchlen. Das scheint \u00fcberraschend, so sind die verf\u00fcgbaren Einkommen in beiden Staaten in Wahrheit nahezu gleich verteilt. Doch die Verteilung der verf\u00fcgbaren Einkommen in Deutschland und der Schweiz kommt auf sehr unterschiedliche Art und Weise zustande. In der Schweiz sind bereits die Markteinkommen relativ gleich verteilt, in Deutschland wird deutlich mehr staatlich umverteilt. \u00c2\u00a0Dass die Schweizer Haushalte f\u00fcr einen gr\u00f6sseren Teil ihres Einkommens selbst verantwortlich sind, scheint die subjektive Einsch\u00e4tzung \u00fcber Fairness und Verteilungsgerechtigkeit positiv zu beeinflussen.<\/p>\n<p>Die gelegentlich medial effektvoll bewirtschaftete Klage \u00fcber eine Erosion des Mittelstands geh\u00f6rt ins Reich der Mythen. Dem Mittelstand geht es gut. Damit dies so bleibt, gilt es der Flexibilit\u00e4t des Arbeitsmarkts Sorge zu tragen und punktuell \u00c2\u00a0negative Arbeitsanreize zu mildern. Eine hohe Erwerbsbeteiligung sichert eine breite Verteilung der Wohlstandsgewinne und ist damit entscheidend f\u00fcr einen moderaten Umverteilungsbedarf und die gef\u00fchlte Verteilungsgerechtigkeit.<a href=\"#_ftnref1\" name=\"_ftn1\"><\/a><\/p>\n<!-- AddThis Advanced Settings generic via filter on the_content --><!-- AddThis Share Buttons generic via filter on the_content --><!-- AddThis Related Posts generic via filter on the_content -->","protected":false},"excerpt":{"rendered":"<p>\u00c2\u00abDer Mittelstand ger\u00e4t zunehmend unter die R\u00e4der\u00c2\u00bb. Wer k\u00f6nnte nicht in dieses Lamento einstimmen? Steigende Geb\u00fchren, \u00fcberm\u00e4ssige Pr\u00e4mienlast oder dr\u00fcckende Steuerprogression sind schnell als Beleg &hellip; <\/p>\n<p class=\"link-more\"><a href=\"https:\/\/wirtschaftlichefreiheit.de\/wordpress\/?p=19877\" class=\"more-link\"><span class=\"screen-reader-text\">\u201eDem Mittelstand geht es gut<br \/><font size=3; color=grey>Auch in der Schweiz<\/font>\u201c <\/span>weiterlesen<\/a><\/p>\n<p><!-- AddThis Advanced Settings generic via filter on wp_trim_excerpt --><!-- AddThis Share Buttons generic via filter on wp_trim_excerpt --><!-- AddThis Related Posts generic via filter on wp_trim_excerpt --><\/p>\n","protected":false},"author":180,"featured_media":0,"comment_status":"open","ping_status":"open","sticky":false,"template":"","format":"standard","meta":{"footnotes":""},"categories":[25,1166,1406,2296,2144],"tags":[776,109,604,327],"class_list":["post-19877","post","type-post","status-publish","format-standard","hentry","category-distributives","category-gerechtes","category-mobiles","category-redistributives","category-solidarisches","tag-einkommensungleichheit","tag-globalisierung","tag-mittelstand","tag-soziale-mobilitaet"],"yoast_head":"<!-- This site is optimized with the Yoast SEO plugin v27.2 - https:\/\/yoast.com\/product\/yoast-seo-wordpress\/ -->\n<title>Dem Mittelstand geht es gutAuch in der Schweiz - Wirtschaftliche Freiheit<\/title>\n<meta name=\"robots\" content=\"index, follow, max-snippet:-1, max-image-preview:large, max-video-preview:-1\" \/>\n<link rel=\"canonical\" href=\"https:\/\/wirtschaftlichefreiheit.de\/wordpress\/?p=19877\" \/>\n<meta property=\"og:locale\" content=\"de_DE\" \/>\n<meta property=\"og:type\" content=\"article\" \/>\n<meta property=\"og:title\" content=\"Dem Mittelstand geht es gutAuch in der Schweiz - Wirtschaftliche Freiheit\" \/>\n<meta property=\"og:description\" content=\"\u00c2\u00abDer Mittelstand ger\u00e4t zunehmend unter die R\u00e4der\u00c2\u00bb. Wer k\u00f6nnte nicht in dieses Lamento einstimmen? Steigende Geb\u00fchren, \u00fcberm\u00e4ssige Pr\u00e4mienlast oder dr\u00fcckende Steuerprogression sind schnell als Beleg &hellip; \u201eDem Mittelstand geht es gutAuch in der Schweiz\u201c weiterlesen\" \/>\n<meta property=\"og:url\" content=\"https:\/\/wirtschaftlichefreiheit.de\/wordpress\/?p=19877\" \/>\n<meta property=\"og:site_name\" content=\"Wirtschaftliche Freiheit\" \/>\n<meta property=\"article:published_time\" content=\"2016-11-03T05:44:03+00:00\" \/>\n<meta property=\"article:modified_time\" content=\"2016-11-03T05:53:11+00:00\" \/>\n<meta name=\"author\" content=\"Christoph A. Schaltegger\" \/>\n<meta name=\"twitter:card\" content=\"summary_large_image\" \/>\n<meta name=\"twitter:label1\" content=\"Verfasst von\" \/>\n\t<meta name=\"twitter:data1\" content=\"Christoph A. Schaltegger\" \/>\n\t<meta name=\"twitter:label2\" content=\"Gesch\u00e4tzte Lesezeit\" \/>\n\t<meta name=\"twitter:data2\" content=\"5\u00a0Minuten\" \/>\n<script type=\"application\/ld+json\" class=\"yoast-schema-graph\">{\"@context\":\"https:\/\/schema.org\",\"@graph\":[{\"@type\":\"Article\",\"@id\":\"https:\/\/wirtschaftlichefreiheit.de\/wordpress\/?p=19877#article\",\"isPartOf\":{\"@id\":\"https:\/\/wirtschaftlichefreiheit.de\/wordpress\/?p=19877\"},\"author\":{\"name\":\"Christoph A. Schaltegger\",\"@id\":\"https:\/\/wirtschaftlichefreiheit.de\/wordpress\/#\/schema\/person\/b994a5bb30636d125afabe2b747fbfdf\"},\"headline\":\"Dem Mittelstand geht es gut Auch in der Schweiz\",\"datePublished\":\"2016-11-03T05:44:03+00:00\",\"dateModified\":\"2016-11-03T05:53:11+00:00\",\"mainEntityOfPage\":{\"@id\":\"https:\/\/wirtschaftlichefreiheit.de\/wordpress\/?p=19877\"},\"wordCount\":971,\"commentCount\":0,\"keywords\":[\"Einkommensungleichheit\",\"Globalisierung\",\"Mittelstand\",\"Soziale Mobilit\u00e4t\"],\"articleSection\":[\"Distributives\",\"Gerechtes\",\"Mobiles\",\"Redistributives\",\"Solidarisches\"],\"inLanguage\":\"de\",\"potentialAction\":[{\"@type\":\"CommentAction\",\"name\":\"Comment\",\"target\":[\"https:\/\/wirtschaftlichefreiheit.de\/wordpress\/?p=19877#respond\"]}]},{\"@type\":\"WebPage\",\"@id\":\"https:\/\/wirtschaftlichefreiheit.de\/wordpress\/?p=19877\",\"url\":\"https:\/\/wirtschaftlichefreiheit.de\/wordpress\/?p=19877\",\"name\":\"Dem Mittelstand geht es gut Auch in der Schweiz - Wirtschaftliche Freiheit\",\"isPartOf\":{\"@id\":\"https:\/\/wirtschaftlichefreiheit.de\/wordpress\/#website\"},\"datePublished\":\"2016-11-03T05:44:03+00:00\",\"dateModified\":\"2016-11-03T05:53:11+00:00\",\"author\":{\"@id\":\"https:\/\/wirtschaftlichefreiheit.de\/wordpress\/#\/schema\/person\/b994a5bb30636d125afabe2b747fbfdf\"},\"breadcrumb\":{\"@id\":\"https:\/\/wirtschaftlichefreiheit.de\/wordpress\/?p=19877#breadcrumb\"},\"inLanguage\":\"de\",\"potentialAction\":[{\"@type\":\"ReadAction\",\"target\":[\"https:\/\/wirtschaftlichefreiheit.de\/wordpress\/?p=19877\"]}]},{\"@type\":\"BreadcrumbList\",\"@id\":\"https:\/\/wirtschaftlichefreiheit.de\/wordpress\/?p=19877#breadcrumb\",\"itemListElement\":[{\"@type\":\"ListItem\",\"position\":1,\"name\":\"Startseite\",\"item\":\"https:\/\/wirtschaftlichefreiheit.de\/wordpress\"},{\"@type\":\"ListItem\",\"position\":2,\"name\":\"Dem Mittelstand geht es gutAuch in der Schweiz\"}]},{\"@type\":\"WebSite\",\"@id\":\"https:\/\/wirtschaftlichefreiheit.de\/wordpress\/#website\",\"url\":\"https:\/\/wirtschaftlichefreiheit.de\/wordpress\/\",\"name\":\"Wirtschaftliche Freiheit\",\"description\":\"Das ordnungspolitische Journal\",\"potentialAction\":[{\"@type\":\"SearchAction\",\"target\":{\"@type\":\"EntryPoint\",\"urlTemplate\":\"https:\/\/wirtschaftlichefreiheit.de\/wordpress\/?s={search_term_string}\"},\"query-input\":{\"@type\":\"PropertyValueSpecification\",\"valueRequired\":true,\"valueName\":\"search_term_string\"}}],\"inLanguage\":\"de\"},{\"@type\":\"Person\",\"@id\":\"https:\/\/wirtschaftlichefreiheit.de\/wordpress\/#\/schema\/person\/b994a5bb30636d125afabe2b747fbfdf\",\"name\":\"Christoph A. Schaltegger\",\"image\":{\"@type\":\"ImageObject\",\"inLanguage\":\"de\",\"@id\":\"https:\/\/wirtschaftlichefreiheit.de\/wordpress\/bilder\/christoph_schaltegger.jpg\",\"url\":\"https:\/\/wirtschaftlichefreiheit.de\/wordpress\/bilder\/christoph_schaltegger.jpg\",\"contentUrl\":\"https:\/\/wirtschaftlichefreiheit.de\/wordpress\/bilder\/christoph_schaltegger.jpg\",\"caption\":\"Christoph A. Schaltegger\"},\"description\":\"Universit\u00e4t Luzern\",\"url\":\"https:\/\/wirtschaftlichefreiheit.de\/wordpress\/?author=180\"}]}<\/script>\n<!-- \/ Yoast SEO plugin. -->","yoast_head_json":{"title":"Dem Mittelstand geht es gutAuch in der Schweiz - Wirtschaftliche Freiheit","robots":{"index":"index","follow":"follow","max-snippet":"max-snippet:-1","max-image-preview":"max-image-preview:large","max-video-preview":"max-video-preview:-1"},"canonical":"https:\/\/wirtschaftlichefreiheit.de\/wordpress\/?p=19877","og_locale":"de_DE","og_type":"article","og_title":"Dem Mittelstand geht es gutAuch in der Schweiz - Wirtschaftliche Freiheit","og_description":"\u00c2\u00abDer Mittelstand ger\u00e4t zunehmend unter die R\u00e4der\u00c2\u00bb. Wer k\u00f6nnte nicht in dieses Lamento einstimmen? Steigende Geb\u00fchren, \u00fcberm\u00e4ssige Pr\u00e4mienlast oder dr\u00fcckende Steuerprogression sind schnell als Beleg &hellip; \u201eDem Mittelstand geht es gutAuch in der Schweiz\u201c weiterlesen","og_url":"https:\/\/wirtschaftlichefreiheit.de\/wordpress\/?p=19877","og_site_name":"Wirtschaftliche Freiheit","article_published_time":"2016-11-03T05:44:03+00:00","article_modified_time":"2016-11-03T05:53:11+00:00","author":"Christoph A. Schaltegger","twitter_card":"summary_large_image","twitter_misc":{"Verfasst von":"Christoph A. Schaltegger","Gesch\u00e4tzte Lesezeit":"5\u00a0Minuten"},"schema":{"@context":"https:\/\/schema.org","@graph":[{"@type":"Article","@id":"https:\/\/wirtschaftlichefreiheit.de\/wordpress\/?p=19877#article","isPartOf":{"@id":"https:\/\/wirtschaftlichefreiheit.de\/wordpress\/?p=19877"},"author":{"name":"Christoph A. Schaltegger","@id":"https:\/\/wirtschaftlichefreiheit.de\/wordpress\/#\/schema\/person\/b994a5bb30636d125afabe2b747fbfdf"},"headline":"Dem Mittelstand geht es gut Auch in der Schweiz","datePublished":"2016-11-03T05:44:03+00:00","dateModified":"2016-11-03T05:53:11+00:00","mainEntityOfPage":{"@id":"https:\/\/wirtschaftlichefreiheit.de\/wordpress\/?p=19877"},"wordCount":971,"commentCount":0,"keywords":["Einkommensungleichheit","Globalisierung","Mittelstand","Soziale Mobilit\u00e4t"],"articleSection":["Distributives","Gerechtes","Mobiles","Redistributives","Solidarisches"],"inLanguage":"de","potentialAction":[{"@type":"CommentAction","name":"Comment","target":["https:\/\/wirtschaftlichefreiheit.de\/wordpress\/?p=19877#respond"]}]},{"@type":"WebPage","@id":"https:\/\/wirtschaftlichefreiheit.de\/wordpress\/?p=19877","url":"https:\/\/wirtschaftlichefreiheit.de\/wordpress\/?p=19877","name":"Dem Mittelstand geht es gut Auch in der Schweiz - Wirtschaftliche Freiheit","isPartOf":{"@id":"https:\/\/wirtschaftlichefreiheit.de\/wordpress\/#website"},"datePublished":"2016-11-03T05:44:03+00:00","dateModified":"2016-11-03T05:53:11+00:00","author":{"@id":"https:\/\/wirtschaftlichefreiheit.de\/wordpress\/#\/schema\/person\/b994a5bb30636d125afabe2b747fbfdf"},"breadcrumb":{"@id":"https:\/\/wirtschaftlichefreiheit.de\/wordpress\/?p=19877#breadcrumb"},"inLanguage":"de","potentialAction":[{"@type":"ReadAction","target":["https:\/\/wirtschaftlichefreiheit.de\/wordpress\/?p=19877"]}]},{"@type":"BreadcrumbList","@id":"https:\/\/wirtschaftlichefreiheit.de\/wordpress\/?p=19877#breadcrumb","itemListElement":[{"@type":"ListItem","position":1,"name":"Startseite","item":"https:\/\/wirtschaftlichefreiheit.de\/wordpress"},{"@type":"ListItem","position":2,"name":"Dem Mittelstand geht es gutAuch in der Schweiz"}]},{"@type":"WebSite","@id":"https:\/\/wirtschaftlichefreiheit.de\/wordpress\/#website","url":"https:\/\/wirtschaftlichefreiheit.de\/wordpress\/","name":"Wirtschaftliche Freiheit","description":"Das ordnungspolitische Journal","potentialAction":[{"@type":"SearchAction","target":{"@type":"EntryPoint","urlTemplate":"https:\/\/wirtschaftlichefreiheit.de\/wordpress\/?s={search_term_string}"},"query-input":{"@type":"PropertyValueSpecification","valueRequired":true,"valueName":"search_term_string"}}],"inLanguage":"de"},{"@type":"Person","@id":"https:\/\/wirtschaftlichefreiheit.de\/wordpress\/#\/schema\/person\/b994a5bb30636d125afabe2b747fbfdf","name":"Christoph A. Schaltegger","image":{"@type":"ImageObject","inLanguage":"de","@id":"https:\/\/wirtschaftlichefreiheit.de\/wordpress\/bilder\/christoph_schaltegger.jpg","url":"https:\/\/wirtschaftlichefreiheit.de\/wordpress\/bilder\/christoph_schaltegger.jpg","contentUrl":"https:\/\/wirtschaftlichefreiheit.de\/wordpress\/bilder\/christoph_schaltegger.jpg","caption":"Christoph A. Schaltegger"},"description":"Universit\u00e4t Luzern","url":"https:\/\/wirtschaftlichefreiheit.de\/wordpress\/?author=180"}]}},"_links":{"self":[{"href":"https:\/\/wirtschaftlichefreiheit.de\/wordpress\/index.php?rest_route=\/wp\/v2\/posts\/19877","targetHints":{"allow":["GET"]}}],"collection":[{"href":"https:\/\/wirtschaftlichefreiheit.de\/wordpress\/index.php?rest_route=\/wp\/v2\/posts"}],"about":[{"href":"https:\/\/wirtschaftlichefreiheit.de\/wordpress\/index.php?rest_route=\/wp\/v2\/types\/post"}],"author":[{"embeddable":true,"href":"https:\/\/wirtschaftlichefreiheit.de\/wordpress\/index.php?rest_route=\/wp\/v2\/users\/180"}],"replies":[{"embeddable":true,"href":"https:\/\/wirtschaftlichefreiheit.de\/wordpress\/index.php?rest_route=%2Fwp%2Fv2%2Fcomments&post=19877"}],"version-history":[{"count":5,"href":"https:\/\/wirtschaftlichefreiheit.de\/wordpress\/index.php?rest_route=\/wp\/v2\/posts\/19877\/revisions"}],"predecessor-version":[{"id":19988,"href":"https:\/\/wirtschaftlichefreiheit.de\/wordpress\/index.php?rest_route=\/wp\/v2\/posts\/19877\/revisions\/19988"}],"wp:attachment":[{"href":"https:\/\/wirtschaftlichefreiheit.de\/wordpress\/index.php?rest_route=%2Fwp%2Fv2%2Fmedia&parent=19877"}],"wp:term":[{"taxonomy":"category","embeddable":true,"href":"https:\/\/wirtschaftlichefreiheit.de\/wordpress\/index.php?rest_route=%2Fwp%2Fv2%2Fcategories&post=19877"},{"taxonomy":"post_tag","embeddable":true,"href":"https:\/\/wirtschaftlichefreiheit.de\/wordpress\/index.php?rest_route=%2Fwp%2Fv2%2Ftags&post=19877"}],"curies":[{"name":"wp","href":"https:\/\/api.w.org\/{rel}","templated":true}]}}