{"id":19941,"date":"2016-10-28T08:01:13","date_gmt":"2016-10-28T07:01:13","guid":{"rendered":"http:\/\/wirtschaftlichefreiheit.de\/wordpress\/?p=19941"},"modified":"2016-10-29T06:02:47","modified_gmt":"2016-10-29T05:02:47","slug":"investitionen-ohne-wirkung","status":"publish","type":"post","link":"https:\/\/wirtschaftlichefreiheit.de\/wordpress\/?p=19941","title":{"rendered":"<font size=3; color=grey>Kurz kommentiert<\/font><br\/>Investitionen ohne Wirkung"},"content":{"rendered":"<p><strong><em>Die nominalen Investitionen des Staates haben sich \u00fcberhaupt nicht in einer realen Verbesserung des staatlichen Kapitalstocks niedergeschlagen. Vielmehr spiegelt der durchaus beachtliche nominale Anstieg beim Nettoanlageverm\u00f6gen lediglich Preiseffekte wider. Diese k\u00f6nnen mit Kostenanstiegen, Kapazit\u00e4tsproblemen und mit mangelhaften Verwaltungsstrukturen erkl\u00e4rt werden.<\/em><\/strong><\/p>\n<p><!--more--><\/p>\n<p>Die wirtschaftliche Entwicklung und der damit einhergehende Lebensstandard in einer Volkswirtschaft h\u00e4ngen von der Qualit\u00e4t der wirtschaftlichen und politischen Institutionen sowie von den gesamtwirtschaftlichen Produktionsfaktoren ab. Neben dem Arbeitseinsatz, der Qualifikation der Arbeitskr\u00e4fte, dem technologischen Wissen und den nat\u00fcrlichen Ressourcen kommt dem Bestand an Sachkapital eine hohe Bedeutung zu. Dieser Kapitalstock umfasst die Bauten (Wohn- und Nichtwohnbauten), die Ausr\u00fcstungen (Maschinen, Ger\u00e4te, Gesch\u00e4ftsausstattungen usw.) und das geistige Eigentum (z.\u00c2\u00a0B. Forschung und Entwicklung). Der Staat stellt durch \u00f6ffentliche Bauten (z.B. Verwaltungsgeb\u00e4ude) und Infrastruktur (z.\u00c2\u00a0B. Verkehrsnetze) den Wirtschaftssubjekten eine wichtige Vorleistung f\u00fcr ihre eigene Produktionst\u00e4tigkeit zur Verf\u00fcgung. Auch durch \u00f6ffentliche Bildungs- und Forschungseinrichtungen bietet der Staat eine wichtige Voraussetzung f\u00fcr den Wachstumsprozess und die wirtschaftliche Entwicklung.<\/p>\n<p>Seit geraumer Zeit werden in Deutschland mit Blick auf die staatliche Infrastrukturausstattung erhebliche M\u00e4ngel und Verbesserungspotenziale diagnostiziert. Die Abbildung zeigt gleichwohl, dass der staatliche Kapitalstock in den vergangenen zehn Jahren auf Basis nominaler Wert deutlich angestiegen ist. Das staatliche Nettoanlageverm\u00f6gen zu Wiederbeschaffungspreisen lag im Jahr 2015 mit 1.338 Milliarden Euro um 27 Prozent \u00fcber dem Niveau des Jahres 2005. Nach dem vergleichsweise kr\u00e4ftigen Anstieg unmittelbar nach der Wiedervereinigung in den fr\u00fchen 1990er Jahren war somit nach einer Stagnationsdekade, die von 1995 bis 2005 dauerte, zuletzt wieder ein markanter Aufbau an staatlichem Kapitalstock zu verzeichnen.<\/p>\n<p style=\"text-align: center;\"><a href=\"\/wordpress\/bilder\/Kapitalstock.png\"><img decoding=\"async\" class=\"centered\" title=\"claschabb1\" src=\"\/wordpress\/bilder\/Kapitalstock.png\" alt=\"claschabb1\" width=\"400\" \/><\/a><\/p>\n<p style=\"text-align: center;\"><small>&#8211; zum Vergr\u00f6\u00dfern bitte auf die Grafik klicken &#8211; <\/small><\/p>\n<p>Die Abbildung zeigt jedoch auch, dass es beim Blick auf die preisbereinigten Daten zu \u00fcberhaupt keiner Ver\u00e4nderung beim staatlichen Kapitalstock seit 2005 kam. Bei der Analyse der Wachstumsdeterminanten kommt es letztlich aber auf die Ver\u00e4nderung des realen Kapitalstocks an. Von staatlicher Seite wurden also die Wachstumsbedingungen in Deutschland im Zeitraum 2005 bis 2015 \u00fcberhaupt nicht gest\u00e4rkt. Vielmehr m\u00fcssen die Unternehmen hierzulande sogar schon seit Mitte der 1990er Jahre mit einem nahezu unver\u00e4nderten staatlichen Kapitalstock wirtschaften. Das reale Nettoanlageverm\u00f6gen der Nichtfinanziellen Kapitalgesellschaften war dagegen 2015 um knapp ein Viertel h\u00f6her als 1995.<\/p>\n<p>Aus dem Vergleich der nominalen und realen Entwicklung beim staatlichen Nettoanlageverm\u00f6gen im Zeitraum 2005 bis 2015 kann folgende Schlussfolgerung gezogen werden. Die nominalen Anstrengungen des Staates \u2013 zum Beispiel auch in Form der Konjunkturpakete im Gefolge der globalen Finanzmarkt- und Wirtschaftskrise \u2013 haben sich \u00fcberhaupt nicht in einem realen Anstieg des Kapitalstocks niedergeschlagen. Vielmehr spiegelt der nominale Anstieg beim Nettoanlageverm\u00f6gen lediglich Preiseffekte wieder. Folgende Erkl\u00e4rungen k\u00f6nnen f\u00fcr den realwirtschaftlichen Stillstand beim staatlichen Kapitalstock und die Preiseffekte genannt werden:<\/p>\n<p><strong>Kostenanstiege:<\/strong> Ein Anstieg der Produktionskosten \u2013 zum Beispiel \u00fcber h\u00f6here Energie- und Rohstoffpreise \u2013 kann die staatliche Baut\u00e4tigkeit insgesamt verteuert haben. Auf Basis der Baupreisindizes des Statistischen Bundesamtes stiegen die Baupreise im Zeitraum 2005 bis 2015 stark an, der Index Stra\u00dfe beispielsweise um fast 33 Prozent. Der erste Ausl\u00f6ser f\u00fcr die Preissteigerungen waren zun\u00e4chst h\u00f6here Materialkosten, zum Beispiel f\u00fcr Stahl und Erd\u00f6lprodukte wie Asphalt. In den letzten Jahren stagnieren die Materialkosten eher, aber daf\u00fcr haben die Lohnkosten deutlich angezogen.<\/p>\n<p><strong>Kapazit\u00e4tsprobleme:<\/strong> Auch Kapazit\u00e4tsprobleme im Bausektor und auf vorgelagerten Stufen \u2013 wie zum Beispiel bei der \u00f6ffentlichen und privaten Bauplanung \u2013 k\u00f6nnen die reale Stagnation und die Preiseffekte miterkl\u00e4ren. W\u00e4hrend es im eigentlichen Bausektor au\u00dferhalb hoch spezialisierter Gewerke keine Anzeichen f\u00fcr Kapazit\u00e4tsprobleme gibt, verdichten sich die Anzeichen, dass sich die Kapazit\u00e4ten der \u00f6ffentlichen Bauverwaltungen zum \u201eBottleneck\u201c entwickeln. Immer komplexere Bauvorschriften treffen hier auf personelle Engp\u00e4\u00dfe. Die Bauverwaltungen waren seit der Jahrtausendwende mit einem erheblichen Personalabbau konfrontiert, der beispielsweise auch die Anzahl der qualifizierten Bauingenieure reduziert hat. Erreicht wurde der Personalabbau vor allem durch den Verzicht auf Neueinstellungen, was auch zu einer bedenklichen Altersstruktur in den Bau\u00e4mtern gef\u00fchrt hat.<\/p>\n<p><strong>Mangelhafte Strukturen:<\/strong> Es gibt prominente Beispiele daf\u00fcr, dass staatliche Bauverwaltungen ihren Aufgaben teilweise nicht gewachsen sind. Zu nennen sind hier etwa der Flughafen BER oder die K\u00f6lner Nord-S\u00fcd-Bahn. Hier f\u00fchrt offensichtlich eine fachliche \u00dcberforderung der Baubeh\u00f6rden zu Kostenexplosionen und tr\u00e4gt somit zum starken Auseinanderlaufen von nominalen Aufwendungen des Staates und realwirtschaftlichem Ergebnis bei. So treiben zum Beispiel das staatliche Vergaberecht oder die laufende Versch\u00e4rfung von Planungs- und Bauvorschriften die Kosten in die H\u00f6he. Die Berichte des Bundesrechnungshofes sind eine anschauliche Quelle, wie vor dem Hintergrund dieser institutionellen M\u00e4ngel \u00f6ffentliche Gelder ineffizient verwendet werden.<\/p>\n<p>Damit sind die wirtschaftspolitischen Schlussfolgerungen klar: Es scheint wohl weniger am Geld zu liegen! Vielmehr sind selbstgemachte Kapazit\u00e4tsprobleme aufgrund einer wenig zukunftsorientierten Personalplanung und Verwaltungsineffizienzen sind das Problem.<\/p>\n<p><strong>Literatur: <\/strong><\/p>\n<p>Gr\u00f6mling, Michael \/ Puls, Thomas, 2016, Stillstand beim \u00f6ffentlichen Kapitalstock, IW-Kurzbericht Nr. 66, K\u00f6ln<\/p>\n<!-- AddThis Advanced Settings generic via filter on the_content --><!-- AddThis Share Buttons generic via filter on the_content --><!-- AddThis Related Posts generic via filter on the_content -->","protected":false},"excerpt":{"rendered":"<p>Die nominalen Investitionen des Staates haben sich \u00fcberhaupt nicht in einer realen Verbesserung des staatlichen Kapitalstocks niedergeschlagen. Vielmehr spiegelt der durchaus beachtliche nominale Anstieg beim &hellip; <\/p>\n<p class=\"link-more\"><a href=\"https:\/\/wirtschaftlichefreiheit.de\/wordpress\/?p=19941\" class=\"more-link\"><span class=\"screen-reader-text\">\u201e<font size=3; color=grey>Kurz kommentiert<\/font><br \/>Investitionen ohne Wirkung\u201c <\/span>weiterlesen<\/a><\/p>\n<p><!-- AddThis Advanced Settings generic via filter on wp_trim_excerpt --><!-- AddThis Share Buttons generic via filter on wp_trim_excerpt --><!-- AddThis Related Posts generic via filter on wp_trim_excerpt --><\/p>\n","protected":false},"author":242,"featured_media":0,"comment_status":"open","ping_status":"open","sticky":false,"template":"","format":"standard","meta":{"footnotes":""},"categories":[10,2314,33],"tags":[97,462,1047,2315],"class_list":["post-19941","post","type-post","status-publish","format-standard","hentry","category-fiskalisches","category-investives","category-makrooekonomisches","tag-infrastruktur","tag-investitionen","tag-stagnation","tag-verwaltungsineffizienz"],"yoast_head":"<!-- This site is optimized with the Yoast SEO plugin v27.2 - https:\/\/yoast.com\/product\/yoast-seo-wordpress\/ -->\n<title>Kurz kommentiertInvestitionen ohne Wirkung - Wirtschaftliche Freiheit<\/title>\n<meta name=\"robots\" content=\"index, follow, max-snippet:-1, max-image-preview:large, max-video-preview:-1\" \/>\n<link rel=\"canonical\" href=\"https:\/\/wirtschaftlichefreiheit.de\/wordpress\/?p=19941\" \/>\n<meta property=\"og:locale\" content=\"de_DE\" \/>\n<meta property=\"og:type\" content=\"article\" \/>\n<meta property=\"og:title\" content=\"Kurz kommentiertInvestitionen ohne Wirkung - Wirtschaftliche Freiheit\" \/>\n<meta property=\"og:description\" content=\"Die nominalen Investitionen des Staates haben sich \u00fcberhaupt nicht in einer realen Verbesserung des staatlichen Kapitalstocks niedergeschlagen. Vielmehr spiegelt der durchaus beachtliche nominale Anstieg beim &hellip; \u201eKurz kommentiertInvestitionen ohne Wirkung\u201c weiterlesen\" \/>\n<meta property=\"og:url\" content=\"https:\/\/wirtschaftlichefreiheit.de\/wordpress\/?p=19941\" \/>\n<meta property=\"og:site_name\" content=\"Wirtschaftliche Freiheit\" \/>\n<meta property=\"article:published_time\" content=\"2016-10-28T07:01:13+00:00\" \/>\n<meta property=\"article:modified_time\" content=\"2016-10-29T05:02:47+00:00\" \/>\n<meta name=\"author\" content=\"Michael Groemling und Thomas Puls\" \/>\n<meta name=\"twitter:card\" content=\"summary_large_image\" \/>\n<meta name=\"twitter:label1\" content=\"Verfasst von\" \/>\n\t<meta name=\"twitter:data1\" content=\"Michael Groemling und Thomas Puls\" \/>\n\t<meta name=\"twitter:label2\" content=\"Gesch\u00e4tzte Lesezeit\" \/>\n\t<meta name=\"twitter:data2\" content=\"4\u00a0Minuten\" \/>\n<script type=\"application\/ld+json\" class=\"yoast-schema-graph\">{\"@context\":\"https:\/\/schema.org\",\"@graph\":[{\"@type\":\"Article\",\"@id\":\"https:\/\/wirtschaftlichefreiheit.de\/wordpress\/?p=19941#article\",\"isPartOf\":{\"@id\":\"https:\/\/wirtschaftlichefreiheit.de\/wordpress\/?p=19941\"},\"author\":{\"name\":\"Michael Groemling und Thomas Puls\",\"@id\":\"https:\/\/wirtschaftlichefreiheit.de\/wordpress\/#\/schema\/person\/6de0cb55a9e6694b58700b1e82530ecd\"},\"headline\":\"Kurz kommentiert Investitionen ohne Wirkung\",\"datePublished\":\"2016-10-28T07:01:13+00:00\",\"dateModified\":\"2016-10-29T05:02:47+00:00\",\"mainEntityOfPage\":{\"@id\":\"https:\/\/wirtschaftlichefreiheit.de\/wordpress\/?p=19941\"},\"wordCount\":797,\"commentCount\":0,\"keywords\":[\"Infrastruktur\",\"Investitionen\",\"Stagnation\",\"Verwaltungsineffizienz\"],\"articleSection\":[\"Fiskalisches\",\"Investives\",\"Makro\u00f6konomisches\"],\"inLanguage\":\"de\",\"potentialAction\":[{\"@type\":\"CommentAction\",\"name\":\"Comment\",\"target\":[\"https:\/\/wirtschaftlichefreiheit.de\/wordpress\/?p=19941#respond\"]}]},{\"@type\":\"WebPage\",\"@id\":\"https:\/\/wirtschaftlichefreiheit.de\/wordpress\/?p=19941\",\"url\":\"https:\/\/wirtschaftlichefreiheit.de\/wordpress\/?p=19941\",\"name\":\"Kurz kommentiert Investitionen ohne Wirkung - Wirtschaftliche Freiheit\",\"isPartOf\":{\"@id\":\"https:\/\/wirtschaftlichefreiheit.de\/wordpress\/#website\"},\"datePublished\":\"2016-10-28T07:01:13+00:00\",\"dateModified\":\"2016-10-29T05:02:47+00:00\",\"author\":{\"@id\":\"https:\/\/wirtschaftlichefreiheit.de\/wordpress\/#\/schema\/person\/6de0cb55a9e6694b58700b1e82530ecd\"},\"breadcrumb\":{\"@id\":\"https:\/\/wirtschaftlichefreiheit.de\/wordpress\/?p=19941#breadcrumb\"},\"inLanguage\":\"de\",\"potentialAction\":[{\"@type\":\"ReadAction\",\"target\":[\"https:\/\/wirtschaftlichefreiheit.de\/wordpress\/?p=19941\"]}]},{\"@type\":\"BreadcrumbList\",\"@id\":\"https:\/\/wirtschaftlichefreiheit.de\/wordpress\/?p=19941#breadcrumb\",\"itemListElement\":[{\"@type\":\"ListItem\",\"position\":1,\"name\":\"Startseite\",\"item\":\"https:\/\/wirtschaftlichefreiheit.de\/wordpress\"},{\"@type\":\"ListItem\",\"position\":2,\"name\":\"Kurz kommentiertInvestitionen ohne Wirkung\"}]},{\"@type\":\"WebSite\",\"@id\":\"https:\/\/wirtschaftlichefreiheit.de\/wordpress\/#website\",\"url\":\"https:\/\/wirtschaftlichefreiheit.de\/wordpress\/\",\"name\":\"Wirtschaftliche Freiheit\",\"description\":\"Das ordnungspolitische Journal\",\"potentialAction\":[{\"@type\":\"SearchAction\",\"target\":{\"@type\":\"EntryPoint\",\"urlTemplate\":\"https:\/\/wirtschaftlichefreiheit.de\/wordpress\/?s={search_term_string}\"},\"query-input\":{\"@type\":\"PropertyValueSpecification\",\"valueRequired\":true,\"valueName\":\"search_term_string\"}}],\"inLanguage\":\"de\"},{\"@type\":\"Person\",\"@id\":\"https:\/\/wirtschaftlichefreiheit.de\/wordpress\/#\/schema\/person\/6de0cb55a9e6694b58700b1e82530ecd\",\"name\":\"Michael Groemling und Thomas Puls\",\"image\":{\"@type\":\"ImageObject\",\"inLanguage\":\"de\",\"@id\":\"https:\/\/secure.gravatar.com\/avatar\/8bd071b455c4d4cd7128c66c021292cb9b9020547b6051e9ae0061b7bc5ead0a?s=96&d=mm&r=g\",\"url\":\"https:\/\/secure.gravatar.com\/avatar\/8bd071b455c4d4cd7128c66c021292cb9b9020547b6051e9ae0061b7bc5ead0a?s=96&d=mm&r=g\",\"contentUrl\":\"https:\/\/secure.gravatar.com\/avatar\/8bd071b455c4d4cd7128c66c021292cb9b9020547b6051e9ae0061b7bc5ead0a?s=96&d=mm&r=g\",\"caption\":\"Michael Groemling und Thomas Puls\"},\"url\":\"https:\/\/wirtschaftlichefreiheit.de\/wordpress\/?author=242\"}]}<\/script>\n<!-- \/ Yoast SEO plugin. -->","yoast_head_json":{"title":"Kurz kommentiertInvestitionen ohne Wirkung - Wirtschaftliche Freiheit","robots":{"index":"index","follow":"follow","max-snippet":"max-snippet:-1","max-image-preview":"max-image-preview:large","max-video-preview":"max-video-preview:-1"},"canonical":"https:\/\/wirtschaftlichefreiheit.de\/wordpress\/?p=19941","og_locale":"de_DE","og_type":"article","og_title":"Kurz kommentiertInvestitionen ohne Wirkung - Wirtschaftliche Freiheit","og_description":"Die nominalen Investitionen des Staates haben sich \u00fcberhaupt nicht in einer realen Verbesserung des staatlichen Kapitalstocks niedergeschlagen. Vielmehr spiegelt der durchaus beachtliche nominale Anstieg beim &hellip; \u201eKurz kommentiertInvestitionen ohne Wirkung\u201c weiterlesen","og_url":"https:\/\/wirtschaftlichefreiheit.de\/wordpress\/?p=19941","og_site_name":"Wirtschaftliche Freiheit","article_published_time":"2016-10-28T07:01:13+00:00","article_modified_time":"2016-10-29T05:02:47+00:00","author":"Michael Groemling und Thomas Puls","twitter_card":"summary_large_image","twitter_misc":{"Verfasst von":"Michael Groemling und Thomas Puls","Gesch\u00e4tzte Lesezeit":"4\u00a0Minuten"},"schema":{"@context":"https:\/\/schema.org","@graph":[{"@type":"Article","@id":"https:\/\/wirtschaftlichefreiheit.de\/wordpress\/?p=19941#article","isPartOf":{"@id":"https:\/\/wirtschaftlichefreiheit.de\/wordpress\/?p=19941"},"author":{"name":"Michael Groemling und Thomas Puls","@id":"https:\/\/wirtschaftlichefreiheit.de\/wordpress\/#\/schema\/person\/6de0cb55a9e6694b58700b1e82530ecd"},"headline":"Kurz kommentiert Investitionen ohne Wirkung","datePublished":"2016-10-28T07:01:13+00:00","dateModified":"2016-10-29T05:02:47+00:00","mainEntityOfPage":{"@id":"https:\/\/wirtschaftlichefreiheit.de\/wordpress\/?p=19941"},"wordCount":797,"commentCount":0,"keywords":["Infrastruktur","Investitionen","Stagnation","Verwaltungsineffizienz"],"articleSection":["Fiskalisches","Investives","Makro\u00f6konomisches"],"inLanguage":"de","potentialAction":[{"@type":"CommentAction","name":"Comment","target":["https:\/\/wirtschaftlichefreiheit.de\/wordpress\/?p=19941#respond"]}]},{"@type":"WebPage","@id":"https:\/\/wirtschaftlichefreiheit.de\/wordpress\/?p=19941","url":"https:\/\/wirtschaftlichefreiheit.de\/wordpress\/?p=19941","name":"Kurz kommentiert Investitionen ohne Wirkung - Wirtschaftliche Freiheit","isPartOf":{"@id":"https:\/\/wirtschaftlichefreiheit.de\/wordpress\/#website"},"datePublished":"2016-10-28T07:01:13+00:00","dateModified":"2016-10-29T05:02:47+00:00","author":{"@id":"https:\/\/wirtschaftlichefreiheit.de\/wordpress\/#\/schema\/person\/6de0cb55a9e6694b58700b1e82530ecd"},"breadcrumb":{"@id":"https:\/\/wirtschaftlichefreiheit.de\/wordpress\/?p=19941#breadcrumb"},"inLanguage":"de","potentialAction":[{"@type":"ReadAction","target":["https:\/\/wirtschaftlichefreiheit.de\/wordpress\/?p=19941"]}]},{"@type":"BreadcrumbList","@id":"https:\/\/wirtschaftlichefreiheit.de\/wordpress\/?p=19941#breadcrumb","itemListElement":[{"@type":"ListItem","position":1,"name":"Startseite","item":"https:\/\/wirtschaftlichefreiheit.de\/wordpress"},{"@type":"ListItem","position":2,"name":"Kurz kommentiertInvestitionen ohne Wirkung"}]},{"@type":"WebSite","@id":"https:\/\/wirtschaftlichefreiheit.de\/wordpress\/#website","url":"https:\/\/wirtschaftlichefreiheit.de\/wordpress\/","name":"Wirtschaftliche Freiheit","description":"Das ordnungspolitische Journal","potentialAction":[{"@type":"SearchAction","target":{"@type":"EntryPoint","urlTemplate":"https:\/\/wirtschaftlichefreiheit.de\/wordpress\/?s={search_term_string}"},"query-input":{"@type":"PropertyValueSpecification","valueRequired":true,"valueName":"search_term_string"}}],"inLanguage":"de"},{"@type":"Person","@id":"https:\/\/wirtschaftlichefreiheit.de\/wordpress\/#\/schema\/person\/6de0cb55a9e6694b58700b1e82530ecd","name":"Michael Groemling und Thomas Puls","image":{"@type":"ImageObject","inLanguage":"de","@id":"https:\/\/secure.gravatar.com\/avatar\/8bd071b455c4d4cd7128c66c021292cb9b9020547b6051e9ae0061b7bc5ead0a?s=96&d=mm&r=g","url":"https:\/\/secure.gravatar.com\/avatar\/8bd071b455c4d4cd7128c66c021292cb9b9020547b6051e9ae0061b7bc5ead0a?s=96&d=mm&r=g","contentUrl":"https:\/\/secure.gravatar.com\/avatar\/8bd071b455c4d4cd7128c66c021292cb9b9020547b6051e9ae0061b7bc5ead0a?s=96&d=mm&r=g","caption":"Michael Groemling und Thomas Puls"},"url":"https:\/\/wirtschaftlichefreiheit.de\/wordpress\/?author=242"}]}},"_links":{"self":[{"href":"https:\/\/wirtschaftlichefreiheit.de\/wordpress\/index.php?rest_route=\/wp\/v2\/posts\/19941","targetHints":{"allow":["GET"]}}],"collection":[{"href":"https:\/\/wirtschaftlichefreiheit.de\/wordpress\/index.php?rest_route=\/wp\/v2\/posts"}],"about":[{"href":"https:\/\/wirtschaftlichefreiheit.de\/wordpress\/index.php?rest_route=\/wp\/v2\/types\/post"}],"author":[{"embeddable":true,"href":"https:\/\/wirtschaftlichefreiheit.de\/wordpress\/index.php?rest_route=\/wp\/v2\/users\/242"}],"replies":[{"embeddable":true,"href":"https:\/\/wirtschaftlichefreiheit.de\/wordpress\/index.php?rest_route=%2Fwp%2Fv2%2Fcomments&post=19941"}],"version-history":[{"count":4,"href":"https:\/\/wirtschaftlichefreiheit.de\/wordpress\/index.php?rest_route=\/wp\/v2\/posts\/19941\/revisions"}],"predecessor-version":[{"id":19978,"href":"https:\/\/wirtschaftlichefreiheit.de\/wordpress\/index.php?rest_route=\/wp\/v2\/posts\/19941\/revisions\/19978"}],"wp:attachment":[{"href":"https:\/\/wirtschaftlichefreiheit.de\/wordpress\/index.php?rest_route=%2Fwp%2Fv2%2Fmedia&parent=19941"}],"wp:term":[{"taxonomy":"category","embeddable":true,"href":"https:\/\/wirtschaftlichefreiheit.de\/wordpress\/index.php?rest_route=%2Fwp%2Fv2%2Fcategories&post=19941"},{"taxonomy":"post_tag","embeddable":true,"href":"https:\/\/wirtschaftlichefreiheit.de\/wordpress\/index.php?rest_route=%2Fwp%2Fv2%2Ftags&post=19941"}],"curies":[{"name":"wp","href":"https:\/\/api.w.org\/{rel}","templated":true}]}}