{"id":20140,"date":"2016-11-30T00:01:00","date_gmt":"2016-11-29T23:01:00","guid":{"rendered":"http:\/\/wirtschaftlichefreiheit.de\/wordpress\/?p=20140"},"modified":"2025-04-26T07:43:38","modified_gmt":"2025-04-26T06:43:38","slug":"und-jetzt-die-europa-armeekritische-anmerkungen-aus-politisch-oekonomischer-sicht","status":"publish","type":"post","link":"https:\/\/wirtschaftlichefreiheit.de\/wordpress\/?p=20140","title":{"rendered":"Und jetzt die Europa-Armee? <br><font size=3; color=grey>Kritische Anmerkungen aus politisch-\u00f6konomischer Sicht <\/font>"},"content":{"rendered":"<p>In den letzten Monaten haben sich mehrere deutsche \u00d6konomen (Hans-Werner Sinn, L\u00fcder Gerken, Friedrich Heinemann) daf\u00fcr ausgesprochen, jetzt das Projekt einer europ\u00e4ischen Verteidigungsunion in Angriff zu nehmen. Den Zeitpunkt dieser Initiativen kann man leicht erkl\u00e4ren.<\/p>\n<p><!--more--><\/p>\n<p>Erstens m\u00f6chte man, da die wirtschaftspolitischen Vorschl\u00e4ge Frankreichs (Euro-Finanzminister, Eurobonds, gemeinsame Einlagensicherung usw.) auf Ablehnung sto\u00dfen, nicht generell als Gegner einer st\u00e4rkeren politischen Integration erscheinen, sondern ein alternatives Projekt anbieten. Zweitens wird der Hauptgegner der Milit\u00e4runion \u2013 Gro\u00dfbritannien \u2013 aus der EU ausscheiden. Die politischen Widerst\u00e4nde gegen die Verteidigungsunion k\u00f6nnen daher jetzt leichter \u00fcberwunden werden. Drittens scheint die Wahl von Donald Trump die NATO zu gef\u00e4hrden. Denn Trump hat gedroht, dass die USA die NATO verlassen werden, wenn die europ\u00e4ischen Verb\u00fcndeten sich nicht st\u00e4rker an den Lasten beteiligen. Im Jahr 2014 gaben die USA 3,4 Prozent ihres BIP f\u00fcr die Verteidigung aus, ihre europ\u00e4ischen Partner aber nur 1,5 Prozent. Die USA fordern von den Europ\u00e4ern mindestens zwei Prozent. Allerdings ist es wohl ausgeschlossen, dass der US-Senat einem Austritt aus der NATO zustimmen k\u00f6nnte.<\/p>\n<p>Aus \u00f6konomischer Sicht dienen Verteidigungsallianzen dazu, die internationalen positiven externen Effekte zu internalisieren, die die Verteidigungsanstrengungen eines Landes in anderen gleichgesinnten L\u00e4ndern erzeugen. Wenn es nicht zu einer Kooperation k\u00e4me, w\u00e4re zu bef\u00fcrchten, dass die Verteidigungsausgaben zu niedrig sind, weil jedes Land nur den eigenen Nutzen sieht oder ber\u00fccksichtigt. Es k\u00f6nnte sogar passieren, dass sich die kleineren L\u00e4nder als Trittbrettfahrer verhalten. Genau dies wirft Trump den Europ\u00e4ern vor.<\/p>\n<p>Vergleicht man die NATO mit der EU, so ist klar, dass die NATO mehr positive externe Effekte internalisiert und insofern effizienter als eine EU-Milit\u00e4runion ist. Die Verteidigungsanstrengungen der EU-Staaten wirken sich auch positiv auf die Sicherheit der USA, Kanadas, Norwegens und Islands aus \u2013 und umgekehrt. Also geh\u00f6ren diese L\u00e4nder dazu.<\/p>\n<p>Au\u00dferdem ist zu bedenken, dass Sicherheitsb\u00fcndnisse \u2013 \u00fcbrigens auch W\u00e4hrungssysteme \u2013 nur dann von Dauer sind, wenn es unter den Mitgliedstaaten ein besonders gro\u00dfes Land gibt, das als Systemf\u00fchrer agiert. Daf\u00fcr gibt es zwei Gr\u00fcnde. Zum einen hat das gro\u00dfe Land einen gro\u00dfen Anteil an dem Nutzen der Allianz und daher einen starken Anreiz, die Allianz am Leben zu erhalten. Zum anderen vermindert die Existenz eines Systemf\u00fchrers die Koordinationskosten. Nehmen wir der Einfachheit halber an, die Allianz bestehe aus vier Mitgliedern: den USA, Gro\u00dfbritannien, Frankreich und Deutschland. Wenn die USA wie in der NATO Systemf\u00fchrer sind, stimmen sie sich mit den anderen drei L\u00e4ndern ab, so dass insgesamt drei Koordinationsbeziehungen existieren. Wenn die EU zwischengeschaltet wird, verhandelt Amerika mit Gro\u00dfbritannien und mit der EU, und die EU verhandelt mit den beiden Mitgliedstaaten Frankreich und Deutschland \u2013 es bestehen also vier Koordinationsbeziehungen. Das bipolare System ist insofern kostspieliger als das hegemoniale. Die bisherige Analyse setzt voraus, dass Br\u00fcssel tats\u00e4chlich f\u00fcr Frankreich und Deutschland sprechen kann. Das ist wohl nicht zu erwarten. Realistisch ist, dass die USA nicht nur mit der EU und Gro\u00dfbritannien verhandeln w\u00fcrden, sondern auch direkt mit Frankreich und Deutschland. Au\u00dferdem w\u00fcrden Frankreich und Deutschland miteinander verhandeln und einzeln mit der EU. Dann ergeben sich sogar sieben Koordinationsbeziehungen, und das Arrangement ist noch ineffizienter. Bei 28 EU-Mitgliedstaaten werden diese Probleme nat\u00fcrlich potenziert.<\/p>\n<p>Kehren wir zu den externen Effekten zur\u00fcck. Realistischerweise ist anzunehmen, dass die USA und die EU nicht in allen milit\u00e4rischen Fragen dieselben Interessen oder Pr\u00e4ferenzen haben. Zum Beispiel k\u00f6nnte es sein, dass die EU in Europa (auf dem Balkan?) intervenieren m\u00f6chte und die USA nicht interessiert sind (obwohl im Kosovo-Konflikt gerade die amerikanische Intervention die Entscheidung brachte). Aber daf\u00fcr braucht man keine Milit\u00e4runion der EU. Auch f\u00fcr solche Eins\u00e4tze steht die NATO zur Verf\u00fcgung. Anders w\u00e4re es, wenn die USA ein Veto einlegen w\u00fcrden.<\/p>\n<p>Aber was f\u00fcr ein Anlass k\u00f6nnte das sein?<\/p>\n<p>Historisch gesehen wurde das Projekt der europ\u00e4ischen Verteidigungsgemeinschaft jedes Mal von franz\u00f6sischen Regierungen lanciert (auch wenn es 1953 an der franz\u00f6sischen Nationalversammlung scheiterte). Der franz\u00f6sische Ministerpr\u00e4sident Manuel Valls hat die Europa-Armee gerade wieder ins Gespr\u00e4ch gebracht: \u201eThe French army \u2026 cannot remain the de facto European army forever. France expects Europe to implement a common security strategy with fully operational border guards \u2026 \u201e (Financial Times, 13.10.16). Damit verfolgt Paris drei verschiedene Ziele. Erstens sollen sich die anderen EU-Staaten st\u00e4rker an den Eins\u00e4tzen in den ehemaligen franz\u00f6sischen Kolonien in Schwarzafrika beteiligen. Zweitens sollen die EU-eigenen Streitkr\u00e4fte \u2013 so Valls \u2013 die illegale Einwanderung an den EU-Au\u00dfengrenzen eind\u00e4mmen. Drittens \u2013 und das ist das Wichtigste \u2013 will Paris die Amerikaner aus Europa hinausdr\u00e4ngen, um auf diese Weise seinen eigenen Einfluss in Europa zu verst\u00e4rken. Das geht vor allem zu Lasten Gro\u00dfbritanniens, welches der nat\u00fcrliche Verb\u00fcndete der USA und in Europa der Hauptrivale Frankreichs ist. Deshalb sind die Briten dagegen, eine europ\u00e4ische Konkurrenz zur NATO zu schaffen. Den Interessengegensatz zwischen Frankreich und den USA durch eine europ\u00e4ische Milit\u00e4runion zu institutionalisieren, ist gerade in der \u00c4ra Trump f\u00fcr den Zusammenhalt des westlichen B\u00fcndnisses eine echte Gefahr. \u201eEuropa-Chauvinismus\u201c ist die falsche Antwort auf die berechtigten Forderungen der USA nach einer neuen Lastenverteilung in der NATO.<\/p>\n<!-- AddThis Advanced Settings generic via filter on the_content --><!-- AddThis Share Buttons generic via filter on the_content --><!-- AddThis Related Posts generic via filter on the_content -->","protected":false},"excerpt":{"rendered":"<p>In den letzten Monaten haben sich mehrere deutsche \u00d6konomen (Hans-Werner Sinn, L\u00fcder Gerken, Friedrich Heinemann) daf\u00fcr ausgesprochen, jetzt das Projekt einer europ\u00e4ischen Verteidigungsunion in Angriff &hellip; <\/p>\n<p class=\"link-more\"><a href=\"https:\/\/wirtschaftlichefreiheit.de\/wordpress\/?p=20140\" class=\"more-link\"><span class=\"screen-reader-text\">\u201eUnd jetzt die Europa-Armee? <br \/><font size=3; color=grey>Kritische Anmerkungen aus politisch-\u00f6konomischer Sicht <\/font>\u201c <\/span>weiterlesen<\/a><\/p>\n<p><!-- AddThis Advanced Settings generic via filter on wp_trim_excerpt --><!-- AddThis Share Buttons generic via filter on wp_trim_excerpt --><!-- AddThis Related Posts generic via filter on wp_trim_excerpt --><\/p>\n","protected":false},"author":12,"featured_media":28903,"comment_status":"open","ping_status":"open","sticky":false,"template":"","format":"standard","meta":{"footnotes":""},"categories":[8,2359],"tags":[2251,2363,2362,2360,2361],"class_list":["post-20140","post","type-post","status-publish","format-standard","has-post-thumbnail","hentry","category-europaisches","category-militaerisches","tag-donald-trump","tag-europa-armee","tag-europa-chauvinismus","tag-europaeische-verteidigungsunion","tag-nato"],"yoast_head":"<!-- This site is optimized with the Yoast SEO plugin v27.2 - https:\/\/yoast.com\/product\/yoast-seo-wordpress\/ -->\n<title>Und jetzt die Europa-Armee? Kritische Anmerkungen aus politisch-\u00f6konomischer Sicht  - Wirtschaftliche Freiheit<\/title>\n<meta name=\"robots\" content=\"index, follow, max-snippet:-1, max-image-preview:large, max-video-preview:-1\" \/>\n<link rel=\"canonical\" href=\"https:\/\/wirtschaftlichefreiheit.de\/wordpress\/?p=20140\" \/>\n<meta property=\"og:locale\" content=\"de_DE\" \/>\n<meta property=\"og:type\" content=\"article\" \/>\n<meta property=\"og:title\" content=\"Und jetzt die Europa-Armee? Kritische Anmerkungen aus politisch-\u00f6konomischer Sicht  - Wirtschaftliche Freiheit\" \/>\n<meta property=\"og:description\" content=\"In den letzten Monaten haben sich mehrere deutsche \u00d6konomen (Hans-Werner Sinn, L\u00fcder Gerken, Friedrich Heinemann) daf\u00fcr ausgesprochen, jetzt das Projekt einer europ\u00e4ischen Verteidigungsunion in Angriff &hellip; \u201eUnd jetzt die Europa-Armee? Kritische Anmerkungen aus politisch-\u00f6konomischer Sicht \u201c weiterlesen\" \/>\n<meta property=\"og:url\" content=\"https:\/\/wirtschaftlichefreiheit.de\/wordpress\/?p=20140\" \/>\n<meta property=\"og:site_name\" content=\"Wirtschaftliche Freiheit\" \/>\n<meta property=\"article:published_time\" content=\"2016-11-29T23:01:00+00:00\" \/>\n<meta property=\"article:modified_time\" content=\"2025-04-26T06:43:38+00:00\" \/>\n<meta property=\"og:image\" content=\"http:\/\/wirtschaftlichefreiheit.de\/wordpress\/bilder\/eurofighter.png\" \/>\n\t<meta property=\"og:image:width\" content=\"796\" \/>\n\t<meta property=\"og:image:height\" content=\"531\" \/>\n\t<meta property=\"og:image:type\" content=\"image\/png\" \/>\n<meta name=\"author\" content=\"Roland Vaubel\" \/>\n<meta name=\"twitter:card\" content=\"summary_large_image\" \/>\n<meta name=\"twitter:label1\" content=\"Verfasst von\" \/>\n\t<meta name=\"twitter:data1\" content=\"Roland Vaubel\" \/>\n\t<meta name=\"twitter:label2\" content=\"Gesch\u00e4tzte Lesezeit\" \/>\n\t<meta name=\"twitter:data2\" content=\"5\u00a0Minuten\" \/>\n<script type=\"application\/ld+json\" class=\"yoast-schema-graph\">{\"@context\":\"https:\/\/schema.org\",\"@graph\":[{\"@type\":\"Article\",\"@id\":\"https:\/\/wirtschaftlichefreiheit.de\/wordpress\/?p=20140#article\",\"isPartOf\":{\"@id\":\"https:\/\/wirtschaftlichefreiheit.de\/wordpress\/?p=20140\"},\"author\":{\"name\":\"Roland Vaubel\",\"@id\":\"https:\/\/wirtschaftlichefreiheit.de\/wordpress\/#\/schema\/person\/c2e26890458af4248a3c4bda9521c609\"},\"headline\":\"Und jetzt die Europa-Armee? Kritische Anmerkungen aus politisch-\u00f6konomischer Sicht\",\"datePublished\":\"2016-11-29T23:01:00+00:00\",\"dateModified\":\"2025-04-26T06:43:38+00:00\",\"mainEntityOfPage\":{\"@id\":\"https:\/\/wirtschaftlichefreiheit.de\/wordpress\/?p=20140\"},\"wordCount\":893,\"commentCount\":0,\"image\":{\"@id\":\"https:\/\/wirtschaftlichefreiheit.de\/wordpress\/?p=20140#primaryimage\"},\"thumbnailUrl\":\"https:\/\/wirtschaftlichefreiheit.de\/wordpress\/bilder\/eurofighter.png\",\"keywords\":[\"Donald Trump\",\"Europa-Armee\",\"Europa-Chauvinismus\",\"Europ\u00e4ische Verteidigungsunion\",\"NATO\"],\"articleSection\":[\"Europ\u00e4isches\",\"Milit\u00e4risches\"],\"inLanguage\":\"de\",\"potentialAction\":[{\"@type\":\"CommentAction\",\"name\":\"Comment\",\"target\":[\"https:\/\/wirtschaftlichefreiheit.de\/wordpress\/?p=20140#respond\"]}]},{\"@type\":\"WebPage\",\"@id\":\"https:\/\/wirtschaftlichefreiheit.de\/wordpress\/?p=20140\",\"url\":\"https:\/\/wirtschaftlichefreiheit.de\/wordpress\/?p=20140\",\"name\":\"Und jetzt die Europa-Armee? Kritische Anmerkungen aus politisch-\u00f6konomischer Sicht - Wirtschaftliche Freiheit\",\"isPartOf\":{\"@id\":\"https:\/\/wirtschaftlichefreiheit.de\/wordpress\/#website\"},\"primaryImageOfPage\":{\"@id\":\"https:\/\/wirtschaftlichefreiheit.de\/wordpress\/?p=20140#primaryimage\"},\"image\":{\"@id\":\"https:\/\/wirtschaftlichefreiheit.de\/wordpress\/?p=20140#primaryimage\"},\"thumbnailUrl\":\"https:\/\/wirtschaftlichefreiheit.de\/wordpress\/bilder\/eurofighter.png\",\"datePublished\":\"2016-11-29T23:01:00+00:00\",\"dateModified\":\"2025-04-26T06:43:38+00:00\",\"author\":{\"@id\":\"https:\/\/wirtschaftlichefreiheit.de\/wordpress\/#\/schema\/person\/c2e26890458af4248a3c4bda9521c609\"},\"breadcrumb\":{\"@id\":\"https:\/\/wirtschaftlichefreiheit.de\/wordpress\/?p=20140#breadcrumb\"},\"inLanguage\":\"de\",\"potentialAction\":[{\"@type\":\"ReadAction\",\"target\":[\"https:\/\/wirtschaftlichefreiheit.de\/wordpress\/?p=20140\"]}]},{\"@type\":\"ImageObject\",\"inLanguage\":\"de\",\"@id\":\"https:\/\/wirtschaftlichefreiheit.de\/wordpress\/?p=20140#primaryimage\",\"url\":\"https:\/\/wirtschaftlichefreiheit.de\/wordpress\/bilder\/eurofighter.png\",\"contentUrl\":\"https:\/\/wirtschaftlichefreiheit.de\/wordpress\/bilder\/eurofighter.png\",\"width\":796,\"height\":531},{\"@type\":\"BreadcrumbList\",\"@id\":\"https:\/\/wirtschaftlichefreiheit.de\/wordpress\/?p=20140#breadcrumb\",\"itemListElement\":[{\"@type\":\"ListItem\",\"position\":1,\"name\":\"Startseite\",\"item\":\"https:\/\/wirtschaftlichefreiheit.de\/wordpress\"},{\"@type\":\"ListItem\",\"position\":2,\"name\":\"Und jetzt die Europa-Armee? Kritische Anmerkungen aus politisch-\u00f6konomischer Sicht\"}]},{\"@type\":\"WebSite\",\"@id\":\"https:\/\/wirtschaftlichefreiheit.de\/wordpress\/#website\",\"url\":\"https:\/\/wirtschaftlichefreiheit.de\/wordpress\/\",\"name\":\"Wirtschaftliche Freiheit\",\"description\":\"Das ordnungspolitische Journal\",\"potentialAction\":[{\"@type\":\"SearchAction\",\"target\":{\"@type\":\"EntryPoint\",\"urlTemplate\":\"https:\/\/wirtschaftlichefreiheit.de\/wordpress\/?s={search_term_string}\"},\"query-input\":{\"@type\":\"PropertyValueSpecification\",\"valueRequired\":true,\"valueName\":\"search_term_string\"}}],\"inLanguage\":\"de\"},{\"@type\":\"Person\",\"@id\":\"https:\/\/wirtschaftlichefreiheit.de\/wordpress\/#\/schema\/person\/c2e26890458af4248a3c4bda9521c609\",\"name\":\"Roland Vaubel\",\"image\":{\"@type\":\"ImageObject\",\"inLanguage\":\"de\",\"@id\":\"https:\/\/wirtschaftlichefreiheit.de\/wordpress\/bilder\/roland_vaubel.jpg\",\"url\":\"https:\/\/wirtschaftlichefreiheit.de\/wordpress\/bilder\/roland_vaubel.jpg\",\"contentUrl\":\"https:\/\/wirtschaftlichefreiheit.de\/wordpress\/bilder\/roland_vaubel.jpg\",\"caption\":\"Roland Vaubel\"},\"description\":\"Universit\u00e4t Mannheim\",\"url\":\"https:\/\/wirtschaftlichefreiheit.de\/wordpress\/?author=12\"}]}<\/script>\n<!-- \/ Yoast SEO plugin. -->","yoast_head_json":{"title":"Und jetzt die Europa-Armee? Kritische Anmerkungen aus politisch-\u00f6konomischer Sicht  - Wirtschaftliche Freiheit","robots":{"index":"index","follow":"follow","max-snippet":"max-snippet:-1","max-image-preview":"max-image-preview:large","max-video-preview":"max-video-preview:-1"},"canonical":"https:\/\/wirtschaftlichefreiheit.de\/wordpress\/?p=20140","og_locale":"de_DE","og_type":"article","og_title":"Und jetzt die Europa-Armee? Kritische Anmerkungen aus politisch-\u00f6konomischer Sicht  - Wirtschaftliche Freiheit","og_description":"In den letzten Monaten haben sich mehrere deutsche \u00d6konomen (Hans-Werner Sinn, L\u00fcder Gerken, Friedrich Heinemann) daf\u00fcr ausgesprochen, jetzt das Projekt einer europ\u00e4ischen Verteidigungsunion in Angriff &hellip; \u201eUnd jetzt die Europa-Armee? Kritische Anmerkungen aus politisch-\u00f6konomischer Sicht \u201c weiterlesen","og_url":"https:\/\/wirtschaftlichefreiheit.de\/wordpress\/?p=20140","og_site_name":"Wirtschaftliche Freiheit","article_published_time":"2016-11-29T23:01:00+00:00","article_modified_time":"2025-04-26T06:43:38+00:00","og_image":[{"width":796,"height":531,"url":"http:\/\/wirtschaftlichefreiheit.de\/wordpress\/bilder\/eurofighter.png","type":"image\/png"}],"author":"Roland Vaubel","twitter_card":"summary_large_image","twitter_misc":{"Verfasst von":"Roland Vaubel","Gesch\u00e4tzte Lesezeit":"5\u00a0Minuten"},"schema":{"@context":"https:\/\/schema.org","@graph":[{"@type":"Article","@id":"https:\/\/wirtschaftlichefreiheit.de\/wordpress\/?p=20140#article","isPartOf":{"@id":"https:\/\/wirtschaftlichefreiheit.de\/wordpress\/?p=20140"},"author":{"name":"Roland Vaubel","@id":"https:\/\/wirtschaftlichefreiheit.de\/wordpress\/#\/schema\/person\/c2e26890458af4248a3c4bda9521c609"},"headline":"Und jetzt die Europa-Armee? Kritische Anmerkungen aus politisch-\u00f6konomischer Sicht","datePublished":"2016-11-29T23:01:00+00:00","dateModified":"2025-04-26T06:43:38+00:00","mainEntityOfPage":{"@id":"https:\/\/wirtschaftlichefreiheit.de\/wordpress\/?p=20140"},"wordCount":893,"commentCount":0,"image":{"@id":"https:\/\/wirtschaftlichefreiheit.de\/wordpress\/?p=20140#primaryimage"},"thumbnailUrl":"https:\/\/wirtschaftlichefreiheit.de\/wordpress\/bilder\/eurofighter.png","keywords":["Donald Trump","Europa-Armee","Europa-Chauvinismus","Europ\u00e4ische Verteidigungsunion","NATO"],"articleSection":["Europ\u00e4isches","Milit\u00e4risches"],"inLanguage":"de","potentialAction":[{"@type":"CommentAction","name":"Comment","target":["https:\/\/wirtschaftlichefreiheit.de\/wordpress\/?p=20140#respond"]}]},{"@type":"WebPage","@id":"https:\/\/wirtschaftlichefreiheit.de\/wordpress\/?p=20140","url":"https:\/\/wirtschaftlichefreiheit.de\/wordpress\/?p=20140","name":"Und jetzt die Europa-Armee? Kritische Anmerkungen aus politisch-\u00f6konomischer Sicht - Wirtschaftliche Freiheit","isPartOf":{"@id":"https:\/\/wirtschaftlichefreiheit.de\/wordpress\/#website"},"primaryImageOfPage":{"@id":"https:\/\/wirtschaftlichefreiheit.de\/wordpress\/?p=20140#primaryimage"},"image":{"@id":"https:\/\/wirtschaftlichefreiheit.de\/wordpress\/?p=20140#primaryimage"},"thumbnailUrl":"https:\/\/wirtschaftlichefreiheit.de\/wordpress\/bilder\/eurofighter.png","datePublished":"2016-11-29T23:01:00+00:00","dateModified":"2025-04-26T06:43:38+00:00","author":{"@id":"https:\/\/wirtschaftlichefreiheit.de\/wordpress\/#\/schema\/person\/c2e26890458af4248a3c4bda9521c609"},"breadcrumb":{"@id":"https:\/\/wirtschaftlichefreiheit.de\/wordpress\/?p=20140#breadcrumb"},"inLanguage":"de","potentialAction":[{"@type":"ReadAction","target":["https:\/\/wirtschaftlichefreiheit.de\/wordpress\/?p=20140"]}]},{"@type":"ImageObject","inLanguage":"de","@id":"https:\/\/wirtschaftlichefreiheit.de\/wordpress\/?p=20140#primaryimage","url":"https:\/\/wirtschaftlichefreiheit.de\/wordpress\/bilder\/eurofighter.png","contentUrl":"https:\/\/wirtschaftlichefreiheit.de\/wordpress\/bilder\/eurofighter.png","width":796,"height":531},{"@type":"BreadcrumbList","@id":"https:\/\/wirtschaftlichefreiheit.de\/wordpress\/?p=20140#breadcrumb","itemListElement":[{"@type":"ListItem","position":1,"name":"Startseite","item":"https:\/\/wirtschaftlichefreiheit.de\/wordpress"},{"@type":"ListItem","position":2,"name":"Und jetzt die Europa-Armee? Kritische Anmerkungen aus politisch-\u00f6konomischer Sicht"}]},{"@type":"WebSite","@id":"https:\/\/wirtschaftlichefreiheit.de\/wordpress\/#website","url":"https:\/\/wirtschaftlichefreiheit.de\/wordpress\/","name":"Wirtschaftliche Freiheit","description":"Das ordnungspolitische Journal","potentialAction":[{"@type":"SearchAction","target":{"@type":"EntryPoint","urlTemplate":"https:\/\/wirtschaftlichefreiheit.de\/wordpress\/?s={search_term_string}"},"query-input":{"@type":"PropertyValueSpecification","valueRequired":true,"valueName":"search_term_string"}}],"inLanguage":"de"},{"@type":"Person","@id":"https:\/\/wirtschaftlichefreiheit.de\/wordpress\/#\/schema\/person\/c2e26890458af4248a3c4bda9521c609","name":"Roland Vaubel","image":{"@type":"ImageObject","inLanguage":"de","@id":"https:\/\/wirtschaftlichefreiheit.de\/wordpress\/bilder\/roland_vaubel.jpg","url":"https:\/\/wirtschaftlichefreiheit.de\/wordpress\/bilder\/roland_vaubel.jpg","contentUrl":"https:\/\/wirtschaftlichefreiheit.de\/wordpress\/bilder\/roland_vaubel.jpg","caption":"Roland Vaubel"},"description":"Universit\u00e4t Mannheim","url":"https:\/\/wirtschaftlichefreiheit.de\/wordpress\/?author=12"}]}},"_links":{"self":[{"href":"https:\/\/wirtschaftlichefreiheit.de\/wordpress\/index.php?rest_route=\/wp\/v2\/posts\/20140","targetHints":{"allow":["GET"]}}],"collection":[{"href":"https:\/\/wirtschaftlichefreiheit.de\/wordpress\/index.php?rest_route=\/wp\/v2\/posts"}],"about":[{"href":"https:\/\/wirtschaftlichefreiheit.de\/wordpress\/index.php?rest_route=\/wp\/v2\/types\/post"}],"author":[{"embeddable":true,"href":"https:\/\/wirtschaftlichefreiheit.de\/wordpress\/index.php?rest_route=\/wp\/v2\/users\/12"}],"replies":[{"embeddable":true,"href":"https:\/\/wirtschaftlichefreiheit.de\/wordpress\/index.php?rest_route=%2Fwp%2Fv2%2Fcomments&post=20140"}],"version-history":[{"count":3,"href":"https:\/\/wirtschaftlichefreiheit.de\/wordpress\/index.php?rest_route=\/wp\/v2\/posts\/20140\/revisions"}],"predecessor-version":[{"id":40054,"href":"https:\/\/wirtschaftlichefreiheit.de\/wordpress\/index.php?rest_route=\/wp\/v2\/posts\/20140\/revisions\/40054"}],"wp:featuredmedia":[{"embeddable":true,"href":"https:\/\/wirtschaftlichefreiheit.de\/wordpress\/index.php?rest_route=\/wp\/v2\/media\/28903"}],"wp:attachment":[{"href":"https:\/\/wirtschaftlichefreiheit.de\/wordpress\/index.php?rest_route=%2Fwp%2Fv2%2Fmedia&parent=20140"}],"wp:term":[{"taxonomy":"category","embeddable":true,"href":"https:\/\/wirtschaftlichefreiheit.de\/wordpress\/index.php?rest_route=%2Fwp%2Fv2%2Fcategories&post=20140"},{"taxonomy":"post_tag","embeddable":true,"href":"https:\/\/wirtschaftlichefreiheit.de\/wordpress\/index.php?rest_route=%2Fwp%2Fv2%2Ftags&post=20140"}],"curies":[{"name":"wp","href":"https:\/\/api.w.org\/{rel}","templated":true}]}}