{"id":20229,"date":"2016-12-27T00:01:30","date_gmt":"2016-12-26T23:01:30","guid":{"rendered":"http:\/\/wirtschaftlichefreiheit.de\/wordpress\/?p=20229"},"modified":"2016-12-26T16:45:48","modified_gmt":"2016-12-26T15:45:48","slug":"ostdeutschland-haelt-mit","status":"publish","type":"post","link":"https:\/\/wirtschaftlichefreiheit.de\/wordpress\/?p=20229","title":{"rendered":"Ostdeutschland h\u00e4lt mit"},"content":{"rendered":"<p><strong><em>Die ostdeutsche Wirtschaft f\u00e4llt nicht zur\u00fcck, sondern die Firmen halten mit jenen im Westen Schritt. Das ist nicht nur unter wirtschaftspolitischen Gesichtspunkten ein wichtiger Fakt. Gleichwohl erwarten die Unternehmen in West- und Ostdeutschland f\u00fcr das Jahr 2017 nur ein moderates Produktionswachstum.<\/em><\/strong><\/p>\n<p><!--more--><\/p>\n<p>Beim Blick auf die Ver\u00e4nderung der realen Wirtschaftsleistung gab es in den vergangenen zehn Jahren insgesamt gesehen einen \u00f6konomischen Gleichlauf von West- und Ostdeutschland (Abbildung 1). Im Zeitraum 2005 bis 2015 legte das preisbereinigte Bruttoinlandsprodukt in beiden Regionen mit jahresdurchschnittlich rund 1,4 Prozent gleicherma\u00dfen zu. Die globale Finanzmarkt- und Wirtschaftskrise hatte im Jahr 2009 die westdeutsche Wirtschaft st\u00e4rker beeintr\u00e4chtigt. Daf\u00fcr war dort dann die darauf folgende Erholung st\u00e4rker. Seit 2011 wachsen beide Regionen gleicherma\u00dfen. Eine nahezu identische Gangart war auch in den ersten sechs Monaten des Jahres 2016 zu beobachten. Da Berlin seit 2015 \u00fcberdurchschnittlich expandierte, fiel das ostdeutsche Wachstum \u2013 einschlie\u00dflich Berlin \u2013 zuletzt geringf\u00fcgig h\u00f6her aus als im Westen. Dies hat nicht nur unter wirtschaftspolitischen Gesichtspunkten eine hohe Bedeutung, sondern es nimmt auch Spannungen aus der Diskussion \u00fcber ein vermeintliches Abkoppeln der ostdeutschen Wirtschaft und den damit einhergehenden gesellschaftlichen Folgen.<\/p>\n<p style=\"text-align: center;\"><a href=\"\/wordpress\/bilder\/groemling1.png\"><img decoding=\"async\" class=\"centered\" title=\"claschabb1\" src=\"\/wordpress\/bilder\/groemling1.png\" alt=\"claschabb1\" width=\"400\" \/><\/a><\/p>\n<p style=\"text-align: center;\"><small>&#8211; zum Vergr\u00f6\u00dfern bitte auf die Grafik klicken &#8211; <\/small><\/p>\n<p>Diese gleichm\u00e4\u00dfige Schlagzahl in West- und Ostdeutschland d\u00fcrfte auch im Jahr 2017 zu beobachten sein. Das jedenfalls signalisiert die aktuelle Herbstumfrage des Instituts der deutschen Wirtschaft K\u00f6ln. Von Anfang Oktober bis Anfang November 2016 haben daran 572 Unternehmen im Osten und 2.309 Firmen im Westen teilgenommen. Der Wahlausgang in den USA konnte sich allerdings in den Umfrageergebnissen nicht niederschlagen.<\/p>\n<p>In gesamtdeutscher Perspektive haben sich die Produktionserwartungen seit dem Fr\u00fchjahr 2016 leicht gebessert. Das \u00fcberrascht zun\u00e4chst angesichts der offensichtlich ansteigenden \u00f6konomischen und geopolitischen Unsicherheit im Jahr 2016. Der Saldo aus positiven und negativen Produktionserwartungen hat sich dabei ausschlie\u00dflich in Ostdeutschland verbessert. Er stieg seit dem Fr\u00fchjahr von 16 auf 22 Prozentpunkte an. In Westdeutschland sind dagegen die aktuellen Erwartungen f\u00fcr 2017 nicht nennenswert besser als die Erwartungen f\u00fcr 2016 gem\u00e4\u00df der Fr\u00fchjahrsumfrage.<\/p>\n<p>In beiden Gro\u00dfregionen gehen 38 beziehungsweise 39 Prozent der befragten Unternehmen von einer h\u00f6heren Produktion im kommenden Jahr aus (Abbildung 2). W\u00e4hrend in Westdeutschland 12 Prozent einen R\u00fcckgang erwarten, sind dies im Osten 16 Prozent. Das spricht zun\u00e4chst f\u00fcr eine leicht h\u00f6here Schlagzahl im Westen. Mit Blick auf die bisherigen Umfragen zeigt sich jedoch, dass das Erwartungsbild in Ostdeutschland generell zur\u00fcckhaltender ausf\u00e4llt als im Westen. Das gilt auch f\u00fcr die vergangenen Jahre, als beide Wirtschaftsr\u00e4ume faktisch ein gleich hohes Wachstum aufwiesen.<\/p>\n<p style=\"text-align: center;\"><a href=\"\/wordpress\/bilder\/groemling2.png\"><img decoding=\"async\" class=\"centered\" title=\"claschabb1\" src=\"\/wordpress\/bilder\/groemling2.png\" alt=\"claschabb1\" width=\"400\" \/><\/a><\/p>\n<p style=\"text-align: center;\"><small>&#8211; zum Vergr\u00f6\u00dfern bitte auf die Grafik klicken &#8211; <\/small><\/p>\n<p>Mit Blick auf die der Umfrage zugrundeliegenden Wirtschaftsbereiche zeigen die west- und ostdeutsche Dienstleistungswirtschaft ein weitgehend \u00e4hnliches Erwartungsmuster: Im Osten ist der Anteil der optimistischen Betriebe mit 39 Prozent sogar h\u00f6her als im Westen mit 37 Prozent. Dagegen erwarten im Westen nur 12 Prozent der Servicefirmen einen R\u00fcckgang, im Osten sind es 17 Prozent. \u00c4hnlich nahe beieinander sind auch die Industrieperspektiven: 43 Prozent der Industriefirmen im Westen gehen 2017 von einer h\u00f6heren Produktion aus. Der ostdeutsche Anteil liegt bei 40 Prozent. Dagegen sehen 12 Prozent der Betriebe im Westen und 13 Prozent im Osten eine niedrigere Produktion im kommenden Jahr auf sie zukommen. Ein deutlich voneinander abweichendes Erwartungsbild haben allerdings die Baufirmen. In Westdeutschland gehen 29 Prozent von einem Plus und nur 7 Prozent von einem Minus aus. Dieser Befund deckt sich auch mit der faktisch guten Bausituation in Westdeutschland. Dagegen erwarten in Ostdeutschland 25 Prozent eine h\u00f6here Produktion im kommenden Jahr, jedoch18 Prozent gehen von einem R\u00fcckgang aus. Diese vergleichsweise zur\u00fcckhaltenden Perspektiven der ostdeutschen Bauwirtschaft zeigen sich auch in der bisherigen tats\u00e4chlichen Entwicklung.<\/p>\n<p>Die moderaten Produktionsperspektiven der Firmen in West und Ost gehen mit ebenfalls moderaten, aber zuversichtlichen Besch\u00e4ftigungspl\u00e4nen einher. Dies ist insgesamt schon seit Jahren auch faktisch ein bislang nicht erkl\u00e4rter Zustand: trotz schwachen Wachstums entstehen viele neue Arbeitspl\u00e4tze \u2013 in West- und in Ostdeutschland! Das damit verbundene Produktivit\u00e4tsr\u00e4tsel wird auch das kommende Jahr pr\u00e4gen. Auf Basis der IW-Konjunkturumfrage dominieren auch 2017 in beiden Wirtschaftsr\u00e4umen die optimistisch gestimmten Unternehmen deutlich: In Westdeutschland beabsichtigen 29 Prozent der Betriebe mehr Personal einzustellen. In Ostdeutschland sind es 26 Prozent. Dagegen werden voraussichtlich 13 Prozent im Westen und 16 Prozent im Osten die Anzahl der Mitarbeiter verringern. Die mit Abstand st\u00e4rksten Besch\u00e4ftigungsimpulse kommen jeweils aus dem Dienstleistungssektor. Die Industriebetriebe haben ebenso einen positiven Besch\u00e4ftigungssaldo. W\u00e4hrend im Westen auch das Baugewerbe einen hohen Personalbedarf artikuliert, planen die ostdeutschen Baufirmen per Saldo jedoch einen Personalabbau.<\/p>\n<p><strong>Fazit:<\/strong> Die IW-Konjunkturumfrage signalisiert f\u00fcr das Jahr 2017 insgesamt ein schwaches Wachstum in Deutschland (siehe hierzu auch IW-Forschungsgruppe Konjunktur, 2016). Die Produktionsperspektiven f\u00fcr West- und Ostdeutschland unterscheiden sich dabei kaum. Damit stockt zwar einerseits der Aufholprozess zwischen Ost und West. Andererseits f\u00e4llt Ostdeutschland wirtschaftlich nicht zur\u00fcck, sondern die Unternehmen halten mit jenen im Westen Schritt.<\/p>\n<p><strong>Quellen<\/strong>:<\/p>\n<p>Gr\u00f6mling, Michael, 2016, Ostdeutschland h\u00e4lt mit dem Westen mit, IW-Kurzbericht Nr. 77, K\u00f6ln<\/p>\n<p>IW-Forschungsgruppe Konjunktur, 2016, Eskalierende Unsicherheit l\u00e4hmt Investitionen, in: IW-Trends, 43. Jg., Online-Sonderausgabe Nr. 2\/2016<\/p>\n<!-- AddThis Advanced Settings generic via filter on the_content --><!-- AddThis Share Buttons generic via filter on the_content --><!-- AddThis Related Posts generic via filter on the_content -->","protected":false},"excerpt":{"rendered":"<p>Die ostdeutsche Wirtschaft f\u00e4llt nicht zur\u00fcck, sondern die Firmen halten mit jenen im Westen Schritt. Das ist nicht nur unter wirtschaftspolitischen Gesichtspunkten ein wichtiger Fakt. &hellip; <\/p>\n<p class=\"link-more\"><a href=\"https:\/\/wirtschaftlichefreiheit.de\/wordpress\/?p=20229\" class=\"more-link\"><span class=\"screen-reader-text\">\u201eOstdeutschland h\u00e4lt mit\u201c <\/span>weiterlesen<\/a><\/p>\n<p><!-- AddThis Advanced Settings generic via filter on wp_trim_excerpt --><!-- AddThis Share Buttons generic via filter on wp_trim_excerpt --><!-- AddThis Related Posts generic via filter on wp_trim_excerpt --><\/p>\n","protected":false},"author":30,"featured_media":0,"comment_status":"open","ping_status":"open","sticky":false,"template":"","format":"standard","meta":{"footnotes":""},"categories":[2385,876],"tags":[2386,1354,167],"class_list":["post-20229","post","type-post","status-publish","format-standard","hentry","category-deutsches","category-wachstumspolitisches","tag-aufholprozess","tag-ostdeutschland","tag-wachstum"],"yoast_head":"<!-- This site is optimized with the Yoast SEO plugin v27.2 - https:\/\/yoast.com\/product\/yoast-seo-wordpress\/ -->\n<title>Ostdeutschland h\u00e4lt mit - Wirtschaftliche Freiheit<\/title>\n<meta name=\"robots\" content=\"index, follow, max-snippet:-1, max-image-preview:large, max-video-preview:-1\" \/>\n<link rel=\"canonical\" href=\"https:\/\/wirtschaftlichefreiheit.de\/wordpress\/?p=20229\" \/>\n<meta property=\"og:locale\" content=\"de_DE\" \/>\n<meta property=\"og:type\" content=\"article\" \/>\n<meta property=\"og:title\" content=\"Ostdeutschland h\u00e4lt mit - Wirtschaftliche Freiheit\" \/>\n<meta property=\"og:description\" content=\"Die ostdeutsche Wirtschaft f\u00e4llt nicht zur\u00fcck, sondern die Firmen halten mit jenen im Westen Schritt. Das ist nicht nur unter wirtschaftspolitischen Gesichtspunkten ein wichtiger Fakt. &hellip; \u201eOstdeutschland h\u00e4lt mit\u201c weiterlesen\" \/>\n<meta property=\"og:url\" content=\"https:\/\/wirtschaftlichefreiheit.de\/wordpress\/?p=20229\" \/>\n<meta property=\"og:site_name\" content=\"Wirtschaftliche Freiheit\" \/>\n<meta property=\"article:published_time\" content=\"2016-12-26T23:01:30+00:00\" \/>\n<meta name=\"author\" content=\"Michael Gr\u00f6mling\" \/>\n<meta name=\"twitter:card\" content=\"summary_large_image\" \/>\n<meta name=\"twitter:label1\" content=\"Verfasst von\" \/>\n\t<meta name=\"twitter:data1\" content=\"Michael Gr\u00f6mling\" \/>\n\t<meta name=\"twitter:label2\" content=\"Gesch\u00e4tzte Lesezeit\" \/>\n\t<meta name=\"twitter:data2\" content=\"4\u00a0Minuten\" \/>\n<script type=\"application\/ld+json\" class=\"yoast-schema-graph\">{\"@context\":\"https:\/\/schema.org\",\"@graph\":[{\"@type\":\"Article\",\"@id\":\"https:\/\/wirtschaftlichefreiheit.de\/wordpress\/?p=20229#article\",\"isPartOf\":{\"@id\":\"https:\/\/wirtschaftlichefreiheit.de\/wordpress\/?p=20229\"},\"author\":{\"name\":\"Michael Gr\u00f6mling\",\"@id\":\"https:\/\/wirtschaftlichefreiheit.de\/wordpress\/#\/schema\/person\/0e2d5217a91612a56c4cad12ba9b2e0c\"},\"headline\":\"Ostdeutschland h\u00e4lt mit\",\"datePublished\":\"2016-12-26T23:01:30+00:00\",\"mainEntityOfPage\":{\"@id\":\"https:\/\/wirtschaftlichefreiheit.de\/wordpress\/?p=20229\"},\"wordCount\":823,\"commentCount\":0,\"keywords\":[\"Aufholprozess\",\"Ostdeutschland\",\"Wachstum\"],\"articleSection\":[\"Deutsches\",\"Wachstumspolitisches\"],\"inLanguage\":\"de\",\"potentialAction\":[{\"@type\":\"CommentAction\",\"name\":\"Comment\",\"target\":[\"https:\/\/wirtschaftlichefreiheit.de\/wordpress\/?p=20229#respond\"]}]},{\"@type\":\"WebPage\",\"@id\":\"https:\/\/wirtschaftlichefreiheit.de\/wordpress\/?p=20229\",\"url\":\"https:\/\/wirtschaftlichefreiheit.de\/wordpress\/?p=20229\",\"name\":\"Ostdeutschland h\u00e4lt mit - Wirtschaftliche Freiheit\",\"isPartOf\":{\"@id\":\"https:\/\/wirtschaftlichefreiheit.de\/wordpress\/#website\"},\"datePublished\":\"2016-12-26T23:01:30+00:00\",\"author\":{\"@id\":\"https:\/\/wirtschaftlichefreiheit.de\/wordpress\/#\/schema\/person\/0e2d5217a91612a56c4cad12ba9b2e0c\"},\"breadcrumb\":{\"@id\":\"https:\/\/wirtschaftlichefreiheit.de\/wordpress\/?p=20229#breadcrumb\"},\"inLanguage\":\"de\",\"potentialAction\":[{\"@type\":\"ReadAction\",\"target\":[\"https:\/\/wirtschaftlichefreiheit.de\/wordpress\/?p=20229\"]}]},{\"@type\":\"BreadcrumbList\",\"@id\":\"https:\/\/wirtschaftlichefreiheit.de\/wordpress\/?p=20229#breadcrumb\",\"itemListElement\":[{\"@type\":\"ListItem\",\"position\":1,\"name\":\"Startseite\",\"item\":\"https:\/\/wirtschaftlichefreiheit.de\/wordpress\"},{\"@type\":\"ListItem\",\"position\":2,\"name\":\"Ostdeutschland h\u00e4lt mit\"}]},{\"@type\":\"WebSite\",\"@id\":\"https:\/\/wirtschaftlichefreiheit.de\/wordpress\/#website\",\"url\":\"https:\/\/wirtschaftlichefreiheit.de\/wordpress\/\",\"name\":\"Wirtschaftliche Freiheit\",\"description\":\"Das ordnungspolitische Journal\",\"potentialAction\":[{\"@type\":\"SearchAction\",\"target\":{\"@type\":\"EntryPoint\",\"urlTemplate\":\"https:\/\/wirtschaftlichefreiheit.de\/wordpress\/?s={search_term_string}\"},\"query-input\":{\"@type\":\"PropertyValueSpecification\",\"valueRequired\":true,\"valueName\":\"search_term_string\"}}],\"inLanguage\":\"de\"},{\"@type\":\"Person\",\"@id\":\"https:\/\/wirtschaftlichefreiheit.de\/wordpress\/#\/schema\/person\/0e2d5217a91612a56c4cad12ba9b2e0c\",\"name\":\"Michael Gr\u00f6mling\",\"image\":{\"@type\":\"ImageObject\",\"inLanguage\":\"de\",\"@id\":\"https:\/\/wirtschaftlichefreiheit.de\/wordpress\/bilder\/groemling_michael.jpg\",\"url\":\"https:\/\/wirtschaftlichefreiheit.de\/wordpress\/bilder\/groemling_michael.jpg\",\"contentUrl\":\"https:\/\/wirtschaftlichefreiheit.de\/wordpress\/bilder\/groemling_michael.jpg\",\"caption\":\"Michael Gr\u00f6mling\"},\"description\":\"Internationale Fachhochschule Bad Honnef\",\"url\":\"https:\/\/wirtschaftlichefreiheit.de\/wordpress\/?author=30\"}]}<\/script>\n<!-- \/ Yoast SEO plugin. -->","yoast_head_json":{"title":"Ostdeutschland h\u00e4lt mit - Wirtschaftliche Freiheit","robots":{"index":"index","follow":"follow","max-snippet":"max-snippet:-1","max-image-preview":"max-image-preview:large","max-video-preview":"max-video-preview:-1"},"canonical":"https:\/\/wirtschaftlichefreiheit.de\/wordpress\/?p=20229","og_locale":"de_DE","og_type":"article","og_title":"Ostdeutschland h\u00e4lt mit - Wirtschaftliche Freiheit","og_description":"Die ostdeutsche Wirtschaft f\u00e4llt nicht zur\u00fcck, sondern die Firmen halten mit jenen im Westen Schritt. Das ist nicht nur unter wirtschaftspolitischen Gesichtspunkten ein wichtiger Fakt. &hellip; \u201eOstdeutschland h\u00e4lt mit\u201c weiterlesen","og_url":"https:\/\/wirtschaftlichefreiheit.de\/wordpress\/?p=20229","og_site_name":"Wirtschaftliche Freiheit","article_published_time":"2016-12-26T23:01:30+00:00","author":"Michael Gr\u00f6mling","twitter_card":"summary_large_image","twitter_misc":{"Verfasst von":"Michael Gr\u00f6mling","Gesch\u00e4tzte Lesezeit":"4\u00a0Minuten"},"schema":{"@context":"https:\/\/schema.org","@graph":[{"@type":"Article","@id":"https:\/\/wirtschaftlichefreiheit.de\/wordpress\/?p=20229#article","isPartOf":{"@id":"https:\/\/wirtschaftlichefreiheit.de\/wordpress\/?p=20229"},"author":{"name":"Michael Gr\u00f6mling","@id":"https:\/\/wirtschaftlichefreiheit.de\/wordpress\/#\/schema\/person\/0e2d5217a91612a56c4cad12ba9b2e0c"},"headline":"Ostdeutschland h\u00e4lt mit","datePublished":"2016-12-26T23:01:30+00:00","mainEntityOfPage":{"@id":"https:\/\/wirtschaftlichefreiheit.de\/wordpress\/?p=20229"},"wordCount":823,"commentCount":0,"keywords":["Aufholprozess","Ostdeutschland","Wachstum"],"articleSection":["Deutsches","Wachstumspolitisches"],"inLanguage":"de","potentialAction":[{"@type":"CommentAction","name":"Comment","target":["https:\/\/wirtschaftlichefreiheit.de\/wordpress\/?p=20229#respond"]}]},{"@type":"WebPage","@id":"https:\/\/wirtschaftlichefreiheit.de\/wordpress\/?p=20229","url":"https:\/\/wirtschaftlichefreiheit.de\/wordpress\/?p=20229","name":"Ostdeutschland h\u00e4lt mit - Wirtschaftliche Freiheit","isPartOf":{"@id":"https:\/\/wirtschaftlichefreiheit.de\/wordpress\/#website"},"datePublished":"2016-12-26T23:01:30+00:00","author":{"@id":"https:\/\/wirtschaftlichefreiheit.de\/wordpress\/#\/schema\/person\/0e2d5217a91612a56c4cad12ba9b2e0c"},"breadcrumb":{"@id":"https:\/\/wirtschaftlichefreiheit.de\/wordpress\/?p=20229#breadcrumb"},"inLanguage":"de","potentialAction":[{"@type":"ReadAction","target":["https:\/\/wirtschaftlichefreiheit.de\/wordpress\/?p=20229"]}]},{"@type":"BreadcrumbList","@id":"https:\/\/wirtschaftlichefreiheit.de\/wordpress\/?p=20229#breadcrumb","itemListElement":[{"@type":"ListItem","position":1,"name":"Startseite","item":"https:\/\/wirtschaftlichefreiheit.de\/wordpress"},{"@type":"ListItem","position":2,"name":"Ostdeutschland h\u00e4lt mit"}]},{"@type":"WebSite","@id":"https:\/\/wirtschaftlichefreiheit.de\/wordpress\/#website","url":"https:\/\/wirtschaftlichefreiheit.de\/wordpress\/","name":"Wirtschaftliche Freiheit","description":"Das ordnungspolitische Journal","potentialAction":[{"@type":"SearchAction","target":{"@type":"EntryPoint","urlTemplate":"https:\/\/wirtschaftlichefreiheit.de\/wordpress\/?s={search_term_string}"},"query-input":{"@type":"PropertyValueSpecification","valueRequired":true,"valueName":"search_term_string"}}],"inLanguage":"de"},{"@type":"Person","@id":"https:\/\/wirtschaftlichefreiheit.de\/wordpress\/#\/schema\/person\/0e2d5217a91612a56c4cad12ba9b2e0c","name":"Michael Gr\u00f6mling","image":{"@type":"ImageObject","inLanguage":"de","@id":"https:\/\/wirtschaftlichefreiheit.de\/wordpress\/bilder\/groemling_michael.jpg","url":"https:\/\/wirtschaftlichefreiheit.de\/wordpress\/bilder\/groemling_michael.jpg","contentUrl":"https:\/\/wirtschaftlichefreiheit.de\/wordpress\/bilder\/groemling_michael.jpg","caption":"Michael Gr\u00f6mling"},"description":"Internationale Fachhochschule Bad Honnef","url":"https:\/\/wirtschaftlichefreiheit.de\/wordpress\/?author=30"}]}},"_links":{"self":[{"href":"https:\/\/wirtschaftlichefreiheit.de\/wordpress\/index.php?rest_route=\/wp\/v2\/posts\/20229","targetHints":{"allow":["GET"]}}],"collection":[{"href":"https:\/\/wirtschaftlichefreiheit.de\/wordpress\/index.php?rest_route=\/wp\/v2\/posts"}],"about":[{"href":"https:\/\/wirtschaftlichefreiheit.de\/wordpress\/index.php?rest_route=\/wp\/v2\/types\/post"}],"author":[{"embeddable":true,"href":"https:\/\/wirtschaftlichefreiheit.de\/wordpress\/index.php?rest_route=\/wp\/v2\/users\/30"}],"replies":[{"embeddable":true,"href":"https:\/\/wirtschaftlichefreiheit.de\/wordpress\/index.php?rest_route=%2Fwp%2Fv2%2Fcomments&post=20229"}],"version-history":[{"count":2,"href":"https:\/\/wirtschaftlichefreiheit.de\/wordpress\/index.php?rest_route=\/wp\/v2\/posts\/20229\/revisions"}],"predecessor-version":[{"id":20231,"href":"https:\/\/wirtschaftlichefreiheit.de\/wordpress\/index.php?rest_route=\/wp\/v2\/posts\/20229\/revisions\/20231"}],"wp:attachment":[{"href":"https:\/\/wirtschaftlichefreiheit.de\/wordpress\/index.php?rest_route=%2Fwp%2Fv2%2Fmedia&parent=20229"}],"wp:term":[{"taxonomy":"category","embeddable":true,"href":"https:\/\/wirtschaftlichefreiheit.de\/wordpress\/index.php?rest_route=%2Fwp%2Fv2%2Fcategories&post=20229"},{"taxonomy":"post_tag","embeddable":true,"href":"https:\/\/wirtschaftlichefreiheit.de\/wordpress\/index.php?rest_route=%2Fwp%2Fv2%2Ftags&post=20229"}],"curies":[{"name":"wp","href":"https:\/\/api.w.org\/{rel}","templated":true}]}}