{"id":20532,"date":"2017-03-02T00:01:05","date_gmt":"2017-03-01T23:01:05","guid":{"rendered":"http:\/\/wirtschaftlichefreiheit.de\/wordpress\/?p=20532"},"modified":"2017-03-01T17:13:23","modified_gmt":"2017-03-01T16:13:23","slug":"arbeitslosengeld-fuer-einen-verlaengerten-zeitraum","status":"publish","type":"post","link":"https:\/\/wirtschaftlichefreiheit.de\/wordpress\/?p=20532","title":{"rendered":"Arbeitslosengeld f\u00fcr einen verl\u00e4ngerten Zeitraum?"},"content":{"rendered":"<p>Martin Schulz, der Kanzlerkandidat der SPD, will Teile der Agenda 2010 korrigieren. So pl\u00e4diert er daf\u00fcr, \u00e4lteren Arbeitslosen Arbeitslosengeld f\u00fcr einen l\u00e4ngeren Zeitraum als gegenw\u00e4rtig zu gew\u00e4hren (FAZ 2017a und 2017b). Er sagt: \u201eJeder muss die M\u00f6glichkeit haben, den Gang zum Jobcenter aus eigener Kraft zu verhindern\u201c (FAZ 2017a). Was ist davon zu halten?<\/p>\n<p><!--more--><\/p>\n<p>Zun\u00e4chst eine Anmerkung zu den Fakten: Bezieht ein Arbeitsloser\/eine Arbeitslose ein niedriges Arbeitslosengeld, weil der Nettolohn zur Zeit der Erwerbst\u00e4tigkeit niedrig war, dann hat er\/sie bei Bed\u00fcrftigkeit (bei fehlenden sonstigen eigenen Eink\u00fcnften oder bei fehlenden Eink\u00fcnften der Ehefrau\/des Ehemanns) Anspruch auf erg\u00e4nzendes Arbeitslosengeld II (Grundsicherung f\u00fcr Arbeitsuchende). Wird Arbeitslosengeld f\u00fcr einen l\u00e4ngeren Zeitraum als gegenw\u00e4rtig gezahlt, so \u00e4ndert sich nichts daran, dass der Gang zum Jobcenter n\u00f6tig ist. Hat ein Arbeitsloser\/eine Arbeitslose ausreichend sonstige eigene Eink\u00fcnfte oder hat dessen Ehefrau\/deren Ehemann ausreichend hohe Eink\u00fcnfte, so ist auch bei einem verl\u00e4ngerten Bezug des Arbeitslosengeldes ein Gang zum Jobcenter \u00fcberfl\u00fcssig, weil ein Anspruch auf Arbeitslosengeld II wegen fehlender Hilfebed\u00fcrftigkeit nicht besteht. Nur in anderen F\u00e4llen hat eine verl\u00e4ngerte Bezugsdauer zur Folge, dass der Gang zum Jobcenter f\u00fcr ein paar zus\u00e4tzliche Monate verhindert wird. Martin Schulz kennt die Regelungen zur Grundsicherung f\u00fcr Arbeitsuchende offenbar nur unzureichend.<\/p>\n<p>Wichtiger ist etwas Anderes: Wenn \u00e4ltere Arbeitslose f\u00fcr einen verl\u00e4ngerten Zeitraum Arbeitslosengeld beziehen k\u00f6nnen, dann sinkt deren Anreiz, einen Arbeitsplatz zu suchen. Auch wird es bei einem verl\u00e4ngerten Bezug von Arbeitslosengeld schwieriger, einen Job zu finden; das d\u00fcrfte insbesondere f\u00fcr \u00e4ltere Menschen gelten. Der Vorstandsvorsitzende der Bundesagentur f\u00fcr Arbeit, Frank-J\u00fcrgen Weise, scheint diese Einsch\u00e4tzung zu teilen. \u201eMehr Verteilung schafft Leistungsempf\u00e4nger statt Leistungserbringer\u201c (FAZ 2017c).<\/p>\n<p>Die finanziellen Kosten einer Verl\u00e4ngerung der Bezugsdauer sind deshalb h\u00f6her, als die \u00fcblichen Berechnungen, die diese Effekte nicht ber\u00fccksichtigen, suggerieren. Richtig ist freilich, dass die Ausgaben f\u00fcr das Arbeitslosengeld II bei einer verl\u00e4ngerten Bezugsdauer abn\u00e4hmen. Die Ausgaben der Bundesagentur n\u00e4hmen zu, die Ausgaben des Bundes, der die Aufwendungen f\u00fcr das Arbeitslosengeld II finanziert, n\u00e4hmen ab. Der Saldo der gemeinsamen Aufwendungen w\u00e4re aber deutlich positiv.<\/p>\n<p>Zu bedenken sind auch folgende Effekte: Eine Verl\u00e4ngerung der Bezugsdauer \u201ew\u00fcrde den vorzeitigen \u00dcbergang in die Fr\u00fchrente befl\u00fcgeln\u201c (Clement 2017). Und: Das Problem der Langzeitarbeitslosigkeit w\u00fcrde nicht angegangen. \u201eWer diesem mit einer Verl\u00e4ngerung des Arbeitslosengeldbezugs f\u00fcr \u00c4ltere begegnen will, der hat diese Menschen in Wahrheit abgeschrieben\u201c (R\u00fcrup 2017).<\/p>\n<p>Am bedeutsamsten ist aber Folgendes. Eine Verl\u00e4ngerung der Bezugsdauer f\u00fcr \u00e4ltere Leistungsbezieher bedeutet eine h\u00f6here Lohnersatzleistung f\u00fcr die Leistungsempf\u00e4nger im Durchschnitt. Je h\u00f6her die Lohnersatzleistungen, umso h\u00f6her ist aber der von den Arbeitnehmern angestrebte Lohnsatz (Boss et al. 2007:15). Es ist dann, wenn Arbeitslosengeld f\u00fcr einen l\u00e4ngeren Zeitraum, sei es auch nur f\u00fcr \u00e4ltere Arbeitslose, gew\u00e4hrt wird, mit einem Tariflohnanstieg zu rechnen, der gr\u00f6\u00dfer als sonst ist. Der Schaden, den Gewerkschaften durch h\u00f6here Tariflohnsteigerungen in Form von mehr Arbeitslosigkeit anrichten, wird n\u00e4mlich aus ihrer Sicht leichter ertr\u00e4glich, weil in mehr F\u00e4llen als sonst das Arbeitslosengeld an die Stelle des Nettolohns tritt. Die Arbeitskosten steigen rascher als sonst. Die Besch\u00e4ftigung f\u00e4llt kleiner als sonst aus, w\u00e4hrend die Arbeitslosenzahl gr\u00f6\u00dfer als sonst sein wird.<\/p>\n<p>Mit der von Martin Schulz vorgeschlagenen \u00c4nderung der Bezugsdauer w\u00fcrde sich die Finanzlage des Staates auf mittlere Frist deutlich verschlechtern. Die Beitragseinnahmen fast aller Zweige der Sozialversicherung und die Einkommensteuereinnahmen fielen geringer als sonst aus, und die Ausgaben f\u00fcr das Arbeitslosengeld und das Arbeitslosengeld II insgesamt n\u00e4hmen zu.<\/p>\n<p>Der gegenteilige Effekt tr\u00e4te mittelfristig ein, wenn der Beitragssatz zur Arbeitslosenversicherung gesenkt w\u00fcrde (Boss 2017). Die Zunahme der Arbeitskosten w\u00fcrde ged\u00e4mpft, die Ausweitung der Besch\u00e4ftigung w\u00fcrde beg\u00fcnstigt, und die Arbeitslosigkeit n\u00e4hme ab. Das Produktionspotential w\u00e4re h\u00f6her als sonst. Die Finanzlage des Staates verbesserte sich.<\/p>\n<p><strong>Literatur<\/strong><\/p>\n<p>Boss, A., Bundesagentur f\u00fcr Arbeit \u2013 Beitragssatz senken! Kiel Policy Brief Nr. 104. Institut f\u00fcr Weltwirtschaft, Kiel.<\/p>\n<p>Boss, A., et al., Verbessertes Arbeitsmarktumfeld st\u00e4rkt Wachstum des Produktions\u00c2\u00adpotentials in Deutschland. Kieler Diskussionsbeitr\u00e4ge Nr. 441\/442, April 2007. Institut f\u00fcr Weltwirtschaft, Kiel.<\/p>\n<p>FAZ (2017a), Schulz kritisiert Schr\u00f6ders Reformen, 2017, Nr. 44, S. 15.<\/p>\n<p>FAZ (2017b), Sven Astheimer: Abschied von Schr\u00f6ders Erbe, Nr. 48, S. 21.<\/p>\n<p>FAZ (2017c),Frank-J\u00fcrgen Weise: \u201eDas s\u00fc\u00dfe Gift der Subventionen\u201c, Nr. 51, S. 17.<\/p>\n<p>Clement, Wolfgang, (2017), Der gro\u00dfe Fehler des Kandidaten, Gastkommentar im Handelsblatt, Nr. 41,S. 48.<\/p>\n<p>R\u00fcrup, Bert (2017), Weiterentwickeln, nicht zur\u00fcckdrehen!, Kommentar im Handelsblatt, Nr. 41, S. 14.<\/p>\n<!-- AddThis Advanced Settings generic via filter on the_content --><!-- AddThis Share Buttons generic via filter on the_content --><!-- AddThis Related Posts generic via filter on the_content -->","protected":false},"excerpt":{"rendered":"<p>Martin Schulz, der Kanzlerkandidat der SPD, will Teile der Agenda 2010 korrigieren. So pl\u00e4diert er daf\u00fcr, \u00e4lteren Arbeitslosen Arbeitslosengeld f\u00fcr einen l\u00e4ngeren Zeitraum als gegenw\u00e4rtig &hellip; <\/p>\n<p class=\"link-more\"><a href=\"https:\/\/wirtschaftlichefreiheit.de\/wordpress\/?p=20532\" class=\"more-link\"><span class=\"screen-reader-text\">\u201eArbeitslosengeld f\u00fcr einen verl\u00e4ngerten Zeitraum?\u201c <\/span>weiterlesen<\/a><\/p>\n<p><!-- AddThis Advanced Settings generic via filter on wp_trim_excerpt --><!-- AddThis Share Buttons generic via filter on wp_trim_excerpt --><!-- AddThis Related Posts generic via filter on wp_trim_excerpt --><\/p>\n","protected":false},"author":52,"featured_media":0,"comment_status":"open","ping_status":"open","sticky":false,"template":"","format":"standard","meta":{"footnotes":""},"categories":[3,1707],"tags":[1677,2456,1087,1030],"class_list":["post-20532","post","type-post","status-publish","format-standard","hentry","category-arbeit","category-arbeitsmarktpolitisches","tag-agenda-2010","tag-alg-i","tag-alg-ii","tag-grundsicherung"],"yoast_head":"<!-- This site is optimized with the Yoast SEO plugin v27.2 - https:\/\/yoast.com\/product\/yoast-seo-wordpress\/ -->\n<title>Arbeitslosengeld f\u00fcr einen verl\u00e4ngerten Zeitraum? - Wirtschaftliche Freiheit<\/title>\n<meta name=\"robots\" content=\"index, follow, max-snippet:-1, max-image-preview:large, max-video-preview:-1\" \/>\n<link rel=\"canonical\" href=\"https:\/\/wirtschaftlichefreiheit.de\/wordpress\/?p=20532\" \/>\n<meta property=\"og:locale\" content=\"de_DE\" \/>\n<meta property=\"og:type\" content=\"article\" \/>\n<meta property=\"og:title\" content=\"Arbeitslosengeld f\u00fcr einen verl\u00e4ngerten Zeitraum? - Wirtschaftliche Freiheit\" \/>\n<meta property=\"og:description\" content=\"Martin Schulz, der Kanzlerkandidat der SPD, will Teile der Agenda 2010 korrigieren. So pl\u00e4diert er daf\u00fcr, \u00e4lteren Arbeitslosen Arbeitslosengeld f\u00fcr einen l\u00e4ngeren Zeitraum als gegenw\u00e4rtig &hellip; \u201eArbeitslosengeld f\u00fcr einen verl\u00e4ngerten Zeitraum?\u201c weiterlesen\" \/>\n<meta property=\"og:url\" content=\"https:\/\/wirtschaftlichefreiheit.de\/wordpress\/?p=20532\" \/>\n<meta property=\"og:site_name\" content=\"Wirtschaftliche Freiheit\" \/>\n<meta property=\"article:published_time\" content=\"2017-03-01T23:01:05+00:00\" \/>\n<meta name=\"author\" content=\"Alfred Boss\" \/>\n<meta name=\"twitter:card\" content=\"summary_large_image\" \/>\n<meta name=\"twitter:label1\" content=\"Verfasst von\" \/>\n\t<meta name=\"twitter:data1\" content=\"Alfred Boss\" \/>\n\t<meta name=\"twitter:label2\" content=\"Gesch\u00e4tzte Lesezeit\" \/>\n\t<meta name=\"twitter:data2\" content=\"4\u00a0Minuten\" \/>\n<script type=\"application\/ld+json\" class=\"yoast-schema-graph\">{\"@context\":\"https:\/\/schema.org\",\"@graph\":[{\"@type\":\"Article\",\"@id\":\"https:\/\/wirtschaftlichefreiheit.de\/wordpress\/?p=20532#article\",\"isPartOf\":{\"@id\":\"https:\/\/wirtschaftlichefreiheit.de\/wordpress\/?p=20532\"},\"author\":{\"name\":\"Alfred Boss\",\"@id\":\"https:\/\/wirtschaftlichefreiheit.de\/wordpress\/#\/schema\/person\/34cedaed2c3f765379ffffbc544c985b\"},\"headline\":\"Arbeitslosengeld f\u00fcr einen verl\u00e4ngerten Zeitraum?\",\"datePublished\":\"2017-03-01T23:01:05+00:00\",\"mainEntityOfPage\":{\"@id\":\"https:\/\/wirtschaftlichefreiheit.de\/wordpress\/?p=20532\"},\"wordCount\":783,\"commentCount\":2,\"keywords\":[\"Agenda 2010\",\"ALG I\",\"ALG II\",\"Grundsicherung\"],\"articleSection\":[\"Arbeit\",\"Arbeitsmarktpolitisches\"],\"inLanguage\":\"de\",\"potentialAction\":[{\"@type\":\"CommentAction\",\"name\":\"Comment\",\"target\":[\"https:\/\/wirtschaftlichefreiheit.de\/wordpress\/?p=20532#respond\"]}]},{\"@type\":\"WebPage\",\"@id\":\"https:\/\/wirtschaftlichefreiheit.de\/wordpress\/?p=20532\",\"url\":\"https:\/\/wirtschaftlichefreiheit.de\/wordpress\/?p=20532\",\"name\":\"Arbeitslosengeld f\u00fcr einen verl\u00e4ngerten Zeitraum? - Wirtschaftliche Freiheit\",\"isPartOf\":{\"@id\":\"https:\/\/wirtschaftlichefreiheit.de\/wordpress\/#website\"},\"datePublished\":\"2017-03-01T23:01:05+00:00\",\"author\":{\"@id\":\"https:\/\/wirtschaftlichefreiheit.de\/wordpress\/#\/schema\/person\/34cedaed2c3f765379ffffbc544c985b\"},\"breadcrumb\":{\"@id\":\"https:\/\/wirtschaftlichefreiheit.de\/wordpress\/?p=20532#breadcrumb\"},\"inLanguage\":\"de\",\"potentialAction\":[{\"@type\":\"ReadAction\",\"target\":[\"https:\/\/wirtschaftlichefreiheit.de\/wordpress\/?p=20532\"]}]},{\"@type\":\"BreadcrumbList\",\"@id\":\"https:\/\/wirtschaftlichefreiheit.de\/wordpress\/?p=20532#breadcrumb\",\"itemListElement\":[{\"@type\":\"ListItem\",\"position\":1,\"name\":\"Startseite\",\"item\":\"https:\/\/wirtschaftlichefreiheit.de\/wordpress\"},{\"@type\":\"ListItem\",\"position\":2,\"name\":\"Arbeitslosengeld f\u00fcr einen verl\u00e4ngerten Zeitraum?\"}]},{\"@type\":\"WebSite\",\"@id\":\"https:\/\/wirtschaftlichefreiheit.de\/wordpress\/#website\",\"url\":\"https:\/\/wirtschaftlichefreiheit.de\/wordpress\/\",\"name\":\"Wirtschaftliche Freiheit\",\"description\":\"Das ordnungspolitische Journal\",\"potentialAction\":[{\"@type\":\"SearchAction\",\"target\":{\"@type\":\"EntryPoint\",\"urlTemplate\":\"https:\/\/wirtschaftlichefreiheit.de\/wordpress\/?s={search_term_string}\"},\"query-input\":{\"@type\":\"PropertyValueSpecification\",\"valueRequired\":true,\"valueName\":\"search_term_string\"}}],\"inLanguage\":\"de\"},{\"@type\":\"Person\",\"@id\":\"https:\/\/wirtschaftlichefreiheit.de\/wordpress\/#\/schema\/person\/34cedaed2c3f765379ffffbc544c985b\",\"name\":\"Alfred Boss\",\"image\":{\"@type\":\"ImageObject\",\"inLanguage\":\"de\",\"@id\":\"https:\/\/wirtschaftlichefreiheit.de\/wordpress\/bilder\/alfred_boss.jpg\",\"url\":\"https:\/\/wirtschaftlichefreiheit.de\/wordpress\/bilder\/alfred_boss.jpg\",\"contentUrl\":\"https:\/\/wirtschaftlichefreiheit.de\/wordpress\/bilder\/alfred_boss.jpg\",\"caption\":\"Alfred Boss\"},\"description\":\"Institut f\u00fcr Weltwirtschaft in Kiel\",\"url\":\"https:\/\/wirtschaftlichefreiheit.de\/wordpress\/?author=52\"}]}<\/script>\n<!-- \/ Yoast SEO plugin. -->","yoast_head_json":{"title":"Arbeitslosengeld f\u00fcr einen verl\u00e4ngerten Zeitraum? - Wirtschaftliche Freiheit","robots":{"index":"index","follow":"follow","max-snippet":"max-snippet:-1","max-image-preview":"max-image-preview:large","max-video-preview":"max-video-preview:-1"},"canonical":"https:\/\/wirtschaftlichefreiheit.de\/wordpress\/?p=20532","og_locale":"de_DE","og_type":"article","og_title":"Arbeitslosengeld f\u00fcr einen verl\u00e4ngerten Zeitraum? - Wirtschaftliche Freiheit","og_description":"Martin Schulz, der Kanzlerkandidat der SPD, will Teile der Agenda 2010 korrigieren. So pl\u00e4diert er daf\u00fcr, \u00e4lteren Arbeitslosen Arbeitslosengeld f\u00fcr einen l\u00e4ngeren Zeitraum als gegenw\u00e4rtig &hellip; \u201eArbeitslosengeld f\u00fcr einen verl\u00e4ngerten Zeitraum?\u201c weiterlesen","og_url":"https:\/\/wirtschaftlichefreiheit.de\/wordpress\/?p=20532","og_site_name":"Wirtschaftliche Freiheit","article_published_time":"2017-03-01T23:01:05+00:00","author":"Alfred Boss","twitter_card":"summary_large_image","twitter_misc":{"Verfasst von":"Alfred Boss","Gesch\u00e4tzte Lesezeit":"4\u00a0Minuten"},"schema":{"@context":"https:\/\/schema.org","@graph":[{"@type":"Article","@id":"https:\/\/wirtschaftlichefreiheit.de\/wordpress\/?p=20532#article","isPartOf":{"@id":"https:\/\/wirtschaftlichefreiheit.de\/wordpress\/?p=20532"},"author":{"name":"Alfred Boss","@id":"https:\/\/wirtschaftlichefreiheit.de\/wordpress\/#\/schema\/person\/34cedaed2c3f765379ffffbc544c985b"},"headline":"Arbeitslosengeld f\u00fcr einen verl\u00e4ngerten Zeitraum?","datePublished":"2017-03-01T23:01:05+00:00","mainEntityOfPage":{"@id":"https:\/\/wirtschaftlichefreiheit.de\/wordpress\/?p=20532"},"wordCount":783,"commentCount":2,"keywords":["Agenda 2010","ALG I","ALG II","Grundsicherung"],"articleSection":["Arbeit","Arbeitsmarktpolitisches"],"inLanguage":"de","potentialAction":[{"@type":"CommentAction","name":"Comment","target":["https:\/\/wirtschaftlichefreiheit.de\/wordpress\/?p=20532#respond"]}]},{"@type":"WebPage","@id":"https:\/\/wirtschaftlichefreiheit.de\/wordpress\/?p=20532","url":"https:\/\/wirtschaftlichefreiheit.de\/wordpress\/?p=20532","name":"Arbeitslosengeld f\u00fcr einen verl\u00e4ngerten Zeitraum? - Wirtschaftliche Freiheit","isPartOf":{"@id":"https:\/\/wirtschaftlichefreiheit.de\/wordpress\/#website"},"datePublished":"2017-03-01T23:01:05+00:00","author":{"@id":"https:\/\/wirtschaftlichefreiheit.de\/wordpress\/#\/schema\/person\/34cedaed2c3f765379ffffbc544c985b"},"breadcrumb":{"@id":"https:\/\/wirtschaftlichefreiheit.de\/wordpress\/?p=20532#breadcrumb"},"inLanguage":"de","potentialAction":[{"@type":"ReadAction","target":["https:\/\/wirtschaftlichefreiheit.de\/wordpress\/?p=20532"]}]},{"@type":"BreadcrumbList","@id":"https:\/\/wirtschaftlichefreiheit.de\/wordpress\/?p=20532#breadcrumb","itemListElement":[{"@type":"ListItem","position":1,"name":"Startseite","item":"https:\/\/wirtschaftlichefreiheit.de\/wordpress"},{"@type":"ListItem","position":2,"name":"Arbeitslosengeld f\u00fcr einen verl\u00e4ngerten Zeitraum?"}]},{"@type":"WebSite","@id":"https:\/\/wirtschaftlichefreiheit.de\/wordpress\/#website","url":"https:\/\/wirtschaftlichefreiheit.de\/wordpress\/","name":"Wirtschaftliche Freiheit","description":"Das ordnungspolitische Journal","potentialAction":[{"@type":"SearchAction","target":{"@type":"EntryPoint","urlTemplate":"https:\/\/wirtschaftlichefreiheit.de\/wordpress\/?s={search_term_string}"},"query-input":{"@type":"PropertyValueSpecification","valueRequired":true,"valueName":"search_term_string"}}],"inLanguage":"de"},{"@type":"Person","@id":"https:\/\/wirtschaftlichefreiheit.de\/wordpress\/#\/schema\/person\/34cedaed2c3f765379ffffbc544c985b","name":"Alfred Boss","image":{"@type":"ImageObject","inLanguage":"de","@id":"https:\/\/wirtschaftlichefreiheit.de\/wordpress\/bilder\/alfred_boss.jpg","url":"https:\/\/wirtschaftlichefreiheit.de\/wordpress\/bilder\/alfred_boss.jpg","contentUrl":"https:\/\/wirtschaftlichefreiheit.de\/wordpress\/bilder\/alfred_boss.jpg","caption":"Alfred Boss"},"description":"Institut f\u00fcr Weltwirtschaft in Kiel","url":"https:\/\/wirtschaftlichefreiheit.de\/wordpress\/?author=52"}]}},"_links":{"self":[{"href":"https:\/\/wirtschaftlichefreiheit.de\/wordpress\/index.php?rest_route=\/wp\/v2\/posts\/20532","targetHints":{"allow":["GET"]}}],"collection":[{"href":"https:\/\/wirtschaftlichefreiheit.de\/wordpress\/index.php?rest_route=\/wp\/v2\/posts"}],"about":[{"href":"https:\/\/wirtschaftlichefreiheit.de\/wordpress\/index.php?rest_route=\/wp\/v2\/types\/post"}],"author":[{"embeddable":true,"href":"https:\/\/wirtschaftlichefreiheit.de\/wordpress\/index.php?rest_route=\/wp\/v2\/users\/52"}],"replies":[{"embeddable":true,"href":"https:\/\/wirtschaftlichefreiheit.de\/wordpress\/index.php?rest_route=%2Fwp%2Fv2%2Fcomments&post=20532"}],"version-history":[{"count":2,"href":"https:\/\/wirtschaftlichefreiheit.de\/wordpress\/index.php?rest_route=\/wp\/v2\/posts\/20532\/revisions"}],"predecessor-version":[{"id":20535,"href":"https:\/\/wirtschaftlichefreiheit.de\/wordpress\/index.php?rest_route=\/wp\/v2\/posts\/20532\/revisions\/20535"}],"wp:attachment":[{"href":"https:\/\/wirtschaftlichefreiheit.de\/wordpress\/index.php?rest_route=%2Fwp%2Fv2%2Fmedia&parent=20532"}],"wp:term":[{"taxonomy":"category","embeddable":true,"href":"https:\/\/wirtschaftlichefreiheit.de\/wordpress\/index.php?rest_route=%2Fwp%2Fv2%2Fcategories&post=20532"},{"taxonomy":"post_tag","embeddable":true,"href":"https:\/\/wirtschaftlichefreiheit.de\/wordpress\/index.php?rest_route=%2Fwp%2Fv2%2Ftags&post=20532"}],"curies":[{"name":"wp","href":"https:\/\/api.w.org\/{rel}","templated":true}]}}