{"id":20758,"date":"2017-04-25T00:01:02","date_gmt":"2017-04-24T23:01:02","guid":{"rendered":"http:\/\/wirtschaftlichefreiheit.de\/wordpress\/?p=20758"},"modified":"2017-04-25T12:29:47","modified_gmt":"2017-04-25T11:29:47","slug":"am-aktuellen-randdas-bvb-attentateine-chance-fuer-die-wirtschaftsethik","status":"publish","type":"post","link":"https:\/\/wirtschaftlichefreiheit.de\/wordpress\/?p=20758","title":{"rendered":"<font size=3; color=grey>Am aktuellen Rand<\/font><br\/>Das BVB-Attentat<\/br\/><font size=3; color=grey>Eine Chance f\u00fcr die Wirtschaftsethik!<\/font>"},"content":{"rendered":"<p>Die Ereignisse um den Anschlag auf den Mannschaftsbus des Ballspielvereins Borussia 09 Dortmund zeigen wieder einmal auf, wie verh\u00e4ngnisvoll die zunehmende \u00d6konomisierung des Lebens im Kapitalismus ist. Die Abfolge der Ereignisse belegt die verheerenden Auswirkungen der Geldwirtschaft und des Marktes eindr\u00fccklich (vgl. dazu auch Sandel 2014).<\/p>\n<p><!--more--><\/p>\n<p>Zuerst verabschiedete man sich beim BVB von den Grundprinzipien des deutschen Vereinswesens und w\u00e4hlte die Form der Aktiengesellschaft. Was zuvor eine ideelle Gemeinschaft war, wurde zum wirtschaftlichen Verein. Die Vereinsf\u00fchrung investierte die von ihr eingenommenen Summen in sogenanntes Humankapital und verdinglichte damit die Fu\u00dfballspieler. Sie bezahlte diese wie Vorst\u00e4nde gro\u00dfer Banken und setzte sie und den Verein der Mitmenschlichkeit vermissenlassenden Bewertung durch Aktienm\u00e4rkte aus. Der BVB verhielt sich wie eine Bank und wurde auch so behandelt.<\/p>\n<p>Ein \u201cB\u00f6rsenstratege\u201c\u009d trat auf den Plan. Er wollte sich, wenn man den Nachrichten glauben darf, als Leerverk\u00e4ufer diverser Optionen bedienen, um von fallenden Kursen der BVB-Aktien zu profitieren. Wer auf sinkende Kurse setzt, um von den m\u00f6glichen Verlusten anderer zu profitieren, ist ohnehin moralisch so tief gesunken, dass der Schritt in die Kriminalit\u00e4t nur folgerichtig scheint. Wirtschaftsethiker sollten ihrer Verantwortung gerecht werden und vor derartigen Gefahren auf popul\u00e4re Weise warnen.<\/p>\n<p>Sie k\u00f6nnten ein Lehrst\u00fcck schmieden, das die tieferen Wurzeln des Anschlags auch einem sonst an solchen Fragen uninteressierten breiteren Publikum nahebringt. Die Einsicht \u201cFu\u00dfball ist wie Schach, nur ohne W\u00fcrfeln\u201c\u009d bietet einen dem Fu\u00dfballpublikum vertrauten Ankn\u00fcpfungspunkt. Von dem aus ist vor dem Dammbruch zu warnen, der droht, wenn man vom Schach zum Wett- und W\u00fcrfelspiel \u00fcbergeht. Die gew\u00fcnschte Folgerung l\u00e4ge auf der Hand: Die B\u00f6rsen und Kapitalm\u00e4rkte mit ihrer sch\u00e4ndlichen Gier und Anstachelung der niederen Wett- und Spielleidenschaft d\u00fcrfen wir nicht weiter zum Zuge kommen lassen, weder im Fu\u00dfball noch im \u00fcbrigen Leben!<\/p>\n<p>Das Beispiel illustriert eindringlich, 1. die \u00d6konomisierung von ideellen Gemeinschaftsbeziehungen eines Vereins, die den sp\u00e4teren Niedergang einleitet, 2. wie diese \u00d6konomisierung Kapitalm\u00e4rkten die Chance bietet, gegen die Gemeinschaft des Ballspielvereins Borussia zu wetten, was schlie\u00dflich 3. bei einem von strategischer Vernunft korrumpierten Menschen die bislang moralisch im Zaum gehaltene Gier zum Ausbruch bringt, um ihn, 4. wie so viele Wirtschaftskapit\u00e4ne zu kriminellem Handeln zu verleiten.<\/p>\n<p>Vor der wirtschaftlich halbierten Vernunft der \u00d6konomen muss man \u00fcberall warnen. Die Wirtschaftsethik sollte sich die ihr hier gebotene Chance, ihre Argumente in bew\u00e4hrter Weise in\u2019s Spiel zu bringen, nicht entgehen lassen.<\/p>\n<p><strong>Literatur:<\/strong><\/p>\n<p>Sandel, Michael J. (2014), <em>Was man f\u00fcr Geld nicht kaufen kann: Die moralischen Grenzen des Marktes<\/em>. Berlin: Ullstein Taschenbuch.<\/p>\n<p><strong>Blog-Beitr\u00e4ge zum Thema:<\/strong><\/p>\n<p>Norbert Berthold: <a href=\"http:\/\/wirtschaftlichefreiheit.de\/wordpress\/?p=127\">Kirch, Bosman und Abramowitsch<\/a><\/p>\n<p>Norbert Berthold: <a href=\"http:\/\/wirtschaftlichefreiheit.de\/wordpress\/?p=1211\">Krise! Welche Krise? Fu\u00dfballboom in Europa!<\/a><\/p>\n<!-- AddThis Advanced Settings generic via filter on the_content --><!-- AddThis Share Buttons generic via filter on the_content --><!-- AddThis Related Posts generic via filter on the_content -->","protected":false},"excerpt":{"rendered":"<p>Die Ereignisse um den Anschlag auf den Mannschaftsbus des Ballspielvereins Borussia 09 Dortmund zeigen wieder einmal auf, wie verh\u00e4ngnisvoll die zunehmende \u00d6konomisierung des Lebens im &hellip; <\/p>\n<p class=\"link-more\"><a href=\"https:\/\/wirtschaftlichefreiheit.de\/wordpress\/?p=20758\" class=\"more-link\"><span class=\"screen-reader-text\">\u201e<font size=3; color=grey>Am aktuellen Rand<\/font><br \/>Das BVB-Attentat<\/br\/><font size=3; color=grey>Eine Chance f\u00fcr die Wirtschaftsethik!<\/font>\u201c <\/span>weiterlesen<\/a><\/p>\n<p><!-- AddThis Advanced Settings generic via filter on wp_trim_excerpt --><!-- AddThis Share Buttons generic via filter on wp_trim_excerpt --><!-- AddThis Related Posts generic via filter on wp_trim_excerpt --><\/p>\n","protected":false},"author":28,"featured_media":0,"comment_status":"open","ping_status":"open","sticky":false,"template":"","format":"standard","meta":{"footnotes":""},"categories":[30,2237,34],"tags":[2497,2496,99,2498],"class_list":["post-20758","post","type-post","status-publish","format-standard","hentry","category-ethisches","category-fussballerisches","category-kapitalistisches","tag-attentat","tag-bvb","tag-fussball","tag-leerverkaeufe"],"yoast_head":"<!-- This site is optimized with the Yoast SEO plugin v27.2 - https:\/\/yoast.com\/product\/yoast-seo-wordpress\/ -->\n<title>Am aktuellen RandDas BVB-AttentatEine Chance f\u00fcr die Wirtschaftsethik! - Wirtschaftliche Freiheit<\/title>\n<meta name=\"robots\" content=\"index, follow, max-snippet:-1, max-image-preview:large, max-video-preview:-1\" \/>\n<link rel=\"canonical\" href=\"https:\/\/wirtschaftlichefreiheit.de\/wordpress\/?p=20758\" \/>\n<meta property=\"og:locale\" content=\"de_DE\" \/>\n<meta property=\"og:type\" content=\"article\" \/>\n<meta property=\"og:title\" content=\"Am aktuellen RandDas BVB-AttentatEine Chance f\u00fcr die Wirtschaftsethik! - Wirtschaftliche Freiheit\" \/>\n<meta property=\"og:description\" content=\"Die Ereignisse um den Anschlag auf den Mannschaftsbus des Ballspielvereins Borussia 09 Dortmund zeigen wieder einmal auf, wie verh\u00e4ngnisvoll die zunehmende \u00d6konomisierung des Lebens im &hellip; \u201eAm aktuellen RandDas BVB-AttentatEine Chance f\u00fcr die Wirtschaftsethik!\u201c weiterlesen\" \/>\n<meta property=\"og:url\" content=\"https:\/\/wirtschaftlichefreiheit.de\/wordpress\/?p=20758\" \/>\n<meta property=\"og:site_name\" content=\"Wirtschaftliche Freiheit\" \/>\n<meta property=\"article:published_time\" content=\"2017-04-24T23:01:02+00:00\" \/>\n<meta property=\"article:modified_time\" content=\"2017-04-25T11:29:47+00:00\" \/>\n<meta name=\"author\" content=\"Hartmut Kliemt\" \/>\n<meta name=\"twitter:card\" content=\"summary_large_image\" \/>\n<meta name=\"twitter:label1\" content=\"Verfasst von\" \/>\n\t<meta name=\"twitter:data1\" content=\"Hartmut Kliemt\" \/>\n\t<meta name=\"twitter:label2\" content=\"Gesch\u00e4tzte Lesezeit\" \/>\n\t<meta name=\"twitter:data2\" content=\"2\u00a0Minuten\" \/>\n<script type=\"application\/ld+json\" class=\"yoast-schema-graph\">{\"@context\":\"https:\/\/schema.org\",\"@graph\":[{\"@type\":\"Article\",\"@id\":\"https:\/\/wirtschaftlichefreiheit.de\/wordpress\/?p=20758#article\",\"isPartOf\":{\"@id\":\"https:\/\/wirtschaftlichefreiheit.de\/wordpress\/?p=20758\"},\"author\":{\"name\":\"Hartmut Kliemt\",\"@id\":\"https:\/\/wirtschaftlichefreiheit.de\/wordpress\/#\/schema\/person\/0079c30c206c15c3422b97e512f9e4dd\"},\"headline\":\"Am aktuellen Rand Das BVB-AttentatEine Chance f\u00fcr die Wirtschaftsethik!\",\"datePublished\":\"2017-04-24T23:01:02+00:00\",\"dateModified\":\"2017-04-25T11:29:47+00:00\",\"mainEntityOfPage\":{\"@id\":\"https:\/\/wirtschaftlichefreiheit.de\/wordpress\/?p=20758\"},\"wordCount\":459,\"commentCount\":5,\"keywords\":[\"Attentat\",\"BVB\",\"Fu\u00dfball\",\"Leerverk\u00e4ufe\"],\"articleSection\":[\"Ethisches\",\"Fu\u00dfballerisches\",\"Kapitalistisches\"],\"inLanguage\":\"de\",\"potentialAction\":[{\"@type\":\"CommentAction\",\"name\":\"Comment\",\"target\":[\"https:\/\/wirtschaftlichefreiheit.de\/wordpress\/?p=20758#respond\"]}]},{\"@type\":\"WebPage\",\"@id\":\"https:\/\/wirtschaftlichefreiheit.de\/wordpress\/?p=20758\",\"url\":\"https:\/\/wirtschaftlichefreiheit.de\/wordpress\/?p=20758\",\"name\":\"Am aktuellen Rand Das BVB-AttentatEine Chance f\u00fcr die Wirtschaftsethik! - Wirtschaftliche Freiheit\",\"isPartOf\":{\"@id\":\"https:\/\/wirtschaftlichefreiheit.de\/wordpress\/#website\"},\"datePublished\":\"2017-04-24T23:01:02+00:00\",\"dateModified\":\"2017-04-25T11:29:47+00:00\",\"author\":{\"@id\":\"https:\/\/wirtschaftlichefreiheit.de\/wordpress\/#\/schema\/person\/0079c30c206c15c3422b97e512f9e4dd\"},\"breadcrumb\":{\"@id\":\"https:\/\/wirtschaftlichefreiheit.de\/wordpress\/?p=20758#breadcrumb\"},\"inLanguage\":\"de\",\"potentialAction\":[{\"@type\":\"ReadAction\",\"target\":[\"https:\/\/wirtschaftlichefreiheit.de\/wordpress\/?p=20758\"]}]},{\"@type\":\"BreadcrumbList\",\"@id\":\"https:\/\/wirtschaftlichefreiheit.de\/wordpress\/?p=20758#breadcrumb\",\"itemListElement\":[{\"@type\":\"ListItem\",\"position\":1,\"name\":\"Startseite\",\"item\":\"https:\/\/wirtschaftlichefreiheit.de\/wordpress\"},{\"@type\":\"ListItem\",\"position\":2,\"name\":\"Am aktuellen RandDas BVB-AttentatEine Chance f\u00fcr die Wirtschaftsethik!\"}]},{\"@type\":\"WebSite\",\"@id\":\"https:\/\/wirtschaftlichefreiheit.de\/wordpress\/#website\",\"url\":\"https:\/\/wirtschaftlichefreiheit.de\/wordpress\/\",\"name\":\"Wirtschaftliche Freiheit\",\"description\":\"Das ordnungspolitische Journal\",\"potentialAction\":[{\"@type\":\"SearchAction\",\"target\":{\"@type\":\"EntryPoint\",\"urlTemplate\":\"https:\/\/wirtschaftlichefreiheit.de\/wordpress\/?s={search_term_string}\"},\"query-input\":{\"@type\":\"PropertyValueSpecification\",\"valueRequired\":true,\"valueName\":\"search_term_string\"}}],\"inLanguage\":\"de\"},{\"@type\":\"Person\",\"@id\":\"https:\/\/wirtschaftlichefreiheit.de\/wordpress\/#\/schema\/person\/0079c30c206c15c3422b97e512f9e4dd\",\"name\":\"Hartmut Kliemt\",\"image\":{\"@type\":\"ImageObject\",\"inLanguage\":\"de\",\"@id\":\"https:\/\/wirtschaftlichefreiheit.de\/wordpress\/bilder\/hartmunt_kliemt2.jpg\",\"url\":\"https:\/\/wirtschaftlichefreiheit.de\/wordpress\/bilder\/hartmunt_kliemt2.jpg\",\"contentUrl\":\"https:\/\/wirtschaftlichefreiheit.de\/wordpress\/bilder\/hartmunt_kliemt2.jpg\",\"caption\":\"Hartmut Kliemt\"},\"description\":\"Justus-Liebig-Universit\u00e4t Gie\u00dfen\",\"url\":\"https:\/\/wirtschaftlichefreiheit.de\/wordpress\/?author=28\"}]}<\/script>\n<!-- \/ Yoast SEO plugin. -->","yoast_head_json":{"title":"Am aktuellen RandDas BVB-AttentatEine Chance f\u00fcr die Wirtschaftsethik! - Wirtschaftliche Freiheit","robots":{"index":"index","follow":"follow","max-snippet":"max-snippet:-1","max-image-preview":"max-image-preview:large","max-video-preview":"max-video-preview:-1"},"canonical":"https:\/\/wirtschaftlichefreiheit.de\/wordpress\/?p=20758","og_locale":"de_DE","og_type":"article","og_title":"Am aktuellen RandDas BVB-AttentatEine Chance f\u00fcr die Wirtschaftsethik! - Wirtschaftliche Freiheit","og_description":"Die Ereignisse um den Anschlag auf den Mannschaftsbus des Ballspielvereins Borussia 09 Dortmund zeigen wieder einmal auf, wie verh\u00e4ngnisvoll die zunehmende \u00d6konomisierung des Lebens im &hellip; \u201eAm aktuellen RandDas BVB-AttentatEine Chance f\u00fcr die Wirtschaftsethik!\u201c weiterlesen","og_url":"https:\/\/wirtschaftlichefreiheit.de\/wordpress\/?p=20758","og_site_name":"Wirtschaftliche Freiheit","article_published_time":"2017-04-24T23:01:02+00:00","article_modified_time":"2017-04-25T11:29:47+00:00","author":"Hartmut Kliemt","twitter_card":"summary_large_image","twitter_misc":{"Verfasst von":"Hartmut Kliemt","Gesch\u00e4tzte Lesezeit":"2\u00a0Minuten"},"schema":{"@context":"https:\/\/schema.org","@graph":[{"@type":"Article","@id":"https:\/\/wirtschaftlichefreiheit.de\/wordpress\/?p=20758#article","isPartOf":{"@id":"https:\/\/wirtschaftlichefreiheit.de\/wordpress\/?p=20758"},"author":{"name":"Hartmut Kliemt","@id":"https:\/\/wirtschaftlichefreiheit.de\/wordpress\/#\/schema\/person\/0079c30c206c15c3422b97e512f9e4dd"},"headline":"Am aktuellen Rand Das BVB-AttentatEine Chance f\u00fcr die Wirtschaftsethik!","datePublished":"2017-04-24T23:01:02+00:00","dateModified":"2017-04-25T11:29:47+00:00","mainEntityOfPage":{"@id":"https:\/\/wirtschaftlichefreiheit.de\/wordpress\/?p=20758"},"wordCount":459,"commentCount":5,"keywords":["Attentat","BVB","Fu\u00dfball","Leerverk\u00e4ufe"],"articleSection":["Ethisches","Fu\u00dfballerisches","Kapitalistisches"],"inLanguage":"de","potentialAction":[{"@type":"CommentAction","name":"Comment","target":["https:\/\/wirtschaftlichefreiheit.de\/wordpress\/?p=20758#respond"]}]},{"@type":"WebPage","@id":"https:\/\/wirtschaftlichefreiheit.de\/wordpress\/?p=20758","url":"https:\/\/wirtschaftlichefreiheit.de\/wordpress\/?p=20758","name":"Am aktuellen Rand Das BVB-AttentatEine Chance f\u00fcr die Wirtschaftsethik! - Wirtschaftliche Freiheit","isPartOf":{"@id":"https:\/\/wirtschaftlichefreiheit.de\/wordpress\/#website"},"datePublished":"2017-04-24T23:01:02+00:00","dateModified":"2017-04-25T11:29:47+00:00","author":{"@id":"https:\/\/wirtschaftlichefreiheit.de\/wordpress\/#\/schema\/person\/0079c30c206c15c3422b97e512f9e4dd"},"breadcrumb":{"@id":"https:\/\/wirtschaftlichefreiheit.de\/wordpress\/?p=20758#breadcrumb"},"inLanguage":"de","potentialAction":[{"@type":"ReadAction","target":["https:\/\/wirtschaftlichefreiheit.de\/wordpress\/?p=20758"]}]},{"@type":"BreadcrumbList","@id":"https:\/\/wirtschaftlichefreiheit.de\/wordpress\/?p=20758#breadcrumb","itemListElement":[{"@type":"ListItem","position":1,"name":"Startseite","item":"https:\/\/wirtschaftlichefreiheit.de\/wordpress"},{"@type":"ListItem","position":2,"name":"Am aktuellen RandDas BVB-AttentatEine Chance f\u00fcr die Wirtschaftsethik!"}]},{"@type":"WebSite","@id":"https:\/\/wirtschaftlichefreiheit.de\/wordpress\/#website","url":"https:\/\/wirtschaftlichefreiheit.de\/wordpress\/","name":"Wirtschaftliche Freiheit","description":"Das ordnungspolitische Journal","potentialAction":[{"@type":"SearchAction","target":{"@type":"EntryPoint","urlTemplate":"https:\/\/wirtschaftlichefreiheit.de\/wordpress\/?s={search_term_string}"},"query-input":{"@type":"PropertyValueSpecification","valueRequired":true,"valueName":"search_term_string"}}],"inLanguage":"de"},{"@type":"Person","@id":"https:\/\/wirtschaftlichefreiheit.de\/wordpress\/#\/schema\/person\/0079c30c206c15c3422b97e512f9e4dd","name":"Hartmut Kliemt","image":{"@type":"ImageObject","inLanguage":"de","@id":"https:\/\/wirtschaftlichefreiheit.de\/wordpress\/bilder\/hartmunt_kliemt2.jpg","url":"https:\/\/wirtschaftlichefreiheit.de\/wordpress\/bilder\/hartmunt_kliemt2.jpg","contentUrl":"https:\/\/wirtschaftlichefreiheit.de\/wordpress\/bilder\/hartmunt_kliemt2.jpg","caption":"Hartmut Kliemt"},"description":"Justus-Liebig-Universit\u00e4t Gie\u00dfen","url":"https:\/\/wirtschaftlichefreiheit.de\/wordpress\/?author=28"}]}},"_links":{"self":[{"href":"https:\/\/wirtschaftlichefreiheit.de\/wordpress\/index.php?rest_route=\/wp\/v2\/posts\/20758","targetHints":{"allow":["GET"]}}],"collection":[{"href":"https:\/\/wirtschaftlichefreiheit.de\/wordpress\/index.php?rest_route=\/wp\/v2\/posts"}],"about":[{"href":"https:\/\/wirtschaftlichefreiheit.de\/wordpress\/index.php?rest_route=\/wp\/v2\/types\/post"}],"author":[{"embeddable":true,"href":"https:\/\/wirtschaftlichefreiheit.de\/wordpress\/index.php?rest_route=\/wp\/v2\/users\/28"}],"replies":[{"embeddable":true,"href":"https:\/\/wirtschaftlichefreiheit.de\/wordpress\/index.php?rest_route=%2Fwp%2Fv2%2Fcomments&post=20758"}],"version-history":[{"count":3,"href":"https:\/\/wirtschaftlichefreiheit.de\/wordpress\/index.php?rest_route=\/wp\/v2\/posts\/20758\/revisions"}],"predecessor-version":[{"id":20763,"href":"https:\/\/wirtschaftlichefreiheit.de\/wordpress\/index.php?rest_route=\/wp\/v2\/posts\/20758\/revisions\/20763"}],"wp:attachment":[{"href":"https:\/\/wirtschaftlichefreiheit.de\/wordpress\/index.php?rest_route=%2Fwp%2Fv2%2Fmedia&parent=20758"}],"wp:term":[{"taxonomy":"category","embeddable":true,"href":"https:\/\/wirtschaftlichefreiheit.de\/wordpress\/index.php?rest_route=%2Fwp%2Fv2%2Fcategories&post=20758"},{"taxonomy":"post_tag","embeddable":true,"href":"https:\/\/wirtschaftlichefreiheit.de\/wordpress\/index.php?rest_route=%2Fwp%2Fv2%2Ftags&post=20758"}],"curies":[{"name":"wp","href":"https:\/\/api.w.org\/{rel}","templated":true}]}}