{"id":21793,"date":"2017-11-20T10:11:05","date_gmt":"2017-11-20T09:11:05","guid":{"rendered":"http:\/\/wirtschaftlichefreiheit.de\/wordpress\/?p=21793"},"modified":"2017-11-21T16:58:12","modified_gmt":"2017-11-21T15:58:12","slug":"gastbeitragzerbricht-simbabwe-oder-rappelt-es-sich-auf","status":"publish","type":"post","link":"https:\/\/wirtschaftlichefreiheit.de\/wordpress\/?p=21793","title":{"rendered":"<font size=3; color=grey>Gastbeitrag<\/font><br\/>Zerbricht Simbabwe oder rappelt es sich auf?"},"content":{"rendered":"<p><em>In Simbabwe hat das Milit\u00e4r den Despoten Robert Mugabe aus dem Amt geputscht. Nun steht das Land vor einer Zerrei\u00dfprobe. Es kann zu alter St\u00e4rke zur\u00fcckfinden \u2013 wenn es ein paar Bedingungen erf\u00fcllt. <\/em><\/p>\n<p><!--more--><\/p>\n<p>Mitte letzter Woche hat das Milit\u00e4r in Simbabwe den greisen Pr\u00e4sidenten Robert Mugabe aus dem Amt geputscht. Offiziell geschah das, um die Stabilit\u00e4t des Landes wiederherzustellen. Doch es ist fraglich, ob eine neue Regierung aus Mitgliedern der politischen Elite hier wirklich helfen kann. Schlie\u00dflich hat genau diese Elite seit den 1990er Jahren kein Interesse mehr an einer positiven Entwicklung des Landes \u2013 sondern arbeitet vor allem f\u00fcr sich selbst.<\/p>\n<p>Dabei waren die Voraussetzungen nach der Unabh\u00e4ngigkeit im Jahr 1980 gut. Beim \u00dcbergang der Regierung von Ian Smith auf Robert Mugabe funktionierte sowohl die Verwaltung als auch das Bildungssystem. Mugabe begann sehr liberal, sorgte weiterhin f\u00fcr gute Bildungspolitik und zog Kapital aus dem Ausland an. Simbabwe war das Vorzeigeland Afrikas. Das \u00e4nderte sich aber sp\u00e4testens im Verlauf der 1990er Jahre. Mugabe und seine Gefolgsleute fingen an, das Land auszubeuten.<\/p>\n<p>&#8211; Gerade die Landwirtschaft verfiel zusehends, neuesten Sch\u00e4tzungen zufolge ist die Produktivit\u00e4t der Farmen in den vergangenen 15 Jahren auf ein Viertel gefallen. Die angek\u00fcndigte und durchgesetzte Landreform bestand zuvorderst in der Enteignung und Ermordung wei\u00dfer Farmer und der Weiterreichung des Landes an Mitglieder der Elite. Die aber hatten an der Landwirtschaft weder Interesse noch irgendwelche Kenntnisse davon.<\/p>\n<p>&#8211; Die Gelpolitik Mugabes brachte vor etwa zehn Jahren die letzte Hyperinflation auf dem Globus (heute ist Venezuela einer solchen nahe) hervor. Sie f\u00fchrte zur Aufgabe des Simbabwe-Dollars und zur Einf\u00fchrung des US-Dollars. Auch zuletzt hat die Regierung Simbabwes wegen der chronischen Finanznot wieder die Notenpresse angeworfen.<\/p>\n<p>&#8211; Hinzu kommen Gewaltexzesse gegen Oppositionspolitiker, die im V\u00f6lkermord an Anh\u00e4ngern des wesentlichen Kontrahenten Mugabes in den 1980ern gipfelten. Aber auch in der j\u00fcngeren Vergangenheit ist Gewalt gegen Oppositionelle allt\u00e4glich gewesen, insbesondere vor Wahlen.<\/p>\n<p>&#8211; Nicht zuletzt deshalb sind in den vergangenen Jahrzehnten zahlreiche Simbabwer aus ihrem Land geflohen.<\/p>\n<p>Das gute Bildungssystem im Land allerdings produziert weiterhin Erfolge. Immer noch sind die jungen Menschen aus Simbabwe im Vergleich zu ihren Altersgenossen aus der Region sehr gut ausgebildet. Davon kann man sich in S\u00fcdafrika ein Bild machen, wo viele Simbabwer leben und arbeiten. Sie genie\u00dfen bei den Arbeitgebern und Gesch\u00e4ftspartnern einen ausgezeichneten Ruf.<\/p>\n<p>Vor diesem Hintergrund sind die Aussichten f\u00fcr die Zukunft des Landes \u00e4u\u00dferst unsicher. Sie schwanken zwischen der Einsch\u00e4tzung, dass die korrupten Eliten genauso weitermachen werden wie bisher, und der Hoffnung auf eine deutliche Verbesserung der Bedingungen und einen nachhaltigen Aufschwung.<\/p>\n<p>Die Pers\u00f6nlichkeiten der beiden momentan hoch gehandelten Pr\u00e4sidentschaftskandidaten und deren bisheriges Verhalten lassen zun\u00e4chst nur sehr begrenzte Hoffnung aufkeimen. Sowohl Milit\u00e4rchef Constantino Chiwenga als auch sein vermutlicher Konkurrent, der bisherige Vizepr\u00e4sident Emmerson Mnangagwa, haben bislang keine Reputation als Reformer. Stattdessen gelten sie als brutal in der Durchsetzung ihrer Interessen und als korrupt bis ins Mark.<\/p>\n<p style=\"text-align: center;\"><strong>Die neue Regierung wird im Fokus der Welt\u00f6ffentlichkeit stehen<\/strong><\/p>\n<p>Trotzdem besteht ein wenig Hoffnung, dass der neue Pr\u00e4sident das Land doch reformieren und voranbringen wird. Die neue Regierung wird im Fokus der Welt\u00f6ffentlichkeit stehen \u2013 und braucht Erfolge nach innen und au\u00dfen. Das betrifft zum einen die enorme Spaltung innerhalb der Bev\u00f6lkerung entlang der Stammeslinien und zum anderen die wirtschaftliche Lage des Landes.<\/p>\n<p>Man muss und kann nicht erwarten, dass vergangenes Unrecht vollst\u00e4ndig aufgearbeitet und ges\u00fchnt wird. Man k\u00f6nnte aber vielleicht so vorgehen, wie es S\u00fcdafrika vor etwa 25 Jahren mit der Wahrheits- und Vers\u00f6hnungskommission vorgemacht hat: Vers\u00f6hnung statt Rache. So l\u00e4sst sich die Spaltung des Landes mit kleinen Schritten vielleicht doch \u00fcberwinden.<\/p>\n<p>Was die wirtschaftliche Lage angeht, sollte die Regierung die gut ausgebildeten Simbabwer im Ausland umgarnen. Viele wollen zur\u00fcck. Die Befreiung von Robert Mugabe wird entsprechende Kr\u00e4fte freisetzen und Dynamik erzeugen. Dies kann die neue Regierung nutzen.<\/p>\n<p>Zudem wird die Bereitschaft, Simbabwe zu unterst\u00fctzen, in den OECD-L\u00e4ndern nach dem Fall Mugabes sicher au\u00dfergew\u00f6hnlich hoch sein. Dabei sollte es aber nicht so sehr um Entwicklungshilfe, sondern vor allem um wirtschaftliche Zusammenarbeit gehen. Mit Kooperation auf Augenh\u00f6he kann ein dynamischer Reformprozess erheblich bef\u00f6rdert werden.<\/p>\n<p>Die Bundesregierung sollte in diesem Zusammenhang schnell sein und sofort offensiv auf die Regierung in Harare, aber auch auf die deutsche Wirtschaft zugehen. In Simbabwe stecken gro\u00dfe Chancen f\u00fcr die dortige wie auch f\u00fcr die deutsche Wirtschaft. Allerdings nur, wenn es gelingt, eine neue Regierung in ihrem Bem\u00fchen um eine Verbesserung der Regierungsf\u00fchrung und des Lebensstandards der Bev\u00f6lkerung zu unterst\u00fctzen. Eine solche Chance haben vor allem die Menschen in Simbabwe verdient.<\/p>\n<p><strong>Hinweis:<\/strong> Der Beitrag ist am <a href=\"http:\/\/www.wiwo.de\/politik\/ausland\/freytags-frage-zerbricht-simbabwe-oder-rappelt-es-sich-auf\/20594272-all.html\">17. November 2017<\/a> in der Wirtschaftswoche erschienen.<\/p>\n<!-- AddThis Advanced Settings generic via filter on the_content --><!-- AddThis Share Buttons generic via filter on the_content --><!-- AddThis Related Posts generic via filter on the_content -->","protected":false},"excerpt":{"rendered":"<p>In Simbabwe hat das Milit\u00e4r den Despoten Robert Mugabe aus dem Amt geputscht. Nun steht das Land vor einer Zerrei\u00dfprobe. Es kann zu alter St\u00e4rke &hellip; <\/p>\n<p class=\"link-more\"><a href=\"https:\/\/wirtschaftlichefreiheit.de\/wordpress\/?p=21793\" class=\"more-link\"><span class=\"screen-reader-text\">\u201e<font size=3; color=grey>Gastbeitrag<\/font><br \/>Zerbricht Simbabwe oder rappelt es sich auf?\u201c <\/span>weiterlesen<\/a><\/p>\n<p><!-- AddThis Advanced Settings generic via filter on wp_trim_excerpt --><!-- AddThis Share Buttons generic via filter on wp_trim_excerpt --><!-- AddThis Related Posts generic via filter on wp_trim_excerpt --><\/p>\n","protected":false},"author":237,"featured_media":0,"comment_status":"open","ping_status":"open","sticky":false,"template":"","format":"standard","meta":{"footnotes":""},"categories":[2437],"tags":[2660,2659],"class_list":["post-21793","post","type-post","status-publish","format-standard","hentry","category-afrikanisches","tag-robert-mugabe","tag-simbabwe"],"yoast_head":"<!-- This site is optimized with the Yoast SEO plugin v27.2 - https:\/\/yoast.com\/product\/yoast-seo-wordpress\/ -->\n<title>GastbeitragZerbricht Simbabwe oder rappelt es sich auf? - Wirtschaftliche Freiheit<\/title>\n<meta name=\"robots\" content=\"index, follow, max-snippet:-1, max-image-preview:large, max-video-preview:-1\" \/>\n<link rel=\"canonical\" href=\"https:\/\/wirtschaftlichefreiheit.de\/wordpress\/?p=21793\" \/>\n<meta property=\"og:locale\" content=\"de_DE\" \/>\n<meta property=\"og:type\" content=\"article\" \/>\n<meta property=\"og:title\" content=\"GastbeitragZerbricht Simbabwe oder rappelt es sich auf? - Wirtschaftliche Freiheit\" \/>\n<meta property=\"og:description\" content=\"In Simbabwe hat das Milit\u00e4r den Despoten Robert Mugabe aus dem Amt geputscht. Nun steht das Land vor einer Zerrei\u00dfprobe. Es kann zu alter St\u00e4rke &hellip; \u201eGastbeitragZerbricht Simbabwe oder rappelt es sich auf?\u201c weiterlesen\" \/>\n<meta property=\"og:url\" content=\"https:\/\/wirtschaftlichefreiheit.de\/wordpress\/?p=21793\" \/>\n<meta property=\"og:site_name\" content=\"Wirtschaftliche Freiheit\" \/>\n<meta property=\"article:published_time\" content=\"2017-11-20T09:11:05+00:00\" \/>\n<meta property=\"article:modified_time\" content=\"2017-11-21T15:58:12+00:00\" \/>\n<meta name=\"author\" content=\"Andreas Freytag\" \/>\n<meta name=\"twitter:card\" content=\"summary_large_image\" \/>\n<meta name=\"twitter:label1\" content=\"Verfasst von\" \/>\n\t<meta name=\"twitter:data1\" content=\"Andreas Freytag\" \/>\n\t<meta name=\"twitter:label2\" content=\"Gesch\u00e4tzte Lesezeit\" \/>\n\t<meta name=\"twitter:data2\" content=\"4\u00a0Minuten\" \/>\n<script type=\"application\/ld+json\" class=\"yoast-schema-graph\">{\"@context\":\"https:\/\/schema.org\",\"@graph\":[{\"@type\":\"Article\",\"@id\":\"https:\/\/wirtschaftlichefreiheit.de\/wordpress\/?p=21793#article\",\"isPartOf\":{\"@id\":\"https:\/\/wirtschaftlichefreiheit.de\/wordpress\/?p=21793\"},\"author\":{\"name\":\"Andreas Freytag\",\"@id\":\"https:\/\/wirtschaftlichefreiheit.de\/wordpress\/#\/schema\/person\/f21155b517a9b0a4b49834647e216069\"},\"headline\":\"Gastbeitrag Zerbricht Simbabwe oder rappelt es sich auf?\",\"datePublished\":\"2017-11-20T09:11:05+00:00\",\"dateModified\":\"2017-11-21T15:58:12+00:00\",\"mainEntityOfPage\":{\"@id\":\"https:\/\/wirtschaftlichefreiheit.de\/wordpress\/?p=21793\"},\"wordCount\":811,\"commentCount\":0,\"keywords\":[\"Robert Mugabe\",\"Simbabwe\"],\"articleSection\":[\"Afrikanisches\"],\"inLanguage\":\"de\",\"potentialAction\":[{\"@type\":\"CommentAction\",\"name\":\"Comment\",\"target\":[\"https:\/\/wirtschaftlichefreiheit.de\/wordpress\/?p=21793#respond\"]}]},{\"@type\":\"WebPage\",\"@id\":\"https:\/\/wirtschaftlichefreiheit.de\/wordpress\/?p=21793\",\"url\":\"https:\/\/wirtschaftlichefreiheit.de\/wordpress\/?p=21793\",\"name\":\"Gastbeitrag Zerbricht Simbabwe oder rappelt es sich auf? - Wirtschaftliche Freiheit\",\"isPartOf\":{\"@id\":\"https:\/\/wirtschaftlichefreiheit.de\/wordpress\/#website\"},\"datePublished\":\"2017-11-20T09:11:05+00:00\",\"dateModified\":\"2017-11-21T15:58:12+00:00\",\"author\":{\"@id\":\"https:\/\/wirtschaftlichefreiheit.de\/wordpress\/#\/schema\/person\/f21155b517a9b0a4b49834647e216069\"},\"breadcrumb\":{\"@id\":\"https:\/\/wirtschaftlichefreiheit.de\/wordpress\/?p=21793#breadcrumb\"},\"inLanguage\":\"de\",\"potentialAction\":[{\"@type\":\"ReadAction\",\"target\":[\"https:\/\/wirtschaftlichefreiheit.de\/wordpress\/?p=21793\"]}]},{\"@type\":\"BreadcrumbList\",\"@id\":\"https:\/\/wirtschaftlichefreiheit.de\/wordpress\/?p=21793#breadcrumb\",\"itemListElement\":[{\"@type\":\"ListItem\",\"position\":1,\"name\":\"Startseite\",\"item\":\"https:\/\/wirtschaftlichefreiheit.de\/wordpress\"},{\"@type\":\"ListItem\",\"position\":2,\"name\":\"GastbeitragZerbricht Simbabwe oder rappelt es sich auf?\"}]},{\"@type\":\"WebSite\",\"@id\":\"https:\/\/wirtschaftlichefreiheit.de\/wordpress\/#website\",\"url\":\"https:\/\/wirtschaftlichefreiheit.de\/wordpress\/\",\"name\":\"Wirtschaftliche Freiheit\",\"description\":\"Das ordnungspolitische Journal\",\"potentialAction\":[{\"@type\":\"SearchAction\",\"target\":{\"@type\":\"EntryPoint\",\"urlTemplate\":\"https:\/\/wirtschaftlichefreiheit.de\/wordpress\/?s={search_term_string}\"},\"query-input\":{\"@type\":\"PropertyValueSpecification\",\"valueRequired\":true,\"valueName\":\"search_term_string\"}}],\"inLanguage\":\"de\"},{\"@type\":\"Person\",\"@id\":\"https:\/\/wirtschaftlichefreiheit.de\/wordpress\/#\/schema\/person\/f21155b517a9b0a4b49834647e216069\",\"name\":\"Andreas Freytag\",\"image\":{\"@type\":\"ImageObject\",\"inLanguage\":\"de\",\"@id\":\"https:\/\/wirtschaftlichefreiheit.de\/wordpress\/bilder\/agu_3002-kopie.jpg\",\"url\":\"https:\/\/wirtschaftlichefreiheit.de\/wordpress\/bilder\/agu_3002-kopie.jpg\",\"contentUrl\":\"https:\/\/wirtschaftlichefreiheit.de\/wordpress\/bilder\/agu_3002-kopie.jpg\",\"caption\":\"Andreas Freytag\"},\"description\":\"Friedrich-Schiller-Universit\u00e4t Jena\",\"url\":\"https:\/\/wirtschaftlichefreiheit.de\/wordpress\/?author=237\"}]}<\/script>\n<!-- \/ Yoast SEO plugin. -->","yoast_head_json":{"title":"GastbeitragZerbricht Simbabwe oder rappelt es sich auf? - Wirtschaftliche Freiheit","robots":{"index":"index","follow":"follow","max-snippet":"max-snippet:-1","max-image-preview":"max-image-preview:large","max-video-preview":"max-video-preview:-1"},"canonical":"https:\/\/wirtschaftlichefreiheit.de\/wordpress\/?p=21793","og_locale":"de_DE","og_type":"article","og_title":"GastbeitragZerbricht Simbabwe oder rappelt es sich auf? - Wirtschaftliche Freiheit","og_description":"In Simbabwe hat das Milit\u00e4r den Despoten Robert Mugabe aus dem Amt geputscht. Nun steht das Land vor einer Zerrei\u00dfprobe. Es kann zu alter St\u00e4rke &hellip; \u201eGastbeitragZerbricht Simbabwe oder rappelt es sich auf?\u201c weiterlesen","og_url":"https:\/\/wirtschaftlichefreiheit.de\/wordpress\/?p=21793","og_site_name":"Wirtschaftliche Freiheit","article_published_time":"2017-11-20T09:11:05+00:00","article_modified_time":"2017-11-21T15:58:12+00:00","author":"Andreas Freytag","twitter_card":"summary_large_image","twitter_misc":{"Verfasst von":"Andreas Freytag","Gesch\u00e4tzte Lesezeit":"4\u00a0Minuten"},"schema":{"@context":"https:\/\/schema.org","@graph":[{"@type":"Article","@id":"https:\/\/wirtschaftlichefreiheit.de\/wordpress\/?p=21793#article","isPartOf":{"@id":"https:\/\/wirtschaftlichefreiheit.de\/wordpress\/?p=21793"},"author":{"name":"Andreas Freytag","@id":"https:\/\/wirtschaftlichefreiheit.de\/wordpress\/#\/schema\/person\/f21155b517a9b0a4b49834647e216069"},"headline":"Gastbeitrag Zerbricht Simbabwe oder rappelt es sich auf?","datePublished":"2017-11-20T09:11:05+00:00","dateModified":"2017-11-21T15:58:12+00:00","mainEntityOfPage":{"@id":"https:\/\/wirtschaftlichefreiheit.de\/wordpress\/?p=21793"},"wordCount":811,"commentCount":0,"keywords":["Robert Mugabe","Simbabwe"],"articleSection":["Afrikanisches"],"inLanguage":"de","potentialAction":[{"@type":"CommentAction","name":"Comment","target":["https:\/\/wirtschaftlichefreiheit.de\/wordpress\/?p=21793#respond"]}]},{"@type":"WebPage","@id":"https:\/\/wirtschaftlichefreiheit.de\/wordpress\/?p=21793","url":"https:\/\/wirtschaftlichefreiheit.de\/wordpress\/?p=21793","name":"Gastbeitrag Zerbricht Simbabwe oder rappelt es sich auf? - Wirtschaftliche Freiheit","isPartOf":{"@id":"https:\/\/wirtschaftlichefreiheit.de\/wordpress\/#website"},"datePublished":"2017-11-20T09:11:05+00:00","dateModified":"2017-11-21T15:58:12+00:00","author":{"@id":"https:\/\/wirtschaftlichefreiheit.de\/wordpress\/#\/schema\/person\/f21155b517a9b0a4b49834647e216069"},"breadcrumb":{"@id":"https:\/\/wirtschaftlichefreiheit.de\/wordpress\/?p=21793#breadcrumb"},"inLanguage":"de","potentialAction":[{"@type":"ReadAction","target":["https:\/\/wirtschaftlichefreiheit.de\/wordpress\/?p=21793"]}]},{"@type":"BreadcrumbList","@id":"https:\/\/wirtschaftlichefreiheit.de\/wordpress\/?p=21793#breadcrumb","itemListElement":[{"@type":"ListItem","position":1,"name":"Startseite","item":"https:\/\/wirtschaftlichefreiheit.de\/wordpress"},{"@type":"ListItem","position":2,"name":"GastbeitragZerbricht Simbabwe oder rappelt es sich auf?"}]},{"@type":"WebSite","@id":"https:\/\/wirtschaftlichefreiheit.de\/wordpress\/#website","url":"https:\/\/wirtschaftlichefreiheit.de\/wordpress\/","name":"Wirtschaftliche Freiheit","description":"Das ordnungspolitische Journal","potentialAction":[{"@type":"SearchAction","target":{"@type":"EntryPoint","urlTemplate":"https:\/\/wirtschaftlichefreiheit.de\/wordpress\/?s={search_term_string}"},"query-input":{"@type":"PropertyValueSpecification","valueRequired":true,"valueName":"search_term_string"}}],"inLanguage":"de"},{"@type":"Person","@id":"https:\/\/wirtschaftlichefreiheit.de\/wordpress\/#\/schema\/person\/f21155b517a9b0a4b49834647e216069","name":"Andreas Freytag","image":{"@type":"ImageObject","inLanguage":"de","@id":"https:\/\/wirtschaftlichefreiheit.de\/wordpress\/bilder\/agu_3002-kopie.jpg","url":"https:\/\/wirtschaftlichefreiheit.de\/wordpress\/bilder\/agu_3002-kopie.jpg","contentUrl":"https:\/\/wirtschaftlichefreiheit.de\/wordpress\/bilder\/agu_3002-kopie.jpg","caption":"Andreas Freytag"},"description":"Friedrich-Schiller-Universit\u00e4t Jena","url":"https:\/\/wirtschaftlichefreiheit.de\/wordpress\/?author=237"}]}},"_links":{"self":[{"href":"https:\/\/wirtschaftlichefreiheit.de\/wordpress\/index.php?rest_route=\/wp\/v2\/posts\/21793","targetHints":{"allow":["GET"]}}],"collection":[{"href":"https:\/\/wirtschaftlichefreiheit.de\/wordpress\/index.php?rest_route=\/wp\/v2\/posts"}],"about":[{"href":"https:\/\/wirtschaftlichefreiheit.de\/wordpress\/index.php?rest_route=\/wp\/v2\/types\/post"}],"author":[{"embeddable":true,"href":"https:\/\/wirtschaftlichefreiheit.de\/wordpress\/index.php?rest_route=\/wp\/v2\/users\/237"}],"replies":[{"embeddable":true,"href":"https:\/\/wirtschaftlichefreiheit.de\/wordpress\/index.php?rest_route=%2Fwp%2Fv2%2Fcomments&post=21793"}],"version-history":[{"count":4,"href":"https:\/\/wirtschaftlichefreiheit.de\/wordpress\/index.php?rest_route=\/wp\/v2\/posts\/21793\/revisions"}],"predecessor-version":[{"id":21803,"href":"https:\/\/wirtschaftlichefreiheit.de\/wordpress\/index.php?rest_route=\/wp\/v2\/posts\/21793\/revisions\/21803"}],"wp:attachment":[{"href":"https:\/\/wirtschaftlichefreiheit.de\/wordpress\/index.php?rest_route=%2Fwp%2Fv2%2Fmedia&parent=21793"}],"wp:term":[{"taxonomy":"category","embeddable":true,"href":"https:\/\/wirtschaftlichefreiheit.de\/wordpress\/index.php?rest_route=%2Fwp%2Fv2%2Fcategories&post=21793"},{"taxonomy":"post_tag","embeddable":true,"href":"https:\/\/wirtschaftlichefreiheit.de\/wordpress\/index.php?rest_route=%2Fwp%2Fv2%2Ftags&post=21793"}],"curies":[{"name":"wp","href":"https:\/\/api.w.org\/{rel}","templated":true}]}}