{"id":22176,"date":"2018-01-27T07:51:06","date_gmt":"2018-01-27T06:51:06","guid":{"rendered":"http:\/\/wirtschaftlichefreiheit.de\/wordpress\/?p=22176"},"modified":"2018-01-27T08:40:14","modified_gmt":"2018-01-27T07:40:14","slug":"gastbeitragkann-davos-die-protektionismus-spirale-beenden","status":"publish","type":"post","link":"https:\/\/wirtschaftlichefreiheit.de\/wordpress\/?p=22176","title":{"rendered":"<font size=3; color=grey>Gastbeitrag<\/font><br\/>Kann Davos die Protektionismus-Spirale beenden?"},"content":{"rendered":"<p><em>In dieser Woche fand das j\u00e4hrliche Treffen des World Economic Forums (WEF) in Davos unter dem Motto \u201eF\u00fcr eine gemeinsame Zukunft in einer zersplitterten Welt\u201c statt. Wie immer hatten sich mehrere tausend Entscheider versammelt, um \u00fcber die Zukunftsfragen der Menschheit zu diskutieren. Entscheidungen gab es nicht. Immerhin konnte das Forum Impulse geben und Diskussionsthemen auf die globale Agenda setzen.<\/em><\/p>\n<p><!--more--><\/p>\n<p>In diesem Jahr ist in Davos viel \u00fcber Freihandel und Protektionismus gesprochen worden. Anlass daf\u00fcr geben unter anderem die neuesten Protektionsma\u00dfnahmen der Vereinigten Staaten (USA) gegen Solarpanel, die vornehmlich aus China kommen, und Waschmaschinen. Tats\u00e4chlich ist der Markt f\u00fcr Solarpanel offenkundig durch Subventionen der chinesischen Regierung verzerrt, wie die deutschen Solarhersteller leidvoll erfahren mussten. F\u00fcr Waschmaschinen gilt das aber nur in geringerem Ma\u00dfe \u2013 wenn \u00fcberhaupt. Dort scheint es eher ein amerikanisches Qualit\u00e4tsproblem zu geben. Damit wird sowohl die Freiheit als auch die Kaufkraft amerikanischer Konsumenten eingeschr\u00e4nkt.<\/p>\n<p>Nat\u00fcrlich wirkt sich Protektionismus auf die Hersteller im eigenen Land zun\u00e4chst einmal positiv aus. Pr\u00e4sident Trump wird mit den Worten zitiert, die USA w\u00fcrden jetzt wieder ihre eigenen Produkte herstellen. Und tats\u00e4chlich wird es kurzfristig neue Jobs in den USA geben, wenn dort mehr Solarpanel und Waschmaschinen produziert werden.<\/p>\n<p>Die Kehrseite ist der Kaufkraftverlust amerikanischer Konsumenten, weil Waschmaschinen und Solarpanel tendenziell teurer werden. Er wird dazu f\u00fchren, dass andere Produkte weniger nachgefragt werden. Die Folge davon wiederrum: Jobverluste in anderen Branchen. Das Problem ist, dass man weder die Anzahl noch den betroffenen Sektor der Jobverluste vorhersagen kann. Ebenso wenig ist es m\u00f6glich, die Verluste direkt den Protektionsma\u00dfnahmen zuzuordnen. Wenn also in K\u00fcrze anderswo amerikanische Arbeitspl\u00e4tze unter Druck geraten, wird der Pr\u00e4sident wieder einen neuen Schuldigen daf\u00fcr finden. Bezahlen werden die Politik Trumps also die amerikanischen Konsumenten \u2013 so oder so.<\/p>\n<p>Der amerikanische Handelsminister Ross geht sogar noch weiter als Trump und w\u00e4hlt eine noch sch\u00e4rfere Rhetorik als der Pr\u00e4sident. Er spricht in Davos offen von amerikanischen Truppen, die nun im Handelskrieg eingesetzt w\u00fcrden. Damit zeigt er sein fundamentales Unverst\u00e4ndnis \u00fcber den wesentlichen Sinn des Freihandels: Er ist ein Friedensprojekt, und er erh\u00f6ht die individuellen Freiheiten, und zwar gerade der \u00e4rmsten Teile der Bev\u00f6lkerung. Beides scheint dieser amerikanischen Regierung vergleichsweise unwichtig zu sein.<\/p>\n<p>Wie zu erwarten, sieht Kanzlerin Merkel die Dinge deutlich anders \u2013 sie fragte Ain Davos explizit, ob wir aus der Geschichte gelernt h\u00e4tten. Wen sie damit meinte, lie\u00df sie offen. Sie warb f\u00fcr Offenheit und regelgebundene Konfliktbew\u00e4ltigung. Auch der indische Premier Modi hat bei der Er\u00f6ffnung des Forums vor dem Ende der Globalisierung gewarnt und immer wieder \u2013 wenn auch indirekt \u2013 auf deren Friedenswirkung hingewiesen.<\/p>\n<p>Ganz \u00e4hnlich tritt seit langem der kanadische Premier Justin Trudeau auf, dessen Land neben dem europ\u00e4isch-kanadischen regionalen Handelsabkommen (CETA) nun auch der transpazifischen Partnerschaft (TPP) beitritt. Dabei war es Trudeau, der f\u00fcr eine noch umfassendere transpazifische Partnerschaft (nun CPTPP) eintrat. Beide Projekte finden ohne die USA statt, und beide d\u00fcrften wohlfahrtsteigernd und diplomatisch bedeutsam sein. Premierminister Trudeau hat auch deutlich gemacht, dass die T\u00fcr f\u00fcr die USA nie komplett zufallen wird.<\/p>\n<p>Das letzte Wort auf dem Weltwirtschaftsforum hat dieses Mal der amerikanische Pr\u00e4sident, der im vergangenen Jahr die Veranstaltung noch verh\u00f6hnte. Im Grunde ist es allerdings nicht besonders bedeutsam, wie sich der Pr\u00e4sident in Davos \u00e4u\u00dfert. Denn eine besonders lange Halbwertszeit haben die Reden aus Davon ohnehin nicht.<\/p>\n<p>Im vergangenen Jahr richtete der chinesische Pr\u00e4sident Xi Jinping geradezu einen freih\u00e4ndlerischen Appell an die Welt und pries China als die Alternative zu den USA in Sachen Offenheit und freiem Austausch von G\u00fctern und Diensten an. Davon ist nach einem Jahr nicht mehr viel \u00fcbrig. \u00c4hnlich nachhaltig d\u00fcrfte die Rede des US-Pr\u00e4sidenten in Davos sein \u2013 ob feurig oder nicht.<\/p>\n<p>Viel wichtiger sind die handelspolitischen Ma\u00dfnahmen und m\u00f6glichen Gegenma\u00dfnahmen der betroffenen L\u00e4nder, z.B. Chinas oder der Europ\u00e4ischen Union (EU). Sollte es wirklich zu einem Handelskrieg ohne Einbeziehung der Welthandelsorganisation (WTO) kommen, w\u00e4re der Schaden f\u00fcr die Beteiligten, aber auch die gesamte Weltwirtschaft in der langen Frist erheblich h\u00f6her als der Nutzen.<\/p>\n<p>Allerdings hat das Get\u00f6se Trumps auch etwas Gutes: Die Anh\u00e4nger einer friedlichen und offenen Welt r\u00fccken zusammen. Selbst die Globalisierungsgegner, die in den vergangenen Jahren in Davos protestierten, sind leiser geworden. Entweder sie glauben sich durch Pr\u00e4sident Trump angemessen vertreten, oder sie \u00fcberdenken gerade ihre Position vor dem Hintergrund der gleicherma\u00dfen unangenehmen Nebenger\u00e4usche und Nebenwirkungen eines protektionistischen Programms.<\/p>\n<p>An dieser Stelle kann das Weltwirtschaftsforum tats\u00e4chlich einen hohen Nutzen erzielen, n\u00e4mlich dadurch, dass die rationalen Akteure \u2013 und das sind mit wenigen allerdings prominenten Ausnahmen doch wohl die meisten Teilnehmer des Forums \u2013 nicht nur \u00f6ffentlich f\u00fcr offene M\u00e4rkte werben, sondern auch die Kommunikationskan\u00e4le zu den vern\u00fcnftigen Politikern und Beamten in den USA und anderswo \u00f6ffnen beziehungsweise aufrecht erhalten. Insofern kann das Forum tats\u00e4chlichen einen Beitrag zum Stopp einer Protektionismus-Spirale leisten.<\/p>\n<p><strong>Hinweis:<\/strong> Der Beitrag erschien am <a href=\"http:\/\/www.wiwo.de\/politik\/ausland\/freytags-frage-kann-davos-die-protektionismus-spirale-beenden\/20886676.html\">26. Januar 20<\/a>18 in der Rubrik &#8222;Freytags-Frage&#8220; in der Wirtschaftswoche.<\/p>\n<!-- AddThis Advanced Settings generic via filter on the_content --><!-- AddThis Share Buttons generic via filter on the_content --><!-- AddThis Related Posts generic via filter on the_content -->","protected":false},"excerpt":{"rendered":"<p>In dieser Woche fand das j\u00e4hrliche Treffen des World Economic Forums (WEF) in Davos unter dem Motto \u201eF\u00fcr eine gemeinsame Zukunft in einer zersplitterten Welt\u201c &hellip; <\/p>\n<p class=\"link-more\"><a href=\"https:\/\/wirtschaftlichefreiheit.de\/wordpress\/?p=22176\" class=\"more-link\"><span class=\"screen-reader-text\">\u201e<font size=3; color=grey>Gastbeitrag<\/font><br \/>Kann Davos die Protektionismus-Spirale beenden?\u201c <\/span>weiterlesen<\/a><\/p>\n<p><!-- AddThis Advanced Settings generic via filter on wp_trim_excerpt --><!-- AddThis Share Buttons generic via filter on wp_trim_excerpt --><!-- AddThis Related Posts generic via filter on wp_trim_excerpt --><\/p>\n","protected":false},"author":237,"featured_media":0,"comment_status":"open","ping_status":"open","sticky":false,"template":"","format":"standard","meta":{"footnotes":""},"categories":[1200,2364],"tags":[2718,2251,539,331],"class_list":["post-22176","post","type-post","status-publish","format-standard","hentry","category-freihandlerisches","category-protektionistisches","tag-davos","tag-donald-trump","tag-freihandel","tag-protektionismus"],"yoast_head":"<!-- This site is optimized with the Yoast SEO plugin v27.2 - https:\/\/yoast.com\/product\/yoast-seo-wordpress\/ -->\n<title>GastbeitragKann Davos die Protektionismus-Spirale beenden? - Wirtschaftliche Freiheit<\/title>\n<meta name=\"robots\" content=\"index, follow, max-snippet:-1, max-image-preview:large, max-video-preview:-1\" \/>\n<link rel=\"canonical\" href=\"https:\/\/wirtschaftlichefreiheit.de\/wordpress\/?p=22176\" \/>\n<meta property=\"og:locale\" content=\"de_DE\" \/>\n<meta property=\"og:type\" content=\"article\" \/>\n<meta property=\"og:title\" content=\"GastbeitragKann Davos die Protektionismus-Spirale beenden? - Wirtschaftliche Freiheit\" \/>\n<meta property=\"og:description\" content=\"In dieser Woche fand das j\u00e4hrliche Treffen des World Economic Forums (WEF) in Davos unter dem Motto \u201eF\u00fcr eine gemeinsame Zukunft in einer zersplitterten Welt\u201c &hellip; \u201eGastbeitragKann Davos die Protektionismus-Spirale beenden?\u201c weiterlesen\" \/>\n<meta property=\"og:url\" content=\"https:\/\/wirtschaftlichefreiheit.de\/wordpress\/?p=22176\" \/>\n<meta property=\"og:site_name\" content=\"Wirtschaftliche Freiheit\" \/>\n<meta property=\"article:published_time\" content=\"2018-01-27T06:51:06+00:00\" \/>\n<meta property=\"article:modified_time\" content=\"2018-01-27T07:40:14+00:00\" \/>\n<meta name=\"author\" content=\"Andreas Freytag\" \/>\n<meta name=\"twitter:card\" content=\"summary_large_image\" \/>\n<meta name=\"twitter:label1\" content=\"Verfasst von\" \/>\n\t<meta name=\"twitter:data1\" content=\"Andreas Freytag\" \/>\n\t<meta name=\"twitter:label2\" content=\"Gesch\u00e4tzte Lesezeit\" \/>\n\t<meta name=\"twitter:data2\" content=\"4\u00a0Minuten\" \/>\n<script type=\"application\/ld+json\" class=\"yoast-schema-graph\">{\"@context\":\"https:\/\/schema.org\",\"@graph\":[{\"@type\":\"Article\",\"@id\":\"https:\/\/wirtschaftlichefreiheit.de\/wordpress\/?p=22176#article\",\"isPartOf\":{\"@id\":\"https:\/\/wirtschaftlichefreiheit.de\/wordpress\/?p=22176\"},\"author\":{\"name\":\"Andreas Freytag\",\"@id\":\"https:\/\/wirtschaftlichefreiheit.de\/wordpress\/#\/schema\/person\/f21155b517a9b0a4b49834647e216069\"},\"headline\":\"Gastbeitrag Kann Davos die Protektionismus-Spirale beenden?\",\"datePublished\":\"2018-01-27T06:51:06+00:00\",\"dateModified\":\"2018-01-27T07:40:14+00:00\",\"mainEntityOfPage\":{\"@id\":\"https:\/\/wirtschaftlichefreiheit.de\/wordpress\/?p=22176\"},\"wordCount\":863,\"commentCount\":0,\"keywords\":[\"Davos\",\"Donald Trump\",\"Freihandel\",\"Protektionismus\"],\"articleSection\":[\"Freih\u00e4ndlerisches\",\"Protektionistisches\"],\"inLanguage\":\"de\",\"potentialAction\":[{\"@type\":\"CommentAction\",\"name\":\"Comment\",\"target\":[\"https:\/\/wirtschaftlichefreiheit.de\/wordpress\/?p=22176#respond\"]}]},{\"@type\":\"WebPage\",\"@id\":\"https:\/\/wirtschaftlichefreiheit.de\/wordpress\/?p=22176\",\"url\":\"https:\/\/wirtschaftlichefreiheit.de\/wordpress\/?p=22176\",\"name\":\"Gastbeitrag Kann Davos die Protektionismus-Spirale beenden? - Wirtschaftliche Freiheit\",\"isPartOf\":{\"@id\":\"https:\/\/wirtschaftlichefreiheit.de\/wordpress\/#website\"},\"datePublished\":\"2018-01-27T06:51:06+00:00\",\"dateModified\":\"2018-01-27T07:40:14+00:00\",\"author\":{\"@id\":\"https:\/\/wirtschaftlichefreiheit.de\/wordpress\/#\/schema\/person\/f21155b517a9b0a4b49834647e216069\"},\"breadcrumb\":{\"@id\":\"https:\/\/wirtschaftlichefreiheit.de\/wordpress\/?p=22176#breadcrumb\"},\"inLanguage\":\"de\",\"potentialAction\":[{\"@type\":\"ReadAction\",\"target\":[\"https:\/\/wirtschaftlichefreiheit.de\/wordpress\/?p=22176\"]}]},{\"@type\":\"BreadcrumbList\",\"@id\":\"https:\/\/wirtschaftlichefreiheit.de\/wordpress\/?p=22176#breadcrumb\",\"itemListElement\":[{\"@type\":\"ListItem\",\"position\":1,\"name\":\"Startseite\",\"item\":\"https:\/\/wirtschaftlichefreiheit.de\/wordpress\"},{\"@type\":\"ListItem\",\"position\":2,\"name\":\"GastbeitragKann Davos die Protektionismus-Spirale beenden?\"}]},{\"@type\":\"WebSite\",\"@id\":\"https:\/\/wirtschaftlichefreiheit.de\/wordpress\/#website\",\"url\":\"https:\/\/wirtschaftlichefreiheit.de\/wordpress\/\",\"name\":\"Wirtschaftliche Freiheit\",\"description\":\"Das ordnungspolitische Journal\",\"potentialAction\":[{\"@type\":\"SearchAction\",\"target\":{\"@type\":\"EntryPoint\",\"urlTemplate\":\"https:\/\/wirtschaftlichefreiheit.de\/wordpress\/?s={search_term_string}\"},\"query-input\":{\"@type\":\"PropertyValueSpecification\",\"valueRequired\":true,\"valueName\":\"search_term_string\"}}],\"inLanguage\":\"de\"},{\"@type\":\"Person\",\"@id\":\"https:\/\/wirtschaftlichefreiheit.de\/wordpress\/#\/schema\/person\/f21155b517a9b0a4b49834647e216069\",\"name\":\"Andreas Freytag\",\"image\":{\"@type\":\"ImageObject\",\"inLanguage\":\"de\",\"@id\":\"https:\/\/wirtschaftlichefreiheit.de\/wordpress\/bilder\/agu_3002-kopie.jpg\",\"url\":\"https:\/\/wirtschaftlichefreiheit.de\/wordpress\/bilder\/agu_3002-kopie.jpg\",\"contentUrl\":\"https:\/\/wirtschaftlichefreiheit.de\/wordpress\/bilder\/agu_3002-kopie.jpg\",\"caption\":\"Andreas Freytag\"},\"description\":\"Friedrich-Schiller-Universit\u00e4t Jena\",\"url\":\"https:\/\/wirtschaftlichefreiheit.de\/wordpress\/?author=237\"}]}<\/script>\n<!-- \/ Yoast SEO plugin. -->","yoast_head_json":{"title":"GastbeitragKann Davos die Protektionismus-Spirale beenden? - Wirtschaftliche Freiheit","robots":{"index":"index","follow":"follow","max-snippet":"max-snippet:-1","max-image-preview":"max-image-preview:large","max-video-preview":"max-video-preview:-1"},"canonical":"https:\/\/wirtschaftlichefreiheit.de\/wordpress\/?p=22176","og_locale":"de_DE","og_type":"article","og_title":"GastbeitragKann Davos die Protektionismus-Spirale beenden? - Wirtschaftliche Freiheit","og_description":"In dieser Woche fand das j\u00e4hrliche Treffen des World Economic Forums (WEF) in Davos unter dem Motto \u201eF\u00fcr eine gemeinsame Zukunft in einer zersplitterten Welt\u201c &hellip; \u201eGastbeitragKann Davos die Protektionismus-Spirale beenden?\u201c weiterlesen","og_url":"https:\/\/wirtschaftlichefreiheit.de\/wordpress\/?p=22176","og_site_name":"Wirtschaftliche Freiheit","article_published_time":"2018-01-27T06:51:06+00:00","article_modified_time":"2018-01-27T07:40:14+00:00","author":"Andreas Freytag","twitter_card":"summary_large_image","twitter_misc":{"Verfasst von":"Andreas Freytag","Gesch\u00e4tzte Lesezeit":"4\u00a0Minuten"},"schema":{"@context":"https:\/\/schema.org","@graph":[{"@type":"Article","@id":"https:\/\/wirtschaftlichefreiheit.de\/wordpress\/?p=22176#article","isPartOf":{"@id":"https:\/\/wirtschaftlichefreiheit.de\/wordpress\/?p=22176"},"author":{"name":"Andreas Freytag","@id":"https:\/\/wirtschaftlichefreiheit.de\/wordpress\/#\/schema\/person\/f21155b517a9b0a4b49834647e216069"},"headline":"Gastbeitrag Kann Davos die Protektionismus-Spirale beenden?","datePublished":"2018-01-27T06:51:06+00:00","dateModified":"2018-01-27T07:40:14+00:00","mainEntityOfPage":{"@id":"https:\/\/wirtschaftlichefreiheit.de\/wordpress\/?p=22176"},"wordCount":863,"commentCount":0,"keywords":["Davos","Donald Trump","Freihandel","Protektionismus"],"articleSection":["Freih\u00e4ndlerisches","Protektionistisches"],"inLanguage":"de","potentialAction":[{"@type":"CommentAction","name":"Comment","target":["https:\/\/wirtschaftlichefreiheit.de\/wordpress\/?p=22176#respond"]}]},{"@type":"WebPage","@id":"https:\/\/wirtschaftlichefreiheit.de\/wordpress\/?p=22176","url":"https:\/\/wirtschaftlichefreiheit.de\/wordpress\/?p=22176","name":"Gastbeitrag Kann Davos die Protektionismus-Spirale beenden? - Wirtschaftliche Freiheit","isPartOf":{"@id":"https:\/\/wirtschaftlichefreiheit.de\/wordpress\/#website"},"datePublished":"2018-01-27T06:51:06+00:00","dateModified":"2018-01-27T07:40:14+00:00","author":{"@id":"https:\/\/wirtschaftlichefreiheit.de\/wordpress\/#\/schema\/person\/f21155b517a9b0a4b49834647e216069"},"breadcrumb":{"@id":"https:\/\/wirtschaftlichefreiheit.de\/wordpress\/?p=22176#breadcrumb"},"inLanguage":"de","potentialAction":[{"@type":"ReadAction","target":["https:\/\/wirtschaftlichefreiheit.de\/wordpress\/?p=22176"]}]},{"@type":"BreadcrumbList","@id":"https:\/\/wirtschaftlichefreiheit.de\/wordpress\/?p=22176#breadcrumb","itemListElement":[{"@type":"ListItem","position":1,"name":"Startseite","item":"https:\/\/wirtschaftlichefreiheit.de\/wordpress"},{"@type":"ListItem","position":2,"name":"GastbeitragKann Davos die Protektionismus-Spirale beenden?"}]},{"@type":"WebSite","@id":"https:\/\/wirtschaftlichefreiheit.de\/wordpress\/#website","url":"https:\/\/wirtschaftlichefreiheit.de\/wordpress\/","name":"Wirtschaftliche Freiheit","description":"Das ordnungspolitische Journal","potentialAction":[{"@type":"SearchAction","target":{"@type":"EntryPoint","urlTemplate":"https:\/\/wirtschaftlichefreiheit.de\/wordpress\/?s={search_term_string}"},"query-input":{"@type":"PropertyValueSpecification","valueRequired":true,"valueName":"search_term_string"}}],"inLanguage":"de"},{"@type":"Person","@id":"https:\/\/wirtschaftlichefreiheit.de\/wordpress\/#\/schema\/person\/f21155b517a9b0a4b49834647e216069","name":"Andreas Freytag","image":{"@type":"ImageObject","inLanguage":"de","@id":"https:\/\/wirtschaftlichefreiheit.de\/wordpress\/bilder\/agu_3002-kopie.jpg","url":"https:\/\/wirtschaftlichefreiheit.de\/wordpress\/bilder\/agu_3002-kopie.jpg","contentUrl":"https:\/\/wirtschaftlichefreiheit.de\/wordpress\/bilder\/agu_3002-kopie.jpg","caption":"Andreas Freytag"},"description":"Friedrich-Schiller-Universit\u00e4t Jena","url":"https:\/\/wirtschaftlichefreiheit.de\/wordpress\/?author=237"}]}},"_links":{"self":[{"href":"https:\/\/wirtschaftlichefreiheit.de\/wordpress\/index.php?rest_route=\/wp\/v2\/posts\/22176","targetHints":{"allow":["GET"]}}],"collection":[{"href":"https:\/\/wirtschaftlichefreiheit.de\/wordpress\/index.php?rest_route=\/wp\/v2\/posts"}],"about":[{"href":"https:\/\/wirtschaftlichefreiheit.de\/wordpress\/index.php?rest_route=\/wp\/v2\/types\/post"}],"author":[{"embeddable":true,"href":"https:\/\/wirtschaftlichefreiheit.de\/wordpress\/index.php?rest_route=\/wp\/v2\/users\/237"}],"replies":[{"embeddable":true,"href":"https:\/\/wirtschaftlichefreiheit.de\/wordpress\/index.php?rest_route=%2Fwp%2Fv2%2Fcomments&post=22176"}],"version-history":[{"count":7,"href":"https:\/\/wirtschaftlichefreiheit.de\/wordpress\/index.php?rest_route=\/wp\/v2\/posts\/22176\/revisions"}],"predecessor-version":[{"id":22183,"href":"https:\/\/wirtschaftlichefreiheit.de\/wordpress\/index.php?rest_route=\/wp\/v2\/posts\/22176\/revisions\/22183"}],"wp:attachment":[{"href":"https:\/\/wirtschaftlichefreiheit.de\/wordpress\/index.php?rest_route=%2Fwp%2Fv2%2Fmedia&parent=22176"}],"wp:term":[{"taxonomy":"category","embeddable":true,"href":"https:\/\/wirtschaftlichefreiheit.de\/wordpress\/index.php?rest_route=%2Fwp%2Fv2%2Fcategories&post=22176"},{"taxonomy":"post_tag","embeddable":true,"href":"https:\/\/wirtschaftlichefreiheit.de\/wordpress\/index.php?rest_route=%2Fwp%2Fv2%2Ftags&post=22176"}],"curies":[{"name":"wp","href":"https:\/\/api.w.org\/{rel}","templated":true}]}}