{"id":23184,"date":"2018-07-08T00:01:00","date_gmt":"2018-07-07T23:01:00","guid":{"rendered":"http:\/\/wirtschaftlichefreiheit.de\/wordpress\/?p=23184"},"modified":"2018-07-24T08:20:14","modified_gmt":"2018-07-24T07:20:14","slug":"gastbeitragwie-kann-man-die-luecken-auf-dem-arbeitsmarkt-schliessen","status":"publish","type":"post","link":"https:\/\/wirtschaftlichefreiheit.de\/wordpress\/?p=23184","title":{"rendered":"<font size=3; color=grey>Gastbeitrag <\/font><br\/>Wie kann man die L\u00fccken auf dem Arbeitsmarkt schlie\u00dfen?"},"content":{"rendered":"<p><em>Deutschland fehlt es an Handwerkern und Altenpflegern. Woran es nicht mangelt sind Akademiker. Wie sich dieser Missstand beheben l\u00e4sst.<\/em><\/p>\n<p>Die Bauindustrie boomt in Deutschland. Seitdem die Europ\u00e4ische Zentralbank (EZB) die Zinsen auf null gesenkt hat, sind Baukredite sehr g\u00fcnstig zu haben. Dies nutzen viele Bauherren, um ein Eigenheim zu errichten oder um notwendige Sanierungsarbeiten und Reparaturen durchf\u00fchren zu lassen. Doch es ist nicht immer einfach, die dazu ben\u00f6tigten Gewerke in ausreichender Zahl und Qualit\u00e4t zu finden.<\/p>\n<p><!--more--><\/p>\n<p>Inzwischen habt vermutlich jede Bundesb\u00fcrgerin und jeder Bundesb\u00fcrger mindestens einmal auf den Handwerker warten m\u00fcssen oder zu h\u00f6ren bekommen, dass Termine auf absehbare Zeit nicht m\u00f6glich sind. Dabei w\u00fcrde man erwarten, dass die Aussicht auf gutes Geld viele junge Menschen dazu bringt, als Handwerker zu arbeiten und eine Lehre dort zu beginnen.<\/p>\n<p>Leider ist es nicht so. Denn ganz im Gegensatz zur st\u00e4ndig wiederholten Geschichte der zu geringen Akademisierung in Deutschland fehlen vor allem Handwerker und andere Berufsgruppen mit einer dualen Ausbildung wie zum Beispiel Pflegekr\u00e4fte. Au\u00dferdem hat die Landwirtschaft gerade damit zu k\u00e4mpfen, dass Erntehelfer fehlen.<\/p>\n<p>Die Ursachen f\u00fcr diese M\u00e4ngel sind nicht \u00fcberall gleich; dennoch ist ein Muster erkennbar. Es sind mehrere Gr\u00fcnde, die uns in diese Lage gebracht haben.<\/p>\n<p>&#8211; Zum ersten hat es in den vergangenen Jahrzehnten einen Trend zur Akademisierung junger Menschen gegeben, der von verschiedenen internationalen Vergleichen und durch massive Beeinflussung seitens internationaler Organisationen, namentlich der OECD, befeuert wurde. In der Tat liegt die deutsche Akademikerquote unter der finnischen.<\/p>\n<p>&#8211; Zudem wollen zweitens viele Eltern f\u00fcr ihre Kinder keine Ausbildung, sondern m\u00f6chten, dass sie studieren. Als Konsequenz dieser Nachfrageausdehnung werden \u00fcberall in Deutschland Hochschulen gegr\u00fcndet, die dann diese Schulabg\u00e4nger absorbieren. Zweifel sind angebracht, ob das f\u00fcr alle Studierenden immer die richtige Wahl ist.<\/p>\n<p>&#8211; Allerdings wurde dabei drittens systematisch unterschlagen, dass die deutsche duale Ausbildung vielfach einem Studium in anderen L\u00e4ndern entspricht. W\u00e4hrend man in Gro\u00dfbritannien \u201cNursing\u201c, also die Arbeit einer Krankenschwester studiert, wird die Ausbildung hierzulande traditionell als Lehre organisiert. Diese Art der Ausbildung ist weltweit nahezu einmalig und wurde jahrelang \u2013 vor allem von der OECD \u2013 systematisch untersch\u00e4tzt. Inzwischen hat man sich ihrer wieder erinnert. Immer wieder wird sie auch f\u00fcr andere L\u00e4nder vorgeschlagen.<\/p>\n<p>&#8211; Dessen ungeachtet bleiben viertens die Geh\u00e4lter, die in manchen Ausbildungsberufen nach Ende der Ausbildung gezahlt werden, hinter den kolportierten Geh\u00e4ltern in akademischen Berufen zur\u00fcck. Dies gilt mit Sicherheit f\u00fcr die Gesundheitsberufe, in denen die Knappheit sehr hoch ist, was sich aber nicht auf die Zahlungsbereitschaft der direkten Nachfrager, also der Krankenh\u00e4user und Pflegeheime, sowie deren Patienten und der dahinterstehenden Krankenkassen auswirkt.<\/p>\n<p>&#8211; Hinzu kommt, dass viele Deutsche nicht bereit zu sein scheinen, f\u00fcr Dienstleistungen einen angemessenen Preis zu bezahlen. Handwerkerarbeiten werden h\u00e4ufig selber durchgef\u00fchrt \u2013 ungeachtet der dann zu erwartenden Qualit\u00e4tsmangel. Nebenbei bemerkt best\u00e4rkt die Absage von Handwerkbetrieben wegen voller Kapazit\u00e4tsauslastung diesen Trend nur.<\/p>\n<p><strong>Wie sich der Mismatch auf dem Arbeitsmarkt beheben l\u00e4sst<\/strong><\/p>\n<p>Es besteht also ein erheblicher Mismatch auf dem Arbeitsmarkt, der sich in Zukunft sicherlich nicht so leicht abstellen l\u00e4sst. Denn um gute Handwerker einstellen zu k\u00f6nnen, m\u00fcssen die Betriebe sie zun\u00e4chst ausbilden. Wenn zu wenige junge Menschen dazu bereit sind, muss die Politik etwas tun.<\/p>\n<p>Ein Weg w\u00e4ren Studiengeb\u00fchren, die die relativen Preise zwischen einer bezahlten Ausbildungsstelle und einer zu bezahlenden akademischen Ausbildung etwas ver\u00e4ndern d\u00fcrften; die Ausbildung gew\u00e4nne an Attraktivit\u00e4t. Es ist ohnehin nicht nachvollziehbar, dass man alle Steuerzahler heranzieht, um einer Minderheit (denn das sind Studierende immer noch), die zumeist noch aus Akademikerhaushalten (also aus relativ gutverdienenden Familien) stammt, die Ausbildung zu finanzieren, mit deren Hilfe dann wieder h\u00f6here Geh\u00e4lter erm\u00f6glicht werden. Das soziale Argument kann hier nicht \u00fcberzeugen, da man durch ein gro\u00dfz\u00fcgiges (und aus Studiengeb\u00fchren zu finanzierendes) Stipendiensystem auch Kindern aus einkommensschwachen Haushalten ein Studium erm\u00f6glichen k\u00f6nnte (wenn man es politisch wollte).<\/p>\n<p>Ein weiterer Weg best\u00fcnde darin, die L\u00f6hne in den Berufen mit Arbeitskr\u00e4ftemangel anzuheben. Dies gilt vor allem f\u00fcr den Gesundheitssektor, sollte aber auch im Handwerk gelten. Nat\u00fcrlich m\u00fcssten Kunden dann h\u00f6here Preise zahlen. Aber die Alternative \u2013 kein Angebot \u2013 ist bei vor allem bei Pflegediensten, aber auch bei Handwerksleistungen, die nicht jeder erledigen kann, auch nicht \u00fcberzeugend.<\/p>\n<p>Schlie\u00dflich w\u00e4re es eine wichtige Aufgabe f\u00fcr ein Einwanderungsgesetz, dass diejenigen anspricht, die bereits in Deutschland sind, die entsprechenden Bedingungen zu schaffen, damit heimische Unternehmen, junge Ausl\u00e4nderinnen und Ausl\u00e4nder einstellen und ausbilden k\u00f6nnen. Viel ist von Integration die Rede, zu selten wird sie realisiert.<\/p>\n<p>All diese Ma\u00dfnahmen sind nicht leicht, und sie werden nicht \u00fcber Nacht greifen. Je l\u00e4nger wir damit aber warten, desto dr\u00e4ngender wird das Problem. Heute wird der Spargel nicht geerntet, was \u00e4rgerlich aber nicht lebenswichtig ist. Morgen wird vielleicht das Dach nicht gedeckt, und \u00fcbermorgen die Oma nicht gepflegt; das sind schon schwerwiegende Probleme. Wir sollten es nicht soweit kommen lassen.<\/p>\n<p><strong>Hinweis:<\/strong> Der Beitrag erschien am <a href=\"https:\/\/www.wiwo.de\/politik\/deutschland\/freytags-frage-wie-kann-man-die-luecken-auf-dem-arbeitsmarkt-schliessen\/22746038.html\">29. Juni 2018<\/a> in der Wirtschaftswoche.<\/p>\n<!-- AddThis Advanced Settings generic via filter on the_content --><!-- AddThis Share Buttons generic via filter on the_content --><!-- AddThis Related Posts generic via filter on the_content -->","protected":false},"excerpt":{"rendered":"<p>Deutschland fehlt es an Handwerkern und Altenpflegern. Woran es nicht mangelt sind Akademiker. Wie sich dieser Missstand beheben l\u00e4sst. Die Bauindustrie boomt in Deutschland. Seitdem &hellip; <\/p>\n<p class=\"link-more\"><a href=\"https:\/\/wirtschaftlichefreiheit.de\/wordpress\/?p=23184\" class=\"more-link\"><span class=\"screen-reader-text\">\u201e<font size=3; color=grey>Gastbeitrag <\/font><br \/>Wie kann man die L\u00fccken auf dem Arbeitsmarkt schlie\u00dfen?\u201c <\/span>weiterlesen<\/a><\/p>\n<p><!-- AddThis Advanced Settings generic via filter on wp_trim_excerpt --><!-- AddThis Share Buttons generic via filter on wp_trim_excerpt --><!-- AddThis Related Posts generic via filter on wp_trim_excerpt --><\/p>\n","protected":false},"author":237,"featured_media":23217,"comment_status":"open","ping_status":"open","sticky":false,"template":"","format":"standard","meta":{"footnotes":""},"categories":[3,1707],"tags":[282,1995,2640,320,436,181],"class_list":["post-23184","post","type-post","status-publish","format-standard","has-post-thumbnail","hentry","category-arbeit","category-arbeitsmarktpolitisches","tag-arbeitsmarkt","tag-einwanderungsgesetz","tag-freytag","tag-lohnpolitik","tag-mismatch","tag-studiengebuehren"],"yoast_head":"<!-- This site is optimized with the Yoast SEO plugin v27.2 - https:\/\/yoast.com\/product\/yoast-seo-wordpress\/ -->\n<title>Gastbeitrag Wie kann man die L\u00fccken auf dem Arbeitsmarkt schlie\u00dfen? - Wirtschaftliche Freiheit<\/title>\n<meta name=\"robots\" content=\"index, follow, max-snippet:-1, max-image-preview:large, max-video-preview:-1\" \/>\n<link rel=\"canonical\" href=\"https:\/\/wirtschaftlichefreiheit.de\/wordpress\/?p=23184\" \/>\n<meta property=\"og:locale\" content=\"de_DE\" \/>\n<meta property=\"og:type\" content=\"article\" \/>\n<meta property=\"og:title\" content=\"Gastbeitrag Wie kann man die L\u00fccken auf dem Arbeitsmarkt schlie\u00dfen? - Wirtschaftliche Freiheit\" \/>\n<meta property=\"og:description\" content=\"Deutschland fehlt es an Handwerkern und Altenpflegern. Woran es nicht mangelt sind Akademiker. Wie sich dieser Missstand beheben l\u00e4sst. Die Bauindustrie boomt in Deutschland. Seitdem &hellip; \u201eGastbeitrag Wie kann man die L\u00fccken auf dem Arbeitsmarkt schlie\u00dfen?\u201c weiterlesen\" \/>\n<meta property=\"og:url\" content=\"https:\/\/wirtschaftlichefreiheit.de\/wordpress\/?p=23184\" \/>\n<meta property=\"og:site_name\" content=\"Wirtschaftliche Freiheit\" \/>\n<meta property=\"article:published_time\" content=\"2018-07-07T23:01:00+00:00\" \/>\n<meta property=\"article:modified_time\" content=\"2018-07-24T07:20:14+00:00\" \/>\n<meta property=\"og:image\" content=\"https:\/\/wirtschaftlichefreiheit.de\/wordpress\/bilder\/shield-1020318__340.jpg\" \/>\n\t<meta property=\"og:image:width\" content=\"513\" \/>\n\t<meta property=\"og:image:height\" content=\"340\" \/>\n\t<meta property=\"og:image:type\" content=\"image\/jpeg\" \/>\n<meta name=\"author\" content=\"Andreas Freytag\" \/>\n<meta name=\"twitter:card\" content=\"summary_large_image\" \/>\n<meta name=\"twitter:label1\" content=\"Verfasst von\" \/>\n\t<meta name=\"twitter:data1\" content=\"Andreas Freytag\" \/>\n\t<meta name=\"twitter:label2\" content=\"Gesch\u00e4tzte Lesezeit\" \/>\n\t<meta name=\"twitter:data2\" content=\"4\u00a0Minuten\" \/>\n<script type=\"application\/ld+json\" class=\"yoast-schema-graph\">{\"@context\":\"https:\/\/schema.org\",\"@graph\":[{\"@type\":\"Article\",\"@id\":\"https:\/\/wirtschaftlichefreiheit.de\/wordpress\/?p=23184#article\",\"isPartOf\":{\"@id\":\"https:\/\/wirtschaftlichefreiheit.de\/wordpress\/?p=23184\"},\"author\":{\"name\":\"Andreas Freytag\",\"@id\":\"https:\/\/wirtschaftlichefreiheit.de\/wordpress\/#\/schema\/person\/f21155b517a9b0a4b49834647e216069\"},\"headline\":\"Gastbeitrag Wie kann man die L\u00fccken auf dem Arbeitsmarkt schlie\u00dfen?\",\"datePublished\":\"2018-07-07T23:01:00+00:00\",\"dateModified\":\"2018-07-24T07:20:14+00:00\",\"mainEntityOfPage\":{\"@id\":\"https:\/\/wirtschaftlichefreiheit.de\/wordpress\/?p=23184\"},\"wordCount\":874,\"commentCount\":0,\"image\":{\"@id\":\"https:\/\/wirtschaftlichefreiheit.de\/wordpress\/?p=23184#primaryimage\"},\"thumbnailUrl\":\"https:\/\/wirtschaftlichefreiheit.de\/wordpress\/bilder\/shield-1020318__340.jpg\",\"keywords\":[\"Arbeitsmarkt\",\"Einwanderungsgesetz\",\"Freytag\",\"Lohnpolitik\",\"Mismatch\",\"Studiengeb\u00fchren\"],\"articleSection\":[\"Arbeit\",\"Arbeitsmarktpolitisches\"],\"inLanguage\":\"de\",\"potentialAction\":[{\"@type\":\"CommentAction\",\"name\":\"Comment\",\"target\":[\"https:\/\/wirtschaftlichefreiheit.de\/wordpress\/?p=23184#respond\"]}]},{\"@type\":\"WebPage\",\"@id\":\"https:\/\/wirtschaftlichefreiheit.de\/wordpress\/?p=23184\",\"url\":\"https:\/\/wirtschaftlichefreiheit.de\/wordpress\/?p=23184\",\"name\":\"Gastbeitrag Wie kann man die L\u00fccken auf dem Arbeitsmarkt schlie\u00dfen? - Wirtschaftliche Freiheit\",\"isPartOf\":{\"@id\":\"https:\/\/wirtschaftlichefreiheit.de\/wordpress\/#website\"},\"primaryImageOfPage\":{\"@id\":\"https:\/\/wirtschaftlichefreiheit.de\/wordpress\/?p=23184#primaryimage\"},\"image\":{\"@id\":\"https:\/\/wirtschaftlichefreiheit.de\/wordpress\/?p=23184#primaryimage\"},\"thumbnailUrl\":\"https:\/\/wirtschaftlichefreiheit.de\/wordpress\/bilder\/shield-1020318__340.jpg\",\"datePublished\":\"2018-07-07T23:01:00+00:00\",\"dateModified\":\"2018-07-24T07:20:14+00:00\",\"author\":{\"@id\":\"https:\/\/wirtschaftlichefreiheit.de\/wordpress\/#\/schema\/person\/f21155b517a9b0a4b49834647e216069\"},\"breadcrumb\":{\"@id\":\"https:\/\/wirtschaftlichefreiheit.de\/wordpress\/?p=23184#breadcrumb\"},\"inLanguage\":\"de\",\"potentialAction\":[{\"@type\":\"ReadAction\",\"target\":[\"https:\/\/wirtschaftlichefreiheit.de\/wordpress\/?p=23184\"]}]},{\"@type\":\"ImageObject\",\"inLanguage\":\"de\",\"@id\":\"https:\/\/wirtschaftlichefreiheit.de\/wordpress\/?p=23184#primaryimage\",\"url\":\"https:\/\/wirtschaftlichefreiheit.de\/wordpress\/bilder\/shield-1020318__340.jpg\",\"contentUrl\":\"https:\/\/wirtschaftlichefreiheit.de\/wordpress\/bilder\/shield-1020318__340.jpg\",\"width\":513,\"height\":340},{\"@type\":\"BreadcrumbList\",\"@id\":\"https:\/\/wirtschaftlichefreiheit.de\/wordpress\/?p=23184#breadcrumb\",\"itemListElement\":[{\"@type\":\"ListItem\",\"position\":1,\"name\":\"Startseite\",\"item\":\"https:\/\/wirtschaftlichefreiheit.de\/wordpress\"},{\"@type\":\"ListItem\",\"position\":2,\"name\":\"Gastbeitrag Wie kann man die L\u00fccken auf dem Arbeitsmarkt schlie\u00dfen?\"}]},{\"@type\":\"WebSite\",\"@id\":\"https:\/\/wirtschaftlichefreiheit.de\/wordpress\/#website\",\"url\":\"https:\/\/wirtschaftlichefreiheit.de\/wordpress\/\",\"name\":\"Wirtschaftliche Freiheit\",\"description\":\"Das ordnungspolitische Journal\",\"potentialAction\":[{\"@type\":\"SearchAction\",\"target\":{\"@type\":\"EntryPoint\",\"urlTemplate\":\"https:\/\/wirtschaftlichefreiheit.de\/wordpress\/?s={search_term_string}\"},\"query-input\":{\"@type\":\"PropertyValueSpecification\",\"valueRequired\":true,\"valueName\":\"search_term_string\"}}],\"inLanguage\":\"de\"},{\"@type\":\"Person\",\"@id\":\"https:\/\/wirtschaftlichefreiheit.de\/wordpress\/#\/schema\/person\/f21155b517a9b0a4b49834647e216069\",\"name\":\"Andreas Freytag\",\"image\":{\"@type\":\"ImageObject\",\"inLanguage\":\"de\",\"@id\":\"https:\/\/wirtschaftlichefreiheit.de\/wordpress\/bilder\/agu_3002-kopie.jpg\",\"url\":\"https:\/\/wirtschaftlichefreiheit.de\/wordpress\/bilder\/agu_3002-kopie.jpg\",\"contentUrl\":\"https:\/\/wirtschaftlichefreiheit.de\/wordpress\/bilder\/agu_3002-kopie.jpg\",\"caption\":\"Andreas Freytag\"},\"description\":\"Friedrich-Schiller-Universit\u00e4t Jena\",\"url\":\"https:\/\/wirtschaftlichefreiheit.de\/wordpress\/?author=237\"}]}<\/script>\n<!-- \/ Yoast SEO plugin. -->","yoast_head_json":{"title":"Gastbeitrag Wie kann man die L\u00fccken auf dem Arbeitsmarkt schlie\u00dfen? - Wirtschaftliche Freiheit","robots":{"index":"index","follow":"follow","max-snippet":"max-snippet:-1","max-image-preview":"max-image-preview:large","max-video-preview":"max-video-preview:-1"},"canonical":"https:\/\/wirtschaftlichefreiheit.de\/wordpress\/?p=23184","og_locale":"de_DE","og_type":"article","og_title":"Gastbeitrag Wie kann man die L\u00fccken auf dem Arbeitsmarkt schlie\u00dfen? - Wirtschaftliche Freiheit","og_description":"Deutschland fehlt es an Handwerkern und Altenpflegern. Woran es nicht mangelt sind Akademiker. Wie sich dieser Missstand beheben l\u00e4sst. Die Bauindustrie boomt in Deutschland. Seitdem &hellip; \u201eGastbeitrag Wie kann man die L\u00fccken auf dem Arbeitsmarkt schlie\u00dfen?\u201c weiterlesen","og_url":"https:\/\/wirtschaftlichefreiheit.de\/wordpress\/?p=23184","og_site_name":"Wirtschaftliche Freiheit","article_published_time":"2018-07-07T23:01:00+00:00","article_modified_time":"2018-07-24T07:20:14+00:00","og_image":[{"width":513,"height":340,"url":"https:\/\/wirtschaftlichefreiheit.de\/wordpress\/bilder\/shield-1020318__340.jpg","type":"image\/jpeg"}],"author":"Andreas Freytag","twitter_card":"summary_large_image","twitter_misc":{"Verfasst von":"Andreas Freytag","Gesch\u00e4tzte Lesezeit":"4\u00a0Minuten"},"schema":{"@context":"https:\/\/schema.org","@graph":[{"@type":"Article","@id":"https:\/\/wirtschaftlichefreiheit.de\/wordpress\/?p=23184#article","isPartOf":{"@id":"https:\/\/wirtschaftlichefreiheit.de\/wordpress\/?p=23184"},"author":{"name":"Andreas Freytag","@id":"https:\/\/wirtschaftlichefreiheit.de\/wordpress\/#\/schema\/person\/f21155b517a9b0a4b49834647e216069"},"headline":"Gastbeitrag Wie kann man die L\u00fccken auf dem Arbeitsmarkt schlie\u00dfen?","datePublished":"2018-07-07T23:01:00+00:00","dateModified":"2018-07-24T07:20:14+00:00","mainEntityOfPage":{"@id":"https:\/\/wirtschaftlichefreiheit.de\/wordpress\/?p=23184"},"wordCount":874,"commentCount":0,"image":{"@id":"https:\/\/wirtschaftlichefreiheit.de\/wordpress\/?p=23184#primaryimage"},"thumbnailUrl":"https:\/\/wirtschaftlichefreiheit.de\/wordpress\/bilder\/shield-1020318__340.jpg","keywords":["Arbeitsmarkt","Einwanderungsgesetz","Freytag","Lohnpolitik","Mismatch","Studiengeb\u00fchren"],"articleSection":["Arbeit","Arbeitsmarktpolitisches"],"inLanguage":"de","potentialAction":[{"@type":"CommentAction","name":"Comment","target":["https:\/\/wirtschaftlichefreiheit.de\/wordpress\/?p=23184#respond"]}]},{"@type":"WebPage","@id":"https:\/\/wirtschaftlichefreiheit.de\/wordpress\/?p=23184","url":"https:\/\/wirtschaftlichefreiheit.de\/wordpress\/?p=23184","name":"Gastbeitrag Wie kann man die L\u00fccken auf dem Arbeitsmarkt schlie\u00dfen? - Wirtschaftliche Freiheit","isPartOf":{"@id":"https:\/\/wirtschaftlichefreiheit.de\/wordpress\/#website"},"primaryImageOfPage":{"@id":"https:\/\/wirtschaftlichefreiheit.de\/wordpress\/?p=23184#primaryimage"},"image":{"@id":"https:\/\/wirtschaftlichefreiheit.de\/wordpress\/?p=23184#primaryimage"},"thumbnailUrl":"https:\/\/wirtschaftlichefreiheit.de\/wordpress\/bilder\/shield-1020318__340.jpg","datePublished":"2018-07-07T23:01:00+00:00","dateModified":"2018-07-24T07:20:14+00:00","author":{"@id":"https:\/\/wirtschaftlichefreiheit.de\/wordpress\/#\/schema\/person\/f21155b517a9b0a4b49834647e216069"},"breadcrumb":{"@id":"https:\/\/wirtschaftlichefreiheit.de\/wordpress\/?p=23184#breadcrumb"},"inLanguage":"de","potentialAction":[{"@type":"ReadAction","target":["https:\/\/wirtschaftlichefreiheit.de\/wordpress\/?p=23184"]}]},{"@type":"ImageObject","inLanguage":"de","@id":"https:\/\/wirtschaftlichefreiheit.de\/wordpress\/?p=23184#primaryimage","url":"https:\/\/wirtschaftlichefreiheit.de\/wordpress\/bilder\/shield-1020318__340.jpg","contentUrl":"https:\/\/wirtschaftlichefreiheit.de\/wordpress\/bilder\/shield-1020318__340.jpg","width":513,"height":340},{"@type":"BreadcrumbList","@id":"https:\/\/wirtschaftlichefreiheit.de\/wordpress\/?p=23184#breadcrumb","itemListElement":[{"@type":"ListItem","position":1,"name":"Startseite","item":"https:\/\/wirtschaftlichefreiheit.de\/wordpress"},{"@type":"ListItem","position":2,"name":"Gastbeitrag Wie kann man die L\u00fccken auf dem Arbeitsmarkt schlie\u00dfen?"}]},{"@type":"WebSite","@id":"https:\/\/wirtschaftlichefreiheit.de\/wordpress\/#website","url":"https:\/\/wirtschaftlichefreiheit.de\/wordpress\/","name":"Wirtschaftliche Freiheit","description":"Das ordnungspolitische Journal","potentialAction":[{"@type":"SearchAction","target":{"@type":"EntryPoint","urlTemplate":"https:\/\/wirtschaftlichefreiheit.de\/wordpress\/?s={search_term_string}"},"query-input":{"@type":"PropertyValueSpecification","valueRequired":true,"valueName":"search_term_string"}}],"inLanguage":"de"},{"@type":"Person","@id":"https:\/\/wirtschaftlichefreiheit.de\/wordpress\/#\/schema\/person\/f21155b517a9b0a4b49834647e216069","name":"Andreas Freytag","image":{"@type":"ImageObject","inLanguage":"de","@id":"https:\/\/wirtschaftlichefreiheit.de\/wordpress\/bilder\/agu_3002-kopie.jpg","url":"https:\/\/wirtschaftlichefreiheit.de\/wordpress\/bilder\/agu_3002-kopie.jpg","contentUrl":"https:\/\/wirtschaftlichefreiheit.de\/wordpress\/bilder\/agu_3002-kopie.jpg","caption":"Andreas Freytag"},"description":"Friedrich-Schiller-Universit\u00e4t Jena","url":"https:\/\/wirtschaftlichefreiheit.de\/wordpress\/?author=237"}]}},"_links":{"self":[{"href":"https:\/\/wirtschaftlichefreiheit.de\/wordpress\/index.php?rest_route=\/wp\/v2\/posts\/23184","targetHints":{"allow":["GET"]}}],"collection":[{"href":"https:\/\/wirtschaftlichefreiheit.de\/wordpress\/index.php?rest_route=\/wp\/v2\/posts"}],"about":[{"href":"https:\/\/wirtschaftlichefreiheit.de\/wordpress\/index.php?rest_route=\/wp\/v2\/types\/post"}],"author":[{"embeddable":true,"href":"https:\/\/wirtschaftlichefreiheit.de\/wordpress\/index.php?rest_route=\/wp\/v2\/users\/237"}],"replies":[{"embeddable":true,"href":"https:\/\/wirtschaftlichefreiheit.de\/wordpress\/index.php?rest_route=%2Fwp%2Fv2%2Fcomments&post=23184"}],"version-history":[{"count":6,"href":"https:\/\/wirtschaftlichefreiheit.de\/wordpress\/index.php?rest_route=\/wp\/v2\/posts\/23184\/revisions"}],"predecessor-version":[{"id":23313,"href":"https:\/\/wirtschaftlichefreiheit.de\/wordpress\/index.php?rest_route=\/wp\/v2\/posts\/23184\/revisions\/23313"}],"wp:featuredmedia":[{"embeddable":true,"href":"https:\/\/wirtschaftlichefreiheit.de\/wordpress\/index.php?rest_route=\/wp\/v2\/media\/23217"}],"wp:attachment":[{"href":"https:\/\/wirtschaftlichefreiheit.de\/wordpress\/index.php?rest_route=%2Fwp%2Fv2%2Fmedia&parent=23184"}],"wp:term":[{"taxonomy":"category","embeddable":true,"href":"https:\/\/wirtschaftlichefreiheit.de\/wordpress\/index.php?rest_route=%2Fwp%2Fv2%2Fcategories&post=23184"},{"taxonomy":"post_tag","embeddable":true,"href":"https:\/\/wirtschaftlichefreiheit.de\/wordpress\/index.php?rest_route=%2Fwp%2Fv2%2Ftags&post=23184"}],"curies":[{"name":"wp","href":"https:\/\/api.w.org\/{rel}","templated":true}]}}