{"id":23230,"date":"2018-07-10T05:51:23","date_gmt":"2018-07-10T04:51:23","guid":{"rendered":"http:\/\/wirtschaftlichefreiheit.de\/wordpress\/?p=23230"},"modified":"2018-07-10T06:02:12","modified_gmt":"2018-07-10T05:02:12","slug":"und-nun-ein-soft-brexit","status":"publish","type":"post","link":"https:\/\/wirtschaftlichefreiheit.de\/wordpress\/?p=23230","title":{"rendered":"Und nun ein Soft-Brexit? <br\/><font size=3; color=grey>5 Thesen zu mehr Freihandel<\/font>"},"content":{"rendered":"<p>1) Die britische Regierung unter Theresa May strebt einen Strategiewechsel in den Brexit-Verhandlungen an: Der Austritt aus der EU soll nun doch nicht vollst\u00e4ndig und ohne R\u00fccksicht auf heimische Wirtschaftsinteressen vonstattengehen. Vielmehr will Gro\u00dfbritannien (GB) f\u00fcr Industrieg\u00fcter und Landwirtschaftsprodukte nunmehr eine Freihandelsposition gegen\u00fcber der EU einnehmen. In dieser neuen Austrittsstrategie spiegeln sich die traditionellen Determinanten der britischen Politik wider: die atlantische Gemeinschaft mit den USA mit ihrer engen Kooperation der Finanzm\u00e4rkte London und New York sowie die liberale Freihandelstradition des 19. Jahrhunderts, die dem kontinentalen Protektionismus, Etatismus und Zentralismus entgegensteht.<\/p>\n<p><!--more--><\/p>\n<p>2) Ein harter Brexit hie\u00dfe f\u00fcr GB, Protektion im Handel mit der EU wieder einzuf\u00fchren, die EU als handelspolitische Pr\u00e4ferenzzone mithin insgesamt zu verlieren. Nicht zuletzt aus den positiven Erfahrungen mit der 1932 in Ottawa gegr\u00fcndeten freih\u00e4ndlerischen Commonwealth-Pr\u00e4ferenzzone, die GB mit Waren aus aller Welt versorgte und an der das Land sein Exportportfolio signifikant ausrichtete, sowie auf den jetzigen Druck der Londoner City ist der partielle Schwenk in der Austrittsstrategie begr\u00fcndbar.<\/p>\n<p>3) Entgegen den vielf\u00e4ltigen Modellans\u00e4tzen in der Theorie Strategischer Handelspolitik, wie man sie in allen handelspolitischen Textb\u00fcchern studieren kann, ist die These realiter robust, dass Freihandel im Regelfall die beste aller handelspolitischen Welten ist, weil sie den internationalen Warentausch auf der Basis komparativer Produktionsvorteile st\u00f6rungsfrei erlaubt. Davon profitieren die beteiligten Handelspartner, wenn auch nicht unbedingt in gleichem Ausma\u00df. Donald Trump und die Chinesen geben mit ihrer schadenverursachenden Strategie der sich aufschaukelnden Zollbarrieren den hervorragenden Beweis f\u00fcr die Richtigkeit dieser These, wobei die EU in diesem Show-Down schon seit Jahren mitten im protektionistischen Glashaus sitzt: Auch die EU muss ihre zoll- und subventions-protektionistische \u00c2\u00a0Au\u00dfenhandelsphilosophie revidieren. Das ist eine alte Forderung, derer sich aus aktuellem Anlass zu widmen ein polit-\u00f6konomisches Gebot der Stunde sein m\u00fcsste.<\/p>\n<p>4) Protektion ist f\u00fcr alle Beteiligten wohlstandsmindernd, sie ist eine Verarmungsstrategie. Insofern repr\u00e4sentiert der neue britische Vorschlag zur Bildung einer (partiellen) Freihandelszone mit der EU einen wohlstandserh\u00f6henden Schwenk nicht nur f\u00fcr GB, sondern auch f\u00fcr die EU. Im Freihandel, aber nicht in der Abschottung, gew\u00e4hrt sie nicht nur Vorteile an GB, sondern bekommt sie auch von GB. Es ist deshalb v\u00f6llig unverst\u00e4ndlich, dass die EU, repr\u00e4sentiert durch den franz\u00f6sischen EU-Verhandlungsf\u00fchrer Barnier und den Kommissionspr\u00e4sidenten Juncker, ebenso wie die deutsche Bundesregierung schon jetzt zur\u00fcckhaltend bis ablehnend reagieren, anstatt die neue Richtung zu mehr Freihandel im Grundsatz zun\u00e4chst hoch zu begr\u00fc\u00dfen, auch wenn die auszuhandelnden Details noch nicht bekannt sind. Wie man die institutionellen Arrangements zwischen einer Zollunion und einer Freihandelszone gestaltet, ist beileibe kein neues Terrain ohne Erfahrung. Man denke nur an die Arrangements mit der EFTA, deren alleiniges Ziel die \u201enegative Integration\u201c durch Abschaffung aller tarif\u00e4ren und nicht-tarif\u00e4ren Handelshemmnisse ist, und auch aller anderen Assoziierungsabkommen mit Drittl\u00e4ndern.<\/p>\n<p>5) Das in dieser Diskussion \u00f6ffentlich vielf\u00e4ltig vorgebrachte Argument des \u201eRosinenpickens\u201c, das man Gro\u00dfbritannien nicht erlauben d\u00fcrfe, ist schlicht und einfach unsinnig und zeugt von integrationstheoretischer Unkenntnis, die alle schon l\u00e4ngst breit diskutierten Alternativen der \u201edifferenzierten\u201c Integration negiert. Strategisches Verhalten ist im polit-\u00f6konomischem Spielkontext auf die Realisierung eigener Vorteile ausgerichtet. Das freiwillige Aushandeln der Regeln f\u00fcr protektionslosen Tausch zwischen freiwillig Handelnden ist f\u00fcr alle Tauschh\u00e4ndler von Vorteil. Gro\u00dfbritannien will sich nicht mehr dem regulierenden politisch-institutionellen \u00dcberbau der EU unterwerfen, dessen Philosophie im Kern den Weg zu einer \u201eever closer union\u201c beinhaltet und den Freihandelskern des Binnenmarktes \u00fcberlagert. Das Land ist traditionell vor allem an negativer Integration durch Freihandel interessiert, da m\u00f6chte es mit der EU zu beiderseitigem Vorteil verbunden bleiben, ohne EU-Mitglied zu sein. Mehr (auch nur partieller) Freihandel zwischen EU und GB ist besser als weniger oder gar kein Freihandel. Und er n\u00fctzt beiden.<\/p>\n<!-- AddThis Advanced Settings generic via filter on the_content --><!-- AddThis Share Buttons generic via filter on the_content --><!-- AddThis Related Posts generic via filter on the_content -->","protected":false},"excerpt":{"rendered":"<p>1) Die britische Regierung unter Theresa May strebt einen Strategiewechsel in den Brexit-Verhandlungen an: Der Austritt aus der EU soll nun doch nicht vollst\u00e4ndig und &hellip; <\/p>\n<p class=\"link-more\"><a href=\"https:\/\/wirtschaftlichefreiheit.de\/wordpress\/?p=23230\" class=\"more-link\"><span class=\"screen-reader-text\">\u201eUnd nun ein Soft-Brexit? <br \/><font size=3; color=grey>5 Thesen zu mehr Freihandel<\/font>\u201c <\/span>weiterlesen<\/a><\/p>\n<p><!-- AddThis Advanced Settings generic via filter on wp_trim_excerpt --><!-- AddThis Share Buttons generic via filter on wp_trim_excerpt --><!-- AddThis Related Posts generic via filter on wp_trim_excerpt --><\/p>\n","protected":false},"author":10,"featured_media":23232,"comment_status":"open","ping_status":"open","sticky":false,"template":"","format":"standard","meta":{"footnotes":""},"categories":[8,2170,2230],"tags":[2095,2851,1201,2852,1561],"class_list":["post-23230","post","type-post","status-publish","format-standard","has-post-thumbnail","hentry","category-europaisches","category-handelspolitisches","category-integrationspolitisches","tag-brexit","tag-efta","tag-freihandelszone","tag-rosinenpicken","tag-schaefer"],"yoast_head":"<!-- This site is optimized with the Yoast SEO plugin v27.2 - https:\/\/yoast.com\/product\/yoast-seo-wordpress\/ -->\n<title>Und nun ein Soft-Brexit? 5 Thesen zu mehr Freihandel - Wirtschaftliche Freiheit<\/title>\n<meta name=\"robots\" content=\"index, follow, max-snippet:-1, max-image-preview:large, max-video-preview:-1\" \/>\n<link rel=\"canonical\" href=\"https:\/\/wirtschaftlichefreiheit.de\/wordpress\/?p=23230\" \/>\n<meta property=\"og:locale\" content=\"de_DE\" \/>\n<meta property=\"og:type\" content=\"article\" \/>\n<meta property=\"og:title\" content=\"Und nun ein Soft-Brexit? 5 Thesen zu mehr Freihandel - Wirtschaftliche Freiheit\" \/>\n<meta property=\"og:description\" content=\"1) Die britische Regierung unter Theresa May strebt einen Strategiewechsel in den Brexit-Verhandlungen an: Der Austritt aus der EU soll nun doch nicht vollst\u00e4ndig und &hellip; \u201eUnd nun ein Soft-Brexit? 5 Thesen zu mehr Freihandel\u201c weiterlesen\" \/>\n<meta property=\"og:url\" content=\"https:\/\/wirtschaftlichefreiheit.de\/wordpress\/?p=23230\" \/>\n<meta property=\"og:site_name\" content=\"Wirtschaftliche Freiheit\" \/>\n<meta property=\"article:published_time\" content=\"2018-07-10T04:51:23+00:00\" \/>\n<meta property=\"article:modified_time\" content=\"2018-07-10T05:02:12+00:00\" \/>\n<meta property=\"og:image\" content=\"https:\/\/wirtschaftlichefreiheit.de\/wordpress\/bilder\/brexit-1485004__480.png\" \/>\n\t<meta property=\"og:image:width\" content=\"681\" \/>\n\t<meta property=\"og:image:height\" content=\"480\" \/>\n\t<meta property=\"og:image:type\" content=\"image\/png\" \/>\n<meta name=\"author\" content=\"Wolf Sch\u00e4fer\" \/>\n<meta name=\"twitter:card\" content=\"summary_large_image\" \/>\n<meta name=\"twitter:label1\" content=\"Verfasst von\" \/>\n\t<meta name=\"twitter:data1\" content=\"Wolf Sch\u00e4fer\" \/>\n\t<meta name=\"twitter:label2\" content=\"Gesch\u00e4tzte Lesezeit\" \/>\n\t<meta name=\"twitter:data2\" content=\"3\u00a0Minuten\" \/>\n<script type=\"application\/ld+json\" class=\"yoast-schema-graph\">{\"@context\":\"https:\/\/schema.org\",\"@graph\":[{\"@type\":\"Article\",\"@id\":\"https:\/\/wirtschaftlichefreiheit.de\/wordpress\/?p=23230#article\",\"isPartOf\":{\"@id\":\"https:\/\/wirtschaftlichefreiheit.de\/wordpress\/?p=23230\"},\"author\":{\"name\":\"Wolf Sch\u00e4fer\",\"@id\":\"https:\/\/wirtschaftlichefreiheit.de\/wordpress\/#\/schema\/person\/27f4df9e0084d2602f0c789847666d82\"},\"headline\":\"Und nun ein Soft-Brexit? 5 Thesen zu mehr Freihandel\",\"datePublished\":\"2018-07-10T04:51:23+00:00\",\"dateModified\":\"2018-07-10T05:02:12+00:00\",\"mainEntityOfPage\":{\"@id\":\"https:\/\/wirtschaftlichefreiheit.de\/wordpress\/?p=23230\"},\"wordCount\":639,\"commentCount\":3,\"image\":{\"@id\":\"https:\/\/wirtschaftlichefreiheit.de\/wordpress\/?p=23230#primaryimage\"},\"thumbnailUrl\":\"https:\/\/wirtschaftlichefreiheit.de\/wordpress\/bilder\/brexit-1485004__480.png\",\"keywords\":[\"Brexit\",\"EFTA\",\"Freihandelszone\",\"Rosinenpicken\",\"Sch\u00e4fer\"],\"articleSection\":[\"Europ\u00e4isches\",\"Handelspolitisches\",\"Integrationspolitisches\"],\"inLanguage\":\"de\",\"potentialAction\":[{\"@type\":\"CommentAction\",\"name\":\"Comment\",\"target\":[\"https:\/\/wirtschaftlichefreiheit.de\/wordpress\/?p=23230#respond\"]}]},{\"@type\":\"WebPage\",\"@id\":\"https:\/\/wirtschaftlichefreiheit.de\/wordpress\/?p=23230\",\"url\":\"https:\/\/wirtschaftlichefreiheit.de\/wordpress\/?p=23230\",\"name\":\"Und nun ein Soft-Brexit? 5 Thesen zu mehr Freihandel - Wirtschaftliche Freiheit\",\"isPartOf\":{\"@id\":\"https:\/\/wirtschaftlichefreiheit.de\/wordpress\/#website\"},\"primaryImageOfPage\":{\"@id\":\"https:\/\/wirtschaftlichefreiheit.de\/wordpress\/?p=23230#primaryimage\"},\"image\":{\"@id\":\"https:\/\/wirtschaftlichefreiheit.de\/wordpress\/?p=23230#primaryimage\"},\"thumbnailUrl\":\"https:\/\/wirtschaftlichefreiheit.de\/wordpress\/bilder\/brexit-1485004__480.png\",\"datePublished\":\"2018-07-10T04:51:23+00:00\",\"dateModified\":\"2018-07-10T05:02:12+00:00\",\"author\":{\"@id\":\"https:\/\/wirtschaftlichefreiheit.de\/wordpress\/#\/schema\/person\/27f4df9e0084d2602f0c789847666d82\"},\"breadcrumb\":{\"@id\":\"https:\/\/wirtschaftlichefreiheit.de\/wordpress\/?p=23230#breadcrumb\"},\"inLanguage\":\"de\",\"potentialAction\":[{\"@type\":\"ReadAction\",\"target\":[\"https:\/\/wirtschaftlichefreiheit.de\/wordpress\/?p=23230\"]}]},{\"@type\":\"ImageObject\",\"inLanguage\":\"de\",\"@id\":\"https:\/\/wirtschaftlichefreiheit.de\/wordpress\/?p=23230#primaryimage\",\"url\":\"https:\/\/wirtschaftlichefreiheit.de\/wordpress\/bilder\/brexit-1485004__480.png\",\"contentUrl\":\"https:\/\/wirtschaftlichefreiheit.de\/wordpress\/bilder\/brexit-1485004__480.png\",\"width\":681,\"height\":480},{\"@type\":\"BreadcrumbList\",\"@id\":\"https:\/\/wirtschaftlichefreiheit.de\/wordpress\/?p=23230#breadcrumb\",\"itemListElement\":[{\"@type\":\"ListItem\",\"position\":1,\"name\":\"Startseite\",\"item\":\"https:\/\/wirtschaftlichefreiheit.de\/wordpress\"},{\"@type\":\"ListItem\",\"position\":2,\"name\":\"Und nun ein Soft-Brexit? 5 Thesen zu mehr Freihandel\"}]},{\"@type\":\"WebSite\",\"@id\":\"https:\/\/wirtschaftlichefreiheit.de\/wordpress\/#website\",\"url\":\"https:\/\/wirtschaftlichefreiheit.de\/wordpress\/\",\"name\":\"Wirtschaftliche Freiheit\",\"description\":\"Das ordnungspolitische Journal\",\"potentialAction\":[{\"@type\":\"SearchAction\",\"target\":{\"@type\":\"EntryPoint\",\"urlTemplate\":\"https:\/\/wirtschaftlichefreiheit.de\/wordpress\/?s={search_term_string}\"},\"query-input\":{\"@type\":\"PropertyValueSpecification\",\"valueRequired\":true,\"valueName\":\"search_term_string\"}}],\"inLanguage\":\"de\"},{\"@type\":\"Person\",\"@id\":\"https:\/\/wirtschaftlichefreiheit.de\/wordpress\/#\/schema\/person\/27f4df9e0084d2602f0c789847666d82\",\"name\":\"Wolf Sch\u00e4fer\",\"image\":{\"@type\":\"ImageObject\",\"inLanguage\":\"de\",\"@id\":\"https:\/\/wirtschaftlichefreiheit.de\/wordpress\/bilder\/wolf_schaefer.jpg\",\"url\":\"https:\/\/wirtschaftlichefreiheit.de\/wordpress\/bilder\/wolf_schaefer.jpg\",\"contentUrl\":\"https:\/\/wirtschaftlichefreiheit.de\/wordpress\/bilder\/wolf_schaefer.jpg\",\"caption\":\"Wolf Sch\u00e4fer\"},\"description\":\"Helmut-Schmidt-Universit\u00e4t Hamburg\",\"url\":\"https:\/\/wirtschaftlichefreiheit.de\/wordpress\/?author=10\"}]}<\/script>\n<!-- \/ Yoast SEO plugin. -->","yoast_head_json":{"title":"Und nun ein Soft-Brexit? 5 Thesen zu mehr Freihandel - Wirtschaftliche Freiheit","robots":{"index":"index","follow":"follow","max-snippet":"max-snippet:-1","max-image-preview":"max-image-preview:large","max-video-preview":"max-video-preview:-1"},"canonical":"https:\/\/wirtschaftlichefreiheit.de\/wordpress\/?p=23230","og_locale":"de_DE","og_type":"article","og_title":"Und nun ein Soft-Brexit? 5 Thesen zu mehr Freihandel - Wirtschaftliche Freiheit","og_description":"1) Die britische Regierung unter Theresa May strebt einen Strategiewechsel in den Brexit-Verhandlungen an: Der Austritt aus der EU soll nun doch nicht vollst\u00e4ndig und &hellip; \u201eUnd nun ein Soft-Brexit? 5 Thesen zu mehr Freihandel\u201c weiterlesen","og_url":"https:\/\/wirtschaftlichefreiheit.de\/wordpress\/?p=23230","og_site_name":"Wirtschaftliche Freiheit","article_published_time":"2018-07-10T04:51:23+00:00","article_modified_time":"2018-07-10T05:02:12+00:00","og_image":[{"width":681,"height":480,"url":"https:\/\/wirtschaftlichefreiheit.de\/wordpress\/bilder\/brexit-1485004__480.png","type":"image\/png"}],"author":"Wolf Sch\u00e4fer","twitter_card":"summary_large_image","twitter_misc":{"Verfasst von":"Wolf Sch\u00e4fer","Gesch\u00e4tzte Lesezeit":"3\u00a0Minuten"},"schema":{"@context":"https:\/\/schema.org","@graph":[{"@type":"Article","@id":"https:\/\/wirtschaftlichefreiheit.de\/wordpress\/?p=23230#article","isPartOf":{"@id":"https:\/\/wirtschaftlichefreiheit.de\/wordpress\/?p=23230"},"author":{"name":"Wolf Sch\u00e4fer","@id":"https:\/\/wirtschaftlichefreiheit.de\/wordpress\/#\/schema\/person\/27f4df9e0084d2602f0c789847666d82"},"headline":"Und nun ein Soft-Brexit? 5 Thesen zu mehr Freihandel","datePublished":"2018-07-10T04:51:23+00:00","dateModified":"2018-07-10T05:02:12+00:00","mainEntityOfPage":{"@id":"https:\/\/wirtschaftlichefreiheit.de\/wordpress\/?p=23230"},"wordCount":639,"commentCount":3,"image":{"@id":"https:\/\/wirtschaftlichefreiheit.de\/wordpress\/?p=23230#primaryimage"},"thumbnailUrl":"https:\/\/wirtschaftlichefreiheit.de\/wordpress\/bilder\/brexit-1485004__480.png","keywords":["Brexit","EFTA","Freihandelszone","Rosinenpicken","Sch\u00e4fer"],"articleSection":["Europ\u00e4isches","Handelspolitisches","Integrationspolitisches"],"inLanguage":"de","potentialAction":[{"@type":"CommentAction","name":"Comment","target":["https:\/\/wirtschaftlichefreiheit.de\/wordpress\/?p=23230#respond"]}]},{"@type":"WebPage","@id":"https:\/\/wirtschaftlichefreiheit.de\/wordpress\/?p=23230","url":"https:\/\/wirtschaftlichefreiheit.de\/wordpress\/?p=23230","name":"Und nun ein Soft-Brexit? 5 Thesen zu mehr Freihandel - Wirtschaftliche Freiheit","isPartOf":{"@id":"https:\/\/wirtschaftlichefreiheit.de\/wordpress\/#website"},"primaryImageOfPage":{"@id":"https:\/\/wirtschaftlichefreiheit.de\/wordpress\/?p=23230#primaryimage"},"image":{"@id":"https:\/\/wirtschaftlichefreiheit.de\/wordpress\/?p=23230#primaryimage"},"thumbnailUrl":"https:\/\/wirtschaftlichefreiheit.de\/wordpress\/bilder\/brexit-1485004__480.png","datePublished":"2018-07-10T04:51:23+00:00","dateModified":"2018-07-10T05:02:12+00:00","author":{"@id":"https:\/\/wirtschaftlichefreiheit.de\/wordpress\/#\/schema\/person\/27f4df9e0084d2602f0c789847666d82"},"breadcrumb":{"@id":"https:\/\/wirtschaftlichefreiheit.de\/wordpress\/?p=23230#breadcrumb"},"inLanguage":"de","potentialAction":[{"@type":"ReadAction","target":["https:\/\/wirtschaftlichefreiheit.de\/wordpress\/?p=23230"]}]},{"@type":"ImageObject","inLanguage":"de","@id":"https:\/\/wirtschaftlichefreiheit.de\/wordpress\/?p=23230#primaryimage","url":"https:\/\/wirtschaftlichefreiheit.de\/wordpress\/bilder\/brexit-1485004__480.png","contentUrl":"https:\/\/wirtschaftlichefreiheit.de\/wordpress\/bilder\/brexit-1485004__480.png","width":681,"height":480},{"@type":"BreadcrumbList","@id":"https:\/\/wirtschaftlichefreiheit.de\/wordpress\/?p=23230#breadcrumb","itemListElement":[{"@type":"ListItem","position":1,"name":"Startseite","item":"https:\/\/wirtschaftlichefreiheit.de\/wordpress"},{"@type":"ListItem","position":2,"name":"Und nun ein Soft-Brexit? 5 Thesen zu mehr Freihandel"}]},{"@type":"WebSite","@id":"https:\/\/wirtschaftlichefreiheit.de\/wordpress\/#website","url":"https:\/\/wirtschaftlichefreiheit.de\/wordpress\/","name":"Wirtschaftliche Freiheit","description":"Das ordnungspolitische Journal","potentialAction":[{"@type":"SearchAction","target":{"@type":"EntryPoint","urlTemplate":"https:\/\/wirtschaftlichefreiheit.de\/wordpress\/?s={search_term_string}"},"query-input":{"@type":"PropertyValueSpecification","valueRequired":true,"valueName":"search_term_string"}}],"inLanguage":"de"},{"@type":"Person","@id":"https:\/\/wirtschaftlichefreiheit.de\/wordpress\/#\/schema\/person\/27f4df9e0084d2602f0c789847666d82","name":"Wolf Sch\u00e4fer","image":{"@type":"ImageObject","inLanguage":"de","@id":"https:\/\/wirtschaftlichefreiheit.de\/wordpress\/bilder\/wolf_schaefer.jpg","url":"https:\/\/wirtschaftlichefreiheit.de\/wordpress\/bilder\/wolf_schaefer.jpg","contentUrl":"https:\/\/wirtschaftlichefreiheit.de\/wordpress\/bilder\/wolf_schaefer.jpg","caption":"Wolf Sch\u00e4fer"},"description":"Helmut-Schmidt-Universit\u00e4t Hamburg","url":"https:\/\/wirtschaftlichefreiheit.de\/wordpress\/?author=10"}]}},"_links":{"self":[{"href":"https:\/\/wirtschaftlichefreiheit.de\/wordpress\/index.php?rest_route=\/wp\/v2\/posts\/23230","targetHints":{"allow":["GET"]}}],"collection":[{"href":"https:\/\/wirtschaftlichefreiheit.de\/wordpress\/index.php?rest_route=\/wp\/v2\/posts"}],"about":[{"href":"https:\/\/wirtschaftlichefreiheit.de\/wordpress\/index.php?rest_route=\/wp\/v2\/types\/post"}],"author":[{"embeddable":true,"href":"https:\/\/wirtschaftlichefreiheit.de\/wordpress\/index.php?rest_route=\/wp\/v2\/users\/10"}],"replies":[{"embeddable":true,"href":"https:\/\/wirtschaftlichefreiheit.de\/wordpress\/index.php?rest_route=%2Fwp%2Fv2%2Fcomments&post=23230"}],"version-history":[{"count":6,"href":"https:\/\/wirtschaftlichefreiheit.de\/wordpress\/index.php?rest_route=\/wp\/v2\/posts\/23230\/revisions"}],"predecessor-version":[{"id":23237,"href":"https:\/\/wirtschaftlichefreiheit.de\/wordpress\/index.php?rest_route=\/wp\/v2\/posts\/23230\/revisions\/23237"}],"wp:featuredmedia":[{"embeddable":true,"href":"https:\/\/wirtschaftlichefreiheit.de\/wordpress\/index.php?rest_route=\/wp\/v2\/media\/23232"}],"wp:attachment":[{"href":"https:\/\/wirtschaftlichefreiheit.de\/wordpress\/index.php?rest_route=%2Fwp%2Fv2%2Fmedia&parent=23230"}],"wp:term":[{"taxonomy":"category","embeddable":true,"href":"https:\/\/wirtschaftlichefreiheit.de\/wordpress\/index.php?rest_route=%2Fwp%2Fv2%2Fcategories&post=23230"},{"taxonomy":"post_tag","embeddable":true,"href":"https:\/\/wirtschaftlichefreiheit.de\/wordpress\/index.php?rest_route=%2Fwp%2Fv2%2Ftags&post=23230"}],"curies":[{"name":"wp","href":"https:\/\/api.w.org\/{rel}","templated":true}]}}