{"id":23851,"date":"2018-10-05T06:41:19","date_gmt":"2018-10-05T05:41:19","guid":{"rendered":"http:\/\/wirtschaftlichefreiheit.de\/wordpress\/?p=23851"},"modified":"2018-10-05T06:41:19","modified_gmt":"2018-10-05T05:41:19","slug":"bringt-uns-digitalisierung-zwangslaeufig-mehr-arbeitslosigkeit","status":"publish","type":"post","link":"https:\/\/wirtschaftlichefreiheit.de\/wordpress\/?p=23851","title":{"rendered":"Bringt uns Digitalisierung zwangsl\u00e4ufig mehr Arbeitslosigkeit?"},"content":{"rendered":"<p>\u201eDigitalisierung\u201c ist mittlerweile in aller Munde. Selbst in das Programm mancher Partei ist dieser Begriff an prominenter Stelle eingeflossen. Leider wird der Begriff oftmals f\u00fcr jede Form der Invention verwendet. Sinnvollerweise sollte man zwischen \u201edigitizing\u201c, der reinen Umwandlung von analogen in digitale Signale, und \u201edigitization\u201c, der damit bewirkten Umformung verschiedenster Handlungsbereiche der Individuen, unterscheiden (Alt &amp; Puschmann, 2016, S. 21 f.; Tilson, Lyytinen &amp; S\u00f8rensen, 2010, p. 4).<\/p>\n<p><!--more--><\/p>\n<p>Mit dem Ph\u00e4nomen der Digitalisierung wird eine massive Freisetzung von Arbeitskr\u00e4ften verbunden und daher sogar etwa die Forderung laut, eine sog. Maschinensteuer einzuf\u00fchren (Zitelmann 2018). Betrachtet man die Auswirkungen der Digitialisierung auf den Arbeitsmarkt, so lassen sich im wesentlichen zwei Effekte identifizieren (Degryse, 2016; Eichhorst et al., 2017), die wir hier n\u00e4her betrachten wollen:<\/p>\n<ol>\n<li><em>Durch \u201edigitale\u201c Innovationen entstehen g\u00e4nzlich neue Produktm\u00e4rkte wie etwa im Social Media-Bereich.<\/em><\/li>\n<li><em>Im Zuge der Digitalisierung treten Proze\u00dfinnovationen auf, die zu einer Verminderung der Produktionskosten f\u00fchren.<\/em><\/li>\n<\/ol>\n<p>Obgleich durch das Entstehen neuer Produktm\u00e4rkte die Nachfrage auf dem Faktormarkt zunimmt, wird weitgehend erwartet, da\u00df dieser Zuwachs durch das Auftreten von Proze\u00dfinnovationen mehr als kompensiert wird. So bef\u00fcrchtet man, da\u00df viele T\u00e4tigkeiten, die fr\u00fcher manuell durchgef\u00fchrt wurden, komplett automatisiert werden. Diskutiert wird dieses Ph\u00e4nomen unter den Schlagw\u00f6rtern \u201eHas Creative Destruction Become More Destructive?\u201c (Komlos, 2016) oder \u201eZero marginal costs\u201c (Rifkin, 2014). Anekdotische Evidenz scheinen dabei die Besch\u00e4ftigungszahlen zu geben: So setzte die Kodak-Insolvenz rund 145.000 Besch\u00e4ftigte frei; ein global erfolgreiches Unternehmen wir Facebook hatte hingegen im Jahre 2016 nur rund 17.000 Arbeitnehmer unter Vertrag.<\/p>\n<p>Mit einer einfachen graphischen Analyse l\u00e4\u00dft sich jedoch zeigen, da\u00df prinzipiell beide F\u00e4lle m\u00f6glich sind. So mu\u00df die Digitalisierung nicht zwangsl\u00e4ufig zu einer Arbeitsfreisetzung f\u00fchren, sondern kann ebenso eine erh\u00f6hte Nachfrage auf dem Arbeitsmarkt induzieren.<\/p>\n<p style=\"text-align: center;\"><a href=\"\/wordpress\/bilder\/daum1.png\"><img decoding=\"async\" class=\"centered\" title=\"claschabb1\" src=\"\/wordpress\/bilder\/daum1.png\" alt=\"claschabb1\" width=\"400\" \/><\/a><\/p>\n<p style=\"text-align: center;\"><small>&#8211; zum Vergr\u00f6\u00dfern bitte auf die Grafik klicken &#8211; <\/small><\/p>\n<p>Mit D als Nachfrage auf dem Absatzmarkt und einer Produktionsfunktion x = cL (mit x als Produktionsmenge des abgesetzten Gutes, L als Menge an Arbeitskr\u00e4ften und c als Produktionskoeffizient) ergibt sich die Nachfrage auf dem Arbeitsmarkt DL als Zusammenhang zwischen der angebotenen Menge an Arbeitskr\u00e4ften und dem Lohn w.<\/p>\n<p>Proze\u00dfinnovationen erh\u00f6hen den Produktionskoeffizienten und f\u00fchren damit zu einer Ver\u00e4nderungen der Arbeitsnachfrage (siehe Abbildung 2).<\/p>\n<p style=\"text-align: center;\"><a href=\"\/wordpress\/bilder\/daum2.png\"><img decoding=\"async\" class=\"centered\" title=\"claschabb1\" src=\"\/wordpress\/bilder\/daum2.png\" alt=\"claschabb1\" width=\"400\" \/><\/a><\/p>\n<p style=\"text-align: center;\"><small>&#8211; zum Vergr\u00f6\u00dfern bitte auf die Grafik klicken &#8211; <\/small><\/p>\n<p>In Abh\u00e4ngigkeit des Arbeitsangebots sind nun Situationen denkbar, die entweder zu einer Arbeitsfreisetzung (Fall 1) oder eben zu einer Mehrbesch\u00e4ftigung (Fall 2) f\u00fchren.<\/p>\n<p>Was bedeutet das? Wenn die Digitalisierung die Produktivit\u00e4t erh\u00f6ht, was nicht zwangsl\u00e4ufig der Fall sein mu\u00df, m\u00fcndet dies nicht automatisch in eine Freisetzung von Arbeitskr\u00e4ften. So ergibt sich zwar durch eine h\u00f6here Produktivit\u00e4t ein geringerer Bedarf an Arbeitskr\u00e4ften, um die gleiche Menge an G\u00fctern zu produzieren (direkter Effekt), gleichzeitig f\u00fchrt die Digitalisierung aber auch zu einer Abnahme der Grenzkosten. Und auf wettbewerblichen M\u00e4rkte resultieren aus einer Abnahme der Grenzkosten geringere Preise und damit bei einer normal verlaufenden Nachfrage eine gr\u00f6\u00dfere produzierte Menge, f\u00fcr die gleichwohl wieder zus\u00e4tzliche Arbeitskr\u00e4fte ben\u00f6tigt werden (indirekter Effekt). Nun kann es durchaus sein, da\u00df der indirekte Effekt \u2013 wie die einfache graphische Analyse zeigt \u2013 den direkten Effekt \u00fcberkompensiert und damit die Digitalisierung zu einer h\u00f6heren Besch\u00e4ftigung f\u00fchrt.<\/p>\n<h1>Quellen<\/h1>\n<p>Alt, R., &amp; Puschmann, T. (2016), Digitalisierung\u00a0 der Finanzindustrie. Grundlagen der Fintech-Evolution, Berlin, Heidelberg: Springer, Gabler.<\/p>\n<p>Degryse, C. (2016), Digitalisation of the Economy and its Impact on Labour Markets, ETUI Research Paper &#8211; Working Paper 2016.02.<\/p>\n<p>Eichhorst, W., Hinte, H., Rinne, U., &amp; Tobsch, V. (2017), How Big is the Gig? Assessing the Preliminary Evidence on the Effects of Digitalization on the Labor Market in: management revue, Jg. 28, S. 298 \u2013 318.<\/p>\n<p>Komlos J. (2016), Has Creative Destruction become more Destructive?, in: The B.E. Journal of Economic Analysis &amp; Policy, Vol. 16(4), pp. 1 \u2013 12.<\/p>\n<p>Rifkin, J. (2015), The Zero Marginal Cost Society: The Internet of Things, the Collaborative Commons, and the Eclipse of Capitalism, Reprint of the 1st ed., New York: St. Martin&#8217;s Griffin.<\/p>\n<p>Tilson, D., Lyytinen, K., &amp; S\u00f8rensen, C. (2010), Desperately seeking the Infrastructure in IS Research: Conceptualization of \u201cDigital Convergence\u201d as co-evolution of social and technical infrastructures, in: Proceedings of the 43rd Hawaii International Conference on System Sciences, pp. 1 \u2013 10.<\/p>\n<p>Zittelmann, R., Siemens-Chef fordert Maschinensteuer, in: Wallstreet Online, <a href=\"https:\/\/www.wallstreet-online.de\/nachricht\/10171043-joe-kaeser-siemens-chef-maschinensteuer\">https:\/\/www.wallstreet-online.de\/nachricht\/10171043-joe-kaeser-siemens-chef-maschinensteuer<\/a> [Zugriff: 3. Okt. 2018].<\/p>\n<!-- AddThis Advanced Settings generic via filter on the_content --><!-- AddThis Share Buttons generic via filter on the_content --><!-- AddThis Related Posts generic via filter on the_content -->","protected":false},"excerpt":{"rendered":"<p>\u201eDigitalisierung\u201c ist mittlerweile in aller Munde. Selbst in das Programm mancher Partei ist dieser Begriff an prominenter Stelle eingeflossen. Leider wird der Begriff oftmals f\u00fcr &hellip; <\/p>\n<p class=\"link-more\"><a href=\"https:\/\/wirtschaftlichefreiheit.de\/wordpress\/?p=23851\" class=\"more-link\"><span class=\"screen-reader-text\">\u201eBringt uns Digitalisierung zwangsl\u00e4ufig mehr Arbeitslosigkeit?\u201c <\/span>weiterlesen<\/a><\/p>\n<p><!-- AddThis Advanced Settings generic via filter on wp_trim_excerpt --><!-- AddThis Share Buttons generic via filter on wp_trim_excerpt --><!-- AddThis Related Posts generic via filter on wp_trim_excerpt --><\/p>\n","protected":false},"author":32,"featured_media":23856,"comment_status":"open","ping_status":"open","sticky":false,"template":"","format":"standard","meta":{"footnotes":""},"categories":[3,2336],"tags":[155,1747,2035],"class_list":["post-23851","post","type-post","status-publish","format-standard","has-post-thumbnail","hentry","category-arbeit","category-digitales","tag-arbeitslosigkeit","tag-daumann","tag-digitalisierung"],"yoast_head":"<!-- This site is optimized with the Yoast SEO plugin v27.2 - https:\/\/yoast.com\/product\/yoast-seo-wordpress\/ -->\n<title>Bringt uns Digitalisierung zwangsl\u00e4ufig mehr Arbeitslosigkeit? - Wirtschaftliche Freiheit<\/title>\n<meta name=\"robots\" content=\"index, follow, max-snippet:-1, max-image-preview:large, max-video-preview:-1\" \/>\n<link rel=\"canonical\" href=\"https:\/\/wirtschaftlichefreiheit.de\/wordpress\/?p=23851\" \/>\n<meta property=\"og:locale\" content=\"de_DE\" \/>\n<meta property=\"og:type\" content=\"article\" \/>\n<meta property=\"og:title\" content=\"Bringt uns Digitalisierung zwangsl\u00e4ufig mehr Arbeitslosigkeit? - Wirtschaftliche Freiheit\" \/>\n<meta property=\"og:description\" content=\"\u201eDigitalisierung\u201c ist mittlerweile in aller Munde. Selbst in das Programm mancher Partei ist dieser Begriff an prominenter Stelle eingeflossen. Leider wird der Begriff oftmals f\u00fcr &hellip; \u201eBringt uns Digitalisierung zwangsl\u00e4ufig mehr Arbeitslosigkeit?\u201c weiterlesen\" \/>\n<meta property=\"og:url\" content=\"https:\/\/wirtschaftlichefreiheit.de\/wordpress\/?p=23851\" \/>\n<meta property=\"og:site_name\" content=\"Wirtschaftliche Freiheit\" \/>\n<meta property=\"article:published_time\" content=\"2018-10-05T05:41:19+00:00\" \/>\n<meta property=\"og:image\" content=\"https:\/\/wirtschaftlichefreiheit.de\/wordpress\/bilder\/binary-1327492__340.jpg\" \/>\n\t<meta property=\"og:image:width\" content=\"509\" \/>\n\t<meta property=\"og:image:height\" content=\"340\" \/>\n\t<meta property=\"og:image:type\" content=\"image\/jpeg\" \/>\n<meta name=\"author\" content=\"Frank Daumann\" \/>\n<meta name=\"twitter:card\" content=\"summary_large_image\" \/>\n<meta name=\"twitter:label1\" content=\"Verfasst von\" \/>\n\t<meta name=\"twitter:data1\" content=\"Frank Daumann\" \/>\n\t<meta name=\"twitter:label2\" content=\"Gesch\u00e4tzte Lesezeit\" \/>\n\t<meta name=\"twitter:data2\" content=\"4\u00a0Minuten\" \/>\n<script type=\"application\/ld+json\" class=\"yoast-schema-graph\">{\"@context\":\"https:\/\/schema.org\",\"@graph\":[{\"@type\":\"Article\",\"@id\":\"https:\/\/wirtschaftlichefreiheit.de\/wordpress\/?p=23851#article\",\"isPartOf\":{\"@id\":\"https:\/\/wirtschaftlichefreiheit.de\/wordpress\/?p=23851\"},\"author\":{\"name\":\"Frank Daumann\",\"@id\":\"https:\/\/wirtschaftlichefreiheit.de\/wordpress\/#\/schema\/person\/048a8948abcb03ac85c5aebeac85fbcc\"},\"headline\":\"Bringt uns Digitalisierung zwangsl\u00e4ufig mehr Arbeitslosigkeit?\",\"datePublished\":\"2018-10-05T05:41:19+00:00\",\"mainEntityOfPage\":{\"@id\":\"https:\/\/wirtschaftlichefreiheit.de\/wordpress\/?p=23851\"},\"wordCount\":720,\"commentCount\":1,\"image\":{\"@id\":\"https:\/\/wirtschaftlichefreiheit.de\/wordpress\/?p=23851#primaryimage\"},\"thumbnailUrl\":\"https:\/\/wirtschaftlichefreiheit.de\/wordpress\/bilder\/binary-1327492__340.jpg\",\"keywords\":[\"Arbeitslosigkeit\",\"Daumann\",\"Digitalisierung\"],\"articleSection\":[\"Arbeit\",\"Digitales\"],\"inLanguage\":\"de\",\"potentialAction\":[{\"@type\":\"CommentAction\",\"name\":\"Comment\",\"target\":[\"https:\/\/wirtschaftlichefreiheit.de\/wordpress\/?p=23851#respond\"]}]},{\"@type\":\"WebPage\",\"@id\":\"https:\/\/wirtschaftlichefreiheit.de\/wordpress\/?p=23851\",\"url\":\"https:\/\/wirtschaftlichefreiheit.de\/wordpress\/?p=23851\",\"name\":\"Bringt uns Digitalisierung zwangsl\u00e4ufig mehr Arbeitslosigkeit? - Wirtschaftliche Freiheit\",\"isPartOf\":{\"@id\":\"https:\/\/wirtschaftlichefreiheit.de\/wordpress\/#website\"},\"primaryImageOfPage\":{\"@id\":\"https:\/\/wirtschaftlichefreiheit.de\/wordpress\/?p=23851#primaryimage\"},\"image\":{\"@id\":\"https:\/\/wirtschaftlichefreiheit.de\/wordpress\/?p=23851#primaryimage\"},\"thumbnailUrl\":\"https:\/\/wirtschaftlichefreiheit.de\/wordpress\/bilder\/binary-1327492__340.jpg\",\"datePublished\":\"2018-10-05T05:41:19+00:00\",\"author\":{\"@id\":\"https:\/\/wirtschaftlichefreiheit.de\/wordpress\/#\/schema\/person\/048a8948abcb03ac85c5aebeac85fbcc\"},\"breadcrumb\":{\"@id\":\"https:\/\/wirtschaftlichefreiheit.de\/wordpress\/?p=23851#breadcrumb\"},\"inLanguage\":\"de\",\"potentialAction\":[{\"@type\":\"ReadAction\",\"target\":[\"https:\/\/wirtschaftlichefreiheit.de\/wordpress\/?p=23851\"]}]},{\"@type\":\"ImageObject\",\"inLanguage\":\"de\",\"@id\":\"https:\/\/wirtschaftlichefreiheit.de\/wordpress\/?p=23851#primaryimage\",\"url\":\"https:\/\/wirtschaftlichefreiheit.de\/wordpress\/bilder\/binary-1327492__340.jpg\",\"contentUrl\":\"https:\/\/wirtschaftlichefreiheit.de\/wordpress\/bilder\/binary-1327492__340.jpg\",\"width\":509,\"height\":340},{\"@type\":\"BreadcrumbList\",\"@id\":\"https:\/\/wirtschaftlichefreiheit.de\/wordpress\/?p=23851#breadcrumb\",\"itemListElement\":[{\"@type\":\"ListItem\",\"position\":1,\"name\":\"Startseite\",\"item\":\"https:\/\/wirtschaftlichefreiheit.de\/wordpress\"},{\"@type\":\"ListItem\",\"position\":2,\"name\":\"Bringt uns Digitalisierung zwangsl\u00e4ufig mehr Arbeitslosigkeit?\"}]},{\"@type\":\"WebSite\",\"@id\":\"https:\/\/wirtschaftlichefreiheit.de\/wordpress\/#website\",\"url\":\"https:\/\/wirtschaftlichefreiheit.de\/wordpress\/\",\"name\":\"Wirtschaftliche Freiheit\",\"description\":\"Das ordnungspolitische Journal\",\"potentialAction\":[{\"@type\":\"SearchAction\",\"target\":{\"@type\":\"EntryPoint\",\"urlTemplate\":\"https:\/\/wirtschaftlichefreiheit.de\/wordpress\/?s={search_term_string}\"},\"query-input\":{\"@type\":\"PropertyValueSpecification\",\"valueRequired\":true,\"valueName\":\"search_term_string\"}}],\"inLanguage\":\"de\"},{\"@type\":\"Person\",\"@id\":\"https:\/\/wirtschaftlichefreiheit.de\/wordpress\/#\/schema\/person\/048a8948abcb03ac85c5aebeac85fbcc\",\"name\":\"Frank Daumann\",\"image\":{\"@type\":\"ImageObject\",\"inLanguage\":\"de\",\"@id\":\"https:\/\/wirtschaftlichefreiheit.de\/wordpress\/bilder\/frank_daumann1.jpg\",\"url\":\"https:\/\/wirtschaftlichefreiheit.de\/wordpress\/bilder\/frank_daumann1.jpg\",\"contentUrl\":\"https:\/\/wirtschaftlichefreiheit.de\/wordpress\/bilder\/frank_daumann1.jpg\",\"caption\":\"Frank Daumann\"},\"description\":\"Friedrich-Schiller-Universit\u00e4t Jena\",\"url\":\"https:\/\/wirtschaftlichefreiheit.de\/wordpress\/?author=32\"}]}<\/script>\n<!-- \/ Yoast SEO plugin. -->","yoast_head_json":{"title":"Bringt uns Digitalisierung zwangsl\u00e4ufig mehr Arbeitslosigkeit? - Wirtschaftliche Freiheit","robots":{"index":"index","follow":"follow","max-snippet":"max-snippet:-1","max-image-preview":"max-image-preview:large","max-video-preview":"max-video-preview:-1"},"canonical":"https:\/\/wirtschaftlichefreiheit.de\/wordpress\/?p=23851","og_locale":"de_DE","og_type":"article","og_title":"Bringt uns Digitalisierung zwangsl\u00e4ufig mehr Arbeitslosigkeit? - Wirtschaftliche Freiheit","og_description":"\u201eDigitalisierung\u201c ist mittlerweile in aller Munde. Selbst in das Programm mancher Partei ist dieser Begriff an prominenter Stelle eingeflossen. Leider wird der Begriff oftmals f\u00fcr &hellip; \u201eBringt uns Digitalisierung zwangsl\u00e4ufig mehr Arbeitslosigkeit?\u201c weiterlesen","og_url":"https:\/\/wirtschaftlichefreiheit.de\/wordpress\/?p=23851","og_site_name":"Wirtschaftliche Freiheit","article_published_time":"2018-10-05T05:41:19+00:00","og_image":[{"width":509,"height":340,"url":"https:\/\/wirtschaftlichefreiheit.de\/wordpress\/bilder\/binary-1327492__340.jpg","type":"image\/jpeg"}],"author":"Frank Daumann","twitter_card":"summary_large_image","twitter_misc":{"Verfasst von":"Frank Daumann","Gesch\u00e4tzte Lesezeit":"4\u00a0Minuten"},"schema":{"@context":"https:\/\/schema.org","@graph":[{"@type":"Article","@id":"https:\/\/wirtschaftlichefreiheit.de\/wordpress\/?p=23851#article","isPartOf":{"@id":"https:\/\/wirtschaftlichefreiheit.de\/wordpress\/?p=23851"},"author":{"name":"Frank Daumann","@id":"https:\/\/wirtschaftlichefreiheit.de\/wordpress\/#\/schema\/person\/048a8948abcb03ac85c5aebeac85fbcc"},"headline":"Bringt uns Digitalisierung zwangsl\u00e4ufig mehr Arbeitslosigkeit?","datePublished":"2018-10-05T05:41:19+00:00","mainEntityOfPage":{"@id":"https:\/\/wirtschaftlichefreiheit.de\/wordpress\/?p=23851"},"wordCount":720,"commentCount":1,"image":{"@id":"https:\/\/wirtschaftlichefreiheit.de\/wordpress\/?p=23851#primaryimage"},"thumbnailUrl":"https:\/\/wirtschaftlichefreiheit.de\/wordpress\/bilder\/binary-1327492__340.jpg","keywords":["Arbeitslosigkeit","Daumann","Digitalisierung"],"articleSection":["Arbeit","Digitales"],"inLanguage":"de","potentialAction":[{"@type":"CommentAction","name":"Comment","target":["https:\/\/wirtschaftlichefreiheit.de\/wordpress\/?p=23851#respond"]}]},{"@type":"WebPage","@id":"https:\/\/wirtschaftlichefreiheit.de\/wordpress\/?p=23851","url":"https:\/\/wirtschaftlichefreiheit.de\/wordpress\/?p=23851","name":"Bringt uns Digitalisierung zwangsl\u00e4ufig mehr Arbeitslosigkeit? - Wirtschaftliche Freiheit","isPartOf":{"@id":"https:\/\/wirtschaftlichefreiheit.de\/wordpress\/#website"},"primaryImageOfPage":{"@id":"https:\/\/wirtschaftlichefreiheit.de\/wordpress\/?p=23851#primaryimage"},"image":{"@id":"https:\/\/wirtschaftlichefreiheit.de\/wordpress\/?p=23851#primaryimage"},"thumbnailUrl":"https:\/\/wirtschaftlichefreiheit.de\/wordpress\/bilder\/binary-1327492__340.jpg","datePublished":"2018-10-05T05:41:19+00:00","author":{"@id":"https:\/\/wirtschaftlichefreiheit.de\/wordpress\/#\/schema\/person\/048a8948abcb03ac85c5aebeac85fbcc"},"breadcrumb":{"@id":"https:\/\/wirtschaftlichefreiheit.de\/wordpress\/?p=23851#breadcrumb"},"inLanguage":"de","potentialAction":[{"@type":"ReadAction","target":["https:\/\/wirtschaftlichefreiheit.de\/wordpress\/?p=23851"]}]},{"@type":"ImageObject","inLanguage":"de","@id":"https:\/\/wirtschaftlichefreiheit.de\/wordpress\/?p=23851#primaryimage","url":"https:\/\/wirtschaftlichefreiheit.de\/wordpress\/bilder\/binary-1327492__340.jpg","contentUrl":"https:\/\/wirtschaftlichefreiheit.de\/wordpress\/bilder\/binary-1327492__340.jpg","width":509,"height":340},{"@type":"BreadcrumbList","@id":"https:\/\/wirtschaftlichefreiheit.de\/wordpress\/?p=23851#breadcrumb","itemListElement":[{"@type":"ListItem","position":1,"name":"Startseite","item":"https:\/\/wirtschaftlichefreiheit.de\/wordpress"},{"@type":"ListItem","position":2,"name":"Bringt uns Digitalisierung zwangsl\u00e4ufig mehr Arbeitslosigkeit?"}]},{"@type":"WebSite","@id":"https:\/\/wirtschaftlichefreiheit.de\/wordpress\/#website","url":"https:\/\/wirtschaftlichefreiheit.de\/wordpress\/","name":"Wirtschaftliche Freiheit","description":"Das ordnungspolitische Journal","potentialAction":[{"@type":"SearchAction","target":{"@type":"EntryPoint","urlTemplate":"https:\/\/wirtschaftlichefreiheit.de\/wordpress\/?s={search_term_string}"},"query-input":{"@type":"PropertyValueSpecification","valueRequired":true,"valueName":"search_term_string"}}],"inLanguage":"de"},{"@type":"Person","@id":"https:\/\/wirtschaftlichefreiheit.de\/wordpress\/#\/schema\/person\/048a8948abcb03ac85c5aebeac85fbcc","name":"Frank Daumann","image":{"@type":"ImageObject","inLanguage":"de","@id":"https:\/\/wirtschaftlichefreiheit.de\/wordpress\/bilder\/frank_daumann1.jpg","url":"https:\/\/wirtschaftlichefreiheit.de\/wordpress\/bilder\/frank_daumann1.jpg","contentUrl":"https:\/\/wirtschaftlichefreiheit.de\/wordpress\/bilder\/frank_daumann1.jpg","caption":"Frank Daumann"},"description":"Friedrich-Schiller-Universit\u00e4t Jena","url":"https:\/\/wirtschaftlichefreiheit.de\/wordpress\/?author=32"}]}},"_links":{"self":[{"href":"https:\/\/wirtschaftlichefreiheit.de\/wordpress\/index.php?rest_route=\/wp\/v2\/posts\/23851","targetHints":{"allow":["GET"]}}],"collection":[{"href":"https:\/\/wirtschaftlichefreiheit.de\/wordpress\/index.php?rest_route=\/wp\/v2\/posts"}],"about":[{"href":"https:\/\/wirtschaftlichefreiheit.de\/wordpress\/index.php?rest_route=\/wp\/v2\/types\/post"}],"author":[{"embeddable":true,"href":"https:\/\/wirtschaftlichefreiheit.de\/wordpress\/index.php?rest_route=\/wp\/v2\/users\/32"}],"replies":[{"embeddable":true,"href":"https:\/\/wirtschaftlichefreiheit.de\/wordpress\/index.php?rest_route=%2Fwp%2Fv2%2Fcomments&post=23851"}],"version-history":[{"count":4,"href":"https:\/\/wirtschaftlichefreiheit.de\/wordpress\/index.php?rest_route=\/wp\/v2\/posts\/23851\/revisions"}],"predecessor-version":[{"id":23853,"href":"https:\/\/wirtschaftlichefreiheit.de\/wordpress\/index.php?rest_route=\/wp\/v2\/posts\/23851\/revisions\/23853"}],"wp:featuredmedia":[{"embeddable":true,"href":"https:\/\/wirtschaftlichefreiheit.de\/wordpress\/index.php?rest_route=\/wp\/v2\/media\/23856"}],"wp:attachment":[{"href":"https:\/\/wirtschaftlichefreiheit.de\/wordpress\/index.php?rest_route=%2Fwp%2Fv2%2Fmedia&parent=23851"}],"wp:term":[{"taxonomy":"category","embeddable":true,"href":"https:\/\/wirtschaftlichefreiheit.de\/wordpress\/index.php?rest_route=%2Fwp%2Fv2%2Fcategories&post=23851"},{"taxonomy":"post_tag","embeddable":true,"href":"https:\/\/wirtschaftlichefreiheit.de\/wordpress\/index.php?rest_route=%2Fwp%2Fv2%2Ftags&post=23851"}],"curies":[{"name":"wp","href":"https:\/\/api.w.org\/{rel}","templated":true}]}}