{"id":24005,"date":"2018-11-02T00:01:26","date_gmt":"2018-11-01T23:01:26","guid":{"rendered":"http:\/\/wirtschaftlichefreiheit.de\/wordpress\/?p=24005"},"modified":"2018-11-02T07:04:02","modified_gmt":"2018-11-02T06:04:02","slug":"der-landesstreik-von-1918eine-finanzmarktperspektive","status":"publish","type":"post","link":"https:\/\/wirtschaftlichefreiheit.de\/wordpress\/?p=24005","title":{"rendered":"Der Landesstreik von 1918<br\/><font size=3; color=grey>Eine Finanzmarktperspektive<\/font>"},"content":{"rendered":"<p>Im November 2018 j\u00e4hrt sich der Jahrestag zum Landesstreik zum hundertsten Mal. Das Ereignis hat l\u00e4ngst seinen festen Platz in der nationalen Erinnerungskultur. So wie der vergleichsweise glimpfliche Ausgang des Aufstands Tatsache ist, bestand seit den 1960er-Jahren \u2013 massgeblich beeinflusst durch die Arbeiten Willi Gautschis \u2013 weitgehend Einigkeit \u00fcber dessen Ursachen und die daraus abgeleitete Erz\u00e4hlung. Beim Landesstreik habe es sich nicht um einen von bolschewistischen Kr\u00e4ften angezettelten Umsturzversuch gehandelt. Vielmehr h\u00e4tten sich darin die w\u00e4hrend des Krieges aufgestauten Missst\u00e4nde und Klassengegens\u00e4tze entladen. Laut dem \u00abKulminationsnarrativ\u00bb stand die Schweiz damals nicht vor einer Revolution, sondern vor einem Wendepunkt, der dem sozialen Fortschritt in der Schweiz zum Durchbruch verhalf.<\/p>\n<p><!--more--><\/p>\n<p><strong>Stereotype Geschichtsbilder?<\/strong><\/p>\n<p>Dieser Erz\u00e4hlung des Landesstreiks halten Rudolf Jaun und Tobias Straumann in der NZZ vom 25. Januar 2018 den Spiegel vor. Sie argumentieren, dass sich die materielle Lage der Bev\u00f6lkerung gerade im Verlauf des Jahres 1918 stabilisiert und der Bundesrat einige sozialpolitische Forderungen des Oltener Aktionskomitees OAK bereits \u00fcbernommen habe. Zwar bleibe unbestritten, dass die Lebensumst\u00e4nde eines betr\u00e4chtlichen Teils der Bev\u00f6lkerung auch 1918 noch prek\u00e4r waren. Faktoren wie die Umsturzbef\u00fcrchtungen der Z\u00fcrcher Regierung, der Machtkampf innerhalb der Arbeiterschaft und die Revolutions\u00e4ngste der Armeef\u00fchrung seien jedoch bisher nicht gen\u00fcgend in Betracht gezogen worden.<\/p>\n<p>Daraus habe sich eine stereotype Darstellung des Landesstreiks entwickelt, ganz \u00e4hnlich dem eingangs erw\u00e4hnten, von der Forschung widerlegten Narrativ einer durch ausl\u00e4ndische Kr\u00e4fte angezettelten Revolution. Vor dem Hintergrund dieser Geschichtsbilder laden Jaun und Staumann dazu ein, den Landesstreik als ein weitgehend auf die wirtschaftliche Bedr\u00e4ngnis der Bev\u00f6lkerung zur\u00fcckzuf\u00fchrendes Ereignis kritisch zu hinterfragen.<\/p>\n<p><strong>Zeitgen\u00f6ssischer Finanzmarkt als Pulsmesser<\/strong><\/p>\n<p>Die Interpretation eines 100 Jahre zur\u00fcckliegenden Ereignisses ist t\u00fcckisch, denn die damaligen Entscheidungstr\u00e4ger handelten unter Ungewissheit \u2013 die heutige Generation dagegen steht vor dem ex post facto Problem: Sie kennt den Ausgang des Landesstreiks. Es ist durchaus plausibel, dass das Kulminationsnarrativ der damaligen Dramatik nicht vollst\u00e4ndig gerecht wird und durch den tats\u00e4chlich glimpflichen Ausgang des Landesstreiks verzerrt ist. Eine vielversprechende Methode, die Stimmung der damaligen Zeit ad\u00e4quat einzufangen, bietet ein \u00f6konomischer Ansatz, der zeitgen\u00f6ssische Finanzmarktdaten auswertet. Konkret l\u00e4sst sich anhand der Preis- und Renditebewegungen von Staatsanleihen auf die Risikoeinsch\u00e4tzungen der damals auf dem Finanzmarkt aktiven Personen schliessen.<\/p>\n<p>Um die \u00f6ffentliche Wahrnehmung von Bedrohungslagen einsch\u00e4tzen zu k\u00f6nnen, ist seit Mitte der 1990er-Jahre ein Literaturstrang entstanden, der das historische Quellenstudium zu einer Reihe von Konflikten und Epochen mit der Sichtweise damaliger Finanzmarktakteure erg\u00e4nzt. Die Finanzmarktperspektive bietet sich aus mehreren Gr\u00fcnden an. Erstens wird auf tats\u00e4chliche Entscheide der damals handelnden Akteure abgestellt, die unter hoher Unsicherheit getroffen werden mussten. Zweitens gingen die Teilnehmer auf dem Finanzmarkt Risiken ein und hatten mithin klare Anreize einer objektiven Einsch\u00e4tzung der Bedrohungslage. Drittens kann durch die Vielzahl der Akteure davon ausgegangen werden, dass die Informationsverarbeitung repr\u00e4sentativer ist als bei Einzelaussagen. Als Folge davon k\u00f6nnen voreingenommene Beurteilungen sowie Fehlurteile einged\u00e4mmt werden.<\/p>\n<p><strong>Fehlender Kulminationspunkt<\/strong><\/p>\n<p>Unsere Untersuchung unterzieht die wichtigsten Schweizer Staatsanleihen der damaligen Zeit einer Strukturbruchanalyse. Dabei handelt es sich um eine bew\u00e4hrte Methode zur Identifikation signifikanter Ver\u00e4nderungen in Zeitreihen. Die Periode von Oktober 1917 bis M\u00e4rz 1919 zeichnet sich augenscheinlich durch folgendes Muster aus. Es fehlt ein kulminierender Anstieg der Renditen, der im Landesstreik gipfelt. Vielmehr verh\u00e4lt sich der Verlauf der Renditen in den Sommermonaten 1918 ann\u00e4hernd konstant, sogar leicht r\u00fcckl\u00e4ufig, bevor im Herbst eine sprunghafte Ver\u00e4nderung der Risikoeinsch\u00e4tzung identifiziert werden kann (siehe Abbildung). Dieser Strukturbruch ist in allen untersuchten Zeitreihen unabh\u00e4ngig von der genauen Spezifikation des Modells feststellbar.<\/p>\n<p style=\"text-align: center;\"><a href=\"\/wordpress\/bilder\/ss2.png\"><img decoding=\"async\" class=\"centered\" title=\"claschabb1\" src=\"\/wordpress\/bilder\/ss2.png\" alt=\"claschabb1\" width=\"400\" \/><\/a><\/p>\n<p style=\"text-align: center;\"><small>&#8211; zum Vergr\u00f6\u00dfern bitte auf die Grafik klicken &#8211; <\/small><\/p>\n<p>Die wesentliche Ver\u00e4nderung in der Renditeentwicklung darf als starkes Indiz f\u00fcr eine abrupte Risikozunahme und aufflammende Revolutions\u00e4ngste unter den Anlegern gewertet werden. Ein weiteres ist interessant: Die Mehrheit der Br\u00fcche Mitte Oktober 1918 deutet darauf hin, dass Bef\u00fcrchtungen eines revolution\u00e4ren Umsturzes unter den Anlegern bereits vor Ausbruch des Landesstreiks aufgekommen sind (siehe Tabelle). Die Br\u00fcche sind umfangreich: Sie entsprechen einer nominalen Erh\u00f6hung der Renditen zwischen 4,5 und 7,5 Prozent. Unseres Wissens existieren heute leider keine Aufzeichnungen der damaligen Anleihevolumina, die eine Gewichtung der einzelnen Anleihen erlaubten. Deren zeitliche Koinzidenz gibt allerdings Vertrauen in die Annahme, dass die Proporzinitiative das B\u00fcrgertum stark verunsicherte.<\/p>\n<p style=\"text-align: center;\"><a href=\"\/wordpress\/bilder\/ss1.png\"><img decoding=\"async\" class=\"centered\" title=\"claschabb1\" src=\"\/wordpress\/bilder\/ss1.png\" alt=\"claschabb1\" width=\"400\" \/><\/a><\/p>\n<p style=\"text-align: center;\"><small>&#8211; zum Vergr\u00f6\u00dfern bitte auf die Grafik klicken &#8211; <\/small><\/p>\n<p>Wie verl\u00e4sslich sind die Daten des damaligen Anleihemarkts als implizites Mass der \u00f6ffentlichen Wahrnehmung? Mangels Untersuchungen zur Identit\u00e4t der Investoren an den Schweizer B\u00f6rsen f\u00fcr die Zeit des Ersten Weltkriegs ist eine genaue Charakterisierung der Anleger schwierig. Ausl\u00e4ndische Studien zeigen, dass sich private Investoren \u00fcberwiegend aus Verm\u00f6genden, Gesch\u00e4ftsleuten und Bewohner urbaner Zentren zusammensetzten. Aufgrund verbreiteter Repatriierungen darf zudem angenommen werden, dass es sich bei den meisten Anlegern um einheimische Investoren handelte.<\/p>\n<p><strong>Proporzinitiative und Bankenpersonalstreik entscheidend<\/strong><\/p>\n<p>Folglich stellen Finanzmarktdaten einen guten Indikator f\u00fcr die Wahrnehmung der Bedrohungslage (stadt-)b\u00fcrgerlicher Kreise dar. Der Zeitpunkt der identifizierten Strukturbr\u00fcche Mitte Oktober ist daher interessant. Im Rahmen des Bankenpersonalstreiks in Z\u00fcrich vom 30. September bis 1. Oktober legten erstmals Angestellte und Arbeiter ihre Arbeit gemeinsam nieder. Am 13. Oktober 1918 nahmen Volk und St\u00e4nde im dritten Anlauf eine Initiative zur Einf\u00fchrung des Proporzwahlrechts auf Bundesebene an. Es scheint durchaus plausibel, dass die Anleger diesen Ereignissen betr\u00e4chtliches Gefahrenpotenzial attestierten. Nach zwei gescheiterten Anl\u00e4ufen, das Verh\u00e4ltniswahlrecht auf Bundesebene zu implementieren, d\u00fcrfte das B\u00fcrgertum im sich abzeichnenden Machtgewinn der sozialdemokratischen und sozialistischen Bewegungen eine gef\u00e4hrliche Dynamik erkannt haben. Diese Wahrnehmung verst\u00e4rkte sich unter dem Eindruck, dass die Streikwelle nun auch die Kreise der Angestellten erfasst hatte.<\/p>\n<p>Dabei scheint sowohl die Tatsache keine Rolle gespielt zu haben, dass die Einf\u00fchrung des Proporzes kein rein linkes Anliegen war, wie der Sachverhalt, dass sich die Bankangestellten f\u00fcr einen Teuerungsausgleich einsetzten und kaum politische Gemeinsamkeiten mit den teilweise radikalen Arbeitergruppierungen bestanden. Zu ersch\u00fcttert muss das b\u00fcrgerliche Weltbild \u2013 gepr\u00e4gt durch den gef\u00fchlten politischen und gesellschaftlichen Kontrollverlust \u2013 in jenen Tagen und Wochen gewesen sein. Ein eindr\u00fcckliches Zeugnis dieser in b\u00fcrgerlichen Kreisen verbreiteten \u00c4ngste ist die ge\u00e4usserte Erleichterung nach dem Abbruch des Landesstreiks. So stellte der Vorsitzende des Bankrates der Schweizerischen Nationalbank, Johann Daniel Hirter, in der ersten Sitzung nach Streikabbruch am 16. November 1918 \u00abmit Genugtuung\u00bb fest, \u00abdass die entschiedene Haltung unserer Beh\u00f6rden und die politische Reife der Mehrheit des Volks [\u2026] einem gl\u00fccklichen \u00dcbertritt des Landes in die Zeit des Friedens den Boden geebnet ha[t].\u00bb<\/p>\n<p>W\u00e4hrend die zu den Strukturbr\u00fcchen korrespondierenden Ereignissen sehr wahrscheinlich innenpolitisch zu verorten sind, sind die Bef\u00fcrchtungen der Anleger nicht zuletzt vor der unausweichlichen Niederlage der Mittelm\u00e4chte und dem sich abzeichnenden inneren Zerfall der Monarchien in Deutschland und \u00d6sterreich-Ungarn zu betrachten. Die Donaumonarchie ging Deutschland voraus, als deren Streitkr\u00e4fte an den verschiedenen Fronten ab dem 22. Oktober von verbreiteten Befehlsverweigerungen erfasst wurden. Am 17. Oktober hatte Kaiser Karl mit seinem V\u00f6lkermanifest den letzten, erfolglosen Versuch unternommen, den Bruch des Vielv\u00f6lkerstaats zu verhindern. Der damit verbundene Niedergang der staatlichen Ordnung in den L\u00e4ndern, denen b\u00fcrgerliche Kreise w\u00e4hrend des Krieges am meisten Sympathien entgegenbrachten, d\u00fcrfte das b\u00fcrgerliche Selbstverst\u00e4ndnis mitentscheidend besch\u00e4digt haben.<\/p>\n<p><strong>Plausibles Umsturznarrativ<\/strong><\/p>\n<p>Welche Schl\u00fcsse lassen sich aus der hier vorgestellten Perspektive ziehen? Die Betrachtung des Finanzmarkts als erg\u00e4nzende Methode zur bisherigen Gesichte des Landesstreiks liefert Indizien f\u00fcr eine Erz\u00e4hlung j\u00e4h aufflammender Umsturz\u00e4ngste, die sich bereits in dem Landesstreik vorausgehenden Ereignissen der Proporzinitiative und des Bankpersonalstreiks manifestierten. Dar\u00fcber hinaus sind diese im Kontext der in sich zerfallenden deutschsprachigen Nachbarstaaten zu verstehen. Demgegen\u00fcber erscheint die Deutung des Landesstreiks als Kulminationspunkt einer stetigen Verschlechterung der wirtschaftlichen und sozialen Lage anhand der Finanzmarktdaten weniger plausibel.<\/p>\n<p><strong>Literatur (Auszug)<\/strong><\/p>\n<p>Bai, J., und Perron, P., 2003, \u00abComputation and Analysis of Mulitple Structural Change Models\u00bb, Journal of Applied Econometrics, 18: 1\u201422.<\/p>\n<p>Frey, B.S. und Kucher, M., 2000, \u00abHistory as reflected in capital markets: The case of World War II\u00bb, <em>The Journal of Economic History<\/em>, 60:468\u2014496.<\/p>\n<p>Gautschi, W., 1988, \u00abDer Landesstreik\u00bb, Z\u00fcrich: Chronos.<\/p>\n<p>Jaun, R. und Straumann, T., 2016, \u00abDurch fortschreitende Verelendung zum Generalstreik? Widerspr\u00fcche eines popul\u00e4ren Narrativs\u00bb, <em>Der Geschichtsfreund<\/em>, Schwyz: Historischer Verein Zentralschweiz, 169: 19\u201452.<\/p>\n<p>Meier, R. T. und Siegrist, T., 2006, \u00abDer helvetische Big Bang: Die Geschichte der Swiss Exchange\u00bb, Z\u00fcrich: NZZ Verlag.<\/p>\n<p>Pammer, M., 1998, \u00abAustrian private investments in Hungary\u00bb, 1850\u20141913, <em>European Review of Economic History<\/em>, 2: 141\u2014169.<\/p>\n<p>Rossfeld, R., 2013, 1914-1918: \u00abNeue Zug\u00e4nge zur Geschichte der Schweiz im Ersten Weltkrieg\u00bb, Schweizerische Zeitschrift f\u00fcr Geschichte, 63: 337\u2014342.<\/p>\n<p>Schmid, H. und Meier, R. T., 1977, \u00abDie Geschichte der Z\u00fcrcher B\u00f6rse\u00bb, Z\u00fcrich: NZZ Verlag.<\/p>\n<p>Willard, K.L., Guinnane, T.W. and Rosen, H.S., 1996, \u00abTurning Points in the American Civil War: Views from the Greenback Market\u00bb, The American Economic Review, 86: 1001\u201410018.<\/p>\n<!-- AddThis Advanced Settings generic via filter on the_content --><!-- AddThis Share Buttons generic via filter on the_content --><!-- AddThis Related Posts generic via filter on the_content -->","protected":false},"excerpt":{"rendered":"<p>Im November 2018 j\u00e4hrt sich der Jahrestag zum Landesstreik zum hundertsten Mal. Das Ereignis hat l\u00e4ngst seinen festen Platz in der nationalen Erinnerungskultur. So wie &hellip; <\/p>\n<p class=\"link-more\"><a href=\"https:\/\/wirtschaftlichefreiheit.de\/wordpress\/?p=24005\" class=\"more-link\"><span class=\"screen-reader-text\">\u201eDer Landesstreik von 1918<br \/><font size=3; color=grey>Eine Finanzmarktperspektive<\/font>\u201c <\/span>weiterlesen<\/a><\/p>\n<p><!-- AddThis Advanced Settings generic via filter on wp_trim_excerpt --><!-- AddThis Share Buttons generic via filter on wp_trim_excerpt --><!-- AddThis Related Posts generic via filter on wp_trim_excerpt --><\/p>\n","protected":false},"author":186,"featured_media":24009,"comment_status":"open","ping_status":"open","sticky":false,"template":"","format":"standard","meta":{"footnotes":""},"categories":[26],"tags":[2950,2633,2951],"class_list":["post-24005","post","type-post","status-publish","format-standard","has-post-thumbnail","hentry","category-historisches","tag-landesstreik","tag-schaltegger","tag-schmid"],"yoast_head":"<!-- This site is optimized with the Yoast SEO plugin v27.2 - https:\/\/yoast.com\/product\/yoast-seo-wordpress\/ -->\n<title>Der Landesstreik von 1918Eine Finanzmarktperspektive - Wirtschaftliche Freiheit<\/title>\n<meta name=\"robots\" content=\"index, follow, max-snippet:-1, max-image-preview:large, max-video-preview:-1\" \/>\n<link rel=\"canonical\" href=\"https:\/\/wirtschaftlichefreiheit.de\/wordpress\/?p=24005\" \/>\n<meta property=\"og:locale\" content=\"de_DE\" \/>\n<meta property=\"og:type\" content=\"article\" \/>\n<meta property=\"og:title\" content=\"Der Landesstreik von 1918Eine Finanzmarktperspektive - Wirtschaftliche Freiheit\" \/>\n<meta property=\"og:description\" content=\"Im November 2018 j\u00e4hrt sich der Jahrestag zum Landesstreik zum hundertsten Mal. Das Ereignis hat l\u00e4ngst seinen festen Platz in der nationalen Erinnerungskultur. So wie &hellip; \u201eDer Landesstreik von 1918Eine Finanzmarktperspektive\u201c weiterlesen\" \/>\n<meta property=\"og:url\" content=\"https:\/\/wirtschaftlichefreiheit.de\/wordpress\/?p=24005\" \/>\n<meta property=\"og:site_name\" content=\"Wirtschaftliche Freiheit\" \/>\n<meta property=\"article:published_time\" content=\"2018-11-01T23:01:26+00:00\" \/>\n<meta property=\"article:modified_time\" content=\"2018-11-02T06:04:02+00:00\" \/>\n<meta property=\"og:image\" content=\"https:\/\/wirtschaftlichefreiheit.de\/wordpress\/bilder\/Truppen_auf_dem_Waisenhausplatz_w\u00e4hrend_des_Landesstreiks_-_CH-BAR_-_3241472.tif.jpg\" \/>\n\t<meta property=\"og:image:width\" content=\"440\" \/>\n\t<meta property=\"og:image:height\" content=\"310\" \/>\n\t<meta property=\"og:image:type\" content=\"image\/jpeg\" \/>\n<meta name=\"author\" content=\"Christoph A. Schaltegger und Lukas Schmid\" \/>\n<meta name=\"twitter:card\" content=\"summary_large_image\" \/>\n<meta name=\"twitter:label1\" content=\"Verfasst von\" \/>\n\t<meta name=\"twitter:data1\" content=\"Christoph A. Schaltegger und Lukas Schmid\" \/>\n\t<meta name=\"twitter:label2\" content=\"Gesch\u00e4tzte Lesezeit\" \/>\n\t<meta name=\"twitter:data2\" content=\"7\u00a0Minuten\" \/>\n<script type=\"application\/ld+json\" class=\"yoast-schema-graph\">{\"@context\":\"https:\/\/schema.org\",\"@graph\":[{\"@type\":\"Article\",\"@id\":\"https:\/\/wirtschaftlichefreiheit.de\/wordpress\/?p=24005#article\",\"isPartOf\":{\"@id\":\"https:\/\/wirtschaftlichefreiheit.de\/wordpress\/?p=24005\"},\"author\":{\"name\":\"Christoph A. Schaltegger und Lukas Schmid\",\"@id\":\"https:\/\/wirtschaftlichefreiheit.de\/wordpress\/#\/schema\/person\/ec87a02042eb37a8c66b122fea642c41\"},\"headline\":\"Der Landesstreik von 1918 Eine Finanzmarktperspektive\",\"datePublished\":\"2018-11-01T23:01:26+00:00\",\"dateModified\":\"2018-11-02T06:04:02+00:00\",\"mainEntityOfPage\":{\"@id\":\"https:\/\/wirtschaftlichefreiheit.de\/wordpress\/?p=24005\"},\"wordCount\":1463,\"commentCount\":0,\"image\":{\"@id\":\"https:\/\/wirtschaftlichefreiheit.de\/wordpress\/?p=24005#primaryimage\"},\"thumbnailUrl\":\"https:\/\/wirtschaftlichefreiheit.de\/wordpress\/bilder\/Truppen_auf_dem_Waisenhausplatz_w\u00e4hrend_des_Landesstreiks_-_CH-BAR_-_3241472.tif.jpg\",\"keywords\":[\"Landesstreik\",\"Schaltegger\",\"Schmid\"],\"articleSection\":[\"Historisches\"],\"inLanguage\":\"de\",\"potentialAction\":[{\"@type\":\"CommentAction\",\"name\":\"Comment\",\"target\":[\"https:\/\/wirtschaftlichefreiheit.de\/wordpress\/?p=24005#respond\"]}]},{\"@type\":\"WebPage\",\"@id\":\"https:\/\/wirtschaftlichefreiheit.de\/wordpress\/?p=24005\",\"url\":\"https:\/\/wirtschaftlichefreiheit.de\/wordpress\/?p=24005\",\"name\":\"Der Landesstreik von 1918 Eine Finanzmarktperspektive - Wirtschaftliche Freiheit\",\"isPartOf\":{\"@id\":\"https:\/\/wirtschaftlichefreiheit.de\/wordpress\/#website\"},\"primaryImageOfPage\":{\"@id\":\"https:\/\/wirtschaftlichefreiheit.de\/wordpress\/?p=24005#primaryimage\"},\"image\":{\"@id\":\"https:\/\/wirtschaftlichefreiheit.de\/wordpress\/?p=24005#primaryimage\"},\"thumbnailUrl\":\"https:\/\/wirtschaftlichefreiheit.de\/wordpress\/bilder\/Truppen_auf_dem_Waisenhausplatz_w\u00e4hrend_des_Landesstreiks_-_CH-BAR_-_3241472.tif.jpg\",\"datePublished\":\"2018-11-01T23:01:26+00:00\",\"dateModified\":\"2018-11-02T06:04:02+00:00\",\"author\":{\"@id\":\"https:\/\/wirtschaftlichefreiheit.de\/wordpress\/#\/schema\/person\/ec87a02042eb37a8c66b122fea642c41\"},\"breadcrumb\":{\"@id\":\"https:\/\/wirtschaftlichefreiheit.de\/wordpress\/?p=24005#breadcrumb\"},\"inLanguage\":\"de\",\"potentialAction\":[{\"@type\":\"ReadAction\",\"target\":[\"https:\/\/wirtschaftlichefreiheit.de\/wordpress\/?p=24005\"]}]},{\"@type\":\"ImageObject\",\"inLanguage\":\"de\",\"@id\":\"https:\/\/wirtschaftlichefreiheit.de\/wordpress\/?p=24005#primaryimage\",\"url\":\"https:\/\/wirtschaftlichefreiheit.de\/wordpress\/bilder\/Truppen_auf_dem_Waisenhausplatz_w\u00e4hrend_des_Landesstreiks_-_CH-BAR_-_3241472.tif.jpg\",\"contentUrl\":\"https:\/\/wirtschaftlichefreiheit.de\/wordpress\/bilder\/Truppen_auf_dem_Waisenhausplatz_w\u00e4hrend_des_Landesstreiks_-_CH-BAR_-_3241472.tif.jpg\",\"width\":440,\"height\":310},{\"@type\":\"BreadcrumbList\",\"@id\":\"https:\/\/wirtschaftlichefreiheit.de\/wordpress\/?p=24005#breadcrumb\",\"itemListElement\":[{\"@type\":\"ListItem\",\"position\":1,\"name\":\"Startseite\",\"item\":\"https:\/\/wirtschaftlichefreiheit.de\/wordpress\"},{\"@type\":\"ListItem\",\"position\":2,\"name\":\"Der Landesstreik von 1918Eine Finanzmarktperspektive\"}]},{\"@type\":\"WebSite\",\"@id\":\"https:\/\/wirtschaftlichefreiheit.de\/wordpress\/#website\",\"url\":\"https:\/\/wirtschaftlichefreiheit.de\/wordpress\/\",\"name\":\"Wirtschaftliche Freiheit\",\"description\":\"Das ordnungspolitische Journal\",\"potentialAction\":[{\"@type\":\"SearchAction\",\"target\":{\"@type\":\"EntryPoint\",\"urlTemplate\":\"https:\/\/wirtschaftlichefreiheit.de\/wordpress\/?s={search_term_string}\"},\"query-input\":{\"@type\":\"PropertyValueSpecification\",\"valueRequired\":true,\"valueName\":\"search_term_string\"}}],\"inLanguage\":\"de\"},{\"@type\":\"Person\",\"@id\":\"https:\/\/wirtschaftlichefreiheit.de\/wordpress\/#\/schema\/person\/ec87a02042eb37a8c66b122fea642c41\",\"name\":\"Christoph A. Schaltegger und Lukas Schmid\",\"image\":{\"@type\":\"ImageObject\",\"inLanguage\":\"de\",\"@id\":\"https:\/\/secure.gravatar.com\/avatar\/52c6216e847c248377ae8b311b7dd3af0b66d3f5e463f6c82c3966174669af7d?s=96&d=mm&r=g\",\"url\":\"https:\/\/secure.gravatar.com\/avatar\/52c6216e847c248377ae8b311b7dd3af0b66d3f5e463f6c82c3966174669af7d?s=96&d=mm&r=g\",\"contentUrl\":\"https:\/\/secure.gravatar.com\/avatar\/52c6216e847c248377ae8b311b7dd3af0b66d3f5e463f6c82c3966174669af7d?s=96&d=mm&r=g\",\"caption\":\"Christoph A. Schaltegger und Lukas Schmid\"},\"description\":\"Universit\u00e4t Luzern\",\"url\":\"https:\/\/wirtschaftlichefreiheit.de\/wordpress\/?author=186\"}]}<\/script>\n<!-- \/ Yoast SEO plugin. -->","yoast_head_json":{"title":"Der Landesstreik von 1918Eine Finanzmarktperspektive - Wirtschaftliche Freiheit","robots":{"index":"index","follow":"follow","max-snippet":"max-snippet:-1","max-image-preview":"max-image-preview:large","max-video-preview":"max-video-preview:-1"},"canonical":"https:\/\/wirtschaftlichefreiheit.de\/wordpress\/?p=24005","og_locale":"de_DE","og_type":"article","og_title":"Der Landesstreik von 1918Eine Finanzmarktperspektive - Wirtschaftliche Freiheit","og_description":"Im November 2018 j\u00e4hrt sich der Jahrestag zum Landesstreik zum hundertsten Mal. Das Ereignis hat l\u00e4ngst seinen festen Platz in der nationalen Erinnerungskultur. So wie &hellip; \u201eDer Landesstreik von 1918Eine Finanzmarktperspektive\u201c weiterlesen","og_url":"https:\/\/wirtschaftlichefreiheit.de\/wordpress\/?p=24005","og_site_name":"Wirtschaftliche Freiheit","article_published_time":"2018-11-01T23:01:26+00:00","article_modified_time":"2018-11-02T06:04:02+00:00","og_image":[{"width":440,"height":310,"url":"https:\/\/wirtschaftlichefreiheit.de\/wordpress\/bilder\/Truppen_auf_dem_Waisenhausplatz_w\u00e4hrend_des_Landesstreiks_-_CH-BAR_-_3241472.tif.jpg","type":"image\/jpeg"}],"author":"Christoph A. Schaltegger und Lukas Schmid","twitter_card":"summary_large_image","twitter_misc":{"Verfasst von":"Christoph A. Schaltegger und Lukas Schmid","Gesch\u00e4tzte Lesezeit":"7\u00a0Minuten"},"schema":{"@context":"https:\/\/schema.org","@graph":[{"@type":"Article","@id":"https:\/\/wirtschaftlichefreiheit.de\/wordpress\/?p=24005#article","isPartOf":{"@id":"https:\/\/wirtschaftlichefreiheit.de\/wordpress\/?p=24005"},"author":{"name":"Christoph A. Schaltegger und Lukas Schmid","@id":"https:\/\/wirtschaftlichefreiheit.de\/wordpress\/#\/schema\/person\/ec87a02042eb37a8c66b122fea642c41"},"headline":"Der Landesstreik von 1918 Eine Finanzmarktperspektive","datePublished":"2018-11-01T23:01:26+00:00","dateModified":"2018-11-02T06:04:02+00:00","mainEntityOfPage":{"@id":"https:\/\/wirtschaftlichefreiheit.de\/wordpress\/?p=24005"},"wordCount":1463,"commentCount":0,"image":{"@id":"https:\/\/wirtschaftlichefreiheit.de\/wordpress\/?p=24005#primaryimage"},"thumbnailUrl":"https:\/\/wirtschaftlichefreiheit.de\/wordpress\/bilder\/Truppen_auf_dem_Waisenhausplatz_w\u00e4hrend_des_Landesstreiks_-_CH-BAR_-_3241472.tif.jpg","keywords":["Landesstreik","Schaltegger","Schmid"],"articleSection":["Historisches"],"inLanguage":"de","potentialAction":[{"@type":"CommentAction","name":"Comment","target":["https:\/\/wirtschaftlichefreiheit.de\/wordpress\/?p=24005#respond"]}]},{"@type":"WebPage","@id":"https:\/\/wirtschaftlichefreiheit.de\/wordpress\/?p=24005","url":"https:\/\/wirtschaftlichefreiheit.de\/wordpress\/?p=24005","name":"Der Landesstreik von 1918 Eine Finanzmarktperspektive - Wirtschaftliche Freiheit","isPartOf":{"@id":"https:\/\/wirtschaftlichefreiheit.de\/wordpress\/#website"},"primaryImageOfPage":{"@id":"https:\/\/wirtschaftlichefreiheit.de\/wordpress\/?p=24005#primaryimage"},"image":{"@id":"https:\/\/wirtschaftlichefreiheit.de\/wordpress\/?p=24005#primaryimage"},"thumbnailUrl":"https:\/\/wirtschaftlichefreiheit.de\/wordpress\/bilder\/Truppen_auf_dem_Waisenhausplatz_w\u00e4hrend_des_Landesstreiks_-_CH-BAR_-_3241472.tif.jpg","datePublished":"2018-11-01T23:01:26+00:00","dateModified":"2018-11-02T06:04:02+00:00","author":{"@id":"https:\/\/wirtschaftlichefreiheit.de\/wordpress\/#\/schema\/person\/ec87a02042eb37a8c66b122fea642c41"},"breadcrumb":{"@id":"https:\/\/wirtschaftlichefreiheit.de\/wordpress\/?p=24005#breadcrumb"},"inLanguage":"de","potentialAction":[{"@type":"ReadAction","target":["https:\/\/wirtschaftlichefreiheit.de\/wordpress\/?p=24005"]}]},{"@type":"ImageObject","inLanguage":"de","@id":"https:\/\/wirtschaftlichefreiheit.de\/wordpress\/?p=24005#primaryimage","url":"https:\/\/wirtschaftlichefreiheit.de\/wordpress\/bilder\/Truppen_auf_dem_Waisenhausplatz_w\u00e4hrend_des_Landesstreiks_-_CH-BAR_-_3241472.tif.jpg","contentUrl":"https:\/\/wirtschaftlichefreiheit.de\/wordpress\/bilder\/Truppen_auf_dem_Waisenhausplatz_w\u00e4hrend_des_Landesstreiks_-_CH-BAR_-_3241472.tif.jpg","width":440,"height":310},{"@type":"BreadcrumbList","@id":"https:\/\/wirtschaftlichefreiheit.de\/wordpress\/?p=24005#breadcrumb","itemListElement":[{"@type":"ListItem","position":1,"name":"Startseite","item":"https:\/\/wirtschaftlichefreiheit.de\/wordpress"},{"@type":"ListItem","position":2,"name":"Der Landesstreik von 1918Eine Finanzmarktperspektive"}]},{"@type":"WebSite","@id":"https:\/\/wirtschaftlichefreiheit.de\/wordpress\/#website","url":"https:\/\/wirtschaftlichefreiheit.de\/wordpress\/","name":"Wirtschaftliche Freiheit","description":"Das ordnungspolitische Journal","potentialAction":[{"@type":"SearchAction","target":{"@type":"EntryPoint","urlTemplate":"https:\/\/wirtschaftlichefreiheit.de\/wordpress\/?s={search_term_string}"},"query-input":{"@type":"PropertyValueSpecification","valueRequired":true,"valueName":"search_term_string"}}],"inLanguage":"de"},{"@type":"Person","@id":"https:\/\/wirtschaftlichefreiheit.de\/wordpress\/#\/schema\/person\/ec87a02042eb37a8c66b122fea642c41","name":"Christoph A. Schaltegger und Lukas Schmid","image":{"@type":"ImageObject","inLanguage":"de","@id":"https:\/\/secure.gravatar.com\/avatar\/52c6216e847c248377ae8b311b7dd3af0b66d3f5e463f6c82c3966174669af7d?s=96&d=mm&r=g","url":"https:\/\/secure.gravatar.com\/avatar\/52c6216e847c248377ae8b311b7dd3af0b66d3f5e463f6c82c3966174669af7d?s=96&d=mm&r=g","contentUrl":"https:\/\/secure.gravatar.com\/avatar\/52c6216e847c248377ae8b311b7dd3af0b66d3f5e463f6c82c3966174669af7d?s=96&d=mm&r=g","caption":"Christoph A. Schaltegger und Lukas Schmid"},"description":"Universit\u00e4t Luzern","url":"https:\/\/wirtschaftlichefreiheit.de\/wordpress\/?author=186"}]}},"_links":{"self":[{"href":"https:\/\/wirtschaftlichefreiheit.de\/wordpress\/index.php?rest_route=\/wp\/v2\/posts\/24005","targetHints":{"allow":["GET"]}}],"collection":[{"href":"https:\/\/wirtschaftlichefreiheit.de\/wordpress\/index.php?rest_route=\/wp\/v2\/posts"}],"about":[{"href":"https:\/\/wirtschaftlichefreiheit.de\/wordpress\/index.php?rest_route=\/wp\/v2\/types\/post"}],"author":[{"embeddable":true,"href":"https:\/\/wirtschaftlichefreiheit.de\/wordpress\/index.php?rest_route=\/wp\/v2\/users\/186"}],"replies":[{"embeddable":true,"href":"https:\/\/wirtschaftlichefreiheit.de\/wordpress\/index.php?rest_route=%2Fwp%2Fv2%2Fcomments&post=24005"}],"version-history":[{"count":6,"href":"https:\/\/wirtschaftlichefreiheit.de\/wordpress\/index.php?rest_route=\/wp\/v2\/posts\/24005\/revisions"}],"predecessor-version":[{"id":24023,"href":"https:\/\/wirtschaftlichefreiheit.de\/wordpress\/index.php?rest_route=\/wp\/v2\/posts\/24005\/revisions\/24023"}],"wp:featuredmedia":[{"embeddable":true,"href":"https:\/\/wirtschaftlichefreiheit.de\/wordpress\/index.php?rest_route=\/wp\/v2\/media\/24009"}],"wp:attachment":[{"href":"https:\/\/wirtschaftlichefreiheit.de\/wordpress\/index.php?rest_route=%2Fwp%2Fv2%2Fmedia&parent=24005"}],"wp:term":[{"taxonomy":"category","embeddable":true,"href":"https:\/\/wirtschaftlichefreiheit.de\/wordpress\/index.php?rest_route=%2Fwp%2Fv2%2Fcategories&post=24005"},{"taxonomy":"post_tag","embeddable":true,"href":"https:\/\/wirtschaftlichefreiheit.de\/wordpress\/index.php?rest_route=%2Fwp%2Fv2%2Ftags&post=24005"}],"curies":[{"name":"wp","href":"https:\/\/api.w.org\/{rel}","templated":true}]}}