{"id":24030,"date":"2018-11-04T00:01:15","date_gmt":"2018-11-03T23:01:15","guid":{"rendered":"http:\/\/wirtschaftlichefreiheit.de\/wordpress\/?p=24030"},"modified":"2018-11-05T17:34:38","modified_gmt":"2018-11-05T16:34:38","slug":"aus-aktuellem-anlasssuper-league-in-europadie-fans-haben-das-letzte-wort","status":"publish","type":"post","link":"https:\/\/wirtschaftlichefreiheit.de\/wordpress\/?p=24030","title":{"rendered":"<font size=3; color=grey>Aus aktuellem Anla\u00df <\/font><br\/>Super League in Europa? <br\/><font size=3; color=grey>Das letzte Wort haben die Fans<\/font>"},"content":{"rendered":"<blockquote><p>\u201eAlles was ich im Leben \u00fcber Moral oder Verpflichtungen des Menschen gelernt habe, verdanke ich dem Fu\u00dfball.&#8220; (Albert Camus)<\/p><\/blockquote>\n<p>Die Marktwirtschaft ist eine Monarchie: Der Kunde ist K\u00f6nig. Das gilt auch f\u00fcr den Fu\u00dfball. Dort entscheidet der Fan, welche Spieler er mag, welchen Vereine er seine Gunst schenkt, welche Spiele er sehen will und welche nicht. Er hat auch das letzte Wort bei der Antwort auf die Frage, wie die Ligen k\u00fcnftig organisiert werden. Dar\u00fcber entscheidet er mit Augen und F\u00fc\u00dfen, daheim vor dem Fernseher und au\u00dfer Haus in den Stadien. Letztlich entscheiden die Fans (Nachfrager), wie die Fu\u00dfballligen in Europa aussehen werden.<\/p>\n<p><!--more--><\/p>\n<p>Aus dem Blickwinkel der Vereine (Anbieter) spricht die Logik des Marktes f\u00fcr eine Europaliga. Der Absatzmarkt ist gr\u00f6\u00dfer, die Ertragsaussichten sind besser, sportlich und finanziell. Kein Wunder, dass die gro\u00dfen Vereine trotz sch\u00e4rferer sportlicher Konkurrenz immer wieder mit einer Europaliga sympathisieren. Das muss aus der Sicht der Fans (Nachfrager) nicht so sein. Nur wenn sich die Pr\u00e4ferenzen der Nachfrager europ\u00e4isieren, hat eine Europaliga \u00fcberhaupt eine Chance. Sicher ist das nicht, schon gar nicht kurzfristig.<\/p>\n<p>Noch immer haben die Fans einen \u201ehome bias\u201c. Sie h\u00e4ngen an ihrer nationalen Topliga und ihrer Nationalmannschaft. Mit einer Europaliga wird auch die fu\u00dfballerische Peripherie gr\u00f6\u00dfer, da nur wenige nationale Vereine in der obersten europ\u00e4ischen Liga spielen k\u00f6nnen. Regionale \u201eFu\u00dfballw\u00fcsten\u201c ohne europ\u00e4ische Topvereine breiten sich aus. Der Identifikation der Fans mit einer Europaliga tut das nicht gut. M\u00f6glicherweise entfernt sich der Fu\u00dfball von der Basis. Kurzum: Bleiben die Pr\u00e4ferenzen der Fans national, ist eine Europaliga f\u00fcr die Fans nicht lohnend.<\/p>\n<p>Wie sich die Fans entscheiden, h\u00e4ngt also von vielem ab, auch davon, wie eine Europaliga organisiert ist. Die potentiellen Anbieter haben eine relativ klare Vorstellung. Die gro\u00dfen Vereine wollen eine geschlossene Liga nach amerikanischem Vorbild. Das ist nicht meine Vorstellung. Ich pl\u00e4diere f\u00fcr eine offene Liga. Sie sollte \u201eeurop\u00e4isch\u201c, nicht \u201eamerikanisch\u201c organisiert werden. Das europ\u00e4ische Wettbewerbsmodell vertraut auf die Marktkr\u00e4fte. Es setzt auf offene Ligen mit Auf- und Abstieg. Das sollte auch f\u00fcr eine Europaliga gelten. Die Spielerm\u00e4rkte sollten weiter offen bleiben. Sie sollten durch einen gemeinsamen europ\u00e4ischen Absatzmarkt (Spielemarkt) erg\u00e4nzt werden.<\/p>\n<p>Das amerikanische Monopolmodell setzt auf geschlossene Ligen. Die Franchise-Modelle der \u201emajor leagues\u201c misstrauen dem marktlichen Mechanismus im Teamsport. Auf den Absatzm\u00e4rkten herrscht ein Monopol. Die Spielerm\u00e4rkte sind durch eine Flut von Eingriffen (\u201erookie drafts\u201c, \u201eoption clause\u201c, \u201erevenue sharing\u201c, \u201esalary caps\u201c etc.) stark reguliert. Es herrscht \u201esportlicher Sozialismus\u201c. Das ist nicht meine Vorstellung, wie eine k\u00fcnftige Europaliga organisiert sein sollte. Es mag sein, dass der Wettbewerb um den Markt in Amerika intensiver ist. Der Wettbewerb im Markt ist zweifellos in Europa sch\u00e4rfer. Deshalb spricht vieles f\u00fcr eine offene Europaliga, immer vorausgesetzt die Fans wollen sie.<\/p>\n<!-- AddThis Advanced Settings generic via filter on the_content --><!-- AddThis Share Buttons generic via filter on the_content --><!-- AddThis Related Posts generic via filter on the_content -->","protected":false},"excerpt":{"rendered":"<p>\u201eAlles was ich im Leben \u00fcber Moral oder Verpflichtungen des Menschen gelernt habe, verdanke ich dem Fu\u00dfball.&#8220; (Albert Camus) Die Marktwirtschaft ist eine Monarchie: Der &hellip; <\/p>\n<p class=\"link-more\"><a href=\"https:\/\/wirtschaftlichefreiheit.de\/wordpress\/?p=24030\" class=\"more-link\"><span class=\"screen-reader-text\">\u201e<font size=3; color=grey>Aus aktuellem Anla\u00df <\/font><br \/>Super League in Europa? <br \/><font size=3; color=grey>Das letzte Wort haben die Fans<\/font>\u201c <\/span>weiterlesen<\/a><\/p>\n<p><!-- AddThis Advanced Settings generic via filter on wp_trim_excerpt --><!-- AddThis Share Buttons generic via filter on wp_trim_excerpt --><!-- AddThis Related Posts generic via filter on wp_trim_excerpt --><\/p>\n","protected":false},"author":7,"featured_media":24032,"comment_status":"open","ping_status":"open","sticky":false,"template":"","format":"standard","meta":{"footnotes":""},"categories":[8,2237],"tags":[556,99,2953],"class_list":["post-24030","post","type-post","status-publish","format-standard","has-post-thumbnail","hentry","category-europaisches","category-fussballerisches","tag-berthold","tag-fussball","tag-super-league"],"yoast_head":"<!-- This site is optimized with the Yoast SEO plugin v27.2 - https:\/\/yoast.com\/product\/yoast-seo-wordpress\/ -->\n<title>Aus aktuellem Anla\u00df Super League in Europa? Das letzte Wort haben die Fans - Wirtschaftliche Freiheit<\/title>\n<meta name=\"robots\" content=\"index, follow, max-snippet:-1, max-image-preview:large, max-video-preview:-1\" \/>\n<link rel=\"canonical\" href=\"https:\/\/wirtschaftlichefreiheit.de\/wordpress\/?p=24030\" \/>\n<meta property=\"og:locale\" content=\"de_DE\" \/>\n<meta property=\"og:type\" content=\"article\" \/>\n<meta property=\"og:title\" content=\"Aus aktuellem Anla\u00df Super League in Europa? Das letzte Wort haben die Fans - Wirtschaftliche Freiheit\" \/>\n<meta property=\"og:description\" content=\"\u201eAlles was ich im Leben \u00fcber Moral oder Verpflichtungen des Menschen gelernt habe, verdanke ich dem Fu\u00dfball.&#8220; (Albert Camus) Die Marktwirtschaft ist eine Monarchie: Der &hellip; \u201eAus aktuellem Anla\u00df Super League in Europa? Das letzte Wort haben die Fans\u201c weiterlesen\" \/>\n<meta property=\"og:url\" content=\"https:\/\/wirtschaftlichefreiheit.de\/wordpress\/?p=24030\" \/>\n<meta property=\"og:site_name\" content=\"Wirtschaftliche Freiheit\" \/>\n<meta property=\"article:published_time\" content=\"2018-11-03T23:01:15+00:00\" \/>\n<meta property=\"article:modified_time\" content=\"2018-11-05T16:34:38+00:00\" \/>\n<meta property=\"og:image\" content=\"https:\/\/wirtschaftlichefreiheit.de\/wordpress\/bilder\/football-1551799__340-1.jpg\" \/>\n\t<meta property=\"og:image:width\" content=\"981\" \/>\n\t<meta property=\"og:image:height\" content=\"340\" \/>\n\t<meta property=\"og:image:type\" content=\"image\/jpeg\" \/>\n<meta name=\"author\" content=\"Norbert Berthold\" \/>\n<meta name=\"twitter:card\" content=\"summary_large_image\" \/>\n<meta name=\"twitter:label1\" content=\"Verfasst von\" \/>\n\t<meta name=\"twitter:data1\" content=\"Norbert Berthold\" \/>\n\t<meta name=\"twitter:label2\" content=\"Gesch\u00e4tzte Lesezeit\" \/>\n\t<meta name=\"twitter:data2\" content=\"2\u00a0Minuten\" \/>\n<script type=\"application\/ld+json\" class=\"yoast-schema-graph\">{\"@context\":\"https:\/\/schema.org\",\"@graph\":[{\"@type\":\"Article\",\"@id\":\"https:\/\/wirtschaftlichefreiheit.de\/wordpress\/?p=24030#article\",\"isPartOf\":{\"@id\":\"https:\/\/wirtschaftlichefreiheit.de\/wordpress\/?p=24030\"},\"author\":{\"name\":\"Norbert Berthold\",\"@id\":\"https:\/\/wirtschaftlichefreiheit.de\/wordpress\/#\/schema\/person\/bcf0039b0b5485b761fb6e35ed8ea554\"},\"headline\":\"Aus aktuellem Anla\u00df Super League in Europa? Das letzte Wort haben die Fans\",\"datePublished\":\"2018-11-03T23:01:15+00:00\",\"dateModified\":\"2018-11-05T16:34:38+00:00\",\"mainEntityOfPage\":{\"@id\":\"https:\/\/wirtschaftlichefreiheit.de\/wordpress\/?p=24030\"},\"wordCount\":499,\"commentCount\":7,\"image\":{\"@id\":\"https:\/\/wirtschaftlichefreiheit.de\/wordpress\/?p=24030#primaryimage\"},\"thumbnailUrl\":\"https:\/\/wirtschaftlichefreiheit.de\/wordpress\/bilder\/football-1551799__340-1.jpg\",\"keywords\":[\"Berthold\",\"Fu\u00dfball\",\"Super League\"],\"articleSection\":[\"Europ\u00e4isches\",\"Fu\u00dfballerisches\"],\"inLanguage\":\"de\",\"potentialAction\":[{\"@type\":\"CommentAction\",\"name\":\"Comment\",\"target\":[\"https:\/\/wirtschaftlichefreiheit.de\/wordpress\/?p=24030#respond\"]}]},{\"@type\":\"WebPage\",\"@id\":\"https:\/\/wirtschaftlichefreiheit.de\/wordpress\/?p=24030\",\"url\":\"https:\/\/wirtschaftlichefreiheit.de\/wordpress\/?p=24030\",\"name\":\"Aus aktuellem Anla\u00df Super League in Europa? Das letzte Wort haben die Fans - Wirtschaftliche Freiheit\",\"isPartOf\":{\"@id\":\"https:\/\/wirtschaftlichefreiheit.de\/wordpress\/#website\"},\"primaryImageOfPage\":{\"@id\":\"https:\/\/wirtschaftlichefreiheit.de\/wordpress\/?p=24030#primaryimage\"},\"image\":{\"@id\":\"https:\/\/wirtschaftlichefreiheit.de\/wordpress\/?p=24030#primaryimage\"},\"thumbnailUrl\":\"https:\/\/wirtschaftlichefreiheit.de\/wordpress\/bilder\/football-1551799__340-1.jpg\",\"datePublished\":\"2018-11-03T23:01:15+00:00\",\"dateModified\":\"2018-11-05T16:34:38+00:00\",\"author\":{\"@id\":\"https:\/\/wirtschaftlichefreiheit.de\/wordpress\/#\/schema\/person\/bcf0039b0b5485b761fb6e35ed8ea554\"},\"breadcrumb\":{\"@id\":\"https:\/\/wirtschaftlichefreiheit.de\/wordpress\/?p=24030#breadcrumb\"},\"inLanguage\":\"de\",\"potentialAction\":[{\"@type\":\"ReadAction\",\"target\":[\"https:\/\/wirtschaftlichefreiheit.de\/wordpress\/?p=24030\"]}]},{\"@type\":\"ImageObject\",\"inLanguage\":\"de\",\"@id\":\"https:\/\/wirtschaftlichefreiheit.de\/wordpress\/?p=24030#primaryimage\",\"url\":\"https:\/\/wirtschaftlichefreiheit.de\/wordpress\/bilder\/football-1551799__340-1.jpg\",\"contentUrl\":\"https:\/\/wirtschaftlichefreiheit.de\/wordpress\/bilder\/football-1551799__340-1.jpg\",\"width\":981,\"height\":340},{\"@type\":\"BreadcrumbList\",\"@id\":\"https:\/\/wirtschaftlichefreiheit.de\/wordpress\/?p=24030#breadcrumb\",\"itemListElement\":[{\"@type\":\"ListItem\",\"position\":1,\"name\":\"Startseite\",\"item\":\"https:\/\/wirtschaftlichefreiheit.de\/wordpress\"},{\"@type\":\"ListItem\",\"position\":2,\"name\":\"Aus aktuellem Anla\u00df Super League in Europa? Das letzte Wort haben die Fans\"}]},{\"@type\":\"WebSite\",\"@id\":\"https:\/\/wirtschaftlichefreiheit.de\/wordpress\/#website\",\"url\":\"https:\/\/wirtschaftlichefreiheit.de\/wordpress\/\",\"name\":\"Wirtschaftliche Freiheit\",\"description\":\"Das ordnungspolitische Journal\",\"potentialAction\":[{\"@type\":\"SearchAction\",\"target\":{\"@type\":\"EntryPoint\",\"urlTemplate\":\"https:\/\/wirtschaftlichefreiheit.de\/wordpress\/?s={search_term_string}\"},\"query-input\":{\"@type\":\"PropertyValueSpecification\",\"valueRequired\":true,\"valueName\":\"search_term_string\"}}],\"inLanguage\":\"de\"},{\"@type\":\"Person\",\"@id\":\"https:\/\/wirtschaftlichefreiheit.de\/wordpress\/#\/schema\/person\/bcf0039b0b5485b761fb6e35ed8ea554\",\"name\":\"Norbert Berthold\",\"image\":{\"@type\":\"ImageObject\",\"inLanguage\":\"de\",\"@id\":\"https:\/\/wirtschaftlichefreiheit.de\/wordpress\/bilder\/norbert_berthold.jpg\",\"url\":\"https:\/\/wirtschaftlichefreiheit.de\/wordpress\/bilder\/norbert_berthold.jpg\",\"contentUrl\":\"https:\/\/wirtschaftlichefreiheit.de\/wordpress\/bilder\/norbert_berthold.jpg\",\"caption\":\"Norbert Berthold\"},\"description\":\"Julius-Maximilians-Universit\u00e4t W\u00fcrzburg\",\"url\":\"https:\/\/wirtschaftlichefreiheit.de\/wordpress\/?author=7\"}]}<\/script>\n<!-- \/ Yoast SEO plugin. -->","yoast_head_json":{"title":"Aus aktuellem Anla\u00df Super League in Europa? Das letzte Wort haben die Fans - Wirtschaftliche Freiheit","robots":{"index":"index","follow":"follow","max-snippet":"max-snippet:-1","max-image-preview":"max-image-preview:large","max-video-preview":"max-video-preview:-1"},"canonical":"https:\/\/wirtschaftlichefreiheit.de\/wordpress\/?p=24030","og_locale":"de_DE","og_type":"article","og_title":"Aus aktuellem Anla\u00df Super League in Europa? Das letzte Wort haben die Fans - Wirtschaftliche Freiheit","og_description":"\u201eAlles was ich im Leben \u00fcber Moral oder Verpflichtungen des Menschen gelernt habe, verdanke ich dem Fu\u00dfball.&#8220; (Albert Camus) Die Marktwirtschaft ist eine Monarchie: Der &hellip; \u201eAus aktuellem Anla\u00df Super League in Europa? Das letzte Wort haben die Fans\u201c weiterlesen","og_url":"https:\/\/wirtschaftlichefreiheit.de\/wordpress\/?p=24030","og_site_name":"Wirtschaftliche Freiheit","article_published_time":"2018-11-03T23:01:15+00:00","article_modified_time":"2018-11-05T16:34:38+00:00","og_image":[{"width":981,"height":340,"url":"https:\/\/wirtschaftlichefreiheit.de\/wordpress\/bilder\/football-1551799__340-1.jpg","type":"image\/jpeg"}],"author":"Norbert Berthold","twitter_card":"summary_large_image","twitter_misc":{"Verfasst von":"Norbert Berthold","Gesch\u00e4tzte Lesezeit":"2\u00a0Minuten"},"schema":{"@context":"https:\/\/schema.org","@graph":[{"@type":"Article","@id":"https:\/\/wirtschaftlichefreiheit.de\/wordpress\/?p=24030#article","isPartOf":{"@id":"https:\/\/wirtschaftlichefreiheit.de\/wordpress\/?p=24030"},"author":{"name":"Norbert Berthold","@id":"https:\/\/wirtschaftlichefreiheit.de\/wordpress\/#\/schema\/person\/bcf0039b0b5485b761fb6e35ed8ea554"},"headline":"Aus aktuellem Anla\u00df Super League in Europa? Das letzte Wort haben die Fans","datePublished":"2018-11-03T23:01:15+00:00","dateModified":"2018-11-05T16:34:38+00:00","mainEntityOfPage":{"@id":"https:\/\/wirtschaftlichefreiheit.de\/wordpress\/?p=24030"},"wordCount":499,"commentCount":7,"image":{"@id":"https:\/\/wirtschaftlichefreiheit.de\/wordpress\/?p=24030#primaryimage"},"thumbnailUrl":"https:\/\/wirtschaftlichefreiheit.de\/wordpress\/bilder\/football-1551799__340-1.jpg","keywords":["Berthold","Fu\u00dfball","Super League"],"articleSection":["Europ\u00e4isches","Fu\u00dfballerisches"],"inLanguage":"de","potentialAction":[{"@type":"CommentAction","name":"Comment","target":["https:\/\/wirtschaftlichefreiheit.de\/wordpress\/?p=24030#respond"]}]},{"@type":"WebPage","@id":"https:\/\/wirtschaftlichefreiheit.de\/wordpress\/?p=24030","url":"https:\/\/wirtschaftlichefreiheit.de\/wordpress\/?p=24030","name":"Aus aktuellem Anla\u00df Super League in Europa? Das letzte Wort haben die Fans - Wirtschaftliche Freiheit","isPartOf":{"@id":"https:\/\/wirtschaftlichefreiheit.de\/wordpress\/#website"},"primaryImageOfPage":{"@id":"https:\/\/wirtschaftlichefreiheit.de\/wordpress\/?p=24030#primaryimage"},"image":{"@id":"https:\/\/wirtschaftlichefreiheit.de\/wordpress\/?p=24030#primaryimage"},"thumbnailUrl":"https:\/\/wirtschaftlichefreiheit.de\/wordpress\/bilder\/football-1551799__340-1.jpg","datePublished":"2018-11-03T23:01:15+00:00","dateModified":"2018-11-05T16:34:38+00:00","author":{"@id":"https:\/\/wirtschaftlichefreiheit.de\/wordpress\/#\/schema\/person\/bcf0039b0b5485b761fb6e35ed8ea554"},"breadcrumb":{"@id":"https:\/\/wirtschaftlichefreiheit.de\/wordpress\/?p=24030#breadcrumb"},"inLanguage":"de","potentialAction":[{"@type":"ReadAction","target":["https:\/\/wirtschaftlichefreiheit.de\/wordpress\/?p=24030"]}]},{"@type":"ImageObject","inLanguage":"de","@id":"https:\/\/wirtschaftlichefreiheit.de\/wordpress\/?p=24030#primaryimage","url":"https:\/\/wirtschaftlichefreiheit.de\/wordpress\/bilder\/football-1551799__340-1.jpg","contentUrl":"https:\/\/wirtschaftlichefreiheit.de\/wordpress\/bilder\/football-1551799__340-1.jpg","width":981,"height":340},{"@type":"BreadcrumbList","@id":"https:\/\/wirtschaftlichefreiheit.de\/wordpress\/?p=24030#breadcrumb","itemListElement":[{"@type":"ListItem","position":1,"name":"Startseite","item":"https:\/\/wirtschaftlichefreiheit.de\/wordpress"},{"@type":"ListItem","position":2,"name":"Aus aktuellem Anla\u00df Super League in Europa? Das letzte Wort haben die Fans"}]},{"@type":"WebSite","@id":"https:\/\/wirtschaftlichefreiheit.de\/wordpress\/#website","url":"https:\/\/wirtschaftlichefreiheit.de\/wordpress\/","name":"Wirtschaftliche Freiheit","description":"Das ordnungspolitische Journal","potentialAction":[{"@type":"SearchAction","target":{"@type":"EntryPoint","urlTemplate":"https:\/\/wirtschaftlichefreiheit.de\/wordpress\/?s={search_term_string}"},"query-input":{"@type":"PropertyValueSpecification","valueRequired":true,"valueName":"search_term_string"}}],"inLanguage":"de"},{"@type":"Person","@id":"https:\/\/wirtschaftlichefreiheit.de\/wordpress\/#\/schema\/person\/bcf0039b0b5485b761fb6e35ed8ea554","name":"Norbert Berthold","image":{"@type":"ImageObject","inLanguage":"de","@id":"https:\/\/wirtschaftlichefreiheit.de\/wordpress\/bilder\/norbert_berthold.jpg","url":"https:\/\/wirtschaftlichefreiheit.de\/wordpress\/bilder\/norbert_berthold.jpg","contentUrl":"https:\/\/wirtschaftlichefreiheit.de\/wordpress\/bilder\/norbert_berthold.jpg","caption":"Norbert Berthold"},"description":"Julius-Maximilians-Universit\u00e4t W\u00fcrzburg","url":"https:\/\/wirtschaftlichefreiheit.de\/wordpress\/?author=7"}]}},"_links":{"self":[{"href":"https:\/\/wirtschaftlichefreiheit.de\/wordpress\/index.php?rest_route=\/wp\/v2\/posts\/24030","targetHints":{"allow":["GET"]}}],"collection":[{"href":"https:\/\/wirtschaftlichefreiheit.de\/wordpress\/index.php?rest_route=\/wp\/v2\/posts"}],"about":[{"href":"https:\/\/wirtschaftlichefreiheit.de\/wordpress\/index.php?rest_route=\/wp\/v2\/types\/post"}],"author":[{"embeddable":true,"href":"https:\/\/wirtschaftlichefreiheit.de\/wordpress\/index.php?rest_route=\/wp\/v2\/users\/7"}],"replies":[{"embeddable":true,"href":"https:\/\/wirtschaftlichefreiheit.de\/wordpress\/index.php?rest_route=%2Fwp%2Fv2%2Fcomments&post=24030"}],"version-history":[{"count":4,"href":"https:\/\/wirtschaftlichefreiheit.de\/wordpress\/index.php?rest_route=\/wp\/v2\/posts\/24030\/revisions"}],"predecessor-version":[{"id":24041,"href":"https:\/\/wirtschaftlichefreiheit.de\/wordpress\/index.php?rest_route=\/wp\/v2\/posts\/24030\/revisions\/24041"}],"wp:featuredmedia":[{"embeddable":true,"href":"https:\/\/wirtschaftlichefreiheit.de\/wordpress\/index.php?rest_route=\/wp\/v2\/media\/24032"}],"wp:attachment":[{"href":"https:\/\/wirtschaftlichefreiheit.de\/wordpress\/index.php?rest_route=%2Fwp%2Fv2%2Fmedia&parent=24030"}],"wp:term":[{"taxonomy":"category","embeddable":true,"href":"https:\/\/wirtschaftlichefreiheit.de\/wordpress\/index.php?rest_route=%2Fwp%2Fv2%2Fcategories&post=24030"},{"taxonomy":"post_tag","embeddable":true,"href":"https:\/\/wirtschaftlichefreiheit.de\/wordpress\/index.php?rest_route=%2Fwp%2Fv2%2Ftags&post=24030"}],"curies":[{"name":"wp","href":"https:\/\/api.w.org\/{rel}","templated":true}]}}