{"id":24873,"date":"2019-04-06T00:01:13","date_gmt":"2019-04-05T23:01:13","guid":{"rendered":"http:\/\/wirtschaftlichefreiheit.de\/wordpress\/?p=24873"},"modified":"2019-04-06T07:19:14","modified_gmt":"2019-04-06T06:19:14","slug":"der-weltkapitalmarkt-ist-effizienter-als-ein-fonds-fuer-die-arbeitslosenversicherungen-der-euro-staaten","status":"publish","type":"post","link":"https:\/\/wirtschaftlichefreiheit.de\/wordpress\/?p=24873","title":{"rendered":"Der Weltkapitalmarkt ist effizienter als ein Fonds  f\u00fcr die Arbeitslosenversicherungen der Euro-Staaten"},"content":{"rendered":"<p>Bundesfinanzminister Scholz schl\u00e4gt vor, einen Fonds f\u00fcr die Arbeitslosenversicherungen der Euro-Staaten zu etablieren. Aus ihm sollen Eurol\u00e4nder, deren Arbeitslosenquote auf ein hohes Niveau steigt, subventionierte Kredite erhalten k\u00f6nnen. Gespeist w\u00fcrde der Fonds aus den Beitr\u00e4gen aller Versicherten.<\/p>\n<p><!--more--><\/p>\n<p>Wie begr\u00fcndet Olaf Scholz seinen Vorschlag? Es m\u00fcsse vermieden werden, dass ein Land, in dem die Arbeitslosigkeit ansteigt, so wie zum Beispiel Deutschland in der Weltwirtschaftskrise, die Arbeitslosenunterst\u00fctzung k\u00fcrzt. Das kommt bei seinen Parteifreunden gut an, f\u00fchrt aber in die Irre. Wir befinden uns nicht in den drei\u00dfiger Jahren. Seit mindestens achtzig Jahren besteht unter den \u00d6konomen und Wirtschaftspolitikern Einigkeit, dass es falsch ist, in der Rezession die Arbeitslosenunterst\u00fctzung zu k\u00fcrzen. Denn die Arbeitslosenversicherung ist ein automatischer Stabilisator der G\u00fcternachfrage. Wenn heute in einem europ\u00e4ischen Land\u00a0 die Arbeitslosigkeit konjunkturbedingt zunimmt und die Reserven der Arbeitslosenversicherung nicht ausreichen, erh\u00f6ht der Staat seine Neuverschuldung, d.h., er geht an den Kapitalmarkt. Das hat zur Folge, dass der Realzins am inl\u00e4ndischen Kapitalmarkt steigt und Kapital aus dem Ausland zuflie\u00dft. Der konjunkturelle Schock wird damit vom gesamten Weltkapitalmarkt absorbiert. Das ist eindeutig effizienter als ein Kreditmechanismus, der auf die Arbeitslosenversicherungen der Euro-Staaten beschr\u00e4nkt ist.<\/p>\n<p>Effizient ist auch, dass sich der Staat am Kapitalmarkt nur zu Marktkonditionen verschulden kann. Die Kredite zwischen den Arbeitslosenversicherungen w\u00fcrden dagegen subventioniert, um den Markt zu unterbieten und um \u201cinternationale Solidarit\u00e4t\u201d zu beweisen. Damit w\u00fcrde jedoch die effizientere Marktfinanzierung verdr\u00e4ngt und der Anreiz, Arbeitslosigkeit zu vermeiden, geschw\u00e4cht.<\/p>\n<p>Wenn in einem einzelnen Land der Eurozone die Arbeitslosenquote auf ein hohes Niveau steigt, haben typischerweise die Wirtschaftspolitiker und\/oder die Tarifparteien versagt. Sie haben entweder selbst einen negativen asymmetrischen Schock erzeugt oder auf einen symmetrischen, die ganze Eurozone treffenden Schock &#8211; wie zum Beispiel die Finanzmarktkrise von 2008 &#8211; schlechter als die anderen Euro-Staaten reagiert. In beiden F\u00e4llen gilt: Fehlverhalten sollte nicht mit Subventionen belohnt werden. Jeder sollte f\u00fcr seine eigenen Fehler haften.<\/p>\n<p>Man mag einwenden, dass das Defizit-Limit des Stabilit\u00e4ts- und Wachstumspakts, wenn es denn eingehalten wird, einer rezessionsbedingten Neuverschuldung enge Grenzen setzt. Das Drei-Prozent-Limit wurde jedoch 1995 anhand von Simulationen f\u00fcr die vorangegangenen Jahrzehnte explizit so bemessen, dass genug Spielraum f\u00fcr das Wirken der automatischen Stabilisatoren bleibt, wenn der konjunkturbereinigte Haushalt\u00a0 ausgeglichen ist. Wenn die Kredite des Fonds nicht auf die staatliche Neuverschuldung angerechnet werden, was wahrscheinlich ist, entf\u00e4llt sogar das Ziel eines ausgeglichenen konjunkturbereinigten Haushalts. Denn da der Fonds einspringt, braucht der Staat f\u00fcr den Fall einer Rezession weniger Verschuldungsspielraum am Markt. Die Regierung kann deshalb im konjunkturneutralen Zustand ein Haushaltsdefizit riskieren. Olaf Scholz will dieses Anreizproblem dadurch l\u00f6sen, dass L\u00e4nder, die ein konjunkturbereinigtes Haushaltsdefizit haben, von den Krediten des Fonds ausgeschlossen w\u00fcrden. Dar\u00fcber, ob der Haushalt im konjunkturneutralen Zustand ausgeglichen w\u00e4re, gehen die Meinungen jedoch oft weit auseinander. H\u00e4ufig besteht noch nicht einmal Einigkeit dar\u00fcber, welcher Zustand konjunkturneutral ist. Es k\u00e4me zu st\u00e4ndigem Streit, was dem Ziel der V\u00f6lkerverst\u00e4ndigung widerspricht, und im Zweifel w\u00fcrden Kommission und Gerichtshof beide Augen zudr\u00fccken und zugunsten gro\u00dfz\u00fcgiger Euro-Fonds-Kredite entscheiden.<\/p>\n<p>Eine Simulation des Scholz-Plans f\u00fcr den Zeitraum 2000 bis 2016 ergab in beiden untersuchten Varianten, dass Deutschland der Hauptkreditgeber und Spanien und Griechenland die Hauptkreditnehmer gewesen w\u00e4ren.<a href=\"#_ftn1\" name=\"_ftnref1\">[1]<\/a><\/p>\n<p><em><strong>Hinweis:<\/strong> Der Beitrag wurde zuerst in &#8222;politik.der-privatinvestor.de&#8220;, M\u00e4rz 2019 ver\u00f6ffentlicht.<br \/>\n<\/em><\/p>\n<p>&#8212; &#8212; &#8212;<\/p>\n<p><a href=\"#_ftnref1\" name=\"_ftn1\">[1]<\/a> Mathias Dolls, An Unemployment Re-Insurance Scheme for the Eurozone? EconPol Policy Report 10, January 2019, Figure 2. Die Analyse wurde im Auftrag der Bertelsmann-Stiftung am Ifo-Institut durchgef\u00fchrt.<\/p>\n<p><strong>Blog-Beitr\u00e4ge zum Thema:<\/strong><\/p>\n<p>Norbert Berthold: <a href=\"http:\/\/wirtschaftlichefreiheit.de\/wordpress\/?p=24120\">\u201eEurop\u00e4ische\u201c Arbeitslosenversicherung. <span style=\"color: grey; font-size: medium;\">Ein trojanisches Pferd<\/span><\/a><\/p>\n<p>Norbert Berthold: <a href=\"http:\/\/wirtschaftlichefreiheit.de\/wordpress\/?p=13356\">Ein giftiger europ\u00e4ischer Cocktail. <span style=\"color: grey; font-size: medium;\">EU-Kommission plant zentralistische Arbeitslosenversicherung<\/span><\/a><\/p>\n<!-- AddThis Advanced Settings generic via filter on the_content --><!-- AddThis Share Buttons generic via filter on the_content --><!-- AddThis Related Posts generic via filter on the_content -->","protected":false},"excerpt":{"rendered":"<p>Bundesfinanzminister Scholz schl\u00e4gt vor, einen Fonds f\u00fcr die Arbeitslosenversicherungen der Euro-Staaten zu etablieren. Aus ihm sollen Eurol\u00e4nder, deren Arbeitslosenquote auf ein hohes Niveau steigt, subventionierte &hellip; <\/p>\n<p class=\"link-more\"><a href=\"https:\/\/wirtschaftlichefreiheit.de\/wordpress\/?p=24873\" class=\"more-link\"><span class=\"screen-reader-text\">\u201eDer Weltkapitalmarkt ist effizienter als ein Fonds  f\u00fcr die Arbeitslosenversicherungen der Euro-Staaten\u201c <\/span>weiterlesen<\/a><\/p>\n<p><!-- AddThis Advanced Settings generic via filter on wp_trim_excerpt --><!-- AddThis Share Buttons generic via filter on wp_trim_excerpt --><!-- AddThis Related Posts generic via filter on wp_trim_excerpt --><\/p>\n","protected":false},"author":12,"featured_media":24875,"comment_status":"open","ping_status":"open","sticky":false,"template":"","format":"standard","meta":{"footnotes":""},"categories":[3,8,4],"tags":[3099,2971,1269,2771,3098,1761],"class_list":["post-24873","post","type-post","status-publish","format-standard","has-post-thumbnail","hentry","category-arbeit","category-europaisches","category-soziales","tag-asymmetrische-schocks","tag-automatischer-stabilisator","tag-europaeische-arbeitslosenversicherung","tag-kapitalmaerkte","tag-olaf-scholz","tag-vaubel"],"yoast_head":"<!-- This site is optimized with the Yoast SEO plugin v27.2 - https:\/\/yoast.com\/product\/yoast-seo-wordpress\/ -->\n<title>Der Weltkapitalmarkt ist effizienter als ein Fonds f\u00fcr die Arbeitslosenversicherungen der Euro-Staaten - Wirtschaftliche Freiheit<\/title>\n<meta name=\"robots\" content=\"index, follow, max-snippet:-1, max-image-preview:large, max-video-preview:-1\" \/>\n<link rel=\"canonical\" href=\"https:\/\/wirtschaftlichefreiheit.de\/wordpress\/?p=24873\" \/>\n<meta property=\"og:locale\" content=\"de_DE\" \/>\n<meta property=\"og:type\" content=\"article\" \/>\n<meta property=\"og:title\" content=\"Der Weltkapitalmarkt ist effizienter als ein Fonds f\u00fcr die Arbeitslosenversicherungen der Euro-Staaten - Wirtschaftliche Freiheit\" \/>\n<meta property=\"og:description\" content=\"Bundesfinanzminister Scholz schl\u00e4gt vor, einen Fonds f\u00fcr die Arbeitslosenversicherungen der Euro-Staaten zu etablieren. Aus ihm sollen Eurol\u00e4nder, deren Arbeitslosenquote auf ein hohes Niveau steigt, subventionierte &hellip; \u201eDer Weltkapitalmarkt ist effizienter als ein Fonds f\u00fcr die Arbeitslosenversicherungen der Euro-Staaten\u201c weiterlesen\" \/>\n<meta property=\"og:url\" content=\"https:\/\/wirtschaftlichefreiheit.de\/wordpress\/?p=24873\" \/>\n<meta property=\"og:site_name\" content=\"Wirtschaftliche Freiheit\" \/>\n<meta property=\"article:published_time\" content=\"2019-04-05T23:01:13+00:00\" \/>\n<meta property=\"article:modified_time\" content=\"2019-04-06T06:19:14+00:00\" \/>\n<meta property=\"og:image\" content=\"https:\/\/wirtschaftlichefreiheit.de\/wordpress\/bilder\/termination-110301__340.jpg\" \/>\n\t<meta property=\"og:image:width\" content=\"480\" \/>\n\t<meta property=\"og:image:height\" content=\"340\" \/>\n\t<meta property=\"og:image:type\" content=\"image\/jpeg\" \/>\n<meta name=\"author\" content=\"Roland Vaubel\" \/>\n<meta name=\"twitter:card\" content=\"summary_large_image\" \/>\n<meta name=\"twitter:label1\" content=\"Verfasst von\" \/>\n\t<meta name=\"twitter:data1\" content=\"Roland Vaubel\" \/>\n\t<meta name=\"twitter:label2\" content=\"Gesch\u00e4tzte Lesezeit\" \/>\n\t<meta name=\"twitter:data2\" content=\"3\u00a0Minuten\" \/>\n<script type=\"application\/ld+json\" class=\"yoast-schema-graph\">{\"@context\":\"https:\/\/schema.org\",\"@graph\":[{\"@type\":\"Article\",\"@id\":\"https:\/\/wirtschaftlichefreiheit.de\/wordpress\/?p=24873#article\",\"isPartOf\":{\"@id\":\"https:\/\/wirtschaftlichefreiheit.de\/wordpress\/?p=24873\"},\"author\":{\"name\":\"Roland Vaubel\",\"@id\":\"https:\/\/wirtschaftlichefreiheit.de\/wordpress\/#\/schema\/person\/c2e26890458af4248a3c4bda9521c609\"},\"headline\":\"Der Weltkapitalmarkt ist effizienter als ein Fonds f\u00fcr die Arbeitslosenversicherungen der Euro-Staaten\",\"datePublished\":\"2019-04-05T23:01:13+00:00\",\"dateModified\":\"2019-04-06T06:19:14+00:00\",\"mainEntityOfPage\":{\"@id\":\"https:\/\/wirtschaftlichefreiheit.de\/wordpress\/?p=24873\"},\"wordCount\":633,\"commentCount\":0,\"image\":{\"@id\":\"https:\/\/wirtschaftlichefreiheit.de\/wordpress\/?p=24873#primaryimage\"},\"thumbnailUrl\":\"https:\/\/wirtschaftlichefreiheit.de\/wordpress\/bilder\/termination-110301__340.jpg\",\"keywords\":[\"Asymmetrische Schocks\",\"Automatischer Stabilisator\",\"Europ\u00e4ische Arbeitslosenversicherung\",\"Kapitalm\u00e4rkte\",\"Olaf Scholz\",\"Vaubel\"],\"articleSection\":[\"Arbeit\",\"Europ\u00e4isches\",\"Soziales\"],\"inLanguage\":\"de\",\"potentialAction\":[{\"@type\":\"CommentAction\",\"name\":\"Comment\",\"target\":[\"https:\/\/wirtschaftlichefreiheit.de\/wordpress\/?p=24873#respond\"]}]},{\"@type\":\"WebPage\",\"@id\":\"https:\/\/wirtschaftlichefreiheit.de\/wordpress\/?p=24873\",\"url\":\"https:\/\/wirtschaftlichefreiheit.de\/wordpress\/?p=24873\",\"name\":\"Der Weltkapitalmarkt ist effizienter als ein Fonds f\u00fcr die Arbeitslosenversicherungen der Euro-Staaten - Wirtschaftliche Freiheit\",\"isPartOf\":{\"@id\":\"https:\/\/wirtschaftlichefreiheit.de\/wordpress\/#website\"},\"primaryImageOfPage\":{\"@id\":\"https:\/\/wirtschaftlichefreiheit.de\/wordpress\/?p=24873#primaryimage\"},\"image\":{\"@id\":\"https:\/\/wirtschaftlichefreiheit.de\/wordpress\/?p=24873#primaryimage\"},\"thumbnailUrl\":\"https:\/\/wirtschaftlichefreiheit.de\/wordpress\/bilder\/termination-110301__340.jpg\",\"datePublished\":\"2019-04-05T23:01:13+00:00\",\"dateModified\":\"2019-04-06T06:19:14+00:00\",\"author\":{\"@id\":\"https:\/\/wirtschaftlichefreiheit.de\/wordpress\/#\/schema\/person\/c2e26890458af4248a3c4bda9521c609\"},\"breadcrumb\":{\"@id\":\"https:\/\/wirtschaftlichefreiheit.de\/wordpress\/?p=24873#breadcrumb\"},\"inLanguage\":\"de\",\"potentialAction\":[{\"@type\":\"ReadAction\",\"target\":[\"https:\/\/wirtschaftlichefreiheit.de\/wordpress\/?p=24873\"]}]},{\"@type\":\"ImageObject\",\"inLanguage\":\"de\",\"@id\":\"https:\/\/wirtschaftlichefreiheit.de\/wordpress\/?p=24873#primaryimage\",\"url\":\"https:\/\/wirtschaftlichefreiheit.de\/wordpress\/bilder\/termination-110301__340.jpg\",\"contentUrl\":\"https:\/\/wirtschaftlichefreiheit.de\/wordpress\/bilder\/termination-110301__340.jpg\",\"width\":480,\"height\":340},{\"@type\":\"BreadcrumbList\",\"@id\":\"https:\/\/wirtschaftlichefreiheit.de\/wordpress\/?p=24873#breadcrumb\",\"itemListElement\":[{\"@type\":\"ListItem\",\"position\":1,\"name\":\"Startseite\",\"item\":\"https:\/\/wirtschaftlichefreiheit.de\/wordpress\"},{\"@type\":\"ListItem\",\"position\":2,\"name\":\"Der Weltkapitalmarkt ist effizienter als ein Fonds f\u00fcr die Arbeitslosenversicherungen der Euro-Staaten\"}]},{\"@type\":\"WebSite\",\"@id\":\"https:\/\/wirtschaftlichefreiheit.de\/wordpress\/#website\",\"url\":\"https:\/\/wirtschaftlichefreiheit.de\/wordpress\/\",\"name\":\"Wirtschaftliche Freiheit\",\"description\":\"Das ordnungspolitische Journal\",\"potentialAction\":[{\"@type\":\"SearchAction\",\"target\":{\"@type\":\"EntryPoint\",\"urlTemplate\":\"https:\/\/wirtschaftlichefreiheit.de\/wordpress\/?s={search_term_string}\"},\"query-input\":{\"@type\":\"PropertyValueSpecification\",\"valueRequired\":true,\"valueName\":\"search_term_string\"}}],\"inLanguage\":\"de\"},{\"@type\":\"Person\",\"@id\":\"https:\/\/wirtschaftlichefreiheit.de\/wordpress\/#\/schema\/person\/c2e26890458af4248a3c4bda9521c609\",\"name\":\"Roland Vaubel\",\"image\":{\"@type\":\"ImageObject\",\"inLanguage\":\"de\",\"@id\":\"https:\/\/wirtschaftlichefreiheit.de\/wordpress\/bilder\/roland_vaubel.jpg\",\"url\":\"https:\/\/wirtschaftlichefreiheit.de\/wordpress\/bilder\/roland_vaubel.jpg\",\"contentUrl\":\"https:\/\/wirtschaftlichefreiheit.de\/wordpress\/bilder\/roland_vaubel.jpg\",\"caption\":\"Roland Vaubel\"},\"description\":\"Universit\u00e4t Mannheim\",\"url\":\"https:\/\/wirtschaftlichefreiheit.de\/wordpress\/?author=12\"}]}<\/script>\n<!-- \/ Yoast SEO plugin. -->","yoast_head_json":{"title":"Der Weltkapitalmarkt ist effizienter als ein Fonds f\u00fcr die Arbeitslosenversicherungen der Euro-Staaten - Wirtschaftliche Freiheit","robots":{"index":"index","follow":"follow","max-snippet":"max-snippet:-1","max-image-preview":"max-image-preview:large","max-video-preview":"max-video-preview:-1"},"canonical":"https:\/\/wirtschaftlichefreiheit.de\/wordpress\/?p=24873","og_locale":"de_DE","og_type":"article","og_title":"Der Weltkapitalmarkt ist effizienter als ein Fonds f\u00fcr die Arbeitslosenversicherungen der Euro-Staaten - Wirtschaftliche Freiheit","og_description":"Bundesfinanzminister Scholz schl\u00e4gt vor, einen Fonds f\u00fcr die Arbeitslosenversicherungen der Euro-Staaten zu etablieren. Aus ihm sollen Eurol\u00e4nder, deren Arbeitslosenquote auf ein hohes Niveau steigt, subventionierte &hellip; \u201eDer Weltkapitalmarkt ist effizienter als ein Fonds f\u00fcr die Arbeitslosenversicherungen der Euro-Staaten\u201c weiterlesen","og_url":"https:\/\/wirtschaftlichefreiheit.de\/wordpress\/?p=24873","og_site_name":"Wirtschaftliche Freiheit","article_published_time":"2019-04-05T23:01:13+00:00","article_modified_time":"2019-04-06T06:19:14+00:00","og_image":[{"width":480,"height":340,"url":"https:\/\/wirtschaftlichefreiheit.de\/wordpress\/bilder\/termination-110301__340.jpg","type":"image\/jpeg"}],"author":"Roland Vaubel","twitter_card":"summary_large_image","twitter_misc":{"Verfasst von":"Roland Vaubel","Gesch\u00e4tzte Lesezeit":"3\u00a0Minuten"},"schema":{"@context":"https:\/\/schema.org","@graph":[{"@type":"Article","@id":"https:\/\/wirtschaftlichefreiheit.de\/wordpress\/?p=24873#article","isPartOf":{"@id":"https:\/\/wirtschaftlichefreiheit.de\/wordpress\/?p=24873"},"author":{"name":"Roland Vaubel","@id":"https:\/\/wirtschaftlichefreiheit.de\/wordpress\/#\/schema\/person\/c2e26890458af4248a3c4bda9521c609"},"headline":"Der Weltkapitalmarkt ist effizienter als ein Fonds f\u00fcr die Arbeitslosenversicherungen der Euro-Staaten","datePublished":"2019-04-05T23:01:13+00:00","dateModified":"2019-04-06T06:19:14+00:00","mainEntityOfPage":{"@id":"https:\/\/wirtschaftlichefreiheit.de\/wordpress\/?p=24873"},"wordCount":633,"commentCount":0,"image":{"@id":"https:\/\/wirtschaftlichefreiheit.de\/wordpress\/?p=24873#primaryimage"},"thumbnailUrl":"https:\/\/wirtschaftlichefreiheit.de\/wordpress\/bilder\/termination-110301__340.jpg","keywords":["Asymmetrische Schocks","Automatischer Stabilisator","Europ\u00e4ische Arbeitslosenversicherung","Kapitalm\u00e4rkte","Olaf Scholz","Vaubel"],"articleSection":["Arbeit","Europ\u00e4isches","Soziales"],"inLanguage":"de","potentialAction":[{"@type":"CommentAction","name":"Comment","target":["https:\/\/wirtschaftlichefreiheit.de\/wordpress\/?p=24873#respond"]}]},{"@type":"WebPage","@id":"https:\/\/wirtschaftlichefreiheit.de\/wordpress\/?p=24873","url":"https:\/\/wirtschaftlichefreiheit.de\/wordpress\/?p=24873","name":"Der Weltkapitalmarkt ist effizienter als ein Fonds f\u00fcr die Arbeitslosenversicherungen der Euro-Staaten - Wirtschaftliche Freiheit","isPartOf":{"@id":"https:\/\/wirtschaftlichefreiheit.de\/wordpress\/#website"},"primaryImageOfPage":{"@id":"https:\/\/wirtschaftlichefreiheit.de\/wordpress\/?p=24873#primaryimage"},"image":{"@id":"https:\/\/wirtschaftlichefreiheit.de\/wordpress\/?p=24873#primaryimage"},"thumbnailUrl":"https:\/\/wirtschaftlichefreiheit.de\/wordpress\/bilder\/termination-110301__340.jpg","datePublished":"2019-04-05T23:01:13+00:00","dateModified":"2019-04-06T06:19:14+00:00","author":{"@id":"https:\/\/wirtschaftlichefreiheit.de\/wordpress\/#\/schema\/person\/c2e26890458af4248a3c4bda9521c609"},"breadcrumb":{"@id":"https:\/\/wirtschaftlichefreiheit.de\/wordpress\/?p=24873#breadcrumb"},"inLanguage":"de","potentialAction":[{"@type":"ReadAction","target":["https:\/\/wirtschaftlichefreiheit.de\/wordpress\/?p=24873"]}]},{"@type":"ImageObject","inLanguage":"de","@id":"https:\/\/wirtschaftlichefreiheit.de\/wordpress\/?p=24873#primaryimage","url":"https:\/\/wirtschaftlichefreiheit.de\/wordpress\/bilder\/termination-110301__340.jpg","contentUrl":"https:\/\/wirtschaftlichefreiheit.de\/wordpress\/bilder\/termination-110301__340.jpg","width":480,"height":340},{"@type":"BreadcrumbList","@id":"https:\/\/wirtschaftlichefreiheit.de\/wordpress\/?p=24873#breadcrumb","itemListElement":[{"@type":"ListItem","position":1,"name":"Startseite","item":"https:\/\/wirtschaftlichefreiheit.de\/wordpress"},{"@type":"ListItem","position":2,"name":"Der Weltkapitalmarkt ist effizienter als ein Fonds f\u00fcr die Arbeitslosenversicherungen der Euro-Staaten"}]},{"@type":"WebSite","@id":"https:\/\/wirtschaftlichefreiheit.de\/wordpress\/#website","url":"https:\/\/wirtschaftlichefreiheit.de\/wordpress\/","name":"Wirtschaftliche Freiheit","description":"Das ordnungspolitische Journal","potentialAction":[{"@type":"SearchAction","target":{"@type":"EntryPoint","urlTemplate":"https:\/\/wirtschaftlichefreiheit.de\/wordpress\/?s={search_term_string}"},"query-input":{"@type":"PropertyValueSpecification","valueRequired":true,"valueName":"search_term_string"}}],"inLanguage":"de"},{"@type":"Person","@id":"https:\/\/wirtschaftlichefreiheit.de\/wordpress\/#\/schema\/person\/c2e26890458af4248a3c4bda9521c609","name":"Roland Vaubel","image":{"@type":"ImageObject","inLanguage":"de","@id":"https:\/\/wirtschaftlichefreiheit.de\/wordpress\/bilder\/roland_vaubel.jpg","url":"https:\/\/wirtschaftlichefreiheit.de\/wordpress\/bilder\/roland_vaubel.jpg","contentUrl":"https:\/\/wirtschaftlichefreiheit.de\/wordpress\/bilder\/roland_vaubel.jpg","caption":"Roland Vaubel"},"description":"Universit\u00e4t Mannheim","url":"https:\/\/wirtschaftlichefreiheit.de\/wordpress\/?author=12"}]}},"_links":{"self":[{"href":"https:\/\/wirtschaftlichefreiheit.de\/wordpress\/index.php?rest_route=\/wp\/v2\/posts\/24873","targetHints":{"allow":["GET"]}}],"collection":[{"href":"https:\/\/wirtschaftlichefreiheit.de\/wordpress\/index.php?rest_route=\/wp\/v2\/posts"}],"about":[{"href":"https:\/\/wirtschaftlichefreiheit.de\/wordpress\/index.php?rest_route=\/wp\/v2\/types\/post"}],"author":[{"embeddable":true,"href":"https:\/\/wirtschaftlichefreiheit.de\/wordpress\/index.php?rest_route=\/wp\/v2\/users\/12"}],"replies":[{"embeddable":true,"href":"https:\/\/wirtschaftlichefreiheit.de\/wordpress\/index.php?rest_route=%2Fwp%2Fv2%2Fcomments&post=24873"}],"version-history":[{"count":2,"href":"https:\/\/wirtschaftlichefreiheit.de\/wordpress\/index.php?rest_route=\/wp\/v2\/posts\/24873\/revisions"}],"predecessor-version":[{"id":24994,"href":"https:\/\/wirtschaftlichefreiheit.de\/wordpress\/index.php?rest_route=\/wp\/v2\/posts\/24873\/revisions\/24994"}],"wp:featuredmedia":[{"embeddable":true,"href":"https:\/\/wirtschaftlichefreiheit.de\/wordpress\/index.php?rest_route=\/wp\/v2\/media\/24875"}],"wp:attachment":[{"href":"https:\/\/wirtschaftlichefreiheit.de\/wordpress\/index.php?rest_route=%2Fwp%2Fv2%2Fmedia&parent=24873"}],"wp:term":[{"taxonomy":"category","embeddable":true,"href":"https:\/\/wirtschaftlichefreiheit.de\/wordpress\/index.php?rest_route=%2Fwp%2Fv2%2Fcategories&post=24873"},{"taxonomy":"post_tag","embeddable":true,"href":"https:\/\/wirtschaftlichefreiheit.de\/wordpress\/index.php?rest_route=%2Fwp%2Fv2%2Ftags&post=24873"}],"curies":[{"name":"wp","href":"https:\/\/api.w.org\/{rel}","templated":true}]}}