{"id":25474,"date":"2019-07-10T08:41:08","date_gmt":"2019-07-10T07:41:08","guid":{"rendered":"http:\/\/wirtschaftlichefreiheit.de\/wordpress\/?p=25474"},"modified":"2019-07-10T08:41:08","modified_gmt":"2019-07-10T07:41:08","slug":"pro-contra-nationale-industriestrategie-2030-alter-wein-in-neuen-schlaeuchen","status":"publish","type":"post","link":"https:\/\/wirtschaftlichefreiheit.de\/wordpress\/?p=25474","title":{"rendered":"<font size=3; color=grey>Pro &#038; Contra <\/font><br\/>Nationale Industriestrategie 2030 \u2013 Alter Wein in neuen Schl\u00e4uchen?"},"content":{"rendered":"<p>Die industriepolitischen Pl\u00e4ne namens \u201eNationale Industriestrategie 2030\u201c von Bundeswirtschaftsminister Peter Altmaier werden derzeit kontrovers diskutiert. Stark vereinfacht ausgedr\u00fcckt sollen nationale Champions entstehen, einzelne Branchen strategisch gef\u00f6rdert und unerw\u00fcnschte Investoren abgewehrt werden \u2013 etwa durch den Aufbau staatlicher Beteiligungsfonds.<\/p>\n<p><!--more--><\/p>\n<p>Industriepolitik ist nat\u00fcrlich kein neues Ph\u00e4nomen. Es gab sie auch schon in den 1960er und 1970er Jahren. Doch die Welt hat sich zuletzt aufgrund der Digitalisierung und Globalisierung gleicherma\u00dfen stark gewandelt. Der \u00d6konom Jan Schnellenbach und der Politiker Oliver Wittke sind unterschiedlicher Meinung, ob Altmaiers Vorsto\u00df als alter Wein in neuen Schl\u00e4uchen zu betrachten ist oder ob er tats\u00e4chlich ein gro\u00dfer Wurf werden kann.<\/p>\n<p><strong>Pro: Jan Schnellenbach<\/strong><\/p>\n<p><em> <img loading=\"lazy\" decoding=\"async\" class=\"avatar avatar-80 wp-user-avatar wp-user-avatar-80 alignnone photo alignleft\" src=\"http:\/\/wirtschaftlichefreiheit.de\/wordpress\/bilder\/jan_schnellenbach-150x150.png\" alt=\"Jan Schnellenbach\" width=\"80\" height=\"80\" \/>Prof. Dr. Jan Schnellenbach <\/em><em>ist seit Oktober 2014 Professor f\u00fcr Volkswirtschaftslehre, insbesondere Mikro\u00f6konomik an der BTU Cottbus-Senftenberg. Von 2012 bis 2014 war Schnellenbach gesch\u00e4ftsf\u00fchrender Forschungsreferent des Walter-Eucken-Instituts in Freiburg sowie Privatdozent an der Universit\u00e4t Heidelberg, an der er auch 2009 habilitierte und kurz darauf eine Vertretungsprofessur erhielt.<\/em><\/p>\n<p><strong>Problem<\/strong><\/p>\n<p>Deutschland steht ein m\u00f6glicherweise schwerwiegender Strukturwandel bevor. Nicht nur die Automobilwirtschaft wird sich absehbar stark wandeln. Was kann die Politik tun?<strong>\u00a0<\/strong><\/p>\n<p><strong>Vorsto\u00df<\/strong><em>\u00a0<\/em><\/p>\n<p>Altmaier setzt auf eine Industriepolitik, wie man sie am ehesten aus Frankreich kennt. Sie beinhaltet staatliche Investitionslenkung, das Opfern von Wettbewerbsintensit\u00e4t, um \u201enationale Champions\u201c zu schaffen, sowie die Vorstellung, der Staat wisse am besten, wo sich Chancen f\u00fcr Innovationen bieten. Die Strategie fu\u00dft auf einer politischen Anma\u00dfung von Wissen in gro\u00dfem Stil. Empirisch gibt es aber keine Anhaltspunkte daf\u00fcr, dass diese Art von planerischer Industriepolitik dauerhaft erfolgreich ist.<strong>\u00a0<\/strong><\/p>\n<p><strong>Folgen<\/strong><\/p>\n<p>Die Strategie Altmaiers birgt die Gefahr, das dynamische, durch viele innovative Mittelst\u00e4ndler gepr\u00e4gte deutsche Erfolgsmodell in eine sklerotische Rent-Seeking-\u00d6konomie zu transformieren. Staatliche Investitionslenkung verbrennt Geld in politisch interessanten, aber \u00f6konomisch sinnlosen Projekten. \u201eChampions\u201c mit staatlicher Bestandsgarantie verlassen sich darauf, vor Wettbewerb gesch\u00fctzt zu werden, der eigentlich Antrieb jeder nachhaltigen Wachstumsdynamik ist. Die Industriestrategie hat das Potential, Deutschland bis zum Jahr 2030 zum \u201ekranken Mann Europas\u201c zu machen.<\/p>\n<p><strong>L\u00f6sung<\/strong><\/p>\n<p>Deutschland ben\u00f6tigt dringend eine Welle angebotspolitischer Reformen. Dazu geh\u00f6ren sinkende Steuern auf Einkommen und Gewinne, aber auch ein Abbau von Regulierungen, die gerade den Mittelst\u00e4ndlern oft sehr hohe B\u00fcrokratiekosten aufb\u00fcrden und ihr unternehmerisches Handeln erschweren.<\/p>\n<p><strong>Contra: Oliver Wittke<\/strong><\/p>\n<p><em><img decoding=\"async\" class=\"photo alignleft\" src=\"http:\/\/wirtschaftlichefreiheit.de\/wordpress\/bilder\/gravatar\/wittke.png?1562235091\" width=\"80\" \/>Oliver Wittke ist seit M\u00e4rz 2018 parlamentarischer Staatssekret\u00e4r von Minister Peter Altmaier im Bundesministerium f\u00fcr Wirtschaft und Energie in Berlin. Zwischen 1999 und 2004 war Wittke Oberb\u00fcrgermeister von Gelsenkirchen \u2013 und von 2005 und 2009 Minister f\u00fcr Bauen und Verkehr des Landes Nordrhein-Westfalen.<br \/>\n<\/em><\/p>\n<p><strong>Ziel<\/strong><\/p>\n<p>Wir m\u00fcssen jetzt die Weichen daf\u00fcr stellen, dass unsere Wirtschaft und die Soziale Marktwirtschaft auch in zehn, f\u00fcnfzehn Jahren noch erfolgreich ist.<\/p>\n<p><strong>Problem<\/strong><\/p>\n<p>Wir leben in unruhigen Zeiten: Digitalisierung und Globalisierung entwickeln sich rasant und stellen in kurzer Zeit etablierte M\u00e4rkte auf den Kopf. Das gilt auch f\u00fcr vermeintliche universelle Gewissheiten wie den Nutzen offener und freier M\u00e4rkte. Wirtschaftliche Interessen werden heute durch neue und alte Wirtschaftsm\u00e4chte viel strategischer, h\u00e4ufig auch protektionistischer, verfolgt. Auf diese Entwicklungen m\u00fcssen wir mit einer neuen Strategie reagieren!<strong>\u00a0<\/strong><\/p>\n<p><strong>Folge<\/strong><\/p>\n<p>Deutschland und Europa drohen, trotz einer \u00fcberwiegend guten wirtschaftlichen Ausgangslage, in wichtigen technologischen Schl\u00fcsselkompetenzen den Anschluss zu verlieren. Dies h\u00e4tte m\u00f6glicherweise schwere Folgen f\u00fcr unsere Volkswirtschaft, unsere Arbeitspl\u00e4tze und die Finanzierung unseres Sozialstaats in der Zukunft.<strong>\u00a0<\/strong><\/p>\n<p><strong>L\u00f6sung<\/strong><\/p>\n<p>Mit der Industriestrategie 2030 hat Bundeswirtschaftsminister <em>Altmaier <\/em>eine Diskussion \u00fcber Industrie- und Wirtschaftspolitik in Gang gebracht. Denn wir brauchen sowohl auf nationaler wie auf europ\u00e4ischer Ebene eine Industriestrategie und eine Industriepolitik, die im Einklang mit den bew\u00e4hrten Prinzipien der Sozialen Marktwirtschaft steht und die richtigen Rahmenbedingungen f\u00fcr die Wirtschaft setzt, gezielt auf Schl\u00fcsseltechnologien wie die K\u00fcnstliche Intelligenz, autonomes Fahren oder die Batteriezellfertigung setzt und sich auf globaler Ebene f\u00fcr freien Handel und gleichberechtige Regeln beim Marktzugang einsetzt.<\/p>\n<p><strong>Hinweis:<\/strong> Pro &amp; Contra wurde zusammengestellt von J\u00f6rg Rieger, W\u00fcrzburg. <em>Es erschien in <a href=\"https:\/\/elibrary.vahlen.de\/10.15358\/0340-1650-2019-6\/wist-wirtschaftswissenschaftliches-studium-jahrgang-48-2019-heft-6\">Heft 6 (2019)<\/a> der Fachzeitschrift WiSt. <\/em><\/p>\n<!-- AddThis Advanced Settings generic via filter on the_content --><!-- AddThis Share Buttons generic via filter on the_content --><!-- AddThis Related Posts generic via filter on the_content -->","protected":false},"excerpt":{"rendered":"<p>Die industriepolitischen Pl\u00e4ne namens \u201eNationale Industriestrategie 2030\u201c von Bundeswirtschaftsminister Peter Altmaier werden derzeit kontrovers diskutiert. Stark vereinfacht ausgedr\u00fcckt sollen nationale Champions entstehen, einzelne Branchen strategisch &hellip; <\/p>\n<p class=\"link-more\"><a href=\"https:\/\/wirtschaftlichefreiheit.de\/wordpress\/?p=25474\" class=\"more-link\"><span class=\"screen-reader-text\">\u201e<font size=3; color=grey>Pro &#038; Contra <\/font><br \/>Nationale Industriestrategie 2030 \u2013 Alter Wein in neuen Schl\u00e4uchen?\u201c <\/span>weiterlesen<\/a><\/p>\n<p><!-- AddThis Advanced Settings generic via filter on wp_trim_excerpt --><!-- AddThis Share Buttons generic via filter on wp_trim_excerpt --><!-- AddThis Related Posts generic via filter on wp_trim_excerpt --><\/p>\n","protected":false},"author":58,"featured_media":25486,"comment_status":"open","ping_status":"open","sticky":false,"template":"","format":"standard","meta":{"footnotes":""},"categories":[2416],"tags":[2035,109,353,3046],"class_list":["post-25474","post","type-post","status-publish","format-standard","has-post-thumbnail","hentry","category-industriepolitisches","tag-digitalisierung","tag-globalisierung","tag-industriepolitik","tag-nationale-industriestrategie-2030"],"yoast_head":"<!-- This site is optimized with the Yoast SEO plugin v27.2 - https:\/\/yoast.com\/product\/yoast-seo-wordpress\/ -->\n<title>Pro &amp; Contra Nationale Industriestrategie 2030 \u2013 Alter Wein in neuen Schl\u00e4uchen? - Wirtschaftliche Freiheit<\/title>\n<meta name=\"robots\" content=\"index, follow, max-snippet:-1, max-image-preview:large, max-video-preview:-1\" \/>\n<link rel=\"canonical\" href=\"https:\/\/wirtschaftlichefreiheit.de\/wordpress\/?p=25474\" \/>\n<meta property=\"og:locale\" content=\"de_DE\" \/>\n<meta property=\"og:type\" content=\"article\" \/>\n<meta property=\"og:title\" content=\"Pro &amp; Contra Nationale Industriestrategie 2030 \u2013 Alter Wein in neuen Schl\u00e4uchen? - Wirtschaftliche Freiheit\" \/>\n<meta property=\"og:description\" content=\"Die industriepolitischen Pl\u00e4ne namens \u201eNationale Industriestrategie 2030\u201c von Bundeswirtschaftsminister Peter Altmaier werden derzeit kontrovers diskutiert. Stark vereinfacht ausgedr\u00fcckt sollen nationale Champions entstehen, einzelne Branchen strategisch &hellip; \u201ePro &#038; Contra Nationale Industriestrategie 2030 \u2013 Alter Wein in neuen Schl\u00e4uchen?\u201c weiterlesen\" \/>\n<meta property=\"og:url\" content=\"https:\/\/wirtschaftlichefreiheit.de\/wordpress\/?p=25474\" \/>\n<meta property=\"og:site_name\" content=\"Wirtschaftliche Freiheit\" \/>\n<meta property=\"article:published_time\" content=\"2019-07-10T07:41:08+00:00\" \/>\n<meta property=\"og:image\" content=\"https:\/\/wirtschaftlichefreiheit.de\/wordpress\/bilder\/huawei-4234821__340.jpg\" \/>\n\t<meta property=\"og:image:width\" content=\"510\" \/>\n\t<meta property=\"og:image:height\" content=\"340\" \/>\n\t<meta property=\"og:image:type\" content=\"image\/jpeg\" \/>\n<meta name=\"author\" content=\"Wirtschaftliche Freiheit\" \/>\n<meta name=\"twitter:card\" content=\"summary_large_image\" \/>\n<meta name=\"twitter:label1\" content=\"Verfasst von\" \/>\n\t<meta name=\"twitter:data1\" content=\"Wirtschaftliche Freiheit\" \/>\n\t<meta name=\"twitter:label2\" content=\"Gesch\u00e4tzte Lesezeit\" \/>\n\t<meta name=\"twitter:data2\" content=\"3\u00a0Minuten\" \/>\n<script type=\"application\/ld+json\" class=\"yoast-schema-graph\">{\"@context\":\"https:\/\/schema.org\",\"@graph\":[{\"@type\":\"Article\",\"@id\":\"https:\/\/wirtschaftlichefreiheit.de\/wordpress\/?p=25474#article\",\"isPartOf\":{\"@id\":\"https:\/\/wirtschaftlichefreiheit.de\/wordpress\/?p=25474\"},\"author\":{\"name\":\"Wirtschaftliche Freiheit\",\"@id\":\"https:\/\/wirtschaftlichefreiheit.de\/wordpress\/#\/schema\/person\/788618a184d31b0801c59c1fadd473c4\"},\"headline\":\"Pro &#038; Contra Nationale Industriestrategie 2030 \u2013 Alter Wein in neuen Schl\u00e4uchen?\",\"datePublished\":\"2019-07-10T07:41:08+00:00\",\"mainEntityOfPage\":{\"@id\":\"https:\/\/wirtschaftlichefreiheit.de\/wordpress\/?p=25474\"},\"wordCount\":665,\"commentCount\":3,\"image\":{\"@id\":\"https:\/\/wirtschaftlichefreiheit.de\/wordpress\/?p=25474#primaryimage\"},\"thumbnailUrl\":\"https:\/\/wirtschaftlichefreiheit.de\/wordpress\/bilder\/huawei-4234821__340.jpg\",\"keywords\":[\"Digitalisierung\",\"Globalisierung\",\"Industriepolitik\",\"Nationale Industriestrategie 2030\"],\"articleSection\":[\"Industriepolitisches\"],\"inLanguage\":\"de\",\"potentialAction\":[{\"@type\":\"CommentAction\",\"name\":\"Comment\",\"target\":[\"https:\/\/wirtschaftlichefreiheit.de\/wordpress\/?p=25474#respond\"]}]},{\"@type\":\"WebPage\",\"@id\":\"https:\/\/wirtschaftlichefreiheit.de\/wordpress\/?p=25474\",\"url\":\"https:\/\/wirtschaftlichefreiheit.de\/wordpress\/?p=25474\",\"name\":\"Pro & Contra Nationale Industriestrategie 2030 \u2013 Alter Wein in neuen Schl\u00e4uchen? - Wirtschaftliche Freiheit\",\"isPartOf\":{\"@id\":\"https:\/\/wirtschaftlichefreiheit.de\/wordpress\/#website\"},\"primaryImageOfPage\":{\"@id\":\"https:\/\/wirtschaftlichefreiheit.de\/wordpress\/?p=25474#primaryimage\"},\"image\":{\"@id\":\"https:\/\/wirtschaftlichefreiheit.de\/wordpress\/?p=25474#primaryimage\"},\"thumbnailUrl\":\"https:\/\/wirtschaftlichefreiheit.de\/wordpress\/bilder\/huawei-4234821__340.jpg\",\"datePublished\":\"2019-07-10T07:41:08+00:00\",\"author\":{\"@id\":\"https:\/\/wirtschaftlichefreiheit.de\/wordpress\/#\/schema\/person\/788618a184d31b0801c59c1fadd473c4\"},\"breadcrumb\":{\"@id\":\"https:\/\/wirtschaftlichefreiheit.de\/wordpress\/?p=25474#breadcrumb\"},\"inLanguage\":\"de\",\"potentialAction\":[{\"@type\":\"ReadAction\",\"target\":[\"https:\/\/wirtschaftlichefreiheit.de\/wordpress\/?p=25474\"]}]},{\"@type\":\"ImageObject\",\"inLanguage\":\"de\",\"@id\":\"https:\/\/wirtschaftlichefreiheit.de\/wordpress\/?p=25474#primaryimage\",\"url\":\"https:\/\/wirtschaftlichefreiheit.de\/wordpress\/bilder\/huawei-4234821__340.jpg\",\"contentUrl\":\"https:\/\/wirtschaftlichefreiheit.de\/wordpress\/bilder\/huawei-4234821__340.jpg\",\"width\":510,\"height\":340},{\"@type\":\"BreadcrumbList\",\"@id\":\"https:\/\/wirtschaftlichefreiheit.de\/wordpress\/?p=25474#breadcrumb\",\"itemListElement\":[{\"@type\":\"ListItem\",\"position\":1,\"name\":\"Startseite\",\"item\":\"https:\/\/wirtschaftlichefreiheit.de\/wordpress\"},{\"@type\":\"ListItem\",\"position\":2,\"name\":\"Pro &#038; Contra Nationale Industriestrategie 2030 \u2013 Alter Wein in neuen Schl\u00e4uchen?\"}]},{\"@type\":\"WebSite\",\"@id\":\"https:\/\/wirtschaftlichefreiheit.de\/wordpress\/#website\",\"url\":\"https:\/\/wirtschaftlichefreiheit.de\/wordpress\/\",\"name\":\"Wirtschaftliche Freiheit\",\"description\":\"Das ordnungspolitische Journal\",\"potentialAction\":[{\"@type\":\"SearchAction\",\"target\":{\"@type\":\"EntryPoint\",\"urlTemplate\":\"https:\/\/wirtschaftlichefreiheit.de\/wordpress\/?s={search_term_string}\"},\"query-input\":{\"@type\":\"PropertyValueSpecification\",\"valueRequired\":true,\"valueName\":\"search_term_string\"}}],\"inLanguage\":\"de\"},{\"@type\":\"Person\",\"@id\":\"https:\/\/wirtschaftlichefreiheit.de\/wordpress\/#\/schema\/person\/788618a184d31b0801c59c1fadd473c4\",\"name\":\"Wirtschaftliche Freiheit\",\"image\":{\"@type\":\"ImageObject\",\"inLanguage\":\"de\",\"@id\":\"https:\/\/wirtschaftlichefreiheit.de\/wordpress\/bilder\/189780_211178845564593_6670846_n.jpg\",\"url\":\"https:\/\/wirtschaftlichefreiheit.de\/wordpress\/bilder\/189780_211178845564593_6670846_n.jpg\",\"contentUrl\":\"https:\/\/wirtschaftlichefreiheit.de\/wordpress\/bilder\/189780_211178845564593_6670846_n.jpg\",\"caption\":\"Wirtschaftliche Freiheit\"},\"description\":\"Das ordnungspolitische Journal\",\"url\":\"https:\/\/wirtschaftlichefreiheit.de\/wordpress\/?author=58\"}]}<\/script>\n<!-- \/ Yoast SEO plugin. -->","yoast_head_json":{"title":"Pro & Contra Nationale Industriestrategie 2030 \u2013 Alter Wein in neuen Schl\u00e4uchen? - Wirtschaftliche Freiheit","robots":{"index":"index","follow":"follow","max-snippet":"max-snippet:-1","max-image-preview":"max-image-preview:large","max-video-preview":"max-video-preview:-1"},"canonical":"https:\/\/wirtschaftlichefreiheit.de\/wordpress\/?p=25474","og_locale":"de_DE","og_type":"article","og_title":"Pro & Contra Nationale Industriestrategie 2030 \u2013 Alter Wein in neuen Schl\u00e4uchen? - Wirtschaftliche Freiheit","og_description":"Die industriepolitischen Pl\u00e4ne namens \u201eNationale Industriestrategie 2030\u201c von Bundeswirtschaftsminister Peter Altmaier werden derzeit kontrovers diskutiert. Stark vereinfacht ausgedr\u00fcckt sollen nationale Champions entstehen, einzelne Branchen strategisch &hellip; \u201ePro &#038; Contra Nationale Industriestrategie 2030 \u2013 Alter Wein in neuen Schl\u00e4uchen?\u201c weiterlesen","og_url":"https:\/\/wirtschaftlichefreiheit.de\/wordpress\/?p=25474","og_site_name":"Wirtschaftliche Freiheit","article_published_time":"2019-07-10T07:41:08+00:00","og_image":[{"width":510,"height":340,"url":"https:\/\/wirtschaftlichefreiheit.de\/wordpress\/bilder\/huawei-4234821__340.jpg","type":"image\/jpeg"}],"author":"Wirtschaftliche Freiheit","twitter_card":"summary_large_image","twitter_misc":{"Verfasst von":"Wirtschaftliche Freiheit","Gesch\u00e4tzte Lesezeit":"3\u00a0Minuten"},"schema":{"@context":"https:\/\/schema.org","@graph":[{"@type":"Article","@id":"https:\/\/wirtschaftlichefreiheit.de\/wordpress\/?p=25474#article","isPartOf":{"@id":"https:\/\/wirtschaftlichefreiheit.de\/wordpress\/?p=25474"},"author":{"name":"Wirtschaftliche Freiheit","@id":"https:\/\/wirtschaftlichefreiheit.de\/wordpress\/#\/schema\/person\/788618a184d31b0801c59c1fadd473c4"},"headline":"Pro &#038; Contra Nationale Industriestrategie 2030 \u2013 Alter Wein in neuen Schl\u00e4uchen?","datePublished":"2019-07-10T07:41:08+00:00","mainEntityOfPage":{"@id":"https:\/\/wirtschaftlichefreiheit.de\/wordpress\/?p=25474"},"wordCount":665,"commentCount":3,"image":{"@id":"https:\/\/wirtschaftlichefreiheit.de\/wordpress\/?p=25474#primaryimage"},"thumbnailUrl":"https:\/\/wirtschaftlichefreiheit.de\/wordpress\/bilder\/huawei-4234821__340.jpg","keywords":["Digitalisierung","Globalisierung","Industriepolitik","Nationale Industriestrategie 2030"],"articleSection":["Industriepolitisches"],"inLanguage":"de","potentialAction":[{"@type":"CommentAction","name":"Comment","target":["https:\/\/wirtschaftlichefreiheit.de\/wordpress\/?p=25474#respond"]}]},{"@type":"WebPage","@id":"https:\/\/wirtschaftlichefreiheit.de\/wordpress\/?p=25474","url":"https:\/\/wirtschaftlichefreiheit.de\/wordpress\/?p=25474","name":"Pro & Contra Nationale Industriestrategie 2030 \u2013 Alter Wein in neuen Schl\u00e4uchen? - Wirtschaftliche Freiheit","isPartOf":{"@id":"https:\/\/wirtschaftlichefreiheit.de\/wordpress\/#website"},"primaryImageOfPage":{"@id":"https:\/\/wirtschaftlichefreiheit.de\/wordpress\/?p=25474#primaryimage"},"image":{"@id":"https:\/\/wirtschaftlichefreiheit.de\/wordpress\/?p=25474#primaryimage"},"thumbnailUrl":"https:\/\/wirtschaftlichefreiheit.de\/wordpress\/bilder\/huawei-4234821__340.jpg","datePublished":"2019-07-10T07:41:08+00:00","author":{"@id":"https:\/\/wirtschaftlichefreiheit.de\/wordpress\/#\/schema\/person\/788618a184d31b0801c59c1fadd473c4"},"breadcrumb":{"@id":"https:\/\/wirtschaftlichefreiheit.de\/wordpress\/?p=25474#breadcrumb"},"inLanguage":"de","potentialAction":[{"@type":"ReadAction","target":["https:\/\/wirtschaftlichefreiheit.de\/wordpress\/?p=25474"]}]},{"@type":"ImageObject","inLanguage":"de","@id":"https:\/\/wirtschaftlichefreiheit.de\/wordpress\/?p=25474#primaryimage","url":"https:\/\/wirtschaftlichefreiheit.de\/wordpress\/bilder\/huawei-4234821__340.jpg","contentUrl":"https:\/\/wirtschaftlichefreiheit.de\/wordpress\/bilder\/huawei-4234821__340.jpg","width":510,"height":340},{"@type":"BreadcrumbList","@id":"https:\/\/wirtschaftlichefreiheit.de\/wordpress\/?p=25474#breadcrumb","itemListElement":[{"@type":"ListItem","position":1,"name":"Startseite","item":"https:\/\/wirtschaftlichefreiheit.de\/wordpress"},{"@type":"ListItem","position":2,"name":"Pro &#038; Contra Nationale Industriestrategie 2030 \u2013 Alter Wein in neuen Schl\u00e4uchen?"}]},{"@type":"WebSite","@id":"https:\/\/wirtschaftlichefreiheit.de\/wordpress\/#website","url":"https:\/\/wirtschaftlichefreiheit.de\/wordpress\/","name":"Wirtschaftliche Freiheit","description":"Das ordnungspolitische Journal","potentialAction":[{"@type":"SearchAction","target":{"@type":"EntryPoint","urlTemplate":"https:\/\/wirtschaftlichefreiheit.de\/wordpress\/?s={search_term_string}"},"query-input":{"@type":"PropertyValueSpecification","valueRequired":true,"valueName":"search_term_string"}}],"inLanguage":"de"},{"@type":"Person","@id":"https:\/\/wirtschaftlichefreiheit.de\/wordpress\/#\/schema\/person\/788618a184d31b0801c59c1fadd473c4","name":"Wirtschaftliche Freiheit","image":{"@type":"ImageObject","inLanguage":"de","@id":"https:\/\/wirtschaftlichefreiheit.de\/wordpress\/bilder\/189780_211178845564593_6670846_n.jpg","url":"https:\/\/wirtschaftlichefreiheit.de\/wordpress\/bilder\/189780_211178845564593_6670846_n.jpg","contentUrl":"https:\/\/wirtschaftlichefreiheit.de\/wordpress\/bilder\/189780_211178845564593_6670846_n.jpg","caption":"Wirtschaftliche Freiheit"},"description":"Das ordnungspolitische Journal","url":"https:\/\/wirtschaftlichefreiheit.de\/wordpress\/?author=58"}]}},"_links":{"self":[{"href":"https:\/\/wirtschaftlichefreiheit.de\/wordpress\/index.php?rest_route=\/wp\/v2\/posts\/25474","targetHints":{"allow":["GET"]}}],"collection":[{"href":"https:\/\/wirtschaftlichefreiheit.de\/wordpress\/index.php?rest_route=\/wp\/v2\/posts"}],"about":[{"href":"https:\/\/wirtschaftlichefreiheit.de\/wordpress\/index.php?rest_route=\/wp\/v2\/types\/post"}],"author":[{"embeddable":true,"href":"https:\/\/wirtschaftlichefreiheit.de\/wordpress\/index.php?rest_route=\/wp\/v2\/users\/58"}],"replies":[{"embeddable":true,"href":"https:\/\/wirtschaftlichefreiheit.de\/wordpress\/index.php?rest_route=%2Fwp%2Fv2%2Fcomments&post=25474"}],"version-history":[{"count":9,"href":"https:\/\/wirtschaftlichefreiheit.de\/wordpress\/index.php?rest_route=\/wp\/v2\/posts\/25474\/revisions"}],"predecessor-version":[{"id":25476,"href":"https:\/\/wirtschaftlichefreiheit.de\/wordpress\/index.php?rest_route=\/wp\/v2\/posts\/25474\/revisions\/25476"}],"wp:featuredmedia":[{"embeddable":true,"href":"https:\/\/wirtschaftlichefreiheit.de\/wordpress\/index.php?rest_route=\/wp\/v2\/media\/25486"}],"wp:attachment":[{"href":"https:\/\/wirtschaftlichefreiheit.de\/wordpress\/index.php?rest_route=%2Fwp%2Fv2%2Fmedia&parent=25474"}],"wp:term":[{"taxonomy":"category","embeddable":true,"href":"https:\/\/wirtschaftlichefreiheit.de\/wordpress\/index.php?rest_route=%2Fwp%2Fv2%2Fcategories&post=25474"},{"taxonomy":"post_tag","embeddable":true,"href":"https:\/\/wirtschaftlichefreiheit.de\/wordpress\/index.php?rest_route=%2Fwp%2Fv2%2Ftags&post=25474"}],"curies":[{"name":"wp","href":"https:\/\/api.w.org\/{rel}","templated":true}]}}