{"id":25981,"date":"2019-09-30T16:20:02","date_gmt":"2019-09-30T15:20:02","guid":{"rendered":"http:\/\/wirtschaftlichefreiheit.de\/wordpress\/?p=25981"},"modified":"2019-10-02T09:19:51","modified_gmt":"2019-10-02T08:19:51","slug":"daumen-hoch-fuer-die-libra","status":"publish","type":"post","link":"https:\/\/wirtschaftlichefreiheit.de\/wordpress\/?p=25981","title":{"rendered":"Daumen hoch f\u00fcr die \u201eLibra\u201c?"},"content":{"rendered":"<p style=\"padding-left: 90px; text-align: right;\"><em>Bild: Pixabay<\/em><\/p>\n<p>Vor einigen Wochen hat Facebook angek\u00fcndigt, eine eigene globale Kryptow\u00e4hrung mit Namen \u201eLibra\u201c einzuf\u00fchren und im ersten Halbjahr 2020 in Umlauf zu bringen. Geplant ist, eine wertstabile W\u00e4hrung bereitzustellen, \u00fcber die mittels der zu Facebook geh\u00f6renden Messegerdienste und \u00fcber Partnerdienste f\u00fcr Transaktionen verf\u00fcgt werden kann. W\u00e4hrend die Finanzminister der G7-Staaten den Absichten skeptisch gegen\u00fcberstehen, erwartete Facebook, dass die Libra insbesondere f\u00fcr Menschen in Schwellenl\u00e4ndern ohne Zugang zu regul\u00e4ren Bankdienstleistungen attraktiv sein wird.<\/p>\n<p><!--more--><\/p>\n<p><strong>Charakteristika<\/strong><\/p>\n<p>Bereits seit etwa zehn Jahren sind verschiedene Kryptow\u00e4hrungen im Umlauf, deren bekannteste der Bitcoin ist. Kryptow\u00e4hrungen erf\u00fcllen eingeschr\u00e4nkt die Geldfunktionen und basieren auf der Blockchain-Technologie. Dabei handelt es sich um eine dezentrale Kontof\u00fchrung in einem Netzwerk von Computern, die miteinander verbunden sind. Diese Netzwerke produzieren und \u00fcbertragen digital definierte Werteinheiten, die als Krypto-Token, bezeichnet werden und f\u00fcr Zahlungs- und Wertaufbewahrungszwecke verwendbar sind. Token k\u00f6nnen auf Tauschb\u00f6rsen erworben oder durch \u201eMining\u201c geschaffen werden, d.h. durch L\u00f6sung eines Algorithmus, was aber hohe Energiekosten verursacht und betr\u00e4chtliche Speicherkapazit\u00e4ten ben\u00f6tigt.<\/p>\n<p>Weil der Wert der bestehenden Kryptow\u00e4hrungen in nationalen W\u00e4hrungen (wie dem USD) stark schwankt, eignen sie sich kaum als Zahlungsmedium. Derzeit entstehen aber mit den sogenannten \u201estable coins\u201c alternative Krypto-Token, deren Wert an eine bestehende W\u00e4hrung oder an einen W\u00e4hrungskorb gekoppelt ist und die durch Sicherheiten gedeckt sind. Sie weisen deshalb ein h\u00f6heres Potenzial als Zahlungsmedium auf (Deutsche Bundesbank, 2019). Die Libra stellt solch eine \u201estable coin\u201c dar. Emittent ist die \u201eLibra Association\u201c mit Sitz in Genf, die von einem \u201eCouncil\u201c geleitet wird, wo namhafte Firmen als Gr\u00fcndungsmitglieder durch jeweils eine Person vertreten sind. Die Zahl der Gr\u00fcndungsmitglieder soll bis auf 100 anwachsen.<\/p>\n<p>Auch die \u201eLibra\u201c basiert auf einer Blockchain-Technologie, wobei die Mitglieder des Councils als \u201eValidatoren\u201c innerhalb des Netzwerkes fungieren und die Echtheit von Krypto-Token bei Zahlungsvorg\u00e4ngen im Netzwerk best\u00e4tigen. Im Unterschied zu den herk\u00f6mmlichen Kryptow\u00e4hrungen erfolgt die Produktion von Libra-Token nicht durch Mining im Netzwerk, sondern durch Einzahlung von gesetzlichen Zahlungsmitteln an die Libra Association. Diese legt ihr zuflie\u00dfende Mittel in ein Portfolio an Bankeinlagen und Staatsanleihen in verschiedenen W\u00e4hrungen von \u201estabilen und angesehenen Zentralbanken\u201c an. Die Verm\u00f6genswerte in der Libra-Reserve werden durch ein geografisch verteiltes Netzwerk von Administratoren mit \u201eInvestment Grade\u201c-Bonit\u00e4tsbewertung verwahrt, um Sicherheit und Dezentralisierung zu gew\u00e4hrleisten. Die Korbzusammensetzung ist derzeit noch unbekannt, jedoch d\u00fcrfte der USD ein hohes Gewicht haben und der chinesische Yuan nicht enthalten sein.<\/p>\n<p>Obwohl Libra-Token damit durch Sicherheiten gedeckt sind, besteht keine Verpflichtung der Libra Association zum R\u00fccktausch, und der Halter von Libra hat &#8211; anders als bei einem Bankkonto, aber \u00e4hnlich wie bei einer Banknote seit Ende des Goldstandards &#8211; keinen rechtlich abgesicherten Anspruch auf R\u00fccktausch in gesetzliche Zahlungsmittel. Die Besitzer von Libra bekommen auch keine Zinsertr\u00e4ge, und die Libra Association nutzt die auf die Verm\u00f6genswerte in der Reserve anfallenden Zinsen, um &#8211; nach Abzug der Betriebskosten &#8211; Dividenden an Investoren auszuzahlen, die mit ihrem Kapital den Start des Libra-Systems erm\u00f6glicht haben. Libra-Token k\u00f6nnen als Zahlungsmittel in den am Netzwerk beteiligten Unternehmen benutzt und mittels Messanger-Diensten transferiert werden. Facebook bietet dazu eine App mit Namen \u201ecalibra\u201c an, die direkt in WhatsApp und Messenger-Apps integriert und dort genutzt werden kann.<\/p>\n<p><strong>Rechtliche Aspekte<\/strong><\/p>\n<p>Weil die Schaffung von Libra in die W\u00e4hrungsordnung viele L\u00e4nder eingreift, stellt sich die Frage nach den rechtlichen Aspekten, die hier allerdings noch nicht abschlie\u00dfend beantwortet werden kann. Zun\u00e4chst ist offen, welcher Regulator zust\u00e4ndig sein wird; da die \u201eLibra Association\u201c ihren Sitz in Genf hat, d\u00fcrften die Schweizer Aufsichtsbeh\u00f6rden zust\u00e4ndig sein. Facebook hat erkl\u00e4rt, dass es die Libra auch der US-amerikanischen Aufsicht unterstellen will. F\u00fcr die Libra besteht kein Annahmezwang, weil beispielsweise in der Eurozone der Euro alleiniges gesetzliches Zahlungsmittel ist. Die blo\u00dfe Ausgabe von Krypro-W\u00e4hrungen ist nicht erlaubnispflichtig, auch wenn es beispielsweise nach \u00a735 BBankG untersagt ist, unbefugt Geldzeichen oder unverzinslichen Inhaberschuldverschreibungen auszugeben oder zu verwenden, selbst wenn ihre Wertbezeichnung nicht auf Euro lautet. Geldzeichen sind dabei definiert als \u201eMarken, M\u00fcnzen, Scheine oder andere Urkunden, die geeignet sind, im Zahlungsverkehr an Stelle der gesetzlich zugelassenen M\u00fcnzen oder Banknoten verwendet zu werden.\u201c Dies trifft f\u00fcr die Libra als digitales Zahlungsmittel nicht zu, weil das \u201eMerkmal der K\u00f6rperlichkeit\u201c fehlt (Wissenschaftliche Dienste, 2019).<\/p>\n<p>Allerdings f\u00e4llt die Libra unter die E-Geld-Definition der Europ\u00e4ischen Union, worunter \u201eelektronisch gespeicherte monet\u00e4re Werte in Form einer Forderung gegen\u00fcber einem Emittenten\u201c fallen. Das Betreiben von E-Geld-Gesch\u00e4ften ist erlaubnispflichtig, wobei auf E-Geld keine Zinsen gezahlt werden d\u00fcrfen (was bei der Libra erf\u00fcllt ist). Bislang ist nicht abschlie\u00dfend gekl\u00e4rt, welche Lizenzpflichten bestehen. Nach Einsch\u00e4tzung der Wissenschaftlichen Dienste des Deutschen Bundetags k\u00e4me im Fall der Libra eine Lizenzpflicht f\u00fcr Finanztransaktionsgesch\u00e4fte in Betracht. Unklar ist, ob eine Banklizenz notwendig sein wird, solange mit der Libra keine Kreditvergabe verbunden ist (was abzuwarten bleibt); abzuwarten bleibt auch, ob die Libra Assoziation als \u201eNarrow Bank\u201c einzustufen ist, und welche Lizenzerfordernisse im Zusammenhang mit der Verwaltung der Libra-Reserven entstehen.<\/p>\n<p><strong>Erfolgschancen und Konsequenzen f\u00fcr die Geldpolitik<\/strong><\/p>\n<p>Die Mitglieder der Libra Association sind neben Facebook namhafte Unternehmen der Finanz- und Technologiebranche (wie Mastercard, Visa, Paypal, Vodafone oder ebay) mit einer betr\u00e4chtlichen Marktkapitalisierung, die ihren Kunden erhebliche Netzwerkvorteile bieten. Allein Facebook und damit verbundene Unternehmen weisen einen Nutzerkreis von derzeit etwa 2,7 Milliarden Menschen auf. Aus Sicht der Libra Association d\u00fcrfte die Libra interessant vor allem f\u00fcr Nutzer in weniger entwickelten L\u00e4ndern sein, wo ein Gro\u00dfteil der Bev\u00f6lkerung kaum Zugang zu Finanzdienstleistungen hat und \u00fcber kein Bankkonto verf\u00fcgt, jedoch ein Mobiltelefon mit Internetzugang besitzt (Libra Association, 2019). Zudem ist zu erwarten, dass in L\u00e4ndern mit hohen Inflationsraten auch Nutzer mit Zugang zum lokalen Finanzsektor auf die Libra ausweichen, die dort Chancen hat, als Nebenw\u00e4hrung verwendet zu werden.<\/p>\n<p>Bedeutsam ist der Start der Libra auch f\u00fcr entwickelte Volkswirtschaften, weil ein echter Konkurrent zu den gesetzlichen Zahlungsmitteln entsteht, der auch geldpolitisch von Relevanz ist. Konzeptionell unterscheidet sich die Libra von den \u00fcbrigen etwa 2.000 Krypto-W\u00e4hrungen, die zusammen eine Marktkapitalisierung von weniger als 300 Mrd. USD aufweisen und damit nur etwa 4 % der engen Euro-Geldmenge M1 ausmachen (Deutsche Bundesbank, 2019. W\u00e4hrend sie durch \u201eMining\u201c produziert werden, ist die Sch\u00f6pfung von Libra technologisch nicht begrenzt, sondern davon abh\u00e4ngig, wie viele Geldnutzer ihre nationalen W\u00e4hrungen in Libra eintauschen. Es ist m\u00f6glich, dass viele Geldhalter die im Titel des Beitrages gestellte Frage mit \u201eJa\u201c beantworten, weil die Libra einfach und mit geringen Geb\u00fchren zu transferieren ist. Dann verlieren viele Gesch\u00e4ftsbanken ihre Marktposition im Zahlungsverkehr und es ist nicht auszuschlie\u00dfen, dass es in einigen L\u00e4ndern zu einer \u201e<em>Libra-isierung\u201c<\/em> der Volkswirtschaft und zu einem Verschwinden der nationalen W\u00e4hrung kommt.<\/p>\n<p>Spannend ist die Frage, ob die Libra Association zuk\u00fcnftig auch Kredite in Libra vergeben wird. Bislang wird dies in Pressemitteilungen verneint, allerdings lehrt die Erfahrung, dass die Geldproduktion mit hohen Seigniorage-Gewinnen verbunden ist, die auch f\u00fcr die Mitglieder der Libra Association verlockend sein d\u00fcrften. Dann wird dieses Gremium auch Zinss\u00e4tze bei der Kreditvergabe festlegen, sodass wichtige geldpolitische Entscheidungen nicht mehr in Frankfurt\/Main. London oder Washington, sondern in Genf oder in Menlo Park, dem Firmensitz von Facebook, getroffen werden.<\/p>\n<p><strong>Literatur<\/strong><\/p>\n<p>Deutsche Bundesbank (2019), Krypto-Token im Zahlungsverkehr und in der Wertpapierabwicklung, in: Monatsbericht, Juli, S. 39-60.<\/p>\n<p>Libra Association (2019), Whitepaper. Einf\u00fchrung in Libra, <a href=\"https:\/\/files.static-nzz.ch\/2019\/6\/18\/b93a15f0-9eb2-455e-b5cb-13e02498d6bf.pdf\">https:\/\/files.static-nzz.ch\/2019\/6\/18\/b93a15f0-9eb2-455e-b5cb-13e02498d6bf.pdf<\/a><\/p>\n<p>Wissenschaftliche Dienste des Deutschen Bundestags (2019). Ausarbeitung: Aufsichtsrechtliche Einsch\u00e4tzung des Projekts Libra, Aktenzeichen: WD 4 &#8211; 3000 \u2013 102\/19, Berlin.<\/p>\n<p><strong>Blog-Beitr\u00e4ge zum Thema:<\/strong><\/p>\n<p>Uwe Vollmer: <a href=\"http:\/\/wirtschaftlichefreiheit.de\/wordpress\/?p=25458\">Geldpolitik 4.0. <span style=\"color: grey; font-size: medium;\">Brauchen wir digitales Zentralbankgeld?<\/span><\/a><\/p>\n<p>Uwe Vollmer: <a href=\"http:\/\/wirtschaftlichefreiheit.de\/wordpress\/?p=22037\">Krypto-W\u00e4hrungen: Fluch oder Segen?<\/a><\/p>\n<p>Mathias Erlei: <a href=\"http:\/\/wirtschaftlichefreiheit.de\/wordpress\/?p=21683\">Bitcoins<\/a><\/p>\n<!-- AddThis Advanced Settings generic via filter on the_content --><!-- AddThis Share Buttons generic via filter on the_content --><!-- AddThis Related Posts generic via filter on the_content -->","protected":false},"excerpt":{"rendered":"<p>Bild: Pixabay Vor einigen Wochen hat Facebook angek\u00fcndigt, eine eigene globale Kryptow\u00e4hrung mit Namen \u201eLibra\u201c einzuf\u00fchren und im ersten Halbjahr 2020 in Umlauf zu bringen. &hellip; <\/p>\n<p class=\"link-more\"><a href=\"https:\/\/wirtschaftlichefreiheit.de\/wordpress\/?p=25981\" class=\"more-link\"><span class=\"screen-reader-text\">\u201eDaumen hoch f\u00fcr die \u201eLibra\u201c?\u201c <\/span>weiterlesen<\/a><\/p>\n<p><!-- AddThis Advanced Settings generic via filter on wp_trim_excerpt --><!-- AddThis Share Buttons generic via filter on wp_trim_excerpt --><!-- AddThis Related Posts generic via filter on wp_trim_excerpt --><\/p>\n","protected":false},"author":115,"featured_media":25997,"comment_status":"open","ping_status":"open","sticky":false,"template":"","format":"standard","meta":{"footnotes":""},"categories":[1897,12],"tags":[2446,3235,3167,3234,2706],"class_list":["post-25981","post","type-post","status-publish","format-standard","has-post-thumbnail","hentry","category-geldpolitisches","category-monetares","tag-bitcoin","tag-facebook","tag-kryptowaehrungen","tag-libra","tag-vollmer"],"yoast_head":"<!-- This site is optimized with the Yoast SEO plugin v27.2 - https:\/\/yoast.com\/product\/yoast-seo-wordpress\/ -->\n<title>Daumen hoch f\u00fcr die \u201eLibra\u201c? - Wirtschaftliche Freiheit<\/title>\n<meta name=\"robots\" content=\"index, follow, max-snippet:-1, max-image-preview:large, max-video-preview:-1\" \/>\n<link rel=\"canonical\" href=\"https:\/\/wirtschaftlichefreiheit.de\/wordpress\/?p=25981\" \/>\n<meta property=\"og:locale\" content=\"de_DE\" \/>\n<meta property=\"og:type\" content=\"article\" \/>\n<meta property=\"og:title\" content=\"Daumen hoch f\u00fcr die \u201eLibra\u201c? - Wirtschaftliche Freiheit\" \/>\n<meta property=\"og:description\" content=\"Bild: Pixabay Vor einigen Wochen hat Facebook angek\u00fcndigt, eine eigene globale Kryptow\u00e4hrung mit Namen \u201eLibra\u201c einzuf\u00fchren und im ersten Halbjahr 2020 in Umlauf zu bringen. &hellip; \u201eDaumen hoch f\u00fcr die \u201eLibra\u201c?\u201c weiterlesen\" \/>\n<meta property=\"og:url\" content=\"https:\/\/wirtschaftlichefreiheit.de\/wordpress\/?p=25981\" \/>\n<meta property=\"og:site_name\" content=\"Wirtschaftliche Freiheit\" \/>\n<meta property=\"article:published_time\" content=\"2019-09-30T15:20:02+00:00\" \/>\n<meta property=\"article:modified_time\" content=\"2019-10-02T08:19:51+00:00\" \/>\n<meta property=\"og:image\" content=\"https:\/\/wirtschaftlichefreiheit.de\/wordpress\/bilder\/libra-4288548__340.jpg\" \/>\n\t<meta property=\"og:image:width\" content=\"510\" \/>\n\t<meta property=\"og:image:height\" content=\"340\" \/>\n\t<meta property=\"og:image:type\" content=\"image\/jpeg\" \/>\n<meta name=\"author\" content=\"Uwe Vollmer\" \/>\n<meta name=\"twitter:card\" content=\"summary_large_image\" \/>\n<meta name=\"twitter:label1\" content=\"Verfasst von\" \/>\n\t<meta name=\"twitter:data1\" content=\"Uwe Vollmer\" \/>\n\t<meta name=\"twitter:label2\" content=\"Gesch\u00e4tzte Lesezeit\" \/>\n\t<meta name=\"twitter:data2\" content=\"7\u00a0Minuten\" \/>\n<script type=\"application\/ld+json\" class=\"yoast-schema-graph\">{\"@context\":\"https:\/\/schema.org\",\"@graph\":[{\"@type\":\"Article\",\"@id\":\"https:\/\/wirtschaftlichefreiheit.de\/wordpress\/?p=25981#article\",\"isPartOf\":{\"@id\":\"https:\/\/wirtschaftlichefreiheit.de\/wordpress\/?p=25981\"},\"author\":{\"name\":\"Uwe Vollmer\",\"@id\":\"https:\/\/wirtschaftlichefreiheit.de\/wordpress\/#\/schema\/person\/55fcd6da4458a933c9f1465c3478dc9d\"},\"headline\":\"Daumen hoch f\u00fcr die \u201eLibra\u201c?\",\"datePublished\":\"2019-09-30T15:20:02+00:00\",\"dateModified\":\"2019-10-02T08:19:51+00:00\",\"mainEntityOfPage\":{\"@id\":\"https:\/\/wirtschaftlichefreiheit.de\/wordpress\/?p=25981\"},\"wordCount\":1308,\"commentCount\":0,\"image\":{\"@id\":\"https:\/\/wirtschaftlichefreiheit.de\/wordpress\/?p=25981#primaryimage\"},\"thumbnailUrl\":\"https:\/\/wirtschaftlichefreiheit.de\/wordpress\/bilder\/libra-4288548__340.jpg\",\"keywords\":[\"Bitcoin\",\"Facebook\",\"Kryptow\u00e4hrungen\",\"Libra\",\"Vollmer\"],\"articleSection\":[\"Geldpolitisches\",\"Monet\u00e4res\"],\"inLanguage\":\"de\",\"potentialAction\":[{\"@type\":\"CommentAction\",\"name\":\"Comment\",\"target\":[\"https:\/\/wirtschaftlichefreiheit.de\/wordpress\/?p=25981#respond\"]}]},{\"@type\":\"WebPage\",\"@id\":\"https:\/\/wirtschaftlichefreiheit.de\/wordpress\/?p=25981\",\"url\":\"https:\/\/wirtschaftlichefreiheit.de\/wordpress\/?p=25981\",\"name\":\"Daumen hoch f\u00fcr die \u201eLibra\u201c? - Wirtschaftliche Freiheit\",\"isPartOf\":{\"@id\":\"https:\/\/wirtschaftlichefreiheit.de\/wordpress\/#website\"},\"primaryImageOfPage\":{\"@id\":\"https:\/\/wirtschaftlichefreiheit.de\/wordpress\/?p=25981#primaryimage\"},\"image\":{\"@id\":\"https:\/\/wirtschaftlichefreiheit.de\/wordpress\/?p=25981#primaryimage\"},\"thumbnailUrl\":\"https:\/\/wirtschaftlichefreiheit.de\/wordpress\/bilder\/libra-4288548__340.jpg\",\"datePublished\":\"2019-09-30T15:20:02+00:00\",\"dateModified\":\"2019-10-02T08:19:51+00:00\",\"author\":{\"@id\":\"https:\/\/wirtschaftlichefreiheit.de\/wordpress\/#\/schema\/person\/55fcd6da4458a933c9f1465c3478dc9d\"},\"breadcrumb\":{\"@id\":\"https:\/\/wirtschaftlichefreiheit.de\/wordpress\/?p=25981#breadcrumb\"},\"inLanguage\":\"de\",\"potentialAction\":[{\"@type\":\"ReadAction\",\"target\":[\"https:\/\/wirtschaftlichefreiheit.de\/wordpress\/?p=25981\"]}]},{\"@type\":\"ImageObject\",\"inLanguage\":\"de\",\"@id\":\"https:\/\/wirtschaftlichefreiheit.de\/wordpress\/?p=25981#primaryimage\",\"url\":\"https:\/\/wirtschaftlichefreiheit.de\/wordpress\/bilder\/libra-4288548__340.jpg\",\"contentUrl\":\"https:\/\/wirtschaftlichefreiheit.de\/wordpress\/bilder\/libra-4288548__340.jpg\",\"width\":510,\"height\":340},{\"@type\":\"BreadcrumbList\",\"@id\":\"https:\/\/wirtschaftlichefreiheit.de\/wordpress\/?p=25981#breadcrumb\",\"itemListElement\":[{\"@type\":\"ListItem\",\"position\":1,\"name\":\"Startseite\",\"item\":\"https:\/\/wirtschaftlichefreiheit.de\/wordpress\"},{\"@type\":\"ListItem\",\"position\":2,\"name\":\"Daumen hoch f\u00fcr die \u201eLibra\u201c?\"}]},{\"@type\":\"WebSite\",\"@id\":\"https:\/\/wirtschaftlichefreiheit.de\/wordpress\/#website\",\"url\":\"https:\/\/wirtschaftlichefreiheit.de\/wordpress\/\",\"name\":\"Wirtschaftliche Freiheit\",\"description\":\"Das ordnungspolitische Journal\",\"potentialAction\":[{\"@type\":\"SearchAction\",\"target\":{\"@type\":\"EntryPoint\",\"urlTemplate\":\"https:\/\/wirtschaftlichefreiheit.de\/wordpress\/?s={search_term_string}\"},\"query-input\":{\"@type\":\"PropertyValueSpecification\",\"valueRequired\":true,\"valueName\":\"search_term_string\"}}],\"inLanguage\":\"de\"},{\"@type\":\"Person\",\"@id\":\"https:\/\/wirtschaftlichefreiheit.de\/wordpress\/#\/schema\/person\/55fcd6da4458a933c9f1465c3478dc9d\",\"name\":\"Uwe Vollmer\",\"image\":{\"@type\":\"ImageObject\",\"inLanguage\":\"de\",\"@id\":\"https:\/\/wirtschaftlichefreiheit.de\/wordpress\/bilder\/uwe_vollmer.jpg\",\"url\":\"https:\/\/wirtschaftlichefreiheit.de\/wordpress\/bilder\/uwe_vollmer.jpg\",\"contentUrl\":\"https:\/\/wirtschaftlichefreiheit.de\/wordpress\/bilder\/uwe_vollmer.jpg\",\"caption\":\"Uwe Vollmer\"},\"description\":\"Universit\u00e4t Leipzig Andrassy Universit\u00e4t Budapest\",\"url\":\"https:\/\/wirtschaftlichefreiheit.de\/wordpress\/?author=115\"}]}<\/script>\n<!-- \/ Yoast SEO plugin. -->","yoast_head_json":{"title":"Daumen hoch f\u00fcr die \u201eLibra\u201c? - Wirtschaftliche Freiheit","robots":{"index":"index","follow":"follow","max-snippet":"max-snippet:-1","max-image-preview":"max-image-preview:large","max-video-preview":"max-video-preview:-1"},"canonical":"https:\/\/wirtschaftlichefreiheit.de\/wordpress\/?p=25981","og_locale":"de_DE","og_type":"article","og_title":"Daumen hoch f\u00fcr die \u201eLibra\u201c? - Wirtschaftliche Freiheit","og_description":"Bild: Pixabay Vor einigen Wochen hat Facebook angek\u00fcndigt, eine eigene globale Kryptow\u00e4hrung mit Namen \u201eLibra\u201c einzuf\u00fchren und im ersten Halbjahr 2020 in Umlauf zu bringen. &hellip; \u201eDaumen hoch f\u00fcr die \u201eLibra\u201c?\u201c weiterlesen","og_url":"https:\/\/wirtschaftlichefreiheit.de\/wordpress\/?p=25981","og_site_name":"Wirtschaftliche Freiheit","article_published_time":"2019-09-30T15:20:02+00:00","article_modified_time":"2019-10-02T08:19:51+00:00","og_image":[{"width":510,"height":340,"url":"https:\/\/wirtschaftlichefreiheit.de\/wordpress\/bilder\/libra-4288548__340.jpg","type":"image\/jpeg"}],"author":"Uwe Vollmer","twitter_card":"summary_large_image","twitter_misc":{"Verfasst von":"Uwe Vollmer","Gesch\u00e4tzte Lesezeit":"7\u00a0Minuten"},"schema":{"@context":"https:\/\/schema.org","@graph":[{"@type":"Article","@id":"https:\/\/wirtschaftlichefreiheit.de\/wordpress\/?p=25981#article","isPartOf":{"@id":"https:\/\/wirtschaftlichefreiheit.de\/wordpress\/?p=25981"},"author":{"name":"Uwe Vollmer","@id":"https:\/\/wirtschaftlichefreiheit.de\/wordpress\/#\/schema\/person\/55fcd6da4458a933c9f1465c3478dc9d"},"headline":"Daumen hoch f\u00fcr die \u201eLibra\u201c?","datePublished":"2019-09-30T15:20:02+00:00","dateModified":"2019-10-02T08:19:51+00:00","mainEntityOfPage":{"@id":"https:\/\/wirtschaftlichefreiheit.de\/wordpress\/?p=25981"},"wordCount":1308,"commentCount":0,"image":{"@id":"https:\/\/wirtschaftlichefreiheit.de\/wordpress\/?p=25981#primaryimage"},"thumbnailUrl":"https:\/\/wirtschaftlichefreiheit.de\/wordpress\/bilder\/libra-4288548__340.jpg","keywords":["Bitcoin","Facebook","Kryptow\u00e4hrungen","Libra","Vollmer"],"articleSection":["Geldpolitisches","Monet\u00e4res"],"inLanguage":"de","potentialAction":[{"@type":"CommentAction","name":"Comment","target":["https:\/\/wirtschaftlichefreiheit.de\/wordpress\/?p=25981#respond"]}]},{"@type":"WebPage","@id":"https:\/\/wirtschaftlichefreiheit.de\/wordpress\/?p=25981","url":"https:\/\/wirtschaftlichefreiheit.de\/wordpress\/?p=25981","name":"Daumen hoch f\u00fcr die \u201eLibra\u201c? - Wirtschaftliche Freiheit","isPartOf":{"@id":"https:\/\/wirtschaftlichefreiheit.de\/wordpress\/#website"},"primaryImageOfPage":{"@id":"https:\/\/wirtschaftlichefreiheit.de\/wordpress\/?p=25981#primaryimage"},"image":{"@id":"https:\/\/wirtschaftlichefreiheit.de\/wordpress\/?p=25981#primaryimage"},"thumbnailUrl":"https:\/\/wirtschaftlichefreiheit.de\/wordpress\/bilder\/libra-4288548__340.jpg","datePublished":"2019-09-30T15:20:02+00:00","dateModified":"2019-10-02T08:19:51+00:00","author":{"@id":"https:\/\/wirtschaftlichefreiheit.de\/wordpress\/#\/schema\/person\/55fcd6da4458a933c9f1465c3478dc9d"},"breadcrumb":{"@id":"https:\/\/wirtschaftlichefreiheit.de\/wordpress\/?p=25981#breadcrumb"},"inLanguage":"de","potentialAction":[{"@type":"ReadAction","target":["https:\/\/wirtschaftlichefreiheit.de\/wordpress\/?p=25981"]}]},{"@type":"ImageObject","inLanguage":"de","@id":"https:\/\/wirtschaftlichefreiheit.de\/wordpress\/?p=25981#primaryimage","url":"https:\/\/wirtschaftlichefreiheit.de\/wordpress\/bilder\/libra-4288548__340.jpg","contentUrl":"https:\/\/wirtschaftlichefreiheit.de\/wordpress\/bilder\/libra-4288548__340.jpg","width":510,"height":340},{"@type":"BreadcrumbList","@id":"https:\/\/wirtschaftlichefreiheit.de\/wordpress\/?p=25981#breadcrumb","itemListElement":[{"@type":"ListItem","position":1,"name":"Startseite","item":"https:\/\/wirtschaftlichefreiheit.de\/wordpress"},{"@type":"ListItem","position":2,"name":"Daumen hoch f\u00fcr die \u201eLibra\u201c?"}]},{"@type":"WebSite","@id":"https:\/\/wirtschaftlichefreiheit.de\/wordpress\/#website","url":"https:\/\/wirtschaftlichefreiheit.de\/wordpress\/","name":"Wirtschaftliche Freiheit","description":"Das ordnungspolitische Journal","potentialAction":[{"@type":"SearchAction","target":{"@type":"EntryPoint","urlTemplate":"https:\/\/wirtschaftlichefreiheit.de\/wordpress\/?s={search_term_string}"},"query-input":{"@type":"PropertyValueSpecification","valueRequired":true,"valueName":"search_term_string"}}],"inLanguage":"de"},{"@type":"Person","@id":"https:\/\/wirtschaftlichefreiheit.de\/wordpress\/#\/schema\/person\/55fcd6da4458a933c9f1465c3478dc9d","name":"Uwe Vollmer","image":{"@type":"ImageObject","inLanguage":"de","@id":"https:\/\/wirtschaftlichefreiheit.de\/wordpress\/bilder\/uwe_vollmer.jpg","url":"https:\/\/wirtschaftlichefreiheit.de\/wordpress\/bilder\/uwe_vollmer.jpg","contentUrl":"https:\/\/wirtschaftlichefreiheit.de\/wordpress\/bilder\/uwe_vollmer.jpg","caption":"Uwe Vollmer"},"description":"Universit\u00e4t Leipzig Andrassy Universit\u00e4t Budapest","url":"https:\/\/wirtschaftlichefreiheit.de\/wordpress\/?author=115"}]}},"_links":{"self":[{"href":"https:\/\/wirtschaftlichefreiheit.de\/wordpress\/index.php?rest_route=\/wp\/v2\/posts\/25981","targetHints":{"allow":["GET"]}}],"collection":[{"href":"https:\/\/wirtschaftlichefreiheit.de\/wordpress\/index.php?rest_route=\/wp\/v2\/posts"}],"about":[{"href":"https:\/\/wirtschaftlichefreiheit.de\/wordpress\/index.php?rest_route=\/wp\/v2\/types\/post"}],"author":[{"embeddable":true,"href":"https:\/\/wirtschaftlichefreiheit.de\/wordpress\/index.php?rest_route=\/wp\/v2\/users\/115"}],"replies":[{"embeddable":true,"href":"https:\/\/wirtschaftlichefreiheit.de\/wordpress\/index.php?rest_route=%2Fwp%2Fv2%2Fcomments&post=25981"}],"version-history":[{"count":5,"href":"https:\/\/wirtschaftlichefreiheit.de\/wordpress\/index.php?rest_route=\/wp\/v2\/posts\/25981\/revisions"}],"predecessor-version":[{"id":26003,"href":"https:\/\/wirtschaftlichefreiheit.de\/wordpress\/index.php?rest_route=\/wp\/v2\/posts\/25981\/revisions\/26003"}],"wp:featuredmedia":[{"embeddable":true,"href":"https:\/\/wirtschaftlichefreiheit.de\/wordpress\/index.php?rest_route=\/wp\/v2\/media\/25997"}],"wp:attachment":[{"href":"https:\/\/wirtschaftlichefreiheit.de\/wordpress\/index.php?rest_route=%2Fwp%2Fv2%2Fmedia&parent=25981"}],"wp:term":[{"taxonomy":"category","embeddable":true,"href":"https:\/\/wirtschaftlichefreiheit.de\/wordpress\/index.php?rest_route=%2Fwp%2Fv2%2Fcategories&post=25981"},{"taxonomy":"post_tag","embeddable":true,"href":"https:\/\/wirtschaftlichefreiheit.de\/wordpress\/index.php?rest_route=%2Fwp%2Fv2%2Ftags&post=25981"}],"curies":[{"name":"wp","href":"https:\/\/api.w.org\/{rel}","templated":true}]}}