{"id":27016,"date":"2020-03-23T09:33:32","date_gmt":"2020-03-23T08:33:32","guid":{"rendered":"http:\/\/wirtschaftlichefreiheit.de\/wordpress\/?p=27016"},"modified":"2020-03-23T09:39:15","modified_gmt":"2020-03-23T08:39:15","slug":"corona-und-kein-ende","status":"publish","type":"post","link":"https:\/\/wirtschaftlichefreiheit.de\/wordpress\/?p=27016","title":{"rendered":"Corona und kein Ende?"},"content":{"rendered":"<p>Mit Fernseherkl\u00e4rung von Sonntag, 22, M\u00e4rz 2020 hat die Bundeskanzlerin in Absprache mit den Bundesl\u00e4ndern beschlossene bundeseinheitliche Leitlinien, mit denen die Ausbreitung der Covid-19 Infektionen gebremst werden soll, verk\u00fcndet. Restaurants werden geschlossen. Jene, die nicht im engeren Sinne medizinische Dienstleistungen im direkten K\u00f6rperkontakt zu Kunden erbringen, d\u00fcrfen diesen T\u00e4tigkeiten nicht mehr nachgehen. B\u00fcrger d\u00fcrfen sich nur noch im Familienverbund oder mit einer anderen nicht zum gleichen Haushalt geh\u00f6rigen Person in der \u00d6ffentlichkeit bewegen. Festivit\u00e4ten im Freien sind untersagt.<\/p>\n<p><!--more--><\/p>\n<p>Die Leitlinien wurden von der Bundeskanzlerin, um sie von blo\u00dfen Apellen abzuheben, ausdr\u00fccklich als Regeln bezeichnet. Die Ordnungsbeh\u00f6rden k\u00f6nnen Verst\u00f6\u00dfe mit Bu\u00dfgeldern ahnden. Der \u00f6ffentlich-rechtliche Verlautbarungsfunk hat die Einheitlichkeit und Allgemeinheit der Regeln begr\u00fc\u00dft. Wir d\u00fcrfen davon ausgehen, dass die \u00fcberwiegende Mehrheit der Bev\u00f6lkerung dies \u00e4hnlich sieht und auch ohne formale Ausgangssperren die Regeln einhalten wird.<\/p>\n<p>Die Regeln sind ohne Zweifel rechtsstaatlich zustande gekommen. Sie verdienen es daher, von rechtstreuen B\u00fcrgern beachtet zu werden. Die weitere Frage, ob die Regeln und das Vorgehen der Regierung insgesamt gerechtfertigt sind, ist damit nicht beantwortet. Fragen nach der Verh\u00e4ltnism\u00e4\u00dfigkeit, der Zweckm\u00e4\u00dfigkeit und vor allem nach den angestrebten Endzielen und Endpunkten der gew\u00e4hlten Politiken sind zu stellen.<\/p>\n<h1>Verh\u00e4ltnism\u00e4\u00dfigkeit<\/h1>\n<p>Verh\u00e4ltnism\u00e4\u00dfigkeit hat nicht nur etwas mit Zielen und Mitteln, sondern auch mit der Sicherheit unseres Wissens und der Art zu tun, wie wir mit den Unsicherheiten umgehen. Es ist zwar zutreffend, dass wir angesichts von Unsicherheiten, die fundamentale Risiken f\u00fcr Leib und Leben betreffen, versuchen sollten, die Fehlbarkeit unserer Vernunft und unseres Wissens so einzubeziehen, dass wir Sch\u00e4den m\u00f6glichst begrenzen. Dies kann aber ebenso wenig wie im normalen Alltag bedeuten, dass wir angesichts einer Krise wie der Covid-19 Epidemie alle Risiken vermeiden.<\/p>\n<p>Es geht letztlich darum, G\u00fcter gegeneinander abzuw\u00e4gen. Die bislang recht milden Einschr\u00e4nkungen der b\u00fcrgerlichen Bewegungsfreiheit scheinen gegen\u00fcber der von den Ma\u00dfnahmen angestrebten Rettung von Menschenleben zun\u00e4chst vertretbar. Was die Aus\u00fcbung der Berufsfreiheit anbelangt, sind die Einschr\u00e4nkungen schon als weitaus gravierender anzusehen.<\/p>\n<p>Die Regeln k\u00f6nnen rechtsstaatlich nur von \u201everh\u00e4ltnism\u00e4\u00dfig\u201c begrenzter Dauer sein. Insoweit irritiert es, dass in der Erkl\u00e4rung der Bundeskanzlerin nur betont wurde, dass die Regeln f\u00fcr <em>mindestens<\/em> zwei Wochen gelten. Als B\u00fcrger h\u00e4tte man eher erwartet, dass erkl\u00e4rt worden w\u00e4re, dass diese Regeln h\u00f6chstens zwei Wochen gelten sollen, um dann einer erneuten Pr\u00fcfung unterzogen zu werden. Zwar d\u00fcrfen wir unterstellen, dass die Funktionstr\u00e4ger unserer Rechtsordnung ebenso wie unsere rechtlichen Institutionen darauf hinwirken werden, die Beschr\u00e4nkungen des \u00f6ffentlichen und des Wirtschaftslebens nicht \u00fcber das aus ihrer Sicht \u201enotwendige Ma\u00df\u201c hinaus ausdehnen werden. Am guten Willen wird es nicht fehlen, doch muss es misstrauisch stimmen, dass weder ein klarer Zeitpunkt f\u00fcr die Beendigung der Ma\u00dfnahmen noch eine klare Bedingung f\u00fcr deren Abbruch genannt wird.<\/p>\n<p>Eine recht vage Zielsetzung, die \u201eKurve\u201c erwarteter Neuinfektionen abzuflachen, wird genannt, aber was damit genau bewirkt werden kann, wird keineswegs klar spezifiziert. Da das Corona virus ja selbst dann keineswegs aus der Welt ist, wenn die Ma\u00dfnahmen lokal in Deutschland maximalen Erfolg haben und keine aus dem Inland stammenden Neuinfektionen mehr zu verzeichnen sein sollten, wird es auf absehbare Zeit zu bleiben, dass das Virus aus anderen L\u00e4ndern wiederum eingeschleppt werden kann und dann immer noch auf eine nicht mit Herdenimmunit\u00e4t versehene Bev\u00f6lkerung treffen wird. Angesichts unserer besonders starken Verflechtung mit der Weltwirtschaft, wird es insbesondere uns Deutschen unm\u00f6glich sein, uns aus dem internationalen Verkehr dauerhaft zur\u00fcckzuziehen. Wie soll es also nach dem ersten Sturm weitergehen?<\/p>\n<p>Zur Verh\u00e4ltnism\u00e4\u00dfigkeit des Handelns geh\u00f6rt es auch, dass man es in Verh\u00e4ltnis zu klar definierten Zielen setzen kann. Soweit das nicht der Fall ist, sind Zweifel an der Verh\u00e4ltnism\u00e4\u00dfigkeit schon aus diesem Grunde angebracht. Unsere Regierung steht in der Pflicht, etwas dar\u00fcber zu sagen, wie sie auf m\u00f6gliche Ausg\u00e4nge des Experimentes, dass sie gerade mit uns allen durchf\u00fchrt, zu reagieren gedenkt. Dass eine Situation wie die jetzigen noch nie da gewesen ist, wie es gern hei\u00dft, entbindet nicht von der Verpflichtung vorauszuschauen und dann von den m\u00f6glichen Endergebnissen des eigenen politischen Tuns darauf zur\u00fcckzuschlie\u00dfen, wie man vorgehen sollte<\/p>\n<h1>Lieber ein Ende mit Schrecken, als ein Schrecken ohne Ende?<\/h1>\n<p>Die vorangehende Frage spielt auf eine jeder Lebensweisheiten an, mit denen wir unseren Alltag gern garnieren. Ob in ihr wirklich Weisheit zu finden ist, h\u00e4ngt von den konkreten Umst\u00e4nden ab. Die vorliegende Situation ist gerade nicht allt\u00e4glich, trotzdem muss die entsprechende Abw\u00e4gung durchaus vorgenommen werden. Ein paar Fragen zu den Endzielen d\u00fcrfen und sollten wir als B\u00fcrger unseren Politikern durchaus stellen \u2013 und sei es nur, um sie dazu zu bringen vom Ende her zu denken.<\/p>\n<p>Erstens, wie geht es weiter, wenn es gelingt, die Neuinfektionszahlen so zu reduzieren, dass die noch nicht aussichtslosen schweren F\u00e4lle von unseren Intensiveinrichtungen ohne Behandlungsverweigerung behandelt werden k\u00f6nnen (\u201eTriagevermeidung\u201c)?<\/p>\n<ol>\n<li>K\u00f6nnen wir erwarten, dass Triage nach Eind\u00e4mmung der exponentiellen Steigerung der Neuinfektionen dauerhaft vermieden werden kann, ohne das \u00f6ffentliche und gesellschaftliche Leben und den Handel und Austausch mit anderen L\u00e4ndern unhaltbar einzuschr\u00e4nken?<\/li>\n<li>Falls es m\u00f6glich ist, die \u00dcberlastung unserer Intensivstationen auch ohne auf Dauer nicht hinnehmbare Einschr\u00e4nkungen von Freiheit, Lebensqualit\u00e4t und Wohlstand zu vermeiden, welche konkreten Ma\u00dfnahmen sind geeignet, diese Probleml\u00f6sung zu bewirken?<\/li>\n<li>Welche konkreten Schritte wurden eingeleitet, um die eine antizipierte entsprechende Probleml\u00f6sungsm\u00f6glichkeit zu realisieren?<\/li>\n<li>Falls die Probleml\u00f6sung darin besteht, den besonders gef\u00e4hrdeten Personenkreis der \u00e4lteren und mit Vorerkrankungen belasteten B\u00fcrger effektiv vom Rest der Gesellschaft zu isolieren, wenn diese Personen dies denn w\u00fcnschen, wie soll das durchgef\u00fchrt werden?<\/li>\n<li>Wenn man von einer L\u00f6sungsm\u00f6glichkeit durch Isolierung speziell der Gef\u00e4hrdeten ausgeht, wieso war das nicht von Beginn an m\u00f6glich?<\/li>\n<li>Was ist genau der Plan f\u00fcr die Lockerung von Restriktionen, falls das Virus in Deutschland unter Kontrolle gebracht werden sollte?<\/li>\n<\/ol>\n<p>Zweitens, wenn es nicht gelingt, die Zahl der Neuinfektionen hinreichend zu begrenzen, welche Sch\u00e4tzungen gibt es dazu, wie stark steigert sich die \u00dcberlebenswahrscheinlichkeit durch Zugang zu einer Intensiveinrichtung f\u00fcr einen schwer Erkrankten gegen\u00fcber einem vergleichbar schwer Erkrankten, der diesen Zugang, nicht erh\u00e4lt?<\/p>\n<p>Sollten die Ma\u00dfnahmen der sozialen Distanzierung und der Beschr\u00e4nkung der Gewerbet\u00e4tigkeit, die wir gegenw\u00e4rtig hinnehmen m\u00fcssen, nicht greifen und unsere Intensiveinrichtungen \u00fcberflutet werden, so wird sich die Beantwortung der zweiten Frage nicht vermeiden lassen. Es scheint dringend geboten, sich mit dieser Frage auseinanderzusetzen, um die \u00c4rzte nicht mit diesen Entscheidungen \u00fcber Leben und Tod zu belasten, sondern durch gesellschaftlich getragene Regeln und klare Kriterien, zu entlasten. Kopf in den Sand und Prinzip Hoffnung scheint wenig hilfreich.<\/p>\n<p>Die Beantwortung der zweiten Frage w\u00e4re nur dann weniger dr\u00e4ngend, wenn der Zugang zu Einrichtungen der Intensivpflege keinen grundlegenden Einfluss auf die \u00dcberlebenswahrscheinlichkeiten schwer Erkrankter insbesondere der Risikogruppen h\u00e4tte. Dann w\u00fcrde man sich allerdings unmittelbar fragen m\u00fcssen, ob das mit uns allen durchgef\u00fchrte Experiment wirklich vern\u00fcnftigen Ma\u00dfst\u00e4ben der Verh\u00e4ltnism\u00e4\u00dfigkeit entspricht.<\/p>\n<p>Von verantwortlicher Politik darf man erwarten, dass sie informiert ist und die Daten, die verf\u00fcgbar sind, zur Kenntnis nimmt. Blinder Glaube an die schl\u00e4frige Autorit\u00e4t des Robert-Koch-Institut scheint jedenfalls dem Augenschein nach nicht unbedingt angebracht zu sein. Alternative Szenarien sind auf der Basis dessen, was wir wissen, zu entwickeln <a href=\"https:\/\/ourworldindata.org\/search?q=covid-19\">https:\/\/ourworldindata.org\/search?q=covid-19<\/a>. Gerade weil dieses Wissen mit gro\u00dfen Unsicherheiten behaftet ist, reicht es nicht aus, einfach auf das Prinzip Hoffnung zu setzen und nicht die M\u00f6glichkeit in Betracht zu ziehen, dass ein Ende mit Schrecken am Ende vielleicht weniger Schrecken beinhaltet, als das Eingest\u00e4ndnis, dass bestimmte Politiken versagt haben.<\/p>\n<p>Die hier gemachte Behauptung ist nicht, dass die Politiken nicht nachvollziehbar sind. Es soll auch nicht gesagt werden, dass unsere Politiker nicht ihr Bestes gegeben und nach bestem Wissen und Gewissen gehandelt haben. Sie sollten aber ein schlechtes Gewissen haben, falls sie keine klaren Endpunkte f\u00fcr ihr Vorgehen definiert haben. Wenn die Politiken scheitern sollten, muss man dies auch erkennen k\u00f6nnen. Das erleichtert es gerade das Scheitern einzugestehen und aussichtslose Politiken aufgeben zu k\u00f6nnen. Vern\u00fcnftige B\u00fcrger d\u00fcrfen mehr erwarten als ein \u201ehaltet durch\u201c, \u201ewir schaffen das\u201c usw. Wenn die Lage wirklich so einmalig ist, dann ist es absolut notwendig, auch auf das Versagen best-gemeinter Politik vorbereitet zu sein. Die Gelassenheit und Glaubw\u00fcrdigkeit insbesondere der Kanzlerin ist anzuerkennen, aber sie sollte die Zeit in der Quarant\u00e4ne vielleicht nutzen, um sich und anderen Grundsatzfragen vorzulegen und auf deren Beantwortung zu dr\u00e4ngen.<\/p>\n<h1>#WirBleibenZuhause<\/h1>\n<p>Wenn wir wirklich auf l\u00e4ngere Dauer zu Hause blieben, dann w\u00fcrde das die Stabilit\u00e4t unserer Gesellschaftsordnung unweigerlich unterminieren. Der demokratische Rechtsstaat mit seinem unbedingten Respekt f\u00fcr jeden einzelnen w\u00e4re gef\u00e4hrdet. Die \u00f6ffentliche Gesundheitsversorgung und die Garantie des Beistands in Lebensgefahr ist symbolpolitischer Ausdruck des \u00fcberragenden Wertes, den wir dem einzelnen Leben zumessen. Das Kind, das in einen Brunnen gefallen ist, geben wir gerade nicht verloren, sondern suchen es geradezu koste es, was es wolle, zu retten.<\/p>\n<p>Insofern ist auch die rechtsstaatliche Sorge darum und die vorausschauende Opferbereitschaft daf\u00fcr, Menschen in Lebensnot mit unseren Intensiveinrichtungen helfen zu k\u00f6nnen, nicht nur vollkommen berechtigt, sondern auch Beleg daf\u00fcr, dass dieser Rechtsstaat unsere Hochachtung und Unterst\u00fctzung verdient. Wir m\u00fcssen uns aber auch der Tatsache bewusst sein, dass die Akzeptanz des Rechtsstaates nicht von der Rettung gef\u00e4hrdeter Leben allein leben kann. Auch hier muss die Verh\u00e4ltnism\u00e4\u00dfigkeit gewahrt bleiben und daf\u00fcr gesorgt werden, dass dem Rechtsstaat die Unterst\u00fctzung seiner B\u00fcrger dauerhaft zuw\u00e4chst. Wir m\u00fcssen uns darauf besinnen, dass die Therapie schlimmer als ein zu behandelndes Problem sein kann.<\/p>\n<p>Siehe auch<\/p>\n<p><a href=\"https:\/\/verfassungsblog.de\/grenzen-der-solidaritaet\/\">https:\/\/verfassungsblog.de\/grenzen-der-solidaritaet\/<\/a><\/p>\n<p><a href=\"http:\/\/wirtschaftlichefreiheit.de\/wordpress\/?p=26264\">http:\/\/wirtschaftlichefreiheit.de\/wordpress\/?p=26264<\/a><\/p>\n<p><strong>Blog-Beitr\u00e4ge zum Thema:<\/strong><\/p>\n<p><span class=\"byline\"><span class=\"author vcard\">Christoph A. Schaltegger und Michele Salvi:\u00a0<\/span><\/span><a href=\"http:\/\/wirtschaftlichefreiheit.de\/wordpress\/?p=27016\">Spare in der Zeit, so hast Du in der Not. <\/a><span style=\"color: grey; font-size: medium;\">Finanzpolitik in Zeiten der Pandemie <\/span><\/p>\n<p>Dieter Smeets: <a href=\"http:\/\/wirtschaftlichefreiheit.de\/wordpress\/?p=26985\">Corona-Todesf\u00e4lle im internationalen Vergleich<\/a><\/p>\n<p>Ulrich van Suntum: <a href=\"http:\/\/wirtschaftlichefreiheit.de\/wordpress\/?p=26963\">\u00dcberschussliquidit\u00e4t der Banken in Corona-Notkredite umwandeln<\/a><\/p>\n<p>Dieter Smeets: <a href=\"http:\/\/wirtschaftlichefreiheit.de\/wordpress\/?p=26952\">Die Corona-Pandemie und ihre (\u00f6konomischen) Folgen<\/a><\/p>\n<p>Marco Wagner: <a href=\"http:\/\/wirtschaftlichefreiheit.de\/wordpress\/?p=26938\">Italien tief in der Corona-Krise<\/a><\/p>\n<p>Norbert Berthold: <a href=\"http:\/\/wirtschaftlichefreiheit.de\/wordpress\/?p=26900\">Seuchen, Stagflation und Staatswirtschaft. <\/a>Wirtschaftspolitik in Zeiten von Corona<\/p>\n<p>Michael Gr\u00f6mling: <a href=\"http:\/\/wirtschaftlichefreiheit.de\/wordpress\/?p=26875\">Corona mutiert zum Globalisierungsschock<\/a><\/p>\n<p>Tim Krieger: <a href=\"http:\/\/wirtschaftlichefreiheit.de\/wordpress\/?p=26805\">Hochschulen in Zeiten des Corona-Virus. Ein Entwicklungsmodell unter Druck<\/a><\/p>\n<!-- AddThis Advanced Settings generic via filter on the_content --><!-- AddThis Share Buttons generic via filter on the_content --><!-- AddThis Related Posts generic via filter on the_content -->","protected":false},"excerpt":{"rendered":"<p>Mit Fernseherkl\u00e4rung von Sonntag, 22, M\u00e4rz 2020 hat die Bundeskanzlerin in Absprache mit den Bundesl\u00e4ndern beschlossene bundeseinheitliche Leitlinien, mit denen die Ausbreitung der Covid-19 Infektionen &hellip; <\/p>\n<p class=\"link-more\"><a href=\"https:\/\/wirtschaftlichefreiheit.de\/wordpress\/?p=27016\" class=\"more-link\"><span class=\"screen-reader-text\">\u201eCorona und kein Ende?\u201c <\/span>weiterlesen<\/a><\/p>\n<p><!-- AddThis Advanced Settings generic via filter on wp_trim_excerpt --><!-- AddThis Share Buttons generic via filter on wp_trim_excerpt --><!-- AddThis Related Posts generic via filter on wp_trim_excerpt --><\/p>\n","protected":false},"author":28,"featured_media":27018,"comment_status":"open","ping_status":"open","sticky":false,"template":"","format":"standard","meta":{"footnotes":""},"categories":[3411,3357],"tags":[3359,3420,2772,3437,3436],"class_list":["post-27016","post","type-post","status-publish","format-standard","has-post-thumbnail","hentry","category-infektioeses","category-pandemisches","tag-coronavirus","tag-covid-19","tag-kliemt","tag-quarantaene","tag-triage"],"yoast_head":"<!-- This site is optimized with the Yoast SEO plugin v27.2 - https:\/\/yoast.com\/product\/yoast-seo-wordpress\/ -->\n<title>Corona und kein Ende? - Wirtschaftliche Freiheit<\/title>\n<meta name=\"robots\" content=\"index, follow, max-snippet:-1, max-image-preview:large, max-video-preview:-1\" \/>\n<link rel=\"canonical\" href=\"https:\/\/wirtschaftlichefreiheit.de\/wordpress\/?p=27016\" \/>\n<meta property=\"og:locale\" content=\"de_DE\" \/>\n<meta property=\"og:type\" content=\"article\" \/>\n<meta property=\"og:title\" content=\"Corona und kein Ende? - Wirtschaftliche Freiheit\" \/>\n<meta property=\"og:description\" content=\"Mit Fernseherkl\u00e4rung von Sonntag, 22, M\u00e4rz 2020 hat die Bundeskanzlerin in Absprache mit den Bundesl\u00e4ndern beschlossene bundeseinheitliche Leitlinien, mit denen die Ausbreitung der Covid-19 Infektionen &hellip; \u201eCorona und kein Ende?\u201c weiterlesen\" \/>\n<meta property=\"og:url\" content=\"https:\/\/wirtschaftlichefreiheit.de\/wordpress\/?p=27016\" \/>\n<meta property=\"og:site_name\" content=\"Wirtschaftliche Freiheit\" \/>\n<meta property=\"article:published_time\" content=\"2020-03-23T08:33:32+00:00\" \/>\n<meta property=\"article:modified_time\" content=\"2020-03-23T08:39:15+00:00\" \/>\n<meta property=\"og:image\" content=\"https:\/\/wirtschaftlichefreiheit.de\/wordpress\/bilder\/kliemt1.png\" \/>\n\t<meta property=\"og:image:width\" content=\"704\" \/>\n\t<meta property=\"og:image:height\" content=\"435\" \/>\n\t<meta property=\"og:image:type\" content=\"image\/png\" \/>\n<meta name=\"author\" content=\"Hartmut Kliemt\" \/>\n<meta name=\"twitter:card\" content=\"summary_large_image\" \/>\n<meta name=\"twitter:label1\" content=\"Verfasst von\" \/>\n\t<meta name=\"twitter:data1\" content=\"Hartmut Kliemt\" \/>\n\t<meta name=\"twitter:label2\" content=\"Gesch\u00e4tzte Lesezeit\" \/>\n\t<meta name=\"twitter:data2\" content=\"9\u00a0Minuten\" \/>\n<script type=\"application\/ld+json\" class=\"yoast-schema-graph\">{\"@context\":\"https:\/\/schema.org\",\"@graph\":[{\"@type\":\"Article\",\"@id\":\"https:\/\/wirtschaftlichefreiheit.de\/wordpress\/?p=27016#article\",\"isPartOf\":{\"@id\":\"https:\/\/wirtschaftlichefreiheit.de\/wordpress\/?p=27016\"},\"author\":{\"name\":\"Hartmut Kliemt\",\"@id\":\"https:\/\/wirtschaftlichefreiheit.de\/wordpress\/#\/schema\/person\/0079c30c206c15c3422b97e512f9e4dd\"},\"headline\":\"Corona und kein Ende?\",\"datePublished\":\"2020-03-23T08:33:32+00:00\",\"dateModified\":\"2020-03-23T08:39:15+00:00\",\"mainEntityOfPage\":{\"@id\":\"https:\/\/wirtschaftlichefreiheit.de\/wordpress\/?p=27016\"},\"wordCount\":1756,\"commentCount\":5,\"image\":{\"@id\":\"https:\/\/wirtschaftlichefreiheit.de\/wordpress\/?p=27016#primaryimage\"},\"thumbnailUrl\":\"https:\/\/wirtschaftlichefreiheit.de\/wordpress\/bilder\/kliemt1.png\",\"keywords\":[\"Coronavirus\",\"Covid-19\",\"Kliemt\",\"Quarant\u00e4ne\",\"Triage\"],\"articleSection\":[\"Infekti\u00f6ses\",\"Pandemisches\"],\"inLanguage\":\"de\",\"potentialAction\":[{\"@type\":\"CommentAction\",\"name\":\"Comment\",\"target\":[\"https:\/\/wirtschaftlichefreiheit.de\/wordpress\/?p=27016#respond\"]}]},{\"@type\":\"WebPage\",\"@id\":\"https:\/\/wirtschaftlichefreiheit.de\/wordpress\/?p=27016\",\"url\":\"https:\/\/wirtschaftlichefreiheit.de\/wordpress\/?p=27016\",\"name\":\"Corona und kein Ende? - Wirtschaftliche Freiheit\",\"isPartOf\":{\"@id\":\"https:\/\/wirtschaftlichefreiheit.de\/wordpress\/#website\"},\"primaryImageOfPage\":{\"@id\":\"https:\/\/wirtschaftlichefreiheit.de\/wordpress\/?p=27016#primaryimage\"},\"image\":{\"@id\":\"https:\/\/wirtschaftlichefreiheit.de\/wordpress\/?p=27016#primaryimage\"},\"thumbnailUrl\":\"https:\/\/wirtschaftlichefreiheit.de\/wordpress\/bilder\/kliemt1.png\",\"datePublished\":\"2020-03-23T08:33:32+00:00\",\"dateModified\":\"2020-03-23T08:39:15+00:00\",\"author\":{\"@id\":\"https:\/\/wirtschaftlichefreiheit.de\/wordpress\/#\/schema\/person\/0079c30c206c15c3422b97e512f9e4dd\"},\"breadcrumb\":{\"@id\":\"https:\/\/wirtschaftlichefreiheit.de\/wordpress\/?p=27016#breadcrumb\"},\"inLanguage\":\"de\",\"potentialAction\":[{\"@type\":\"ReadAction\",\"target\":[\"https:\/\/wirtschaftlichefreiheit.de\/wordpress\/?p=27016\"]}]},{\"@type\":\"ImageObject\",\"inLanguage\":\"de\",\"@id\":\"https:\/\/wirtschaftlichefreiheit.de\/wordpress\/?p=27016#primaryimage\",\"url\":\"https:\/\/wirtschaftlichefreiheit.de\/wordpress\/bilder\/kliemt1.png\",\"contentUrl\":\"https:\/\/wirtschaftlichefreiheit.de\/wordpress\/bilder\/kliemt1.png\",\"width\":704,\"height\":435},{\"@type\":\"BreadcrumbList\",\"@id\":\"https:\/\/wirtschaftlichefreiheit.de\/wordpress\/?p=27016#breadcrumb\",\"itemListElement\":[{\"@type\":\"ListItem\",\"position\":1,\"name\":\"Startseite\",\"item\":\"https:\/\/wirtschaftlichefreiheit.de\/wordpress\"},{\"@type\":\"ListItem\",\"position\":2,\"name\":\"Corona und kein Ende?\"}]},{\"@type\":\"WebSite\",\"@id\":\"https:\/\/wirtschaftlichefreiheit.de\/wordpress\/#website\",\"url\":\"https:\/\/wirtschaftlichefreiheit.de\/wordpress\/\",\"name\":\"Wirtschaftliche Freiheit\",\"description\":\"Das ordnungspolitische Journal\",\"potentialAction\":[{\"@type\":\"SearchAction\",\"target\":{\"@type\":\"EntryPoint\",\"urlTemplate\":\"https:\/\/wirtschaftlichefreiheit.de\/wordpress\/?s={search_term_string}\"},\"query-input\":{\"@type\":\"PropertyValueSpecification\",\"valueRequired\":true,\"valueName\":\"search_term_string\"}}],\"inLanguage\":\"de\"},{\"@type\":\"Person\",\"@id\":\"https:\/\/wirtschaftlichefreiheit.de\/wordpress\/#\/schema\/person\/0079c30c206c15c3422b97e512f9e4dd\",\"name\":\"Hartmut Kliemt\",\"image\":{\"@type\":\"ImageObject\",\"inLanguage\":\"de\",\"@id\":\"https:\/\/wirtschaftlichefreiheit.de\/wordpress\/bilder\/hartmunt_kliemt2.jpg\",\"url\":\"https:\/\/wirtschaftlichefreiheit.de\/wordpress\/bilder\/hartmunt_kliemt2.jpg\",\"contentUrl\":\"https:\/\/wirtschaftlichefreiheit.de\/wordpress\/bilder\/hartmunt_kliemt2.jpg\",\"caption\":\"Hartmut Kliemt\"},\"description\":\"Justus-Liebig-Universit\u00e4t Gie\u00dfen\",\"url\":\"https:\/\/wirtschaftlichefreiheit.de\/wordpress\/?author=28\"}]}<\/script>\n<!-- \/ Yoast SEO plugin. -->","yoast_head_json":{"title":"Corona und kein Ende? - Wirtschaftliche Freiheit","robots":{"index":"index","follow":"follow","max-snippet":"max-snippet:-1","max-image-preview":"max-image-preview:large","max-video-preview":"max-video-preview:-1"},"canonical":"https:\/\/wirtschaftlichefreiheit.de\/wordpress\/?p=27016","og_locale":"de_DE","og_type":"article","og_title":"Corona und kein Ende? - Wirtschaftliche Freiheit","og_description":"Mit Fernseherkl\u00e4rung von Sonntag, 22, M\u00e4rz 2020 hat die Bundeskanzlerin in Absprache mit den Bundesl\u00e4ndern beschlossene bundeseinheitliche Leitlinien, mit denen die Ausbreitung der Covid-19 Infektionen &hellip; \u201eCorona und kein Ende?\u201c weiterlesen","og_url":"https:\/\/wirtschaftlichefreiheit.de\/wordpress\/?p=27016","og_site_name":"Wirtschaftliche Freiheit","article_published_time":"2020-03-23T08:33:32+00:00","article_modified_time":"2020-03-23T08:39:15+00:00","og_image":[{"width":704,"height":435,"url":"https:\/\/wirtschaftlichefreiheit.de\/wordpress\/bilder\/kliemt1.png","type":"image\/png"}],"author":"Hartmut Kliemt","twitter_card":"summary_large_image","twitter_misc":{"Verfasst von":"Hartmut Kliemt","Gesch\u00e4tzte Lesezeit":"9\u00a0Minuten"},"schema":{"@context":"https:\/\/schema.org","@graph":[{"@type":"Article","@id":"https:\/\/wirtschaftlichefreiheit.de\/wordpress\/?p=27016#article","isPartOf":{"@id":"https:\/\/wirtschaftlichefreiheit.de\/wordpress\/?p=27016"},"author":{"name":"Hartmut Kliemt","@id":"https:\/\/wirtschaftlichefreiheit.de\/wordpress\/#\/schema\/person\/0079c30c206c15c3422b97e512f9e4dd"},"headline":"Corona und kein Ende?","datePublished":"2020-03-23T08:33:32+00:00","dateModified":"2020-03-23T08:39:15+00:00","mainEntityOfPage":{"@id":"https:\/\/wirtschaftlichefreiheit.de\/wordpress\/?p=27016"},"wordCount":1756,"commentCount":5,"image":{"@id":"https:\/\/wirtschaftlichefreiheit.de\/wordpress\/?p=27016#primaryimage"},"thumbnailUrl":"https:\/\/wirtschaftlichefreiheit.de\/wordpress\/bilder\/kliemt1.png","keywords":["Coronavirus","Covid-19","Kliemt","Quarant\u00e4ne","Triage"],"articleSection":["Infekti\u00f6ses","Pandemisches"],"inLanguage":"de","potentialAction":[{"@type":"CommentAction","name":"Comment","target":["https:\/\/wirtschaftlichefreiheit.de\/wordpress\/?p=27016#respond"]}]},{"@type":"WebPage","@id":"https:\/\/wirtschaftlichefreiheit.de\/wordpress\/?p=27016","url":"https:\/\/wirtschaftlichefreiheit.de\/wordpress\/?p=27016","name":"Corona und kein Ende? - Wirtschaftliche Freiheit","isPartOf":{"@id":"https:\/\/wirtschaftlichefreiheit.de\/wordpress\/#website"},"primaryImageOfPage":{"@id":"https:\/\/wirtschaftlichefreiheit.de\/wordpress\/?p=27016#primaryimage"},"image":{"@id":"https:\/\/wirtschaftlichefreiheit.de\/wordpress\/?p=27016#primaryimage"},"thumbnailUrl":"https:\/\/wirtschaftlichefreiheit.de\/wordpress\/bilder\/kliemt1.png","datePublished":"2020-03-23T08:33:32+00:00","dateModified":"2020-03-23T08:39:15+00:00","author":{"@id":"https:\/\/wirtschaftlichefreiheit.de\/wordpress\/#\/schema\/person\/0079c30c206c15c3422b97e512f9e4dd"},"breadcrumb":{"@id":"https:\/\/wirtschaftlichefreiheit.de\/wordpress\/?p=27016#breadcrumb"},"inLanguage":"de","potentialAction":[{"@type":"ReadAction","target":["https:\/\/wirtschaftlichefreiheit.de\/wordpress\/?p=27016"]}]},{"@type":"ImageObject","inLanguage":"de","@id":"https:\/\/wirtschaftlichefreiheit.de\/wordpress\/?p=27016#primaryimage","url":"https:\/\/wirtschaftlichefreiheit.de\/wordpress\/bilder\/kliemt1.png","contentUrl":"https:\/\/wirtschaftlichefreiheit.de\/wordpress\/bilder\/kliemt1.png","width":704,"height":435},{"@type":"BreadcrumbList","@id":"https:\/\/wirtschaftlichefreiheit.de\/wordpress\/?p=27016#breadcrumb","itemListElement":[{"@type":"ListItem","position":1,"name":"Startseite","item":"https:\/\/wirtschaftlichefreiheit.de\/wordpress"},{"@type":"ListItem","position":2,"name":"Corona und kein Ende?"}]},{"@type":"WebSite","@id":"https:\/\/wirtschaftlichefreiheit.de\/wordpress\/#website","url":"https:\/\/wirtschaftlichefreiheit.de\/wordpress\/","name":"Wirtschaftliche Freiheit","description":"Das ordnungspolitische Journal","potentialAction":[{"@type":"SearchAction","target":{"@type":"EntryPoint","urlTemplate":"https:\/\/wirtschaftlichefreiheit.de\/wordpress\/?s={search_term_string}"},"query-input":{"@type":"PropertyValueSpecification","valueRequired":true,"valueName":"search_term_string"}}],"inLanguage":"de"},{"@type":"Person","@id":"https:\/\/wirtschaftlichefreiheit.de\/wordpress\/#\/schema\/person\/0079c30c206c15c3422b97e512f9e4dd","name":"Hartmut Kliemt","image":{"@type":"ImageObject","inLanguage":"de","@id":"https:\/\/wirtschaftlichefreiheit.de\/wordpress\/bilder\/hartmunt_kliemt2.jpg","url":"https:\/\/wirtschaftlichefreiheit.de\/wordpress\/bilder\/hartmunt_kliemt2.jpg","contentUrl":"https:\/\/wirtschaftlichefreiheit.de\/wordpress\/bilder\/hartmunt_kliemt2.jpg","caption":"Hartmut Kliemt"},"description":"Justus-Liebig-Universit\u00e4t Gie\u00dfen","url":"https:\/\/wirtschaftlichefreiheit.de\/wordpress\/?author=28"}]}},"_links":{"self":[{"href":"https:\/\/wirtschaftlichefreiheit.de\/wordpress\/index.php?rest_route=\/wp\/v2\/posts\/27016","targetHints":{"allow":["GET"]}}],"collection":[{"href":"https:\/\/wirtschaftlichefreiheit.de\/wordpress\/index.php?rest_route=\/wp\/v2\/posts"}],"about":[{"href":"https:\/\/wirtschaftlichefreiheit.de\/wordpress\/index.php?rest_route=\/wp\/v2\/types\/post"}],"author":[{"embeddable":true,"href":"https:\/\/wirtschaftlichefreiheit.de\/wordpress\/index.php?rest_route=\/wp\/v2\/users\/28"}],"replies":[{"embeddable":true,"href":"https:\/\/wirtschaftlichefreiheit.de\/wordpress\/index.php?rest_route=%2Fwp%2Fv2%2Fcomments&post=27016"}],"version-history":[{"count":3,"href":"https:\/\/wirtschaftlichefreiheit.de\/wordpress\/index.php?rest_route=\/wp\/v2\/posts\/27016\/revisions"}],"predecessor-version":[{"id":27019,"href":"https:\/\/wirtschaftlichefreiheit.de\/wordpress\/index.php?rest_route=\/wp\/v2\/posts\/27016\/revisions\/27019"}],"wp:featuredmedia":[{"embeddable":true,"href":"https:\/\/wirtschaftlichefreiheit.de\/wordpress\/index.php?rest_route=\/wp\/v2\/media\/27018"}],"wp:attachment":[{"href":"https:\/\/wirtschaftlichefreiheit.de\/wordpress\/index.php?rest_route=%2Fwp%2Fv2%2Fmedia&parent=27016"}],"wp:term":[{"taxonomy":"category","embeddable":true,"href":"https:\/\/wirtschaftlichefreiheit.de\/wordpress\/index.php?rest_route=%2Fwp%2Fv2%2Fcategories&post=27016"},{"taxonomy":"post_tag","embeddable":true,"href":"https:\/\/wirtschaftlichefreiheit.de\/wordpress\/index.php?rest_route=%2Fwp%2Fv2%2Ftags&post=27016"}],"curies":[{"name":"wp","href":"https:\/\/api.w.org\/{rel}","templated":true}]}}