{"id":27277,"date":"2020-05-09T15:24:53","date_gmt":"2020-05-09T14:24:53","guid":{"rendered":"http:\/\/wirtschaftlichefreiheit.de\/wordpress\/?p=27277"},"modified":"2023-09-23T15:08:01","modified_gmt":"2023-09-23T14:08:01","slug":"corona-kontroverse-2-covid-19-und-die-grenzen-bivariater-korrelationsanalysen","status":"publish","type":"post","link":"https:\/\/wirtschaftlichefreiheit.de\/wordpress\/?p=27277","title":{"rendered":"<font size=3; color=grey>Die Corona-Kontroverse (2) <\/font><br\/>Covid-19 und die Grenzen bivariater Korrelationsanalysen"},"content":{"rendered":"<p>Seit einigen Wochen wird im Verlauf der Corona-Krise h\u00e4ufiger Skepsis hinsichtlich der von der Bundesregierung und den Regierungen anderer L\u00e4nder ergriffenen Ma\u00dfnahmen ge\u00e4u\u00dfert. Dies betrifft insbesondere den sogenannten Lockdown, also die Kontaktverbote, das Schlie\u00dfen von Gesch\u00e4ften und Gastst\u00e4tten, sowie das Verbot von Veranstaltungen.<\/p>\n<p>Unter \u00d6konomen gibt es einige Kritiker dieser Politik. Hierzu z\u00e4hlen einerseits Kolleginnen und Kollegen, die zwar st\u00e4rkere Lockerungen als bisher beschlossen fordern, um die wirtschaftliche Erholung zu beschleunigen, die dies aber vorsichtig tun. Solche Kritiker haben gr\u00f6\u00dftenteils Verst\u00e4ndnis f\u00fcr die im M\u00e4rz beschlossenen Ma\u00dfnahmen, vermuten aber bereits jetzt einen gr\u00f6\u00dferen Spielraum f\u00fcr verantwortliche Lockerungen. Man k\u00f6nnte etwas vereinfacht sagen, dass diese Kritiker zwar im gleichen theoretischen Modellrahmen argumentieren wie die Politik, aber einzelne Parameter anders beurteilen.<\/p>\n<p><!--more--><\/p>\n<p>Eine andere Linie der Kritik h\u00e4lt allerdings den ganzen Modellrahmen f\u00fcr falsch. Sie bestreitet, dass ein Lockdown \u00fcberhaupt je sinnvoll gewesen sei, sie bestreitet mit extremer Rhetorik den Sinn des Tragens von Mund-Nasen-Masken \u2013 die Rede ist etwa von &#8222;Sklavenmasken&#8220;, mit denen die Regierung angeblich den B\u00fcrgern einen psychischen Knacks verpassen will \u2013, und sie bestreitet, dass Covid-19 \u00fcberhaupt ein gef\u00e4hrliches Virus ist, das starke politische Eingriffe rechtfertigt. Wieso Regierungen in aller Welt eine solche teure, ineffiziente und letztlich unpopul\u00e4re Politik grundlos implementieren sollten, wird jedoch nicht erkl\u00e4rt.<\/p>\n<p>Auch Stefan Homburg kritisiert die Sinnhaftigkeit von Lockdowns fundamental. Er tut dies auf der Basis von zwei Argumenten. Erstens sei in der Zeitreihe der Sterbef\u00e4lle kein unmittelbarer Einfluss des Lockdowns zu erkennen. Zweitens zeige sich im L\u00e4nderquerschnitt nicht, dass L\u00e4nder mit starken Lockdowns besonders wenige Corona-Todesf\u00e4lle h\u00e4tten. Schlie\u00dflich pr\u00e4sentiert Stefan Homburg noch einen positiven Zusammenhang zwischen dem Schuldenstand eines Landes und der St\u00e4rke seines Lockdowns und vermutet, dass hinter starken Lockdowns die Absicht stecken k\u00f6nnte, Bed\u00fcrftigkeit zu signalisieren und fiskalische Transfers aus anderen L\u00e4ndern anzureizen.<\/p>\n<p>Wichtig ist zun\u00e4chst, dass all diese Argumente auf Augenschein-Empirie beruhen. Das gilt f\u00fcr die L\u00e4nderquerschnitte, in denen einfache, bivariate Korrelationen in einer Stichprobe von dreizehn L\u00e4ndern diagnostiziert werden. In der Stichprobe ist Schweden das einzige Land, das nach Stefan Homburgs Klassifizierung ohne Lockdown auskam, alle anderen L\u00e4nder hatten demnach entweder gem\u00e4\u00dfigte oder starke Lockdowns. Die Kriterien f\u00fcr deren Klassifizierung werden nicht transparent gemacht. Auch in der Zeitreihenbetrachtung f\u00fcr Deutschland wird lediglich geschaut, ob nach dem Zeitpunkt des Lockdowns ein Sprung in der Zeitreihe der Todesf\u00e4lle deutlich sichtbar wird.<\/p>\n<p>Ein solches Vorgehen ist hoch problematisch; sie erlaubt keine starken R\u00fcckschl\u00fcsse und schon gar keine starken politischen Empfehlungen. Zahlreiche denkbare Einfl\u00fcsse werden nicht ber\u00fccksichtigt. So wurden beispielsweise im Vereinigten K\u00f6nigreich sp\u00fcrbare Ma\u00dfnahmen erst eingeleitet, als absehbar wurde, dass mit einem Laissez-Faire-Ansatz die Corona-Krise in eine katastrophale \u00dcberlastung des Gesundheitswesens f\u00fchren w\u00fcrde und hohe Sterbeziffern die Folge sein w\u00fcrden.<\/p>\n<p>Dabei lag zwar die formale Verk\u00fcndigung von Kontaktverboten in Deutschland und Gro\u00dfbritannien nur wenige Tage auseinander \u2013 insofern k\u00f6nnte man beide L\u00e4nder als fast gleichzeitig als gem\u00e4\u00dfigte Lockdown-L\u00e4nder klassifizieren. Aber die Politik bis dahin war in beiden L\u00e4ndern sehr unterschiedlich. W\u00e4hrend die Regierung des Vereinigten K\u00f6nigreiches lange versuchte, noch Normalit\u00e4t zu signalisieren, wurde in Deutschland bereits am 8. M\u00e4rz ein Verbot von Veranstaltungen mit mehr als 1.000 Teilnehmern angek\u00fcndigt. Kleinere Ma\u00dfnahmen erfolgten hier also fr\u00fcher. Die Bev\u00f6lkerung war wesentlich fr\u00fcher als in Gro\u00dfbritannien mit der Ernsthaftigkeit der Lage vertraut und reagierte mit freiwilligen Verhaltensanpassungen, noch bevor diese durch formale Regeln verbindlich wurden.<\/p>\n<p>Man kann sich vorstellen, dass dies auch Effekte auf die Compliance w\u00e4hrend des Lockdowns hat. Kein Staat hat die Ressourcen, etwa Treffen gr\u00f6\u00dferer Gruppen in Privatr\u00e4umen vollst\u00e4ndig zu kontrollieren. Auch nach einem formalen Lockdown h\u00e4ngt also noch einiges von freiwilliger Mithilfe der B\u00fcrgerinnen und B\u00fcrger ab. Das k\u00f6nnte eine erste, wenn auch nat\u00fcrlich noch spekulative, Erkl\u00e4rung f\u00fcr die <a href=\"https:\/\/ourworldindata.org\/grapher\/total-deaths-covid-19?time=2020-03-05..&amp;country=DEU+GBR\">dramatisch unterschiedlichen Todeszahlen in Deutschland und dem Vereinigten K\u00f6nigreich<\/a> sein. Notabene: Stefan Homburg liefert keinerlei Erkl\u00e4rung daf\u00fcr, dass L\u00e4nder, die bei ihm als gleiches Corona-Regime klassifiziert werden, vollkommen unterschiedliche Todeszahlen haben.<\/p>\n<p>Ein \u00e4hnliches Problem ergibt sich beim blo\u00dfen Blick auf die Zeitreihe in Deutschland. Stefan Homburg verweist in Diskussionen darauf, dass alle Epidemien einem logistischen Verlauf folgen, dass also die Zahl der Infizierten erst exponentiell w\u00e4chst und dann S-f\u00f6rmig abflacht. Das ist sicher richtig. Wenn ein Virus keine neuen Wirte mehr findet, dann flacht nat\u00fcrlich trivialerweise jeder Graph der Infizierten irgendwann ab. Entscheidend ist aber, wo wir uns mit dem Infizierten- und Todeszahlen bewegen.<\/p>\n<p>Vergleichen wir also wieder <a href=\"https:\/\/ourworldindata.org\/grapher\/daily-deaths-covid-19?time=2020-03-07..&amp;country=GBR+DEU+ITA\">Deutschland und das Vereinigte K\u00f6nigreich, und nehmen wir noch Italien<\/a> dazu. Deutschland gelingt es in der Zeitreihenbetrachtung, die Kurve der t\u00e4glich gemeldeten Toten schnell abzuflachen. Sicherlich, die Kurve steigt auch nach dem Lockdown noch an, aber die H\u00f6chstwerte bleiben gering. Folgt man dem Argument von Stefan Homburg, dass der Lockdown wirkungslos war, dann muss dies an anderen, spezifisch deutschen Faktoren liegen. Aber welche k\u00f6nnten das sein? Es ist m\u00f6glich, dass es solche Faktoren gibt, aber Stefan Homburg gibt darauf keine Antwort. Einstweilen erscheint es plausibel anzunehmen, dass fr\u00fche Verhaltens\u00e4nderungen, die dann durch Unterst\u00fctzung formaler Regeln \u00fcber mehrere Wochen robust durchgehalten wurden, eine wesentliche Rolle spielten.<\/p>\n<p>Schauen wir uns auch die Zeitreihe f\u00fcr Italien an. Hier lautet Stefan Homburgs Argument, dass Italien als Land mit extremen Lockdown-Ma\u00dfnahmen trotzdem hohe Todesf\u00e4lle hat. Aber auch hier muss man wieder \u00fcberlegen, ob Italien nicht von Anfang an Bedingungen hatte, die ohne Lockdown noch h\u00f6here Infizierten- und Todeszahlen h\u00e4tten erwarten lassen. K\u00f6nnte es nicht sein, dass die italienische Regierung fr\u00fch sah, dass z.B. demographische Bedingungen und Versorgungsengp\u00e4sse im Gesundheitswesen die Lage in diesem Land besonders gef\u00e4hrlich machen, so dass nur ein strikter Lockdown die Katastrophe eind\u00e4mmt? Der kontinuierliche Trend sinkender Sterbezahlen in Italien seit dem letzten M\u00e4rzdrittel ist \u00fcbrigens sehr beeindruckend. Die Behauptung, das h\u00e4tte mit dem Lockdown nichts zu tun, erscheint sportlich.<\/p>\n<p>Diese einfachen, zur Illustration angef\u00fchrten \u00dcberlegen zeigen, dass man zahlreiche Einflussfaktoren ber\u00fccksichtigen und eine ernsthafte, \u00f6konometrische Analyse durchf\u00fchren muss, bevor man starke Aussagen formuliert. Politische Forderungen auf der Grundlage von bivariater Augenschein-Empirie sind hier mehr als fahrl\u00e4ssig. Wenn man will, findet man bereits jetzt anspruchsvollere quantitative Forschungsarbeiten, welche die Effektivit\u00e4t des Lockdown zur Eind\u00e4mmung der Pandemie untersuchen, etwa <a href=\"https:\/\/www.medrxiv.org\/content\/medrxiv\/early\/2020\/04\/23\/2020.04.18.20070862.full.pdf\">f\u00fcr Spanien<\/a>, nochmal <a href=\"https:\/\/navarra.opennemas.com\/media\/navarra\/files\/2020\/04\/16\/dt2020-03.pdf\">f\u00fcr Spanien<\/a> und <a href=\"https:\/\/www.researchgate.net\/profile\/Sebastien_Bourdin2\/publication\/340979183_Does_lockdown_work_A_spatial_analysis_of_the_spread_and_concentration_of_Covid-19_in_Italy\/links\/5ea8519145851592d6a59ec4\/Does-lockdown-work-A-spatial-analysis-of-the-spread-and-concentration-of-Covid-19-in-Italy.pdf\">f\u00fcr Italien<\/a>. Die Evidenz deutet auf eine starke Wirksamkeit der Lockdown-Ma\u00dfnahmen hin.<\/p>\n<p><strong>Blog-Beitr\u00e4ge zur &#8222;Corona-Kontroverse&#8220;:<\/strong><\/p>\n<p>Stefan Homburg: <a href=\"http:\/\/wirtschaftlichefreiheit.de\/wordpress\/?p=27264\">Lockdowns im internationalen Vergleich<\/a><\/p>\n<!-- AddThis Advanced Settings generic via filter on the_content --><!-- AddThis Share Buttons generic via filter on the_content --><!-- AddThis Related Posts generic via filter on the_content -->","protected":false},"excerpt":{"rendered":"<p>Seit einigen Wochen wird im Verlauf der Corona-Krise h\u00e4ufiger Skepsis hinsichtlich der von der Bundesregierung und den Regierungen anderer L\u00e4nder ergriffenen Ma\u00dfnahmen ge\u00e4u\u00dfert. Dies betrifft &hellip; <\/p>\n<p class=\"link-more\"><a href=\"https:\/\/wirtschaftlichefreiheit.de\/wordpress\/?p=27277\" class=\"more-link\"><span class=\"screen-reader-text\">\u201e<font size=3; color=grey>Die Corona-Kontroverse (2) <\/font><br \/>Covid-19 und die Grenzen bivariater Korrelationsanalysen\u201c <\/span>weiterlesen<\/a><\/p>\n<p><!-- AddThis Advanced Settings generic via filter on wp_trim_excerpt --><!-- AddThis Share Buttons generic via filter on wp_trim_excerpt --><!-- AddThis Related Posts generic via filter on wp_trim_excerpt --><\/p>\n","protected":false},"author":37,"featured_media":27279,"comment_status":"open","ping_status":"open","sticky":false,"template":"","format":"standard","meta":{"footnotes":""},"categories":[3358,3411,3491,964,3492],"tags":[3418,3488,3462,738,3493,184,3494],"class_list":["post-27277","post","type-post","status-publish","format-standard","has-post-thumbnail","hentry","category-coronavirus","category-infektioeses","category-methodisches","category-statistisches","category-oekonometrisches","tag-corona","tag-lockdown","tag-lockerungen","tag-schnellenbach","tag-sterbefaelle","tag-verschuldung","tag-zeitreihen"],"yoast_head":"<!-- This site is optimized with the Yoast SEO plugin v27.2 - https:\/\/yoast.com\/product\/yoast-seo-wordpress\/ -->\n<title>Die Corona-Kontroverse (2) Covid-19 und die Grenzen bivariater Korrelationsanalysen - Wirtschaftliche Freiheit<\/title>\n<meta name=\"robots\" content=\"index, follow, max-snippet:-1, max-image-preview:large, max-video-preview:-1\" \/>\n<link rel=\"canonical\" href=\"https:\/\/wirtschaftlichefreiheit.de\/wordpress\/?p=27277\" \/>\n<meta property=\"og:locale\" content=\"de_DE\" \/>\n<meta property=\"og:type\" content=\"article\" \/>\n<meta property=\"og:title\" content=\"Die Corona-Kontroverse (2) Covid-19 und die Grenzen bivariater Korrelationsanalysen - Wirtschaftliche Freiheit\" \/>\n<meta property=\"og:description\" content=\"Seit einigen Wochen wird im Verlauf der Corona-Krise h\u00e4ufiger Skepsis hinsichtlich der von der Bundesregierung und den Regierungen anderer L\u00e4nder ergriffenen Ma\u00dfnahmen ge\u00e4u\u00dfert. Dies betrifft &hellip; \u201eDie Corona-Kontroverse (2) Covid-19 und die Grenzen bivariater Korrelationsanalysen\u201c weiterlesen\" \/>\n<meta property=\"og:url\" content=\"https:\/\/wirtschaftlichefreiheit.de\/wordpress\/?p=27277\" \/>\n<meta property=\"og:site_name\" content=\"Wirtschaftliche Freiheit\" \/>\n<meta property=\"article:published_time\" content=\"2020-05-09T14:24:53+00:00\" \/>\n<meta property=\"article:modified_time\" content=\"2023-09-23T14:08:01+00:00\" \/>\n<meta property=\"og:image\" content=\"http:\/\/wirtschaftlichefreiheit.de\/wordpress\/bilder\/pandemic-5023039_1920.jpg\" \/>\n\t<meta property=\"og:image:width\" content=\"1920\" \/>\n\t<meta property=\"og:image:height\" content=\"1080\" \/>\n\t<meta property=\"og:image:type\" content=\"image\/jpeg\" \/>\n<meta name=\"author\" content=\"Jan Schnellenbach\" \/>\n<meta name=\"twitter:card\" content=\"summary_large_image\" \/>\n<meta name=\"twitter:label1\" content=\"Verfasst von\" \/>\n\t<meta name=\"twitter:data1\" content=\"Jan Schnellenbach\" \/>\n\t<meta name=\"twitter:label2\" content=\"Gesch\u00e4tzte Lesezeit\" \/>\n\t<meta name=\"twitter:data2\" content=\"6\u00a0Minuten\" \/>\n<script type=\"application\/ld+json\" class=\"yoast-schema-graph\">{\"@context\":\"https:\/\/schema.org\",\"@graph\":[{\"@type\":\"Article\",\"@id\":\"https:\/\/wirtschaftlichefreiheit.de\/wordpress\/?p=27277#article\",\"isPartOf\":{\"@id\":\"https:\/\/wirtschaftlichefreiheit.de\/wordpress\/?p=27277\"},\"author\":{\"name\":\"Jan Schnellenbach\",\"@id\":\"https:\/\/wirtschaftlichefreiheit.de\/wordpress\/#\/schema\/person\/b4e3f13ea24d514f6e985c29be203360\"},\"headline\":\"Die Corona-Kontroverse (2) Covid-19 und die Grenzen bivariater Korrelationsanalysen\",\"datePublished\":\"2020-05-09T14:24:53+00:00\",\"dateModified\":\"2023-09-23T14:08:01+00:00\",\"mainEntityOfPage\":{\"@id\":\"https:\/\/wirtschaftlichefreiheit.de\/wordpress\/?p=27277\"},\"wordCount\":1134,\"commentCount\":8,\"image\":{\"@id\":\"https:\/\/wirtschaftlichefreiheit.de\/wordpress\/?p=27277#primaryimage\"},\"thumbnailUrl\":\"https:\/\/wirtschaftlichefreiheit.de\/wordpress\/bilder\/pandemic-5023039_1920.jpg\",\"keywords\":[\"Corona\",\"Lockdown\",\"Lockerungen\",\"Schnellenbach\",\"Sterbef\u00e4lle\",\"Verschuldung\",\"Zeitreihen\"],\"articleSection\":[\"Coronavirus\",\"Infekti\u00f6ses\",\"Methodisches\",\"Statistisches\",\"\u00d6konometrisches\"],\"inLanguage\":\"de\",\"potentialAction\":[{\"@type\":\"CommentAction\",\"name\":\"Comment\",\"target\":[\"https:\/\/wirtschaftlichefreiheit.de\/wordpress\/?p=27277#respond\"]}]},{\"@type\":\"WebPage\",\"@id\":\"https:\/\/wirtschaftlichefreiheit.de\/wordpress\/?p=27277\",\"url\":\"https:\/\/wirtschaftlichefreiheit.de\/wordpress\/?p=27277\",\"name\":\"Die Corona-Kontroverse (2) Covid-19 und die Grenzen bivariater Korrelationsanalysen - Wirtschaftliche Freiheit\",\"isPartOf\":{\"@id\":\"https:\/\/wirtschaftlichefreiheit.de\/wordpress\/#website\"},\"primaryImageOfPage\":{\"@id\":\"https:\/\/wirtschaftlichefreiheit.de\/wordpress\/?p=27277#primaryimage\"},\"image\":{\"@id\":\"https:\/\/wirtschaftlichefreiheit.de\/wordpress\/?p=27277#primaryimage\"},\"thumbnailUrl\":\"https:\/\/wirtschaftlichefreiheit.de\/wordpress\/bilder\/pandemic-5023039_1920.jpg\",\"datePublished\":\"2020-05-09T14:24:53+00:00\",\"dateModified\":\"2023-09-23T14:08:01+00:00\",\"author\":{\"@id\":\"https:\/\/wirtschaftlichefreiheit.de\/wordpress\/#\/schema\/person\/b4e3f13ea24d514f6e985c29be203360\"},\"breadcrumb\":{\"@id\":\"https:\/\/wirtschaftlichefreiheit.de\/wordpress\/?p=27277#breadcrumb\"},\"inLanguage\":\"de\",\"potentialAction\":[{\"@type\":\"ReadAction\",\"target\":[\"https:\/\/wirtschaftlichefreiheit.de\/wordpress\/?p=27277\"]}]},{\"@type\":\"ImageObject\",\"inLanguage\":\"de\",\"@id\":\"https:\/\/wirtschaftlichefreiheit.de\/wordpress\/?p=27277#primaryimage\",\"url\":\"https:\/\/wirtschaftlichefreiheit.de\/wordpress\/bilder\/pandemic-5023039_1920.jpg\",\"contentUrl\":\"https:\/\/wirtschaftlichefreiheit.de\/wordpress\/bilder\/pandemic-5023039_1920.jpg\",\"width\":1920,\"height\":1080},{\"@type\":\"BreadcrumbList\",\"@id\":\"https:\/\/wirtschaftlichefreiheit.de\/wordpress\/?p=27277#breadcrumb\",\"itemListElement\":[{\"@type\":\"ListItem\",\"position\":1,\"name\":\"Startseite\",\"item\":\"https:\/\/wirtschaftlichefreiheit.de\/wordpress\"},{\"@type\":\"ListItem\",\"position\":2,\"name\":\"Die Corona-Kontroverse (2) Covid-19 und die Grenzen bivariater Korrelationsanalysen\"}]},{\"@type\":\"WebSite\",\"@id\":\"https:\/\/wirtschaftlichefreiheit.de\/wordpress\/#website\",\"url\":\"https:\/\/wirtschaftlichefreiheit.de\/wordpress\/\",\"name\":\"Wirtschaftliche Freiheit\",\"description\":\"Das ordnungspolitische Journal\",\"potentialAction\":[{\"@type\":\"SearchAction\",\"target\":{\"@type\":\"EntryPoint\",\"urlTemplate\":\"https:\/\/wirtschaftlichefreiheit.de\/wordpress\/?s={search_term_string}\"},\"query-input\":{\"@type\":\"PropertyValueSpecification\",\"valueRequired\":true,\"valueName\":\"search_term_string\"}}],\"inLanguage\":\"de\"},{\"@type\":\"Person\",\"@id\":\"https:\/\/wirtschaftlichefreiheit.de\/wordpress\/#\/schema\/person\/b4e3f13ea24d514f6e985c29be203360\",\"name\":\"Jan Schnellenbach\",\"image\":{\"@type\":\"ImageObject\",\"inLanguage\":\"de\",\"@id\":\"https:\/\/wirtschaftlichefreiheit.de\/wordpress\/bilder\/jans.png\",\"url\":\"https:\/\/wirtschaftlichefreiheit.de\/wordpress\/bilder\/jans.png\",\"contentUrl\":\"https:\/\/wirtschaftlichefreiheit.de\/wordpress\/bilder\/jans.png\",\"caption\":\"Jan Schnellenbach\"},\"description\":\"Brandenburgische Technische Universit\u00e4t Cottbus\",\"url\":\"https:\/\/wirtschaftlichefreiheit.de\/wordpress\/?author=37\"}]}<\/script>\n<!-- \/ Yoast SEO plugin. -->","yoast_head_json":{"title":"Die Corona-Kontroverse (2) Covid-19 und die Grenzen bivariater Korrelationsanalysen - Wirtschaftliche Freiheit","robots":{"index":"index","follow":"follow","max-snippet":"max-snippet:-1","max-image-preview":"max-image-preview:large","max-video-preview":"max-video-preview:-1"},"canonical":"https:\/\/wirtschaftlichefreiheit.de\/wordpress\/?p=27277","og_locale":"de_DE","og_type":"article","og_title":"Die Corona-Kontroverse (2) Covid-19 und die Grenzen bivariater Korrelationsanalysen - Wirtschaftliche Freiheit","og_description":"Seit einigen Wochen wird im Verlauf der Corona-Krise h\u00e4ufiger Skepsis hinsichtlich der von der Bundesregierung und den Regierungen anderer L\u00e4nder ergriffenen Ma\u00dfnahmen ge\u00e4u\u00dfert. Dies betrifft &hellip; \u201eDie Corona-Kontroverse (2) Covid-19 und die Grenzen bivariater Korrelationsanalysen\u201c weiterlesen","og_url":"https:\/\/wirtschaftlichefreiheit.de\/wordpress\/?p=27277","og_site_name":"Wirtschaftliche Freiheit","article_published_time":"2020-05-09T14:24:53+00:00","article_modified_time":"2023-09-23T14:08:01+00:00","og_image":[{"width":1920,"height":1080,"url":"http:\/\/wirtschaftlichefreiheit.de\/wordpress\/bilder\/pandemic-5023039_1920.jpg","type":"image\/jpeg"}],"author":"Jan Schnellenbach","twitter_card":"summary_large_image","twitter_misc":{"Verfasst von":"Jan Schnellenbach","Gesch\u00e4tzte Lesezeit":"6\u00a0Minuten"},"schema":{"@context":"https:\/\/schema.org","@graph":[{"@type":"Article","@id":"https:\/\/wirtschaftlichefreiheit.de\/wordpress\/?p=27277#article","isPartOf":{"@id":"https:\/\/wirtschaftlichefreiheit.de\/wordpress\/?p=27277"},"author":{"name":"Jan Schnellenbach","@id":"https:\/\/wirtschaftlichefreiheit.de\/wordpress\/#\/schema\/person\/b4e3f13ea24d514f6e985c29be203360"},"headline":"Die Corona-Kontroverse (2) Covid-19 und die Grenzen bivariater Korrelationsanalysen","datePublished":"2020-05-09T14:24:53+00:00","dateModified":"2023-09-23T14:08:01+00:00","mainEntityOfPage":{"@id":"https:\/\/wirtschaftlichefreiheit.de\/wordpress\/?p=27277"},"wordCount":1134,"commentCount":8,"image":{"@id":"https:\/\/wirtschaftlichefreiheit.de\/wordpress\/?p=27277#primaryimage"},"thumbnailUrl":"https:\/\/wirtschaftlichefreiheit.de\/wordpress\/bilder\/pandemic-5023039_1920.jpg","keywords":["Corona","Lockdown","Lockerungen","Schnellenbach","Sterbef\u00e4lle","Verschuldung","Zeitreihen"],"articleSection":["Coronavirus","Infekti\u00f6ses","Methodisches","Statistisches","\u00d6konometrisches"],"inLanguage":"de","potentialAction":[{"@type":"CommentAction","name":"Comment","target":["https:\/\/wirtschaftlichefreiheit.de\/wordpress\/?p=27277#respond"]}]},{"@type":"WebPage","@id":"https:\/\/wirtschaftlichefreiheit.de\/wordpress\/?p=27277","url":"https:\/\/wirtschaftlichefreiheit.de\/wordpress\/?p=27277","name":"Die Corona-Kontroverse (2) Covid-19 und die Grenzen bivariater Korrelationsanalysen - Wirtschaftliche Freiheit","isPartOf":{"@id":"https:\/\/wirtschaftlichefreiheit.de\/wordpress\/#website"},"primaryImageOfPage":{"@id":"https:\/\/wirtschaftlichefreiheit.de\/wordpress\/?p=27277#primaryimage"},"image":{"@id":"https:\/\/wirtschaftlichefreiheit.de\/wordpress\/?p=27277#primaryimage"},"thumbnailUrl":"https:\/\/wirtschaftlichefreiheit.de\/wordpress\/bilder\/pandemic-5023039_1920.jpg","datePublished":"2020-05-09T14:24:53+00:00","dateModified":"2023-09-23T14:08:01+00:00","author":{"@id":"https:\/\/wirtschaftlichefreiheit.de\/wordpress\/#\/schema\/person\/b4e3f13ea24d514f6e985c29be203360"},"breadcrumb":{"@id":"https:\/\/wirtschaftlichefreiheit.de\/wordpress\/?p=27277#breadcrumb"},"inLanguage":"de","potentialAction":[{"@type":"ReadAction","target":["https:\/\/wirtschaftlichefreiheit.de\/wordpress\/?p=27277"]}]},{"@type":"ImageObject","inLanguage":"de","@id":"https:\/\/wirtschaftlichefreiheit.de\/wordpress\/?p=27277#primaryimage","url":"https:\/\/wirtschaftlichefreiheit.de\/wordpress\/bilder\/pandemic-5023039_1920.jpg","contentUrl":"https:\/\/wirtschaftlichefreiheit.de\/wordpress\/bilder\/pandemic-5023039_1920.jpg","width":1920,"height":1080},{"@type":"BreadcrumbList","@id":"https:\/\/wirtschaftlichefreiheit.de\/wordpress\/?p=27277#breadcrumb","itemListElement":[{"@type":"ListItem","position":1,"name":"Startseite","item":"https:\/\/wirtschaftlichefreiheit.de\/wordpress"},{"@type":"ListItem","position":2,"name":"Die Corona-Kontroverse (2) Covid-19 und die Grenzen bivariater Korrelationsanalysen"}]},{"@type":"WebSite","@id":"https:\/\/wirtschaftlichefreiheit.de\/wordpress\/#website","url":"https:\/\/wirtschaftlichefreiheit.de\/wordpress\/","name":"Wirtschaftliche Freiheit","description":"Das ordnungspolitische Journal","potentialAction":[{"@type":"SearchAction","target":{"@type":"EntryPoint","urlTemplate":"https:\/\/wirtschaftlichefreiheit.de\/wordpress\/?s={search_term_string}"},"query-input":{"@type":"PropertyValueSpecification","valueRequired":true,"valueName":"search_term_string"}}],"inLanguage":"de"},{"@type":"Person","@id":"https:\/\/wirtschaftlichefreiheit.de\/wordpress\/#\/schema\/person\/b4e3f13ea24d514f6e985c29be203360","name":"Jan Schnellenbach","image":{"@type":"ImageObject","inLanguage":"de","@id":"https:\/\/wirtschaftlichefreiheit.de\/wordpress\/bilder\/jans.png","url":"https:\/\/wirtschaftlichefreiheit.de\/wordpress\/bilder\/jans.png","contentUrl":"https:\/\/wirtschaftlichefreiheit.de\/wordpress\/bilder\/jans.png","caption":"Jan Schnellenbach"},"description":"Brandenburgische Technische Universit\u00e4t Cottbus","url":"https:\/\/wirtschaftlichefreiheit.de\/wordpress\/?author=37"}]}},"_links":{"self":[{"href":"https:\/\/wirtschaftlichefreiheit.de\/wordpress\/index.php?rest_route=\/wp\/v2\/posts\/27277","targetHints":{"allow":["GET"]}}],"collection":[{"href":"https:\/\/wirtschaftlichefreiheit.de\/wordpress\/index.php?rest_route=\/wp\/v2\/posts"}],"about":[{"href":"https:\/\/wirtschaftlichefreiheit.de\/wordpress\/index.php?rest_route=\/wp\/v2\/types\/post"}],"author":[{"embeddable":true,"href":"https:\/\/wirtschaftlichefreiheit.de\/wordpress\/index.php?rest_route=\/wp\/v2\/users\/37"}],"replies":[{"embeddable":true,"href":"https:\/\/wirtschaftlichefreiheit.de\/wordpress\/index.php?rest_route=%2Fwp%2Fv2%2Fcomments&post=27277"}],"version-history":[{"count":6,"href":"https:\/\/wirtschaftlichefreiheit.de\/wordpress\/index.php?rest_route=\/wp\/v2\/posts\/27277\/revisions"}],"predecessor-version":[{"id":34658,"href":"https:\/\/wirtschaftlichefreiheit.de\/wordpress\/index.php?rest_route=\/wp\/v2\/posts\/27277\/revisions\/34658"}],"wp:featuredmedia":[{"embeddable":true,"href":"https:\/\/wirtschaftlichefreiheit.de\/wordpress\/index.php?rest_route=\/wp\/v2\/media\/27279"}],"wp:attachment":[{"href":"https:\/\/wirtschaftlichefreiheit.de\/wordpress\/index.php?rest_route=%2Fwp%2Fv2%2Fmedia&parent=27277"}],"wp:term":[{"taxonomy":"category","embeddable":true,"href":"https:\/\/wirtschaftlichefreiheit.de\/wordpress\/index.php?rest_route=%2Fwp%2Fv2%2Fcategories&post=27277"},{"taxonomy":"post_tag","embeddable":true,"href":"https:\/\/wirtschaftlichefreiheit.de\/wordpress\/index.php?rest_route=%2Fwp%2Fv2%2Ftags&post=27277"}],"curies":[{"name":"wp","href":"https:\/\/api.w.org\/{rel}","templated":true}]}}