{"id":27309,"date":"2020-05-17T00:14:48","date_gmt":"2020-05-16T23:14:48","guid":{"rendered":"http:\/\/wirtschaftlichefreiheit.de\/wordpress\/?p=27309"},"modified":"2020-05-17T07:23:22","modified_gmt":"2020-05-17T06:23:22","slug":"corona-inflation-weiter-vermoegens-statt-gueterinflation","status":"publish","type":"post","link":"https:\/\/wirtschaftlichefreiheit.de\/wordpress\/?p=27309","title":{"rendered":"<font size=3; color=grey>Gastbeitrag <\/font><br\/>Corona-Inflation? <br\/><font size=3; color=grey>Weiter Verm\u00f6gens- statt G\u00fcterinflation <\/font>"},"content":{"rendered":"<div class=\"row\">\n<div class=\"col-lg-9 order-0\">\n<div id=\"bdd16b4b-07be-48d3-b605-ae5273348808\" class=\"row \">\n<div class=\"col-md-12\">\n<div id=\"summary\">\n<div class=\"in collapse show bm-component-card\">\n<div id=\"bm_comp_id_bdd16b4b-07be-48d3-b605-ae5273348808\" class=\"card-body bm-component\" data-bm-component=\"bdd16b4b-07be-48d3-b605-ae5273348808\">\n<p style=\"text-align: right;\">Bild: <span class=\"attribution_field hide-sm hide-md\"><a href=\"https:\/\/pixabay.com\/de\/users\/geralt-9301\/?utm_source=link-attribution&amp;utm_medium=referral&amp;utm_campaign=image&amp;utm_content=593757\">Gerd Altmann<\/a> auf <a href=\"https:\/\/pixabay.com\/de\/?utm_source=link-attribution&amp;utm_medium=referral&amp;utm_campaign=image&amp;utm_content=593757\">Pixabay<\/a><\/span><\/p>\n<p><em>Staaten und Unternehmen verschulden sich in gro\u00dfem Stil, die EZB alimentiert das mit billionenschweren Anleihenk\u00e4ufen. Viele Anleger bef\u00fcrchten, dass in diesem Umfeld die Inflation anzieht. Ich zeige, was an den Bef\u00fcrchtungen dran sein k\u00f6nnte.<\/em><\/p>\n<\/div>\n<\/div>\n<\/div>\n<\/div>\n<\/div>\n<\/div>\n<\/div>\n<p><!--more--><\/p>\n<div class=\"row mt-3\">\n<div class=\"col-lg-9 order-0\">\n<div id=\"body_text\">\n<div id=\"a9cf4dac-f786-4728-9086-8a2966e787b3\" class=\"row \">\n<div class=\"col-md-12\">\n<div id=\"d26804e172\">\n<div class=\"in collapse show bm-component-card\">\n<div id=\"bm_comp_id_a9cf4dac-f786-4728-9086-8a2966e787b3\" class=\"card-body bm-component\" data-bm-component=\"a9cf4dac-f786-4728-9086-8a2966e787b3\">\n<p id=\"h2-bb701d5f-4232-498a-92f8-3c1bc72652d6\" class=\"bm-h2\"><strong>Der eingebrochene \u00d6lpreis und &#8230;<\/strong><\/p>\n<p>Die Staaten st\u00fctzen mit geliehenem Geld die Kaufkraft der Menschen und damit die Nachfrage, die aber wegen Corona auf ein immer noch beschr\u00e4nktes Angebot trifft. Hotels, Restaurants und andere Unternehmen k\u00f6nnten deshalb ihre Preise deutlich anheben. Aber die Inflations-Warner m\u00fcssen sich gedulden. Zun\u00e4chst wird die Inflation n\u00e4mlich vom Einbruch des \u00d6lpreises dominiert. Der hat die Inflation im April zum ersten Mal seit langem unter die Marke von 1% gedr\u00fcckt.<\/p>\n<p id=\"h2-f6a831e7-3ed1-46a0-bc54-ced5806cf57c\" class=\"bm-h2\"><strong>&#8230; die Unterbesch\u00e4ftigung sprechen zun\u00e4chst f\u00fcr niedrige Inflation<\/strong><\/p>\n<p>Dar\u00fcber hinaus bremst die schwierige Lage am Arbeitsmarkt die Inflation. In Deutschland sind bis zu zehn Millionen Menschen von Kurzarbeit betroffen, die Zahl der Arbeitslosen wird weiter zulegen. All das schw\u00e4cht die Verhandlungsposition der Gewerkschaften; die Lohnkosten als der wichtigste inl\u00e4ndische Inflationstreiber sollten kaum noch steigen.<\/p>\n<p id=\"h2-6c29319a-7d71-4b96-876d-0873faae229d\" class=\"bm-h2\"><strong>Aber was ist mit den Milliarden der EZB?<\/strong><\/p>\n<p>Die Inflations-Warner werden einwenden, dass das viele Geld der EZB anders als bisher nicht bei den Banken h\u00e4ngenbleibt, sondern seinen Weg in die Realwirtschaft findet. Tats\u00e4chlich gew\u00e4hren die Banken den notleidenden Unternehmen momentan viele neue Kredite und schreiben diese auf den Konten der Unternehmen gut. So gelangt neues Geld in Umlauf, die Geldmenge M3 ist im M\u00e4rz so stark gestiegen wie zuletzt vor der Finanzkrise. Normalerweise spricht diese Geldflut langfristig f\u00fcr ein Anziehen der Inflation.<\/p>\n<p id=\"h2-34040ea4-992c-46e8-981e-7ce71bf4dc8e\" class=\"bm-h2\"><strong>Die Unternehmen werden die Schulden wieder abbauen<\/strong><\/p>\n<p>Aber die Unternehmen haben mit den Krediten keine ertragreichen Investitionen finanziert, sondern nur Corona bedingte Umsatzausf\u00e4lle ersetzt. Wenn die Epidemie vor\u00fcber ist, werden die Unternehmen alles tun, um die notgedrungen aufgenommen Kredite wieder zur\u00fcckzuzahlen. Die Geldmenge wird wieder schrumpfen \u2013 und damit auch das monet\u00e4re Inflationspotential.<\/p>\n<p style=\"text-align: center;\"><a href=\"\/wordpress\/bilder\/352.png\"><img decoding=\"async\" class=\"centered\" title=\"claschabb1\" src=\"\/wordpress\/bilder\/352.png\" alt=\"claschabb1\" width=\"400\" \/><\/a><\/p>\n<p style=\"text-align: center;\"><small>&#8211; zum Vergr\u00f6\u00dfern bitte auf die Grafik klicken &#8211; <\/small><\/p>\n<p id=\"h2-cfcca95a-38f1-4706-9f2a-2e8c3fd468ca\" class=\"bm-h2\"><strong>Allenfalls die De-Globalisierung spricht f\u00fcr mehr Inflation<\/strong><\/p>\n<p>Ein weiteres h\u00e4ufig zu h\u00f6rendes Argument f\u00fcr eine langfristig h\u00f6here Inflation ist das Zur\u00fcckdr\u00e4ngen der Globalisierung. Tats\u00e4chlich machen viele Unternehmen in der Corona-Krise die leidvolle Erfahrung, dass Lieferungen aus dem Ausland ausfallen. Das spricht ebenso f\u00fcr k\u00fcrzere Lieferketten wie die Neigung vieler W\u00e4hler in Europa und den USA, ihre M\u00e4rkte gegen ausl\u00e4ndische Wettbewerber abzuschotten.<\/p>\n<p>Ein Zur\u00fcckdr\u00e4ngen der Globalisierung wird die Produktion f\u00fcr sich genommen verteuern und spricht grunds\u00e4tzlich f\u00fcr eine h\u00f6here Inflation. Allerdings stockt die Globalisierung schon seit zehn Jahren, ohne dass die Inflation anzieht. Es ist schwer zu prognostizieren, wann die De-Globalisierung die Teuerung steigen l\u00e4sst \u2013 zumal mit der Digitalisierung der n\u00e4chste strukturelle Inflationsd\u00e4mpfer im Hintergrund wirkt.<\/p>\n<p id=\"h2-d080c856-3c60-4730-85ca-24a03f58a842\" class=\"bm-h2\"><strong>Bis auf weiteres Verm\u00f6gens- statt G\u00fcterinflation<\/strong><\/p>\n<p>Alles in allem wird Corona wenig daran \u00e4ndern, dass die Inflation in den kommenden Jahren niedrig bleiben wird. Die Negativzinsen der EZB d\u00fcrften bis auf weiteres nicht die G\u00fcterpreise, sondern die Verm\u00f6genspreise inflationieren.<\/p>\n<p><strong>Blog-Beitrag zum Thema:<\/strong><\/p>\n<p>Norbert Berthold: <a href=\"http:\/\/wirtschaftlichefreiheit.de\/wordpress\/?p=27200\">Im Angesicht des Todes. <\/a><span style=\"color: grey; font-size: medium;\">Sind staatliche Rettungsschirme inflation\u00e4r? <\/span><\/p>\n<\/div>\n<\/div>\n<\/div>\n<\/div>\n<\/div>\n<\/div>\n<\/div>\n<\/div>\n<!-- AddThis Advanced Settings generic via filter on the_content --><!-- AddThis Share Buttons generic via filter on the_content --><!-- AddThis Related Posts generic via filter on the_content -->","protected":false},"excerpt":{"rendered":"<p>Bild: Gerd Altmann auf Pixabay Staaten und Unternehmen verschulden sich in gro\u00dfem Stil, die EZB alimentiert das mit billionenschweren Anleihenk\u00e4ufen. Viele Anleger bef\u00fcrchten, dass in &hellip; <\/p>\n<p class=\"link-more\"><a href=\"https:\/\/wirtschaftlichefreiheit.de\/wordpress\/?p=27309\" class=\"more-link\"><span class=\"screen-reader-text\">\u201e<font size=3; color=grey>Gastbeitrag <\/font><br \/>Corona-Inflation? <br \/><font size=3; color=grey>Weiter Verm\u00f6gens- statt G\u00fcterinflation <\/font>\u201c <\/span>weiterlesen<\/a><\/p>\n<p><!-- AddThis Advanced Settings generic via filter on wp_trim_excerpt --><!-- AddThis Share Buttons generic via filter on wp_trim_excerpt --><!-- AddThis Related Posts generic via filter on wp_trim_excerpt --><\/p>\n","protected":false},"author":323,"featured_media":27313,"comment_status":"open","ping_status":"open","sticky":false,"template":"","format":"standard","meta":{"footnotes":""},"categories":[3358,1897,1705,12],"tags":[3418,3499,121,196,141,3269,851],"class_list":["post-27309","post","type-post","status-publish","format-standard","has-post-thumbnail","hentry","category-coronavirus","category-geldpolitisches","category-inflationaeres","category-monetares","tag-corona","tag-de-globalisierung","tag-ezb","tag-geldpolitik","tag-inflation","tag-kraemer","tag-schulden"],"yoast_head":"<!-- This site is optimized with the Yoast SEO plugin v27.2 - https:\/\/yoast.com\/product\/yoast-seo-wordpress\/ -->\n<title>Gastbeitrag Corona-Inflation? Weiter Verm\u00f6gens- statt G\u00fcterinflation  - Wirtschaftliche Freiheit<\/title>\n<meta name=\"robots\" content=\"index, follow, max-snippet:-1, max-image-preview:large, max-video-preview:-1\" \/>\n<link rel=\"canonical\" href=\"https:\/\/wirtschaftlichefreiheit.de\/wordpress\/?p=27309\" \/>\n<meta property=\"og:locale\" content=\"de_DE\" \/>\n<meta property=\"og:type\" content=\"article\" \/>\n<meta property=\"og:title\" content=\"Gastbeitrag Corona-Inflation? Weiter Verm\u00f6gens- statt G\u00fcterinflation  - Wirtschaftliche Freiheit\" \/>\n<meta property=\"og:description\" content=\"Bild: Gerd Altmann auf Pixabay Staaten und Unternehmen verschulden sich in gro\u00dfem Stil, die EZB alimentiert das mit billionenschweren Anleihenk\u00e4ufen. Viele Anleger bef\u00fcrchten, dass in &hellip; \u201eGastbeitrag Corona-Inflation? Weiter Verm\u00f6gens- statt G\u00fcterinflation \u201c weiterlesen\" \/>\n<meta property=\"og:url\" content=\"https:\/\/wirtschaftlichefreiheit.de\/wordpress\/?p=27309\" \/>\n<meta property=\"og:site_name\" content=\"Wirtschaftliche Freiheit\" \/>\n<meta property=\"article:published_time\" content=\"2020-05-16T23:14:48+00:00\" \/>\n<meta property=\"article:modified_time\" content=\"2020-05-17T06:23:22+00:00\" \/>\n<meta property=\"og:image\" content=\"https:\/\/wirtschaftlichefreiheit.de\/wordpress\/bilder\/euro-593757_1920.jpg\" \/>\n\t<meta property=\"og:image:width\" content=\"1920\" \/>\n\t<meta property=\"og:image:height\" content=\"1357\" \/>\n\t<meta property=\"og:image:type\" content=\"image\/jpeg\" \/>\n<meta name=\"author\" content=\"J\u00f6rg Kr\u00e4mer\" \/>\n<meta name=\"twitter:card\" content=\"summary_large_image\" \/>\n<meta name=\"twitter:label1\" content=\"Verfasst von\" \/>\n\t<meta name=\"twitter:data1\" content=\"J\u00f6rg Kr\u00e4mer\" \/>\n\t<meta name=\"twitter:label2\" content=\"Gesch\u00e4tzte Lesezeit\" \/>\n\t<meta name=\"twitter:data2\" content=\"3\u00a0Minuten\" \/>\n<script type=\"application\/ld+json\" class=\"yoast-schema-graph\">{\"@context\":\"https:\/\/schema.org\",\"@graph\":[{\"@type\":\"Article\",\"@id\":\"https:\/\/wirtschaftlichefreiheit.de\/wordpress\/?p=27309#article\",\"isPartOf\":{\"@id\":\"https:\/\/wirtschaftlichefreiheit.de\/wordpress\/?p=27309\"},\"author\":{\"name\":\"J\u00f6rg Kr\u00e4mer\",\"@id\":\"https:\/\/wirtschaftlichefreiheit.de\/wordpress\/#\/schema\/person\/fd5c106a98459af272f71e1312f49eec\"},\"headline\":\"Gastbeitrag Corona-Inflation? Weiter Verm\u00f6gens- statt G\u00fcterinflation\",\"datePublished\":\"2020-05-16T23:14:48+00:00\",\"dateModified\":\"2020-05-17T06:23:22+00:00\",\"mainEntityOfPage\":{\"@id\":\"https:\/\/wirtschaftlichefreiheit.de\/wordpress\/?p=27309\"},\"wordCount\":539,\"commentCount\":1,\"image\":{\"@id\":\"https:\/\/wirtschaftlichefreiheit.de\/wordpress\/?p=27309#primaryimage\"},\"thumbnailUrl\":\"https:\/\/wirtschaftlichefreiheit.de\/wordpress\/bilder\/euro-593757_1920.jpg\",\"keywords\":[\"Corona\",\"De-Globalisierung\",\"EZB\",\"Geldpolitik\",\"Inflation\",\"Kr\u00e4mer\",\"Schulden\"],\"articleSection\":[\"Coronavirus\",\"Geldpolitisches\",\"Inflation\u00e4res\",\"Monet\u00e4res\"],\"inLanguage\":\"de\",\"potentialAction\":[{\"@type\":\"CommentAction\",\"name\":\"Comment\",\"target\":[\"https:\/\/wirtschaftlichefreiheit.de\/wordpress\/?p=27309#respond\"]}]},{\"@type\":\"WebPage\",\"@id\":\"https:\/\/wirtschaftlichefreiheit.de\/wordpress\/?p=27309\",\"url\":\"https:\/\/wirtschaftlichefreiheit.de\/wordpress\/?p=27309\",\"name\":\"Gastbeitrag Corona-Inflation? Weiter Verm\u00f6gens- statt G\u00fcterinflation - Wirtschaftliche Freiheit\",\"isPartOf\":{\"@id\":\"https:\/\/wirtschaftlichefreiheit.de\/wordpress\/#website\"},\"primaryImageOfPage\":{\"@id\":\"https:\/\/wirtschaftlichefreiheit.de\/wordpress\/?p=27309#primaryimage\"},\"image\":{\"@id\":\"https:\/\/wirtschaftlichefreiheit.de\/wordpress\/?p=27309#primaryimage\"},\"thumbnailUrl\":\"https:\/\/wirtschaftlichefreiheit.de\/wordpress\/bilder\/euro-593757_1920.jpg\",\"datePublished\":\"2020-05-16T23:14:48+00:00\",\"dateModified\":\"2020-05-17T06:23:22+00:00\",\"author\":{\"@id\":\"https:\/\/wirtschaftlichefreiheit.de\/wordpress\/#\/schema\/person\/fd5c106a98459af272f71e1312f49eec\"},\"breadcrumb\":{\"@id\":\"https:\/\/wirtschaftlichefreiheit.de\/wordpress\/?p=27309#breadcrumb\"},\"inLanguage\":\"de\",\"potentialAction\":[{\"@type\":\"ReadAction\",\"target\":[\"https:\/\/wirtschaftlichefreiheit.de\/wordpress\/?p=27309\"]}]},{\"@type\":\"ImageObject\",\"inLanguage\":\"de\",\"@id\":\"https:\/\/wirtschaftlichefreiheit.de\/wordpress\/?p=27309#primaryimage\",\"url\":\"https:\/\/wirtschaftlichefreiheit.de\/wordpress\/bilder\/euro-593757_1920.jpg\",\"contentUrl\":\"https:\/\/wirtschaftlichefreiheit.de\/wordpress\/bilder\/euro-593757_1920.jpg\",\"width\":1920,\"height\":1357},{\"@type\":\"BreadcrumbList\",\"@id\":\"https:\/\/wirtschaftlichefreiheit.de\/wordpress\/?p=27309#breadcrumb\",\"itemListElement\":[{\"@type\":\"ListItem\",\"position\":1,\"name\":\"Startseite\",\"item\":\"https:\/\/wirtschaftlichefreiheit.de\/wordpress\"},{\"@type\":\"ListItem\",\"position\":2,\"name\":\"Gastbeitrag Corona-Inflation? Weiter Verm\u00f6gens- statt G\u00fcterinflation\"}]},{\"@type\":\"WebSite\",\"@id\":\"https:\/\/wirtschaftlichefreiheit.de\/wordpress\/#website\",\"url\":\"https:\/\/wirtschaftlichefreiheit.de\/wordpress\/\",\"name\":\"Wirtschaftliche Freiheit\",\"description\":\"Das ordnungspolitische Journal\",\"potentialAction\":[{\"@type\":\"SearchAction\",\"target\":{\"@type\":\"EntryPoint\",\"urlTemplate\":\"https:\/\/wirtschaftlichefreiheit.de\/wordpress\/?s={search_term_string}\"},\"query-input\":{\"@type\":\"PropertyValueSpecification\",\"valueRequired\":true,\"valueName\":\"search_term_string\"}}],\"inLanguage\":\"de\"},{\"@type\":\"Person\",\"@id\":\"https:\/\/wirtschaftlichefreiheit.de\/wordpress\/#\/schema\/person\/fd5c106a98459af272f71e1312f49eec\",\"name\":\"J\u00f6rg Kr\u00e4mer\",\"image\":{\"@type\":\"ImageObject\",\"inLanguage\":\"de\",\"@id\":\"https:\/\/wirtschaftlichefreiheit.de\/wordpress\/bilder\/1567504157893.jpg\",\"url\":\"https:\/\/wirtschaftlichefreiheit.de\/wordpress\/bilder\/1567504157893.jpg\",\"contentUrl\":\"https:\/\/wirtschaftlichefreiheit.de\/wordpress\/bilder\/1567504157893.jpg\",\"caption\":\"J\u00f6rg Kr\u00e4mer\"},\"description\":\"Commerzbank AG\",\"url\":\"https:\/\/wirtschaftlichefreiheit.de\/wordpress\/?author=323\"}]}<\/script>\n<!-- \/ Yoast SEO plugin. -->","yoast_head_json":{"title":"Gastbeitrag Corona-Inflation? Weiter Verm\u00f6gens- statt G\u00fcterinflation  - Wirtschaftliche Freiheit","robots":{"index":"index","follow":"follow","max-snippet":"max-snippet:-1","max-image-preview":"max-image-preview:large","max-video-preview":"max-video-preview:-1"},"canonical":"https:\/\/wirtschaftlichefreiheit.de\/wordpress\/?p=27309","og_locale":"de_DE","og_type":"article","og_title":"Gastbeitrag Corona-Inflation? Weiter Verm\u00f6gens- statt G\u00fcterinflation  - Wirtschaftliche Freiheit","og_description":"Bild: Gerd Altmann auf Pixabay Staaten und Unternehmen verschulden sich in gro\u00dfem Stil, die EZB alimentiert das mit billionenschweren Anleihenk\u00e4ufen. Viele Anleger bef\u00fcrchten, dass in &hellip; \u201eGastbeitrag Corona-Inflation? Weiter Verm\u00f6gens- statt G\u00fcterinflation \u201c weiterlesen","og_url":"https:\/\/wirtschaftlichefreiheit.de\/wordpress\/?p=27309","og_site_name":"Wirtschaftliche Freiheit","article_published_time":"2020-05-16T23:14:48+00:00","article_modified_time":"2020-05-17T06:23:22+00:00","og_image":[{"width":1920,"height":1357,"url":"https:\/\/wirtschaftlichefreiheit.de\/wordpress\/bilder\/euro-593757_1920.jpg","type":"image\/jpeg"}],"author":"J\u00f6rg Kr\u00e4mer","twitter_card":"summary_large_image","twitter_misc":{"Verfasst von":"J\u00f6rg Kr\u00e4mer","Gesch\u00e4tzte Lesezeit":"3\u00a0Minuten"},"schema":{"@context":"https:\/\/schema.org","@graph":[{"@type":"Article","@id":"https:\/\/wirtschaftlichefreiheit.de\/wordpress\/?p=27309#article","isPartOf":{"@id":"https:\/\/wirtschaftlichefreiheit.de\/wordpress\/?p=27309"},"author":{"name":"J\u00f6rg Kr\u00e4mer","@id":"https:\/\/wirtschaftlichefreiheit.de\/wordpress\/#\/schema\/person\/fd5c106a98459af272f71e1312f49eec"},"headline":"Gastbeitrag Corona-Inflation? Weiter Verm\u00f6gens- statt G\u00fcterinflation","datePublished":"2020-05-16T23:14:48+00:00","dateModified":"2020-05-17T06:23:22+00:00","mainEntityOfPage":{"@id":"https:\/\/wirtschaftlichefreiheit.de\/wordpress\/?p=27309"},"wordCount":539,"commentCount":1,"image":{"@id":"https:\/\/wirtschaftlichefreiheit.de\/wordpress\/?p=27309#primaryimage"},"thumbnailUrl":"https:\/\/wirtschaftlichefreiheit.de\/wordpress\/bilder\/euro-593757_1920.jpg","keywords":["Corona","De-Globalisierung","EZB","Geldpolitik","Inflation","Kr\u00e4mer","Schulden"],"articleSection":["Coronavirus","Geldpolitisches","Inflation\u00e4res","Monet\u00e4res"],"inLanguage":"de","potentialAction":[{"@type":"CommentAction","name":"Comment","target":["https:\/\/wirtschaftlichefreiheit.de\/wordpress\/?p=27309#respond"]}]},{"@type":"WebPage","@id":"https:\/\/wirtschaftlichefreiheit.de\/wordpress\/?p=27309","url":"https:\/\/wirtschaftlichefreiheit.de\/wordpress\/?p=27309","name":"Gastbeitrag Corona-Inflation? Weiter Verm\u00f6gens- statt G\u00fcterinflation - Wirtschaftliche Freiheit","isPartOf":{"@id":"https:\/\/wirtschaftlichefreiheit.de\/wordpress\/#website"},"primaryImageOfPage":{"@id":"https:\/\/wirtschaftlichefreiheit.de\/wordpress\/?p=27309#primaryimage"},"image":{"@id":"https:\/\/wirtschaftlichefreiheit.de\/wordpress\/?p=27309#primaryimage"},"thumbnailUrl":"https:\/\/wirtschaftlichefreiheit.de\/wordpress\/bilder\/euro-593757_1920.jpg","datePublished":"2020-05-16T23:14:48+00:00","dateModified":"2020-05-17T06:23:22+00:00","author":{"@id":"https:\/\/wirtschaftlichefreiheit.de\/wordpress\/#\/schema\/person\/fd5c106a98459af272f71e1312f49eec"},"breadcrumb":{"@id":"https:\/\/wirtschaftlichefreiheit.de\/wordpress\/?p=27309#breadcrumb"},"inLanguage":"de","potentialAction":[{"@type":"ReadAction","target":["https:\/\/wirtschaftlichefreiheit.de\/wordpress\/?p=27309"]}]},{"@type":"ImageObject","inLanguage":"de","@id":"https:\/\/wirtschaftlichefreiheit.de\/wordpress\/?p=27309#primaryimage","url":"https:\/\/wirtschaftlichefreiheit.de\/wordpress\/bilder\/euro-593757_1920.jpg","contentUrl":"https:\/\/wirtschaftlichefreiheit.de\/wordpress\/bilder\/euro-593757_1920.jpg","width":1920,"height":1357},{"@type":"BreadcrumbList","@id":"https:\/\/wirtschaftlichefreiheit.de\/wordpress\/?p=27309#breadcrumb","itemListElement":[{"@type":"ListItem","position":1,"name":"Startseite","item":"https:\/\/wirtschaftlichefreiheit.de\/wordpress"},{"@type":"ListItem","position":2,"name":"Gastbeitrag Corona-Inflation? Weiter Verm\u00f6gens- statt G\u00fcterinflation"}]},{"@type":"WebSite","@id":"https:\/\/wirtschaftlichefreiheit.de\/wordpress\/#website","url":"https:\/\/wirtschaftlichefreiheit.de\/wordpress\/","name":"Wirtschaftliche Freiheit","description":"Das ordnungspolitische Journal","potentialAction":[{"@type":"SearchAction","target":{"@type":"EntryPoint","urlTemplate":"https:\/\/wirtschaftlichefreiheit.de\/wordpress\/?s={search_term_string}"},"query-input":{"@type":"PropertyValueSpecification","valueRequired":true,"valueName":"search_term_string"}}],"inLanguage":"de"},{"@type":"Person","@id":"https:\/\/wirtschaftlichefreiheit.de\/wordpress\/#\/schema\/person\/fd5c106a98459af272f71e1312f49eec","name":"J\u00f6rg Kr\u00e4mer","image":{"@type":"ImageObject","inLanguage":"de","@id":"https:\/\/wirtschaftlichefreiheit.de\/wordpress\/bilder\/1567504157893.jpg","url":"https:\/\/wirtschaftlichefreiheit.de\/wordpress\/bilder\/1567504157893.jpg","contentUrl":"https:\/\/wirtschaftlichefreiheit.de\/wordpress\/bilder\/1567504157893.jpg","caption":"J\u00f6rg Kr\u00e4mer"},"description":"Commerzbank AG","url":"https:\/\/wirtschaftlichefreiheit.de\/wordpress\/?author=323"}]}},"_links":{"self":[{"href":"https:\/\/wirtschaftlichefreiheit.de\/wordpress\/index.php?rest_route=\/wp\/v2\/posts\/27309","targetHints":{"allow":["GET"]}}],"collection":[{"href":"https:\/\/wirtschaftlichefreiheit.de\/wordpress\/index.php?rest_route=\/wp\/v2\/posts"}],"about":[{"href":"https:\/\/wirtschaftlichefreiheit.de\/wordpress\/index.php?rest_route=\/wp\/v2\/types\/post"}],"author":[{"embeddable":true,"href":"https:\/\/wirtschaftlichefreiheit.de\/wordpress\/index.php?rest_route=\/wp\/v2\/users\/323"}],"replies":[{"embeddable":true,"href":"https:\/\/wirtschaftlichefreiheit.de\/wordpress\/index.php?rest_route=%2Fwp%2Fv2%2Fcomments&post=27309"}],"version-history":[{"count":8,"href":"https:\/\/wirtschaftlichefreiheit.de\/wordpress\/index.php?rest_route=\/wp\/v2\/posts\/27309\/revisions"}],"predecessor-version":[{"id":27346,"href":"https:\/\/wirtschaftlichefreiheit.de\/wordpress\/index.php?rest_route=\/wp\/v2\/posts\/27309\/revisions\/27346"}],"wp:featuredmedia":[{"embeddable":true,"href":"https:\/\/wirtschaftlichefreiheit.de\/wordpress\/index.php?rest_route=\/wp\/v2\/media\/27313"}],"wp:attachment":[{"href":"https:\/\/wirtschaftlichefreiheit.de\/wordpress\/index.php?rest_route=%2Fwp%2Fv2%2Fmedia&parent=27309"}],"wp:term":[{"taxonomy":"category","embeddable":true,"href":"https:\/\/wirtschaftlichefreiheit.de\/wordpress\/index.php?rest_route=%2Fwp%2Fv2%2Fcategories&post=27309"},{"taxonomy":"post_tag","embeddable":true,"href":"https:\/\/wirtschaftlichefreiheit.de\/wordpress\/index.php?rest_route=%2Fwp%2Fv2%2Ftags&post=27309"}],"curies":[{"name":"wp","href":"https:\/\/api.w.org\/{rel}","templated":true}]}}