{"id":27317,"date":"2020-05-24T00:01:55","date_gmt":"2020-05-23T23:01:55","guid":{"rendered":"http:\/\/wirtschaftlichefreiheit.de\/wordpress\/?p=27317"},"modified":"2020-05-24T06:45:10","modified_gmt":"2020-05-24T05:45:10","slug":"gastbeitrag-deutsche-industrie-corona-krise-ueberdeckt-strukturelle-standortprobleme","status":"publish","type":"post","link":"https:\/\/wirtschaftlichefreiheit.de\/wordpress\/?p=27317","title":{"rendered":"<font size=3; color=grey>Gastbeitrag <\/font><br\/>Deutsche Industrie <br\/><font size=3; color=3>Corona-Krise \u00fcberdeckt strukturelle Standortprobleme<\/font>"},"content":{"rendered":"<p style=\"text-align: right;\">Bild: <span class=\"attribution_field hide-sm hide-md\"><a href=\"https:\/\/pixabay.com\/de\/users\/SD-Pictures-3553481\/?utm_source=link-attribution&amp;utm_medium=referral&amp;utm_campaign=image&amp;utm_content=1752876\">Ralf Vetterle<\/a> auf <a href=\"https:\/\/pixabay.com\/de\/?utm_source=link-attribution&amp;utm_medium=referral&amp;utm_campaign=image&amp;utm_content=1752876\">Pixabay<\/a><\/span><\/p>\n<p><em>Gesellschaft und Wirtschaft werden lernen, mit dem Coronavirus zu leben und dabei gesundheitliche, soziale und wirtschaftliche Risiken abzuw\u00e4gen. Letztlich werden sie sich also anpassen. Wenn die Corona-Krise nicht l\u00e4nger der alles dominierende Faktor ist, treten (andere) strukturelle Aspekte wieder vermehrt in den Vordergrund.<\/em><\/p>\n<p><!--more--><\/p>\n<p>Grunds\u00e4tzlich sehen wir die Gefahr, dass Deutschlands Attraktivit\u00e4t als Industriestandort in den n\u00e4chsten Jahren sinkt. Auf der Kostenseite haben sich einige Standortfaktoren in den letzten Jahren verschlechtert. Die Lohnkosten sowie die durchschnittlichen Steuers\u00e4tze f\u00fcr Kapitalgesellschaften liegen auf internationalem Spitzenniveau. Zudem m\u00fcssen gro\u00dfe Teile der Industrie im internationalen Vergleich hohe Strompreise zahlen. Energieintensive Unternehmen leiden unter den Unsicherheiten \u00fcber die langfristige Ausrichtung der deutschen und europ\u00e4ischen Klima- und Energiepolitik. Der Kapitalstock in Deutschland schrumpft in diesen Sektoren seit Jahren, eine Trendwende ist nicht in Sicht. In der Chemieindustrie f\u00fchrt dies bereits zu einer strukturell sinkenden Produktion in Deutschland. Auch die Metallerzeugung wird in Deutschland wohl nicht mehr wachsen.<\/p>\n<p style=\"text-align: center;\"><a href=\"\/wordpress\/bilder\/353.png\"><img decoding=\"async\" class=\"centered\" title=\"claschabb1\" src=\"\/wordpress\/bilder\/353.png\" alt=\"claschabb1\" width=\"400\" \/><\/a><\/p>\n<p style=\"text-align: center;\"><small>&#8211; zum Vergr\u00f6\u00dfern bitte auf die Grafik klicken &#8211; <\/small><\/p>\n<p>Zwar ist die gesamtwirtschaftliche Bedeutung der Industrie in Deutschland nach wie vor h\u00f6her als im Durchschnitt der EU (Wertsch\u00f6pfungsanteil 2019: 15,6%) oder in einzelnen EU-L\u00e4ndern (z.B. Frankreich: 10,9%). Die r\u00fcckl\u00e4ufige Tendenz der letzten drei Jahre (also vor Corona) ist jedoch ein Warnsignal.<\/p>\n<p style=\"text-align: center;\"><a href=\"\/wordpress\/bilder\/354.png\"><img decoding=\"async\" class=\"centered\" title=\"claschabb1\" src=\"\/wordpress\/bilder\/354.png\" alt=\"claschabb1\" width=\"400\" \/><\/a><\/p>\n<p style=\"text-align: center;\"><small>&#8211; zum Vergr\u00f6\u00dfern bitte auf die Grafik klicken &#8211; <\/small><\/p>\n<p style=\"text-align: center;\"><a href=\"\/wordpress\/bilder\/355.png\"><img decoding=\"async\" class=\"centered\" title=\"claschabb1\" src=\"\/wordpress\/bilder\/355.png\" alt=\"claschabb1\" width=\"400\" \/><\/a><\/p>\n<p style=\"text-align: center;\"><small>&#8211; zum Vergr\u00f6\u00dfern bitte auf die Grafik klicken &#8211; <\/small><\/p>\n<p>Bei einem Blick auf das Investitionsverhalten auf Branchenebene wird das Warnsignal noch deutlicher: In den letzten Jahren trug vor allem die Automobilindustrie zu der positiven Entwicklung der Nettoanlageinvestitionen im Verarbeitenden Gewerbe bei. Mit gro\u00dfem Abstand folgen die Pharmaindustrie sowie der Maschinenbau. In vielen anderen Sektoren sind die Nettoanlageinvestitionen h\u00e4ufig nur marginal positiv oder gar negativ. In der Automobilindustrie besteht die Gefahr (f\u00fcr den Standort Deutschland), dass Investitionen in Produktionsstandorte k\u00fcnftig noch mehr als bislang im Ausland und weniger im Inland get\u00e4tigt werden, um steigende Kosten (z.B. Investitionen in alternative Antriebe wegen CO<sub>2<\/sub>-Regulierung, Arbeitskosten) abzufedern.<\/p>\n<p>Fest steht, dass die Bedeutung von Investitionen in Forschung und Entwicklung im Verh\u00e4ltnis zu den Investitionen in Maschinen und Ausr\u00fcstungen sowie in Bauten weiter steigen wird. Angesichts der demografischen Entwicklung in Deutschland ist es eine enorme strukturelle Herausforderung, hierf\u00fcr hoch qualifizierte Fachkr\u00e4fte zu finden und dauerhaft zu binden.<\/p>\n<p><span style=\"color: #3366ff;\"><strong>Corona-Krise als guter Anlass f\u00fcr Strukturreformen<\/strong><\/span><\/p>\n<p>Politik und Industrieunternehmen d\u00fcrften und sollten die Corona-Krise zum Anlass nehmen, politische Weichenstellungen vorzunehmen und Strukturreformen auf den Weg zu bringen.<\/p>\n<ul>\n<li><span style=\"color: #3366ff;\">\u00dcberpr\u00fcfung der Wertsch\u00f6pfungsketten<\/span><\/li>\n<\/ul>\n<p>Die Unternehmen werden ihre internationalen Wertsch\u00f6pfungsketten hinsichtlich ihrer Verletzlichkeit gegen\u00fcber externen Schocks \u00fcberpr\u00fcfen. Es wird zu einem Abw\u00e4gen zwischen dem Risiko einer dauerhaften Unterbrechung der Lieferketten auf der einen Seite und den Kosten f\u00fcr das Vorhalten von Ersatzkapazit\u00e4ten oder f\u00fcr das Aufteilen der Produktion auf mehrere Standorte (weniger Gr\u00f6\u00dfenvorteile) kommen. Standortentscheidungen werden neu adjustiert. Diese Entscheidungen d\u00fcrften bei besonders sensiblen Vorprodukten durchaus zugunsten von Deutschland bzw. heimatnaher Standorte ausfallen. In manchen Bereichen \u2013 z.B. bei Erzeugnissen aus dem Gesundheitswesen \u2013 d\u00fcrfte die Politik ein Interesse daran haben, dass diese zu einem gr\u00f6\u00dferen Teil (auch) in Deutschland produziert werden. Die Versorgungsengp\u00e4sse bei medizinischer Schutzausr\u00fcstung in der Corona-Krise verdeutlichen diese Notwendigkeit.<\/p>\n<ul>\n<li><span style=\"color: #3366ff;\">Steuerpolitik<\/span><\/li>\n<\/ul>\n<p>Auch die Politik wird bestrebt sein, das Hochfahren der Wirtschaft durch strukturelle Ma\u00dfnahmen zu begleiten. Zwar gibt es erste politische Pl\u00e4doyers f\u00fcr eine Senkung der Unternehmenssteuern bzw. eine vorgezogene und vollst\u00e4ndige Abschaffung des Solidarit\u00e4tszuschlags. Angesichts der anstehenden Zunahme der Staatsverschuldung sowie der politischem Mehrheiten erscheint dies aus heutiger Sicht aber wenig wahrscheinlich. Gleichwohl k\u00f6nnte eine Ausweitung der steuerlichen Forschungsf\u00f6rderung (Anhebung der f\u00f6rderf\u00e4higen Bemessungsgrundlage auf mehr als EUR 2 Mio. pro Unternehmen und Jahr), verbesserte Abschreibungsregeln oder die steuerliche F\u00f6rderung von Investitionen in den Bereich Energieeffizienz und Klimaschutz die Wirtschaft stimulieren. Gerade das Thema Forschung ist von immenser Bedeutung, entfallen doch weit mehr als 80% aller F&amp;E-Aufwendungen in Deutschland auf das Verarbeitende Gewerbe.<\/p>\n<ul>\n<li><span style=\"color: #3366ff;\">Arbeitsmarktpolitik<\/span><\/li>\n<\/ul>\n<p>Die Corona-Krise zeigt erneut: Instrumente, die die Flexibilit\u00e4t des Arbeitsmarktes erh\u00f6hen, tragen enorm dazu bei, nicht nur konjunkturelle Krisen, sondern auch massive externe Schocks abzufedern. Wie bereits erw\u00e4hnt, liegt der Vorteil des staatlichen Instruments der Kurzarbeit darin, die Belegschaften bei einer Krise von begrenzter Dauer in den Unternehmen halten zu k\u00f6nnen. Auf Seiten der Unternehmen erh\u00f6hen Arbeitszeitkonten oder der Einsatz von Leiharbeit die Flexibilit\u00e4t. Letztlich muss man sich stets vor Augen f\u00fchren, dass ein starrer Arbeitsmarkt und zugleich hohe absolute Lohnkosten auf Dauer f\u00fcr viele Unternehmen wirtschaftlich nicht tragf\u00e4hig sind. Die Flexibilit\u00e4t im Arbeitsmarkt ist gewisserma\u00dfen das Gegenst\u00fcck zu den hohen Industriel\u00f6hnen in Deutschland. Insofern sollte die Politik bei allen arbeitsmarktpolitischen Ma\u00dfnahmen bedenken, dass weniger Flexibilit\u00e4t bei Arbeitszeiten und Leiharbeit dem Standort und damit den Besch\u00e4ftigten dauerhaft schaden kann.<\/p>\n<ul>\n<li><span style=\"color: #3366ff;\">Klima- und Energiepolitik<\/span><\/li>\n<\/ul>\n<p>Die Corona-Krise w\u00e4re ferner ein guter Zeitpunkt, in der Klima- und Energiepolitik st\u00e4rker auf Effizienz und Effektivit\u00e4t zu setzen. Das bedeutet: Der Staat sollte weniger auf Ordnungsrecht (Gebote, Verbote, Quoten, Grenzwerte) und technologiespezifische Subventionen und daf\u00fcr mehr auf marktwirtschaftliche Instrumente setzen (also CO<sub>2<\/sub>-Steuer oder den Emissionshandel). Mit dem Klimapaket der Bundesregierung sind bereits erste Schritte in diese Richtung vorgenommen worden. Es beinhaltet eine einheitliche Bepreisung von CO<sub>2<\/sub>-Emissionen aus dem Verkehrssektor und W\u00e4rmemarkt (Geb\u00e4ude). Stattdessen sinkt der Anteil staatlicher Steuern und Geb\u00fchren am Strompreis, was zu begr\u00fc\u00dfen ist. Gleichzeitig wird die einheitliche CO<sub>2<\/sub>-Bepreisung jedoch durch ordnungsrechtliche Elemente und technologiespezifische Subventionen konterkariert. Statt neue Instrumente dieser Art einzuf\u00fchren, sollten die existierenden Regelungen vor allem dann schneller zur\u00fcckgefahren werden, wenn sie den Prinzipien von \u00f6konomischer Effizienz und \u00f6kologischer Effektivit\u00e4t nicht gen\u00fcgen.<\/p>\n<p>Falls der Staat auch k\u00fcnftig bestimmte Technologien subventionieren m\u00f6chte, was zu erwarten ist, sollten diese aus allgemeinen Haushaltsmitteln und nicht \u00fcber den Strom- oder andere Energiepreise finanziert werden. Die Finanzierung des Ausbaus der erneuerbaren Energien \u00fcber den Strompreis (EEG-Umlage) und die langfristigen Unsicherheiten bez\u00fcglich der Ausnahmeregelungen f\u00fcr energieintensive Betriebe im Rahmen des EEG wirken sich negativ auf die Wettbewerbsf\u00e4higkeit der Unternehmen sowie deren Investitionsneigung in Deutschland aus. Zudem ist eine Finanzierung von Subventionen f\u00fcr Klimaschutztechnologien \u00fcber Energiepreise aus sozialer Sicht bedenklich, denn \u00e4rmere Bev\u00f6lkerungsschichten geben in der Regel einen h\u00f6heren Anteil ihres Einkommens f\u00fcr Energie aus. Die Finanzierung klima- und energiepolitischer Ma\u00dfnahmen aus allgemeinen Steuermitteln w\u00e4re auch aus demokratischer Sicht w\u00fcnschenswert. Denn dann m\u00fcssten sich diese Ausgaben in der j\u00e4hrlichen Haushaltsdebatte immer wieder gegen staatliche Ausgaben f\u00fcr Gesundheit, Bildung, Forschung und Entwicklung, innere und \u00e4u\u00dfere Sicherheit, Infrastruktur, soziale Wohltaten oder f\u00fcr andere Zwecke durchsetzen. Es w\u00fcrde damit die demokratische Legitimierung klima- und energiepolitischer Ma\u00dfnahmen erh\u00f6hen.<\/p>\n<p><strong><span style=\"color: #3366ff;\">R\u00fcckkehr zu fr\u00fcheren Hochst\u00e4nden bei der Industrieproduktion in Deutschland unsicher<\/span><\/strong><\/p>\n<p>Das Jahr 2018 markiert bislang den h\u00f6chsten Stand der Produktionst\u00e4tigkeit des Verarbeitenden Gewerbes in Deutschland. Dieses Niveau d\u00fcrfte 2021 noch nicht wieder erreicht werden. Ob und wie schnell die Industrie in Deutschland in den Jahren danach an das Produktionsvolumen von 2018 ankn\u00fcpfen bzw. dieses \u00fcbertreffen kann, h\u00e4ngt nicht zuletzt von den strukturellen Standortfaktoren ab, die die Politik ma\u00dfgeblich beeinflussen wird. Werden die standortspezifischen Strukturprobleme, die in den letzten Jahren schleichend gr\u00f6\u00dfer geworden sind, nicht entschlossen angegangen, droht eine dauerhafte Schw\u00e4chephase der Industrie in Deutschland.<\/p>\n<p>In einer solchen Schw\u00e4chephase w\u00fcrde die wirtschaftliche Entwicklung des Verarbeitenden Gewerbes in Deutschland in den kommenden Jahren deutlich schlechter verlaufen als jene der deutschen Industrieunternehmen. Diese k\u00f6nnen ihre Standortentscheidungen n\u00e4mlich flexibel nach den jeweils f\u00fcr sie wichtigen Standortkriterien treffen und m\u00fcssen sich nicht dauerhaft an ihren Heimatstandort gebunden f\u00fchlen. Man w\u00fcrde also immer st\u00e4rker den Unterscheid zwischen der Industrie in Deutschland und der deutschen Industrie bemerken. Sollten strategische Investoren aus dem Ausland deutsche Industrieunternehmen k\u00fcnftig vermehrt \u00fcbernehmen, k\u00f6nnte sich die historisch gewachsene Verbundenheit zum Standort Deutschland vor allem bei neuen Investitionsentscheidungen lockern. Dies ist ausdr\u00fccklich kein Pl\u00e4doyer daf\u00fcr, ausl\u00e4ndischen Investoren den Zugang zum deutschen Markt zu verwehren. Bei guten Standortbedingungen in Deutschland w\u00fcrden diese n\u00e4mlich auch hierzulande investieren. Letztlich sollte die Politik nicht das Ende der Corona-Krise abwarten, um den Industriestandort in den Kernbereichen Steuern, Arbeitsmarkt sowie Klima- und Energiepolitik strukturell zu st\u00e4rken.<\/p>\n<p><strong><span style=\"color: #3366ff;\">Sinkender Industrieanteil Deutschlands innerhalb der EU nicht zwangsl\u00e4ufig<\/span><\/strong><\/p>\n<p>Eine strukturelle Schw\u00e4che des Industriestandorts Deutschland muss nicht zwangsl\u00e4ufig zu einem sinkenden Anteil des Verarbeitenden Gewerbes in Deutschland an der gesamten industriellen Bruttowertsch\u00f6pfung in der EU f\u00fchren. Nicht unwahrscheinlich ist n\u00e4mlich, dass die ohnehin geschw\u00e4chte industrielle Basis in anderen westeurop\u00e4ischen L\u00e4ndern weiter erodiert. Gleichzeitig d\u00fcrfte die Industrie in den osteurop\u00e4ischen L\u00e4ndern weiter an Bedeutung gewinnen. Der Anteil von Polen, Tschechien, Ungarn und der Slowakei an der Bruttowertsch\u00f6pfung der Industrie in der EU stieg von 3,7% im Jahr 2000 auf knapp 8% im Jahr 2019; niedrige Lohnkosten spielen dabei eine wichtige Rolle. Eine weitere Zunahme dieser Staaten zu Lasten von L\u00e4ndern wie Frankreich oder Italien halten wir f\u00fcr wahrscheinlich. F\u00fcr Deutschland w\u00e4re eine stabile Entwicklung seines Industrieanteils innerhalb der EU bereits ein Erfolg.<\/p>\n<p style=\"text-align: center;\"><a href=\"\/wordpress\/bilder\/356.png\"><img decoding=\"async\" class=\"centered\" title=\"claschabb1\" src=\"\/wordpress\/bilder\/356.png\" alt=\"claschabb1\" width=\"400\" \/><\/a><\/p>\n<p style=\"text-align: center;\"><small>&#8211; zum Vergr\u00f6\u00dfern bitte auf die Grafik klicken &#8211; <\/small><\/p>\n<!-- AddThis Advanced Settings generic via filter on the_content --><!-- AddThis Share Buttons generic via filter on the_content --><!-- AddThis Related Posts generic via filter on the_content -->","protected":false},"excerpt":{"rendered":"<p>Bild: Ralf Vetterle auf Pixabay Gesellschaft und Wirtschaft werden lernen, mit dem Coronavirus zu leben und dabei gesundheitliche, soziale und wirtschaftliche Risiken abzuw\u00e4gen. Letztlich werden &hellip; <\/p>\n<p class=\"link-more\"><a href=\"https:\/\/wirtschaftlichefreiheit.de\/wordpress\/?p=27317\" class=\"more-link\"><span class=\"screen-reader-text\">\u201e<font size=3; color=grey>Gastbeitrag <\/font><br \/>Deutsche Industrie <br \/><font size=3; color=3>Corona-Krise \u00fcberdeckt strukturelle Standortprobleme<\/font>\u201c <\/span>weiterlesen<\/a><\/p>\n<p><!-- AddThis Advanced Settings generic via filter on wp_trim_excerpt --><!-- AddThis Share Buttons generic via filter on wp_trim_excerpt --><!-- AddThis Related Posts generic via filter on wp_trim_excerpt --><\/p>\n","protected":false},"author":330,"featured_media":27325,"comment_status":"open","ping_status":"open","sticky":false,"template":"","format":"standard","meta":{"footnotes":""},"categories":[3358,2306,3411,1219],"tags":[3418,3352,223,3500],"class_list":["post-27317","post","type-post","status-publish","format-standard","has-post-thumbnail","hentry","category-coronavirus","category-industrielles","category-infektioeses","category-strukturelles-alles","tag-corona","tag-heymann","tag-industrie","tag-strukturprobleme"],"yoast_head":"<!-- This site is optimized with the Yoast SEO plugin v27.2 - https:\/\/yoast.com\/product\/yoast-seo-wordpress\/ -->\n<title>Gastbeitrag Deutsche Industrie Corona-Krise \u00fcberdeckt strukturelle Standortprobleme - Wirtschaftliche Freiheit<\/title>\n<meta name=\"robots\" content=\"index, follow, max-snippet:-1, max-image-preview:large, max-video-preview:-1\" \/>\n<link rel=\"canonical\" href=\"https:\/\/wirtschaftlichefreiheit.de\/wordpress\/?p=27317\" \/>\n<meta property=\"og:locale\" content=\"de_DE\" \/>\n<meta property=\"og:type\" content=\"article\" \/>\n<meta property=\"og:title\" content=\"Gastbeitrag Deutsche Industrie Corona-Krise \u00fcberdeckt strukturelle Standortprobleme - Wirtschaftliche Freiheit\" \/>\n<meta property=\"og:description\" content=\"Bild: Ralf Vetterle auf Pixabay Gesellschaft und Wirtschaft werden lernen, mit dem Coronavirus zu leben und dabei gesundheitliche, soziale und wirtschaftliche Risiken abzuw\u00e4gen. Letztlich werden &hellip; \u201eGastbeitrag Deutsche Industrie Corona-Krise \u00fcberdeckt strukturelle Standortprobleme\u201c weiterlesen\" \/>\n<meta property=\"og:url\" content=\"https:\/\/wirtschaftlichefreiheit.de\/wordpress\/?p=27317\" \/>\n<meta property=\"og:site_name\" content=\"Wirtschaftliche Freiheit\" \/>\n<meta property=\"article:published_time\" content=\"2020-05-23T23:01:55+00:00\" \/>\n<meta property=\"article:modified_time\" content=\"2020-05-24T05:45:10+00:00\" \/>\n<meta property=\"og:image\" content=\"https:\/\/wirtschaftlichefreiheit.de\/wordpress\/bilder\/industry-1752876_1920-1.png\" \/>\n\t<meta property=\"og:image:width\" content=\"1920\" \/>\n\t<meta property=\"og:image:height\" content=\"1279\" \/>\n\t<meta property=\"og:image:type\" content=\"image\/png\" \/>\n<meta name=\"author\" content=\"Eric Heymann\" \/>\n<meta name=\"twitter:card\" content=\"summary_large_image\" \/>\n<meta name=\"twitter:label1\" content=\"Verfasst von\" \/>\n\t<meta name=\"twitter:data1\" content=\"Eric Heymann\" \/>\n\t<meta name=\"twitter:label2\" content=\"Gesch\u00e4tzte Lesezeit\" \/>\n\t<meta name=\"twitter:data2\" content=\"8\u00a0Minuten\" \/>\n<script type=\"application\/ld+json\" class=\"yoast-schema-graph\">{\"@context\":\"https:\/\/schema.org\",\"@graph\":[{\"@type\":\"Article\",\"@id\":\"https:\/\/wirtschaftlichefreiheit.de\/wordpress\/?p=27317#article\",\"isPartOf\":{\"@id\":\"https:\/\/wirtschaftlichefreiheit.de\/wordpress\/?p=27317\"},\"author\":{\"name\":\"Eric Heymann\",\"@id\":\"https:\/\/wirtschaftlichefreiheit.de\/wordpress\/#\/schema\/person\/717ad64d56ef14afd1577ad60867dd00\"},\"headline\":\"Gastbeitrag Deutsche Industrie Corona-Krise \u00fcberdeckt strukturelle Standortprobleme\",\"datePublished\":\"2020-05-23T23:01:55+00:00\",\"dateModified\":\"2020-05-24T05:45:10+00:00\",\"mainEntityOfPage\":{\"@id\":\"https:\/\/wirtschaftlichefreiheit.de\/wordpress\/?p=27317\"},\"wordCount\":1561,\"commentCount\":0,\"image\":{\"@id\":\"https:\/\/wirtschaftlichefreiheit.de\/wordpress\/?p=27317#primaryimage\"},\"thumbnailUrl\":\"https:\/\/wirtschaftlichefreiheit.de\/wordpress\/bilder\/industry-1752876_1920-1.png\",\"keywords\":[\"Corona\",\"Heymann\",\"Industrie\",\"Strukturprobleme\"],\"articleSection\":[\"Coronavirus\",\"Industrielles\",\"Infekti\u00f6ses\",\"Strukturelles\"],\"inLanguage\":\"de\",\"potentialAction\":[{\"@type\":\"CommentAction\",\"name\":\"Comment\",\"target\":[\"https:\/\/wirtschaftlichefreiheit.de\/wordpress\/?p=27317#respond\"]}]},{\"@type\":\"WebPage\",\"@id\":\"https:\/\/wirtschaftlichefreiheit.de\/wordpress\/?p=27317\",\"url\":\"https:\/\/wirtschaftlichefreiheit.de\/wordpress\/?p=27317\",\"name\":\"Gastbeitrag Deutsche Industrie Corona-Krise \u00fcberdeckt strukturelle Standortprobleme - Wirtschaftliche Freiheit\",\"isPartOf\":{\"@id\":\"https:\/\/wirtschaftlichefreiheit.de\/wordpress\/#website\"},\"primaryImageOfPage\":{\"@id\":\"https:\/\/wirtschaftlichefreiheit.de\/wordpress\/?p=27317#primaryimage\"},\"image\":{\"@id\":\"https:\/\/wirtschaftlichefreiheit.de\/wordpress\/?p=27317#primaryimage\"},\"thumbnailUrl\":\"https:\/\/wirtschaftlichefreiheit.de\/wordpress\/bilder\/industry-1752876_1920-1.png\",\"datePublished\":\"2020-05-23T23:01:55+00:00\",\"dateModified\":\"2020-05-24T05:45:10+00:00\",\"author\":{\"@id\":\"https:\/\/wirtschaftlichefreiheit.de\/wordpress\/#\/schema\/person\/717ad64d56ef14afd1577ad60867dd00\"},\"breadcrumb\":{\"@id\":\"https:\/\/wirtschaftlichefreiheit.de\/wordpress\/?p=27317#breadcrumb\"},\"inLanguage\":\"de\",\"potentialAction\":[{\"@type\":\"ReadAction\",\"target\":[\"https:\/\/wirtschaftlichefreiheit.de\/wordpress\/?p=27317\"]}]},{\"@type\":\"ImageObject\",\"inLanguage\":\"de\",\"@id\":\"https:\/\/wirtschaftlichefreiheit.de\/wordpress\/?p=27317#primaryimage\",\"url\":\"https:\/\/wirtschaftlichefreiheit.de\/wordpress\/bilder\/industry-1752876_1920-1.png\",\"contentUrl\":\"https:\/\/wirtschaftlichefreiheit.de\/wordpress\/bilder\/industry-1752876_1920-1.png\",\"width\":1920,\"height\":1279},{\"@type\":\"BreadcrumbList\",\"@id\":\"https:\/\/wirtschaftlichefreiheit.de\/wordpress\/?p=27317#breadcrumb\",\"itemListElement\":[{\"@type\":\"ListItem\",\"position\":1,\"name\":\"Startseite\",\"item\":\"https:\/\/wirtschaftlichefreiheit.de\/wordpress\"},{\"@type\":\"ListItem\",\"position\":2,\"name\":\"Gastbeitrag Deutsche Industrie Corona-Krise \u00fcberdeckt strukturelle Standortprobleme\"}]},{\"@type\":\"WebSite\",\"@id\":\"https:\/\/wirtschaftlichefreiheit.de\/wordpress\/#website\",\"url\":\"https:\/\/wirtschaftlichefreiheit.de\/wordpress\/\",\"name\":\"Wirtschaftliche Freiheit\",\"description\":\"Das ordnungspolitische Journal\",\"potentialAction\":[{\"@type\":\"SearchAction\",\"target\":{\"@type\":\"EntryPoint\",\"urlTemplate\":\"https:\/\/wirtschaftlichefreiheit.de\/wordpress\/?s={search_term_string}\"},\"query-input\":{\"@type\":\"PropertyValueSpecification\",\"valueRequired\":true,\"valueName\":\"search_term_string\"}}],\"inLanguage\":\"de\"},{\"@type\":\"Person\",\"@id\":\"https:\/\/wirtschaftlichefreiheit.de\/wordpress\/#\/schema\/person\/717ad64d56ef14afd1577ad60867dd00\",\"name\":\"Eric Heymann\",\"image\":{\"@type\":\"ImageObject\",\"inLanguage\":\"de\",\"@id\":\"https:\/\/wirtschaftlichefreiheit.de\/wordpress\/bilder\/heymann.jpg\",\"url\":\"https:\/\/wirtschaftlichefreiheit.de\/wordpress\/bilder\/heymann.jpg\",\"contentUrl\":\"https:\/\/wirtschaftlichefreiheit.de\/wordpress\/bilder\/heymann.jpg\",\"caption\":\"Eric Heymann\"},\"description\":\"Deutsche Bank Research\",\"url\":\"https:\/\/wirtschaftlichefreiheit.de\/wordpress\/?author=330\"}]}<\/script>\n<!-- \/ Yoast SEO plugin. -->","yoast_head_json":{"title":"Gastbeitrag Deutsche Industrie Corona-Krise \u00fcberdeckt strukturelle Standortprobleme - Wirtschaftliche Freiheit","robots":{"index":"index","follow":"follow","max-snippet":"max-snippet:-1","max-image-preview":"max-image-preview:large","max-video-preview":"max-video-preview:-1"},"canonical":"https:\/\/wirtschaftlichefreiheit.de\/wordpress\/?p=27317","og_locale":"de_DE","og_type":"article","og_title":"Gastbeitrag Deutsche Industrie Corona-Krise \u00fcberdeckt strukturelle Standortprobleme - Wirtschaftliche Freiheit","og_description":"Bild: Ralf Vetterle auf Pixabay Gesellschaft und Wirtschaft werden lernen, mit dem Coronavirus zu leben und dabei gesundheitliche, soziale und wirtschaftliche Risiken abzuw\u00e4gen. Letztlich werden &hellip; \u201eGastbeitrag Deutsche Industrie Corona-Krise \u00fcberdeckt strukturelle Standortprobleme\u201c weiterlesen","og_url":"https:\/\/wirtschaftlichefreiheit.de\/wordpress\/?p=27317","og_site_name":"Wirtschaftliche Freiheit","article_published_time":"2020-05-23T23:01:55+00:00","article_modified_time":"2020-05-24T05:45:10+00:00","og_image":[{"width":1920,"height":1279,"url":"https:\/\/wirtschaftlichefreiheit.de\/wordpress\/bilder\/industry-1752876_1920-1.png","type":"image\/png"}],"author":"Eric Heymann","twitter_card":"summary_large_image","twitter_misc":{"Verfasst von":"Eric Heymann","Gesch\u00e4tzte Lesezeit":"8\u00a0Minuten"},"schema":{"@context":"https:\/\/schema.org","@graph":[{"@type":"Article","@id":"https:\/\/wirtschaftlichefreiheit.de\/wordpress\/?p=27317#article","isPartOf":{"@id":"https:\/\/wirtschaftlichefreiheit.de\/wordpress\/?p=27317"},"author":{"name":"Eric Heymann","@id":"https:\/\/wirtschaftlichefreiheit.de\/wordpress\/#\/schema\/person\/717ad64d56ef14afd1577ad60867dd00"},"headline":"Gastbeitrag Deutsche Industrie Corona-Krise \u00fcberdeckt strukturelle Standortprobleme","datePublished":"2020-05-23T23:01:55+00:00","dateModified":"2020-05-24T05:45:10+00:00","mainEntityOfPage":{"@id":"https:\/\/wirtschaftlichefreiheit.de\/wordpress\/?p=27317"},"wordCount":1561,"commentCount":0,"image":{"@id":"https:\/\/wirtschaftlichefreiheit.de\/wordpress\/?p=27317#primaryimage"},"thumbnailUrl":"https:\/\/wirtschaftlichefreiheit.de\/wordpress\/bilder\/industry-1752876_1920-1.png","keywords":["Corona","Heymann","Industrie","Strukturprobleme"],"articleSection":["Coronavirus","Industrielles","Infekti\u00f6ses","Strukturelles"],"inLanguage":"de","potentialAction":[{"@type":"CommentAction","name":"Comment","target":["https:\/\/wirtschaftlichefreiheit.de\/wordpress\/?p=27317#respond"]}]},{"@type":"WebPage","@id":"https:\/\/wirtschaftlichefreiheit.de\/wordpress\/?p=27317","url":"https:\/\/wirtschaftlichefreiheit.de\/wordpress\/?p=27317","name":"Gastbeitrag Deutsche Industrie Corona-Krise \u00fcberdeckt strukturelle Standortprobleme - Wirtschaftliche Freiheit","isPartOf":{"@id":"https:\/\/wirtschaftlichefreiheit.de\/wordpress\/#website"},"primaryImageOfPage":{"@id":"https:\/\/wirtschaftlichefreiheit.de\/wordpress\/?p=27317#primaryimage"},"image":{"@id":"https:\/\/wirtschaftlichefreiheit.de\/wordpress\/?p=27317#primaryimage"},"thumbnailUrl":"https:\/\/wirtschaftlichefreiheit.de\/wordpress\/bilder\/industry-1752876_1920-1.png","datePublished":"2020-05-23T23:01:55+00:00","dateModified":"2020-05-24T05:45:10+00:00","author":{"@id":"https:\/\/wirtschaftlichefreiheit.de\/wordpress\/#\/schema\/person\/717ad64d56ef14afd1577ad60867dd00"},"breadcrumb":{"@id":"https:\/\/wirtschaftlichefreiheit.de\/wordpress\/?p=27317#breadcrumb"},"inLanguage":"de","potentialAction":[{"@type":"ReadAction","target":["https:\/\/wirtschaftlichefreiheit.de\/wordpress\/?p=27317"]}]},{"@type":"ImageObject","inLanguage":"de","@id":"https:\/\/wirtschaftlichefreiheit.de\/wordpress\/?p=27317#primaryimage","url":"https:\/\/wirtschaftlichefreiheit.de\/wordpress\/bilder\/industry-1752876_1920-1.png","contentUrl":"https:\/\/wirtschaftlichefreiheit.de\/wordpress\/bilder\/industry-1752876_1920-1.png","width":1920,"height":1279},{"@type":"BreadcrumbList","@id":"https:\/\/wirtschaftlichefreiheit.de\/wordpress\/?p=27317#breadcrumb","itemListElement":[{"@type":"ListItem","position":1,"name":"Startseite","item":"https:\/\/wirtschaftlichefreiheit.de\/wordpress"},{"@type":"ListItem","position":2,"name":"Gastbeitrag Deutsche Industrie Corona-Krise \u00fcberdeckt strukturelle Standortprobleme"}]},{"@type":"WebSite","@id":"https:\/\/wirtschaftlichefreiheit.de\/wordpress\/#website","url":"https:\/\/wirtschaftlichefreiheit.de\/wordpress\/","name":"Wirtschaftliche Freiheit","description":"Das ordnungspolitische Journal","potentialAction":[{"@type":"SearchAction","target":{"@type":"EntryPoint","urlTemplate":"https:\/\/wirtschaftlichefreiheit.de\/wordpress\/?s={search_term_string}"},"query-input":{"@type":"PropertyValueSpecification","valueRequired":true,"valueName":"search_term_string"}}],"inLanguage":"de"},{"@type":"Person","@id":"https:\/\/wirtschaftlichefreiheit.de\/wordpress\/#\/schema\/person\/717ad64d56ef14afd1577ad60867dd00","name":"Eric Heymann","image":{"@type":"ImageObject","inLanguage":"de","@id":"https:\/\/wirtschaftlichefreiheit.de\/wordpress\/bilder\/heymann.jpg","url":"https:\/\/wirtschaftlichefreiheit.de\/wordpress\/bilder\/heymann.jpg","contentUrl":"https:\/\/wirtschaftlichefreiheit.de\/wordpress\/bilder\/heymann.jpg","caption":"Eric Heymann"},"description":"Deutsche Bank Research","url":"https:\/\/wirtschaftlichefreiheit.de\/wordpress\/?author=330"}]}},"_links":{"self":[{"href":"https:\/\/wirtschaftlichefreiheit.de\/wordpress\/index.php?rest_route=\/wp\/v2\/posts\/27317","targetHints":{"allow":["GET"]}}],"collection":[{"href":"https:\/\/wirtschaftlichefreiheit.de\/wordpress\/index.php?rest_route=\/wp\/v2\/posts"}],"about":[{"href":"https:\/\/wirtschaftlichefreiheit.de\/wordpress\/index.php?rest_route=\/wp\/v2\/types\/post"}],"author":[{"embeddable":true,"href":"https:\/\/wirtschaftlichefreiheit.de\/wordpress\/index.php?rest_route=\/wp\/v2\/users\/330"}],"replies":[{"embeddable":true,"href":"https:\/\/wirtschaftlichefreiheit.de\/wordpress\/index.php?rest_route=%2Fwp%2Fv2%2Fcomments&post=27317"}],"version-history":[{"count":6,"href":"https:\/\/wirtschaftlichefreiheit.de\/wordpress\/index.php?rest_route=\/wp\/v2\/posts\/27317\/revisions"}],"predecessor-version":[{"id":27384,"href":"https:\/\/wirtschaftlichefreiheit.de\/wordpress\/index.php?rest_route=\/wp\/v2\/posts\/27317\/revisions\/27384"}],"wp:featuredmedia":[{"embeddable":true,"href":"https:\/\/wirtschaftlichefreiheit.de\/wordpress\/index.php?rest_route=\/wp\/v2\/media\/27325"}],"wp:attachment":[{"href":"https:\/\/wirtschaftlichefreiheit.de\/wordpress\/index.php?rest_route=%2Fwp%2Fv2%2Fmedia&parent=27317"}],"wp:term":[{"taxonomy":"category","embeddable":true,"href":"https:\/\/wirtschaftlichefreiheit.de\/wordpress\/index.php?rest_route=%2Fwp%2Fv2%2Fcategories&post=27317"},{"taxonomy":"post_tag","embeddable":true,"href":"https:\/\/wirtschaftlichefreiheit.de\/wordpress\/index.php?rest_route=%2Fwp%2Fv2%2Ftags&post=27317"}],"curies":[{"name":"wp","href":"https:\/\/api.w.org\/{rel}","templated":true}]}}