{"id":27718,"date":"2020-07-21T09:08:16","date_gmt":"2020-07-21T08:08:16","guid":{"rendered":"http:\/\/wirtschaftlichefreiheit.de\/wordpress\/?p=27718"},"modified":"2020-08-12T16:46:02","modified_gmt":"2020-08-12T15:46:02","slug":"gastbeitrag-die-niederlande-meistern-die-wirtschaftskrise-am-besten","status":"publish","type":"post","link":"https:\/\/wirtschaftlichefreiheit.de\/wordpress\/?p=27718","title":{"rendered":"<font size=3; color=grey>Corona, L\u00e4nder und Wirtschaft (1) <\/font><br\/>Die Niederlande meistern die Wirtschaftskrise am besten"},"content":{"rendered":"<div class=\"row\">\n<div class=\"col-lg-9 order-0\">\n<div id=\"8aa0acc8-ca13-4ae3-8784-619d77fb4be0\" class=\"row \">\n<div class=\"col-md-12\">\n<div id=\"summary\">\n<div class=\"in collapse show bm-component-card\">\n<div id=\"bm_comp_id_8aa0acc8-ca13-4ae3-8784-619d77fb4be0\" class=\"card-body bm-component\" data-bm-component=\"8aa0acc8-ca13-4ae3-8784-619d77fb4be0\">\n<p><em>Die Niederlande scheinen von den gr\u00f6\u00dferen Euro-L\u00e4ndern am besten durch die Corona-verursachte Wirtschaftskrise zu kommen. Weil die Ma\u00dfnahmen gegen die Ausbreitung des Virus weniger restriktiv waren als in den anderen L\u00e4ndern, war der Konjunktureinbruch weniger stark. Nun scheint auch die Erholung recht dynamisch zu sein. Dies hilft dabei, das Haushaltsdefizit und den Anstieg der \u00f6ffentlichen Verschuldung in Grenzen zu halten, was den Kurs der niederl\u00e4ndischen Staatsanleihen st\u00fctzen d\u00fcrfte.<\/em><\/p>\n<\/div>\n<\/div>\n<\/div>\n<\/div>\n<\/div>\n<\/div>\n<\/div>\n<p><!--more--><\/p>\n<div class=\"row mt-3\">\n<div class=\"col-lg-9 order-0\">\n<div id=\"body_text\">\n<div class=\"row\">\n<div class=\"col-md-12\">\n<div id=\"d4564e148\">\n<div class=\"in collapse show bm-component-card\">\n<div id=\"bm_comp_id_ffae6e0e-9ff8-4bca-a876-6aa94bb7699f\" class=\"card-body bm-component\" data-bm-component=\"ffae6e0e-9ff8-4bca-a876-6aa94bb7699f\">\n<p id=\"h2-f39fb4a9-d9bf-4baf-b33f-8ed5e7b6cd65\" class=\"bm-h2\"><strong>Infektionsverlauf wie in Deutschland und Frankreich<\/strong><\/p>\n<p>Das Infektionsgeschehen in den Niederlanden hat sich in den vergangenen Monaten \u00e4hnlich wie in Deutschland und Frankreich entwickelt: Ab Mitte M\u00e4rz breitete sich das Virus immer st\u00e4rker aus und die Zahl der Neuinfektionen stieg exponentiell (Abbildung 1). Anfang April erreichten die Infektionszahlen \u2013 mit rund 6 Neuinfizierten je 100.000 Einwohnern \u2013 den H\u00f6hepunkt. Anders als in Deutschland und Frankreich begann die Zahl der Neuinfektionen allerdings erst gegen Ende April merklich zu sinken. Damit griff das Covid-19-Virus in den Niederlanden deutlich weniger um sich als in Italien und insbesondere in Spanien, wo sich zum H\u00f6hepunkt der Pandemie t\u00e4glich 9 bzw. 17 Menschen je 100.000 Einwohner neu mit der Krankheit ansteckten.<\/p>\n<p style=\"text-align: center;\"><a href=\"\/wordpress\/bilder\/wag1.png\"><img decoding=\"async\" class=\"centered\" title=\"claschabb1\" src=\"\/wordpress\/bilder\/wag1.png\" alt=\"claschabb1\" width=\"400\" \/><\/a><\/p>\n<p style=\"text-align: center;\"><small>&#8211; zum Vergr\u00f6\u00dfern bitte auf die Grafik klicken &#8211; <\/small><\/p>\n<p id=\"h2-8236a07b-34ed-4638-bb25-643d7a287cb3\" class=\"bm-h2\"><strong>Vergleichsweise moderate Anti-Corona-Ma\u00dfnahmen<\/strong><\/p>\n<p>Angesichts der steigenden Infektionszahlen hat auch die niederl\u00e4ndische Regierung ab dem 12. M\u00e4rz Ma\u00dfnahmen zur Eind\u00e4mmung des Corona-Virus ergriffen. Gro\u00dfveranstaltungen wurden abgesagt, Menschen mit grippe\u00e4hnlichen Symptomen sollten zu Hause bleiben und soziale Kontakte vermeiden. Au\u00dferdem sollte ein Mindestabstand von anderthalb Metern gewahrt werden. Wo m\u00f6glich, sollten die Menschen im Homeoffice arbeiten. Restaurants und \u00e4hnliches mussten f\u00fcr wenige Wochen schlie\u00dfen, durften aber Essen liefern bzw. zum Abholen anbieten. Anders als in den meisten anderen Euro-L\u00e4ndern waren die meisten dieser Ma\u00dfnahmen Empfehlungen und keine verpflichtenden Vorschriften. Staatlich verordnete Ausgangsbeschr\u00e4nkungen gab es nicht.<\/p>\n<p id=\"h2-5587733d-0de3-4935-9d0f-6d940a3964ed\" class=\"bm-h2\"><strong>Weniger ausgepr\u00e4gte Rezession &#8230;<\/strong><\/p>\n<p>Wohl haupts\u00e4chlich wegen der geringeren Zahl an Infektionen und den vergleichsweise moderaten Anti-Corona-Ma\u00dfnahmen der Regierung ist die Wirtschaft in den Niederlanden weniger stark eingebrochen als in den meisten anderen Euro-L\u00e4ndern. So war das Bruttoinlandsprodukt im ersten Vierteljahr nur um 1,5% (erste Sch\u00e4tzung: -1,7%) niedriger als im vierten Quartal (Abbildung 2). Auch in Deutschland war der R\u00fcckgang mit -2,2% vergleichsweise moderat. Demgegen\u00fcber brach die Wirtschaft in Frankreich, Italien und Spanien jeweils um rund 5<span style=\"color: #000000;\">\u00bc% ein.<\/span> Geht man davon aus, dass dieses Minus ausschlie\u00dflich in der zweiten H\u00e4lfte des M\u00e4rz eingefahren wurde, ist die franz\u00f6sische, italienische und spanische Wirtschaft in diesem Zeitraum um etwa 30% eingebrochen, w\u00e4hrend der R\u00fcckgang in den Niederlanden etwa 10% betragen haben d\u00fcrfte.<\/p>\n<p style=\"text-align: center;\"><a href=\"\/wordpress\/bilder\/wag2.png\"><img decoding=\"async\" class=\"centered\" title=\"claschabb1\" src=\"\/wordpress\/bilder\/wag2.png\" alt=\"claschabb1\" width=\"400\" \/><\/a><\/p>\n<p style=\"text-align: center;\"><small>&#8211; zum Vergr\u00f6\u00dfern bitte auf die Grafik klicken &#8211; <\/small><\/p>\n<p id=\"h2-72999135-83d8-4a6c-8e39-9f1e57a2c32d\" class=\"bm-h2\"><strong>&#8230; und vergleichsweise moderater Anstieg der Arbeitslosigkeit<\/strong><\/p>\n<p>Dies schl\u00e4gt sich auch am Arbeitsmarkt nieder. Die Arbeitslosenquote stieg zwischen Februar und Mai nur moderat von 2,9% auf 3,6%. Tats\u00e4chlich haben auch weitere Faktoren zu diesem nur moderaten Anstieg beigetragen. So haben sich Menschen zeitweilig aus dem Arbeitsleben zur\u00fcckgezogen und werden damit nicht l\u00e4nger in der Arbeitslosenstatistik ber\u00fccksichtigt. Dar\u00fcber hinaus d\u00fcrfte ein weiterer wichtiger Grund in der staatlichen Unterst\u00fctzung f\u00fcr Kurzarbeit liegen. Infolge der H\u00e4rten der Corona-Pandemie f\u00fcr Unternehmen und Privathaushalte hat die Regierung das bestehende Kurzarbeiter-Modell ausgeweitet. \u00c4hnlich wie in Deutschland haben die meisten Unternehmen diese M\u00f6glichkeit genutzt und bislang darauf verzichtet, Mitarbeiter in gro\u00dfem Stil zu entlassen.<\/p>\n<p id=\"h2-d665a83e-edcf-41c3-927b-55be9e2b7c7f\" class=\"bm-h2\"><strong>Dynamische Erholung in vollem Gange<\/strong><\/p>\n<p>Dass die Arbeitslosigkeit nur moderat zugelegt hat und die Einkommensverluste der privaten Haushalte deshalb \u00fcberschaubar blieben, hat sicherlich dabei geholfen, dass inzwischen eine recht dynamische Erholung der Wirtschaft in vollem Gange ist. Darauf deuten verschiedene Indikatoren, die die wirtschaftliche und soziale Aktivit\u00e4t quasi in Echtzeit abbilden. Beispielsweise misst Google in seinem Mobility Report anhand der Bewegungsprofile von Mobiltelefonen, wie viele Menschen sich \u00fcber welchen Zeitraum an einem bestimmten Ort aufgehalten haben. Nach diesen Zahlen hat beispielsweise der Einzelhandel (ohne Nahrungsmittel) seinen Einbruch nahezu vollst\u00e4ndig wettgemacht. Zuletzt hielten sich gerade einmal noch 5% weniger Kunden in den Gesch\u00e4ften auf als zu normalen Zeiten, am Tiefpunkt war die H\u00e4lfte der Kundschaft weggebrochen (Abbildung 3).<\/p>\n<p style=\"text-align: center;\"><a href=\"\/wordpress\/bilder\/wag3.png\"><img decoding=\"async\" class=\"centered\" title=\"claschabb1\" src=\"\/wordpress\/bilder\/wag3.png\" alt=\"claschabb1\" width=\"400\" \/><\/a><\/p>\n<p style=\"text-align: center;\"><small>&#8211; zum Vergr\u00f6\u00dfern bitte auf die Grafik klicken &#8211; <\/small><\/p>\n<p>Zudem gehen die Menschen auch wieder in Restaurants und zur Arbeit. W\u00e4hrend im April zeitweise nur jeder zweite seinen Arbeitsplatz aufgesucht und der andere Teil weitgehend im Homeoffice gearbeitet hatte, sind mittlerweile wieder deutlich mehr Menschen an ihren Arbeitsplatz zur\u00fcckgekehrt (Abbildung 3). Seit Anfang Juni erholt sich schlie\u00dflich auch der Stromverbrauch im Trend. Dass sich der Stromverbrauch allerdings wenig dynamisch erholt, d\u00fcrfte insbesondere an der Raffineriebranche liegen, die zwar grunds\u00e4tzlich energieintensiv produziert, allerdings ist die Auslandsnachfrage nach \u00d6l und Kraftstoffen derzeit verhalten.<\/p>\n<p>Trotz dieser breit angelegten und laufenden Erholung wird das Statistische Amt im zweiten Quartal f\u00fcr das Bruttoinlandsprodukt unserer Sch\u00e4tzung nach wohl ein Minus von rund 7% gegen\u00fcber dem Vorquartal verbuchen (Abbildung 4). Doch die Erholung sollte sich angesichts der sich im Inland und in wichtigen Absatzm\u00e4rkten abflauenden Epidemie fortsetzen, so dass das Bruttoinlandsprodukt in der zweiten Jahresh\u00e4lfte wieder sp\u00fcrbar expandieren d\u00fcrfte. Gleichwohl rechnen wir nicht mit einer fulminanten V-f\u00f6rmigen, sondern einer abgemilderten Konjunkturerholung. Denn viele Unternehmen \u2013 in den Niederlanden wie in allen anderen L\u00e4ndern des Euroraums \u2013 mussten sich wegen Corona bedingter Umsatzausf\u00e4lle massiv verschulden. <span style=\"color: #000000;\">W\u00e4h<\/span><span style=\"color: #000000;\">rend sie die Schulden zur\u00fcckzahlen, werden sie sich beim Investieren und Konsumieren zur\u00fcckhalten. Gleichzeitig verunsichert das Risiko einer zweiten weltweiten<\/span> Infektionswelle \u2013 beispielsweise sind in den vergangenen Tagen die Neuinfektionen in den USA und Brasilien rastant gestiegen \u2013 die privaten Haushalte, die vorsichtshalber ihr Einkommen sparen anstatt zu konsumieren. Alles in allem rechnen wir f\u00fcr das Gesamtjahr 2020 wir mit einem R\u00fcckgang des Bruttoinlandsprodukts um 3<span style=\"color: #000000;\">\u00bd<\/span>%. Die laufende Erholung d\u00fcrfte 2021 zu einem Plus von 3<span style=\"color: #000000;\">\u00bd<\/span>% f\u00fchren.<\/p>\n<p style=\"text-align: center;\"><a href=\"\/wordpress\/bilder\/wag4.png\"><img decoding=\"async\" class=\"centered\" title=\"claschabb1\" src=\"\/wordpress\/bilder\/wag4.png\" alt=\"claschabb1\" width=\"400\" \/><\/a><\/p>\n<p style=\"text-align: center;\"><small>&#8211; zum Vergr\u00f6\u00dfern bitte auf die Grafik klicken &#8211; <\/small><\/p>\n<p id=\"h2-746c57d4-a1cf-4f56-9048-7297b53960c5\" class=\"bm-h2\"><strong>\u00d6ffentliches Haushaltsdefizit d\u00fcrfte bald wieder im Griff sein<\/strong><\/p>\n<p>Die Auswirungen der Corona-Pandemie werden das \u00f6ffentliche Defizit kurzfristig hochschnellen lassen. Wir rechnen mit einem Budgetsaldo von -6<span style=\"color: #000000;\">\u00bd<\/span>% des Bruttoinlandsprodukts (Abbildung 5). Die urspr\u00fcnglich angepeilte Defizitquote von 0,2% liegt fraglos in weiter Ferne. Alleine die wegen des Konjunktureinbruchs geringeren Steuereinnahmen und h\u00f6heren Ausgaben \u2013 etwa im Bereich der sozialen Sicherung f\u00fcr Arbeitslosen- und Kurzarbeitergeld \u2013 erh\u00f6hen die Defizitquote um etwa 2<span style=\"color: #000000;\">\u00bd<\/span> Prozentpunkte (Konjunktureffekt). Die von der Regierung beschlossenen beiden Konjunkturpakete (diskretion\u00e4re Ma\u00dfnahmen) von insgesamt rund 30 Mrd Euro lassen sie um weitere 4 Prozentpunkte steigen. Sollten Kredite ausfallen, f\u00fcr die die Regierung Garantien begeben hat, k\u00f6nnten noch wenige weitere Zehntel Prozentpunkte hinzukommen. Insgesamt belaufen sich diese Garantien auf 3<span style=\"color: #000000;\">\u00bd% des Bruttoinlandsprodukts.<\/span><\/p>\n<p>Setzt sich die Erholung fort, d\u00fcrfte bereits 2021 wieder ein deutlich geringeres Defizit anfallen; die Quote k\u00f6nnte dann m\u00f6glicherweise sogar wieder unter 3% gedr\u00fcckt werden.<\/p>\n<p>Bei der von uns erwarteten Entwicklung von Konjunktur und Staatsfinanzen w\u00fcrde die Staatsverschuldung von 48,6% des Bruttoinlandsprodukts im Jahr 2020 auf 57% anwachsen und sich 2021 weiter leicht auf 58% erh\u00f6hen. Damit bliebe die Schuldenquote des Staates trotz der umfangreichen Corona-Hilfsgelder unter der Maastrichter Schuldengrenze von 60%.<\/p>\n<p style=\"text-align: center;\"><a href=\"\/wordpress\/bilder\/wag5.png\"><img decoding=\"async\" class=\"centered\" title=\"claschabb1\" src=\"\/wordpress\/bilder\/wag5.png\" alt=\"claschabb1\" width=\"400\" \/><\/a><\/p>\n<p style=\"text-align: center;\"><small>&#8211; zum Vergr\u00f6\u00dfern bitte auf die Grafik klicken &#8211; <\/small><\/p>\n<p id=\"h2-2fd90a1f-c3e0-4128-82cc-760884bb9f40\" class=\"bm-h2\"><strong>Rentenm\u00e4rkte goutieren niederl\u00e4ndische Solidit\u00e4t<\/strong><\/p>\n<p>Die Niederlande bleiben wirtschaftlich und finanziell ein stabiles Land, was durch die hohe allemeine Standortqualit\u00e4t der Volkswirtschaft und der weltweit konkurrenzf\u00e4higen niederl\u00e4ndischen Produkte unterst\u00fctzt wird. <span style=\"color: #000000;\">Auch an den Rentenm\u00e4rkten d\u00fcrften die Niederlandeweiterhin als fiskalischer und \u00f6konomischer Mustersch\u00fcler wahrgenommen werden. Einzig Liquidit\u00e4tspr\u00e4mien verhindern wohl eine vollst\u00e4ndige Konvergenz mit Bundesanleihen<\/span>.<\/p>\n<\/div>\n<\/div>\n<\/div>\n<\/div>\n<\/div>\n<\/div>\n<\/div>\n<\/div>\n<!-- AddThis Advanced Settings generic via filter on the_content --><!-- AddThis Share Buttons generic via filter on the_content --><!-- AddThis Related Posts generic via filter on the_content -->","protected":false},"excerpt":{"rendered":"<p>Die Niederlande scheinen von den gr\u00f6\u00dferen Euro-L\u00e4ndern am besten durch die Corona-verursachte Wirtschaftskrise zu kommen. Weil die Ma\u00dfnahmen gegen die Ausbreitung des Virus weniger restriktiv &hellip; <\/p>\n<p class=\"link-more\"><a href=\"https:\/\/wirtschaftlichefreiheit.de\/wordpress\/?p=27718\" class=\"more-link\"><span class=\"screen-reader-text\">\u201e<font size=3; color=grey>Corona, L\u00e4nder und Wirtschaft (1) <\/font><br \/>Die Niederlande meistern die Wirtschaftskrise am besten\u201c <\/span>weiterlesen<\/a><\/p>\n<p><!-- AddThis Advanced Settings generic via filter on wp_trim_excerpt --><!-- AddThis Share Buttons generic via filter on wp_trim_excerpt --><!-- AddThis Related Posts generic via filter on wp_trim_excerpt --><\/p>\n","protected":false},"author":340,"featured_media":27724,"comment_status":"open","ping_status":"open","sticky":false,"template":"","format":"standard","meta":{"footnotes":""},"categories":[3211,3411,33,3357],"tags":[155,3418,3578,332,1001,2689],"class_list":["post-27718","post","type-post","status-publish","format-standard","has-post-thumbnail","hentry","category-arbeitsloses","category-infektioeses","category-makrooekonomisches","category-pandemisches","tag-arbeitslosigkeit","tag-corona","tag-niederlande","tag-rezession","tag-staatsfinanzen","tag-wagner"],"yoast_head":"<!-- This site is optimized with the Yoast SEO plugin v27.2 - https:\/\/yoast.com\/product\/yoast-seo-wordpress\/ -->\n<title>Corona, L\u00e4nder und Wirtschaft (1) Die Niederlande meistern die Wirtschaftskrise am besten - Wirtschaftliche Freiheit<\/title>\n<meta name=\"robots\" content=\"index, follow, max-snippet:-1, max-image-preview:large, max-video-preview:-1\" \/>\n<link rel=\"canonical\" href=\"https:\/\/wirtschaftlichefreiheit.de\/wordpress\/?p=27718\" \/>\n<meta property=\"og:locale\" content=\"de_DE\" \/>\n<meta property=\"og:type\" content=\"article\" \/>\n<meta property=\"og:title\" content=\"Corona, L\u00e4nder und Wirtschaft (1) Die Niederlande meistern die Wirtschaftskrise am besten - Wirtschaftliche Freiheit\" \/>\n<meta property=\"og:description\" content=\"Die Niederlande scheinen von den gr\u00f6\u00dferen Euro-L\u00e4ndern am besten durch die Corona-verursachte Wirtschaftskrise zu kommen. Weil die Ma\u00dfnahmen gegen die Ausbreitung des Virus weniger restriktiv &hellip; \u201eCorona, L\u00e4nder und Wirtschaft (1) Die Niederlande meistern die Wirtschaftskrise am besten\u201c weiterlesen\" \/>\n<meta property=\"og:url\" content=\"https:\/\/wirtschaftlichefreiheit.de\/wordpress\/?p=27718\" \/>\n<meta property=\"og:site_name\" content=\"Wirtschaftliche Freiheit\" \/>\n<meta property=\"article:published_time\" content=\"2020-07-21T08:08:16+00:00\" \/>\n<meta property=\"article:modified_time\" content=\"2020-08-12T15:46:02+00:00\" \/>\n<meta property=\"og:image\" content=\"https:\/\/wirtschaftlichefreiheit.de\/wordpress\/bilder\/nl.png\" \/>\n\t<meta property=\"og:image:width\" content=\"764\" \/>\n\t<meta property=\"og:image:height\" content=\"531\" \/>\n\t<meta property=\"og:image:type\" content=\"image\/png\" \/>\n<meta name=\"author\" content=\"Marco Wagner\" \/>\n<meta name=\"twitter:card\" content=\"summary_large_image\" \/>\n<meta name=\"twitter:label1\" content=\"Verfasst von\" \/>\n\t<meta name=\"twitter:data1\" content=\"Marco Wagner\" \/>\n\t<meta name=\"twitter:label2\" content=\"Gesch\u00e4tzte Lesezeit\" \/>\n\t<meta name=\"twitter:data2\" content=\"6\u00a0Minuten\" \/>\n<script type=\"application\/ld+json\" class=\"yoast-schema-graph\">{\"@context\":\"https:\/\/schema.org\",\"@graph\":[{\"@type\":\"Article\",\"@id\":\"https:\/\/wirtschaftlichefreiheit.de\/wordpress\/?p=27718#article\",\"isPartOf\":{\"@id\":\"https:\/\/wirtschaftlichefreiheit.de\/wordpress\/?p=27718\"},\"author\":{\"name\":\"Marco Wagner\",\"@id\":\"https:\/\/wirtschaftlichefreiheit.de\/wordpress\/#\/schema\/person\/4d6f55a628ff7999f3bd1817b49d1c2d\"},\"headline\":\"Corona, L\u00e4nder und Wirtschaft (1) Die Niederlande meistern die Wirtschaftskrise am besten\",\"datePublished\":\"2020-07-21T08:08:16+00:00\",\"dateModified\":\"2020-08-12T15:46:02+00:00\",\"mainEntityOfPage\":{\"@id\":\"https:\/\/wirtschaftlichefreiheit.de\/wordpress\/?p=27718\"},\"wordCount\":1241,\"commentCount\":3,\"image\":{\"@id\":\"https:\/\/wirtschaftlichefreiheit.de\/wordpress\/?p=27718#primaryimage\"},\"thumbnailUrl\":\"https:\/\/wirtschaftlichefreiheit.de\/wordpress\/bilder\/nl.png\",\"keywords\":[\"Arbeitslosigkeit\",\"Corona\",\"Niederlande\",\"Rezession\",\"Staatsfinanzen\",\"Wagner\"],\"articleSection\":[\"Arbeitsloses\",\"Infekti\u00f6ses\",\"Makro\u00f6konomisches\",\"Pandemisches\"],\"inLanguage\":\"de\",\"potentialAction\":[{\"@type\":\"CommentAction\",\"name\":\"Comment\",\"target\":[\"https:\/\/wirtschaftlichefreiheit.de\/wordpress\/?p=27718#respond\"]}]},{\"@type\":\"WebPage\",\"@id\":\"https:\/\/wirtschaftlichefreiheit.de\/wordpress\/?p=27718\",\"url\":\"https:\/\/wirtschaftlichefreiheit.de\/wordpress\/?p=27718\",\"name\":\"Corona, L\u00e4nder und Wirtschaft (1) Die Niederlande meistern die Wirtschaftskrise am besten - Wirtschaftliche Freiheit\",\"isPartOf\":{\"@id\":\"https:\/\/wirtschaftlichefreiheit.de\/wordpress\/#website\"},\"primaryImageOfPage\":{\"@id\":\"https:\/\/wirtschaftlichefreiheit.de\/wordpress\/?p=27718#primaryimage\"},\"image\":{\"@id\":\"https:\/\/wirtschaftlichefreiheit.de\/wordpress\/?p=27718#primaryimage\"},\"thumbnailUrl\":\"https:\/\/wirtschaftlichefreiheit.de\/wordpress\/bilder\/nl.png\",\"datePublished\":\"2020-07-21T08:08:16+00:00\",\"dateModified\":\"2020-08-12T15:46:02+00:00\",\"author\":{\"@id\":\"https:\/\/wirtschaftlichefreiheit.de\/wordpress\/#\/schema\/person\/4d6f55a628ff7999f3bd1817b49d1c2d\"},\"breadcrumb\":{\"@id\":\"https:\/\/wirtschaftlichefreiheit.de\/wordpress\/?p=27718#breadcrumb\"},\"inLanguage\":\"de\",\"potentialAction\":[{\"@type\":\"ReadAction\",\"target\":[\"https:\/\/wirtschaftlichefreiheit.de\/wordpress\/?p=27718\"]}]},{\"@type\":\"ImageObject\",\"inLanguage\":\"de\",\"@id\":\"https:\/\/wirtschaftlichefreiheit.de\/wordpress\/?p=27718#primaryimage\",\"url\":\"https:\/\/wirtschaftlichefreiheit.de\/wordpress\/bilder\/nl.png\",\"contentUrl\":\"https:\/\/wirtschaftlichefreiheit.de\/wordpress\/bilder\/nl.png\",\"width\":764,\"height\":531},{\"@type\":\"BreadcrumbList\",\"@id\":\"https:\/\/wirtschaftlichefreiheit.de\/wordpress\/?p=27718#breadcrumb\",\"itemListElement\":[{\"@type\":\"ListItem\",\"position\":1,\"name\":\"Startseite\",\"item\":\"https:\/\/wirtschaftlichefreiheit.de\/wordpress\"},{\"@type\":\"ListItem\",\"position\":2,\"name\":\"Corona, L\u00e4nder und Wirtschaft (1) Die Niederlande meistern die Wirtschaftskrise am besten\"}]},{\"@type\":\"WebSite\",\"@id\":\"https:\/\/wirtschaftlichefreiheit.de\/wordpress\/#website\",\"url\":\"https:\/\/wirtschaftlichefreiheit.de\/wordpress\/\",\"name\":\"Wirtschaftliche Freiheit\",\"description\":\"Das ordnungspolitische Journal\",\"potentialAction\":[{\"@type\":\"SearchAction\",\"target\":{\"@type\":\"EntryPoint\",\"urlTemplate\":\"https:\/\/wirtschaftlichefreiheit.de\/wordpress\/?s={search_term_string}\"},\"query-input\":{\"@type\":\"PropertyValueSpecification\",\"valueRequired\":true,\"valueName\":\"search_term_string\"}}],\"inLanguage\":\"de\"},{\"@type\":\"Person\",\"@id\":\"https:\/\/wirtschaftlichefreiheit.de\/wordpress\/#\/schema\/person\/4d6f55a628ff7999f3bd1817b49d1c2d\",\"name\":\"Marco Wagner\",\"image\":{\"@type\":\"ImageObject\",\"inLanguage\":\"de\",\"@id\":\"https:\/\/wirtschaftlichefreiheit.de\/wordpress\/bilder\/252.png.jpg\",\"url\":\"https:\/\/wirtschaftlichefreiheit.de\/wordpress\/bilder\/252.png.jpg\",\"contentUrl\":\"https:\/\/wirtschaftlichefreiheit.de\/wordpress\/bilder\/252.png.jpg\",\"caption\":\"Marco Wagner\"},\"description\":\"Commerzbank Research\",\"url\":\"https:\/\/wirtschaftlichefreiheit.de\/wordpress\/?author=340\"}]}<\/script>\n<!-- \/ Yoast SEO plugin. -->","yoast_head_json":{"title":"Corona, L\u00e4nder und Wirtschaft (1) Die Niederlande meistern die Wirtschaftskrise am besten - Wirtschaftliche Freiheit","robots":{"index":"index","follow":"follow","max-snippet":"max-snippet:-1","max-image-preview":"max-image-preview:large","max-video-preview":"max-video-preview:-1"},"canonical":"https:\/\/wirtschaftlichefreiheit.de\/wordpress\/?p=27718","og_locale":"de_DE","og_type":"article","og_title":"Corona, L\u00e4nder und Wirtschaft (1) Die Niederlande meistern die Wirtschaftskrise am besten - Wirtschaftliche Freiheit","og_description":"Die Niederlande scheinen von den gr\u00f6\u00dferen Euro-L\u00e4ndern am besten durch die Corona-verursachte Wirtschaftskrise zu kommen. Weil die Ma\u00dfnahmen gegen die Ausbreitung des Virus weniger restriktiv &hellip; \u201eCorona, L\u00e4nder und Wirtschaft (1) Die Niederlande meistern die Wirtschaftskrise am besten\u201c weiterlesen","og_url":"https:\/\/wirtschaftlichefreiheit.de\/wordpress\/?p=27718","og_site_name":"Wirtschaftliche Freiheit","article_published_time":"2020-07-21T08:08:16+00:00","article_modified_time":"2020-08-12T15:46:02+00:00","og_image":[{"width":764,"height":531,"url":"https:\/\/wirtschaftlichefreiheit.de\/wordpress\/bilder\/nl.png","type":"image\/png"}],"author":"Marco Wagner","twitter_card":"summary_large_image","twitter_misc":{"Verfasst von":"Marco Wagner","Gesch\u00e4tzte Lesezeit":"6\u00a0Minuten"},"schema":{"@context":"https:\/\/schema.org","@graph":[{"@type":"Article","@id":"https:\/\/wirtschaftlichefreiheit.de\/wordpress\/?p=27718#article","isPartOf":{"@id":"https:\/\/wirtschaftlichefreiheit.de\/wordpress\/?p=27718"},"author":{"name":"Marco Wagner","@id":"https:\/\/wirtschaftlichefreiheit.de\/wordpress\/#\/schema\/person\/4d6f55a628ff7999f3bd1817b49d1c2d"},"headline":"Corona, L\u00e4nder und Wirtschaft (1) Die Niederlande meistern die Wirtschaftskrise am besten","datePublished":"2020-07-21T08:08:16+00:00","dateModified":"2020-08-12T15:46:02+00:00","mainEntityOfPage":{"@id":"https:\/\/wirtschaftlichefreiheit.de\/wordpress\/?p=27718"},"wordCount":1241,"commentCount":3,"image":{"@id":"https:\/\/wirtschaftlichefreiheit.de\/wordpress\/?p=27718#primaryimage"},"thumbnailUrl":"https:\/\/wirtschaftlichefreiheit.de\/wordpress\/bilder\/nl.png","keywords":["Arbeitslosigkeit","Corona","Niederlande","Rezession","Staatsfinanzen","Wagner"],"articleSection":["Arbeitsloses","Infekti\u00f6ses","Makro\u00f6konomisches","Pandemisches"],"inLanguage":"de","potentialAction":[{"@type":"CommentAction","name":"Comment","target":["https:\/\/wirtschaftlichefreiheit.de\/wordpress\/?p=27718#respond"]}]},{"@type":"WebPage","@id":"https:\/\/wirtschaftlichefreiheit.de\/wordpress\/?p=27718","url":"https:\/\/wirtschaftlichefreiheit.de\/wordpress\/?p=27718","name":"Corona, L\u00e4nder und Wirtschaft (1) Die Niederlande meistern die Wirtschaftskrise am besten - Wirtschaftliche Freiheit","isPartOf":{"@id":"https:\/\/wirtschaftlichefreiheit.de\/wordpress\/#website"},"primaryImageOfPage":{"@id":"https:\/\/wirtschaftlichefreiheit.de\/wordpress\/?p=27718#primaryimage"},"image":{"@id":"https:\/\/wirtschaftlichefreiheit.de\/wordpress\/?p=27718#primaryimage"},"thumbnailUrl":"https:\/\/wirtschaftlichefreiheit.de\/wordpress\/bilder\/nl.png","datePublished":"2020-07-21T08:08:16+00:00","dateModified":"2020-08-12T15:46:02+00:00","author":{"@id":"https:\/\/wirtschaftlichefreiheit.de\/wordpress\/#\/schema\/person\/4d6f55a628ff7999f3bd1817b49d1c2d"},"breadcrumb":{"@id":"https:\/\/wirtschaftlichefreiheit.de\/wordpress\/?p=27718#breadcrumb"},"inLanguage":"de","potentialAction":[{"@type":"ReadAction","target":["https:\/\/wirtschaftlichefreiheit.de\/wordpress\/?p=27718"]}]},{"@type":"ImageObject","inLanguage":"de","@id":"https:\/\/wirtschaftlichefreiheit.de\/wordpress\/?p=27718#primaryimage","url":"https:\/\/wirtschaftlichefreiheit.de\/wordpress\/bilder\/nl.png","contentUrl":"https:\/\/wirtschaftlichefreiheit.de\/wordpress\/bilder\/nl.png","width":764,"height":531},{"@type":"BreadcrumbList","@id":"https:\/\/wirtschaftlichefreiheit.de\/wordpress\/?p=27718#breadcrumb","itemListElement":[{"@type":"ListItem","position":1,"name":"Startseite","item":"https:\/\/wirtschaftlichefreiheit.de\/wordpress"},{"@type":"ListItem","position":2,"name":"Corona, L\u00e4nder und Wirtschaft (1) Die Niederlande meistern die Wirtschaftskrise am besten"}]},{"@type":"WebSite","@id":"https:\/\/wirtschaftlichefreiheit.de\/wordpress\/#website","url":"https:\/\/wirtschaftlichefreiheit.de\/wordpress\/","name":"Wirtschaftliche Freiheit","description":"Das ordnungspolitische Journal","potentialAction":[{"@type":"SearchAction","target":{"@type":"EntryPoint","urlTemplate":"https:\/\/wirtschaftlichefreiheit.de\/wordpress\/?s={search_term_string}"},"query-input":{"@type":"PropertyValueSpecification","valueRequired":true,"valueName":"search_term_string"}}],"inLanguage":"de"},{"@type":"Person","@id":"https:\/\/wirtschaftlichefreiheit.de\/wordpress\/#\/schema\/person\/4d6f55a628ff7999f3bd1817b49d1c2d","name":"Marco Wagner","image":{"@type":"ImageObject","inLanguage":"de","@id":"https:\/\/wirtschaftlichefreiheit.de\/wordpress\/bilder\/252.png.jpg","url":"https:\/\/wirtschaftlichefreiheit.de\/wordpress\/bilder\/252.png.jpg","contentUrl":"https:\/\/wirtschaftlichefreiheit.de\/wordpress\/bilder\/252.png.jpg","caption":"Marco Wagner"},"description":"Commerzbank Research","url":"https:\/\/wirtschaftlichefreiheit.de\/wordpress\/?author=340"}]}},"_links":{"self":[{"href":"https:\/\/wirtschaftlichefreiheit.de\/wordpress\/index.php?rest_route=\/wp\/v2\/posts\/27718","targetHints":{"allow":["GET"]}}],"collection":[{"href":"https:\/\/wirtschaftlichefreiheit.de\/wordpress\/index.php?rest_route=\/wp\/v2\/posts"}],"about":[{"href":"https:\/\/wirtschaftlichefreiheit.de\/wordpress\/index.php?rest_route=\/wp\/v2\/types\/post"}],"author":[{"embeddable":true,"href":"https:\/\/wirtschaftlichefreiheit.de\/wordpress\/index.php?rest_route=\/wp\/v2\/users\/340"}],"replies":[{"embeddable":true,"href":"https:\/\/wirtschaftlichefreiheit.de\/wordpress\/index.php?rest_route=%2Fwp%2Fv2%2Fcomments&post=27718"}],"version-history":[{"count":9,"href":"https:\/\/wirtschaftlichefreiheit.de\/wordpress\/index.php?rest_route=\/wp\/v2\/posts\/27718\/revisions"}],"predecessor-version":[{"id":27720,"href":"https:\/\/wirtschaftlichefreiheit.de\/wordpress\/index.php?rest_route=\/wp\/v2\/posts\/27718\/revisions\/27720"}],"wp:featuredmedia":[{"embeddable":true,"href":"https:\/\/wirtschaftlichefreiheit.de\/wordpress\/index.php?rest_route=\/wp\/v2\/media\/27724"}],"wp:attachment":[{"href":"https:\/\/wirtschaftlichefreiheit.de\/wordpress\/index.php?rest_route=%2Fwp%2Fv2%2Fmedia&parent=27718"}],"wp:term":[{"taxonomy":"category","embeddable":true,"href":"https:\/\/wirtschaftlichefreiheit.de\/wordpress\/index.php?rest_route=%2Fwp%2Fv2%2Fcategories&post=27718"},{"taxonomy":"post_tag","embeddable":true,"href":"https:\/\/wirtschaftlichefreiheit.de\/wordpress\/index.php?rest_route=%2Fwp%2Fv2%2Ftags&post=27718"}],"curies":[{"name":"wp","href":"https:\/\/api.w.org\/{rel}","templated":true}]}}