{"id":2851,"date":"2010-03-10T07:00:39","date_gmt":"2010-03-10T06:00:39","guid":{"rendered":"http:\/\/wirtschaftlichefreiheit.de\/wordpress\/?p=2851"},"modified":"2010-03-10T10:54:56","modified_gmt":"2010-03-10T09:54:56","slug":"der-europaeische-waehrungsfond-ewf-ist-keine-gute-idee","status":"publish","type":"post","link":"https:\/\/wirtschaftlichefreiheit.de\/wordpress\/?p=2851","title":{"rendered":"Der Europ\u00e4ische W\u00e4hrungsfonds (EWF) ist keine gute Idee"},"content":{"rendered":"<p style=\"text-align: justify;\">Die Bundesregierung bef\u00fcrwortet die Gr\u00fcndung eines Europ\u00e4ischen W\u00e4hrungsfonds (EWF) nach dem Vorbild des Internationalen W\u00e4hrungsfonds (IWF). Mit dem EWF soll die &#8222;akute Krise&#8220; bew\u00e4ltigt und f\u00fcr k\u00fcnftige F\u00e4lle ein &#8222;Krisenmanagement&#8220; sichergestellt werden. Dieser Plan d\u00fcrfte bei den Regierungen im Euroraum auf Zustimmung sto\u00dfen, verspricht er doch den disziplinierenden Druck der Kapitalm\u00e4rkte auf das eigene Finanzgebaren abzuschw\u00e4chen. Doch was sind die weiteren \u00f6konomischen Konsequenzen eines solchen Vorhabens? Um diese Frage zu beantworten, ist es aufschlussreich, zun\u00e4chst die Finanzierung des IWF zu betrachten. Um die &#8222;internationale Liquidit\u00e4t&#8220; auf eine autonome Basis zu stellen, wurden 1967 sogenannte &#8222;Sonderziehungsrechte&#8220; geschaffen. Sie dienen den IWF-Mitgliedsl\u00e4ndern seit 1970 neben Gold und US-Dollar als Reservemedium.<\/p>\n<p style=\"text-align: justify;\"><!--more--><\/p>\n<p style=\"text-align: center;\"><strong>Anspruch auf Umtausch<\/strong><\/p>\n<p style=\"text-align: justify;\">Ein Land, dem der IWF Sonderziehungsrechte (SZ) zugeteilt hat, hat einen Anspruch auf den Umtausch der SZ beim IWF in eine gew\u00fcnschte W\u00e4hrung. Bereitgestellt wird das Geld letztlich von den Zentralbanken der IWF-Mitgliedsl\u00e4nder: Sie haben die gew\u00fcnschten Betr\u00e4ge beizusteuern. Angesichts der j\u00fcngst geforderten Aufstockung der SZ kritisierte EZB-Direktoriumsmitglied J\u00fcrgen Stark: &#8222;Das ist reine Geldsch\u00f6pfung. Das ist Helikopter-Geld f\u00fcr den Globus.&#8220; Die Finanzierung der IWF-(Kredit-)Programme ist in der Tat dann inflation\u00e4r, wenn die Betr\u00e4ge, die an den IWF \u00fcberwiesen werden, aus zus\u00e4tzlicher Geldsch\u00f6pfung stammen und diese Betr\u00e4ge nicht kompensiert werden durch R\u00fcckf\u00fchrungen der &#8222;normalen&#8220; Geldsch\u00f6pfung im Zuge der regul\u00e4ren Offenmarktgesch\u00e4fte. Wie der EWF finanziert werden soll, ist also von ganz besonderer Bedeutung. Folgende Finanzierungsoptionen sind denkbar. Erstens: Die Finanzierung des EWF kann durch Bareinlage erfolgen. Doch angesichts der finanziellen Engp\u00e4sse bei nahezu allen Mitgliedsregierungen w\u00e4re das mit gro\u00dfen (Opportunit\u00e4ts-)Kosten &#8211; und noch mehr Kreditaufnahme &#8211; verbunden. Zweitens: Die Mitgliedsl\u00e4nder des EWF werden mit Forderungsanspr\u00fcchen, \u00e4hnlich denen der SZ, ausgestattet. Im Krisenfall w\u00fcrden einzelne L\u00e4nder Geld vom EWF anfordern k\u00f6nnen. Sp\u00e4testens zu diesem Zeitpunkt m\u00fcssten die Anspr\u00fcche jedoch finanziert werden: Entweder m\u00fcssen die EWF-Teilnehmerl\u00e4nder Steuergelder an den EWF \u00fcberweisen, Kredite aufnehmen, und\/oder aber das Eurosystem muss neues Geld sch\u00f6pfen.<\/p>\n<p style=\"text-align: center;\"><strong>Reserven von der EZB<\/strong><\/p>\n<p style=\"text-align: justify;\">Drittens: Der EWF erh\u00e4lt Euroreserven von der EZB. Diese \u00fcbertr\u00e4gt einen Teil ihrer W\u00e4hrungsreserven an den EWF und erh\u00e4lt daf\u00fcr Forderungen gegen\u00fcber dem EWF. Das jedoch k\u00f6nnte nicht nur zu einer erheblichen Verschlechterung der Qualit\u00e4t des Verm\u00f6gens f\u00fchren, das das Eurosystem auf der Aktivseite ausweist, sondern die W\u00e4hrungsreserven-Autonomie des Eurosystems w\u00fcrde auch empfindlich eingeschr\u00e4nkt. Dass der EWF mehr Durchschlagskraft haben soll als die (bislang) geltenden EU-Regeln und damit die Gesundung der Staatsfinanzen bef\u00f6rdern kann, ist nicht unmittelbar ersichtlich. Gleichzeitig ist jedoch eine Reihe negativer Effekte erkennbar, die mit dem EWF verbunden w\u00e4ren: Der EWF hebelt de facto die &#8222;No Bail-out&#8220;-Klausel im EU-Vertrag aus. Sie sieht vor, dass kein Land von den \u00fcbrigen L\u00e4ndern vor der Pleite bewahrt werden darf. Au\u00dferdem: Soll der EWF zum Hauptgl\u00e4ubiger eines EU-Schuldnerlandes werden \u2013 etwa indem er Anleihen eines strauchelnden Schuldnerlandes aufkauft \u2013, so entsteht &#8222;Moral Hazard&#8220;: Mit dem Errichten des EWF k\u00f6nnen die Finanzm\u00e4rkte (endg\u00fcltig) davon ausgehen, dass ein Schuldnerland in jedem Falle vor der Zahlungsunf\u00e4higkeit bewahrt wird \u2013 eine Entwicklung, die vermutlich bereits das Preisgef\u00fcge im Staatsanleihenmarkt ma\u00dfgeblich erfasst hat.<\/p>\n<p style=\"text-align: center;\"><strong>Abbildung:<br \/>\nSovereign CDS Spreads in Basispunkten, 5-Jahre Laufzeit<\/strong><\/p>\n<p><a href=\"\/wordpress\/bilder\/polleit_pic_4.jpg\"><img decoding=\"async\" class=\"aligncenter\" title=\"Sovereign CDS Spreads in Basispunkten, 5-Jahre Laufzeit\" src=\"\/wordpress\/bilder\/polleit_pic_4\" alt=\"Europ\u00e4ischer W\u00e4hrungsfonds\" width=\"400\" \/><\/a><br \/>\n<small>&#8211; zum Vergr\u00f6\u00dfern bitte auf die Grafik klicken &#8211; <\/small><\/p>\n<p><strong>Quelle:<\/strong> Bloomberg.<\/p>\n<p style=\"text-align: center;\"><strong>Schuldenqualit\u00e4t f\u00e4rbt ab<\/strong><\/p>\n<p style=\"text-align: justify;\">Schlie\u00dflich f\u00e4rbt die schlechte Schuldenqualit\u00e4t eines Landes auf die \u00fcbrigen L\u00e4nder ab. Denn sie werden f\u00fcr die unsolide Finanzpolitik eines Landes haftbar gemacht und m\u00fcssen die Kredite durch Steuern oder neue Kredite finanzieren. Die Finanzierung des EWF w\u00fcrde im Krisenfall wohl mit einem Anwachsen der Staatsverschuldung verbunden sein, und der politische Druck auf die EZB, die Staatsschulden zu monetisieren, stiege weiter an.<br \/>\nWegen dieser \u00dcberlegungen erscheint die Gr\u00fcndung des EWF, der im Regelwerk der EU-Vertr\u00e4ge \u00fcberdies gar nicht vorgesehen ist, \u00e4u\u00dferst problematisch: Weil er keine \u00fcberzeugende Rezeptur gegen die Ursachen f\u00fcr ungesunde Staatsfinanzen ist und zudem das Risiko birgt, neue Probleme zu schaffen, die das Europrojekt durch anwachsende Transferzahlungen und steigende Inflation gef\u00e4hrden k\u00f6nnen. Ein produktiver Beitrag w\u00e4re vielmehr eine R\u00fcckkehr zur fiskalischen Disziplin, wie sie der Europ\u00e4ische Stabilit\u00e4ts- und Wachstumspakt vorsieht.<\/p>\n<!-- AddThis Advanced Settings generic via filter on the_content --><!-- AddThis Share Buttons generic via filter on the_content --><!-- AddThis Related Posts generic via filter on the_content -->","protected":false},"excerpt":{"rendered":"<p>Die Bundesregierung bef\u00fcrwortet die Gr\u00fcndung eines Europ\u00e4ischen W\u00e4hrungsfonds (EWF) nach dem Vorbild des Internationalen W\u00e4hrungsfonds (IWF). Mit dem EWF soll die &#8222;akute Krise&#8220; bew\u00e4ltigt und &hellip; <\/p>\n<p class=\"link-more\"><a href=\"https:\/\/wirtschaftlichefreiheit.de\/wordpress\/?p=2851\" class=\"more-link\"><span class=\"screen-reader-text\">\u201eDer Europ\u00e4ische W\u00e4hrungsfonds (EWF) ist keine gute Idee\u201c <\/span>weiterlesen<\/a><\/p>\n<p><!-- AddThis Advanced Settings generic via filter on wp_trim_excerpt --><!-- AddThis Share Buttons generic via filter on wp_trim_excerpt --><!-- AddThis Related Posts generic via filter on wp_trim_excerpt --><\/p>\n","protected":false},"author":16,"featured_media":0,"comment_status":"open","ping_status":"open","sticky":false,"template":"","format":"standard","meta":{"footnotes":""},"categories":[6,8,12],"tags":[],"class_list":["post-2851","post","type-post","status-publish","format-standard","hentry","category-alles","category-europaisches","category-monetares"],"yoast_head":"<!-- This site is optimized with the Yoast SEO plugin v27.2 - https:\/\/yoast.com\/product\/yoast-seo-wordpress\/ -->\n<title>Der Europ\u00e4ische W\u00e4hrungsfonds (EWF) ist keine gute Idee - Wirtschaftliche Freiheit<\/title>\n<meta name=\"robots\" content=\"index, follow, max-snippet:-1, max-image-preview:large, max-video-preview:-1\" \/>\n<link rel=\"canonical\" href=\"https:\/\/wirtschaftlichefreiheit.de\/wordpress\/?p=2851\" \/>\n<meta property=\"og:locale\" content=\"de_DE\" \/>\n<meta property=\"og:type\" content=\"article\" \/>\n<meta property=\"og:title\" content=\"Der Europ\u00e4ische W\u00e4hrungsfonds (EWF) ist keine gute Idee - Wirtschaftliche Freiheit\" \/>\n<meta property=\"og:description\" content=\"Die Bundesregierung bef\u00fcrwortet die Gr\u00fcndung eines Europ\u00e4ischen W\u00e4hrungsfonds (EWF) nach dem Vorbild des Internationalen W\u00e4hrungsfonds (IWF). Mit dem EWF soll die &#8222;akute Krise&#8220; bew\u00e4ltigt und &hellip; \u201eDer Europ\u00e4ische W\u00e4hrungsfonds (EWF) ist keine gute Idee\u201c weiterlesen\" \/>\n<meta property=\"og:url\" content=\"https:\/\/wirtschaftlichefreiheit.de\/wordpress\/?p=2851\" \/>\n<meta property=\"og:site_name\" content=\"Wirtschaftliche Freiheit\" \/>\n<meta property=\"article:published_time\" content=\"2010-03-10T06:00:39+00:00\" \/>\n<meta property=\"article:modified_time\" content=\"2010-03-10T09:54:56+00:00\" \/>\n<meta name=\"author\" content=\"Thorsten Polleit\" \/>\n<meta name=\"twitter:card\" content=\"summary_large_image\" \/>\n<meta name=\"twitter:label1\" content=\"Verfasst von\" \/>\n\t<meta name=\"twitter:data1\" content=\"Thorsten Polleit\" \/>\n\t<meta name=\"twitter:label2\" content=\"Gesch\u00e4tzte Lesezeit\" \/>\n\t<meta name=\"twitter:data2\" content=\"4\u00a0Minuten\" \/>\n<script type=\"application\/ld+json\" class=\"yoast-schema-graph\">{\"@context\":\"https:\/\/schema.org\",\"@graph\":[{\"@type\":\"Article\",\"@id\":\"https:\/\/wirtschaftlichefreiheit.de\/wordpress\/?p=2851#article\",\"isPartOf\":{\"@id\":\"https:\/\/wirtschaftlichefreiheit.de\/wordpress\/?p=2851\"},\"author\":{\"name\":\"Thorsten Polleit\",\"@id\":\"https:\/\/wirtschaftlichefreiheit.de\/wordpress\/#\/schema\/person\/5014b3c8e19ac7d37229034d840036d6\"},\"headline\":\"Der Europ\u00e4ische W\u00e4hrungsfonds (EWF) ist keine gute Idee\",\"datePublished\":\"2010-03-10T06:00:39+00:00\",\"dateModified\":\"2010-03-10T09:54:56+00:00\",\"mainEntityOfPage\":{\"@id\":\"https:\/\/wirtschaftlichefreiheit.de\/wordpress\/?p=2851\"},\"wordCount\":747,\"commentCount\":3,\"articleSection\":[\"Alle Kategorien\",\"Europ\u00e4isches\",\"Monet\u00e4res\"],\"inLanguage\":\"de\",\"potentialAction\":[{\"@type\":\"CommentAction\",\"name\":\"Comment\",\"target\":[\"https:\/\/wirtschaftlichefreiheit.de\/wordpress\/?p=2851#respond\"]}]},{\"@type\":\"WebPage\",\"@id\":\"https:\/\/wirtschaftlichefreiheit.de\/wordpress\/?p=2851\",\"url\":\"https:\/\/wirtschaftlichefreiheit.de\/wordpress\/?p=2851\",\"name\":\"Der Europ\u00e4ische W\u00e4hrungsfonds (EWF) ist keine gute Idee - Wirtschaftliche Freiheit\",\"isPartOf\":{\"@id\":\"https:\/\/wirtschaftlichefreiheit.de\/wordpress\/#website\"},\"datePublished\":\"2010-03-10T06:00:39+00:00\",\"dateModified\":\"2010-03-10T09:54:56+00:00\",\"author\":{\"@id\":\"https:\/\/wirtschaftlichefreiheit.de\/wordpress\/#\/schema\/person\/5014b3c8e19ac7d37229034d840036d6\"},\"breadcrumb\":{\"@id\":\"https:\/\/wirtschaftlichefreiheit.de\/wordpress\/?p=2851#breadcrumb\"},\"inLanguage\":\"de\",\"potentialAction\":[{\"@type\":\"ReadAction\",\"target\":[\"https:\/\/wirtschaftlichefreiheit.de\/wordpress\/?p=2851\"]}]},{\"@type\":\"BreadcrumbList\",\"@id\":\"https:\/\/wirtschaftlichefreiheit.de\/wordpress\/?p=2851#breadcrumb\",\"itemListElement\":[{\"@type\":\"ListItem\",\"position\":1,\"name\":\"Startseite\",\"item\":\"https:\/\/wirtschaftlichefreiheit.de\/wordpress\"},{\"@type\":\"ListItem\",\"position\":2,\"name\":\"Der Europ\u00e4ische W\u00e4hrungsfonds (EWF) ist keine gute Idee\"}]},{\"@type\":\"WebSite\",\"@id\":\"https:\/\/wirtschaftlichefreiheit.de\/wordpress\/#website\",\"url\":\"https:\/\/wirtschaftlichefreiheit.de\/wordpress\/\",\"name\":\"Wirtschaftliche Freiheit\",\"description\":\"Das ordnungspolitische Journal\",\"potentialAction\":[{\"@type\":\"SearchAction\",\"target\":{\"@type\":\"EntryPoint\",\"urlTemplate\":\"https:\/\/wirtschaftlichefreiheit.de\/wordpress\/?s={search_term_string}\"},\"query-input\":{\"@type\":\"PropertyValueSpecification\",\"valueRequired\":true,\"valueName\":\"search_term_string\"}}],\"inLanguage\":\"de\"},{\"@type\":\"Person\",\"@id\":\"https:\/\/wirtschaftlichefreiheit.de\/wordpress\/#\/schema\/person\/5014b3c8e19ac7d37229034d840036d6\",\"name\":\"Thorsten Polleit\",\"image\":{\"@type\":\"ImageObject\",\"inLanguage\":\"de\",\"@id\":\"https:\/\/wirtschaftlichefreiheit.de\/wordpress\/bilder\/thorsten_polleit.jpg\",\"url\":\"https:\/\/wirtschaftlichefreiheit.de\/wordpress\/bilder\/thorsten_polleit.jpg\",\"contentUrl\":\"https:\/\/wirtschaftlichefreiheit.de\/wordpress\/bilder\/thorsten_polleit.jpg\",\"caption\":\"Thorsten Polleit\"},\"description\":\"Universit\u00e4t Bayreuth\",\"url\":\"https:\/\/wirtschaftlichefreiheit.de\/wordpress\/?author=16\"}]}<\/script>\n<!-- \/ Yoast SEO plugin. -->","yoast_head_json":{"title":"Der Europ\u00e4ische W\u00e4hrungsfonds (EWF) ist keine gute Idee - Wirtschaftliche Freiheit","robots":{"index":"index","follow":"follow","max-snippet":"max-snippet:-1","max-image-preview":"max-image-preview:large","max-video-preview":"max-video-preview:-1"},"canonical":"https:\/\/wirtschaftlichefreiheit.de\/wordpress\/?p=2851","og_locale":"de_DE","og_type":"article","og_title":"Der Europ\u00e4ische W\u00e4hrungsfonds (EWF) ist keine gute Idee - Wirtschaftliche Freiheit","og_description":"Die Bundesregierung bef\u00fcrwortet die Gr\u00fcndung eines Europ\u00e4ischen W\u00e4hrungsfonds (EWF) nach dem Vorbild des Internationalen W\u00e4hrungsfonds (IWF). Mit dem EWF soll die &#8222;akute Krise&#8220; bew\u00e4ltigt und &hellip; \u201eDer Europ\u00e4ische W\u00e4hrungsfonds (EWF) ist keine gute Idee\u201c weiterlesen","og_url":"https:\/\/wirtschaftlichefreiheit.de\/wordpress\/?p=2851","og_site_name":"Wirtschaftliche Freiheit","article_published_time":"2010-03-10T06:00:39+00:00","article_modified_time":"2010-03-10T09:54:56+00:00","author":"Thorsten Polleit","twitter_card":"summary_large_image","twitter_misc":{"Verfasst von":"Thorsten Polleit","Gesch\u00e4tzte Lesezeit":"4\u00a0Minuten"},"schema":{"@context":"https:\/\/schema.org","@graph":[{"@type":"Article","@id":"https:\/\/wirtschaftlichefreiheit.de\/wordpress\/?p=2851#article","isPartOf":{"@id":"https:\/\/wirtschaftlichefreiheit.de\/wordpress\/?p=2851"},"author":{"name":"Thorsten Polleit","@id":"https:\/\/wirtschaftlichefreiheit.de\/wordpress\/#\/schema\/person\/5014b3c8e19ac7d37229034d840036d6"},"headline":"Der Europ\u00e4ische W\u00e4hrungsfonds (EWF) ist keine gute Idee","datePublished":"2010-03-10T06:00:39+00:00","dateModified":"2010-03-10T09:54:56+00:00","mainEntityOfPage":{"@id":"https:\/\/wirtschaftlichefreiheit.de\/wordpress\/?p=2851"},"wordCount":747,"commentCount":3,"articleSection":["Alle Kategorien","Europ\u00e4isches","Monet\u00e4res"],"inLanguage":"de","potentialAction":[{"@type":"CommentAction","name":"Comment","target":["https:\/\/wirtschaftlichefreiheit.de\/wordpress\/?p=2851#respond"]}]},{"@type":"WebPage","@id":"https:\/\/wirtschaftlichefreiheit.de\/wordpress\/?p=2851","url":"https:\/\/wirtschaftlichefreiheit.de\/wordpress\/?p=2851","name":"Der Europ\u00e4ische W\u00e4hrungsfonds (EWF) ist keine gute Idee - Wirtschaftliche Freiheit","isPartOf":{"@id":"https:\/\/wirtschaftlichefreiheit.de\/wordpress\/#website"},"datePublished":"2010-03-10T06:00:39+00:00","dateModified":"2010-03-10T09:54:56+00:00","author":{"@id":"https:\/\/wirtschaftlichefreiheit.de\/wordpress\/#\/schema\/person\/5014b3c8e19ac7d37229034d840036d6"},"breadcrumb":{"@id":"https:\/\/wirtschaftlichefreiheit.de\/wordpress\/?p=2851#breadcrumb"},"inLanguage":"de","potentialAction":[{"@type":"ReadAction","target":["https:\/\/wirtschaftlichefreiheit.de\/wordpress\/?p=2851"]}]},{"@type":"BreadcrumbList","@id":"https:\/\/wirtschaftlichefreiheit.de\/wordpress\/?p=2851#breadcrumb","itemListElement":[{"@type":"ListItem","position":1,"name":"Startseite","item":"https:\/\/wirtschaftlichefreiheit.de\/wordpress"},{"@type":"ListItem","position":2,"name":"Der Europ\u00e4ische W\u00e4hrungsfonds (EWF) ist keine gute Idee"}]},{"@type":"WebSite","@id":"https:\/\/wirtschaftlichefreiheit.de\/wordpress\/#website","url":"https:\/\/wirtschaftlichefreiheit.de\/wordpress\/","name":"Wirtschaftliche Freiheit","description":"Das ordnungspolitische Journal","potentialAction":[{"@type":"SearchAction","target":{"@type":"EntryPoint","urlTemplate":"https:\/\/wirtschaftlichefreiheit.de\/wordpress\/?s={search_term_string}"},"query-input":{"@type":"PropertyValueSpecification","valueRequired":true,"valueName":"search_term_string"}}],"inLanguage":"de"},{"@type":"Person","@id":"https:\/\/wirtschaftlichefreiheit.de\/wordpress\/#\/schema\/person\/5014b3c8e19ac7d37229034d840036d6","name":"Thorsten Polleit","image":{"@type":"ImageObject","inLanguage":"de","@id":"https:\/\/wirtschaftlichefreiheit.de\/wordpress\/bilder\/thorsten_polleit.jpg","url":"https:\/\/wirtschaftlichefreiheit.de\/wordpress\/bilder\/thorsten_polleit.jpg","contentUrl":"https:\/\/wirtschaftlichefreiheit.de\/wordpress\/bilder\/thorsten_polleit.jpg","caption":"Thorsten Polleit"},"description":"Universit\u00e4t Bayreuth","url":"https:\/\/wirtschaftlichefreiheit.de\/wordpress\/?author=16"}]}},"_links":{"self":[{"href":"https:\/\/wirtschaftlichefreiheit.de\/wordpress\/index.php?rest_route=\/wp\/v2\/posts\/2851","targetHints":{"allow":["GET"]}}],"collection":[{"href":"https:\/\/wirtschaftlichefreiheit.de\/wordpress\/index.php?rest_route=\/wp\/v2\/posts"}],"about":[{"href":"https:\/\/wirtschaftlichefreiheit.de\/wordpress\/index.php?rest_route=\/wp\/v2\/types\/post"}],"author":[{"embeddable":true,"href":"https:\/\/wirtschaftlichefreiheit.de\/wordpress\/index.php?rest_route=\/wp\/v2\/users\/16"}],"replies":[{"embeddable":true,"href":"https:\/\/wirtschaftlichefreiheit.de\/wordpress\/index.php?rest_route=%2Fwp%2Fv2%2Fcomments&post=2851"}],"version-history":[{"count":12,"href":"https:\/\/wirtschaftlichefreiheit.de\/wordpress\/index.php?rest_route=\/wp\/v2\/posts\/2851\/revisions"}],"predecessor-version":[{"id":2863,"href":"https:\/\/wirtschaftlichefreiheit.de\/wordpress\/index.php?rest_route=\/wp\/v2\/posts\/2851\/revisions\/2863"}],"wp:attachment":[{"href":"https:\/\/wirtschaftlichefreiheit.de\/wordpress\/index.php?rest_route=%2Fwp%2Fv2%2Fmedia&parent=2851"}],"wp:term":[{"taxonomy":"category","embeddable":true,"href":"https:\/\/wirtschaftlichefreiheit.de\/wordpress\/index.php?rest_route=%2Fwp%2Fv2%2Fcategories&post=2851"},{"taxonomy":"post_tag","embeddable":true,"href":"https:\/\/wirtschaftlichefreiheit.de\/wordpress\/index.php?rest_route=%2Fwp%2Fv2%2Ftags&post=2851"}],"curies":[{"name":"wp","href":"https:\/\/api.w.org\/{rel}","templated":true}]}}