{"id":28937,"date":"2021-04-04T00:46:41","date_gmt":"2021-04-03T23:46:41","guid":{"rendered":"http:\/\/wirtschaftlichefreiheit.de\/wordpress\/?p=28937"},"modified":"2023-01-16T13:17:20","modified_gmt":"2023-01-16T12:17:20","slug":"podcast-wettbewerb-der-ideen-der-bessere-ansatz-in-der-corona-krise","status":"publish","type":"post","link":"https:\/\/wirtschaftlichefreiheit.de\/wordpress\/?p=28937","title":{"rendered":"<font size=3; color=grey>Podcast <\/font><br\/>Wettbewerb der Ideen <br\/><font size=3; color=grey>Der bessere Ansatz in der Corona-Krise? <\/font>"},"content":{"rendered":"<p>Nach einem Jahr Corona-Krise f\u00e4llt das Zeugnis f\u00fcr das politische Pandemiemanagement gemischt aus. Zun\u00e4chst handelte der Staat konsequent und sachgerecht und trug damit zu einer schnellen Beruhigung der Infektionslage bei. Der Politik hat es dann aber nicht mehr gereicht, einen Handlungsrahmen zu setzen und die Wirtschaft nur dort herunterzufahren, wo aufgrund der Kontaktdichte Infektionen kaum zu vermeiden sind (z.B. Veranstaltungen\/Konzerte). Stattdessen hat die Regierung immer wieder weitgehend pauschale Lockdowns verh\u00e4ngt oder verl\u00e4ngert. Sie hat es vers\u00e4umt, die Kreativit\u00e4t der Unternehmen und den Wettbewerb der Ideen zwischen den Regionen zu nutzen. Somit ist auch ein Jahr nach Ausbruch der Pandemie ein differenzierter Umgang mit dem Infektionsgeschehen allenfalls schemenhaft zu erkennen.<\/p>\n<p><!--more--><\/p>\n<p>Welche Alternativen h\u00e4tte es gegeben? Welche Staatsformen haben sich beim Pandemiemanagement als erfolgreich erwiesen? Ist der Begriff des f\u00f6deralen \u201eFlickenteppichs\u201c angemessen oder w\u00e4re der Wettbewerb der Regionen nicht vielmehr ein Teil der L\u00f6sung?<\/p>\n<p>Diese und weitere Fragen diskutieren Prof. Dr. Thomas Mayer, Prof. Dr. Norbert Berthold und Dr. J\u00f6rn Quitzau.<\/p>\n<p>Prof. Dr. Thomas Mayer ist Gr\u00fcndungsdirektor und Leiter des Flossbach von Storch Research Institute. Er war Chefvolkswirt der Deutsche Bank Gruppe und Leiter von Deutsche Bank Research. Zuvor bei Goldman Sachs, Salomon Brothers, Internationaler W\u00e4hrungsfonds und Institut f\u00fcr Weltwirtschaft in Kiel. Seit 2015 Honorarprofessor der Universit\u00e4t Witten-Herdecke.<\/p>\n<p>Prof. Dr. Norbert Berthold ist Professor (em.) f\u00fcr Volkswirtschaftslehre, insbesondere Wirtschaftsordnung und Sozialpolitik an der Julius-Maximilians-Universit\u00e4t W\u00fcrzburg. Er war an den Universit\u00e4ten Freiburg, M\u00fcnster, Hamburg, D\u00fcsseldorf und W\u00fcrzburg t\u00e4tig.&nbsp;Norbert Berthold ist Initiator und Betreiber des \u00d6konomen-Blogs \u201eWirtschaftliche Freiheit\u201c und damit auch Namensgeber und Mitinitiator dieses Podcasts.<\/p>\n<p>Dr. J\u00f6rn Quitzau ist Leiter Wirtschaftstrends beim Bankhaus Berenberg. Zuvor war er als Senior Economist bei Deutsche Bank Research. Er ist Mitinitiator dieses Podcasts.<br \/>\n<iframe loading=\"lazy\" src=\"https:\/\/open.spotify.com\/embed-podcast\/episode\/6cqFim2MkXrK28YDnK3K0H\" width=\"100%\" height=\"232\" frameborder=\"0\"><\/iframe><\/p>\n<!-- AddThis Advanced Settings generic via filter on the_content --><!-- AddThis Share Buttons generic via filter on the_content --><!-- AddThis Related Posts generic via filter on the_content -->","protected":false},"excerpt":{"rendered":"<p>Nach einem Jahr Corona-Krise f\u00e4llt das Zeugnis f\u00fcr das politische Pandemiemanagement gemischt aus. Zun\u00e4chst handelte der Staat konsequent und sachgerecht und trug damit zu einer &hellip; <\/p>\n<p class=\"link-more\"><a href=\"https:\/\/wirtschaftlichefreiheit.de\/wordpress\/?p=28937\" class=\"more-link\"><span class=\"screen-reader-text\">\u201e<font size=3; color=grey>Podcast <\/font><br \/>Wettbewerb der Ideen <br \/><font size=3; color=grey>Der bessere Ansatz in der Corona-Krise? <\/font>\u201c <\/span>weiterlesen<\/a><\/p>\n<p><!-- AddThis Advanced Settings generic via filter on wp_trim_excerpt --><!-- AddThis Share Buttons generic via filter on wp_trim_excerpt --><!-- AddThis Related Posts generic via filter on wp_trim_excerpt --><\/p>\n","protected":false},"author":58,"featured_media":28939,"comment_status":"open","ping_status":"open","sticky":false,"template":"","format":"standard","meta":{"footnotes":""},"categories":[2,3357,4378,23],"tags":[556,3420,3698,2860,3110,352],"class_list":["post-28937","post","type-post","status-publish","format-standard","has-post-thumbnail","hentry","category-foderales","category-pandemisches","category-podcasts","category-wettbewerbliches","tag-berthold","tag-covid-19","tag-flickenteppich","tag-mayer","tag-quitzau","tag-wettbewerbsfoederalismus"],"yoast_head":"<!-- This site is optimized with the Yoast SEO plugin v27.2 - https:\/\/yoast.com\/product\/yoast-seo-wordpress\/ -->\n<title>Podcast Wettbewerb der Ideen Der bessere Ansatz in der Corona-Krise?  - Wirtschaftliche Freiheit<\/title>\n<meta name=\"robots\" content=\"index, follow, max-snippet:-1, max-image-preview:large, max-video-preview:-1\" \/>\n<link rel=\"canonical\" href=\"https:\/\/wirtschaftlichefreiheit.de\/wordpress\/?p=28937\" \/>\n<meta property=\"og:locale\" content=\"de_DE\" \/>\n<meta property=\"og:type\" content=\"article\" \/>\n<meta property=\"og:title\" content=\"Podcast Wettbewerb der Ideen Der bessere Ansatz in der Corona-Krise?  - Wirtschaftliche Freiheit\" \/>\n<meta property=\"og:description\" content=\"Nach einem Jahr Corona-Krise f\u00e4llt das Zeugnis f\u00fcr das politische Pandemiemanagement gemischt aus. Zun\u00e4chst handelte der Staat konsequent und sachgerecht und trug damit zu einer &hellip; \u201ePodcast Wettbewerb der Ideen Der bessere Ansatz in der Corona-Krise? \u201c weiterlesen\" \/>\n<meta property=\"og:url\" content=\"https:\/\/wirtschaftlichefreiheit.de\/wordpress\/?p=28937\" \/>\n<meta property=\"og:site_name\" content=\"Wirtschaftliche Freiheit\" \/>\n<meta property=\"article:published_time\" content=\"2021-04-03T23:46:41+00:00\" \/>\n<meta property=\"article:modified_time\" content=\"2023-01-16T12:17:20+00:00\" \/>\n<meta property=\"og:image\" content=\"http:\/\/wirtschaftlichefreiheit.de\/wordpress\/bilder\/podcast8-1024x576.png\" \/>\n\t<meta property=\"og:image:width\" content=\"1024\" \/>\n\t<meta property=\"og:image:height\" content=\"576\" \/>\n\t<meta property=\"og:image:type\" content=\"image\/png\" \/>\n<meta name=\"author\" content=\"Wirtschaftliche Freiheit\" \/>\n<meta name=\"twitter:card\" content=\"summary_large_image\" \/>\n<meta name=\"twitter:label1\" content=\"Verfasst von\" \/>\n\t<meta name=\"twitter:data1\" content=\"Wirtschaftliche Freiheit\" \/>\n\t<meta name=\"twitter:label2\" content=\"Gesch\u00e4tzte Lesezeit\" \/>\n\t<meta name=\"twitter:data2\" content=\"2\u00a0Minuten\" \/>\n<script type=\"application\/ld+json\" class=\"yoast-schema-graph\">{\"@context\":\"https:\/\/schema.org\",\"@graph\":[{\"@type\":\"Article\",\"@id\":\"https:\/\/wirtschaftlichefreiheit.de\/wordpress\/?p=28937#article\",\"isPartOf\":{\"@id\":\"https:\/\/wirtschaftlichefreiheit.de\/wordpress\/?p=28937\"},\"author\":{\"name\":\"Wirtschaftliche Freiheit\",\"@id\":\"https:\/\/wirtschaftlichefreiheit.de\/wordpress\/#\/schema\/person\/788618a184d31b0801c59c1fadd473c4\"},\"headline\":\"Podcast Wettbewerb der Ideen Der bessere Ansatz in der Corona-Krise?\",\"datePublished\":\"2021-04-03T23:46:41+00:00\",\"dateModified\":\"2023-01-16T12:17:20+00:00\",\"mainEntityOfPage\":{\"@id\":\"https:\/\/wirtschaftlichefreiheit.de\/wordpress\/?p=28937\"},\"wordCount\":314,\"commentCount\":1,\"image\":{\"@id\":\"https:\/\/wirtschaftlichefreiheit.de\/wordpress\/?p=28937#primaryimage\"},\"thumbnailUrl\":\"https:\/\/wirtschaftlichefreiheit.de\/wordpress\/bilder\/podcast8.png\",\"keywords\":[\"Berthold\",\"Covid-19\",\"Flickenteppich\",\"Mayer\",\"Quitzau\",\"Wettbewerbsf\u00f6deralismus\"],\"articleSection\":[\"F\u00f6derales\",\"Pandemisches\",\"Podcasts (neu)\",\"Wettbewerbliches\"],\"inLanguage\":\"de\",\"potentialAction\":[{\"@type\":\"CommentAction\",\"name\":\"Comment\",\"target\":[\"https:\/\/wirtschaftlichefreiheit.de\/wordpress\/?p=28937#respond\"]}]},{\"@type\":\"WebPage\",\"@id\":\"https:\/\/wirtschaftlichefreiheit.de\/wordpress\/?p=28937\",\"url\":\"https:\/\/wirtschaftlichefreiheit.de\/wordpress\/?p=28937\",\"name\":\"Podcast Wettbewerb der Ideen Der bessere Ansatz in der Corona-Krise? - Wirtschaftliche Freiheit\",\"isPartOf\":{\"@id\":\"https:\/\/wirtschaftlichefreiheit.de\/wordpress\/#website\"},\"primaryImageOfPage\":{\"@id\":\"https:\/\/wirtschaftlichefreiheit.de\/wordpress\/?p=28937#primaryimage\"},\"image\":{\"@id\":\"https:\/\/wirtschaftlichefreiheit.de\/wordpress\/?p=28937#primaryimage\"},\"thumbnailUrl\":\"https:\/\/wirtschaftlichefreiheit.de\/wordpress\/bilder\/podcast8.png\",\"datePublished\":\"2021-04-03T23:46:41+00:00\",\"dateModified\":\"2023-01-16T12:17:20+00:00\",\"author\":{\"@id\":\"https:\/\/wirtschaftlichefreiheit.de\/wordpress\/#\/schema\/person\/788618a184d31b0801c59c1fadd473c4\"},\"breadcrumb\":{\"@id\":\"https:\/\/wirtschaftlichefreiheit.de\/wordpress\/?p=28937#breadcrumb\"},\"inLanguage\":\"de\",\"potentialAction\":[{\"@type\":\"ReadAction\",\"target\":[\"https:\/\/wirtschaftlichefreiheit.de\/wordpress\/?p=28937\"]}]},{\"@type\":\"ImageObject\",\"inLanguage\":\"de\",\"@id\":\"https:\/\/wirtschaftlichefreiheit.de\/wordpress\/?p=28937#primaryimage\",\"url\":\"https:\/\/wirtschaftlichefreiheit.de\/wordpress\/bilder\/podcast8.png\",\"contentUrl\":\"https:\/\/wirtschaftlichefreiheit.de\/wordpress\/bilder\/podcast8.png\",\"width\":2000,\"height\":1125},{\"@type\":\"BreadcrumbList\",\"@id\":\"https:\/\/wirtschaftlichefreiheit.de\/wordpress\/?p=28937#breadcrumb\",\"itemListElement\":[{\"@type\":\"ListItem\",\"position\":1,\"name\":\"Startseite\",\"item\":\"https:\/\/wirtschaftlichefreiheit.de\/wordpress\"},{\"@type\":\"ListItem\",\"position\":2,\"name\":\"Podcast Wettbewerb der Ideen Der bessere Ansatz in der Corona-Krise?\"}]},{\"@type\":\"WebSite\",\"@id\":\"https:\/\/wirtschaftlichefreiheit.de\/wordpress\/#website\",\"url\":\"https:\/\/wirtschaftlichefreiheit.de\/wordpress\/\",\"name\":\"Wirtschaftliche Freiheit\",\"description\":\"Das ordnungspolitische Journal\",\"potentialAction\":[{\"@type\":\"SearchAction\",\"target\":{\"@type\":\"EntryPoint\",\"urlTemplate\":\"https:\/\/wirtschaftlichefreiheit.de\/wordpress\/?s={search_term_string}\"},\"query-input\":{\"@type\":\"PropertyValueSpecification\",\"valueRequired\":true,\"valueName\":\"search_term_string\"}}],\"inLanguage\":\"de\"},{\"@type\":\"Person\",\"@id\":\"https:\/\/wirtschaftlichefreiheit.de\/wordpress\/#\/schema\/person\/788618a184d31b0801c59c1fadd473c4\",\"name\":\"Wirtschaftliche Freiheit\",\"image\":{\"@type\":\"ImageObject\",\"inLanguage\":\"de\",\"@id\":\"https:\/\/wirtschaftlichefreiheit.de\/wordpress\/bilder\/189780_211178845564593_6670846_n.jpg\",\"url\":\"https:\/\/wirtschaftlichefreiheit.de\/wordpress\/bilder\/189780_211178845564593_6670846_n.jpg\",\"contentUrl\":\"https:\/\/wirtschaftlichefreiheit.de\/wordpress\/bilder\/189780_211178845564593_6670846_n.jpg\",\"caption\":\"Wirtschaftliche Freiheit\"},\"description\":\"Das ordnungspolitische Journal\",\"url\":\"https:\/\/wirtschaftlichefreiheit.de\/wordpress\/?author=58\"}]}<\/script>\n<!-- \/ Yoast SEO plugin. -->","yoast_head_json":{"title":"Podcast Wettbewerb der Ideen Der bessere Ansatz in der Corona-Krise?  - Wirtschaftliche Freiheit","robots":{"index":"index","follow":"follow","max-snippet":"max-snippet:-1","max-image-preview":"max-image-preview:large","max-video-preview":"max-video-preview:-1"},"canonical":"https:\/\/wirtschaftlichefreiheit.de\/wordpress\/?p=28937","og_locale":"de_DE","og_type":"article","og_title":"Podcast Wettbewerb der Ideen Der bessere Ansatz in der Corona-Krise?  - Wirtschaftliche Freiheit","og_description":"Nach einem Jahr Corona-Krise f\u00e4llt das Zeugnis f\u00fcr das politische Pandemiemanagement gemischt aus. Zun\u00e4chst handelte der Staat konsequent und sachgerecht und trug damit zu einer &hellip; \u201ePodcast Wettbewerb der Ideen Der bessere Ansatz in der Corona-Krise? \u201c weiterlesen","og_url":"https:\/\/wirtschaftlichefreiheit.de\/wordpress\/?p=28937","og_site_name":"Wirtschaftliche Freiheit","article_published_time":"2021-04-03T23:46:41+00:00","article_modified_time":"2023-01-16T12:17:20+00:00","og_image":[{"width":1024,"height":576,"url":"http:\/\/wirtschaftlichefreiheit.de\/wordpress\/bilder\/podcast8-1024x576.png","type":"image\/png"}],"author":"Wirtschaftliche Freiheit","twitter_card":"summary_large_image","twitter_misc":{"Verfasst von":"Wirtschaftliche Freiheit","Gesch\u00e4tzte Lesezeit":"2\u00a0Minuten"},"schema":{"@context":"https:\/\/schema.org","@graph":[{"@type":"Article","@id":"https:\/\/wirtschaftlichefreiheit.de\/wordpress\/?p=28937#article","isPartOf":{"@id":"https:\/\/wirtschaftlichefreiheit.de\/wordpress\/?p=28937"},"author":{"name":"Wirtschaftliche Freiheit","@id":"https:\/\/wirtschaftlichefreiheit.de\/wordpress\/#\/schema\/person\/788618a184d31b0801c59c1fadd473c4"},"headline":"Podcast Wettbewerb der Ideen Der bessere Ansatz in der Corona-Krise?","datePublished":"2021-04-03T23:46:41+00:00","dateModified":"2023-01-16T12:17:20+00:00","mainEntityOfPage":{"@id":"https:\/\/wirtschaftlichefreiheit.de\/wordpress\/?p=28937"},"wordCount":314,"commentCount":1,"image":{"@id":"https:\/\/wirtschaftlichefreiheit.de\/wordpress\/?p=28937#primaryimage"},"thumbnailUrl":"https:\/\/wirtschaftlichefreiheit.de\/wordpress\/bilder\/podcast8.png","keywords":["Berthold","Covid-19","Flickenteppich","Mayer","Quitzau","Wettbewerbsf\u00f6deralismus"],"articleSection":["F\u00f6derales","Pandemisches","Podcasts (neu)","Wettbewerbliches"],"inLanguage":"de","potentialAction":[{"@type":"CommentAction","name":"Comment","target":["https:\/\/wirtschaftlichefreiheit.de\/wordpress\/?p=28937#respond"]}]},{"@type":"WebPage","@id":"https:\/\/wirtschaftlichefreiheit.de\/wordpress\/?p=28937","url":"https:\/\/wirtschaftlichefreiheit.de\/wordpress\/?p=28937","name":"Podcast Wettbewerb der Ideen Der bessere Ansatz in der Corona-Krise? - Wirtschaftliche Freiheit","isPartOf":{"@id":"https:\/\/wirtschaftlichefreiheit.de\/wordpress\/#website"},"primaryImageOfPage":{"@id":"https:\/\/wirtschaftlichefreiheit.de\/wordpress\/?p=28937#primaryimage"},"image":{"@id":"https:\/\/wirtschaftlichefreiheit.de\/wordpress\/?p=28937#primaryimage"},"thumbnailUrl":"https:\/\/wirtschaftlichefreiheit.de\/wordpress\/bilder\/podcast8.png","datePublished":"2021-04-03T23:46:41+00:00","dateModified":"2023-01-16T12:17:20+00:00","author":{"@id":"https:\/\/wirtschaftlichefreiheit.de\/wordpress\/#\/schema\/person\/788618a184d31b0801c59c1fadd473c4"},"breadcrumb":{"@id":"https:\/\/wirtschaftlichefreiheit.de\/wordpress\/?p=28937#breadcrumb"},"inLanguage":"de","potentialAction":[{"@type":"ReadAction","target":["https:\/\/wirtschaftlichefreiheit.de\/wordpress\/?p=28937"]}]},{"@type":"ImageObject","inLanguage":"de","@id":"https:\/\/wirtschaftlichefreiheit.de\/wordpress\/?p=28937#primaryimage","url":"https:\/\/wirtschaftlichefreiheit.de\/wordpress\/bilder\/podcast8.png","contentUrl":"https:\/\/wirtschaftlichefreiheit.de\/wordpress\/bilder\/podcast8.png","width":2000,"height":1125},{"@type":"BreadcrumbList","@id":"https:\/\/wirtschaftlichefreiheit.de\/wordpress\/?p=28937#breadcrumb","itemListElement":[{"@type":"ListItem","position":1,"name":"Startseite","item":"https:\/\/wirtschaftlichefreiheit.de\/wordpress"},{"@type":"ListItem","position":2,"name":"Podcast Wettbewerb der Ideen Der bessere Ansatz in der Corona-Krise?"}]},{"@type":"WebSite","@id":"https:\/\/wirtschaftlichefreiheit.de\/wordpress\/#website","url":"https:\/\/wirtschaftlichefreiheit.de\/wordpress\/","name":"Wirtschaftliche Freiheit","description":"Das ordnungspolitische Journal","potentialAction":[{"@type":"SearchAction","target":{"@type":"EntryPoint","urlTemplate":"https:\/\/wirtschaftlichefreiheit.de\/wordpress\/?s={search_term_string}"},"query-input":{"@type":"PropertyValueSpecification","valueRequired":true,"valueName":"search_term_string"}}],"inLanguage":"de"},{"@type":"Person","@id":"https:\/\/wirtschaftlichefreiheit.de\/wordpress\/#\/schema\/person\/788618a184d31b0801c59c1fadd473c4","name":"Wirtschaftliche Freiheit","image":{"@type":"ImageObject","inLanguage":"de","@id":"https:\/\/wirtschaftlichefreiheit.de\/wordpress\/bilder\/189780_211178845564593_6670846_n.jpg","url":"https:\/\/wirtschaftlichefreiheit.de\/wordpress\/bilder\/189780_211178845564593_6670846_n.jpg","contentUrl":"https:\/\/wirtschaftlichefreiheit.de\/wordpress\/bilder\/189780_211178845564593_6670846_n.jpg","caption":"Wirtschaftliche Freiheit"},"description":"Das ordnungspolitische Journal","url":"https:\/\/wirtschaftlichefreiheit.de\/wordpress\/?author=58"}]}},"_links":{"self":[{"href":"https:\/\/wirtschaftlichefreiheit.de\/wordpress\/index.php?rest_route=\/wp\/v2\/posts\/28937","targetHints":{"allow":["GET"]}}],"collection":[{"href":"https:\/\/wirtschaftlichefreiheit.de\/wordpress\/index.php?rest_route=\/wp\/v2\/posts"}],"about":[{"href":"https:\/\/wirtschaftlichefreiheit.de\/wordpress\/index.php?rest_route=\/wp\/v2\/types\/post"}],"author":[{"embeddable":true,"href":"https:\/\/wirtschaftlichefreiheit.de\/wordpress\/index.php?rest_route=\/wp\/v2\/users\/58"}],"replies":[{"embeddable":true,"href":"https:\/\/wirtschaftlichefreiheit.de\/wordpress\/index.php?rest_route=%2Fwp%2Fv2%2Fcomments&post=28937"}],"version-history":[{"count":2,"href":"https:\/\/wirtschaftlichefreiheit.de\/wordpress\/index.php?rest_route=\/wp\/v2\/posts\/28937\/revisions"}],"predecessor-version":[{"id":32571,"href":"https:\/\/wirtschaftlichefreiheit.de\/wordpress\/index.php?rest_route=\/wp\/v2\/posts\/28937\/revisions\/32571"}],"wp:featuredmedia":[{"embeddable":true,"href":"https:\/\/wirtschaftlichefreiheit.de\/wordpress\/index.php?rest_route=\/wp\/v2\/media\/28939"}],"wp:attachment":[{"href":"https:\/\/wirtschaftlichefreiheit.de\/wordpress\/index.php?rest_route=%2Fwp%2Fv2%2Fmedia&parent=28937"}],"wp:term":[{"taxonomy":"category","embeddable":true,"href":"https:\/\/wirtschaftlichefreiheit.de\/wordpress\/index.php?rest_route=%2Fwp%2Fv2%2Fcategories&post=28937"},{"taxonomy":"post_tag","embeddable":true,"href":"https:\/\/wirtschaftlichefreiheit.de\/wordpress\/index.php?rest_route=%2Fwp%2Fv2%2Ftags&post=28937"}],"curies":[{"name":"wp","href":"https:\/\/api.w.org\/{rel}","templated":true}]}}