{"id":29258,"date":"2021-06-20T00:24:17","date_gmt":"2021-06-19T23:24:17","guid":{"rendered":"http:\/\/wirtschaftlichefreiheit.de\/wordpress\/?p=29258"},"modified":"2023-01-17T16:14:00","modified_gmt":"2023-01-17T15:14:00","slug":"bverfg-urteil-4-video-ist-das-urteil-des-bundesverfassungsgerichts-vernuenftig","status":"publish","type":"post","link":"https:\/\/wirtschaftlichefreiheit.de\/wordpress\/?p=29258","title":{"rendered":"<font size=3; color=grey>BVerfG-Urteil (4) Video <\/font><br\/>Ist das Urteil des Bundesverfassungsgerichts vern\u00fcnftig?"},"content":{"rendered":"<div>\n<p><span class=\"css-901oao css-16my406 r-poiln3 r-bcqeeo r-qvutc0\">Das Urteil des <\/span><span class=\"r-18u37iz\"><a class=\"css-4rbku5 css-18t94o4 css-901oao css-16my406 r-1n1174f r-1loqt21 r-poiln3 r-bcqeeo r-qvutc0\" dir=\"ltr\" href=\"https:\/\/twitter.com\/hashtag\/BVerfG?src=hashtag_click\">BVerfG<\/a><\/span><span class=\"css-901oao css-16my406 r-poiln3 r-bcqeeo r-qvutc0\"> hat gro\u00dfe Wellen geschlagen. Die einen feiern es als gro\u00dfen Wurf f\u00fcr die Freiheit zuk\u00fcnftiger Generationen. Ich sehe das anders. Warum das Urteil zu eine Benachteiligung aller in Zukunft f\u00fchrt, erkl\u00e4re ich in meinem neuesten Video.&nbsp;F\u00fcr das Bundesverfassungsgericht gibt es keine Kosten beim Klimaschutz, das ist aus \u00f6konomischer Sicht ein Desaster. Warum es nicht sinnvoll ist, in allen Sektoren CO2 einsparen zu m\u00fcssen, erkl\u00e4re ich in diesem Video. <\/span><span class=\"css-901oao css-16my406 r-poiln3 r-bcqeeo r-qvutc0\">Das widerspricht auch dem Leitgedanken der Freiheit zwischen den Generationen.<\/span><\/p>\n<\/div>\n<p><!--more--><\/p>\n<p><iframe loading=\"lazy\" title=\"YouTube video player\" src=\"https:\/\/www.youtube.com\/embed\/A6nvk-ps0r4\" allowfullscreen=\"allowfullscreen\" width=\"1140\" height=\"641\" frameborder=\"0\"><\/iframe><\/p>\n<p><strong>Blog-Beitr\u00e4ge zum Urteil des BVerfG:<\/strong><\/p>\n<p>Eric Heymann: <a href=\"http:\/\/wirtschaftlichefreiheit.de\/wordpress\/?p=29182\">Aufruf zu technischem Fortschritt<\/a><\/p>\n<p>Manuel Frondel: <a href=\"http:\/\/wirtschaftlichefreiheit.de\/wordpress\/?p=29172\">Global einheitlicher CO2-Preis statt nationale Klimaschutzziele!<\/a><\/p>\n<p>Hartmut Kliemt: <a href=\"http:\/\/wirtschaftlichefreiheit.de\/wordpress\/?p=29129\">Luftschl\u00f6sser der Klimapolitik?<\/a><\/p>\n<!-- AddThis Advanced Settings generic via filter on the_content --><!-- AddThis Share Buttons generic via filter on the_content --><!-- AddThis Related Posts generic via filter on the_content -->","protected":false},"excerpt":{"rendered":"<p>Das Urteil des BVerfG hat gro\u00dfe Wellen geschlagen. Die einen feiern es als gro\u00dfen Wurf f\u00fcr die Freiheit zuk\u00fcnftiger Generationen. Ich sehe das anders. Warum &hellip; <\/p>\n<p class=\"link-more\"><a href=\"https:\/\/wirtschaftlichefreiheit.de\/wordpress\/?p=29258\" class=\"more-link\"><span class=\"screen-reader-text\">\u201e<font size=3; color=grey>BVerfG-Urteil (4) Video <\/font><br \/>Ist das Urteil des Bundesverfassungsgerichts vern\u00fcnftig?\u201c <\/span>weiterlesen<\/a><\/p>\n<p><!-- AddThis Advanced Settings generic via filter on wp_trim_excerpt --><!-- AddThis Share Buttons generic via filter on wp_trim_excerpt --><!-- AddThis Related Posts generic via filter on wp_trim_excerpt --><\/p>\n","protected":false},"author":381,"featured_media":29038,"comment_status":"open","ping_status":"open","sticky":false,"template":"","format":"standard","meta":{"footnotes":""},"categories":[1841,4395,2240],"tags":[784,903,2264,313,3833],"class_list":["post-29258","post","type-post","status-publish","format-standard","has-post-thumbnail","hentry","category-klimatisches","category-ordothek","category-rechtliches","tag-bundesverfassungsgericht","tag-co2","tag-klima","tag-klimaschutz","tag-weimann"],"yoast_head":"<!-- This site is optimized with the Yoast SEO plugin v27.2 - https:\/\/yoast.com\/product\/yoast-seo-wordpress\/ -->\n<title>BVerfG-Urteil (4) Video Ist das Urteil des Bundesverfassungsgerichts vern\u00fcnftig? - Wirtschaftliche Freiheit<\/title>\n<meta name=\"robots\" content=\"index, follow, max-snippet:-1, max-image-preview:large, max-video-preview:-1\" \/>\n<link rel=\"canonical\" href=\"https:\/\/wirtschaftlichefreiheit.de\/wordpress\/?p=29258\" \/>\n<meta property=\"og:locale\" content=\"de_DE\" \/>\n<meta property=\"og:type\" content=\"article\" \/>\n<meta property=\"og:title\" content=\"BVerfG-Urteil (4) Video Ist das Urteil des Bundesverfassungsgerichts vern\u00fcnftig? - Wirtschaftliche Freiheit\" \/>\n<meta property=\"og:description\" content=\"Das Urteil des BVerfG hat gro\u00dfe Wellen geschlagen. Die einen feiern es als gro\u00dfen Wurf f\u00fcr die Freiheit zuk\u00fcnftiger Generationen. Ich sehe das anders. Warum &hellip; \u201eBVerfG-Urteil (4) Video Ist das Urteil des Bundesverfassungsgerichts vern\u00fcnftig?\u201c weiterlesen\" \/>\n<meta property=\"og:url\" content=\"https:\/\/wirtschaftlichefreiheit.de\/wordpress\/?p=29258\" \/>\n<meta property=\"og:site_name\" content=\"Wirtschaftliche Freiheit\" \/>\n<meta property=\"article:published_time\" content=\"2021-06-19T23:24:17+00:00\" \/>\n<meta property=\"article:modified_time\" content=\"2023-01-17T15:14:00+00:00\" \/>\n<meta property=\"og:image\" content=\"http:\/\/wirtschaftlichefreiheit.de\/wordpress\/bilder\/nmk.jpg\" \/>\n\t<meta property=\"og:image:width\" content=\"3000\" \/>\n\t<meta property=\"og:image:height\" content=\"3000\" \/>\n\t<meta property=\"og:image:type\" content=\"image\/jpeg\" \/>\n<meta name=\"author\" content=\"Joachim Weimann\" \/>\n<meta name=\"twitter:card\" content=\"summary_large_image\" \/>\n<meta name=\"twitter:label1\" content=\"Verfasst von\" \/>\n\t<meta name=\"twitter:data1\" content=\"Joachim Weimann\" \/>\n\t<meta name=\"twitter:label2\" content=\"Gesch\u00e4tzte Lesezeit\" \/>\n\t<meta name=\"twitter:data2\" content=\"1\u00a0Minute\" \/>\n<script type=\"application\/ld+json\" class=\"yoast-schema-graph\">{\"@context\":\"https:\/\/schema.org\",\"@graph\":[{\"@type\":\"Article\",\"@id\":\"https:\/\/wirtschaftlichefreiheit.de\/wordpress\/?p=29258#article\",\"isPartOf\":{\"@id\":\"https:\/\/wirtschaftlichefreiheit.de\/wordpress\/?p=29258\"},\"author\":{\"name\":\"Joachim Weimann\",\"@id\":\"https:\/\/wirtschaftlichefreiheit.de\/wordpress\/#\/schema\/person\/06907f8fe36e6438d829d230f5068f75\"},\"headline\":\"BVerfG-Urteil (4) Video Ist das Urteil des Bundesverfassungsgerichts vern\u00fcnftig?\",\"datePublished\":\"2021-06-19T23:24:17+00:00\",\"dateModified\":\"2023-01-17T15:14:00+00:00\",\"mainEntityOfPage\":{\"@id\":\"https:\/\/wirtschaftlichefreiheit.de\/wordpress\/?p=29258\"},\"wordCount\":129,\"commentCount\":1,\"image\":{\"@id\":\"https:\/\/wirtschaftlichefreiheit.de\/wordpress\/?p=29258#primaryimage\"},\"thumbnailUrl\":\"https:\/\/wirtschaftlichefreiheit.de\/wordpress\/bilder\/nmk.jpg\",\"keywords\":[\"Bundesverfassungsgericht\",\"CO2\",\"Klima\",\"Klimaschutz\",\"Weimann\"],\"articleSection\":[\"Klimatisches\",\"Ordothek\",\"Rechtliches\"],\"inLanguage\":\"de\",\"potentialAction\":[{\"@type\":\"CommentAction\",\"name\":\"Comment\",\"target\":[\"https:\/\/wirtschaftlichefreiheit.de\/wordpress\/?p=29258#respond\"]}]},{\"@type\":\"WebPage\",\"@id\":\"https:\/\/wirtschaftlichefreiheit.de\/wordpress\/?p=29258\",\"url\":\"https:\/\/wirtschaftlichefreiheit.de\/wordpress\/?p=29258\",\"name\":\"BVerfG-Urteil (4) Video Ist das Urteil des Bundesverfassungsgerichts vern\u00fcnftig? - Wirtschaftliche Freiheit\",\"isPartOf\":{\"@id\":\"https:\/\/wirtschaftlichefreiheit.de\/wordpress\/#website\"},\"primaryImageOfPage\":{\"@id\":\"https:\/\/wirtschaftlichefreiheit.de\/wordpress\/?p=29258#primaryimage\"},\"image\":{\"@id\":\"https:\/\/wirtschaftlichefreiheit.de\/wordpress\/?p=29258#primaryimage\"},\"thumbnailUrl\":\"https:\/\/wirtschaftlichefreiheit.de\/wordpress\/bilder\/nmk.jpg\",\"datePublished\":\"2021-06-19T23:24:17+00:00\",\"dateModified\":\"2023-01-17T15:14:00+00:00\",\"author\":{\"@id\":\"https:\/\/wirtschaftlichefreiheit.de\/wordpress\/#\/schema\/person\/06907f8fe36e6438d829d230f5068f75\"},\"breadcrumb\":{\"@id\":\"https:\/\/wirtschaftlichefreiheit.de\/wordpress\/?p=29258#breadcrumb\"},\"inLanguage\":\"de\",\"potentialAction\":[{\"@type\":\"ReadAction\",\"target\":[\"https:\/\/wirtschaftlichefreiheit.de\/wordpress\/?p=29258\"]}]},{\"@type\":\"ImageObject\",\"inLanguage\":\"de\",\"@id\":\"https:\/\/wirtschaftlichefreiheit.de\/wordpress\/?p=29258#primaryimage\",\"url\":\"https:\/\/wirtschaftlichefreiheit.de\/wordpress\/bilder\/nmk.jpg\",\"contentUrl\":\"https:\/\/wirtschaftlichefreiheit.de\/wordpress\/bilder\/nmk.jpg\",\"width\":3000,\"height\":3000},{\"@type\":\"BreadcrumbList\",\"@id\":\"https:\/\/wirtschaftlichefreiheit.de\/wordpress\/?p=29258#breadcrumb\",\"itemListElement\":[{\"@type\":\"ListItem\",\"position\":1,\"name\":\"Startseite\",\"item\":\"https:\/\/wirtschaftlichefreiheit.de\/wordpress\"},{\"@type\":\"ListItem\",\"position\":2,\"name\":\"BVerfG-Urteil (4) Video Ist das Urteil des Bundesverfassungsgerichts vern\u00fcnftig?\"}]},{\"@type\":\"WebSite\",\"@id\":\"https:\/\/wirtschaftlichefreiheit.de\/wordpress\/#website\",\"url\":\"https:\/\/wirtschaftlichefreiheit.de\/wordpress\/\",\"name\":\"Wirtschaftliche Freiheit\",\"description\":\"Das ordnungspolitische Journal\",\"potentialAction\":[{\"@type\":\"SearchAction\",\"target\":{\"@type\":\"EntryPoint\",\"urlTemplate\":\"https:\/\/wirtschaftlichefreiheit.de\/wordpress\/?s={search_term_string}\"},\"query-input\":{\"@type\":\"PropertyValueSpecification\",\"valueRequired\":true,\"valueName\":\"search_term_string\"}}],\"inLanguage\":\"de\"},{\"@type\":\"Person\",\"@id\":\"https:\/\/wirtschaftlichefreiheit.de\/wordpress\/#\/schema\/person\/06907f8fe36e6438d829d230f5068f75\",\"name\":\"Joachim Weimann\",\"image\":{\"@type\":\"ImageObject\",\"inLanguage\":\"de\",\"@id\":\"https:\/\/wirtschaftlichefreiheit.de\/wordpress\/bilder\/weimann.jpg\",\"url\":\"https:\/\/wirtschaftlichefreiheit.de\/wordpress\/bilder\/weimann.jpg\",\"contentUrl\":\"https:\/\/wirtschaftlichefreiheit.de\/wordpress\/bilder\/weimann.jpg\",\"caption\":\"Joachim Weimann\"},\"description\":\"Otto von Guericke-Universit\u00e4t Magdeburg\",\"url\":\"https:\/\/wirtschaftlichefreiheit.de\/wordpress\/?author=381\"}]}<\/script>\n<!-- \/ Yoast SEO plugin. -->","yoast_head_json":{"title":"BVerfG-Urteil (4) Video Ist das Urteil des Bundesverfassungsgerichts vern\u00fcnftig? - Wirtschaftliche Freiheit","robots":{"index":"index","follow":"follow","max-snippet":"max-snippet:-1","max-image-preview":"max-image-preview:large","max-video-preview":"max-video-preview:-1"},"canonical":"https:\/\/wirtschaftlichefreiheit.de\/wordpress\/?p=29258","og_locale":"de_DE","og_type":"article","og_title":"BVerfG-Urteil (4) Video Ist das Urteil des Bundesverfassungsgerichts vern\u00fcnftig? - Wirtschaftliche Freiheit","og_description":"Das Urteil des BVerfG hat gro\u00dfe Wellen geschlagen. Die einen feiern es als gro\u00dfen Wurf f\u00fcr die Freiheit zuk\u00fcnftiger Generationen. Ich sehe das anders. Warum &hellip; \u201eBVerfG-Urteil (4) Video Ist das Urteil des Bundesverfassungsgerichts vern\u00fcnftig?\u201c weiterlesen","og_url":"https:\/\/wirtschaftlichefreiheit.de\/wordpress\/?p=29258","og_site_name":"Wirtschaftliche Freiheit","article_published_time":"2021-06-19T23:24:17+00:00","article_modified_time":"2023-01-17T15:14:00+00:00","og_image":[{"width":3000,"height":3000,"url":"http:\/\/wirtschaftlichefreiheit.de\/wordpress\/bilder\/nmk.jpg","type":"image\/jpeg"}],"author":"Joachim Weimann","twitter_card":"summary_large_image","twitter_misc":{"Verfasst von":"Joachim Weimann","Gesch\u00e4tzte Lesezeit":"1\u00a0Minute"},"schema":{"@context":"https:\/\/schema.org","@graph":[{"@type":"Article","@id":"https:\/\/wirtschaftlichefreiheit.de\/wordpress\/?p=29258#article","isPartOf":{"@id":"https:\/\/wirtschaftlichefreiheit.de\/wordpress\/?p=29258"},"author":{"name":"Joachim Weimann","@id":"https:\/\/wirtschaftlichefreiheit.de\/wordpress\/#\/schema\/person\/06907f8fe36e6438d829d230f5068f75"},"headline":"BVerfG-Urteil (4) Video Ist das Urteil des Bundesverfassungsgerichts vern\u00fcnftig?","datePublished":"2021-06-19T23:24:17+00:00","dateModified":"2023-01-17T15:14:00+00:00","mainEntityOfPage":{"@id":"https:\/\/wirtschaftlichefreiheit.de\/wordpress\/?p=29258"},"wordCount":129,"commentCount":1,"image":{"@id":"https:\/\/wirtschaftlichefreiheit.de\/wordpress\/?p=29258#primaryimage"},"thumbnailUrl":"https:\/\/wirtschaftlichefreiheit.de\/wordpress\/bilder\/nmk.jpg","keywords":["Bundesverfassungsgericht","CO2","Klima","Klimaschutz","Weimann"],"articleSection":["Klimatisches","Ordothek","Rechtliches"],"inLanguage":"de","potentialAction":[{"@type":"CommentAction","name":"Comment","target":["https:\/\/wirtschaftlichefreiheit.de\/wordpress\/?p=29258#respond"]}]},{"@type":"WebPage","@id":"https:\/\/wirtschaftlichefreiheit.de\/wordpress\/?p=29258","url":"https:\/\/wirtschaftlichefreiheit.de\/wordpress\/?p=29258","name":"BVerfG-Urteil (4) Video Ist das Urteil des Bundesverfassungsgerichts vern\u00fcnftig? - Wirtschaftliche Freiheit","isPartOf":{"@id":"https:\/\/wirtschaftlichefreiheit.de\/wordpress\/#website"},"primaryImageOfPage":{"@id":"https:\/\/wirtschaftlichefreiheit.de\/wordpress\/?p=29258#primaryimage"},"image":{"@id":"https:\/\/wirtschaftlichefreiheit.de\/wordpress\/?p=29258#primaryimage"},"thumbnailUrl":"https:\/\/wirtschaftlichefreiheit.de\/wordpress\/bilder\/nmk.jpg","datePublished":"2021-06-19T23:24:17+00:00","dateModified":"2023-01-17T15:14:00+00:00","author":{"@id":"https:\/\/wirtschaftlichefreiheit.de\/wordpress\/#\/schema\/person\/06907f8fe36e6438d829d230f5068f75"},"breadcrumb":{"@id":"https:\/\/wirtschaftlichefreiheit.de\/wordpress\/?p=29258#breadcrumb"},"inLanguage":"de","potentialAction":[{"@type":"ReadAction","target":["https:\/\/wirtschaftlichefreiheit.de\/wordpress\/?p=29258"]}]},{"@type":"ImageObject","inLanguage":"de","@id":"https:\/\/wirtschaftlichefreiheit.de\/wordpress\/?p=29258#primaryimage","url":"https:\/\/wirtschaftlichefreiheit.de\/wordpress\/bilder\/nmk.jpg","contentUrl":"https:\/\/wirtschaftlichefreiheit.de\/wordpress\/bilder\/nmk.jpg","width":3000,"height":3000},{"@type":"BreadcrumbList","@id":"https:\/\/wirtschaftlichefreiheit.de\/wordpress\/?p=29258#breadcrumb","itemListElement":[{"@type":"ListItem","position":1,"name":"Startseite","item":"https:\/\/wirtschaftlichefreiheit.de\/wordpress"},{"@type":"ListItem","position":2,"name":"BVerfG-Urteil (4) Video Ist das Urteil des Bundesverfassungsgerichts vern\u00fcnftig?"}]},{"@type":"WebSite","@id":"https:\/\/wirtschaftlichefreiheit.de\/wordpress\/#website","url":"https:\/\/wirtschaftlichefreiheit.de\/wordpress\/","name":"Wirtschaftliche Freiheit","description":"Das ordnungspolitische Journal","potentialAction":[{"@type":"SearchAction","target":{"@type":"EntryPoint","urlTemplate":"https:\/\/wirtschaftlichefreiheit.de\/wordpress\/?s={search_term_string}"},"query-input":{"@type":"PropertyValueSpecification","valueRequired":true,"valueName":"search_term_string"}}],"inLanguage":"de"},{"@type":"Person","@id":"https:\/\/wirtschaftlichefreiheit.de\/wordpress\/#\/schema\/person\/06907f8fe36e6438d829d230f5068f75","name":"Joachim Weimann","image":{"@type":"ImageObject","inLanguage":"de","@id":"https:\/\/wirtschaftlichefreiheit.de\/wordpress\/bilder\/weimann.jpg","url":"https:\/\/wirtschaftlichefreiheit.de\/wordpress\/bilder\/weimann.jpg","contentUrl":"https:\/\/wirtschaftlichefreiheit.de\/wordpress\/bilder\/weimann.jpg","caption":"Joachim Weimann"},"description":"Otto von Guericke-Universit\u00e4t Magdeburg","url":"https:\/\/wirtschaftlichefreiheit.de\/wordpress\/?author=381"}]}},"_links":{"self":[{"href":"https:\/\/wirtschaftlichefreiheit.de\/wordpress\/index.php?rest_route=\/wp\/v2\/posts\/29258","targetHints":{"allow":["GET"]}}],"collection":[{"href":"https:\/\/wirtschaftlichefreiheit.de\/wordpress\/index.php?rest_route=\/wp\/v2\/posts"}],"about":[{"href":"https:\/\/wirtschaftlichefreiheit.de\/wordpress\/index.php?rest_route=\/wp\/v2\/types\/post"}],"author":[{"embeddable":true,"href":"https:\/\/wirtschaftlichefreiheit.de\/wordpress\/index.php?rest_route=\/wp\/v2\/users\/381"}],"replies":[{"embeddable":true,"href":"https:\/\/wirtschaftlichefreiheit.de\/wordpress\/index.php?rest_route=%2Fwp%2Fv2%2Fcomments&post=29258"}],"version-history":[{"count":6,"href":"https:\/\/wirtschaftlichefreiheit.de\/wordpress\/index.php?rest_route=\/wp\/v2\/posts\/29258\/revisions"}],"predecessor-version":[{"id":32583,"href":"https:\/\/wirtschaftlichefreiheit.de\/wordpress\/index.php?rest_route=\/wp\/v2\/posts\/29258\/revisions\/32583"}],"wp:featuredmedia":[{"embeddable":true,"href":"https:\/\/wirtschaftlichefreiheit.de\/wordpress\/index.php?rest_route=\/wp\/v2\/media\/29038"}],"wp:attachment":[{"href":"https:\/\/wirtschaftlichefreiheit.de\/wordpress\/index.php?rest_route=%2Fwp%2Fv2%2Fmedia&parent=29258"}],"wp:term":[{"taxonomy":"category","embeddable":true,"href":"https:\/\/wirtschaftlichefreiheit.de\/wordpress\/index.php?rest_route=%2Fwp%2Fv2%2Fcategories&post=29258"},{"taxonomy":"post_tag","embeddable":true,"href":"https:\/\/wirtschaftlichefreiheit.de\/wordpress\/index.php?rest_route=%2Fwp%2Fv2%2Ftags&post=29258"}],"curies":[{"name":"wp","href":"https:\/\/api.w.org\/{rel}","templated":true}]}}