{"id":29942,"date":"2021-10-15T00:09:36","date_gmt":"2021-10-14T23:09:36","guid":{"rendered":"http:\/\/wirtschaftlichefreiheit.de\/wordpress\/?p=29942"},"modified":"2023-08-12T16:25:38","modified_gmt":"2023-08-12T15:25:38","slug":"erhoehung-des-co2-preises-nicht-ohne-sozialen-ausgleich","status":"publish","type":"post","link":"https:\/\/wirtschaftlichefreiheit.de\/wordpress\/?p=29942","title":{"rendered":"Erh\u00f6hung des CO2-Preises<br><b>Nicht ohne sozialen Ausgleich!<\/b>"},"content":{"rendered":"<p>Die Klimapolitik wird ein bestimmendes Thema der neuen Regierung werden, egal aus welcher Koalition sich diese zusammensetzt. Eine entscheidende Stellschraube bildet hierf\u00fcr der CO2-Preis. Durch seine Einf\u00fchrung zu Beginn des Jahres in H\u00f6he von 25 Euro je Tonne CO2 haben sich Heiz\u00f6l und Diesel knapp acht Cent pro Liter und Benzin etwa sieben Cent pro Liter verteuert. Bis zum Jahr 2026 soll der CO2-Preis nach jetziger Gesetzeslage auf maximal 65&nbsp;Euro ansteigen. Dies erh\u00f6ht den Preis von Heiz\u00f6l und Diesel um etwa 20,5&nbsp;Cent und Benzin um gut 18&nbsp;Cent pro Liter.<\/p>\n<p><!--more--><\/p>\n<p>Auch wenn die CO2-Bepreisung eine hocheffektive Ma\u00dfnahme im Kampf gegen den Klimawandel ist, wird es voraussichtlich eine Zeit dauern, bis sich ihre Wirkung voll entfaltet. Kurzfristig ist hingegen nur mit moderaten Auswirkungen auf den Verbrauch fossiler Kraft- und Brennstoffe zu rechnen \u2013 wer im Alltag auf das Auto angewiesen ist, wird den Spritverbrauch selbst bei gestiegenen Preisen kaum reduzieren, zumal die Preisanstiege ungef\u00e4hr den t\u00e4glichen Preisschwankungen an den Zapfs\u00e4ulen entsprechen. Mindestens ebenso schwierig sind Einsparungen beim Heizen. Mittel- bis langfristig d\u00fcrfte das Kalk\u00fcl hinter der CO2-Bepreisung aber aufgehen: Im Wissen um die j\u00e4hrliche Verteuerung fossiler Energie durch den CO2-Preis werden Konsumenten bei Neuanschaffungen von Autos und Heizungssystemen zunehmend auf energieeffizientere und treibhausgas\u00e4rmere Alternativen setzen.<\/p>\n<p>Die finanziellen Auswirkungen der CO2-Bepreisung sp\u00fcren viele Haushalte dagegen unmittelbar: Sp\u00e4testens bei ihrer n\u00e4chsten Heizkostenabrechnung werden vor allem einkommensschwache Haushalte die gestiegenen Heizkosten bemerken, denn die CO2-Bepreisung hat regressive Wirkungen: Einkommensschwache Haushalte haben dadurch im Verh\u00e4ltnis zu ihrem Einkommen st\u00e4rkere Lasten zu tragen als wohlhabendere Haushalte, weil sie einen gr\u00f6\u00dferen Teil davon f\u00fcr G\u00fcter wie Heiz\u00f6l oder Erdgas ausgeben. Dies macht klar, dass einer diese Schieflage korrigierenden R\u00fcckverteilung der Einnahmen aus der CO2-Bepreisung eine bedeutende Rolle zukommt, wenn eine breitere Unterst\u00fctzung dieses Klimaschutzinstrumentes durch einkommensschwache Haushalte gesichert werden soll.<\/p>\n<p>Grunds\u00e4tzlich scheint dieser Zusammenhang in der Politik angekommen zu sein: Schlie\u00dflich versicherten alle Parteien vor Einf\u00fchrung der CO2-Bepreisung, dass s\u00e4mtliche daraus resultierende Einnahmen an die B\u00fcrgerinnen und B\u00fcrgern zur\u00fcckflie\u00dfen sollen. Um dieses Versprechen einzul\u00f6sen, wurde ein bunter Strau\u00df an Ma\u00dfnahmen beschlossen. Nur manche davon kommen einkommensschwachen Haushalten zugute, etwa die Mobilit\u00e4tspr\u00e4mie f\u00fcr Geringverdiener und die Erh\u00f6hung des Wohngeldes. Zu den Ma\u00dfnahmen geh\u00f6ren aber auch die F\u00f6rderung der energetischen Geb\u00e4udemodernisierung und die Erh\u00f6hung der Pendlerpauschale sowie der Pr\u00e4mien f\u00fcr den Kauf von Elektrofahrzeugen \u2013 alles Ma\u00dfnahmen, mit denen eher einkommensstarke Haushalte beg\u00fcnstigt werden.<\/p>\n<p>So steigt die Entlastung infolge der Erh\u00f6hung der Pendlerpauschale mit h\u00f6herem Einkommen durch den wachsenden Steuervorteil an. Insbesondere gutverdienende Pendler mit langen Wegen werden in den n\u00e4chsten Jahren \u00fcberkompensiert: Sie sparen mehr Steuern, als sie an der Tankstelle zus\u00e4tzlich bezahlen. Die Pendlerpauschale zu erh\u00f6hen ist dar\u00fcber hinaus \u00f6kologisch kontraproduktiv, denn sie kommt einer Kompensation der CO2-Bepreisung des Autoverkehrs gleich und schw\u00e4cht damit die Anreize zur Verringerung des Kraftstoffverbrauchs.<\/p>\n<p>Noch weniger als die Pendlerpauschale kommt einkommensschwachen Haushalten die Erh\u00f6hung der Pr\u00e4mie f\u00fcr Elektrofahrzeuge zugute. Auch die im Corona-Konjunkturpaket enthaltene hom\u00f6opathische Senkung der EEG-Umlage von knapp 6,8&nbsp;Cent je&nbsp;Kilowattstunde auf 6,5&nbsp;Cent in diesem und 6&nbsp;Cent ab dem kommenden Jahr&nbsp;entlastet einkommensschwache Haushalte nur geringf\u00fcgig.<\/p>\n<p>Was fehlt, ist ein breit angelegter und konzertierter Ausgleichsmechanismus, der nicht zuletzt Geringverdienern zugutekommt. Denn die regressive Natur der Bepreisung birgt bei steigenden CO2-Preisen in den kommenden Jahren eine hohe soziale Sprengkraft. Um diese abzumildern, sind die bislang beschlossenen F\u00f6rderprogramme und Einzelma\u00dfnahmen ungeeignet. Statt F\u00f6rderprogramme zu verl\u00e4ngern, wie j\u00fcngst mit der Fortsetzung der Pr\u00e4mienzahlungen f\u00fcr Elektrofahrzeuge bis zum Jahr 2025 geschehen, und weitere diskretion\u00e4re Ma\u00dfnahmen zu beschlie\u00dfen, sollte der weitaus gr\u00f6\u00dfte Anteil der Einnahmen aus der CO2-Bepreisung f\u00fcr die allgemeine Entlastung der Bev\u00f6lkerung verwendet werden \u2013 und zwar zuallererst \u00fcber den Strompreis.<\/p>\n<p>Die Entlastung der Verbraucher beim Strompreis durch die Senkung von Abgaben und Steuern ist aus dreierlei Gr\u00fcnden ratsam:<\/p>\n<ul>\n<li>Erstens w\u00e4re dies f\u00f6rderlich f\u00fcr die sogenannte Sektorkopplung, bei der zur Reduktion der Treibhausgasemissionen von Sektoren wie dem Verkehr und dem Geb\u00e4udebereich vermehrt gr\u00fcner Strom eingesetzt werden soll. Durch die Verringerung des Strompreises wird es zum Beispiel attraktiver, Strom zum Heizen zu benutzen, etwa mittels W\u00e4rmepumpen, w\u00e4hrend das Heizen mit fossilen Brennstoffen durch die CO2-Bepreisung unattraktiver wird.<\/li>\n<li>Zweitens w\u00fcrde die Senkung der Umlagen und Abgaben auf den Strom einen Fehler im System bereinigen: Es ist aus \u00f6konomischer Sicht \u00e4u\u00dferst fraglich, warum bislang die Stromverbraucher \u2013 und damit im hohen Ma\u00dfe auch einkommensschwache Haushalte \u2013 und nicht die Steuerzahler f\u00fcr die F\u00f6rderung vieler Ma\u00dfnahmen wie der Kraftw\u00e4rmekopplung oder der erneuerbaren Energietechnologien aufkommen m\u00fcssen.<\/li>\n<li>Drittens ist die Verringerung der Stromsteuer, m\u00f6glichst auf den EU-Mindestsatz, \u00fcberf\u00e4llig. Denn die Stromsteuer ist bereits seit Einf\u00fchrung des EU-Emissionshandels im Jahr&nbsp;2005 weitgehend redundant, da dadurch die Emissionen im Stromerzeugungssektor und in der Industrie bereits erfasst werden.<\/li>\n<\/ul>\n<p>Die Frage nach einem sozialen Ausgleich zur CO2-Bepreisung wird in den kommenden Jahren weiter an Bedeutung gewinnen, denn mit der Versch\u00e4rfung des Klimaschutzziels f\u00fcr das Jahr&nbsp;2030 wurden bereits erste Stimmen laut, die eine vorzeitige Erh\u00f6hung des f\u00fcr die kommenden Jahre beschlossenen CO2-Preises fordern. So sieht das Klimaschutzsofortprogramm der Gr\u00fcnen eine Erh\u00f6hung des CO2-Preises auf 60 Euro im Jahr 2023 vor, statt der gesetzlich festgelegten 35 Euro. W\u00fcrde dies in die Tat umgesetzt, bek\u00e4men dies besonders die 7,5 Millionen einkommensschwachen Haushalte in Deutschland mit einem Nettoeinkommen von unter 1.300 Euro zu sp\u00fcren, falls nicht f\u00fcr einen entsprechenden Ausgleich gesorgt w\u00fcrde. Die Politik w\u00fcrde dann noch st\u00e4rker in Handlungsnot geraten, die Lasten der Klimapolitik gerechter zu verteilen. Daher sollte die n\u00e4chste Bundesregierung z\u00fcgig Schritte einleiten, um die soziale Schieflage wirksamer und transparenter abzupuffern.<\/p>\n<!-- AddThis Advanced Settings generic via filter on the_content --><!-- AddThis Share Buttons generic via filter on the_content --><!-- AddThis Related Posts generic via filter on the_content -->","protected":false},"excerpt":{"rendered":"<p>Die Klimapolitik wird ein bestimmendes Thema der neuen Regierung werden, egal aus welcher Koalition sich diese zusammensetzt. Eine entscheidende Stellschraube bildet hierf\u00fcr der CO2-Preis. Durch &hellip; <\/p>\n<p class=\"link-more\"><a href=\"https:\/\/wirtschaftlichefreiheit.de\/wordpress\/?p=29942\" class=\"more-link\"><span class=\"screen-reader-text\">\u201eErh\u00f6hung des CO2-Preises<br \/><b>Nicht ohne sozialen Ausgleich!<\/b>\u201c <\/span>weiterlesen<\/a><\/p>\n<p><!-- AddThis Advanced Settings generic via filter on wp_trim_excerpt --><!-- AddThis Share Buttons generic via filter on wp_trim_excerpt --><!-- AddThis Related Posts generic via filter on wp_trim_excerpt --><\/p>\n","protected":false},"author":157,"featured_media":29945,"comment_status":"open","ping_status":"open","sticky":false,"template":"","format":"standard","meta":{"footnotes":""},"categories":[1841,4],"tags":[3988,2661,3989,3990],"class_list":["post-29942","post","type-post","status-publish","format-standard","has-post-thumbnail","hentry","category-klimatisches","category-soziales","tag-c02-preis","tag-frondel","tag-sozialausgleich","tag-strompreis"],"yoast_head":"<!-- This site is optimized with the Yoast SEO plugin v27.2 - https:\/\/yoast.com\/product\/yoast-seo-wordpress\/ -->\n<title>Erh\u00f6hung des CO2-PreisesNicht ohne sozialen Ausgleich! - Wirtschaftliche Freiheit<\/title>\n<meta name=\"robots\" content=\"index, follow, max-snippet:-1, max-image-preview:large, max-video-preview:-1\" \/>\n<link rel=\"canonical\" href=\"https:\/\/wirtschaftlichefreiheit.de\/wordpress\/?p=29942\" \/>\n<meta property=\"og:locale\" content=\"de_DE\" \/>\n<meta property=\"og:type\" content=\"article\" \/>\n<meta property=\"og:title\" content=\"Erh\u00f6hung des CO2-PreisesNicht ohne sozialen Ausgleich! - Wirtschaftliche Freiheit\" \/>\n<meta property=\"og:description\" content=\"Die Klimapolitik wird ein bestimmendes Thema der neuen Regierung werden, egal aus welcher Koalition sich diese zusammensetzt. Eine entscheidende Stellschraube bildet hierf\u00fcr der CO2-Preis. Durch &hellip; \u201eErh\u00f6hung des CO2-PreisesNicht ohne sozialen Ausgleich!\u201c weiterlesen\" \/>\n<meta property=\"og:url\" content=\"https:\/\/wirtschaftlichefreiheit.de\/wordpress\/?p=29942\" \/>\n<meta property=\"og:site_name\" content=\"Wirtschaftliche Freiheit\" \/>\n<meta property=\"article:published_time\" content=\"2021-10-14T23:09:36+00:00\" \/>\n<meta property=\"article:modified_time\" content=\"2023-08-12T15:25:38+00:00\" \/>\n<meta property=\"og:image\" content=\"http:\/\/wirtschaftlichefreiheit.de\/wordpress\/bilder\/sozialausgleich.png\" \/>\n\t<meta property=\"og:image:width\" content=\"1004\" \/>\n\t<meta property=\"og:image:height\" content=\"669\" \/>\n\t<meta property=\"og:image:type\" content=\"image\/png\" \/>\n<meta name=\"author\" content=\"Manuel Frondel\" \/>\n<meta name=\"twitter:card\" content=\"summary_large_image\" \/>\n<meta name=\"twitter:label1\" content=\"Verfasst von\" \/>\n\t<meta name=\"twitter:data1\" content=\"Manuel Frondel\" \/>\n\t<meta name=\"twitter:label2\" content=\"Gesch\u00e4tzte Lesezeit\" \/>\n\t<meta name=\"twitter:data2\" content=\"5\u00a0Minuten\" \/>\n<script type=\"application\/ld+json\" class=\"yoast-schema-graph\">{\"@context\":\"https:\/\/schema.org\",\"@graph\":[{\"@type\":\"Article\",\"@id\":\"https:\/\/wirtschaftlichefreiheit.de\/wordpress\/?p=29942#article\",\"isPartOf\":{\"@id\":\"https:\/\/wirtschaftlichefreiheit.de\/wordpress\/?p=29942\"},\"author\":{\"name\":\"Manuel Frondel\",\"@id\":\"https:\/\/wirtschaftlichefreiheit.de\/wordpress\/#\/schema\/person\/c9438cc42f0ce395ee1c9ad2c299edd7\"},\"headline\":\"Erh\u00f6hung des CO2-Preises Nicht ohne sozialen Ausgleich!\",\"datePublished\":\"2021-10-14T23:09:36+00:00\",\"dateModified\":\"2023-08-12T15:25:38+00:00\",\"mainEntityOfPage\":{\"@id\":\"https:\/\/wirtschaftlichefreiheit.de\/wordpress\/?p=29942\"},\"wordCount\":1015,\"commentCount\":7,\"image\":{\"@id\":\"https:\/\/wirtschaftlichefreiheit.de\/wordpress\/?p=29942#primaryimage\"},\"thumbnailUrl\":\"https:\/\/wirtschaftlichefreiheit.de\/wordpress\/bilder\/sozialausgleich.png\",\"keywords\":[\"C02-Preis\",\"Frondel\",\"Sozialausgleich\",\"Strompreis\"],\"articleSection\":[\"Klimatisches\",\"Soziales\"],\"inLanguage\":\"de\",\"potentialAction\":[{\"@type\":\"CommentAction\",\"name\":\"Comment\",\"target\":[\"https:\/\/wirtschaftlichefreiheit.de\/wordpress\/?p=29942#respond\"]}]},{\"@type\":\"WebPage\",\"@id\":\"https:\/\/wirtschaftlichefreiheit.de\/wordpress\/?p=29942\",\"url\":\"https:\/\/wirtschaftlichefreiheit.de\/wordpress\/?p=29942\",\"name\":\"Erh\u00f6hung des CO2-Preises Nicht ohne sozialen Ausgleich! - Wirtschaftliche Freiheit\",\"isPartOf\":{\"@id\":\"https:\/\/wirtschaftlichefreiheit.de\/wordpress\/#website\"},\"primaryImageOfPage\":{\"@id\":\"https:\/\/wirtschaftlichefreiheit.de\/wordpress\/?p=29942#primaryimage\"},\"image\":{\"@id\":\"https:\/\/wirtschaftlichefreiheit.de\/wordpress\/?p=29942#primaryimage\"},\"thumbnailUrl\":\"https:\/\/wirtschaftlichefreiheit.de\/wordpress\/bilder\/sozialausgleich.png\",\"datePublished\":\"2021-10-14T23:09:36+00:00\",\"dateModified\":\"2023-08-12T15:25:38+00:00\",\"author\":{\"@id\":\"https:\/\/wirtschaftlichefreiheit.de\/wordpress\/#\/schema\/person\/c9438cc42f0ce395ee1c9ad2c299edd7\"},\"breadcrumb\":{\"@id\":\"https:\/\/wirtschaftlichefreiheit.de\/wordpress\/?p=29942#breadcrumb\"},\"inLanguage\":\"de\",\"potentialAction\":[{\"@type\":\"ReadAction\",\"target\":[\"https:\/\/wirtschaftlichefreiheit.de\/wordpress\/?p=29942\"]}]},{\"@type\":\"ImageObject\",\"inLanguage\":\"de\",\"@id\":\"https:\/\/wirtschaftlichefreiheit.de\/wordpress\/?p=29942#primaryimage\",\"url\":\"https:\/\/wirtschaftlichefreiheit.de\/wordpress\/bilder\/sozialausgleich.png\",\"contentUrl\":\"https:\/\/wirtschaftlichefreiheit.de\/wordpress\/bilder\/sozialausgleich.png\",\"width\":1004,\"height\":669},{\"@type\":\"BreadcrumbList\",\"@id\":\"https:\/\/wirtschaftlichefreiheit.de\/wordpress\/?p=29942#breadcrumb\",\"itemListElement\":[{\"@type\":\"ListItem\",\"position\":1,\"name\":\"Startseite\",\"item\":\"https:\/\/wirtschaftlichefreiheit.de\/wordpress\"},{\"@type\":\"ListItem\",\"position\":2,\"name\":\"Erh\u00f6hung des CO2-PreisesNicht ohne sozialen Ausgleich!\"}]},{\"@type\":\"WebSite\",\"@id\":\"https:\/\/wirtschaftlichefreiheit.de\/wordpress\/#website\",\"url\":\"https:\/\/wirtschaftlichefreiheit.de\/wordpress\/\",\"name\":\"Wirtschaftliche Freiheit\",\"description\":\"Das ordnungspolitische Journal\",\"potentialAction\":[{\"@type\":\"SearchAction\",\"target\":{\"@type\":\"EntryPoint\",\"urlTemplate\":\"https:\/\/wirtschaftlichefreiheit.de\/wordpress\/?s={search_term_string}\"},\"query-input\":{\"@type\":\"PropertyValueSpecification\",\"valueRequired\":true,\"valueName\":\"search_term_string\"}}],\"inLanguage\":\"de\"},{\"@type\":\"Person\",\"@id\":\"https:\/\/wirtschaftlichefreiheit.de\/wordpress\/#\/schema\/person\/c9438cc42f0ce395ee1c9ad2c299edd7\",\"name\":\"Manuel Frondel\",\"image\":{\"@type\":\"ImageObject\",\"inLanguage\":\"de\",\"@id\":\"https:\/\/wirtschaftlichefreiheit.de\/wordpress\/bilder\/frondel-scaled.jpg\",\"url\":\"https:\/\/wirtschaftlichefreiheit.de\/wordpress\/bilder\/frondel-scaled.jpg\",\"contentUrl\":\"https:\/\/wirtschaftlichefreiheit.de\/wordpress\/bilder\/frondel-scaled.jpg\",\"caption\":\"Manuel Frondel\"},\"description\":\"RWI Essen und Ruhr-Universit\u00e4t Bochum\",\"url\":\"https:\/\/wirtschaftlichefreiheit.de\/wordpress\/?author=157\"}]}<\/script>\n<!-- \/ Yoast SEO plugin. -->","yoast_head_json":{"title":"Erh\u00f6hung des CO2-PreisesNicht ohne sozialen Ausgleich! - Wirtschaftliche Freiheit","robots":{"index":"index","follow":"follow","max-snippet":"max-snippet:-1","max-image-preview":"max-image-preview:large","max-video-preview":"max-video-preview:-1"},"canonical":"https:\/\/wirtschaftlichefreiheit.de\/wordpress\/?p=29942","og_locale":"de_DE","og_type":"article","og_title":"Erh\u00f6hung des CO2-PreisesNicht ohne sozialen Ausgleich! - Wirtschaftliche Freiheit","og_description":"Die Klimapolitik wird ein bestimmendes Thema der neuen Regierung werden, egal aus welcher Koalition sich diese zusammensetzt. Eine entscheidende Stellschraube bildet hierf\u00fcr der CO2-Preis. Durch &hellip; \u201eErh\u00f6hung des CO2-PreisesNicht ohne sozialen Ausgleich!\u201c weiterlesen","og_url":"https:\/\/wirtschaftlichefreiheit.de\/wordpress\/?p=29942","og_site_name":"Wirtschaftliche Freiheit","article_published_time":"2021-10-14T23:09:36+00:00","article_modified_time":"2023-08-12T15:25:38+00:00","og_image":[{"width":1004,"height":669,"url":"http:\/\/wirtschaftlichefreiheit.de\/wordpress\/bilder\/sozialausgleich.png","type":"image\/png"}],"author":"Manuel Frondel","twitter_card":"summary_large_image","twitter_misc":{"Verfasst von":"Manuel Frondel","Gesch\u00e4tzte Lesezeit":"5\u00a0Minuten"},"schema":{"@context":"https:\/\/schema.org","@graph":[{"@type":"Article","@id":"https:\/\/wirtschaftlichefreiheit.de\/wordpress\/?p=29942#article","isPartOf":{"@id":"https:\/\/wirtschaftlichefreiheit.de\/wordpress\/?p=29942"},"author":{"name":"Manuel Frondel","@id":"https:\/\/wirtschaftlichefreiheit.de\/wordpress\/#\/schema\/person\/c9438cc42f0ce395ee1c9ad2c299edd7"},"headline":"Erh\u00f6hung des CO2-Preises Nicht ohne sozialen Ausgleich!","datePublished":"2021-10-14T23:09:36+00:00","dateModified":"2023-08-12T15:25:38+00:00","mainEntityOfPage":{"@id":"https:\/\/wirtschaftlichefreiheit.de\/wordpress\/?p=29942"},"wordCount":1015,"commentCount":7,"image":{"@id":"https:\/\/wirtschaftlichefreiheit.de\/wordpress\/?p=29942#primaryimage"},"thumbnailUrl":"https:\/\/wirtschaftlichefreiheit.de\/wordpress\/bilder\/sozialausgleich.png","keywords":["C02-Preis","Frondel","Sozialausgleich","Strompreis"],"articleSection":["Klimatisches","Soziales"],"inLanguage":"de","potentialAction":[{"@type":"CommentAction","name":"Comment","target":["https:\/\/wirtschaftlichefreiheit.de\/wordpress\/?p=29942#respond"]}]},{"@type":"WebPage","@id":"https:\/\/wirtschaftlichefreiheit.de\/wordpress\/?p=29942","url":"https:\/\/wirtschaftlichefreiheit.de\/wordpress\/?p=29942","name":"Erh\u00f6hung des CO2-Preises Nicht ohne sozialen Ausgleich! - Wirtschaftliche Freiheit","isPartOf":{"@id":"https:\/\/wirtschaftlichefreiheit.de\/wordpress\/#website"},"primaryImageOfPage":{"@id":"https:\/\/wirtschaftlichefreiheit.de\/wordpress\/?p=29942#primaryimage"},"image":{"@id":"https:\/\/wirtschaftlichefreiheit.de\/wordpress\/?p=29942#primaryimage"},"thumbnailUrl":"https:\/\/wirtschaftlichefreiheit.de\/wordpress\/bilder\/sozialausgleich.png","datePublished":"2021-10-14T23:09:36+00:00","dateModified":"2023-08-12T15:25:38+00:00","author":{"@id":"https:\/\/wirtschaftlichefreiheit.de\/wordpress\/#\/schema\/person\/c9438cc42f0ce395ee1c9ad2c299edd7"},"breadcrumb":{"@id":"https:\/\/wirtschaftlichefreiheit.de\/wordpress\/?p=29942#breadcrumb"},"inLanguage":"de","potentialAction":[{"@type":"ReadAction","target":["https:\/\/wirtschaftlichefreiheit.de\/wordpress\/?p=29942"]}]},{"@type":"ImageObject","inLanguage":"de","@id":"https:\/\/wirtschaftlichefreiheit.de\/wordpress\/?p=29942#primaryimage","url":"https:\/\/wirtschaftlichefreiheit.de\/wordpress\/bilder\/sozialausgleich.png","contentUrl":"https:\/\/wirtschaftlichefreiheit.de\/wordpress\/bilder\/sozialausgleich.png","width":1004,"height":669},{"@type":"BreadcrumbList","@id":"https:\/\/wirtschaftlichefreiheit.de\/wordpress\/?p=29942#breadcrumb","itemListElement":[{"@type":"ListItem","position":1,"name":"Startseite","item":"https:\/\/wirtschaftlichefreiheit.de\/wordpress"},{"@type":"ListItem","position":2,"name":"Erh\u00f6hung des CO2-PreisesNicht ohne sozialen Ausgleich!"}]},{"@type":"WebSite","@id":"https:\/\/wirtschaftlichefreiheit.de\/wordpress\/#website","url":"https:\/\/wirtschaftlichefreiheit.de\/wordpress\/","name":"Wirtschaftliche Freiheit","description":"Das ordnungspolitische Journal","potentialAction":[{"@type":"SearchAction","target":{"@type":"EntryPoint","urlTemplate":"https:\/\/wirtschaftlichefreiheit.de\/wordpress\/?s={search_term_string}"},"query-input":{"@type":"PropertyValueSpecification","valueRequired":true,"valueName":"search_term_string"}}],"inLanguage":"de"},{"@type":"Person","@id":"https:\/\/wirtschaftlichefreiheit.de\/wordpress\/#\/schema\/person\/c9438cc42f0ce395ee1c9ad2c299edd7","name":"Manuel Frondel","image":{"@type":"ImageObject","inLanguage":"de","@id":"https:\/\/wirtschaftlichefreiheit.de\/wordpress\/bilder\/frondel-scaled.jpg","url":"https:\/\/wirtschaftlichefreiheit.de\/wordpress\/bilder\/frondel-scaled.jpg","contentUrl":"https:\/\/wirtschaftlichefreiheit.de\/wordpress\/bilder\/frondel-scaled.jpg","caption":"Manuel Frondel"},"description":"RWI Essen und Ruhr-Universit\u00e4t Bochum","url":"https:\/\/wirtschaftlichefreiheit.de\/wordpress\/?author=157"}]}},"_links":{"self":[{"href":"https:\/\/wirtschaftlichefreiheit.de\/wordpress\/index.php?rest_route=\/wp\/v2\/posts\/29942","targetHints":{"allow":["GET"]}}],"collection":[{"href":"https:\/\/wirtschaftlichefreiheit.de\/wordpress\/index.php?rest_route=\/wp\/v2\/posts"}],"about":[{"href":"https:\/\/wirtschaftlichefreiheit.de\/wordpress\/index.php?rest_route=\/wp\/v2\/types\/post"}],"author":[{"embeddable":true,"href":"https:\/\/wirtschaftlichefreiheit.de\/wordpress\/index.php?rest_route=\/wp\/v2\/users\/157"}],"replies":[{"embeddable":true,"href":"https:\/\/wirtschaftlichefreiheit.de\/wordpress\/index.php?rest_route=%2Fwp%2Fv2%2Fcomments&post=29942"}],"version-history":[{"count":4,"href":"https:\/\/wirtschaftlichefreiheit.de\/wordpress\/index.php?rest_route=\/wp\/v2\/posts\/29942\/revisions"}],"predecessor-version":[{"id":34398,"href":"https:\/\/wirtschaftlichefreiheit.de\/wordpress\/index.php?rest_route=\/wp\/v2\/posts\/29942\/revisions\/34398"}],"wp:featuredmedia":[{"embeddable":true,"href":"https:\/\/wirtschaftlichefreiheit.de\/wordpress\/index.php?rest_route=\/wp\/v2\/media\/29945"}],"wp:attachment":[{"href":"https:\/\/wirtschaftlichefreiheit.de\/wordpress\/index.php?rest_route=%2Fwp%2Fv2%2Fmedia&parent=29942"}],"wp:term":[{"taxonomy":"category","embeddable":true,"href":"https:\/\/wirtschaftlichefreiheit.de\/wordpress\/index.php?rest_route=%2Fwp%2Fv2%2Fcategories&post=29942"},{"taxonomy":"post_tag","embeddable":true,"href":"https:\/\/wirtschaftlichefreiheit.de\/wordpress\/index.php?rest_route=%2Fwp%2Fv2%2Ftags&post=29942"}],"curies":[{"name":"wp","href":"https:\/\/api.w.org\/{rel}","templated":true}]}}