{"id":30478,"date":"2022-02-17T00:40:19","date_gmt":"2022-02-16T23:40:19","guid":{"rendered":"http:\/\/wirtschaftlichefreiheit.de\/wordpress\/?p=30478"},"modified":"2022-02-17T07:31:37","modified_gmt":"2022-02-17T06:31:37","slug":"gastbeitrag-deutschland-im-immobilienfieber","status":"publish","type":"post","link":"https:\/\/wirtschaftlichefreiheit.de\/wordpress\/?p=30478","title":{"rendered":"<font size=3; color=grey>Gastbeitrag <\/font><br\/>Deutschland im Immobilienfieber"},"content":{"rendered":"<p><em>Trotz der Corona-Krise hat sich der Anstieg der Preise f\u00fcr Wohnimmobilien noch einmal verst\u00e4rkt, und ein Ende des Booms ist angesichts einer weiterhin \u00e4u\u00dferst expansiven Geldpolitik nicht in Sicht. Dabei wird die Pandemie durchaus dauerhafte Folgen f\u00fcr den Immobilienmarkt haben: Der Trend zu mehr Homeoffice bremst die Nachfrage nach B\u00fcroimmobilien, gleichzeitig werden Wohnimmobilien in l\u00e4ndlichen Gebieten attraktiver. Die Preise f\u00fcr Einzelhandelsimmobilien sollten ihre Talfahrt beenden, sobald sich die Innenst\u00e4dte wieder nachhaltig beleben.<\/em><\/p>\n<p><!--more--><\/p>\n<p><strong>Corona schiebt die H\u00e4userpreise zus\u00e4tzlich an, &#8230;<\/strong><\/p>\n<p>Die H\u00e4userpreise gehen durch die Decke! Im dritten Quartal 2021 waren die Preise f\u00fcr Wohnimmobilien satte 12% h\u00f6her als ein Jahr zuvor (Abbildung 1). Das ist der st\u00e4rkste Anstieg in dem mittlerweile zehn Jahre laufenden Boom, nachdem die H\u00e4userpreise im zweiten Quartal bereits um 10,8% gestiegen waren. F\u00fcr das vierte Quartal zeichnet sich ebenfalls ein starker Zuwachs im knapp zweistelligen Bereich ab. Damit haben sich Wohnimmobilien im Durchschnitt des Corona-Jahrs 2021 voraussichtlich um 10<sup>1<\/sup>\/<sub>2<\/sub>% verteuert.<\/p>\n<p>Der aktuelle Boom ist inzwischen der mit Abstand l\u00e4ngste seit Beginn der Statistik. W\u00e4hrend die Preisanstiege der 1970er und Anfang der 1990er Jahre jeweils nach rund acht Jahren zu Ende gingen, l\u00e4uft die derzeitige Preisrallye mittlerweile seit zehn Jahren.<\/p>\n<p style=\"text-align: center;\"><a href=\"\/wordpress\/bilder\/marc1.png\"><img decoding=\"async\" class=\"centered\" title=\"claschabb1\" src=\"\/wordpress\/bilder\/marc1.png\" alt=\"claschabb1\" width=\"400\" \/><\/a><\/p>\n<p style=\"text-align: center;\"><small>&#8211; zum Vergr\u00f6\u00dfern bitte auf die Grafik klicken &#8211; <\/small><\/p>\n<p><strong>&#8230; auch in den l\u00e4ndlichen Gebieten<\/strong><\/p>\n<p>Dabei wird der Boom schon lange nicht mehr nur von der starken Nachfrage in den gro\u00dfen Metropolregionen getrieben. Hier haben die Preise sogar seit Ausbruch der Pandemie etwas weniger stark zugelegt als zuvor. (Grafik 2). Daf\u00fcr hat sich zuletzt der Preisauftrieb au\u00dferhalb der Metropolen sp\u00fcrbar beschleunigt, selbst in den d\u00fcnn besiedelten l\u00e4ndlichen Kreisen. Dort steigen die Preise f\u00fcr Eigentumswohnungen mittlerweile \u00e4hnlich schnell wie in den Metropolen und damit doppelt so rasch wie vor Corona. Ein \u00e4hnliches Bild ergibt sich f\u00fcr die nicht in Abbildung 2 gezeigten Ein- und Zweifamilienh\u00e4user.<\/p>\n<p style=\"text-align: center;\"><a href=\"\/wordpress\/bilder\/marc2.png\"><img decoding=\"async\" class=\"centered\" title=\"claschabb1\" src=\"\/wordpress\/bilder\/marc2.png\" alt=\"claschabb1\" width=\"400\" \/><\/a><\/p>\n<p style=\"text-align: center;\"><small>&#8211; zum Vergr\u00f6\u00dfern bitte auf die Grafik klicken &#8211; <\/small><\/p>\n<p><strong>Geldpolitik schiebt weiter an &#8230;<\/strong><\/p>\n<p>Ein Ende des Immobilienbooms ist zumindest in diesem Jahr nicht in Sicht. Denn sein wichtigster Treiber ist die lockere Geldpolitik. Zwar r\u00fcckt das Ende der Nettok\u00e4ufe von Staatsanleihen n\u00e4her, und angesichts der derzeit hohen Inflationsrate wird \u00fcber eine m\u00f6glicherweise bald anstehende Zinserh\u00f6hung seitens der EZB spekuliert. Aber selbst eine Zinserh\u00f6hung noch in diesem jahr w\u00fcrde vorerst nichts daran \u00e4ndern, dass die Geldpolitik nach wie vor f\u00fcr den Immobilienmarkt weitaus zu locker ausgerichtet ist.<\/p>\n<p>Das zeigt auch die Projektion unseres Erschwinglichkeitsindex (Abbildung 3).<a href=\"https:\/\/commerzbank.bluematrix.com\/sellside\/EmailDocViewer?encrypt=29c578b0-11df-4431-bede-3a294d309803&amp;mime=html&amp;co=commerzbank&amp;id=norbert.berthold@uni-wuerzburg.de&amp;source=mail#unten\">[1]<\/a> Trotz eines zu erwartenden Anstiegs im laufenden Jahr bleibt ihm zufolge die Erschwinglichkeit von Wohnimmobilien im historischen Vergleich hoch. Die leichte Verschlechterung an dieser Stelle mag zwar dies den Preisanstieg etwas abbremsen, d\u00fcrfte aber kaum ausreichen, um die Preisrally zu beenden.<\/p>\n<p style=\"text-align: center;\"><a href=\"\/wordpress\/bilder\/marc3.png\"><img decoding=\"async\" class=\"centered\" title=\"claschabb1\" src=\"\/wordpress\/bilder\/marc3.png\" alt=\"claschabb1\" width=\"400\" \/><\/a><\/p>\n<p style=\"text-align: center;\"><small>&#8211; zum Vergr\u00f6\u00dfern bitte auf die Grafik klicken &#8211; <\/small><\/p>\n<p><strong>&#8230; und Homeoffice bleibt erhalten<\/strong><\/p>\n<p>Die Preise in den l\u00e4ndlichen Gebieten d\u00fcrften dabei \u2013 wie schon in den beiden vergangenen Jahren \u2013 durch den Trend zum Homeoffice R\u00fcckenwind erhalten. Von verschiedenen Forschungsinstituten durchgef\u00fchrte Umfragen und auf der vom Bundeswirtschaftsministerium (BMWi) initiierten <a href=\"https:\/\/www.bmwi.de\/Redaktion\/DE\/Downloads\/I\/infas-corona-datenplattform-homeoffice.pdf?__blob=publicationFile&amp;v=4\">Corona-Datenplattform<\/a> ver\u00f6ffentlichte Auswertungen belegen, dass seit April 2020 mehr als ein Viertel der Mitarbeiter zu einem Gutteil oder vollst\u00e4ndig im Homeoffice gearbeitet hat. Damit werden l\u00e4ndliche Gegenden als Wohngebiete attraktiver. Denn l\u00e4ngere Arbeitswege werden eher in Kauf genommen, wenn diese nur an einzelnen Tagen in der Woche zur\u00fcckgelegt werden m\u00fcssen.<\/p>\n<p>Zwar d\u00fcrften die meisten Arbeitnehmer nach einem Abklingen der Pandemie wieder h\u00e4ufiger ins B\u00fcro kommen. Der Anteil des Homeoffice d\u00fcrfte aber h\u00f6her bleiben als vor der Pandemie. Denn ebenfalls im Rahmen der Corona-Datenplattform durchgef\u00fchrte <a href=\"https:\/\/www.infas.de\/fileadmin\/user_upload\/PDF\/infas_Mobilit%C3%A4tsreport_05_WZB_7331_20210824.pdf\">Umfragen<\/a> zeigen, dass die \u00fcberwiegende Mehrheit der Befragten unabh\u00e4ngig von Corona mindestens einen Tag pro Woche im Homeoffice arbeiten m\u00f6chte. Auch die Arbeitgeber wollen diesen Weg gehen. Laut einer <a href=\"https:\/\/www.ifo.de\/node\/56686\">Ifo-Umfrage<\/a> und einer <a href=\"https:\/\/www.bsi.bund.de\/DE\/Themen\/Unternehmen-und-Organisationen\/Cyber-Sicherheitslage\/Lageberichte\/Cyber-Sicherheitsumfrage\/IT-Sicherheit_im_Home-Office\/it-sicherheit_im_home-office_node.html;jsessionid=1C89833572E549248031C513510BB72F.internet461\">Erhebung des Bundesamts f\u00fcr Sicherheit in der Informationstechnik (BSI)<\/a> will eine Mehrheit der Firmen (54% bzw. 58%) mehr Homeoffice als vor der Pandemie erm\u00f6glichen. Dies d\u00fcrfte den Markt bzw. Preisauftrieb f\u00fcr Wohnimmobilien au\u00dferhalb der Gro\u00dfst\u00e4dte befl\u00fcgeln.<\/p>\n<p><strong>Gewerbeimmobilien durchlaufen eine Durststrecke<\/strong><\/p>\n<p>Anders als bei Wohnimmobilien hat die Pandemie bei B\u00fcroimmobilien den Preisanstieg gestoppt, nachdem sich die Preise in den knapp zehn Jahren zuvor ann\u00e4hernd verdoppelt hatten (Abbildung 4). Besonders dynamisch war der Preisauftrieb in den Jahren 2016 bis 2019.<\/p>\n<p>Auf diesen Trend werden die Preise f\u00fcr B\u00fcroimmobilien wohl auf absehbare Zeit nicht zur\u00fcckkehren. Angesichts der fortdauernden Pandemie d\u00fcrften die Preise zun\u00e4chst weiter stagnieren; mittel- bis langfristig d\u00fcrfte zudem der Trend zu mehr Homeoffice die Aufw\u00e4rtsbewegung der B\u00fcroimmobilienpreise sp\u00fcrbar d\u00e4mpfen.<\/p>\n<p style=\"text-align: center;\"><a href=\"\/wordpress\/bilder\/marc4.png\"><img decoding=\"async\" class=\"centered\" title=\"claschabb1\" src=\"\/wordpress\/bilder\/marc4.png\" alt=\"claschabb1\" width=\"400\" \/><\/a><\/p>\n<p style=\"text-align: center;\"><small>&#8211; zum Vergr\u00f6\u00dfern bitte auf die Grafik klicken &#8211; <\/small><\/p>\n<p>Auch bei den Preisen von Einzelhandelsimmobilien d\u00fcrfte sich das Aufw\u00e4rtspotenzial in Grenzen halten. In diesem Sektor hat es in den vergangenen zehn Jahren nie einen solchen Preisboom gegeben wie bei den B\u00fcroimmobilien. Seit Beginn der Pandemie haben sie sogar um 5\u00bd% nachgegeben.<\/p>\n<p>Nach einer Eind\u00e4mmung der Pandemie d\u00fcrften sich die Innenst\u00e4dte und Gesch\u00e4fte aber wieder nachhaltig beleben. Der lokale Einzelhandel d\u00fcrfte sich auch deshalb wieder erholen, weil auf Dauer das Einkaufs-Erlebnis und die Vorz\u00fcge des Ladengesch\u00e4fts die Vorteile der Online-Bestellungen zumindest teilweise ausgleichen, auch weil sich Trends wie Social Shopping zunehmender Beliebtheit erfreuen. Laut einer <a href=\"https:\/\/commercial.yougov.com\/rs\/464-VHH-988\/images\/yougov-global-retail-white-paper-may-2021.pdf?mkt_tok=NDY0LVZISC05ODgAAAGAeipW10zeg1rAdofT-Y1aWaAVaLNkVHZUBIFzCw2gpkAcBces343Ffqv_QsEAjxJDmBTnbU76uu3Jo1-F-UEb6tp9oqPB0qZZwRCXKMMmrQ\">Umfrage des Marktforschungsinstituts YouGov<\/a> unter mehr als 19.000 Personen in 17 L\u00e4ndern <a href=\"https:\/\/commerzbank.bluematrix.com\/sellside\/EmailDocViewer?encrypt=29c578b0-11df-4431-bede-3a294d309803&amp;mime=html&amp;co=commerzbank&amp;id=norbert.berthold@uni-wuerzburg.de&amp;source=mail#unten2\">[2]<\/a> im Januar und Februar 2021 ist f\u00fcr 38% der deutschen Kunden das soziale Element ausschlaggebend f\u00fcr einen Ladenbesuch. Dar\u00fcber hinaus wollen 63% der Befragten auf &#8222;Tuchf\u00fchlung&#8220; gehen; f\u00fcr sie ist es wichtig, Produkte anfassen und anprobieren zu k\u00f6nnen. Die Menschen sch\u00e4tzen also den Besuch eines Ladengesch\u00e4fts nach wie vor, so dass sich die Preise f\u00fcr Einzelhandelsimmobilien mittelfristig stabilisieren und auf lange Sicht sogar wieder leicht steigen sollten.<\/p>\n<p>&#8212; &#8212; &#8212;<\/p>\n<p>[1] Unser Erschwinglichkeits-Index setzt die H\u00f6he des Schuldendienstes ins Verh\u00e4ltnis zum verf\u00fcgbaren Einkommen pro Kopf. Dabei legen wir eine Eigenkapitalquote von 20% sowie eine Tilgungsrate von 2% zugrunde. Als Zinssatz dient der durchschnittliche Effektivzinssatz f\u00fcr Wohnungsbaukredite an private Haushalte mit einer Zinsbindung \u00fcber 10 Jahre, der von der Bundesbank ausgewiesen wird.<\/p>\n<p>[2] Die untersuchten 17 L\u00e4nder sind: Australien, China, D\u00e4nemark, Frankreich, Gro\u00dfbritannien, Deutschland, Hongkong, Indien, Indonesien, Italien, Mexiko, Polen, Singapur, Spain, Schweden, Vereinigte Arabische Emirate, USA.<\/p>\n<!-- AddThis Advanced Settings generic via filter on the_content --><!-- AddThis Share Buttons generic via filter on the_content --><!-- AddThis Related Posts generic via filter on the_content -->","protected":false},"excerpt":{"rendered":"<p>Trotz der Corona-Krise hat sich der Anstieg der Preise f\u00fcr Wohnimmobilien noch einmal verst\u00e4rkt, und ein Ende des Booms ist angesichts einer weiterhin \u00e4u\u00dferst expansiven &hellip; <\/p>\n<p class=\"link-more\"><a href=\"https:\/\/wirtschaftlichefreiheit.de\/wordpress\/?p=30478\" class=\"more-link\"><span class=\"screen-reader-text\">\u201e<font size=3; color=grey>Gastbeitrag <\/font><br \/>Deutschland im Immobilienfieber\u201c <\/span>weiterlesen<\/a><\/p>\n<p><!-- AddThis Advanced Settings generic via filter on wp_trim_excerpt --><!-- AddThis Share Buttons generic via filter on wp_trim_excerpt --><!-- AddThis Related Posts generic via filter on wp_trim_excerpt --><\/p>\n","protected":false},"author":340,"featured_media":30484,"comment_status":"open","ping_status":"open","sticky":false,"template":"","format":"standard","meta":{"footnotes":""},"categories":[3342],"tags":[4096,3480,4098,2689,4097],"class_list":["post-30478","post","type-post","status-publish","format-standard","has-post-thumbnail","hentry","category-immobiles","tag-gewerbeimmobilien","tag-homeoffice","tag-immobilienboom","tag-wagner","tag-wohnimmobilien"],"yoast_head":"<!-- This site is optimized with the Yoast SEO plugin v27.2 - https:\/\/yoast.com\/product\/yoast-seo-wordpress\/ -->\n<title>Gastbeitrag Deutschland im Immobilienfieber - Wirtschaftliche Freiheit<\/title>\n<meta name=\"robots\" content=\"index, follow, max-snippet:-1, max-image-preview:large, max-video-preview:-1\" \/>\n<link rel=\"canonical\" href=\"https:\/\/wirtschaftlichefreiheit.de\/wordpress\/?p=30478\" \/>\n<meta property=\"og:locale\" content=\"de_DE\" \/>\n<meta property=\"og:type\" content=\"article\" \/>\n<meta property=\"og:title\" content=\"Gastbeitrag Deutschland im Immobilienfieber - Wirtschaftliche Freiheit\" \/>\n<meta property=\"og:description\" content=\"Trotz der Corona-Krise hat sich der Anstieg der Preise f\u00fcr Wohnimmobilien noch einmal verst\u00e4rkt, und ein Ende des Booms ist angesichts einer weiterhin \u00e4u\u00dferst expansiven &hellip; \u201eGastbeitrag Deutschland im Immobilienfieber\u201c weiterlesen\" \/>\n<meta property=\"og:url\" content=\"https:\/\/wirtschaftlichefreiheit.de\/wordpress\/?p=30478\" \/>\n<meta property=\"og:site_name\" content=\"Wirtschaftliche Freiheit\" \/>\n<meta property=\"article:published_time\" content=\"2022-02-16T23:40:19+00:00\" \/>\n<meta property=\"article:modified_time\" content=\"2022-02-17T06:31:37+00:00\" \/>\n<meta property=\"og:image\" content=\"https:\/\/wirtschaftlichefreiheit.de\/wordpress\/bilder\/reihenhaus-1.png\" \/>\n\t<meta property=\"og:image:width\" content=\"990\" \/>\n\t<meta property=\"og:image:height\" content=\"531\" \/>\n\t<meta property=\"og:image:type\" content=\"image\/png\" \/>\n<meta name=\"author\" content=\"Marco Wagner\" \/>\n<meta name=\"twitter:card\" content=\"summary_large_image\" \/>\n<meta name=\"twitter:label1\" content=\"Verfasst von\" \/>\n\t<meta name=\"twitter:data1\" content=\"Marco Wagner\" \/>\n\t<meta name=\"twitter:label2\" content=\"Gesch\u00e4tzte Lesezeit\" \/>\n\t<meta name=\"twitter:data2\" content=\"5\u00a0Minuten\" \/>\n<script type=\"application\/ld+json\" class=\"yoast-schema-graph\">{\"@context\":\"https:\/\/schema.org\",\"@graph\":[{\"@type\":\"Article\",\"@id\":\"https:\/\/wirtschaftlichefreiheit.de\/wordpress\/?p=30478#article\",\"isPartOf\":{\"@id\":\"https:\/\/wirtschaftlichefreiheit.de\/wordpress\/?p=30478\"},\"author\":{\"name\":\"Marco Wagner\",\"@id\":\"https:\/\/wirtschaftlichefreiheit.de\/wordpress\/#\/schema\/person\/4d6f55a628ff7999f3bd1817b49d1c2d\"},\"headline\":\"Gastbeitrag Deutschland im Immobilienfieber\",\"datePublished\":\"2022-02-16T23:40:19+00:00\",\"dateModified\":\"2022-02-17T06:31:37+00:00\",\"mainEntityOfPage\":{\"@id\":\"https:\/\/wirtschaftlichefreiheit.de\/wordpress\/?p=30478\"},\"wordCount\":1058,\"commentCount\":1,\"image\":{\"@id\":\"https:\/\/wirtschaftlichefreiheit.de\/wordpress\/?p=30478#primaryimage\"},\"thumbnailUrl\":\"https:\/\/wirtschaftlichefreiheit.de\/wordpress\/bilder\/reihenhaus-1.png\",\"keywords\":[\"Gewerbeimmobilien\",\"Homeoffice\",\"Immobilienboom\",\"Wagner\",\"Wohnimmobilien\"],\"articleSection\":[\"Immobiles\"],\"inLanguage\":\"de\",\"potentialAction\":[{\"@type\":\"CommentAction\",\"name\":\"Comment\",\"target\":[\"https:\/\/wirtschaftlichefreiheit.de\/wordpress\/?p=30478#respond\"]}]},{\"@type\":\"WebPage\",\"@id\":\"https:\/\/wirtschaftlichefreiheit.de\/wordpress\/?p=30478\",\"url\":\"https:\/\/wirtschaftlichefreiheit.de\/wordpress\/?p=30478\",\"name\":\"Gastbeitrag Deutschland im Immobilienfieber - Wirtschaftliche Freiheit\",\"isPartOf\":{\"@id\":\"https:\/\/wirtschaftlichefreiheit.de\/wordpress\/#website\"},\"primaryImageOfPage\":{\"@id\":\"https:\/\/wirtschaftlichefreiheit.de\/wordpress\/?p=30478#primaryimage\"},\"image\":{\"@id\":\"https:\/\/wirtschaftlichefreiheit.de\/wordpress\/?p=30478#primaryimage\"},\"thumbnailUrl\":\"https:\/\/wirtschaftlichefreiheit.de\/wordpress\/bilder\/reihenhaus-1.png\",\"datePublished\":\"2022-02-16T23:40:19+00:00\",\"dateModified\":\"2022-02-17T06:31:37+00:00\",\"author\":{\"@id\":\"https:\/\/wirtschaftlichefreiheit.de\/wordpress\/#\/schema\/person\/4d6f55a628ff7999f3bd1817b49d1c2d\"},\"breadcrumb\":{\"@id\":\"https:\/\/wirtschaftlichefreiheit.de\/wordpress\/?p=30478#breadcrumb\"},\"inLanguage\":\"de\",\"potentialAction\":[{\"@type\":\"ReadAction\",\"target\":[\"https:\/\/wirtschaftlichefreiheit.de\/wordpress\/?p=30478\"]}]},{\"@type\":\"ImageObject\",\"inLanguage\":\"de\",\"@id\":\"https:\/\/wirtschaftlichefreiheit.de\/wordpress\/?p=30478#primaryimage\",\"url\":\"https:\/\/wirtschaftlichefreiheit.de\/wordpress\/bilder\/reihenhaus-1.png\",\"contentUrl\":\"https:\/\/wirtschaftlichefreiheit.de\/wordpress\/bilder\/reihenhaus-1.png\",\"width\":990,\"height\":531},{\"@type\":\"BreadcrumbList\",\"@id\":\"https:\/\/wirtschaftlichefreiheit.de\/wordpress\/?p=30478#breadcrumb\",\"itemListElement\":[{\"@type\":\"ListItem\",\"position\":1,\"name\":\"Startseite\",\"item\":\"https:\/\/wirtschaftlichefreiheit.de\/wordpress\"},{\"@type\":\"ListItem\",\"position\":2,\"name\":\"Gastbeitrag Deutschland im Immobilienfieber\"}]},{\"@type\":\"WebSite\",\"@id\":\"https:\/\/wirtschaftlichefreiheit.de\/wordpress\/#website\",\"url\":\"https:\/\/wirtschaftlichefreiheit.de\/wordpress\/\",\"name\":\"Wirtschaftliche Freiheit\",\"description\":\"Das ordnungspolitische Journal\",\"potentialAction\":[{\"@type\":\"SearchAction\",\"target\":{\"@type\":\"EntryPoint\",\"urlTemplate\":\"https:\/\/wirtschaftlichefreiheit.de\/wordpress\/?s={search_term_string}\"},\"query-input\":{\"@type\":\"PropertyValueSpecification\",\"valueRequired\":true,\"valueName\":\"search_term_string\"}}],\"inLanguage\":\"de\"},{\"@type\":\"Person\",\"@id\":\"https:\/\/wirtschaftlichefreiheit.de\/wordpress\/#\/schema\/person\/4d6f55a628ff7999f3bd1817b49d1c2d\",\"name\":\"Marco Wagner\",\"image\":{\"@type\":\"ImageObject\",\"inLanguage\":\"de\",\"@id\":\"https:\/\/wirtschaftlichefreiheit.de\/wordpress\/bilder\/252.png.jpg\",\"url\":\"https:\/\/wirtschaftlichefreiheit.de\/wordpress\/bilder\/252.png.jpg\",\"contentUrl\":\"https:\/\/wirtschaftlichefreiheit.de\/wordpress\/bilder\/252.png.jpg\",\"caption\":\"Marco Wagner\"},\"description\":\"Commerzbank Research\",\"url\":\"https:\/\/wirtschaftlichefreiheit.de\/wordpress\/?author=340\"}]}<\/script>\n<!-- \/ Yoast SEO plugin. -->","yoast_head_json":{"title":"Gastbeitrag Deutschland im Immobilienfieber - Wirtschaftliche Freiheit","robots":{"index":"index","follow":"follow","max-snippet":"max-snippet:-1","max-image-preview":"max-image-preview:large","max-video-preview":"max-video-preview:-1"},"canonical":"https:\/\/wirtschaftlichefreiheit.de\/wordpress\/?p=30478","og_locale":"de_DE","og_type":"article","og_title":"Gastbeitrag Deutschland im Immobilienfieber - Wirtschaftliche Freiheit","og_description":"Trotz der Corona-Krise hat sich der Anstieg der Preise f\u00fcr Wohnimmobilien noch einmal verst\u00e4rkt, und ein Ende des Booms ist angesichts einer weiterhin \u00e4u\u00dferst expansiven &hellip; \u201eGastbeitrag Deutschland im Immobilienfieber\u201c weiterlesen","og_url":"https:\/\/wirtschaftlichefreiheit.de\/wordpress\/?p=30478","og_site_name":"Wirtschaftliche Freiheit","article_published_time":"2022-02-16T23:40:19+00:00","article_modified_time":"2022-02-17T06:31:37+00:00","og_image":[{"width":990,"height":531,"url":"https:\/\/wirtschaftlichefreiheit.de\/wordpress\/bilder\/reihenhaus-1.png","type":"image\/png"}],"author":"Marco Wagner","twitter_card":"summary_large_image","twitter_misc":{"Verfasst von":"Marco Wagner","Gesch\u00e4tzte Lesezeit":"5\u00a0Minuten"},"schema":{"@context":"https:\/\/schema.org","@graph":[{"@type":"Article","@id":"https:\/\/wirtschaftlichefreiheit.de\/wordpress\/?p=30478#article","isPartOf":{"@id":"https:\/\/wirtschaftlichefreiheit.de\/wordpress\/?p=30478"},"author":{"name":"Marco Wagner","@id":"https:\/\/wirtschaftlichefreiheit.de\/wordpress\/#\/schema\/person\/4d6f55a628ff7999f3bd1817b49d1c2d"},"headline":"Gastbeitrag Deutschland im Immobilienfieber","datePublished":"2022-02-16T23:40:19+00:00","dateModified":"2022-02-17T06:31:37+00:00","mainEntityOfPage":{"@id":"https:\/\/wirtschaftlichefreiheit.de\/wordpress\/?p=30478"},"wordCount":1058,"commentCount":1,"image":{"@id":"https:\/\/wirtschaftlichefreiheit.de\/wordpress\/?p=30478#primaryimage"},"thumbnailUrl":"https:\/\/wirtschaftlichefreiheit.de\/wordpress\/bilder\/reihenhaus-1.png","keywords":["Gewerbeimmobilien","Homeoffice","Immobilienboom","Wagner","Wohnimmobilien"],"articleSection":["Immobiles"],"inLanguage":"de","potentialAction":[{"@type":"CommentAction","name":"Comment","target":["https:\/\/wirtschaftlichefreiheit.de\/wordpress\/?p=30478#respond"]}]},{"@type":"WebPage","@id":"https:\/\/wirtschaftlichefreiheit.de\/wordpress\/?p=30478","url":"https:\/\/wirtschaftlichefreiheit.de\/wordpress\/?p=30478","name":"Gastbeitrag Deutschland im Immobilienfieber - Wirtschaftliche Freiheit","isPartOf":{"@id":"https:\/\/wirtschaftlichefreiheit.de\/wordpress\/#website"},"primaryImageOfPage":{"@id":"https:\/\/wirtschaftlichefreiheit.de\/wordpress\/?p=30478#primaryimage"},"image":{"@id":"https:\/\/wirtschaftlichefreiheit.de\/wordpress\/?p=30478#primaryimage"},"thumbnailUrl":"https:\/\/wirtschaftlichefreiheit.de\/wordpress\/bilder\/reihenhaus-1.png","datePublished":"2022-02-16T23:40:19+00:00","dateModified":"2022-02-17T06:31:37+00:00","author":{"@id":"https:\/\/wirtschaftlichefreiheit.de\/wordpress\/#\/schema\/person\/4d6f55a628ff7999f3bd1817b49d1c2d"},"breadcrumb":{"@id":"https:\/\/wirtschaftlichefreiheit.de\/wordpress\/?p=30478#breadcrumb"},"inLanguage":"de","potentialAction":[{"@type":"ReadAction","target":["https:\/\/wirtschaftlichefreiheit.de\/wordpress\/?p=30478"]}]},{"@type":"ImageObject","inLanguage":"de","@id":"https:\/\/wirtschaftlichefreiheit.de\/wordpress\/?p=30478#primaryimage","url":"https:\/\/wirtschaftlichefreiheit.de\/wordpress\/bilder\/reihenhaus-1.png","contentUrl":"https:\/\/wirtschaftlichefreiheit.de\/wordpress\/bilder\/reihenhaus-1.png","width":990,"height":531},{"@type":"BreadcrumbList","@id":"https:\/\/wirtschaftlichefreiheit.de\/wordpress\/?p=30478#breadcrumb","itemListElement":[{"@type":"ListItem","position":1,"name":"Startseite","item":"https:\/\/wirtschaftlichefreiheit.de\/wordpress"},{"@type":"ListItem","position":2,"name":"Gastbeitrag Deutschland im Immobilienfieber"}]},{"@type":"WebSite","@id":"https:\/\/wirtschaftlichefreiheit.de\/wordpress\/#website","url":"https:\/\/wirtschaftlichefreiheit.de\/wordpress\/","name":"Wirtschaftliche Freiheit","description":"Das ordnungspolitische Journal","potentialAction":[{"@type":"SearchAction","target":{"@type":"EntryPoint","urlTemplate":"https:\/\/wirtschaftlichefreiheit.de\/wordpress\/?s={search_term_string}"},"query-input":{"@type":"PropertyValueSpecification","valueRequired":true,"valueName":"search_term_string"}}],"inLanguage":"de"},{"@type":"Person","@id":"https:\/\/wirtschaftlichefreiheit.de\/wordpress\/#\/schema\/person\/4d6f55a628ff7999f3bd1817b49d1c2d","name":"Marco Wagner","image":{"@type":"ImageObject","inLanguage":"de","@id":"https:\/\/wirtschaftlichefreiheit.de\/wordpress\/bilder\/252.png.jpg","url":"https:\/\/wirtschaftlichefreiheit.de\/wordpress\/bilder\/252.png.jpg","contentUrl":"https:\/\/wirtschaftlichefreiheit.de\/wordpress\/bilder\/252.png.jpg","caption":"Marco Wagner"},"description":"Commerzbank Research","url":"https:\/\/wirtschaftlichefreiheit.de\/wordpress\/?author=340"}]}},"_links":{"self":[{"href":"https:\/\/wirtschaftlichefreiheit.de\/wordpress\/index.php?rest_route=\/wp\/v2\/posts\/30478","targetHints":{"allow":["GET"]}}],"collection":[{"href":"https:\/\/wirtschaftlichefreiheit.de\/wordpress\/index.php?rest_route=\/wp\/v2\/posts"}],"about":[{"href":"https:\/\/wirtschaftlichefreiheit.de\/wordpress\/index.php?rest_route=\/wp\/v2\/types\/post"}],"author":[{"embeddable":true,"href":"https:\/\/wirtschaftlichefreiheit.de\/wordpress\/index.php?rest_route=\/wp\/v2\/users\/340"}],"replies":[{"embeddable":true,"href":"https:\/\/wirtschaftlichefreiheit.de\/wordpress\/index.php?rest_route=%2Fwp%2Fv2%2Fcomments&post=30478"}],"version-history":[{"count":4,"href":"https:\/\/wirtschaftlichefreiheit.de\/wordpress\/index.php?rest_route=\/wp\/v2\/posts\/30478\/revisions"}],"predecessor-version":[{"id":30480,"href":"https:\/\/wirtschaftlichefreiheit.de\/wordpress\/index.php?rest_route=\/wp\/v2\/posts\/30478\/revisions\/30480"}],"wp:featuredmedia":[{"embeddable":true,"href":"https:\/\/wirtschaftlichefreiheit.de\/wordpress\/index.php?rest_route=\/wp\/v2\/media\/30484"}],"wp:attachment":[{"href":"https:\/\/wirtschaftlichefreiheit.de\/wordpress\/index.php?rest_route=%2Fwp%2Fv2%2Fmedia&parent=30478"}],"wp:term":[{"taxonomy":"category","embeddable":true,"href":"https:\/\/wirtschaftlichefreiheit.de\/wordpress\/index.php?rest_route=%2Fwp%2Fv2%2Fcategories&post=30478"},{"taxonomy":"post_tag","embeddable":true,"href":"https:\/\/wirtschaftlichefreiheit.de\/wordpress\/index.php?rest_route=%2Fwp%2Fv2%2Ftags&post=30478"}],"curies":[{"name":"wp","href":"https:\/\/api.w.org\/{rel}","templated":true}]}}