{"id":31276,"date":"2022-07-08T00:24:15","date_gmt":"2022-07-07T23:24:15","guid":{"rendered":"http:\/\/wirtschaftlichefreiheit.de\/wordpress\/?p=31276"},"modified":"2022-07-08T05:30:36","modified_gmt":"2022-07-08T04:30:36","slug":"gastbeitrag-wer-ist-verantwortlich-fuer-den-globalen-hunger","status":"publish","type":"post","link":"https:\/\/wirtschaftlichefreiheit.de\/wordpress\/?p=31276","title":{"rendered":"<font size=3; color=grey>Gastbeitrag <\/font><br\/>Wer ist verantwortlich f\u00fcr den globalen Hunger?"},"content":{"rendered":"<p>Der Angriffskrieg Russlands gegen die Ukraine wird immer mehr zu einem Krieg gegen die Menschheit insgesamt und gegen die Menschlichkeit. Die russische Armee vernichtet die Getreidebest\u00e4nde in der Ukraine gezielt oder stiehlt sie. Zus\u00e4tzlich wird der Export von Getreide aus der Ukraine verunm\u00f6glicht, weil ukrainische H\u00e4fen entweder besetzt oder vermint worden sind. Insgesamt droht damit der Exportausfall von bis zu 40 Millionen Tonnen Getreide aus der Ukraine. Als Konsequenz steigen die Lebensmittelpreise, und das schon seit einer ganzen Weile.<\/p>\n<p><!--more--><\/p>\n<p>Dadurch droht den Menschen in einigen afrikanischen und asiatischen Entwicklungsl\u00e4ndern eine Hungerkatastrophe. Millionen Menschen werden von Nahrungsmitteln abgeschnitten. Schon durch die Corona-Krise nahm die Armut weltweit wieder zu; das erste Mal seit Jahren \u00fcbrigens. Der jahrelange Trend der Verbesserung der Lebensumst\u00e4nde weltweit ist damit erst einmal zum Erliegen gekommen. Dieses Jahr d\u00fcrfte sich die Lage noch einmal drastisch verschlechtern.<\/p>\n<p>Diese drohende Katastrophe wird in der Welt\u00f6ffentlichkeit recht unterschiedlich bewertet. Ich selbst hatte vor kurzem ein Gespr\u00e4ch mit einer indischen Kollegin, die mit Vehemenz den westlichen Sanktionen die Schuld an der drohenden Hungersnot gab. Die Begr\u00fcndung war einigerma\u00dfen absurd: Wir w\u00fcrden im Westen die Aggressionen Chinas und Pakistans gegen Indien nicht sehen und deshalb die russischen Aggressionen \u00fcberbewerten. Der Zusammenhang erschloss sich mir bislang nicht.<\/p>\n<p>Leider ist diese Wahrnehmung kein Einzelfall. Gerade in Afrika haben viele Regierungen ihre Position zur russischen Aggression sehr vage \u2013 bis hin zur Zustimmung \u2013 gehalten. Das hat auch mit der stark gewachsenen russischen Pr\u00e4senz auf dem afrikanischen Kontinent zu tun. Obwohl russische Truppen auch dort deutlich sichtbar massiv Menschenrechtsverletzungen begehen, sehen manche Regierungen einen Nutzen in der russischen Pr\u00e4senz. Oft besteht der Nutzen in pers\u00f6nlichen Zuwendungen an die Nomenklatura, auch zulasten der eigenen Bev\u00f6lkerung.<\/p>\n<p>Im indischen Fall kommt hinzu, dass die dortige Regierung den Export von Getreide verboten hat \u2013 was einerseits angesichts der humanit\u00e4ren Lage vor Ort und gestiegener Getreidepreise nachvollziehbar ist. Andererseits bedeutet es eine Versch\u00e4rfung der Lage f\u00fcr die \u00c4rmsten. Die Geschichte zeigt, dass Exportverbote von Nahrungsmitteln die Lebensmittelkrisen immer nur angeheizt haben.<\/p>\n<p>Die westlichen Sanktionen sind im \u00dcbrigen nicht verantwortlich f\u00fcr die drohende Hungerkatastrophe. Selbstverst\u00e4ndlich unterst\u00fctzen die Regierungen der Sanktionsgeber den Handel von russischem Getreide mit L\u00e4ndern des globalen S\u00fcdens; die Sanktionen zielen gegen andere G\u00fcter. Auch versuchen sie, die Ukraine im Export ihres eigenen Getreides zu unterst\u00fctzen \u2013 das muss auch so sein, denn wenn die Lager nicht bald ger\u00e4umt werden, kann die neue Ernte nicht eingebracht werden.<\/p>\n<p>Stellt sich die Frage nach den Motiven der russischen F\u00fchrung, die \u00c4rmsten auszuhungern. Es ist plausibel, dahinter eine \u201eGeiselnahme\u2018 zu vermuten. Denn mit dem Hunger der \u00c4rmsten wird sowohl Druck auf den Westen erzeugt, die Sanktionen gegen Russland zu reduzieren oder gar zu beenden, als auch das Bild der westlichen L\u00e4nder in Entwicklungsl\u00e4ndern verzerrt, wenigstens so lange die Menschen an Narrative wie meine indische Kollegin glauben. Drittens kann sich Putin als Retter aufspielen, wenn er schlie\u00dflich doch Teile des geraubten Getreides in Entwicklungsl\u00e4nder liefert.<\/p>\n<p>Die westlichen Sanktionsgeber stehen somit vor einem Dilemma. Einerseits k\u00f6nnen sie dem russischen Terror nicht nachgeben, ohne die politische Situation im Osten Europas weiter zu destabilisieren und die Ukraine sowie andere ehemalige Sowjetrepubliken, darunter auch die baltischen Staaten, ernsthaft zu gef\u00e4hrden. Andererseits steht das Image des Westens in den Entwicklungsl\u00e4ndern auf dem Spiel, sofern gegen die t\u00f6dliche Kombination von Aushungern und anderslautender Propaganda nichts unternommen wird.<\/p>\n<p>Die Chance, die Handlungsf\u00e4higkeit zu behalten, ist noch nicht vertan. Wenn es wirklich gelingt, Transportinfrastruktur f\u00fcr den Verkauf ukrainischen Getreides auf dem Landweg nach Westen bereitzustellen und gleichzeitig selbst mehr Getreide zu exportieren, kann man selbst als Helfer auftreten und der russischen Propaganda etwas entgegensetzen.<\/p>\n<p>Dazu sollten die kleinteiligen Debatten um die Auslastung der Anbaufl\u00e4chen unterbleiben und z\u00fcgig Sondergenehmigungen f\u00fcr die Landwirt ausgestellt werden. Au\u00dferdem sollten die G7-Staaten das Thema priorit\u00e4r behandeln und gro\u00dfz\u00fcgige Unterst\u00fctzung anbieten. Sie sollten sich dabei die Unterst\u00fctzung anderer Demokratien sichern; nur mit einer konzertierten und kr\u00e4ftigen Aktion kann die Vorteilhaftigkeit einer demokratisch-freiheitlichen Governance-Stuktur gezeigt werden.<\/p>\n<p>Diese Unterst\u00fctzung der Entwicklungsl\u00e4nder kann durchaus konditioniert in dem Sinne geschehen, dass mit den Regierungen Absprachen \u00fcber andere Themen getroffen werden, so dass deren Beziehung zu Russland sich mittelfristig \u00e4ndert. Dazu m\u00fcssten die G7-Staaten, allen voran Deutschland, aber einen weiten Blick einnehmen, die bislang unverbundenen Politikfelder als zusammengeh\u00f6rig interpretieren und ihre Stereotypen \u00fcber Entwicklungszusammenarbeit opfern. Die Unterst\u00fctzung der \u00c4rmsten und die Schw\u00e4chung des Aggressors sollten es doch wert sein.<\/p>\n<p><strong>Hinweis:<\/strong> Der Beitrag erschien am <a href=\"https:\/\/www.wiwo.de\/politik\/ausland\/freytags-frage-wer-ist-verantwortlich-fuer-den-globalen-hunger\/28432468.html\">17. Juni 2022<\/a> in der Online-Ausgabe der Wirtschaftswoche.<\/p>\n<p><strong>Blog-Beitrag zum Thema:<\/strong><\/p>\n<p>Ingo Pies (2022): <a href=\"http:\/\/wirtschaftlichefreiheit.de\/wordpress\/?p=31055\">Hunger durch Agrarspekulation? <span style=\"color: grey; font-size: medium;\">Lessons (not) learned <\/span><\/a><\/p>\n<!-- AddThis Advanced Settings generic via filter on the_content --><!-- AddThis Share Buttons generic via filter on the_content --><!-- AddThis Related Posts generic via filter on the_content -->","protected":false},"excerpt":{"rendered":"<p>Der Angriffskrieg Russlands gegen die Ukraine wird immer mehr zu einem Krieg gegen die Menschheit insgesamt und gegen die Menschlichkeit. Die russische Armee vernichtet die &hellip; <\/p>\n<p class=\"link-more\"><a href=\"https:\/\/wirtschaftlichefreiheit.de\/wordpress\/?p=31276\" class=\"more-link\"><span class=\"screen-reader-text\">\u201e<font size=3; color=grey>Gastbeitrag <\/font><br \/>Wer ist verantwortlich f\u00fcr den globalen Hunger?\u201c <\/span>weiterlesen<\/a><\/p>\n<p><!-- AddThis Advanced Settings generic via filter on wp_trim_excerpt --><!-- AddThis Share Buttons generic via filter on wp_trim_excerpt --><!-- AddThis Related Posts generic via filter on wp_trim_excerpt --><\/p>\n","protected":false},"author":237,"featured_media":31280,"comment_status":"open","ping_status":"open","sticky":false,"template":"","format":"standard","meta":{"footnotes":""},"categories":[4122],"tags":[2303,110,2640,4244,4243],"class_list":["post-31276","post","type-post","status-publish","format-standard","has-post-thumbnail","hentry","category-kriegerisches","tag-afrika","tag-entwicklungslaender","tag-freytag","tag-getreide","tag-hunger"],"yoast_head":"<!-- This site is optimized with the Yoast SEO plugin v27.2 - https:\/\/yoast.com\/product\/yoast-seo-wordpress\/ -->\n<title>Gastbeitrag Wer ist verantwortlich f\u00fcr den globalen Hunger? - Wirtschaftliche Freiheit<\/title>\n<meta name=\"robots\" content=\"index, follow, max-snippet:-1, max-image-preview:large, max-video-preview:-1\" \/>\n<link rel=\"canonical\" href=\"https:\/\/wirtschaftlichefreiheit.de\/wordpress\/?p=31276\" \/>\n<meta property=\"og:locale\" content=\"de_DE\" \/>\n<meta property=\"og:type\" content=\"article\" \/>\n<meta property=\"og:title\" content=\"Gastbeitrag Wer ist verantwortlich f\u00fcr den globalen Hunger? - Wirtschaftliche Freiheit\" \/>\n<meta property=\"og:description\" content=\"Der Angriffskrieg Russlands gegen die Ukraine wird immer mehr zu einem Krieg gegen die Menschheit insgesamt und gegen die Menschlichkeit. Die russische Armee vernichtet die &hellip; \u201eGastbeitrag Wer ist verantwortlich f\u00fcr den globalen Hunger?\u201c weiterlesen\" \/>\n<meta property=\"og:url\" content=\"https:\/\/wirtschaftlichefreiheit.de\/wordpress\/?p=31276\" \/>\n<meta property=\"og:site_name\" content=\"Wirtschaftliche Freiheit\" \/>\n<meta property=\"article:published_time\" content=\"2022-07-07T23:24:15+00:00\" \/>\n<meta property=\"article:modified_time\" content=\"2022-07-08T04:30:36+00:00\" \/>\n<meta property=\"og:image\" content=\"https:\/\/wirtschaftlichefreiheit.de\/wordpress\/bilder\/getreide123-1024x581.png\" \/>\n\t<meta property=\"og:image:width\" content=\"1024\" \/>\n\t<meta property=\"og:image:height\" content=\"581\" \/>\n\t<meta property=\"og:image:type\" content=\"image\/png\" \/>\n<meta name=\"author\" content=\"Andreas Freytag\" \/>\n<meta name=\"twitter:card\" content=\"summary_large_image\" \/>\n<meta name=\"twitter:label1\" content=\"Verfasst von\" \/>\n\t<meta name=\"twitter:data1\" content=\"Andreas Freytag\" \/>\n\t<meta name=\"twitter:label2\" content=\"Gesch\u00e4tzte Lesezeit\" \/>\n\t<meta name=\"twitter:data2\" content=\"4\u00a0Minuten\" \/>\n<script type=\"application\/ld+json\" class=\"yoast-schema-graph\">{\"@context\":\"https:\/\/schema.org\",\"@graph\":[{\"@type\":\"Article\",\"@id\":\"https:\/\/wirtschaftlichefreiheit.de\/wordpress\/?p=31276#article\",\"isPartOf\":{\"@id\":\"https:\/\/wirtschaftlichefreiheit.de\/wordpress\/?p=31276\"},\"author\":{\"name\":\"Andreas Freytag\",\"@id\":\"https:\/\/wirtschaftlichefreiheit.de\/wordpress\/#\/schema\/person\/f21155b517a9b0a4b49834647e216069\"},\"headline\":\"Gastbeitrag Wer ist verantwortlich f\u00fcr den globalen Hunger?\",\"datePublished\":\"2022-07-07T23:24:15+00:00\",\"dateModified\":\"2022-07-08T04:30:36+00:00\",\"mainEntityOfPage\":{\"@id\":\"https:\/\/wirtschaftlichefreiheit.de\/wordpress\/?p=31276\"},\"wordCount\":798,\"commentCount\":0,\"image\":{\"@id\":\"https:\/\/wirtschaftlichefreiheit.de\/wordpress\/?p=31276#primaryimage\"},\"thumbnailUrl\":\"https:\/\/wirtschaftlichefreiheit.de\/wordpress\/bilder\/getreide123.png\",\"keywords\":[\"Afrika\",\"Entwicklungsl\u00e4nder\",\"Freytag\",\"Getreide\",\"Hunger\"],\"articleSection\":[\"Kriegerisches\"],\"inLanguage\":\"de\",\"potentialAction\":[{\"@type\":\"CommentAction\",\"name\":\"Comment\",\"target\":[\"https:\/\/wirtschaftlichefreiheit.de\/wordpress\/?p=31276#respond\"]}]},{\"@type\":\"WebPage\",\"@id\":\"https:\/\/wirtschaftlichefreiheit.de\/wordpress\/?p=31276\",\"url\":\"https:\/\/wirtschaftlichefreiheit.de\/wordpress\/?p=31276\",\"name\":\"Gastbeitrag Wer ist verantwortlich f\u00fcr den globalen Hunger? - Wirtschaftliche Freiheit\",\"isPartOf\":{\"@id\":\"https:\/\/wirtschaftlichefreiheit.de\/wordpress\/#website\"},\"primaryImageOfPage\":{\"@id\":\"https:\/\/wirtschaftlichefreiheit.de\/wordpress\/?p=31276#primaryimage\"},\"image\":{\"@id\":\"https:\/\/wirtschaftlichefreiheit.de\/wordpress\/?p=31276#primaryimage\"},\"thumbnailUrl\":\"https:\/\/wirtschaftlichefreiheit.de\/wordpress\/bilder\/getreide123.png\",\"datePublished\":\"2022-07-07T23:24:15+00:00\",\"dateModified\":\"2022-07-08T04:30:36+00:00\",\"author\":{\"@id\":\"https:\/\/wirtschaftlichefreiheit.de\/wordpress\/#\/schema\/person\/f21155b517a9b0a4b49834647e216069\"},\"breadcrumb\":{\"@id\":\"https:\/\/wirtschaftlichefreiheit.de\/wordpress\/?p=31276#breadcrumb\"},\"inLanguage\":\"de\",\"potentialAction\":[{\"@type\":\"ReadAction\",\"target\":[\"https:\/\/wirtschaftlichefreiheit.de\/wordpress\/?p=31276\"]}]},{\"@type\":\"ImageObject\",\"inLanguage\":\"de\",\"@id\":\"https:\/\/wirtschaftlichefreiheit.de\/wordpress\/?p=31276#primaryimage\",\"url\":\"https:\/\/wirtschaftlichefreiheit.de\/wordpress\/bilder\/getreide123.png\",\"contentUrl\":\"https:\/\/wirtschaftlichefreiheit.de\/wordpress\/bilder\/getreide123.png\",\"width\":2060,\"height\":1169},{\"@type\":\"BreadcrumbList\",\"@id\":\"https:\/\/wirtschaftlichefreiheit.de\/wordpress\/?p=31276#breadcrumb\",\"itemListElement\":[{\"@type\":\"ListItem\",\"position\":1,\"name\":\"Startseite\",\"item\":\"https:\/\/wirtschaftlichefreiheit.de\/wordpress\"},{\"@type\":\"ListItem\",\"position\":2,\"name\":\"Gastbeitrag Wer ist verantwortlich f\u00fcr den globalen Hunger?\"}]},{\"@type\":\"WebSite\",\"@id\":\"https:\/\/wirtschaftlichefreiheit.de\/wordpress\/#website\",\"url\":\"https:\/\/wirtschaftlichefreiheit.de\/wordpress\/\",\"name\":\"Wirtschaftliche Freiheit\",\"description\":\"Das ordnungspolitische Journal\",\"potentialAction\":[{\"@type\":\"SearchAction\",\"target\":{\"@type\":\"EntryPoint\",\"urlTemplate\":\"https:\/\/wirtschaftlichefreiheit.de\/wordpress\/?s={search_term_string}\"},\"query-input\":{\"@type\":\"PropertyValueSpecification\",\"valueRequired\":true,\"valueName\":\"search_term_string\"}}],\"inLanguage\":\"de\"},{\"@type\":\"Person\",\"@id\":\"https:\/\/wirtschaftlichefreiheit.de\/wordpress\/#\/schema\/person\/f21155b517a9b0a4b49834647e216069\",\"name\":\"Andreas Freytag\",\"image\":{\"@type\":\"ImageObject\",\"inLanguage\":\"de\",\"@id\":\"https:\/\/wirtschaftlichefreiheit.de\/wordpress\/bilder\/agu_3002-kopie.jpg\",\"url\":\"https:\/\/wirtschaftlichefreiheit.de\/wordpress\/bilder\/agu_3002-kopie.jpg\",\"contentUrl\":\"https:\/\/wirtschaftlichefreiheit.de\/wordpress\/bilder\/agu_3002-kopie.jpg\",\"caption\":\"Andreas Freytag\"},\"description\":\"Friedrich-Schiller-Universit\u00e4t Jena\",\"url\":\"https:\/\/wirtschaftlichefreiheit.de\/wordpress\/?author=237\"}]}<\/script>\n<!-- \/ Yoast SEO plugin. -->","yoast_head_json":{"title":"Gastbeitrag Wer ist verantwortlich f\u00fcr den globalen Hunger? - Wirtschaftliche Freiheit","robots":{"index":"index","follow":"follow","max-snippet":"max-snippet:-1","max-image-preview":"max-image-preview:large","max-video-preview":"max-video-preview:-1"},"canonical":"https:\/\/wirtschaftlichefreiheit.de\/wordpress\/?p=31276","og_locale":"de_DE","og_type":"article","og_title":"Gastbeitrag Wer ist verantwortlich f\u00fcr den globalen Hunger? - Wirtschaftliche Freiheit","og_description":"Der Angriffskrieg Russlands gegen die Ukraine wird immer mehr zu einem Krieg gegen die Menschheit insgesamt und gegen die Menschlichkeit. Die russische Armee vernichtet die &hellip; \u201eGastbeitrag Wer ist verantwortlich f\u00fcr den globalen Hunger?\u201c weiterlesen","og_url":"https:\/\/wirtschaftlichefreiheit.de\/wordpress\/?p=31276","og_site_name":"Wirtschaftliche Freiheit","article_published_time":"2022-07-07T23:24:15+00:00","article_modified_time":"2022-07-08T04:30:36+00:00","og_image":[{"width":1024,"height":581,"url":"https:\/\/wirtschaftlichefreiheit.de\/wordpress\/bilder\/getreide123-1024x581.png","type":"image\/png"}],"author":"Andreas Freytag","twitter_card":"summary_large_image","twitter_misc":{"Verfasst von":"Andreas Freytag","Gesch\u00e4tzte Lesezeit":"4\u00a0Minuten"},"schema":{"@context":"https:\/\/schema.org","@graph":[{"@type":"Article","@id":"https:\/\/wirtschaftlichefreiheit.de\/wordpress\/?p=31276#article","isPartOf":{"@id":"https:\/\/wirtschaftlichefreiheit.de\/wordpress\/?p=31276"},"author":{"name":"Andreas Freytag","@id":"https:\/\/wirtschaftlichefreiheit.de\/wordpress\/#\/schema\/person\/f21155b517a9b0a4b49834647e216069"},"headline":"Gastbeitrag Wer ist verantwortlich f\u00fcr den globalen Hunger?","datePublished":"2022-07-07T23:24:15+00:00","dateModified":"2022-07-08T04:30:36+00:00","mainEntityOfPage":{"@id":"https:\/\/wirtschaftlichefreiheit.de\/wordpress\/?p=31276"},"wordCount":798,"commentCount":0,"image":{"@id":"https:\/\/wirtschaftlichefreiheit.de\/wordpress\/?p=31276#primaryimage"},"thumbnailUrl":"https:\/\/wirtschaftlichefreiheit.de\/wordpress\/bilder\/getreide123.png","keywords":["Afrika","Entwicklungsl\u00e4nder","Freytag","Getreide","Hunger"],"articleSection":["Kriegerisches"],"inLanguage":"de","potentialAction":[{"@type":"CommentAction","name":"Comment","target":["https:\/\/wirtschaftlichefreiheit.de\/wordpress\/?p=31276#respond"]}]},{"@type":"WebPage","@id":"https:\/\/wirtschaftlichefreiheit.de\/wordpress\/?p=31276","url":"https:\/\/wirtschaftlichefreiheit.de\/wordpress\/?p=31276","name":"Gastbeitrag Wer ist verantwortlich f\u00fcr den globalen Hunger? - Wirtschaftliche Freiheit","isPartOf":{"@id":"https:\/\/wirtschaftlichefreiheit.de\/wordpress\/#website"},"primaryImageOfPage":{"@id":"https:\/\/wirtschaftlichefreiheit.de\/wordpress\/?p=31276#primaryimage"},"image":{"@id":"https:\/\/wirtschaftlichefreiheit.de\/wordpress\/?p=31276#primaryimage"},"thumbnailUrl":"https:\/\/wirtschaftlichefreiheit.de\/wordpress\/bilder\/getreide123.png","datePublished":"2022-07-07T23:24:15+00:00","dateModified":"2022-07-08T04:30:36+00:00","author":{"@id":"https:\/\/wirtschaftlichefreiheit.de\/wordpress\/#\/schema\/person\/f21155b517a9b0a4b49834647e216069"},"breadcrumb":{"@id":"https:\/\/wirtschaftlichefreiheit.de\/wordpress\/?p=31276#breadcrumb"},"inLanguage":"de","potentialAction":[{"@type":"ReadAction","target":["https:\/\/wirtschaftlichefreiheit.de\/wordpress\/?p=31276"]}]},{"@type":"ImageObject","inLanguage":"de","@id":"https:\/\/wirtschaftlichefreiheit.de\/wordpress\/?p=31276#primaryimage","url":"https:\/\/wirtschaftlichefreiheit.de\/wordpress\/bilder\/getreide123.png","contentUrl":"https:\/\/wirtschaftlichefreiheit.de\/wordpress\/bilder\/getreide123.png","width":2060,"height":1169},{"@type":"BreadcrumbList","@id":"https:\/\/wirtschaftlichefreiheit.de\/wordpress\/?p=31276#breadcrumb","itemListElement":[{"@type":"ListItem","position":1,"name":"Startseite","item":"https:\/\/wirtschaftlichefreiheit.de\/wordpress"},{"@type":"ListItem","position":2,"name":"Gastbeitrag Wer ist verantwortlich f\u00fcr den globalen Hunger?"}]},{"@type":"WebSite","@id":"https:\/\/wirtschaftlichefreiheit.de\/wordpress\/#website","url":"https:\/\/wirtschaftlichefreiheit.de\/wordpress\/","name":"Wirtschaftliche Freiheit","description":"Das ordnungspolitische Journal","potentialAction":[{"@type":"SearchAction","target":{"@type":"EntryPoint","urlTemplate":"https:\/\/wirtschaftlichefreiheit.de\/wordpress\/?s={search_term_string}"},"query-input":{"@type":"PropertyValueSpecification","valueRequired":true,"valueName":"search_term_string"}}],"inLanguage":"de"},{"@type":"Person","@id":"https:\/\/wirtschaftlichefreiheit.de\/wordpress\/#\/schema\/person\/f21155b517a9b0a4b49834647e216069","name":"Andreas Freytag","image":{"@type":"ImageObject","inLanguage":"de","@id":"https:\/\/wirtschaftlichefreiheit.de\/wordpress\/bilder\/agu_3002-kopie.jpg","url":"https:\/\/wirtschaftlichefreiheit.de\/wordpress\/bilder\/agu_3002-kopie.jpg","contentUrl":"https:\/\/wirtschaftlichefreiheit.de\/wordpress\/bilder\/agu_3002-kopie.jpg","caption":"Andreas Freytag"},"description":"Friedrich-Schiller-Universit\u00e4t Jena","url":"https:\/\/wirtschaftlichefreiheit.de\/wordpress\/?author=237"}]}},"_links":{"self":[{"href":"https:\/\/wirtschaftlichefreiheit.de\/wordpress\/index.php?rest_route=\/wp\/v2\/posts\/31276","targetHints":{"allow":["GET"]}}],"collection":[{"href":"https:\/\/wirtschaftlichefreiheit.de\/wordpress\/index.php?rest_route=\/wp\/v2\/posts"}],"about":[{"href":"https:\/\/wirtschaftlichefreiheit.de\/wordpress\/index.php?rest_route=\/wp\/v2\/types\/post"}],"author":[{"embeddable":true,"href":"https:\/\/wirtschaftlichefreiheit.de\/wordpress\/index.php?rest_route=\/wp\/v2\/users\/237"}],"replies":[{"embeddable":true,"href":"https:\/\/wirtschaftlichefreiheit.de\/wordpress\/index.php?rest_route=%2Fwp%2Fv2%2Fcomments&post=31276"}],"version-history":[{"count":4,"href":"https:\/\/wirtschaftlichefreiheit.de\/wordpress\/index.php?rest_route=\/wp\/v2\/posts\/31276\/revisions"}],"predecessor-version":[{"id":31290,"href":"https:\/\/wirtschaftlichefreiheit.de\/wordpress\/index.php?rest_route=\/wp\/v2\/posts\/31276\/revisions\/31290"}],"wp:featuredmedia":[{"embeddable":true,"href":"https:\/\/wirtschaftlichefreiheit.de\/wordpress\/index.php?rest_route=\/wp\/v2\/media\/31280"}],"wp:attachment":[{"href":"https:\/\/wirtschaftlichefreiheit.de\/wordpress\/index.php?rest_route=%2Fwp%2Fv2%2Fmedia&parent=31276"}],"wp:term":[{"taxonomy":"category","embeddable":true,"href":"https:\/\/wirtschaftlichefreiheit.de\/wordpress\/index.php?rest_route=%2Fwp%2Fv2%2Fcategories&post=31276"},{"taxonomy":"post_tag","embeddable":true,"href":"https:\/\/wirtschaftlichefreiheit.de\/wordpress\/index.php?rest_route=%2Fwp%2Fv2%2Ftags&post=31276"}],"curies":[{"name":"wp","href":"https:\/\/api.w.org\/{rel}","templated":true}]}}