{"id":31330,"date":"2022-07-24T00:42:24","date_gmt":"2022-07-23T23:42:24","guid":{"rendered":"http:\/\/wirtschaftlichefreiheit.de\/wordpress\/?p=31330"},"modified":"2023-09-08T13:09:22","modified_gmt":"2023-09-08T12:09:22","slug":"muss-der-wolf-wieder-aus-deutschland-verschwinden","status":"publish","type":"post","link":"https:\/\/wirtschaftlichefreiheit.de\/wordpress\/?p=31330","title":{"rendered":"Mu\u00df der Wolf wieder aus Deutschland verschwinden?"},"content":{"rendered":"<p>Die Wolfpopulation in Deutschland hat sich in den letzten 20 Jahren erheblich ausgeweitet. W\u00e4hrend es im Berichtszeitraum 2000\/2001 einen Wolf gab, lebten nach Angaben der Dokumentations- und Beratungsstelle des Bundes zum Thema Wolf (DBBW) im Zeitraum 2020\/21 158 Rudel, 27 Paare und 20 Einzelw\u00f6lfe in Deutschland. Der Deutsche Bauernverband (2022) geht davon aus, dass die Wolfspopulation im Berichtszeitraum 2020\/21 sich zwischen 1.300 und 2.300 Tieren belief.<\/p>\n<p><!--more--><\/p>\n<p>Der Wolf (Canis lupus) ist ein Raubtier, das der Familie der Canidae (Hunde) angeh\u00f6rt, und das vor diesem Hintergrund Sch\u00e4den insbesondere bei Nutztieren verursacht. Betroffen sind hiervon vor allem Schafe und Ziegen, im geringeren Umfang Rinder und Pferde und dabei eher Jungtiere. Im Jahre 2020 fielen den W\u00f6lfen in Deutschland etwa 4.000 Nutztiere zum Opfer (DBWW 2021), wobei diese Zahl get\u00f6tete, verletzte und vermi\u00dfte Tiere umfa\u00dft.<\/p>\n<p>Daf\u00fcr wurden in Deutschland weitgehend mit Mitteln der Bundesl\u00e4nder Ausgaben f\u00fcr Herdenschutzma\u00dfnahmen im Jahre 2020 in H\u00f6he von rd. 9,5 Mio. \u20ac abgedeckt, die deutlich \u00fcber den Ausgaben f\u00fcr Ausgleichszahlungen entstandener Sch\u00e4den lagen; letztere beliefen sich auf 800.294 \u20ac (DBWW 2021). Auf den einzelnen Wolf bezogen erreichten die staatlichen Ausgaben f\u00fcr Herdenschutz und Ausgleichszahlungen also etwa 4.500 \u20ac bis 8.000 \u20ac pro Jahr. Bemerkenswert dabei ist die Entwicklung der Sch\u00e4den. So sind im Jahre 2018 nur 2.000 Nutztiere durch W\u00f6lfe get\u00f6tet, verletzt oder verschleppt worden. Die staatlichen Ausgleichszahlungen betrugen in diesem Jahr etwa 232.000 \u20ac und die Ausgaben f\u00fcr Herdenschutzma\u00dfnahmen etwa 2,4 Mio. \u20ac (DBWW 2019). W\u00e4hrend sich also die Schadensf\u00e4lle und damit die Ausgleichszahlungen in zwei Jahren verdoppelten, haben sich die Ausgaben f\u00fcr Herdenschutzma\u00dfnahmen nahezu vervierfacht. Freilich entstehen den Tierhaltern weitere Kosten; auch ist davon auszugehen, da\u00df W\u00f6lfe in erheblichem Umfang Wildtiere rei\u00dfen, deren Verlust ebenfalls bei den Ausgaben nicht ber\u00fccksichtigt wird.<\/p>\n<p>Der Wolf wird sowohl nach internationalem als auch nach deutschem Recht umfassend gesch\u00fctzt. So hat die Bundesrepublik Deutschland die Berner Konvention (\u00dcbereinkommen \u00fcber die Erhaltung der europ\u00e4ischen wildlebenden Pflanzen und Tiere und ihrer nat\u00fcrlichen Lebensr\u00e4ume) ratifiziert. In deren Manifest hei\u00dft es, \u201eW\u00f6lfe haben, wie alle anderen Wildtiere, ein Recht, als wildlebende Tiere zu existieren. [\u2026] dieses leitet sich aus dem Recht aller Lebewesen ab, mit dem Menschen als Teil nat\u00fcrlicher \u00d6kosysteme zu koexistieren.\u201c<\/p>\n<p>Auf Ebene der Europ\u00e4ischen Union verpflichtet die Richtlinie zur Erhaltung der nat\u00fcrlichen Lebensr\u00e4ume sowie der wildlebenden Tiere und Pflanzen (RICHTLINIE 92\/43\/EWG DES RATES vom 21. Mai 1992) die Mitgliedstaaten gem. Artikel 14 Rahmenbedingungen zu schaffen, da\u00df die Wolfpopulation in einem \u201eg\u00fcnstigen Erhaltungszustand\u201c verweilen kann. Diese Richtlinie wurde durch das Gesetz \u00fcber Naturschutz und Landschaftspflege (Bundesnaturschutzgesetz \u2013 BNatSchG) in deutsches Recht \u00fcbergeleitet. Hiernach ist der Wolf den besonders gesch\u00fctzten Tierarten zuzuordnen. Nach \u00a7 44, Abs. 1, Satz 1 ist es \u201everboten, \u2026 wild lebenden Tieren der besonders gesch\u00fctzten Arten nachzustellen, sie zu fangen, zu verletzen oder zu t\u00f6ten oder ihre Entwicklungsformen aus der Natur zu entnehmen, zu besch\u00e4digen oder zu zerst\u00f6ren\u201c.<\/p>\n<p>Aus \u00f6konomischer Sicht ruft die Existenz des Wolfes in der freien Wildbahn eine negative technologische Externalit\u00e4t hervor: Durch sein Verlangen nach Nahrung greift er Nutztiere an und verursacht bei dessen Haltern entsprechende Sch\u00e4den. Diese Sch\u00e4den werden jedoch wiederum durch eine staatliche Intervention zumindest teilweise internalisiert und zwar in der Form, da\u00df f\u00fcr erlittene Sch\u00e4den \u2013 unter bestimmten Haltungsbedingungen \u2013 Entsch\u00e4digungen gezahlt werden. Dar\u00fcber hinaus wird versucht, die technologische Externalit\u00e4t durch die staatliche (Teil-)Finanzierung von Pr\u00e4ventivma\u00dfnahmen zu internalisieren.<\/p>\n<p>Nicht wegzudiskutieren ist also, da\u00df durch die Wiederansiedelung des Wolfes erhebliche Sch\u00e4den bei Nutztierhaltern entstehen respektive diese gezwungen sind, erhebliche Kosten f\u00fcr pr\u00e4ventive Ma\u00dfnahmen aufzuwenden, wenn sie ihren Nutztierbestand wirkungsvoll sichern wollen. Auch der Bestand an Nieder- und teilweise auch an Hochwild d\u00fcrfte durch das Auftreten des Wolfes reduziert werden \u2013 mit der Folge, da\u00df sich der Wert der Jagdrechte vermindern d\u00fcrfte. Beiden Gruppen entstehen also negative technologische Externalit\u00e4ten, deren Kompensation angeraten ist.<\/p>\n<p>Nun stellt sich freilich aus \u00f6konomischer Sicht die Frage, ob in der Bev\u00f6lkerung, die durch ihre Steuerzahlungen einen erheblichen Beitrag zur Internalisierung dieser technologischen Externalit\u00e4t leistet, \u00fcberhaupt ein derartig \u00fcbergeordnetes Interesse am Schutz des Wolfes geteilt wird.<\/p>\n<p>Verneint man die Bereitschaft der Bev\u00f6lkerung in ihrer Gesamtheit, f\u00fcr die Ansiedlung des Wolfes einen finanziellen Beitrag zu leisten, der sich zudem mit zunehmender Population des Wolfes stetig erh\u00f6hen d\u00fcrfte, dann sollten aus ordnungs\u00f6konomischer Sicht andere L\u00f6sungswege beschritten werden.<\/p>\n<p>Eine L\u00f6sung k\u00f6nnte darin bestehen, den Wolf unter das Jagdrecht zu stellen und die Best\u00e4nde an W\u00f6lfen derartig zu reduzieren, da\u00df die negative technologische Externalit\u00e4t wieder verschwindet. Da es aber offenbar Gruppen gibt, die einen in der Regel wohl ideellen Nutzen daraus ziehen, da\u00df der Wolf wieder den Forst besiedelt, d\u00fcrfte dieser Weg zumindest teilweise auf Widerstand sto\u00dfen. Vor diesem Hintergrund w\u00e4re es naheliegend, diesen Gruppen, die aus der Ansiedlung des Wolfes Nutzen ziehen, auch die Kosten der Wiederbesiedlung aufzub\u00fcrden. Ein derartiges Finanzierungs-Modell k\u00f6nnte also darin bestehen, die Wiederansiedlung des Wolfes in einer Gr\u00f6\u00dfenordnung zu erm\u00f6glichen, bei der durch Spenden die entsprechenden Kompensationszahlungen der Nutztierhalter und der Jagdp\u00e4chter beglichen w\u00fcrden. Reichen die Spenden nicht mehr aus, um die Kompensationszahlungen abzudecken, dann m\u00fc\u00dfte die Wolfpopulation entsprechend reduziert werden. Gleichzeitig w\u00e4re freilich auch dem Sachverhalt Rechnung zu tragen, da\u00df Mitnahmeeffekte durch die Jagdp\u00e4chter und die Nutztierhalter vermieden werden.<\/p>\n<p><strong>Quellen<\/strong><\/p>\n<p>Deutscher Bauernverband (2022), Wie viele W\u00f6lfe leben bereits in Deutschland?, Zugriff am 15. Juli 2022 unter: https:\/\/www.bauernverband.de\/themendossiers\/wolf\/themendossier\/wie-viele-woelfe-leben-bereits-in-deutschland#:~:text=Die%20Deutschen%20Dokumentations%2D%20und%20Beratungsstelle,%3A%2002.12.2021)%20gemeldet.<\/p>\n<p>Dokumentations- und Beratungsstelle des Bundes zum Thema Wolf (DBBW) (2021): Wolfsverursachte Sch\u00e4den, Pr\u00e4ventions- und Ausgleichszahlungen in Deutschland 2020, Zugriff am 15. Juli 2022 unter: https:\/\/www.dbb-wolf.de\/mehr\/literatur-download\/berichte-zu-praevention-und-nutztierschaeden.<\/p>\n<p>Dokumentations- und Beratungsstelle des Bundes zum Thema Wolf (DBBW) (2019): Wolfsverursachte Sch\u00e4den, Pr\u00e4ventions- und Ausgleichszahlungen in Deutschland 2018, Zugriff am 15. Juli 2022 unter: https:\/\/www.dbb-wolf.de\/mehr\/literatur-download\/berichte-zu-praevention-und-nutztierschaeden.<\/p>\n<!-- AddThis Advanced Settings generic via filter on the_content --><!-- AddThis Share Buttons generic via filter on the_content --><!-- AddThis Related Posts generic via filter on the_content -->","protected":false},"excerpt":{"rendered":"<p>Die Wolfpopulation in Deutschland hat sich in den letzten 20 Jahren erheblich ausgeweitet. W\u00e4hrend es im Berichtszeitraum 2000\/2001 einen Wolf gab, lebten nach Angaben der &hellip; <\/p>\n<p class=\"link-more\"><a href=\"https:\/\/wirtschaftlichefreiheit.de\/wordpress\/?p=31330\" class=\"more-link\"><span class=\"screen-reader-text\">\u201eMu\u00df der Wolf wieder aus Deutschland verschwinden?\u201c <\/span>weiterlesen<\/a><\/p>\n<p><!-- AddThis Advanced Settings generic via filter on wp_trim_excerpt --><!-- AddThis Share Buttons generic via filter on wp_trim_excerpt --><!-- AddThis Related Posts generic via filter on wp_trim_excerpt --><\/p>\n","protected":false},"author":32,"featured_media":31336,"comment_status":"open","ping_status":"open","sticky":false,"template":"","format":"standard","meta":{"footnotes":""},"categories":[4254],"tags":[1747,298,4253],"class_list":["post-31330","post","type-post","status-publish","format-standard","has-post-thumbnail","hentry","category-tierisches","tag-daumann","tag-externe-effekte","tag-wolf"],"yoast_head":"<!-- This site is optimized with the Yoast SEO plugin v27.2 - https:\/\/yoast.com\/product\/yoast-seo-wordpress\/ -->\n<title>Mu\u00df der Wolf wieder aus Deutschland verschwinden? - Wirtschaftliche Freiheit<\/title>\n<meta name=\"robots\" content=\"index, follow, max-snippet:-1, max-image-preview:large, max-video-preview:-1\" \/>\n<link rel=\"canonical\" href=\"https:\/\/wirtschaftlichefreiheit.de\/wordpress\/?p=31330\" \/>\n<meta property=\"og:locale\" content=\"de_DE\" \/>\n<meta property=\"og:type\" content=\"article\" \/>\n<meta property=\"og:title\" content=\"Mu\u00df der Wolf wieder aus Deutschland verschwinden? - Wirtschaftliche Freiheit\" \/>\n<meta property=\"og:description\" content=\"Die Wolfpopulation in Deutschland hat sich in den letzten 20 Jahren erheblich ausgeweitet. W\u00e4hrend es im Berichtszeitraum 2000\/2001 einen Wolf gab, lebten nach Angaben der &hellip; \u201eMu\u00df der Wolf wieder aus Deutschland verschwinden?\u201c weiterlesen\" \/>\n<meta property=\"og:url\" content=\"https:\/\/wirtschaftlichefreiheit.de\/wordpress\/?p=31330\" \/>\n<meta property=\"og:site_name\" content=\"Wirtschaftliche Freiheit\" \/>\n<meta property=\"article:published_time\" content=\"2022-07-23T23:42:24+00:00\" \/>\n<meta property=\"article:modified_time\" content=\"2023-09-08T12:09:22+00:00\" \/>\n<meta property=\"og:image\" content=\"http:\/\/wirtschaftlichefreiheit.de\/wordpress\/bilder\/wolf2-682x1024.png\" \/>\n\t<meta property=\"og:image:width\" content=\"682\" \/>\n\t<meta property=\"og:image:height\" content=\"1024\" \/>\n\t<meta property=\"og:image:type\" content=\"image\/png\" \/>\n<meta name=\"author\" content=\"Frank Daumann\" \/>\n<meta name=\"twitter:card\" content=\"summary_large_image\" \/>\n<meta name=\"twitter:label1\" content=\"Verfasst von\" \/>\n\t<meta name=\"twitter:data1\" content=\"Frank Daumann\" \/>\n\t<meta name=\"twitter:label2\" content=\"Gesch\u00e4tzte Lesezeit\" \/>\n\t<meta name=\"twitter:data2\" content=\"6\u00a0Minuten\" \/>\n<script type=\"application\/ld+json\" class=\"yoast-schema-graph\">{\"@context\":\"https:\/\/schema.org\",\"@graph\":[{\"@type\":\"Article\",\"@id\":\"https:\/\/wirtschaftlichefreiheit.de\/wordpress\/?p=31330#article\",\"isPartOf\":{\"@id\":\"https:\/\/wirtschaftlichefreiheit.de\/wordpress\/?p=31330\"},\"author\":{\"name\":\"Frank Daumann\",\"@id\":\"https:\/\/wirtschaftlichefreiheit.de\/wordpress\/#\/schema\/person\/048a8948abcb03ac85c5aebeac85fbcc\"},\"headline\":\"Mu\u00df der Wolf wieder aus Deutschland verschwinden?\",\"datePublished\":\"2022-07-23T23:42:24+00:00\",\"dateModified\":\"2023-09-08T12:09:22+00:00\",\"mainEntityOfPage\":{\"@id\":\"https:\/\/wirtschaftlichefreiheit.de\/wordpress\/?p=31330\"},\"wordCount\":981,\"commentCount\":2,\"image\":{\"@id\":\"https:\/\/wirtschaftlichefreiheit.de\/wordpress\/?p=31330#primaryimage\"},\"thumbnailUrl\":\"https:\/\/wirtschaftlichefreiheit.de\/wordpress\/bilder\/wolf2.png\",\"keywords\":[\"Daumann\",\"externe Effekte\",\"wolf\"],\"articleSection\":[\"Tierisches\"],\"inLanguage\":\"de\",\"potentialAction\":[{\"@type\":\"CommentAction\",\"name\":\"Comment\",\"target\":[\"https:\/\/wirtschaftlichefreiheit.de\/wordpress\/?p=31330#respond\"]}]},{\"@type\":\"WebPage\",\"@id\":\"https:\/\/wirtschaftlichefreiheit.de\/wordpress\/?p=31330\",\"url\":\"https:\/\/wirtschaftlichefreiheit.de\/wordpress\/?p=31330\",\"name\":\"Mu\u00df der Wolf wieder aus Deutschland verschwinden? - Wirtschaftliche Freiheit\",\"isPartOf\":{\"@id\":\"https:\/\/wirtschaftlichefreiheit.de\/wordpress\/#website\"},\"primaryImageOfPage\":{\"@id\":\"https:\/\/wirtschaftlichefreiheit.de\/wordpress\/?p=31330#primaryimage\"},\"image\":{\"@id\":\"https:\/\/wirtschaftlichefreiheit.de\/wordpress\/?p=31330#primaryimage\"},\"thumbnailUrl\":\"https:\/\/wirtschaftlichefreiheit.de\/wordpress\/bilder\/wolf2.png\",\"datePublished\":\"2022-07-23T23:42:24+00:00\",\"dateModified\":\"2023-09-08T12:09:22+00:00\",\"author\":{\"@id\":\"https:\/\/wirtschaftlichefreiheit.de\/wordpress\/#\/schema\/person\/048a8948abcb03ac85c5aebeac85fbcc\"},\"breadcrumb\":{\"@id\":\"https:\/\/wirtschaftlichefreiheit.de\/wordpress\/?p=31330#breadcrumb\"},\"inLanguage\":\"de\",\"potentialAction\":[{\"@type\":\"ReadAction\",\"target\":[\"https:\/\/wirtschaftlichefreiheit.de\/wordpress\/?p=31330\"]}]},{\"@type\":\"ImageObject\",\"inLanguage\":\"de\",\"@id\":\"https:\/\/wirtschaftlichefreiheit.de\/wordpress\/?p=31330#primaryimage\",\"url\":\"https:\/\/wirtschaftlichefreiheit.de\/wordpress\/bilder\/wolf2.png\",\"contentUrl\":\"https:\/\/wirtschaftlichefreiheit.de\/wordpress\/bilder\/wolf2.png\",\"width\":1264,\"height\":1897},{\"@type\":\"BreadcrumbList\",\"@id\":\"https:\/\/wirtschaftlichefreiheit.de\/wordpress\/?p=31330#breadcrumb\",\"itemListElement\":[{\"@type\":\"ListItem\",\"position\":1,\"name\":\"Startseite\",\"item\":\"https:\/\/wirtschaftlichefreiheit.de\/wordpress\"},{\"@type\":\"ListItem\",\"position\":2,\"name\":\"Mu\u00df der Wolf wieder aus Deutschland verschwinden?\"}]},{\"@type\":\"WebSite\",\"@id\":\"https:\/\/wirtschaftlichefreiheit.de\/wordpress\/#website\",\"url\":\"https:\/\/wirtschaftlichefreiheit.de\/wordpress\/\",\"name\":\"Wirtschaftliche Freiheit\",\"description\":\"Das ordnungspolitische Journal\",\"potentialAction\":[{\"@type\":\"SearchAction\",\"target\":{\"@type\":\"EntryPoint\",\"urlTemplate\":\"https:\/\/wirtschaftlichefreiheit.de\/wordpress\/?s={search_term_string}\"},\"query-input\":{\"@type\":\"PropertyValueSpecification\",\"valueRequired\":true,\"valueName\":\"search_term_string\"}}],\"inLanguage\":\"de\"},{\"@type\":\"Person\",\"@id\":\"https:\/\/wirtschaftlichefreiheit.de\/wordpress\/#\/schema\/person\/048a8948abcb03ac85c5aebeac85fbcc\",\"name\":\"Frank Daumann\",\"image\":{\"@type\":\"ImageObject\",\"inLanguage\":\"de\",\"@id\":\"https:\/\/wirtschaftlichefreiheit.de\/wordpress\/bilder\/frank_daumann1.jpg\",\"url\":\"https:\/\/wirtschaftlichefreiheit.de\/wordpress\/bilder\/frank_daumann1.jpg\",\"contentUrl\":\"https:\/\/wirtschaftlichefreiheit.de\/wordpress\/bilder\/frank_daumann1.jpg\",\"caption\":\"Frank Daumann\"},\"description\":\"Friedrich-Schiller-Universit\u00e4t Jena\",\"url\":\"https:\/\/wirtschaftlichefreiheit.de\/wordpress\/?author=32\"}]}<\/script>\n<!-- \/ Yoast SEO plugin. -->","yoast_head_json":{"title":"Mu\u00df der Wolf wieder aus Deutschland verschwinden? - Wirtschaftliche Freiheit","robots":{"index":"index","follow":"follow","max-snippet":"max-snippet:-1","max-image-preview":"max-image-preview:large","max-video-preview":"max-video-preview:-1"},"canonical":"https:\/\/wirtschaftlichefreiheit.de\/wordpress\/?p=31330","og_locale":"de_DE","og_type":"article","og_title":"Mu\u00df der Wolf wieder aus Deutschland verschwinden? - Wirtschaftliche Freiheit","og_description":"Die Wolfpopulation in Deutschland hat sich in den letzten 20 Jahren erheblich ausgeweitet. W\u00e4hrend es im Berichtszeitraum 2000\/2001 einen Wolf gab, lebten nach Angaben der &hellip; \u201eMu\u00df der Wolf wieder aus Deutschland verschwinden?\u201c weiterlesen","og_url":"https:\/\/wirtschaftlichefreiheit.de\/wordpress\/?p=31330","og_site_name":"Wirtschaftliche Freiheit","article_published_time":"2022-07-23T23:42:24+00:00","article_modified_time":"2023-09-08T12:09:22+00:00","og_image":[{"width":682,"height":1024,"url":"http:\/\/wirtschaftlichefreiheit.de\/wordpress\/bilder\/wolf2-682x1024.png","type":"image\/png"}],"author":"Frank Daumann","twitter_card":"summary_large_image","twitter_misc":{"Verfasst von":"Frank Daumann","Gesch\u00e4tzte Lesezeit":"6\u00a0Minuten"},"schema":{"@context":"https:\/\/schema.org","@graph":[{"@type":"Article","@id":"https:\/\/wirtschaftlichefreiheit.de\/wordpress\/?p=31330#article","isPartOf":{"@id":"https:\/\/wirtschaftlichefreiheit.de\/wordpress\/?p=31330"},"author":{"name":"Frank Daumann","@id":"https:\/\/wirtschaftlichefreiheit.de\/wordpress\/#\/schema\/person\/048a8948abcb03ac85c5aebeac85fbcc"},"headline":"Mu\u00df der Wolf wieder aus Deutschland verschwinden?","datePublished":"2022-07-23T23:42:24+00:00","dateModified":"2023-09-08T12:09:22+00:00","mainEntityOfPage":{"@id":"https:\/\/wirtschaftlichefreiheit.de\/wordpress\/?p=31330"},"wordCount":981,"commentCount":2,"image":{"@id":"https:\/\/wirtschaftlichefreiheit.de\/wordpress\/?p=31330#primaryimage"},"thumbnailUrl":"https:\/\/wirtschaftlichefreiheit.de\/wordpress\/bilder\/wolf2.png","keywords":["Daumann","externe Effekte","wolf"],"articleSection":["Tierisches"],"inLanguage":"de","potentialAction":[{"@type":"CommentAction","name":"Comment","target":["https:\/\/wirtschaftlichefreiheit.de\/wordpress\/?p=31330#respond"]}]},{"@type":"WebPage","@id":"https:\/\/wirtschaftlichefreiheit.de\/wordpress\/?p=31330","url":"https:\/\/wirtschaftlichefreiheit.de\/wordpress\/?p=31330","name":"Mu\u00df der Wolf wieder aus Deutschland verschwinden? - Wirtschaftliche Freiheit","isPartOf":{"@id":"https:\/\/wirtschaftlichefreiheit.de\/wordpress\/#website"},"primaryImageOfPage":{"@id":"https:\/\/wirtschaftlichefreiheit.de\/wordpress\/?p=31330#primaryimage"},"image":{"@id":"https:\/\/wirtschaftlichefreiheit.de\/wordpress\/?p=31330#primaryimage"},"thumbnailUrl":"https:\/\/wirtschaftlichefreiheit.de\/wordpress\/bilder\/wolf2.png","datePublished":"2022-07-23T23:42:24+00:00","dateModified":"2023-09-08T12:09:22+00:00","author":{"@id":"https:\/\/wirtschaftlichefreiheit.de\/wordpress\/#\/schema\/person\/048a8948abcb03ac85c5aebeac85fbcc"},"breadcrumb":{"@id":"https:\/\/wirtschaftlichefreiheit.de\/wordpress\/?p=31330#breadcrumb"},"inLanguage":"de","potentialAction":[{"@type":"ReadAction","target":["https:\/\/wirtschaftlichefreiheit.de\/wordpress\/?p=31330"]}]},{"@type":"ImageObject","inLanguage":"de","@id":"https:\/\/wirtschaftlichefreiheit.de\/wordpress\/?p=31330#primaryimage","url":"https:\/\/wirtschaftlichefreiheit.de\/wordpress\/bilder\/wolf2.png","contentUrl":"https:\/\/wirtschaftlichefreiheit.de\/wordpress\/bilder\/wolf2.png","width":1264,"height":1897},{"@type":"BreadcrumbList","@id":"https:\/\/wirtschaftlichefreiheit.de\/wordpress\/?p=31330#breadcrumb","itemListElement":[{"@type":"ListItem","position":1,"name":"Startseite","item":"https:\/\/wirtschaftlichefreiheit.de\/wordpress"},{"@type":"ListItem","position":2,"name":"Mu\u00df der Wolf wieder aus Deutschland verschwinden?"}]},{"@type":"WebSite","@id":"https:\/\/wirtschaftlichefreiheit.de\/wordpress\/#website","url":"https:\/\/wirtschaftlichefreiheit.de\/wordpress\/","name":"Wirtschaftliche Freiheit","description":"Das ordnungspolitische Journal","potentialAction":[{"@type":"SearchAction","target":{"@type":"EntryPoint","urlTemplate":"https:\/\/wirtschaftlichefreiheit.de\/wordpress\/?s={search_term_string}"},"query-input":{"@type":"PropertyValueSpecification","valueRequired":true,"valueName":"search_term_string"}}],"inLanguage":"de"},{"@type":"Person","@id":"https:\/\/wirtschaftlichefreiheit.de\/wordpress\/#\/schema\/person\/048a8948abcb03ac85c5aebeac85fbcc","name":"Frank Daumann","image":{"@type":"ImageObject","inLanguage":"de","@id":"https:\/\/wirtschaftlichefreiheit.de\/wordpress\/bilder\/frank_daumann1.jpg","url":"https:\/\/wirtschaftlichefreiheit.de\/wordpress\/bilder\/frank_daumann1.jpg","contentUrl":"https:\/\/wirtschaftlichefreiheit.de\/wordpress\/bilder\/frank_daumann1.jpg","caption":"Frank Daumann"},"description":"Friedrich-Schiller-Universit\u00e4t Jena","url":"https:\/\/wirtschaftlichefreiheit.de\/wordpress\/?author=32"}]}},"_links":{"self":[{"href":"https:\/\/wirtschaftlichefreiheit.de\/wordpress\/index.php?rest_route=\/wp\/v2\/posts\/31330","targetHints":{"allow":["GET"]}}],"collection":[{"href":"https:\/\/wirtschaftlichefreiheit.de\/wordpress\/index.php?rest_route=\/wp\/v2\/posts"}],"about":[{"href":"https:\/\/wirtschaftlichefreiheit.de\/wordpress\/index.php?rest_route=\/wp\/v2\/types\/post"}],"author":[{"embeddable":true,"href":"https:\/\/wirtschaftlichefreiheit.de\/wordpress\/index.php?rest_route=\/wp\/v2\/users\/32"}],"replies":[{"embeddable":true,"href":"https:\/\/wirtschaftlichefreiheit.de\/wordpress\/index.php?rest_route=%2Fwp%2Fv2%2Fcomments&post=31330"}],"version-history":[{"count":1,"href":"https:\/\/wirtschaftlichefreiheit.de\/wordpress\/index.php?rest_route=\/wp\/v2\/posts\/31330\/revisions"}],"predecessor-version":[{"id":31331,"href":"https:\/\/wirtschaftlichefreiheit.de\/wordpress\/index.php?rest_route=\/wp\/v2\/posts\/31330\/revisions\/31331"}],"wp:featuredmedia":[{"embeddable":true,"href":"https:\/\/wirtschaftlichefreiheit.de\/wordpress\/index.php?rest_route=\/wp\/v2\/media\/31336"}],"wp:attachment":[{"href":"https:\/\/wirtschaftlichefreiheit.de\/wordpress\/index.php?rest_route=%2Fwp%2Fv2%2Fmedia&parent=31330"}],"wp:term":[{"taxonomy":"category","embeddable":true,"href":"https:\/\/wirtschaftlichefreiheit.de\/wordpress\/index.php?rest_route=%2Fwp%2Fv2%2Fcategories&post=31330"},{"taxonomy":"post_tag","embeddable":true,"href":"https:\/\/wirtschaftlichefreiheit.de\/wordpress\/index.php?rest_route=%2Fwp%2Fv2%2Ftags&post=31330"}],"curies":[{"name":"wp","href":"https:\/\/api.w.org\/{rel}","templated":true}]}}