{"id":31796,"date":"2022-10-31T00:05:46","date_gmt":"2022-10-30T23:05:46","guid":{"rendered":"http:\/\/wirtschaftlichefreiheit.de\/wordpress\/?p=31796"},"modified":"2023-01-15T10:34:38","modified_gmt":"2023-01-15T09:34:38","slug":"procontra-verbot-von-verbrennermotoren","status":"publish","type":"post","link":"https:\/\/wirtschaftlichefreiheit.de\/wordpress\/?p=31796","title":{"rendered":"<font size=3; color=grey>Pro&#038;Contra <\/font><br\/>Verbot von Verbrennermotoren? <br\/><font size=3; color=grey>Prof. Dr. Markus Lienkamp (TUM) contra Prof. Dr. Hans-Werner Sinn (LMU) <\/font>"},"content":{"rendered":"<p>W\u00e4hrend Norwegen schon 2025 keine Verbrennerautos mehr neu zulassen will, hat sich die deutsche Ampelkoalition im Sommer darauf verst\u00e4ndigt, ab 2035 nur noch solche Pkw zuzulassen, die mit synthetischen Kraftstoffen, sogenannten E-Fuels, fahren. Hintergrund ist unter anderem die von der Europ\u00e4ischen Union anvisierte Klimaneutralit\u00e4t des Kontinents bis 2050.<\/p>\n<p>Nach dem Willen der EU-Kommission sollen k\u00fcnftig nur noch klimaneutrale Fahrzeuge auf den Markt kommen. Doch hilft ein faktisches Verbrennerverbot \u00fcberhaupt, dem Klima zu helfen? W\u00e4hrend Markus Lienkamp die Elektromobilit\u00e4t als einzige Option zur Reduzierung von CO<sub>2 <\/sub>ansieht und das Verbot lieber fr\u00fcher als sp\u00e4ter einf\u00fchren w\u00fcrde, bezweifelt Hans-Werner Sinn, dass durch die Verbannung dieser Motor-Art der Umwelt gedient ist, weil stattdessen andere L\u00e4nder auf der Welt das \u00d6l nachfragen w\u00fcrden.<strong>\u00a0<\/strong><\/p>\n<p><!--more--><\/p>\n<p><strong>Pro: Markus Lienkamp<\/strong><\/p>\n<p><img decoding=\"async\" class=\"alignleft\" src=\"https:\/\/wirtschaftlichefreiheit.de\/wordpress\/bilder\/Lienkamp.png\" alt=\"\" \/><em><strong>Prof. Dr. Markus Lienkamp<\/strong> war 15 Jahre bei der Volkswagen AG t\u00e4tig. Seit 13 Jahren leitet er den Lehrstuhl f\u00fcr Fahrzeugtechnik an der TU M\u00fcnchen und forscht an den Themen Elektromobilit\u00e4t, Autonomes Fahren und Mobilit\u00e4t. Aus dem Lehrstuhl wurden bisher acht Start-ups gegr\u00fcndet.<\/em><\/p>\n<p><strong>Hauptargumente<\/strong><\/p>\n<p>Um das Pariser Klimaabkommen zu erf\u00fcllen, muss der Verkehr CO<sub>2<\/sub>-frei werden. Die einzige technische und betriebswirtschaftlich tragbare Option sind Elektrofahrzeuge. Diese sto\u00dfen in einer Lebenszeitbetrachtung bei Umstellung der Energieversorgung auf CO<sub>2<\/sub>-freie Energien erheblich\u00a0 weniger CO<sub>2<\/sub> aus wie die heutigen Verbrenner. Synthetische Kraftstoffe sind zu teuer und sind in der gesamtheitlichen Umweltbilanz schlechter als fossile Kraftstoffe. Wasserstoff ist im Pkw-Bereich nicht bezahlbar.<\/p>\n<p><strong>Ursachen<\/strong><\/p>\n<p>Verbrennungsmotoren k\u00f6nnen vom CO<sub>2<\/sub>-Aussto\u00df nicht weiter optimiert werden. Die CO<sub>2<\/sub>-Reduktion um 90% bis 2050 des Pariser Klimaabkommens erfordert bei 20 Jahren Lebensdauer den Ausstieg aus dem Verbrenner bis zum Jahr 2030.<\/p>\n<p><strong>Probleme<\/strong><\/p>\n<p>Als Ingenieure haben wir als CO<sub>2<\/sub>-freie Option nur Wasserstoff (25\u00a0% Wirkungsgrad), Elektromobilit\u00e4t (80\u00a0%) und synthetische Kraftstoffe (15\u00a0%). Aufgrund der Wirkungsgradketten ist nur die Elektromobilit\u00e4t ab Fahrleistungen oberhalb von 5000 Kilometern pro Jahr bezahlbar. Elektrofahrzeuge werden bei hohen Laufleistungen immer wirtschaftlicher. Allerdings haben diese einen hohen mineralischen Ressourcenverbrauch. Die einzige L\u00f6sung sind geteilte Elektrofahrzeuge oder der Verzicht auf automobile Mobilit\u00e4t.<\/p>\n<p><strong>Politikvorschl\u00e4ge<\/strong><\/p>\n<p>Die Politik muss die einzig sinnvoll verf\u00fcgbare CO<sub>2<\/sub>-freie technische Option des Elektrofahrzeugs konsequent f\u00f6rdern und nicht die Technologieoffenheit bis zum Sankt Nimmerleinstag als Mantra aufrecht erhalten. Deshalb muss die Politik einen klaren Ausstiegszeitpunkt bis 2030 f\u00fcr die Neuzulassung von Verbrennungsmotoren beschlie\u00dfen. Parallel dazu muss die Ladeinfrastruktur auf Basis von erneuerbaren Energien konsequent ausgebaut werden.<\/p>\n<p><strong>Contra: Hans-Werner Sinn<\/strong><\/p>\n<p style=\"text-align: left;\"><img decoding=\"async\" class=\"alignleft\" src=\"https:\/\/wirtschaftlichefreiheit.de\/wordpress\/bilder\/hwsinn.jpg\" alt=\"\" \/> <em><strong>Prof. Dr. Dr. hc. mult. Hans-Werner Sinn <\/strong>ist Emeritus der LMU M\u00fcnchen. Er war Pr\u00e4sident des ifo Instituts, des Vereins f\u00fcr Socialpolitik und des Weltverbandes der Finanzwissenschaftler. Er hat ein umfangreiches Oeuvre wissenschaftlicher Fachver\u00f6ffentlichungen erstellt.<\/em><\/p>\n<p><strong>Hauptargument<\/strong><\/p>\n<p>Da \u00d6l auf den Weltm\u00e4rkten handelbar ist, reduziert das europ\u00e4ische Verbrennerverbot den CO<sub>2<\/sub>-Aussto\u00df der Welt nur dann, wenn wir das nicht mehr ben\u00f6tigte \u00d6l weiterhin kaufen und einlagern. Das tun wir aber nicht, sondern geben das \u00d6l f\u00fcr andere frei. Zu fallenden Preisen wird es in andere L\u00e4nder verkauft, wo es stattdessen verbrannt wird.<\/p>\n<p><strong>Ursache<\/strong><\/p>\n<p>Obwohl der \u00d6lpreis wegen unterschiedlicher Konjunkturlagen auf der Erde wild herumsprang, hielten die \u00d6lfeld-Besitzer seit Ende der letzten \u00d6lkrise vor 40 Jahren starr an ihrem Abbaupfad fest. Der Minderverbrauch von Teilen der Welt wurden vollst\u00e4ndig durch den Mehrverbrauch andernorts kompensiert. Nur Covid war eine Ausnahme. Erstmals wurde die \u00d6lproduktion reduziert, weil die Nachfrage \u00fcberall fiel. Covid ist ein nat\u00fcrliches Experiment, das die Wirksamkeit eines Klimaklubs beweist, w\u00e4hrend die Stabilit\u00e4t des Abbaupfades zuvor die Unwirksamkeit des Unilateralismus in der Klimapolitik beweist.<\/p>\n<p><strong>Folge<\/strong><\/p>\n<p>Das Verbrennerverbot senkt den weltweiten CO<sub>2<\/sub>-Aussto\u00df nicht. Es erh\u00f6ht ihn sogar, wenn wenigstens ein Teil des Zusatzstroms f\u00fcr die E-Autos aus Braunkohle gewonnen wird. Denn sie wird nicht auf den Weltm\u00e4rkten gehandelt. Wegen Putin wurde der Wiedereinstieg in die Braunkohle von der Bundesregierung beschlossen.<\/p>\n<p><strong>Politikimplikation<\/strong><\/p>\n<p>Das Verbrennerverbot ist eher das Ergebnis einer raffinierten Industrie-, denn einer rationalen Klimapolitik. Wirksam f\u00fcr das Klima w\u00e4re es, die Braunkohle zu versiegeln und einen weltweiten Klimaklub mit bindenden Mengenbeschr\u00e4nkungen f\u00fcr alle zu gr\u00fcnden, der durch einen Handel mit Emissionsrechten koordiniert wird. Wenn auch das nicht gelingt, muss Europa h\u00f6here Deiche bauen, denn die blo\u00dfe Selbstkasteiung durch ein unilaterales staatliches Verbot von \u00d6limporten hilft dem Klima nicht, zumal damit ein negatives Exempel f\u00fcr die weniger gr\u00fcn gesinnten L\u00e4nder der Welt statuiert wird.<\/p>\n<p><strong>Hinweis:<\/strong> Pro &amp; Contra wurde zusammengestellt von <em>J\u00f6rg Rieger<\/em>, W\u00fcrzburg. Es erscheint in <a href=\"https:\/\/www.beck-elibrary.de\/10.15358\/0340-1650-2022-4\/wist-wirtschaftswissenschaftliches-studium-jahrgang-51-2022-heft-4\">Heft 11 (2022)<\/a> der Fachzeitschrift WiSt.<\/p>\n<!-- AddThis Advanced Settings generic via filter on the_content --><!-- AddThis Share Buttons generic via filter on the_content --><!-- AddThis Related Posts generic via filter on the_content -->","protected":false},"excerpt":{"rendered":"<p>W\u00e4hrend Norwegen schon 2025 keine Verbrennerautos mehr neu zulassen will, hat sich die deutsche Ampelkoalition im Sommer darauf verst\u00e4ndigt, ab 2035 nur noch solche Pkw &hellip; <\/p>\n<p class=\"link-more\"><a href=\"https:\/\/wirtschaftlichefreiheit.de\/wordpress\/?p=31796\" class=\"more-link\"><span class=\"screen-reader-text\">\u201e<font size=3; color=grey>Pro&#038;Contra <\/font><br \/>Verbot von Verbrennermotoren? <br \/><font size=3; color=grey>Prof. Dr. Markus Lienkamp (TUM) contra Prof. Dr. Hans-Werner Sinn (LMU) <\/font>\u201c <\/span>weiterlesen<\/a><\/p>\n<p><!-- AddThis Advanced Settings generic via filter on wp_trim_excerpt --><!-- AddThis Share Buttons generic via filter on wp_trim_excerpt --><!-- AddThis Related Posts generic via filter on wp_trim_excerpt --><\/p>\n","protected":false},"author":58,"featured_media":31800,"comment_status":"open","ping_status":"open","sticky":false,"template":"","format":"standard","meta":{"footnotes":""},"categories":[2580,1841],"tags":[903,4321,948,625,4239],"class_list":["post-31796","post","type-post","status-publish","format-standard","has-post-thumbnail","hentry","category-automobiles","category-klimatisches","tag-co2","tag-lienkamp","tag-sinn","tag-umwelt","tag-verbrennerverbot"],"yoast_head":"<!-- This site is optimized with the Yoast SEO plugin v27.2 - https:\/\/yoast.com\/product\/yoast-seo-wordpress\/ -->\n<title>Pro&amp;Contra Verbot von Verbrennermotoren? Prof. Dr. Markus Lienkamp (TUM) contra Prof. Dr. Hans-Werner Sinn (LMU)  - Wirtschaftliche Freiheit<\/title>\n<meta name=\"robots\" content=\"index, follow, max-snippet:-1, max-image-preview:large, max-video-preview:-1\" \/>\n<link rel=\"canonical\" href=\"https:\/\/wirtschaftlichefreiheit.de\/wordpress\/?p=31796\" \/>\n<meta property=\"og:locale\" content=\"de_DE\" \/>\n<meta property=\"og:type\" content=\"article\" \/>\n<meta property=\"og:title\" content=\"Pro&amp;Contra Verbot von Verbrennermotoren? Prof. Dr. Markus Lienkamp (TUM) contra Prof. Dr. Hans-Werner Sinn (LMU)  - Wirtschaftliche Freiheit\" \/>\n<meta property=\"og:description\" content=\"W\u00e4hrend Norwegen schon 2025 keine Verbrennerautos mehr neu zulassen will, hat sich die deutsche Ampelkoalition im Sommer darauf verst\u00e4ndigt, ab 2035 nur noch solche Pkw &hellip; \u201ePro&#038;Contra Verbot von Verbrennermotoren? Prof. Dr. Markus Lienkamp (TUM) contra Prof. Dr. Hans-Werner Sinn (LMU) \u201c weiterlesen\" \/>\n<meta property=\"og:url\" content=\"https:\/\/wirtschaftlichefreiheit.de\/wordpress\/?p=31796\" \/>\n<meta property=\"og:site_name\" content=\"Wirtschaftliche Freiheit\" \/>\n<meta property=\"article:published_time\" content=\"2022-10-30T23:05:46+00:00\" \/>\n<meta property=\"article:modified_time\" content=\"2023-01-15T09:34:38+00:00\" \/>\n<meta property=\"og:image\" content=\"http:\/\/wirtschaftlichefreiheit.de\/wordpress\/bilder\/liensinn.png\" \/>\n\t<meta property=\"og:image:width\" content=\"551\" \/>\n\t<meta property=\"og:image:height\" content=\"383\" \/>\n\t<meta property=\"og:image:type\" content=\"image\/png\" \/>\n<meta name=\"author\" content=\"Wirtschaftliche Freiheit\" \/>\n<meta name=\"twitter:card\" content=\"summary_large_image\" \/>\n<meta name=\"twitter:label1\" content=\"Verfasst von\" \/>\n\t<meta name=\"twitter:data1\" content=\"Wirtschaftliche Freiheit\" \/>\n\t<meta name=\"twitter:label2\" content=\"Gesch\u00e4tzte Lesezeit\" \/>\n\t<meta name=\"twitter:data2\" content=\"5\u00a0Minuten\" \/>\n<script type=\"application\/ld+json\" class=\"yoast-schema-graph\">{\"@context\":\"https:\/\/schema.org\",\"@graph\":[{\"@type\":\"Article\",\"@id\":\"https:\/\/wirtschaftlichefreiheit.de\/wordpress\/?p=31796#article\",\"isPartOf\":{\"@id\":\"https:\/\/wirtschaftlichefreiheit.de\/wordpress\/?p=31796\"},\"author\":{\"name\":\"Wirtschaftliche Freiheit\",\"@id\":\"https:\/\/wirtschaftlichefreiheit.de\/wordpress\/#\/schema\/person\/788618a184d31b0801c59c1fadd473c4\"},\"headline\":\"Pro&#038;Contra Verbot von Verbrennermotoren? Prof. Dr. Markus Lienkamp (TUM) contra Prof. Dr. Hans-Werner Sinn (LMU)\",\"datePublished\":\"2022-10-30T23:05:46+00:00\",\"dateModified\":\"2023-01-15T09:34:38+00:00\",\"mainEntityOfPage\":{\"@id\":\"https:\/\/wirtschaftlichefreiheit.de\/wordpress\/?p=31796\"},\"wordCount\":761,\"commentCount\":2,\"image\":{\"@id\":\"https:\/\/wirtschaftlichefreiheit.de\/wordpress\/?p=31796#primaryimage\"},\"thumbnailUrl\":\"https:\/\/wirtschaftlichefreiheit.de\/wordpress\/bilder\/liensinn.png\",\"keywords\":[\"CO2\",\"Lienkamp\",\"Sinn\",\"Umwelt\",\"Verbrennerverbot\"],\"articleSection\":[\"Automobiles\",\"Klimatisches\"],\"inLanguage\":\"de\",\"potentialAction\":[{\"@type\":\"CommentAction\",\"name\":\"Comment\",\"target\":[\"https:\/\/wirtschaftlichefreiheit.de\/wordpress\/?p=31796#respond\"]}]},{\"@type\":\"WebPage\",\"@id\":\"https:\/\/wirtschaftlichefreiheit.de\/wordpress\/?p=31796\",\"url\":\"https:\/\/wirtschaftlichefreiheit.de\/wordpress\/?p=31796\",\"name\":\"Pro&Contra Verbot von Verbrennermotoren? Prof. Dr. Markus Lienkamp (TUM) contra Prof. Dr. Hans-Werner Sinn (LMU) - Wirtschaftliche Freiheit\",\"isPartOf\":{\"@id\":\"https:\/\/wirtschaftlichefreiheit.de\/wordpress\/#website\"},\"primaryImageOfPage\":{\"@id\":\"https:\/\/wirtschaftlichefreiheit.de\/wordpress\/?p=31796#primaryimage\"},\"image\":{\"@id\":\"https:\/\/wirtschaftlichefreiheit.de\/wordpress\/?p=31796#primaryimage\"},\"thumbnailUrl\":\"https:\/\/wirtschaftlichefreiheit.de\/wordpress\/bilder\/liensinn.png\",\"datePublished\":\"2022-10-30T23:05:46+00:00\",\"dateModified\":\"2023-01-15T09:34:38+00:00\",\"author\":{\"@id\":\"https:\/\/wirtschaftlichefreiheit.de\/wordpress\/#\/schema\/person\/788618a184d31b0801c59c1fadd473c4\"},\"breadcrumb\":{\"@id\":\"https:\/\/wirtschaftlichefreiheit.de\/wordpress\/?p=31796#breadcrumb\"},\"inLanguage\":\"de\",\"potentialAction\":[{\"@type\":\"ReadAction\",\"target\":[\"https:\/\/wirtschaftlichefreiheit.de\/wordpress\/?p=31796\"]}]},{\"@type\":\"ImageObject\",\"inLanguage\":\"de\",\"@id\":\"https:\/\/wirtschaftlichefreiheit.de\/wordpress\/?p=31796#primaryimage\",\"url\":\"https:\/\/wirtschaftlichefreiheit.de\/wordpress\/bilder\/liensinn.png\",\"contentUrl\":\"https:\/\/wirtschaftlichefreiheit.de\/wordpress\/bilder\/liensinn.png\",\"width\":551,\"height\":383},{\"@type\":\"BreadcrumbList\",\"@id\":\"https:\/\/wirtschaftlichefreiheit.de\/wordpress\/?p=31796#breadcrumb\",\"itemListElement\":[{\"@type\":\"ListItem\",\"position\":1,\"name\":\"Startseite\",\"item\":\"https:\/\/wirtschaftlichefreiheit.de\/wordpress\"},{\"@type\":\"ListItem\",\"position\":2,\"name\":\"Pro&#038;Contra Verbot von Verbrennermotoren? Prof. Dr. Markus Lienkamp (TUM) contra Prof. Dr. Hans-Werner Sinn (LMU)\"}]},{\"@type\":\"WebSite\",\"@id\":\"https:\/\/wirtschaftlichefreiheit.de\/wordpress\/#website\",\"url\":\"https:\/\/wirtschaftlichefreiheit.de\/wordpress\/\",\"name\":\"Wirtschaftliche Freiheit\",\"description\":\"Das ordnungspolitische Journal\",\"potentialAction\":[{\"@type\":\"SearchAction\",\"target\":{\"@type\":\"EntryPoint\",\"urlTemplate\":\"https:\/\/wirtschaftlichefreiheit.de\/wordpress\/?s={search_term_string}\"},\"query-input\":{\"@type\":\"PropertyValueSpecification\",\"valueRequired\":true,\"valueName\":\"search_term_string\"}}],\"inLanguage\":\"de\"},{\"@type\":\"Person\",\"@id\":\"https:\/\/wirtschaftlichefreiheit.de\/wordpress\/#\/schema\/person\/788618a184d31b0801c59c1fadd473c4\",\"name\":\"Wirtschaftliche Freiheit\",\"image\":{\"@type\":\"ImageObject\",\"inLanguage\":\"de\",\"@id\":\"https:\/\/wirtschaftlichefreiheit.de\/wordpress\/bilder\/189780_211178845564593_6670846_n.jpg\",\"url\":\"https:\/\/wirtschaftlichefreiheit.de\/wordpress\/bilder\/189780_211178845564593_6670846_n.jpg\",\"contentUrl\":\"https:\/\/wirtschaftlichefreiheit.de\/wordpress\/bilder\/189780_211178845564593_6670846_n.jpg\",\"caption\":\"Wirtschaftliche Freiheit\"},\"description\":\"Das ordnungspolitische Journal\",\"url\":\"https:\/\/wirtschaftlichefreiheit.de\/wordpress\/?author=58\"}]}<\/script>\n<!-- \/ Yoast SEO plugin. -->","yoast_head_json":{"title":"Pro&Contra Verbot von Verbrennermotoren? Prof. Dr. Markus Lienkamp (TUM) contra Prof. Dr. Hans-Werner Sinn (LMU)  - Wirtschaftliche Freiheit","robots":{"index":"index","follow":"follow","max-snippet":"max-snippet:-1","max-image-preview":"max-image-preview:large","max-video-preview":"max-video-preview:-1"},"canonical":"https:\/\/wirtschaftlichefreiheit.de\/wordpress\/?p=31796","og_locale":"de_DE","og_type":"article","og_title":"Pro&Contra Verbot von Verbrennermotoren? Prof. Dr. Markus Lienkamp (TUM) contra Prof. Dr. Hans-Werner Sinn (LMU)  - Wirtschaftliche Freiheit","og_description":"W\u00e4hrend Norwegen schon 2025 keine Verbrennerautos mehr neu zulassen will, hat sich die deutsche Ampelkoalition im Sommer darauf verst\u00e4ndigt, ab 2035 nur noch solche Pkw &hellip; \u201ePro&#038;Contra Verbot von Verbrennermotoren? Prof. Dr. Markus Lienkamp (TUM) contra Prof. Dr. Hans-Werner Sinn (LMU) \u201c weiterlesen","og_url":"https:\/\/wirtschaftlichefreiheit.de\/wordpress\/?p=31796","og_site_name":"Wirtschaftliche Freiheit","article_published_time":"2022-10-30T23:05:46+00:00","article_modified_time":"2023-01-15T09:34:38+00:00","og_image":[{"width":551,"height":383,"url":"http:\/\/wirtschaftlichefreiheit.de\/wordpress\/bilder\/liensinn.png","type":"image\/png"}],"author":"Wirtschaftliche Freiheit","twitter_card":"summary_large_image","twitter_misc":{"Verfasst von":"Wirtschaftliche Freiheit","Gesch\u00e4tzte Lesezeit":"5\u00a0Minuten"},"schema":{"@context":"https:\/\/schema.org","@graph":[{"@type":"Article","@id":"https:\/\/wirtschaftlichefreiheit.de\/wordpress\/?p=31796#article","isPartOf":{"@id":"https:\/\/wirtschaftlichefreiheit.de\/wordpress\/?p=31796"},"author":{"name":"Wirtschaftliche Freiheit","@id":"https:\/\/wirtschaftlichefreiheit.de\/wordpress\/#\/schema\/person\/788618a184d31b0801c59c1fadd473c4"},"headline":"Pro&#038;Contra Verbot von Verbrennermotoren? Prof. Dr. Markus Lienkamp (TUM) contra Prof. Dr. Hans-Werner Sinn (LMU)","datePublished":"2022-10-30T23:05:46+00:00","dateModified":"2023-01-15T09:34:38+00:00","mainEntityOfPage":{"@id":"https:\/\/wirtschaftlichefreiheit.de\/wordpress\/?p=31796"},"wordCount":761,"commentCount":2,"image":{"@id":"https:\/\/wirtschaftlichefreiheit.de\/wordpress\/?p=31796#primaryimage"},"thumbnailUrl":"https:\/\/wirtschaftlichefreiheit.de\/wordpress\/bilder\/liensinn.png","keywords":["CO2","Lienkamp","Sinn","Umwelt","Verbrennerverbot"],"articleSection":["Automobiles","Klimatisches"],"inLanguage":"de","potentialAction":[{"@type":"CommentAction","name":"Comment","target":["https:\/\/wirtschaftlichefreiheit.de\/wordpress\/?p=31796#respond"]}]},{"@type":"WebPage","@id":"https:\/\/wirtschaftlichefreiheit.de\/wordpress\/?p=31796","url":"https:\/\/wirtschaftlichefreiheit.de\/wordpress\/?p=31796","name":"Pro&Contra Verbot von Verbrennermotoren? Prof. Dr. Markus Lienkamp (TUM) contra Prof. Dr. Hans-Werner Sinn (LMU) - Wirtschaftliche Freiheit","isPartOf":{"@id":"https:\/\/wirtschaftlichefreiheit.de\/wordpress\/#website"},"primaryImageOfPage":{"@id":"https:\/\/wirtschaftlichefreiheit.de\/wordpress\/?p=31796#primaryimage"},"image":{"@id":"https:\/\/wirtschaftlichefreiheit.de\/wordpress\/?p=31796#primaryimage"},"thumbnailUrl":"https:\/\/wirtschaftlichefreiheit.de\/wordpress\/bilder\/liensinn.png","datePublished":"2022-10-30T23:05:46+00:00","dateModified":"2023-01-15T09:34:38+00:00","author":{"@id":"https:\/\/wirtschaftlichefreiheit.de\/wordpress\/#\/schema\/person\/788618a184d31b0801c59c1fadd473c4"},"breadcrumb":{"@id":"https:\/\/wirtschaftlichefreiheit.de\/wordpress\/?p=31796#breadcrumb"},"inLanguage":"de","potentialAction":[{"@type":"ReadAction","target":["https:\/\/wirtschaftlichefreiheit.de\/wordpress\/?p=31796"]}]},{"@type":"ImageObject","inLanguage":"de","@id":"https:\/\/wirtschaftlichefreiheit.de\/wordpress\/?p=31796#primaryimage","url":"https:\/\/wirtschaftlichefreiheit.de\/wordpress\/bilder\/liensinn.png","contentUrl":"https:\/\/wirtschaftlichefreiheit.de\/wordpress\/bilder\/liensinn.png","width":551,"height":383},{"@type":"BreadcrumbList","@id":"https:\/\/wirtschaftlichefreiheit.de\/wordpress\/?p=31796#breadcrumb","itemListElement":[{"@type":"ListItem","position":1,"name":"Startseite","item":"https:\/\/wirtschaftlichefreiheit.de\/wordpress"},{"@type":"ListItem","position":2,"name":"Pro&#038;Contra Verbot von Verbrennermotoren? Prof. Dr. Markus Lienkamp (TUM) contra Prof. Dr. Hans-Werner Sinn (LMU)"}]},{"@type":"WebSite","@id":"https:\/\/wirtschaftlichefreiheit.de\/wordpress\/#website","url":"https:\/\/wirtschaftlichefreiheit.de\/wordpress\/","name":"Wirtschaftliche Freiheit","description":"Das ordnungspolitische Journal","potentialAction":[{"@type":"SearchAction","target":{"@type":"EntryPoint","urlTemplate":"https:\/\/wirtschaftlichefreiheit.de\/wordpress\/?s={search_term_string}"},"query-input":{"@type":"PropertyValueSpecification","valueRequired":true,"valueName":"search_term_string"}}],"inLanguage":"de"},{"@type":"Person","@id":"https:\/\/wirtschaftlichefreiheit.de\/wordpress\/#\/schema\/person\/788618a184d31b0801c59c1fadd473c4","name":"Wirtschaftliche Freiheit","image":{"@type":"ImageObject","inLanguage":"de","@id":"https:\/\/wirtschaftlichefreiheit.de\/wordpress\/bilder\/189780_211178845564593_6670846_n.jpg","url":"https:\/\/wirtschaftlichefreiheit.de\/wordpress\/bilder\/189780_211178845564593_6670846_n.jpg","contentUrl":"https:\/\/wirtschaftlichefreiheit.de\/wordpress\/bilder\/189780_211178845564593_6670846_n.jpg","caption":"Wirtschaftliche Freiheit"},"description":"Das ordnungspolitische Journal","url":"https:\/\/wirtschaftlichefreiheit.de\/wordpress\/?author=58"}]}},"_links":{"self":[{"href":"https:\/\/wirtschaftlichefreiheit.de\/wordpress\/index.php?rest_route=\/wp\/v2\/posts\/31796","targetHints":{"allow":["GET"]}}],"collection":[{"href":"https:\/\/wirtschaftlichefreiheit.de\/wordpress\/index.php?rest_route=\/wp\/v2\/posts"}],"about":[{"href":"https:\/\/wirtschaftlichefreiheit.de\/wordpress\/index.php?rest_route=\/wp\/v2\/types\/post"}],"author":[{"embeddable":true,"href":"https:\/\/wirtschaftlichefreiheit.de\/wordpress\/index.php?rest_route=\/wp\/v2\/users\/58"}],"replies":[{"embeddable":true,"href":"https:\/\/wirtschaftlichefreiheit.de\/wordpress\/index.php?rest_route=%2Fwp%2Fv2%2Fcomments&post=31796"}],"version-history":[{"count":12,"href":"https:\/\/wirtschaftlichefreiheit.de\/wordpress\/index.php?rest_route=\/wp\/v2\/posts\/31796\/revisions"}],"predecessor-version":[{"id":32535,"href":"https:\/\/wirtschaftlichefreiheit.de\/wordpress\/index.php?rest_route=\/wp\/v2\/posts\/31796\/revisions\/32535"}],"wp:featuredmedia":[{"embeddable":true,"href":"https:\/\/wirtschaftlichefreiheit.de\/wordpress\/index.php?rest_route=\/wp\/v2\/media\/31800"}],"wp:attachment":[{"href":"https:\/\/wirtschaftlichefreiheit.de\/wordpress\/index.php?rest_route=%2Fwp%2Fv2%2Fmedia&parent=31796"}],"wp:term":[{"taxonomy":"category","embeddable":true,"href":"https:\/\/wirtschaftlichefreiheit.de\/wordpress\/index.php?rest_route=%2Fwp%2Fv2%2Fcategories&post=31796"},{"taxonomy":"post_tag","embeddable":true,"href":"https:\/\/wirtschaftlichefreiheit.de\/wordpress\/index.php?rest_route=%2Fwp%2Fv2%2Ftags&post=31796"}],"curies":[{"name":"wp","href":"https:\/\/api.w.org\/{rel}","templated":true}]}}