{"id":32318,"date":"2022-12-31T00:13:00","date_gmt":"2022-12-30T23:13:00","guid":{"rendered":"https:\/\/wirtschaftlichefreiheit.de\/wordpress\/?p=32318"},"modified":"2023-01-05T07:37:10","modified_gmt":"2023-01-05T06:37:10","slug":"ist-das-japanische-niedriginflations-und-zinsmodell-am-ende","status":"publish","type":"post","link":"https:\/\/wirtschaftlichefreiheit.de\/wordpress\/?p=32318","title":{"rendered":"Ist das \u201ejapanische Niedriginflations- und -zinsmodell\u201c am Ende?"},"content":{"rendered":"\n<p><\/p>\n\n\n\n<p>Die makro\u00f6konomische Lage in Japan scheint sich zuzuspitzen. Als die Bank von Japan unter ihrem Pr\u00e4sidenten Haruhiko Kuroda am 20. Dezember 2022 bekannt gab, ihre Zinsobergrenze bei 10j\u00e4hrigen japanischen Staatsanleihen von 0,25% auf 0,5% anzuheben, brachen die Aktienkurse in Tokio ein und der japanische Yen wertete stark auf. Der \u201eKuroda-Schock\u201c, der in den Augen einiger Beobachter eine Wende in der 30j\u00e4hrigen Niedrig-, Null- und Negativzinspolitik Japans ank\u00fcndigte, sandte Schockwellen auf die internationalen Finanzm\u00e4rkte aus. In den USA und Europa fielen die Kurse von Aktien und Anleihen. K\u00fcndigt sich in Japan ein Ende der Niedriginflation und der Niedrigzinsen an? Wir haben das japanische Modell untersucht (<a href=\"https:\/\/papers.ssrn.com\/sol3\/papers.cfm?abstract_id=4154090\">Mayer und Schnabl 2022<\/a>) und sehen einige Hinweise daf\u00fcr.<\/p>\n\n\n\n<!--more-->\n\n\n\n<figure class=\"wp-block-image size-large\"><img loading=\"lazy\" decoding=\"async\" width=\"1024\" height=\"751\" src=\"https:\/\/wirtschaftlichefreiheit.de\/wordpress\/bilder\/mayschnab1-1024x751.png\" alt=\"\" class=\"wp-image-32320\" srcset=\"https:\/\/wirtschaftlichefreiheit.de\/wordpress\/bilder\/mayschnab1-1024x751.png 1024w, https:\/\/wirtschaftlichefreiheit.de\/wordpress\/bilder\/mayschnab1-300x220.png 300w, https:\/\/wirtschaftlichefreiheit.de\/wordpress\/bilder\/mayschnab1-768x563.png 768w, https:\/\/wirtschaftlichefreiheit.de\/wordpress\/bilder\/mayschnab1.png 1196w\" sizes=\"auto, (max-width: 767px) 89vw, (max-width: 1000px) 54vw, (max-width: 1071px) 543px, 580px\" \/><\/figure>\n\n\n\n<p>Der Osten ist uns nicht nur in der Tageszeit, sondern manchmal auch in der Zeitgeschichte voraus. Ein Vorsprung der zweiten Art entstand, als die japanische \u201eBlasen\u00f6konomie\u201c Ende der 1980er Jahre platzte. Eine zu lockere Geldpolitik hatte in der zweiten H\u00e4lfte der 1980er Jahre eine Blase auf den Aktien- und Immobilienm\u00e4rkten geschaffen (siehe Abbildung 1). Als die Bank von Japan in Reaktion auf deren Platzen ab den fr\u00fchen 1990er Jahren die Zinsen immer weiter senkte, entstand ein Umfeld niedriger Inflation verbunden mit magerem Wirtschaftswachstum, das den Westen erst nach beinahe zwei Jahrzehnten infolge der globalen Finanzkrise von 2007\/08 erreichte.<\/p>\n\n\n\n<p>Japan war nicht immer ein Land der niedrigen Inflation und Zinsen. W\u00e4hrend der Zeit des Bretton-Woods-Wechselkurssystems (1944-1973), in dem der Yen fest an den US-Dollar gekoppelt war, lag die Inflation in Japan \u2013 getrieben vom wirtschaftlichen Aufholprozess \u2013 \u00fcber der in den USA. Nach dem Zusammenbruch des Bretton-Woods-Systems Anfang der 1970er Jahre stieg die Inflation w\u00e4hrend des \u00d6lpreisschocks von 1973\/74 auf mehr als 25 Prozent. Ab den fr\u00fchen 1980er Jahren sank im Zuge des weltweiten R\u00fcckgangs auch die Inflation in Japan, w\u00e4hrend in der zweiten H\u00e4lfte der 1980er Jahre die japanischen Aktien- und Immobilienpreise explodierten. Nachdem diese Verm\u00f6genspreisblase geplatzt war, entstand das japanische Modell niedriger Inflation, niedriger Zinsen und mageren Wachstums. Es hat vier Elemente:<\/p>\n\n\n\n<p>Erstens verhinderten seit den 1990er Jahren die Zinssenkungen der Bank von Japan, umfangreiche Konjunkturprogramme des Staates und ein wachsender Berg an Hilfskrediten an marode Unternehmen nicht nur eine gr\u00f6\u00dfere Rezession, sondern auch die Anpassung \u00fcberkommener Strukturen. Die daraus resultierende Zombifizierung vieler japanischer Unternehmen m\u00fcndete in mageres Wachstum, Reallohnverluste und damit einen geringen Inflationsdruck von der Nachfrageseite her.<\/p>\n\n\n\n<p>Zweitens dr\u00fcckte die niedrige Inflation \u00fcber einen langen Zeitraum hinweg die Inflationserwartungen aller Wirtschaftsakteure, w\u00e4hrend scheinbar festzementierte niedrige Zinsen den Unterschied zwischen Geldhortung (in liquide Bankeinlagen) und Geldersparnissen (in Finanzanlagen) verwischten. Die Bank von Japan konnte die steigende Staatsverschuldung durch Geldemission finanzieren, ohne einen Vertrauensverlust ins Geld zu riskieren.<\/p>\n\n\n\n<p>Drittens half der Staat bei der Zementierung der Niedriginflation, indem er die Preise einer zunehmenden Anzahl von G\u00fctern und Dienstleistungen durch Subventionen niedrig hielt. Die Mittel f\u00fcr die Subventionszahlungen konnte er sich durch Neuverschuldung verschaffen, ohne dass die Zinsen stiegen. Denn die Bank von Japan konnte viele Staatsanleihen in Geld verwandeln, das die Menschen zu halten bereit waren. Inzwischen liegt die Staatsverschuldung bei ca. 260% des Bruttoinlandsprodukts, w\u00e4hrend rund 50% der ausstehenden japanischen Staatsanleihen von der Bank von Japan gehalten werden.<\/p>\n\n\n\n<p>Viertens ging die Finanzierung steigender Staatsverschuldung durch Geldemission und Geldhortung auf Kosten riskanterer Anlagen. Der Aktien- und Immobilienmarkt, die Unternehmensinvestitionen und das Wirtschaftswachstum d\u00fcmpelten lange Zeit dahin. Auch die \u201eAbenomics\u201c ab dem Jahr 2013 brachten keine Wende. Trotz beispielloser Geldschwemme erreichten weder Wachstum noch Inflation wieder das Niveau vor dem Platzen der Blase.<\/p>\n\n\n\n<p>Das japanische Modell war nicht nur der Pionier f\u00fcr das globale Niedriginflations- und Niedrigzinsumfeld, sondern wurde von ihm auch bis in die j\u00fcngste Vergangenheit gest\u00fctzt. Mit dem steilen Anstieg der Inflation in den USA und vielen anderen westlichen Industriel\u00e4ndern ist diese St\u00fctze weggebrochen. Im Prinzip k\u00f6nnte der Staat dem j\u00fcngsten Anstieg der Inflation auf 3,8% im November 2022 nach bew\u00e4hrter Manier mit der Ausdehnung der Preissubventionen begegnen. Der Preis daf\u00fcr w\u00e4ren weitere Staatsschulden, die mit noch mehr Geldemission finanziert werden m\u00fcssten. Dies w\u00fcrde aber nur funktionieren, wenn die Inflationserwartungen der Wirtschaftsakteure weiterhin fest auf niedrigem Niveau verankert und ihre Bereitschaft zur Geldhortung unverbr\u00fcchlich bliebe. Die Gewerkschaften m\u00fcssten sich \u2013 beispielsweise aufgrund von Angst vor umfassenden Restrukturierungen der japanischen Zombieunternehmen \u2013 trotz h\u00f6herer Inflation bei den Lohnforderungen weiter zur\u00fcckhalten. Allerdings zeigen die Umfragen staatlicher Beh\u00f6rden, dass die Mehrheit der Konsumenten auf Jahressicht steigende Preise erwarten. L\u00f6hne und Preise scheinen den Erwartungen zu folgen (Abbildung 2).<\/p>\n\n\n\n<figure class=\"wp-block-image size-large\"><img loading=\"lazy\" decoding=\"async\" width=\"1024\" height=\"751\" src=\"https:\/\/wirtschaftlichefreiheit.de\/wordpress\/bilder\/mayschnab2-1024x751.png\" alt=\"\" class=\"wp-image-32321\" srcset=\"https:\/\/wirtschaftlichefreiheit.de\/wordpress\/bilder\/mayschnab2-1024x751.png 1024w, https:\/\/wirtschaftlichefreiheit.de\/wordpress\/bilder\/mayschnab2-300x220.png 300w, https:\/\/wirtschaftlichefreiheit.de\/wordpress\/bilder\/mayschnab2-768x563.png 768w, https:\/\/wirtschaftlichefreiheit.de\/wordpress\/bilder\/mayschnab2.png 1196w\" sizes=\"auto, (max-width: 767px) 89vw, (max-width: 1000px) 54vw, (max-width: 1071px) 543px, 580px\" \/><\/figure>\n\n\n\n<p>Folglich r\u00fcckt eine alternative Entwicklung ins Blickfeld. H\u00f6here Preiserwartungen k\u00f6nnten vor dem Hintergrund von Arbeitsknappheit in der schnell alternden japanischen Gesellschaft nach vielen Jahren der Lohnausterit\u00e4t nun die Lohnforderungen anheizen. Steigender Lohnkostendruck und eine schwache W\u00e4hrung k\u00f6nnten zu einer Spirale h\u00f6herer Inflation und h\u00f6herer Inflationserwartungen f\u00fchren. Bei einer ohnehin bereits sehr hohen Staatsverschuldung k\u00f6nnte der Staat \u00fcberfordert sein, die Preise mit Subventionen niedrigzuhalten. M\u00fcsste die Bank von Japan dem Inflationsanstieg mit deutlichen Zinserh\u00f6hungen entgegentreten, w\u00fcrde sie nicht nur selbst erhebliche Verluste auf ihre Wertpapierbest\u00e4nde erleiden, sondern andere Finanzinstitute wie Banken und Versicherungen oder Pensionsfonds k\u00f6nnten in Schieflage geraten. Auch Japans zahlreiche Zombieunternehmen, die bisher dank niedriger Zinsen und Lohnzur\u00fcckhaltung der Gewerkschaften \u00fcberlebt haben, w\u00e4ren in Bedr\u00e4ngnis.<\/p>\n\n\n\n<p>Schlussendlich st\u00fcnde die Regierung vor der Wahl, h\u00f6here Inflation bis zu Hyperinflation zuzulassen, um die \u00fcppige Staatsverschuldung und den von ihr erzeugten Geld\u00fcberhang in realer Gr\u00f6\u00dfe gerechnet zu entwerten. Oder sie w\u00fcrde diesen \u00dcberhang durch eine Wirtschafts- und W\u00e4hrungsreform eliminieren. Sollte die Regierung daf\u00fcr nach Vorlagen suchen, bietet die Wirtschaftsgeschichte ein breites Spektrum (Mayer and Schnabl 2021). Insbesondere die deutsche Geschichte nach dem ersten und zweiten Weltkrieg sowie die Abwicklung der \u201eDeutschen Demokratischen Republik\u201c bei der deutschen Wiedervereinigung bieten reichhaltiges Anschauungsmaterial.<\/p>\n\n\n\n<p>Literatur<\/p>\n\n\n\n<p>Mayer, Thomas \/ Schnabl, Gunther 2021: <a href=\"https:\/\/papers.ssrn.com\/sol3\/papers.cfm?abstract_id=3848340\">How to Escape from the Debt Trap: Lessons from the Past<\/a> <em>CESifo Working Paper 9078<\/em>.<\/p>\n\n\n\n<p>Mayer, Thomas \/ Schnabl, Gunther 2022: <a href=\"https:\/\/papers.ssrn.com\/sol3\/papers.cfm?abstract_id=4154090\">Japan\u2019s Low Inflation Conundrum.<\/a> <em>CESifo Working Paper 9821<\/em>.<\/p>\n<!-- AddThis Advanced Settings generic via filter on the_content --><!-- AddThis Share Buttons generic via filter on the_content --><!-- AddThis Related Posts generic via filter on the_content -->","protected":false},"excerpt":{"rendered":"<p>Die makro\u00f6konomische Lage in Japan scheint sich zuzuspitzen. Als die Bank von Japan unter ihrem Pr\u00e4sidenten Haruhiko Kuroda am 20. Dezember 2022 bekannt gab, ihre &hellip; <\/p>\n<p class=\"link-more\"><a href=\"https:\/\/wirtschaftlichefreiheit.de\/wordpress\/?p=32318\" class=\"more-link\"><span class=\"screen-reader-text\">\u201eIst das \u201ejapanische Niedriginflations- und -zinsmodell\u201c am Ende?\u201c <\/span>weiterlesen<\/a><\/p>\n<p><!-- AddThis Advanced Settings generic via filter on wp_trim_excerpt --><!-- AddThis Share Buttons generic via filter on wp_trim_excerpt --><!-- AddThis Related Posts generic via filter on wp_trim_excerpt --><\/p>\n","protected":false},"author":427,"featured_media":32335,"comment_status":"open","ping_status":"open","sticky":false,"template":"","format":"standard","meta":{"footnotes":""},"categories":[1705,2440],"tags":[562,2860,4381,4382,2624],"class_list":["post-32318","post","type-post","status-publish","format-standard","has-post-thumbnail","hentry","category-inflationaeres","category-japanisches","tag-japan","tag-mayer","tag-niedriginflationsmodell","tag-niedrigzinsmodell","tag-schnabl"],"yoast_head":"<!-- This site is optimized with the Yoast SEO plugin v27.2 - https:\/\/yoast.com\/product\/yoast-seo-wordpress\/ -->\n<title>Ist das \u201ejapanische Niedriginflations- und -zinsmodell\u201c am Ende? - Wirtschaftliche Freiheit<\/title>\n<meta name=\"robots\" content=\"index, follow, max-snippet:-1, max-image-preview:large, max-video-preview:-1\" \/>\n<link rel=\"canonical\" href=\"https:\/\/wirtschaftlichefreiheit.de\/wordpress\/?p=32318\" \/>\n<meta property=\"og:locale\" content=\"de_DE\" \/>\n<meta property=\"og:type\" content=\"article\" \/>\n<meta property=\"og:title\" content=\"Ist das \u201ejapanische Niedriginflations- und -zinsmodell\u201c am Ende? - Wirtschaftliche Freiheit\" \/>\n<meta property=\"og:description\" content=\"Die makro\u00f6konomische Lage in Japan scheint sich zuzuspitzen. Als die Bank von Japan unter ihrem Pr\u00e4sidenten Haruhiko Kuroda am 20. Dezember 2022 bekannt gab, ihre &hellip; \u201eIst das \u201ejapanische Niedriginflations- und -zinsmodell\u201c am Ende?\u201c weiterlesen\" \/>\n<meta property=\"og:url\" content=\"https:\/\/wirtschaftlichefreiheit.de\/wordpress\/?p=32318\" \/>\n<meta property=\"og:site_name\" content=\"Wirtschaftliche Freiheit\" \/>\n<meta property=\"article:published_time\" content=\"2022-12-30T23:13:00+00:00\" \/>\n<meta property=\"article:modified_time\" content=\"2023-01-05T06:37:10+00:00\" \/>\n<meta property=\"og:image\" content=\"http:\/\/wirtschaftlichefreiheit.de\/wordpress\/bilder\/mayschnab6.png\" \/>\n\t<meta property=\"og:image:width\" content=\"939\" \/>\n\t<meta property=\"og:image:height\" content=\"704\" \/>\n\t<meta property=\"og:image:type\" content=\"image\/png\" \/>\n<meta name=\"author\" content=\"Thomas Mayer und Gunther Schnabl\" \/>\n<meta name=\"twitter:card\" content=\"summary_large_image\" \/>\n<meta name=\"twitter:label1\" content=\"Verfasst von\" \/>\n\t<meta name=\"twitter:data1\" content=\"Thomas Mayer und Gunther Schnabl\" \/>\n\t<meta name=\"twitter:label2\" content=\"Gesch\u00e4tzte Lesezeit\" \/>\n\t<meta name=\"twitter:data2\" content=\"6\u00a0Minuten\" \/>\n<script type=\"application\/ld+json\" class=\"yoast-schema-graph\">{\"@context\":\"https:\/\/schema.org\",\"@graph\":[{\"@type\":\"Article\",\"@id\":\"https:\/\/wirtschaftlichefreiheit.de\/wordpress\/?p=32318#article\",\"isPartOf\":{\"@id\":\"https:\/\/wirtschaftlichefreiheit.de\/wordpress\/?p=32318\"},\"author\":{\"name\":\"Thomas Mayer und Gunther Schnabl\",\"@id\":\"https:\/\/wirtschaftlichefreiheit.de\/wordpress\/#\/schema\/person\/533c66b1e98025e49540b7f9c7c87a1f\"},\"headline\":\"Ist das \u201ejapanische Niedriginflations- und -zinsmodell\u201c am Ende?\",\"datePublished\":\"2022-12-30T23:13:00+00:00\",\"dateModified\":\"2023-01-05T06:37:10+00:00\",\"mainEntityOfPage\":{\"@id\":\"https:\/\/wirtschaftlichefreiheit.de\/wordpress\/?p=32318\"},\"wordCount\":1006,\"commentCount\":0,\"image\":{\"@id\":\"https:\/\/wirtschaftlichefreiheit.de\/wordpress\/?p=32318#primaryimage\"},\"thumbnailUrl\":\"https:\/\/wirtschaftlichefreiheit.de\/wordpress\/bilder\/mayschnab6.png\",\"keywords\":[\"Japan\",\"Mayer\",\"Niedriginflationsmodell\",\"Niedrigzinsmodell\",\"Schnabl\"],\"articleSection\":[\"Inflation\u00e4res\",\"Japanisches\"],\"inLanguage\":\"de\",\"potentialAction\":[{\"@type\":\"CommentAction\",\"name\":\"Comment\",\"target\":[\"https:\/\/wirtschaftlichefreiheit.de\/wordpress\/?p=32318#respond\"]}]},{\"@type\":\"WebPage\",\"@id\":\"https:\/\/wirtschaftlichefreiheit.de\/wordpress\/?p=32318\",\"url\":\"https:\/\/wirtschaftlichefreiheit.de\/wordpress\/?p=32318\",\"name\":\"Ist das \u201ejapanische Niedriginflations- und -zinsmodell\u201c am Ende? - Wirtschaftliche Freiheit\",\"isPartOf\":{\"@id\":\"https:\/\/wirtschaftlichefreiheit.de\/wordpress\/#website\"},\"primaryImageOfPage\":{\"@id\":\"https:\/\/wirtschaftlichefreiheit.de\/wordpress\/?p=32318#primaryimage\"},\"image\":{\"@id\":\"https:\/\/wirtschaftlichefreiheit.de\/wordpress\/?p=32318#primaryimage\"},\"thumbnailUrl\":\"https:\/\/wirtschaftlichefreiheit.de\/wordpress\/bilder\/mayschnab6.png\",\"datePublished\":\"2022-12-30T23:13:00+00:00\",\"dateModified\":\"2023-01-05T06:37:10+00:00\",\"author\":{\"@id\":\"https:\/\/wirtschaftlichefreiheit.de\/wordpress\/#\/schema\/person\/533c66b1e98025e49540b7f9c7c87a1f\"},\"breadcrumb\":{\"@id\":\"https:\/\/wirtschaftlichefreiheit.de\/wordpress\/?p=32318#breadcrumb\"},\"inLanguage\":\"de\",\"potentialAction\":[{\"@type\":\"ReadAction\",\"target\":[\"https:\/\/wirtschaftlichefreiheit.de\/wordpress\/?p=32318\"]}]},{\"@type\":\"ImageObject\",\"inLanguage\":\"de\",\"@id\":\"https:\/\/wirtschaftlichefreiheit.de\/wordpress\/?p=32318#primaryimage\",\"url\":\"https:\/\/wirtschaftlichefreiheit.de\/wordpress\/bilder\/mayschnab6.png\",\"contentUrl\":\"https:\/\/wirtschaftlichefreiheit.de\/wordpress\/bilder\/mayschnab6.png\",\"width\":939,\"height\":704},{\"@type\":\"BreadcrumbList\",\"@id\":\"https:\/\/wirtschaftlichefreiheit.de\/wordpress\/?p=32318#breadcrumb\",\"itemListElement\":[{\"@type\":\"ListItem\",\"position\":1,\"name\":\"Startseite\",\"item\":\"https:\/\/wirtschaftlichefreiheit.de\/wordpress\"},{\"@type\":\"ListItem\",\"position\":2,\"name\":\"Ist das \u201ejapanische Niedriginflations- und -zinsmodell\u201c am Ende?\"}]},{\"@type\":\"WebSite\",\"@id\":\"https:\/\/wirtschaftlichefreiheit.de\/wordpress\/#website\",\"url\":\"https:\/\/wirtschaftlichefreiheit.de\/wordpress\/\",\"name\":\"Wirtschaftliche Freiheit\",\"description\":\"Das ordnungspolitische Journal\",\"potentialAction\":[{\"@type\":\"SearchAction\",\"target\":{\"@type\":\"EntryPoint\",\"urlTemplate\":\"https:\/\/wirtschaftlichefreiheit.de\/wordpress\/?s={search_term_string}\"},\"query-input\":{\"@type\":\"PropertyValueSpecification\",\"valueRequired\":true,\"valueName\":\"search_term_string\"}}],\"inLanguage\":\"de\"},{\"@type\":\"Person\",\"@id\":\"https:\/\/wirtschaftlichefreiheit.de\/wordpress\/#\/schema\/person\/533c66b1e98025e49540b7f9c7c87a1f\",\"name\":\"Thomas Mayer und Gunther Schnabl\",\"image\":{\"@type\":\"ImageObject\",\"inLanguage\":\"de\",\"@id\":\"https:\/\/wirtschaftlichefreiheit.de\/wordpress\/bilder\/mayschnab5.png\",\"url\":\"https:\/\/wirtschaftlichefreiheit.de\/wordpress\/bilder\/mayschnab5.png\",\"contentUrl\":\"https:\/\/wirtschaftlichefreiheit.de\/wordpress\/bilder\/mayschnab5.png\",\"caption\":\"Thomas Mayer und Gunther Schnabl\"},\"description\":\"Flossbach von Storch - Research Institute Universit\u00e4t Leipzig\",\"url\":\"https:\/\/wirtschaftlichefreiheit.de\/wordpress\/?author=427\"}]}<\/script>\n<!-- \/ Yoast SEO plugin. -->","yoast_head_json":{"title":"Ist das \u201ejapanische Niedriginflations- und -zinsmodell\u201c am Ende? - Wirtschaftliche Freiheit","robots":{"index":"index","follow":"follow","max-snippet":"max-snippet:-1","max-image-preview":"max-image-preview:large","max-video-preview":"max-video-preview:-1"},"canonical":"https:\/\/wirtschaftlichefreiheit.de\/wordpress\/?p=32318","og_locale":"de_DE","og_type":"article","og_title":"Ist das \u201ejapanische Niedriginflations- und -zinsmodell\u201c am Ende? - Wirtschaftliche Freiheit","og_description":"Die makro\u00f6konomische Lage in Japan scheint sich zuzuspitzen. Als die Bank von Japan unter ihrem Pr\u00e4sidenten Haruhiko Kuroda am 20. Dezember 2022 bekannt gab, ihre &hellip; \u201eIst das \u201ejapanische Niedriginflations- und -zinsmodell\u201c am Ende?\u201c weiterlesen","og_url":"https:\/\/wirtschaftlichefreiheit.de\/wordpress\/?p=32318","og_site_name":"Wirtschaftliche Freiheit","article_published_time":"2022-12-30T23:13:00+00:00","article_modified_time":"2023-01-05T06:37:10+00:00","og_image":[{"width":939,"height":704,"url":"http:\/\/wirtschaftlichefreiheit.de\/wordpress\/bilder\/mayschnab6.png","type":"image\/png"}],"author":"Thomas Mayer und Gunther Schnabl","twitter_card":"summary_large_image","twitter_misc":{"Verfasst von":"Thomas Mayer und Gunther Schnabl","Gesch\u00e4tzte Lesezeit":"6\u00a0Minuten"},"schema":{"@context":"https:\/\/schema.org","@graph":[{"@type":"Article","@id":"https:\/\/wirtschaftlichefreiheit.de\/wordpress\/?p=32318#article","isPartOf":{"@id":"https:\/\/wirtschaftlichefreiheit.de\/wordpress\/?p=32318"},"author":{"name":"Thomas Mayer und Gunther Schnabl","@id":"https:\/\/wirtschaftlichefreiheit.de\/wordpress\/#\/schema\/person\/533c66b1e98025e49540b7f9c7c87a1f"},"headline":"Ist das \u201ejapanische Niedriginflations- und -zinsmodell\u201c am Ende?","datePublished":"2022-12-30T23:13:00+00:00","dateModified":"2023-01-05T06:37:10+00:00","mainEntityOfPage":{"@id":"https:\/\/wirtschaftlichefreiheit.de\/wordpress\/?p=32318"},"wordCount":1006,"commentCount":0,"image":{"@id":"https:\/\/wirtschaftlichefreiheit.de\/wordpress\/?p=32318#primaryimage"},"thumbnailUrl":"https:\/\/wirtschaftlichefreiheit.de\/wordpress\/bilder\/mayschnab6.png","keywords":["Japan","Mayer","Niedriginflationsmodell","Niedrigzinsmodell","Schnabl"],"articleSection":["Inflation\u00e4res","Japanisches"],"inLanguage":"de","potentialAction":[{"@type":"CommentAction","name":"Comment","target":["https:\/\/wirtschaftlichefreiheit.de\/wordpress\/?p=32318#respond"]}]},{"@type":"WebPage","@id":"https:\/\/wirtschaftlichefreiheit.de\/wordpress\/?p=32318","url":"https:\/\/wirtschaftlichefreiheit.de\/wordpress\/?p=32318","name":"Ist das \u201ejapanische Niedriginflations- und -zinsmodell\u201c am Ende? - Wirtschaftliche Freiheit","isPartOf":{"@id":"https:\/\/wirtschaftlichefreiheit.de\/wordpress\/#website"},"primaryImageOfPage":{"@id":"https:\/\/wirtschaftlichefreiheit.de\/wordpress\/?p=32318#primaryimage"},"image":{"@id":"https:\/\/wirtschaftlichefreiheit.de\/wordpress\/?p=32318#primaryimage"},"thumbnailUrl":"https:\/\/wirtschaftlichefreiheit.de\/wordpress\/bilder\/mayschnab6.png","datePublished":"2022-12-30T23:13:00+00:00","dateModified":"2023-01-05T06:37:10+00:00","author":{"@id":"https:\/\/wirtschaftlichefreiheit.de\/wordpress\/#\/schema\/person\/533c66b1e98025e49540b7f9c7c87a1f"},"breadcrumb":{"@id":"https:\/\/wirtschaftlichefreiheit.de\/wordpress\/?p=32318#breadcrumb"},"inLanguage":"de","potentialAction":[{"@type":"ReadAction","target":["https:\/\/wirtschaftlichefreiheit.de\/wordpress\/?p=32318"]}]},{"@type":"ImageObject","inLanguage":"de","@id":"https:\/\/wirtschaftlichefreiheit.de\/wordpress\/?p=32318#primaryimage","url":"https:\/\/wirtschaftlichefreiheit.de\/wordpress\/bilder\/mayschnab6.png","contentUrl":"https:\/\/wirtschaftlichefreiheit.de\/wordpress\/bilder\/mayschnab6.png","width":939,"height":704},{"@type":"BreadcrumbList","@id":"https:\/\/wirtschaftlichefreiheit.de\/wordpress\/?p=32318#breadcrumb","itemListElement":[{"@type":"ListItem","position":1,"name":"Startseite","item":"https:\/\/wirtschaftlichefreiheit.de\/wordpress"},{"@type":"ListItem","position":2,"name":"Ist das \u201ejapanische Niedriginflations- und -zinsmodell\u201c am Ende?"}]},{"@type":"WebSite","@id":"https:\/\/wirtschaftlichefreiheit.de\/wordpress\/#website","url":"https:\/\/wirtschaftlichefreiheit.de\/wordpress\/","name":"Wirtschaftliche Freiheit","description":"Das ordnungspolitische Journal","potentialAction":[{"@type":"SearchAction","target":{"@type":"EntryPoint","urlTemplate":"https:\/\/wirtschaftlichefreiheit.de\/wordpress\/?s={search_term_string}"},"query-input":{"@type":"PropertyValueSpecification","valueRequired":true,"valueName":"search_term_string"}}],"inLanguage":"de"},{"@type":"Person","@id":"https:\/\/wirtschaftlichefreiheit.de\/wordpress\/#\/schema\/person\/533c66b1e98025e49540b7f9c7c87a1f","name":"Thomas Mayer und Gunther Schnabl","image":{"@type":"ImageObject","inLanguage":"de","@id":"https:\/\/wirtschaftlichefreiheit.de\/wordpress\/bilder\/mayschnab5.png","url":"https:\/\/wirtschaftlichefreiheit.de\/wordpress\/bilder\/mayschnab5.png","contentUrl":"https:\/\/wirtschaftlichefreiheit.de\/wordpress\/bilder\/mayschnab5.png","caption":"Thomas Mayer und Gunther Schnabl"},"description":"Flossbach von Storch - Research Institute Universit\u00e4t Leipzig","url":"https:\/\/wirtschaftlichefreiheit.de\/wordpress\/?author=427"}]}},"_links":{"self":[{"href":"https:\/\/wirtschaftlichefreiheit.de\/wordpress\/index.php?rest_route=\/wp\/v2\/posts\/32318","targetHints":{"allow":["GET"]}}],"collection":[{"href":"https:\/\/wirtschaftlichefreiheit.de\/wordpress\/index.php?rest_route=\/wp\/v2\/posts"}],"about":[{"href":"https:\/\/wirtschaftlichefreiheit.de\/wordpress\/index.php?rest_route=\/wp\/v2\/types\/post"}],"author":[{"embeddable":true,"href":"https:\/\/wirtschaftlichefreiheit.de\/wordpress\/index.php?rest_route=\/wp\/v2\/users\/427"}],"replies":[{"embeddable":true,"href":"https:\/\/wirtschaftlichefreiheit.de\/wordpress\/index.php?rest_route=%2Fwp%2Fv2%2Fcomments&post=32318"}],"version-history":[{"count":2,"href":"https:\/\/wirtschaftlichefreiheit.de\/wordpress\/index.php?rest_route=\/wp\/v2\/posts\/32318\/revisions"}],"predecessor-version":[{"id":32329,"href":"https:\/\/wirtschaftlichefreiheit.de\/wordpress\/index.php?rest_route=\/wp\/v2\/posts\/32318\/revisions\/32329"}],"wp:featuredmedia":[{"embeddable":true,"href":"https:\/\/wirtschaftlichefreiheit.de\/wordpress\/index.php?rest_route=\/wp\/v2\/media\/32335"}],"wp:attachment":[{"href":"https:\/\/wirtschaftlichefreiheit.de\/wordpress\/index.php?rest_route=%2Fwp%2Fv2%2Fmedia&parent=32318"}],"wp:term":[{"taxonomy":"category","embeddable":true,"href":"https:\/\/wirtschaftlichefreiheit.de\/wordpress\/index.php?rest_route=%2Fwp%2Fv2%2Fcategories&post=32318"},{"taxonomy":"post_tag","embeddable":true,"href":"https:\/\/wirtschaftlichefreiheit.de\/wordpress\/index.php?rest_route=%2Fwp%2Fv2%2Ftags&post=32318"}],"curies":[{"name":"wp","href":"https:\/\/api.w.org\/{rel}","templated":true}]}}