{"id":32493,"date":"2023-01-12T00:15:00","date_gmt":"2023-01-11T23:15:00","guid":{"rendered":"https:\/\/wirtschaftlichefreiheit.de\/wordpress\/?p=32493"},"modified":"2023-01-16T12:50:06","modified_gmt":"2023-01-16T11:50:06","slug":"podcastwirtschaftspolitik-auf-abwegen-die-rolle-der-medien","status":"publish","type":"post","link":"https:\/\/wirtschaftlichefreiheit.de\/wordpress\/?p=32493","title":{"rendered":"<b>Podcast<\/b>Wirtschaftspolitik auf Abwegen <b>Die Rolle der Medien<\/b>"},"content":{"rendered":"\n<p>Ist die Wirtschaftspolitik auf Abwegen? Oder hat sich die Welt so sehr ge\u00e4ndert, dass eine wirtschaftspolitische Neuausrichtung Richtung Staatswirtschaft sachgerecht ist? Welche Rolle spielen die Medien, zum Beispiel bei der Verbreitung neuer wirtschaftspolitischer Narrative?<\/p>\n\n\n\n<p>Ein Gespr\u00e4ch zwischen <strong>Claus D\u00f6ring <\/strong>(B\u00f6rsen Zeitung) und <strong>Dr. J\u00f6rn Quitzau <\/strong>(Berenberg).<\/p>\n\n\n\n<!--more-->\n\n\n\n<p><strong>Aus dem Inhalt:<\/strong><\/p>\n\n\n\n<p><em>Ist die Wirtschaftspolitik auf Abwegen? (00:30)<\/em><\/p>\n\n\n\n<p><em>Beispiele f\u00fcr wirtschaftspolitische \u201eNeubewertungen\u201c (10:39)<\/em><\/p>\n\n\n\n<p><em>Die Rolle der Medien? (20:05)<\/em><\/p>\n\n\n\n<p><strong>Die Teilnehmer:<\/strong><\/p>\n\n\n\n<p><strong>Claus D\u00f6ring<\/strong>, Jahrgang 1958, ist Kolumnist der B\u00f6rsen-Zeitung, deren Chefredakteur er von 2000 bis 2021 war. Nach dem Studium der Volkswirtschaftslehre und Politikwissenschaft mit Abschluss als Diplom-Volkswirt begann er seine journalistische Laufbahn 1983 mit einem Redaktionsvolontariat und anschlie\u00dfender T\u00e4tigkeit als Wirtschaftsredakteur bei der Tageszeitung \u201eDie Rheinpfalz\u201c in Ludwigshafen. 1988 wechselte er zur B\u00f6rsen-Zeitung nach Frankfurt in das Ressort Unternehmensberichterstattung. 1990 \u00fcbernahm er die Leitung des Ressorts. 1998 wurde D\u00f6ring zum Mitglied der Chefredaktion ernannt, im Jahr 2000 zum Chefredakteur.<\/p>\n\n\n\n<p>Zu seinen Themenschwerpunkten geh\u00f6ren die Entwicklung der Kapitalm\u00e4rkte und deren Regulierung, die Geld-, W\u00e4hrungs- und Finanzpolitik sowie Corporate Governance. D\u00f6ring geh\u00f6rt dem Kuratorium der Gesellschaft f\u00fcr Kapitalmarktforschung e.V. in Frankfurt an sowie dem Beirat der DVFA (Deutsche Vereinigung f\u00fcr Finanzanalyse und Asset Management).<\/p>\n\n\n\n<p><strong>Dr. J\u00f6rn Quitzau<\/strong> ist Leiter Wirtschaftstrends beim Bankhaus Berenberg. Zuvor war er Senior Economist bei Deutsche Bank Research. Gemeinsam mit Prof. Dr. Norbert Berthold ist er Initiator dieses Podcasts.<\/p>\n\n\n\n<figure class=\"wp-block-embed aligncenter is-type-rich is-provider-spotify wp-block-embed-spotify wp-embed-aspect-21-9 wp-has-aspect-ratio\"><div class=\"wp-block-embed__wrapper\">\n<iframe title=\"Spotify Embed: Wirtschaftspolitik auf Abwegen - Die Rolle der Medien\" style=\"border-radius: 12px\" width=\"100%\" height=\"152\" frameborder=\"0\" allowfullscreen allow=\"autoplay; clipboard-write; encrypted-media; fullscreen; picture-in-picture\" loading=\"lazy\" src=\"https:\/\/open.spotify.com\/embed\/episode\/4QxASM8pvyJfTG1trBj3RL?si=u-SibsqIR-GFVz_FfZfdYg&#038;utm_source=oembed\"><\/iframe>\n<\/div><figcaption class=\"wp-element-caption\">  <\/figcaption><\/figure>\n<!-- AddThis Advanced Settings generic via filter on the_content --><!-- AddThis Share Buttons generic via filter on the_content --><!-- AddThis Related Posts generic via filter on the_content -->","protected":false},"excerpt":{"rendered":"<p>Ist die Wirtschaftspolitik auf Abwegen? Oder hat sich die Welt so sehr ge\u00e4ndert, dass eine wirtschaftspolitische Neuausrichtung Richtung Staatswirtschaft sachgerecht ist? Welche Rolle spielen die &hellip; <\/p>\n<p class=\"link-more\"><a href=\"https:\/\/wirtschaftlichefreiheit.de\/wordpress\/?p=32493\" class=\"more-link\"><span class=\"screen-reader-text\">\u201e<b>Podcast<\/b>Wirtschaftspolitik auf Abwegen <b>Die Rolle der Medien<\/b>\u201c <\/span>weiterlesen<\/a><\/p>\n<p><!-- AddThis Advanced Settings generic via filter on wp_trim_excerpt --><!-- AddThis Share Buttons generic via filter on wp_trim_excerpt --><!-- AddThis Related Posts generic via filter on wp_trim_excerpt --><\/p>\n","protected":false},"author":58,"featured_media":32498,"comment_status":"open","ping_status":"open","sticky":false,"template":"","format":"standard","meta":{"footnotes":""},"categories":[42,4378,2869],"tags":[4392,614,3110,301],"class_list":["post-32493","post","type-post","status-publish","format-standard","has-post-thumbnail","hentry","category-mediales","category-podcasts","category-wirtschaftspolitisches","tag-doering","tag-medien","tag-quitzau","tag-wirtschaftspolitik"],"yoast_head":"<!-- This site is optimized with the Yoast SEO plugin v27.2 - https:\/\/yoast.com\/product\/yoast-seo-wordpress\/ -->\n<title>PodcastWirtschaftspolitik auf Abwegen Die Rolle der Medien - Wirtschaftliche Freiheit<\/title>\n<meta name=\"robots\" content=\"index, follow, max-snippet:-1, max-image-preview:large, max-video-preview:-1\" \/>\n<link rel=\"canonical\" href=\"https:\/\/wirtschaftlichefreiheit.de\/wordpress\/?p=32493\" \/>\n<meta property=\"og:locale\" content=\"de_DE\" \/>\n<meta property=\"og:type\" content=\"article\" \/>\n<meta property=\"og:title\" content=\"PodcastWirtschaftspolitik auf Abwegen Die Rolle der Medien - Wirtschaftliche Freiheit\" \/>\n<meta property=\"og:description\" content=\"Ist die Wirtschaftspolitik auf Abwegen? Oder hat sich die Welt so sehr ge\u00e4ndert, dass eine wirtschaftspolitische Neuausrichtung Richtung Staatswirtschaft sachgerecht ist? Welche Rolle spielen die &hellip; \u201ePodcastWirtschaftspolitik auf Abwegen Die Rolle der Medien\u201c weiterlesen\" \/>\n<meta property=\"og:url\" content=\"https:\/\/wirtschaftlichefreiheit.de\/wordpress\/?p=32493\" \/>\n<meta property=\"og:site_name\" content=\"Wirtschaftliche Freiheit\" \/>\n<meta property=\"article:published_time\" content=\"2023-01-11T23:15:00+00:00\" \/>\n<meta property=\"article:modified_time\" content=\"2023-01-16T11:50:06+00:00\" \/>\n<meta property=\"og:image\" content=\"http:\/\/wirtschaftlichefreiheit.de\/wordpress\/bilder\/doequit.png\" \/>\n\t<meta property=\"og:image:width\" content=\"1444\" \/>\n\t<meta property=\"og:image:height\" content=\"1046\" \/>\n\t<meta property=\"og:image:type\" content=\"image\/png\" \/>\n<meta name=\"author\" content=\"Wirtschaftliche Freiheit\" \/>\n<meta name=\"twitter:card\" content=\"summary_large_image\" \/>\n<meta name=\"twitter:label1\" content=\"Verfasst von\" \/>\n\t<meta name=\"twitter:data1\" content=\"Wirtschaftliche Freiheit\" \/>\n\t<meta name=\"twitter:label2\" content=\"Gesch\u00e4tzte Lesezeit\" \/>\n\t<meta name=\"twitter:data2\" content=\"2\u00a0Minuten\" \/>\n<script type=\"application\/ld+json\" class=\"yoast-schema-graph\">{\"@context\":\"https:\/\/schema.org\",\"@graph\":[{\"@type\":\"Article\",\"@id\":\"https:\/\/wirtschaftlichefreiheit.de\/wordpress\/?p=32493#article\",\"isPartOf\":{\"@id\":\"https:\/\/wirtschaftlichefreiheit.de\/wordpress\/?p=32493\"},\"author\":{\"name\":\"Wirtschaftliche Freiheit\",\"@id\":\"https:\/\/wirtschaftlichefreiheit.de\/wordpress\/#\/schema\/person\/788618a184d31b0801c59c1fadd473c4\"},\"headline\":\"PodcastWirtschaftspolitik auf Abwegen Die Rolle der Medien\",\"datePublished\":\"2023-01-11T23:15:00+00:00\",\"dateModified\":\"2023-01-16T11:50:06+00:00\",\"mainEntityOfPage\":{\"@id\":\"https:\/\/wirtschaftlichefreiheit.de\/wordpress\/?p=32493\"},\"wordCount\":247,\"commentCount\":0,\"image\":{\"@id\":\"https:\/\/wirtschaftlichefreiheit.de\/wordpress\/?p=32493#primaryimage\"},\"thumbnailUrl\":\"https:\/\/wirtschaftlichefreiheit.de\/wordpress\/bilder\/doequit.png\",\"keywords\":[\"D\u00f6ring\",\"Medien\",\"Quitzau\",\"Wirtschaftspolitik\"],\"articleSection\":[\"Mediales\",\"Podcasts (neu)\",\"Wirtschaftspolitisches\"],\"inLanguage\":\"de\",\"potentialAction\":[{\"@type\":\"CommentAction\",\"name\":\"Comment\",\"target\":[\"https:\/\/wirtschaftlichefreiheit.de\/wordpress\/?p=32493#respond\"]}]},{\"@type\":\"WebPage\",\"@id\":\"https:\/\/wirtschaftlichefreiheit.de\/wordpress\/?p=32493\",\"url\":\"https:\/\/wirtschaftlichefreiheit.de\/wordpress\/?p=32493\",\"name\":\"PodcastWirtschaftspolitik auf Abwegen Die Rolle der Medien - Wirtschaftliche Freiheit\",\"isPartOf\":{\"@id\":\"https:\/\/wirtschaftlichefreiheit.de\/wordpress\/#website\"},\"primaryImageOfPage\":{\"@id\":\"https:\/\/wirtschaftlichefreiheit.de\/wordpress\/?p=32493#primaryimage\"},\"image\":{\"@id\":\"https:\/\/wirtschaftlichefreiheit.de\/wordpress\/?p=32493#primaryimage\"},\"thumbnailUrl\":\"https:\/\/wirtschaftlichefreiheit.de\/wordpress\/bilder\/doequit.png\",\"datePublished\":\"2023-01-11T23:15:00+00:00\",\"dateModified\":\"2023-01-16T11:50:06+00:00\",\"author\":{\"@id\":\"https:\/\/wirtschaftlichefreiheit.de\/wordpress\/#\/schema\/person\/788618a184d31b0801c59c1fadd473c4\"},\"breadcrumb\":{\"@id\":\"https:\/\/wirtschaftlichefreiheit.de\/wordpress\/?p=32493#breadcrumb\"},\"inLanguage\":\"de\",\"potentialAction\":[{\"@type\":\"ReadAction\",\"target\":[\"https:\/\/wirtschaftlichefreiheit.de\/wordpress\/?p=32493\"]}]},{\"@type\":\"ImageObject\",\"inLanguage\":\"de\",\"@id\":\"https:\/\/wirtschaftlichefreiheit.de\/wordpress\/?p=32493#primaryimage\",\"url\":\"https:\/\/wirtschaftlichefreiheit.de\/wordpress\/bilder\/doequit.png\",\"contentUrl\":\"https:\/\/wirtschaftlichefreiheit.de\/wordpress\/bilder\/doequit.png\",\"width\":1444,\"height\":1046},{\"@type\":\"BreadcrumbList\",\"@id\":\"https:\/\/wirtschaftlichefreiheit.de\/wordpress\/?p=32493#breadcrumb\",\"itemListElement\":[{\"@type\":\"ListItem\",\"position\":1,\"name\":\"Startseite\",\"item\":\"https:\/\/wirtschaftlichefreiheit.de\/wordpress\"},{\"@type\":\"ListItem\",\"position\":2,\"name\":\"PodcastWirtschaftspolitik auf Abwegen Die Rolle der Medien\"}]},{\"@type\":\"WebSite\",\"@id\":\"https:\/\/wirtschaftlichefreiheit.de\/wordpress\/#website\",\"url\":\"https:\/\/wirtschaftlichefreiheit.de\/wordpress\/\",\"name\":\"Wirtschaftliche Freiheit\",\"description\":\"Das ordnungspolitische Journal\",\"potentialAction\":[{\"@type\":\"SearchAction\",\"target\":{\"@type\":\"EntryPoint\",\"urlTemplate\":\"https:\/\/wirtschaftlichefreiheit.de\/wordpress\/?s={search_term_string}\"},\"query-input\":{\"@type\":\"PropertyValueSpecification\",\"valueRequired\":true,\"valueName\":\"search_term_string\"}}],\"inLanguage\":\"de\"},{\"@type\":\"Person\",\"@id\":\"https:\/\/wirtschaftlichefreiheit.de\/wordpress\/#\/schema\/person\/788618a184d31b0801c59c1fadd473c4\",\"name\":\"Wirtschaftliche Freiheit\",\"image\":{\"@type\":\"ImageObject\",\"inLanguage\":\"de\",\"@id\":\"https:\/\/wirtschaftlichefreiheit.de\/wordpress\/bilder\/189780_211178845564593_6670846_n.jpg\",\"url\":\"https:\/\/wirtschaftlichefreiheit.de\/wordpress\/bilder\/189780_211178845564593_6670846_n.jpg\",\"contentUrl\":\"https:\/\/wirtschaftlichefreiheit.de\/wordpress\/bilder\/189780_211178845564593_6670846_n.jpg\",\"caption\":\"Wirtschaftliche Freiheit\"},\"description\":\"Das ordnungspolitische Journal\",\"url\":\"https:\/\/wirtschaftlichefreiheit.de\/wordpress\/?author=58\"}]}<\/script>\n<!-- \/ Yoast SEO plugin. -->","yoast_head_json":{"title":"PodcastWirtschaftspolitik auf Abwegen Die Rolle der Medien - Wirtschaftliche Freiheit","robots":{"index":"index","follow":"follow","max-snippet":"max-snippet:-1","max-image-preview":"max-image-preview:large","max-video-preview":"max-video-preview:-1"},"canonical":"https:\/\/wirtschaftlichefreiheit.de\/wordpress\/?p=32493","og_locale":"de_DE","og_type":"article","og_title":"PodcastWirtschaftspolitik auf Abwegen Die Rolle der Medien - Wirtschaftliche Freiheit","og_description":"Ist die Wirtschaftspolitik auf Abwegen? Oder hat sich die Welt so sehr ge\u00e4ndert, dass eine wirtschaftspolitische Neuausrichtung Richtung Staatswirtschaft sachgerecht ist? Welche Rolle spielen die &hellip; \u201ePodcastWirtschaftspolitik auf Abwegen Die Rolle der Medien\u201c weiterlesen","og_url":"https:\/\/wirtschaftlichefreiheit.de\/wordpress\/?p=32493","og_site_name":"Wirtschaftliche Freiheit","article_published_time":"2023-01-11T23:15:00+00:00","article_modified_time":"2023-01-16T11:50:06+00:00","og_image":[{"width":1444,"height":1046,"url":"http:\/\/wirtschaftlichefreiheit.de\/wordpress\/bilder\/doequit.png","type":"image\/png"}],"author":"Wirtschaftliche Freiheit","twitter_card":"summary_large_image","twitter_misc":{"Verfasst von":"Wirtschaftliche Freiheit","Gesch\u00e4tzte Lesezeit":"2\u00a0Minuten"},"schema":{"@context":"https:\/\/schema.org","@graph":[{"@type":"Article","@id":"https:\/\/wirtschaftlichefreiheit.de\/wordpress\/?p=32493#article","isPartOf":{"@id":"https:\/\/wirtschaftlichefreiheit.de\/wordpress\/?p=32493"},"author":{"name":"Wirtschaftliche Freiheit","@id":"https:\/\/wirtschaftlichefreiheit.de\/wordpress\/#\/schema\/person\/788618a184d31b0801c59c1fadd473c4"},"headline":"PodcastWirtschaftspolitik auf Abwegen Die Rolle der Medien","datePublished":"2023-01-11T23:15:00+00:00","dateModified":"2023-01-16T11:50:06+00:00","mainEntityOfPage":{"@id":"https:\/\/wirtschaftlichefreiheit.de\/wordpress\/?p=32493"},"wordCount":247,"commentCount":0,"image":{"@id":"https:\/\/wirtschaftlichefreiheit.de\/wordpress\/?p=32493#primaryimage"},"thumbnailUrl":"https:\/\/wirtschaftlichefreiheit.de\/wordpress\/bilder\/doequit.png","keywords":["D\u00f6ring","Medien","Quitzau","Wirtschaftspolitik"],"articleSection":["Mediales","Podcasts (neu)","Wirtschaftspolitisches"],"inLanguage":"de","potentialAction":[{"@type":"CommentAction","name":"Comment","target":["https:\/\/wirtschaftlichefreiheit.de\/wordpress\/?p=32493#respond"]}]},{"@type":"WebPage","@id":"https:\/\/wirtschaftlichefreiheit.de\/wordpress\/?p=32493","url":"https:\/\/wirtschaftlichefreiheit.de\/wordpress\/?p=32493","name":"PodcastWirtschaftspolitik auf Abwegen Die Rolle der Medien - Wirtschaftliche Freiheit","isPartOf":{"@id":"https:\/\/wirtschaftlichefreiheit.de\/wordpress\/#website"},"primaryImageOfPage":{"@id":"https:\/\/wirtschaftlichefreiheit.de\/wordpress\/?p=32493#primaryimage"},"image":{"@id":"https:\/\/wirtschaftlichefreiheit.de\/wordpress\/?p=32493#primaryimage"},"thumbnailUrl":"https:\/\/wirtschaftlichefreiheit.de\/wordpress\/bilder\/doequit.png","datePublished":"2023-01-11T23:15:00+00:00","dateModified":"2023-01-16T11:50:06+00:00","author":{"@id":"https:\/\/wirtschaftlichefreiheit.de\/wordpress\/#\/schema\/person\/788618a184d31b0801c59c1fadd473c4"},"breadcrumb":{"@id":"https:\/\/wirtschaftlichefreiheit.de\/wordpress\/?p=32493#breadcrumb"},"inLanguage":"de","potentialAction":[{"@type":"ReadAction","target":["https:\/\/wirtschaftlichefreiheit.de\/wordpress\/?p=32493"]}]},{"@type":"ImageObject","inLanguage":"de","@id":"https:\/\/wirtschaftlichefreiheit.de\/wordpress\/?p=32493#primaryimage","url":"https:\/\/wirtschaftlichefreiheit.de\/wordpress\/bilder\/doequit.png","contentUrl":"https:\/\/wirtschaftlichefreiheit.de\/wordpress\/bilder\/doequit.png","width":1444,"height":1046},{"@type":"BreadcrumbList","@id":"https:\/\/wirtschaftlichefreiheit.de\/wordpress\/?p=32493#breadcrumb","itemListElement":[{"@type":"ListItem","position":1,"name":"Startseite","item":"https:\/\/wirtschaftlichefreiheit.de\/wordpress"},{"@type":"ListItem","position":2,"name":"PodcastWirtschaftspolitik auf Abwegen Die Rolle der Medien"}]},{"@type":"WebSite","@id":"https:\/\/wirtschaftlichefreiheit.de\/wordpress\/#website","url":"https:\/\/wirtschaftlichefreiheit.de\/wordpress\/","name":"Wirtschaftliche Freiheit","description":"Das ordnungspolitische Journal","potentialAction":[{"@type":"SearchAction","target":{"@type":"EntryPoint","urlTemplate":"https:\/\/wirtschaftlichefreiheit.de\/wordpress\/?s={search_term_string}"},"query-input":{"@type":"PropertyValueSpecification","valueRequired":true,"valueName":"search_term_string"}}],"inLanguage":"de"},{"@type":"Person","@id":"https:\/\/wirtschaftlichefreiheit.de\/wordpress\/#\/schema\/person\/788618a184d31b0801c59c1fadd473c4","name":"Wirtschaftliche Freiheit","image":{"@type":"ImageObject","inLanguage":"de","@id":"https:\/\/wirtschaftlichefreiheit.de\/wordpress\/bilder\/189780_211178845564593_6670846_n.jpg","url":"https:\/\/wirtschaftlichefreiheit.de\/wordpress\/bilder\/189780_211178845564593_6670846_n.jpg","contentUrl":"https:\/\/wirtschaftlichefreiheit.de\/wordpress\/bilder\/189780_211178845564593_6670846_n.jpg","caption":"Wirtschaftliche Freiheit"},"description":"Das ordnungspolitische Journal","url":"https:\/\/wirtschaftlichefreiheit.de\/wordpress\/?author=58"}]}},"_links":{"self":[{"href":"https:\/\/wirtschaftlichefreiheit.de\/wordpress\/index.php?rest_route=\/wp\/v2\/posts\/32493","targetHints":{"allow":["GET"]}}],"collection":[{"href":"https:\/\/wirtschaftlichefreiheit.de\/wordpress\/index.php?rest_route=\/wp\/v2\/posts"}],"about":[{"href":"https:\/\/wirtschaftlichefreiheit.de\/wordpress\/index.php?rest_route=\/wp\/v2\/types\/post"}],"author":[{"embeddable":true,"href":"https:\/\/wirtschaftlichefreiheit.de\/wordpress\/index.php?rest_route=\/wp\/v2\/users\/58"}],"replies":[{"embeddable":true,"href":"https:\/\/wirtschaftlichefreiheit.de\/wordpress\/index.php?rest_route=%2Fwp%2Fv2%2Fcomments&post=32493"}],"version-history":[{"count":7,"href":"https:\/\/wirtschaftlichefreiheit.de\/wordpress\/index.php?rest_route=\/wp\/v2\/posts\/32493\/revisions"}],"predecessor-version":[{"id":32505,"href":"https:\/\/wirtschaftlichefreiheit.de\/wordpress\/index.php?rest_route=\/wp\/v2\/posts\/32493\/revisions\/32505"}],"wp:featuredmedia":[{"embeddable":true,"href":"https:\/\/wirtschaftlichefreiheit.de\/wordpress\/index.php?rest_route=\/wp\/v2\/media\/32498"}],"wp:attachment":[{"href":"https:\/\/wirtschaftlichefreiheit.de\/wordpress\/index.php?rest_route=%2Fwp%2Fv2%2Fmedia&parent=32493"}],"wp:term":[{"taxonomy":"category","embeddable":true,"href":"https:\/\/wirtschaftlichefreiheit.de\/wordpress\/index.php?rest_route=%2Fwp%2Fv2%2Fcategories&post=32493"},{"taxonomy":"post_tag","embeddable":true,"href":"https:\/\/wirtschaftlichefreiheit.de\/wordpress\/index.php?rest_route=%2Fwp%2Fv2%2Ftags&post=32493"}],"curies":[{"name":"wp","href":"https:\/\/api.w.org\/{rel}","templated":true}]}}