{"id":33202,"date":"2023-03-22T00:16:00","date_gmt":"2023-03-21T23:16:00","guid":{"rendered":"https:\/\/wirtschaftlichefreiheit.de\/wordpress\/?p=33202"},"modified":"2023-06-07T06:01:22","modified_gmt":"2023-06-07T05:01:22","slug":"oekonomie-in-bildernviel-aktionismus-wenig-klimaschutz","status":"publish","type":"post","link":"https:\/\/wirtschaftlichefreiheit.de\/wordpress\/?p=33202","title":{"rendered":"<b>\u00d6konomie in Bildern<\/b>Viel Aktionismus, wenig Klimaschutz"},"content":{"rendered":"\n<!--more-->\n\n\n<div class=\"wp-block-image\">\n<figure class=\"aligncenter size-large\"><img loading=\"lazy\" decoding=\"async\" width=\"1024\" height=\"768\" src=\"https:\/\/wirtschaftlichefreiheit.de\/wordpress\/bilder\/IMG_8915-1024x768.jpg\" alt=\"\" class=\"wp-image-33203\" srcset=\"https:\/\/wirtschaftlichefreiheit.de\/wordpress\/bilder\/IMG_8915-1024x768.jpg 1024w, https:\/\/wirtschaftlichefreiheit.de\/wordpress\/bilder\/IMG_8915-300x225.jpg 300w, https:\/\/wirtschaftlichefreiheit.de\/wordpress\/bilder\/IMG_8915-768x576.jpg 768w, https:\/\/wirtschaftlichefreiheit.de\/wordpress\/bilder\/IMG_8915-1536x1152.jpg 1536w, https:\/\/wirtschaftlichefreiheit.de\/wordpress\/bilder\/IMG_8915-2048x1536.jpg 2048w\" sizes=\"auto, (max-width: 767px) 89vw, (max-width: 1000px) 54vw, (max-width: 1071px) 543px, 580px\" \/><figcaption class=\"wp-element-caption\">Das Umweltbundesamt hat diese Woche Zahlen vorgelegt, wonach der CO2-Aussto\u00df in Deutschland im vergangenen Jahr um knapp zwei Prozent im Vergleich zum Vorjahr gesunken ist. Die Ziele gerissen wurden allerdings in den Sektoren \u201cGeb\u00e4ude&#8220; und &#8222;Verkehr&#8220;. Das ist kein Zufall. Die beiden Bereiche sind nicht Teil des Europ\u00e4ischen Emissionszertifikatehandels (EU ETS). Die Zahlen des Umweltbundesamtes zeigen deshalb auch: Klimaschutzpolitik sollte am besten auf europ\u00e4ischer Ebene und am besten mit dem marktlichen Instrument von &#8222;Cap and Trade&#8220; umgesetzt werden. Klimaschutz auf nationaler Ebene f\u00fchrt dagegen vor allem dazu, dass Ma\u00dfnahmen doppelt und dreifach stattfinden, aber nicht mit der doppelten und dreifachen Reduktionswirkung. Das gilt um so mehr f\u00fcr Klimaschutzma\u00dfnahmen auf Stadtebene. In Berlin etwa will ein B\u00fcndnis mit einem Volksentscheid am 26. M\u00e4rz 2023 erreichen, dass die Stadt bereits 2030 \u2013 und nicht erst wie bislang vorgesehen bis 2045 \u2013 klimaneutral wird. Das mag gut gemeint sein, aber Klimaschutz ist viel zu wichtig, als dass wir es uns leisten k\u00f6nnen, die CO2-Reduktionsziele nicht punktgenau und effizient zu erreichen.&nbsp;<\/figcaption><\/figure>\n<\/div>\n\n\n<p><strong>\u00d6konomie in Bildern:<\/strong><\/p>\n\n\n\n<p>Klimapolitik &#8211; So lieber nicht!<\/p>\n\n\n\n<p><a href=\"https:\/\/wirtschaftlichefreiheit.de\/wordpress\/?p=32284\">Wasserdampf zu Strom<\/a><\/p>\n\n\n\n<p><a href=\"https:\/\/wirtschaftlichefreiheit.de\/wordpress\/?p=32079\">Arbeit, wo ist sie geblieben?<\/a><\/p>\n\n\n\n<p><a href=\"https:\/\/wirtschaftlichefreiheit.de\/wordpress\/?p=32103\">Was Klimawandel und Monokultur dem Wald antun<\/a><\/p>\n\n\n\n<p><a href=\"https:\/\/wirtschaftlichefreiheit.de\/wordpress\/?p=31980\">Genug Wasser?<\/a><\/p>\n<!-- AddThis Advanced Settings generic via filter on the_content --><!-- AddThis Share Buttons generic via filter on the_content --><!-- AddThis Related Posts generic via filter on the_content -->","protected":false},"excerpt":{"rendered":"<p><!-- AddThis Advanced Settings generic via filter on wp_trim_excerpt --><!-- AddThis Share Buttons generic via filter on wp_trim_excerpt --><!-- AddThis Related Posts generic via filter on wp_trim_excerpt --><\/p>\n","protected":false},"author":422,"featured_media":0,"comment_status":"open","ping_status":"open","sticky":false,"template":"","format":"standard","meta":{"footnotes":""},"categories":[1841],"tags":[3938,2265,3355,313],"class_list":["post-33202","post","type-post","status-publish","format-standard","hentry","category-klimatisches","tag-eber","tag-ets","tag-klimaneutralitaet","tag-klimaschutz"],"yoast_head":"<!-- This site is optimized with the Yoast SEO plugin v27.2 - https:\/\/yoast.com\/product\/yoast-seo-wordpress\/ -->\n<title>\u00d6konomie in BildernViel Aktionismus, wenig Klimaschutz - Wirtschaftliche Freiheit<\/title>\n<meta name=\"robots\" content=\"index, follow, max-snippet:-1, max-image-preview:large, max-video-preview:-1\" \/>\n<link rel=\"canonical\" href=\"https:\/\/wirtschaftlichefreiheit.de\/wordpress\/?p=33202\" \/>\n<meta property=\"og:locale\" content=\"de_DE\" \/>\n<meta property=\"og:type\" content=\"article\" \/>\n<meta property=\"og:title\" content=\"\u00d6konomie in BildernViel Aktionismus, wenig Klimaschutz - Wirtschaftliche Freiheit\" \/>\n<meta property=\"og:url\" content=\"https:\/\/wirtschaftlichefreiheit.de\/wordpress\/?p=33202\" \/>\n<meta property=\"og:site_name\" content=\"Wirtschaftliche Freiheit\" \/>\n<meta property=\"article:published_time\" content=\"2023-03-21T23:16:00+00:00\" \/>\n<meta property=\"article:modified_time\" content=\"2023-06-07T05:01:22+00:00\" \/>\n<meta property=\"og:image\" content=\"https:\/\/wirtschaftlichefreiheit.de\/wordpress\/bilder\/IMG_8915-1024x768.jpg\" \/>\n<meta name=\"author\" content=\"The Strolling Economist\" \/>\n<meta name=\"twitter:card\" content=\"summary_large_image\" \/>\n<meta name=\"twitter:label1\" content=\"Verfasst von\" \/>\n\t<meta name=\"twitter:data1\" content=\"The Strolling Economist\" \/>\n\t<meta name=\"twitter:label2\" content=\"Gesch\u00e4tzte Lesezeit\" \/>\n\t<meta name=\"twitter:data2\" content=\"2\u00a0Minuten\" \/>\n<script type=\"application\/ld+json\" class=\"yoast-schema-graph\">{\"@context\":\"https:\/\/schema.org\",\"@graph\":[{\"@type\":\"Article\",\"@id\":\"https:\/\/wirtschaftlichefreiheit.de\/wordpress\/?p=33202#article\",\"isPartOf\":{\"@id\":\"https:\/\/wirtschaftlichefreiheit.de\/wordpress\/?p=33202\"},\"author\":{\"name\":\"The Strolling Economist\",\"@id\":\"https:\/\/wirtschaftlichefreiheit.de\/wordpress\/#\/schema\/person\/44d935ad87e803cf017d7b8a812da015\"},\"headline\":\"\u00d6konomie in BildernViel Aktionismus, wenig Klimaschutz\",\"datePublished\":\"2023-03-21T23:16:00+00:00\",\"dateModified\":\"2023-06-07T05:01:22+00:00\",\"mainEntityOfPage\":{\"@id\":\"https:\/\/wirtschaftlichefreiheit.de\/wordpress\/?p=33202\"},\"wordCount\":205,\"commentCount\":1,\"image\":{\"@id\":\"https:\/\/wirtschaftlichefreiheit.de\/wordpress\/?p=33202#primaryimage\"},\"thumbnailUrl\":\"https:\/\/wirtschaftlichefreiheit.de\/wordpress\/bilder\/IMG_8915-1024x768.jpg\",\"keywords\":[\"Eber\",\"ETS\",\"Klimaneutralit\u00e4t\",\"Klimaschutz\"],\"articleSection\":[\"Klimatisches\"],\"inLanguage\":\"de\",\"potentialAction\":[{\"@type\":\"CommentAction\",\"name\":\"Comment\",\"target\":[\"https:\/\/wirtschaftlichefreiheit.de\/wordpress\/?p=33202#respond\"]}]},{\"@type\":\"WebPage\",\"@id\":\"https:\/\/wirtschaftlichefreiheit.de\/wordpress\/?p=33202\",\"url\":\"https:\/\/wirtschaftlichefreiheit.de\/wordpress\/?p=33202\",\"name\":\"\u00d6konomie in BildernViel Aktionismus, wenig Klimaschutz - Wirtschaftliche Freiheit\",\"isPartOf\":{\"@id\":\"https:\/\/wirtschaftlichefreiheit.de\/wordpress\/#website\"},\"primaryImageOfPage\":{\"@id\":\"https:\/\/wirtschaftlichefreiheit.de\/wordpress\/?p=33202#primaryimage\"},\"image\":{\"@id\":\"https:\/\/wirtschaftlichefreiheit.de\/wordpress\/?p=33202#primaryimage\"},\"thumbnailUrl\":\"https:\/\/wirtschaftlichefreiheit.de\/wordpress\/bilder\/IMG_8915-1024x768.jpg\",\"datePublished\":\"2023-03-21T23:16:00+00:00\",\"dateModified\":\"2023-06-07T05:01:22+00:00\",\"author\":{\"@id\":\"https:\/\/wirtschaftlichefreiheit.de\/wordpress\/#\/schema\/person\/44d935ad87e803cf017d7b8a812da015\"},\"breadcrumb\":{\"@id\":\"https:\/\/wirtschaftlichefreiheit.de\/wordpress\/?p=33202#breadcrumb\"},\"inLanguage\":\"de\",\"potentialAction\":[{\"@type\":\"ReadAction\",\"target\":[\"https:\/\/wirtschaftlichefreiheit.de\/wordpress\/?p=33202\"]}]},{\"@type\":\"ImageObject\",\"inLanguage\":\"de\",\"@id\":\"https:\/\/wirtschaftlichefreiheit.de\/wordpress\/?p=33202#primaryimage\",\"url\":\"https:\/\/wirtschaftlichefreiheit.de\/wordpress\/bilder\/IMG_8915.jpg\",\"contentUrl\":\"https:\/\/wirtschaftlichefreiheit.de\/wordpress\/bilder\/IMG_8915.jpg\",\"width\":2100,\"height\":1575},{\"@type\":\"BreadcrumbList\",\"@id\":\"https:\/\/wirtschaftlichefreiheit.de\/wordpress\/?p=33202#breadcrumb\",\"itemListElement\":[{\"@type\":\"ListItem\",\"position\":1,\"name\":\"Startseite\",\"item\":\"https:\/\/wirtschaftlichefreiheit.de\/wordpress\"},{\"@type\":\"ListItem\",\"position\":2,\"name\":\"\u00d6konomie in BildernViel Aktionismus, wenig Klimaschutz\"}]},{\"@type\":\"WebSite\",\"@id\":\"https:\/\/wirtschaftlichefreiheit.de\/wordpress\/#website\",\"url\":\"https:\/\/wirtschaftlichefreiheit.de\/wordpress\/\",\"name\":\"Wirtschaftliche Freiheit\",\"description\":\"Das ordnungspolitische Journal\",\"potentialAction\":[{\"@type\":\"SearchAction\",\"target\":{\"@type\":\"EntryPoint\",\"urlTemplate\":\"https:\/\/wirtschaftlichefreiheit.de\/wordpress\/?s={search_term_string}\"},\"query-input\":{\"@type\":\"PropertyValueSpecification\",\"valueRequired\":true,\"valueName\":\"search_term_string\"}}],\"inLanguage\":\"de\"},{\"@type\":\"Person\",\"@id\":\"https:\/\/wirtschaftlichefreiheit.de\/wordpress\/#\/schema\/person\/44d935ad87e803cf017d7b8a812da015\",\"name\":\"The Strolling Economist\",\"image\":{\"@type\":\"ImageObject\",\"inLanguage\":\"de\",\"@id\":\"https:\/\/wirtschaftlichefreiheit.de\/wordpress\/bilder\/eber123.jpg\",\"url\":\"https:\/\/wirtschaftlichefreiheit.de\/wordpress\/bilder\/eber123.jpg\",\"contentUrl\":\"https:\/\/wirtschaftlichefreiheit.de\/wordpress\/bilder\/eber123.jpg\",\"caption\":\"The Strolling Economist\"},\"description\":\"Johannes Eber ist der Strolling Economist. Er ist \u00d6konom aus Berlin mit einer Vorliebe f\u00fcr Fotografie.\",\"url\":\"https:\/\/wirtschaftlichefreiheit.de\/wordpress\/?author=422\"}]}<\/script>\n<!-- \/ Yoast SEO plugin. -->","yoast_head_json":{"title":"\u00d6konomie in BildernViel Aktionismus, wenig Klimaschutz - Wirtschaftliche Freiheit","robots":{"index":"index","follow":"follow","max-snippet":"max-snippet:-1","max-image-preview":"max-image-preview:large","max-video-preview":"max-video-preview:-1"},"canonical":"https:\/\/wirtschaftlichefreiheit.de\/wordpress\/?p=33202","og_locale":"de_DE","og_type":"article","og_title":"\u00d6konomie in BildernViel Aktionismus, wenig Klimaschutz - Wirtschaftliche Freiheit","og_url":"https:\/\/wirtschaftlichefreiheit.de\/wordpress\/?p=33202","og_site_name":"Wirtschaftliche Freiheit","article_published_time":"2023-03-21T23:16:00+00:00","article_modified_time":"2023-06-07T05:01:22+00:00","og_image":[{"url":"https:\/\/wirtschaftlichefreiheit.de\/wordpress\/bilder\/IMG_8915-1024x768.jpg","type":"","width":"","height":""}],"author":"The Strolling Economist","twitter_card":"summary_large_image","twitter_misc":{"Verfasst von":"The Strolling Economist","Gesch\u00e4tzte Lesezeit":"2\u00a0Minuten"},"schema":{"@context":"https:\/\/schema.org","@graph":[{"@type":"Article","@id":"https:\/\/wirtschaftlichefreiheit.de\/wordpress\/?p=33202#article","isPartOf":{"@id":"https:\/\/wirtschaftlichefreiheit.de\/wordpress\/?p=33202"},"author":{"name":"The Strolling Economist","@id":"https:\/\/wirtschaftlichefreiheit.de\/wordpress\/#\/schema\/person\/44d935ad87e803cf017d7b8a812da015"},"headline":"\u00d6konomie in BildernViel Aktionismus, wenig Klimaschutz","datePublished":"2023-03-21T23:16:00+00:00","dateModified":"2023-06-07T05:01:22+00:00","mainEntityOfPage":{"@id":"https:\/\/wirtschaftlichefreiheit.de\/wordpress\/?p=33202"},"wordCount":205,"commentCount":1,"image":{"@id":"https:\/\/wirtschaftlichefreiheit.de\/wordpress\/?p=33202#primaryimage"},"thumbnailUrl":"https:\/\/wirtschaftlichefreiheit.de\/wordpress\/bilder\/IMG_8915-1024x768.jpg","keywords":["Eber","ETS","Klimaneutralit\u00e4t","Klimaschutz"],"articleSection":["Klimatisches"],"inLanguage":"de","potentialAction":[{"@type":"CommentAction","name":"Comment","target":["https:\/\/wirtschaftlichefreiheit.de\/wordpress\/?p=33202#respond"]}]},{"@type":"WebPage","@id":"https:\/\/wirtschaftlichefreiheit.de\/wordpress\/?p=33202","url":"https:\/\/wirtschaftlichefreiheit.de\/wordpress\/?p=33202","name":"\u00d6konomie in BildernViel Aktionismus, wenig Klimaschutz - Wirtschaftliche Freiheit","isPartOf":{"@id":"https:\/\/wirtschaftlichefreiheit.de\/wordpress\/#website"},"primaryImageOfPage":{"@id":"https:\/\/wirtschaftlichefreiheit.de\/wordpress\/?p=33202#primaryimage"},"image":{"@id":"https:\/\/wirtschaftlichefreiheit.de\/wordpress\/?p=33202#primaryimage"},"thumbnailUrl":"https:\/\/wirtschaftlichefreiheit.de\/wordpress\/bilder\/IMG_8915-1024x768.jpg","datePublished":"2023-03-21T23:16:00+00:00","dateModified":"2023-06-07T05:01:22+00:00","author":{"@id":"https:\/\/wirtschaftlichefreiheit.de\/wordpress\/#\/schema\/person\/44d935ad87e803cf017d7b8a812da015"},"breadcrumb":{"@id":"https:\/\/wirtschaftlichefreiheit.de\/wordpress\/?p=33202#breadcrumb"},"inLanguage":"de","potentialAction":[{"@type":"ReadAction","target":["https:\/\/wirtschaftlichefreiheit.de\/wordpress\/?p=33202"]}]},{"@type":"ImageObject","inLanguage":"de","@id":"https:\/\/wirtschaftlichefreiheit.de\/wordpress\/?p=33202#primaryimage","url":"https:\/\/wirtschaftlichefreiheit.de\/wordpress\/bilder\/IMG_8915.jpg","contentUrl":"https:\/\/wirtschaftlichefreiheit.de\/wordpress\/bilder\/IMG_8915.jpg","width":2100,"height":1575},{"@type":"BreadcrumbList","@id":"https:\/\/wirtschaftlichefreiheit.de\/wordpress\/?p=33202#breadcrumb","itemListElement":[{"@type":"ListItem","position":1,"name":"Startseite","item":"https:\/\/wirtschaftlichefreiheit.de\/wordpress"},{"@type":"ListItem","position":2,"name":"\u00d6konomie in BildernViel Aktionismus, wenig Klimaschutz"}]},{"@type":"WebSite","@id":"https:\/\/wirtschaftlichefreiheit.de\/wordpress\/#website","url":"https:\/\/wirtschaftlichefreiheit.de\/wordpress\/","name":"Wirtschaftliche Freiheit","description":"Das ordnungspolitische Journal","potentialAction":[{"@type":"SearchAction","target":{"@type":"EntryPoint","urlTemplate":"https:\/\/wirtschaftlichefreiheit.de\/wordpress\/?s={search_term_string}"},"query-input":{"@type":"PropertyValueSpecification","valueRequired":true,"valueName":"search_term_string"}}],"inLanguage":"de"},{"@type":"Person","@id":"https:\/\/wirtschaftlichefreiheit.de\/wordpress\/#\/schema\/person\/44d935ad87e803cf017d7b8a812da015","name":"The Strolling Economist","image":{"@type":"ImageObject","inLanguage":"de","@id":"https:\/\/wirtschaftlichefreiheit.de\/wordpress\/bilder\/eber123.jpg","url":"https:\/\/wirtschaftlichefreiheit.de\/wordpress\/bilder\/eber123.jpg","contentUrl":"https:\/\/wirtschaftlichefreiheit.de\/wordpress\/bilder\/eber123.jpg","caption":"The Strolling Economist"},"description":"Johannes Eber ist der Strolling Economist. Er ist \u00d6konom aus Berlin mit einer Vorliebe f\u00fcr Fotografie.","url":"https:\/\/wirtschaftlichefreiheit.de\/wordpress\/?author=422"}]}},"_links":{"self":[{"href":"https:\/\/wirtschaftlichefreiheit.de\/wordpress\/index.php?rest_route=\/wp\/v2\/posts\/33202","targetHints":{"allow":["GET"]}}],"collection":[{"href":"https:\/\/wirtschaftlichefreiheit.de\/wordpress\/index.php?rest_route=\/wp\/v2\/posts"}],"about":[{"href":"https:\/\/wirtschaftlichefreiheit.de\/wordpress\/index.php?rest_route=\/wp\/v2\/types\/post"}],"author":[{"embeddable":true,"href":"https:\/\/wirtschaftlichefreiheit.de\/wordpress\/index.php?rest_route=\/wp\/v2\/users\/422"}],"replies":[{"embeddable":true,"href":"https:\/\/wirtschaftlichefreiheit.de\/wordpress\/index.php?rest_route=%2Fwp%2Fv2%2Fcomments&post=33202"}],"version-history":[{"count":7,"href":"https:\/\/wirtschaftlichefreiheit.de\/wordpress\/index.php?rest_route=\/wp\/v2\/posts\/33202\/revisions"}],"predecessor-version":[{"id":33831,"href":"https:\/\/wirtschaftlichefreiheit.de\/wordpress\/index.php?rest_route=\/wp\/v2\/posts\/33202\/revisions\/33831"}],"wp:attachment":[{"href":"https:\/\/wirtschaftlichefreiheit.de\/wordpress\/index.php?rest_route=%2Fwp%2Fv2%2Fmedia&parent=33202"}],"wp:term":[{"taxonomy":"category","embeddable":true,"href":"https:\/\/wirtschaftlichefreiheit.de\/wordpress\/index.php?rest_route=%2Fwp%2Fv2%2Fcategories&post=33202"},{"taxonomy":"post_tag","embeddable":true,"href":"https:\/\/wirtschaftlichefreiheit.de\/wordpress\/index.php?rest_route=%2Fwp%2Fv2%2Ftags&post=33202"}],"curies":[{"name":"wp","href":"https:\/\/api.w.org\/{rel}","templated":true}]}}