{"id":33213,"date":"2023-03-29T17:10:53","date_gmt":"2023-03-29T16:10:53","guid":{"rendered":"https:\/\/wirtschaftlichefreiheit.de\/wordpress\/?p=33213"},"modified":"2023-03-30T06:18:00","modified_gmt":"2023-03-30T05:18:00","slug":"die-kalte-progression-der-erbschaftsteuer","status":"publish","type":"post","link":"https:\/\/wirtschaftlichefreiheit.de\/wordpress\/?p=33213","title":{"rendered":"<b>Gastbeitrag<\/b>Die kalte Progression der Erbschaftsteuer"},"content":{"rendered":"\n<p><em>Bei der Erbschaftsteuer gelten seit 2010 dieselben nominal fixierten Freibetr\u00e4ge und Tarifzonen. Der Verbraucherpreisindex ist jedoch bis 2022 um 25 Prozent gestiegen. Hierduch hat sich die reale Erbschaftsteuerlast deutlich vergr\u00f6\u00dfert. Um die kalten Progression zu beseitigen, muss neben der Einkommensteuer auch die Erbschaftsteuer indexiert werden.<\/em><\/p>\n\n\n\n<!--more-->\n\n\n\n<p>Die Erbschaftsteuer belastet das Verm\u00f6gen, das den einzelnen Erben zuf\u00e4llt. Sie l\u00e4sst sich mit dem Leistungsf\u00e4higkeitsprinzip begr\u00fcnden, denn Erbschaften (und Schenkungen) erh\u00f6hen die steuerliche Leistungsf\u00e4higkeit der Beg\u00fcnstigten. Die Erbschaftsteuer ber\u00fccksichtigt das Verh\u00e4ltnis zwischen Erben und Erblassern und betrachtet Familien als Generationen \u00fcbergreifen\u00adde Steuereinheit. Die Vorsorge f\u00fcr die Nachkommen ist ein starkes Motiv der Verm\u00f6gensbil\u00addung, das durch die Besteuerung nicht untergraben werden soll. Die Differenzierung der deutschen Erbschaftsteuer nach H\u00f6he der Erbschaft und Verwandtschaftsgrad folgt aus dieser Interpretation des Leistungsf\u00e4higkeitsprinzips.<\/p>\n\n\n\n<h2 class=\"wp-block-heading\">Gestaltung der Erbschaftsteuer<\/h2>\n\n\n\n<p>Die Erbschaftsteuer operiert mit pers\u00f6nlichen Freibetr\u00e4gen, die eine indirekte Progression bewirken. Sie k\u00f6nnen in 10 Jahren nur einmal f\u00fcr alle Zuwendungen von derselben Person in Anspruch genommen werden. Die H\u00f6he der Freibetr\u00e4ge richtet sich nach der Steuerklasse. In der wichtigsten Steuerklasse I betr\u00e4gt der pers\u00f6nliche Freibetrag des Ehegatten 500.000 Euro. Hinzu kommt bei Erwerb von Todes wegen ein Versorgungsfreibetrag von 256.000 Euro, so dass insgesamt 756.000 Euro steuerfrei bleiben. Der pers\u00f6nliche Freibetrag f\u00fcr Kinder und Stiefkinder liegt bei 400.000 Euro. Er wird bis zum vollendeten 27. Lebensjahr durch gestaffelte Versorgungsfreibetr\u00e4ge aufgestockt.<\/p>\n\n\n\n<p>Neben der indirekten Progression durch die Freibetr\u00e4ge existiert eine doppelte direkte Progression nach der H\u00f6he des Erwerbs und nach der Steuerklasse des Erwerbers.<\/p>\n\n\n\n<figure class=\"wp-block-image size-large\"><img loading=\"lazy\" decoding=\"async\" width=\"1024\" height=\"595\" src=\"https:\/\/wirtschaftlichefreiheit.de\/wordpress\/bilder\/erb1-1024x595.png\" alt=\"\" class=\"wp-image-33222\" srcset=\"https:\/\/wirtschaftlichefreiheit.de\/wordpress\/bilder\/erb1-1024x595.png 1024w, https:\/\/wirtschaftlichefreiheit.de\/wordpress\/bilder\/erb1-300x174.png 300w, https:\/\/wirtschaftlichefreiheit.de\/wordpress\/bilder\/erb1-768x446.png 768w, https:\/\/wirtschaftlichefreiheit.de\/wordpress\/bilder\/erb1.png 1479w\" sizes=\"auto, (max-width: 767px) 89vw, (max-width: 1000px) 54vw, (max-width: 1071px) 543px, 580px\" \/><\/figure>\n\n\n\n<p id=\"FNB\">Der Tarif ist ein Stufendurchschnittssatztarif. Ohne Korrektur w\u00fcrde ein \u00dcberschreiten der Stufengrenzen zu einer sprunghaften Erh\u00f6hung der Steuerbelastung und verfassungsrechtlich unzul\u00e4ssigen Rangfolgevertauschungen der Steuerpflichtigen f\u00fchren. Um dies zu vermeiden, wird der Durchschnittssteuersatz in den \u00dcbergangszonen zwischen den Stufen kontinuierlich auf den h\u00f6heren Durchschnittssteuersatz angehoben. <a href=\"https:\/\/www.wolfgang-scherf.de\/netzwerke\/erbschaftsteuer.html#FN\">[1]<\/a><\/p>\n\n\n\n<p>Mit der Reform 2009 und weiteren Anpassungen 2010 wurden nahe Verwandte und Erben kleiner Verm\u00f6gen \u00fcber h\u00f6here Freibetr\u00e4ge entlastet, nicht oder nur entfernt Verwandte sowie Erben gro\u00dfer Verm\u00f6gen dagegen \u00fcber h\u00f6here Steuers\u00e4tze st\u00e4rker belastet. Das sollte die H\u00f6herbewertung des Grundverm\u00f6gens f\u00fcr enge Familienangeh\u00f6rige ausgleichen.<\/p>\n\n\n\n<h2 class=\"wp-block-heading\">Inflationsanpassung der Freibetr\u00e4ge<\/h2>\n\n\n\n<p>Wie bei der Einkommensteuer f\u00fchrt das Nominalwertprinzip auch bei der Erbschaftsteuer zur kalten Progression. Daher hat die FDP eine Indexierung der Freibetr\u00e4ge gefordert. \u201e<a href=\"https:\/\/t1p.de\/dzbxb\" target=\"_blank\" rel=\"noreferrer noopener\">Ohne eine solche Anpassung w\u00fcrden die seit 13 Jahren unver\u00e4ndert geltenden Freibetr\u00e4ge einen gro\u00dfen Teil ihrer urspr\u00fcnglich politisch gewollten Entlastungswirkung verlieren.<\/a>\u201c Allerdings reicht eine Indexierung der Freibetr\u00e4ge nicht aus, um die kalte Progression zu beseitigen. Hierzu bedarf es (ebenso wie bei der Einkommensteuer) zus\u00e4tzlich einer Anpassung aller Eckwerte des Erbschaftsteuertarifs (Tarif auf R\u00e4dern). Nur in diesem Fall bleiben die urspr\u00fcnglichen Verteilungswirkungen des Tarifs vollst\u00e4ndig erhalten.<\/p>\n\n\n\n<p>Die folgende Abbildung illustriert die kalte Progression der Erbschaftsteuer f\u00fcr den Fall einer Vererbung unter Ehepartnern. Der Belastungseffekt wird gemessen an der Erh\u00f6hung des Durchschnittssteuersatzes. Dieser Steuersatz ergibt sich als Relation zwischen dem Steuerbetrag und der H\u00f6he des Erbes vor Abzug der Freibetr\u00e4ge. Das Basisjahr 2010 wird verglichen mit dem Jahr 2022. Der Verbraucherpreisindex ist in diesem Zeitraum um 25 Prozent gestiegen.<\/p>\n\n\n\n<figure class=\"wp-block-image size-full\"><img loading=\"lazy\" decoding=\"async\" width=\"802\" height=\"607\" src=\"https:\/\/wirtschaftlichefreiheit.de\/wordpress\/bilder\/erb2.png\" alt=\"\" class=\"wp-image-33223\" srcset=\"https:\/\/wirtschaftlichefreiheit.de\/wordpress\/bilder\/erb2.png 802w, https:\/\/wirtschaftlichefreiheit.de\/wordpress\/bilder\/erb2-300x227.png 300w, https:\/\/wirtschaftlichefreiheit.de\/wordpress\/bilder\/erb2-768x581.png 768w\" sizes=\"auto, (max-width: 767px) 89vw, (max-width: 1000px) 54vw, (max-width: 1071px) 543px, 580px\" \/><\/figure>\n\n\n\n<p>Um die kalte Progression zu beseitigen, h\u00e4tte man alle Freibetr\u00e4ge und Eckwerte des Erbschaftsteuertarifs um 25 Prozent anheben m\u00fcssen. Tats\u00e4chlich erfolgte jedoch keinerlei Anpassung. Nominal h\u00f6here, aber real konstante Verm\u00f6genswerte wurden daher 2022 deutlich h\u00f6her besteuert als 2010. Das belegt der Anstieg der Steuers\u00e4tze bei gleichen Realwerten des vererbten Verm\u00f6gens.<\/p>\n\n\n\n<ul class=\"wp-block-list\">\n<li>Wenn 2010 ein Verm\u00f6gen von 1.056.000 Euro an den Ehepartner vererbt wurde, blieben davon 756.000 Euro steuerfrei. Die \u00fcbrigen 300.000 Euro wurden mit 11 Prozent belastet, so dass die Erbschaftsteuer 33.000 Euro betrug. Der effektive Steuersatz lag bei 33.000 Euro zu 1.056.000 Euro bzw. 3,13 Prozent.<\/li>\n\n\n\n<li>Ein Verm\u00f6gen mit einem Realwert von 1.056.000 Euro in Preisen von 2010 hat 2022 einen Nominalwert von 1.320.000 Euro. Davon bleiben weiterhin 756.000 Euro steuerfrei. Besteuert werden die nun verbleibenden 564.000 Euro mit 15 Prozent, was eine nominale Steuerlast von 84.600 Euro bedeutet. Der Realwert der Erbschaftsteuer in Preisen von 2010 betr\u00e4gt 67.680 Euro und der effektive reale Steuersatz liegt bei 67.680 Euro zu 1.056.000 Euro bzw. 6,41 Prozent. Somit hat sich der Steuersatz gegen\u00fcber 2010 um 3,28 Prozentpunkte erh\u00f6ht.<\/li>\n<\/ul>\n\n\n\n<p>Eine Erh\u00f6hung der Freibetr\u00e4ge mit der Inflationsrate kann das Problem der kalten Progression also nicht durchgreifend l\u00f6sen. Bei unver\u00e4nderten Eckwerten des Tarifs werden Erbschaften oberhalb der real konstanten Freibetr\u00e4ge weiterhin h\u00f6her belastet, weil die Grenzen f\u00fcr den \u00dcbergang zu h\u00f6heren Durchschnittssteuers\u00e4tzen real sinken. Immerhin zeigt die Abbildung einen deutlichen Entlastungseffekt gegen\u00fcber der Situation ohne Anpassung der Freibetr\u00e4ge. Jedoch erfordert die Beseitigung der kalten Progression eine Indexierung aller Bestimmungsgr\u00f6\u00dfen der Steuerbelastung (Freibetr\u00e4ge, Eckwerte des Tarifs und der \u00dcbergangszonen). Nur dann bleiben die urspr\u00fcnglich intendierten Verteilungseffekte vollst\u00e4ndig erhalten.<\/p>\n\n\n\n<h2 class=\"wp-block-heading\">Fazit<\/h2>\n\n\n\n<p>Bei der Diskussion \u00fcber die Erbschaftsteuer stehen traditionell Verm\u00f6gensbewertung und Steuerverg\u00fcnstigungen im Vordergrund. Angesichts der neu entfachten Inflationsdynamik ist es sinnvoll, die Debatte zu erweitern. Analog zur Einkommensteuer l\u00e4sst sich das Problem der kalten Progression der Erbschaftsteuer durch umfassende Indexierung prinzipiell leicht l\u00f6sen. Dieser Schritt w\u00fcrde in jedem Fall der Steuergerechtigkeit dienen und k\u00f6nnte dar\u00fcber hinaus eine grundlegende Reform der Erbschaftsteuer erleichtern.<\/p>\n\n\n\n<hr class=\"wp-block-separator has-alpha-channel-opacity\"\/>\n\n\n\n<p id=\"FN\"><a href=\"https:\/\/www.wolfgang-scherf.de\/netzwerke\/erbschaftsteuer.html#FNB\">[1]<\/a> Ein steuerpflichtiger Erwerb von 75.000 Euro wird in Steuerklasse I mit 7 Prozent belastet. Die Steuerzahlung betr\u00e4gt 5.250 Euro und das Nettoerbe 69.750 Euro. W\u00fcrde man den steuerpflichtigen Erwerb von 75.001 Euro mit 11 Prozent belasten, so erg\u00e4be sich ein Steuerbetrag von rund 8.250 Euro und ein Nettoerbe von 66.750 Euro. Das \u00dcberschreiten der Stufengrenze um 1 Euro w\u00fcrde die Steuerlast um rund 3.000 Euro erh\u00f6hen und diesen Erben schlechter stellen als Erben, deren steuerpflichtiger Erwerb knapp unter der Stufengrenze liegt. Eine \u00dcbergangszone zwischen 75.000 und 82.692 Euro, in der ein Grenzsteuersatz von 50 Prozent f\u00fcr das \u00fcber 75.000 Euro hinausgehende Erbe gilt, verhindert diesen Effekt. Analog wird bei den anderen Stufengrenzen verfahren.<\/p>\n<!-- AddThis Advanced Settings generic via filter on the_content --><!-- AddThis Share Buttons generic via filter on the_content --><!-- AddThis Related Posts generic via filter on the_content -->","protected":false},"excerpt":{"rendered":"<p>Bei der Erbschaftsteuer gelten seit 2010 dieselben nominal fixierten Freibetr\u00e4ge und Tarifzonen. Der Verbraucherpreisindex ist jedoch bis 2022 um 25 Prozent gestiegen. Hierduch hat sich &hellip; <\/p>\n<p class=\"link-more\"><a href=\"https:\/\/wirtschaftlichefreiheit.de\/wordpress\/?p=33213\" class=\"more-link\"><span class=\"screen-reader-text\">\u201e<b>Gastbeitrag<\/b>Die kalte Progression der Erbschaftsteuer\u201c <\/span>weiterlesen<\/a><\/p>\n<p><!-- AddThis Advanced Settings generic via filter on wp_trim_excerpt --><!-- AddThis Share Buttons generic via filter on wp_trim_excerpt --><!-- AddThis Related Posts generic via filter on wp_trim_excerpt --><\/p>\n","protected":false},"author":76,"featured_media":33215,"comment_status":"open","ping_status":"open","sticky":false,"template":"","format":"standard","meta":{"footnotes":""},"categories":[4429],"tags":[935,2694],"class_list":["post-33213","post","type-post","status-publish","format-standard","has-post-thumbnail","hentry","category-vererbtes","tag-erbschaftsteuer","tag-scherf"],"yoast_head":"<!-- This site is optimized with the Yoast SEO plugin v27.2 - https:\/\/yoast.com\/product\/yoast-seo-wordpress\/ -->\n<title>GastbeitragDie kalte Progression der Erbschaftsteuer - Wirtschaftliche Freiheit<\/title>\n<meta name=\"robots\" content=\"index, follow, max-snippet:-1, max-image-preview:large, max-video-preview:-1\" \/>\n<link rel=\"canonical\" href=\"https:\/\/wirtschaftlichefreiheit.de\/wordpress\/?p=33213\" \/>\n<meta property=\"og:locale\" content=\"de_DE\" \/>\n<meta property=\"og:type\" content=\"article\" \/>\n<meta property=\"og:title\" content=\"GastbeitragDie kalte Progression der Erbschaftsteuer - Wirtschaftliche Freiheit\" \/>\n<meta property=\"og:description\" content=\"Bei der Erbschaftsteuer gelten seit 2010 dieselben nominal fixierten Freibetr\u00e4ge und Tarifzonen. Der Verbraucherpreisindex ist jedoch bis 2022 um 25 Prozent gestiegen. Hierduch hat sich &hellip; \u201eGastbeitragDie kalte Progression der Erbschaftsteuer\u201c weiterlesen\" \/>\n<meta property=\"og:url\" content=\"https:\/\/wirtschaftlichefreiheit.de\/wordpress\/?p=33213\" \/>\n<meta property=\"og:site_name\" content=\"Wirtschaftliche Freiheit\" \/>\n<meta property=\"article:published_time\" content=\"2023-03-29T16:10:53+00:00\" \/>\n<meta property=\"article:modified_time\" content=\"2023-03-30T05:18:00+00:00\" \/>\n<meta property=\"og:image\" content=\"http:\/\/wirtschaftlichefreiheit.de\/wordpress\/bilder\/erbe.png\" \/>\n\t<meta property=\"og:image:width\" content=\"1181\" \/>\n\t<meta property=\"og:image:height\" content=\"678\" \/>\n\t<meta property=\"og:image:type\" content=\"image\/png\" \/>\n<meta name=\"author\" content=\"Wolfgang Scherf\" \/>\n<meta name=\"twitter:card\" content=\"summary_large_image\" \/>\n<meta name=\"twitter:label1\" content=\"Verfasst von\" \/>\n\t<meta name=\"twitter:data1\" content=\"Wolfgang Scherf\" \/>\n\t<meta name=\"twitter:label2\" content=\"Gesch\u00e4tzte Lesezeit\" \/>\n\t<meta name=\"twitter:data2\" content=\"6\u00a0Minuten\" \/>\n<script type=\"application\/ld+json\" class=\"yoast-schema-graph\">{\"@context\":\"https:\/\/schema.org\",\"@graph\":[{\"@type\":\"Article\",\"@id\":\"https:\/\/wirtschaftlichefreiheit.de\/wordpress\/?p=33213#article\",\"isPartOf\":{\"@id\":\"https:\/\/wirtschaftlichefreiheit.de\/wordpress\/?p=33213\"},\"author\":{\"name\":\"Wolfgang Scherf\",\"@id\":\"https:\/\/wirtschaftlichefreiheit.de\/wordpress\/#\/schema\/person\/d30b50b86db33b446fc22b4401341323\"},\"headline\":\"GastbeitragDie kalte Progression der Erbschaftsteuer\",\"datePublished\":\"2023-03-29T16:10:53+00:00\",\"dateModified\":\"2023-03-30T05:18:00+00:00\",\"mainEntityOfPage\":{\"@id\":\"https:\/\/wirtschaftlichefreiheit.de\/wordpress\/?p=33213\"},\"wordCount\":976,\"commentCount\":0,\"image\":{\"@id\":\"https:\/\/wirtschaftlichefreiheit.de\/wordpress\/?p=33213#primaryimage\"},\"thumbnailUrl\":\"https:\/\/wirtschaftlichefreiheit.de\/wordpress\/bilder\/erbe.png\",\"keywords\":[\"Erbschaftsteuer\",\"Scherf\"],\"articleSection\":[\"Vererbtes\"],\"inLanguage\":\"de\",\"potentialAction\":[{\"@type\":\"CommentAction\",\"name\":\"Comment\",\"target\":[\"https:\/\/wirtschaftlichefreiheit.de\/wordpress\/?p=33213#respond\"]}]},{\"@type\":\"WebPage\",\"@id\":\"https:\/\/wirtschaftlichefreiheit.de\/wordpress\/?p=33213\",\"url\":\"https:\/\/wirtschaftlichefreiheit.de\/wordpress\/?p=33213\",\"name\":\"GastbeitragDie kalte Progression der Erbschaftsteuer - Wirtschaftliche Freiheit\",\"isPartOf\":{\"@id\":\"https:\/\/wirtschaftlichefreiheit.de\/wordpress\/#website\"},\"primaryImageOfPage\":{\"@id\":\"https:\/\/wirtschaftlichefreiheit.de\/wordpress\/?p=33213#primaryimage\"},\"image\":{\"@id\":\"https:\/\/wirtschaftlichefreiheit.de\/wordpress\/?p=33213#primaryimage\"},\"thumbnailUrl\":\"https:\/\/wirtschaftlichefreiheit.de\/wordpress\/bilder\/erbe.png\",\"datePublished\":\"2023-03-29T16:10:53+00:00\",\"dateModified\":\"2023-03-30T05:18:00+00:00\",\"author\":{\"@id\":\"https:\/\/wirtschaftlichefreiheit.de\/wordpress\/#\/schema\/person\/d30b50b86db33b446fc22b4401341323\"},\"breadcrumb\":{\"@id\":\"https:\/\/wirtschaftlichefreiheit.de\/wordpress\/?p=33213#breadcrumb\"},\"inLanguage\":\"de\",\"potentialAction\":[{\"@type\":\"ReadAction\",\"target\":[\"https:\/\/wirtschaftlichefreiheit.de\/wordpress\/?p=33213\"]}]},{\"@type\":\"ImageObject\",\"inLanguage\":\"de\",\"@id\":\"https:\/\/wirtschaftlichefreiheit.de\/wordpress\/?p=33213#primaryimage\",\"url\":\"https:\/\/wirtschaftlichefreiheit.de\/wordpress\/bilder\/erbe.png\",\"contentUrl\":\"https:\/\/wirtschaftlichefreiheit.de\/wordpress\/bilder\/erbe.png\",\"width\":1181,\"height\":678},{\"@type\":\"BreadcrumbList\",\"@id\":\"https:\/\/wirtschaftlichefreiheit.de\/wordpress\/?p=33213#breadcrumb\",\"itemListElement\":[{\"@type\":\"ListItem\",\"position\":1,\"name\":\"Startseite\",\"item\":\"https:\/\/wirtschaftlichefreiheit.de\/wordpress\"},{\"@type\":\"ListItem\",\"position\":2,\"name\":\"GastbeitragDie kalte Progression der Erbschaftsteuer\"}]},{\"@type\":\"WebSite\",\"@id\":\"https:\/\/wirtschaftlichefreiheit.de\/wordpress\/#website\",\"url\":\"https:\/\/wirtschaftlichefreiheit.de\/wordpress\/\",\"name\":\"Wirtschaftliche Freiheit\",\"description\":\"Das ordnungspolitische Journal\",\"potentialAction\":[{\"@type\":\"SearchAction\",\"target\":{\"@type\":\"EntryPoint\",\"urlTemplate\":\"https:\/\/wirtschaftlichefreiheit.de\/wordpress\/?s={search_term_string}\"},\"query-input\":{\"@type\":\"PropertyValueSpecification\",\"valueRequired\":true,\"valueName\":\"search_term_string\"}}],\"inLanguage\":\"de\"},{\"@type\":\"Person\",\"@id\":\"https:\/\/wirtschaftlichefreiheit.de\/wordpress\/#\/schema\/person\/d30b50b86db33b446fc22b4401341323\",\"name\":\"Wolfgang Scherf\",\"image\":{\"@type\":\"ImageObject\",\"inLanguage\":\"de\",\"@id\":\"https:\/\/wirtschaftlichefreiheit.de\/wordpress\/bilder\/scherf-foto.jpg\",\"url\":\"https:\/\/wirtschaftlichefreiheit.de\/wordpress\/bilder\/scherf-foto.jpg\",\"contentUrl\":\"https:\/\/wirtschaftlichefreiheit.de\/wordpress\/bilder\/scherf-foto.jpg\",\"caption\":\"Wolfgang Scherf\"},\"description\":\"Justus-Liebig-Universit\u00e4t Gie\u00dfen\",\"url\":\"https:\/\/wirtschaftlichefreiheit.de\/wordpress\/?author=76\"}]}<\/script>\n<!-- \/ Yoast SEO plugin. -->","yoast_head_json":{"title":"GastbeitragDie kalte Progression der Erbschaftsteuer - Wirtschaftliche Freiheit","robots":{"index":"index","follow":"follow","max-snippet":"max-snippet:-1","max-image-preview":"max-image-preview:large","max-video-preview":"max-video-preview:-1"},"canonical":"https:\/\/wirtschaftlichefreiheit.de\/wordpress\/?p=33213","og_locale":"de_DE","og_type":"article","og_title":"GastbeitragDie kalte Progression der Erbschaftsteuer - Wirtschaftliche Freiheit","og_description":"Bei der Erbschaftsteuer gelten seit 2010 dieselben nominal fixierten Freibetr\u00e4ge und Tarifzonen. Der Verbraucherpreisindex ist jedoch bis 2022 um 25 Prozent gestiegen. Hierduch hat sich &hellip; \u201eGastbeitragDie kalte Progression der Erbschaftsteuer\u201c weiterlesen","og_url":"https:\/\/wirtschaftlichefreiheit.de\/wordpress\/?p=33213","og_site_name":"Wirtschaftliche Freiheit","article_published_time":"2023-03-29T16:10:53+00:00","article_modified_time":"2023-03-30T05:18:00+00:00","og_image":[{"width":1181,"height":678,"url":"http:\/\/wirtschaftlichefreiheit.de\/wordpress\/bilder\/erbe.png","type":"image\/png"}],"author":"Wolfgang Scherf","twitter_card":"summary_large_image","twitter_misc":{"Verfasst von":"Wolfgang Scherf","Gesch\u00e4tzte Lesezeit":"6\u00a0Minuten"},"schema":{"@context":"https:\/\/schema.org","@graph":[{"@type":"Article","@id":"https:\/\/wirtschaftlichefreiheit.de\/wordpress\/?p=33213#article","isPartOf":{"@id":"https:\/\/wirtschaftlichefreiheit.de\/wordpress\/?p=33213"},"author":{"name":"Wolfgang Scherf","@id":"https:\/\/wirtschaftlichefreiheit.de\/wordpress\/#\/schema\/person\/d30b50b86db33b446fc22b4401341323"},"headline":"GastbeitragDie kalte Progression der Erbschaftsteuer","datePublished":"2023-03-29T16:10:53+00:00","dateModified":"2023-03-30T05:18:00+00:00","mainEntityOfPage":{"@id":"https:\/\/wirtschaftlichefreiheit.de\/wordpress\/?p=33213"},"wordCount":976,"commentCount":0,"image":{"@id":"https:\/\/wirtschaftlichefreiheit.de\/wordpress\/?p=33213#primaryimage"},"thumbnailUrl":"https:\/\/wirtschaftlichefreiheit.de\/wordpress\/bilder\/erbe.png","keywords":["Erbschaftsteuer","Scherf"],"articleSection":["Vererbtes"],"inLanguage":"de","potentialAction":[{"@type":"CommentAction","name":"Comment","target":["https:\/\/wirtschaftlichefreiheit.de\/wordpress\/?p=33213#respond"]}]},{"@type":"WebPage","@id":"https:\/\/wirtschaftlichefreiheit.de\/wordpress\/?p=33213","url":"https:\/\/wirtschaftlichefreiheit.de\/wordpress\/?p=33213","name":"GastbeitragDie kalte Progression der Erbschaftsteuer - Wirtschaftliche Freiheit","isPartOf":{"@id":"https:\/\/wirtschaftlichefreiheit.de\/wordpress\/#website"},"primaryImageOfPage":{"@id":"https:\/\/wirtschaftlichefreiheit.de\/wordpress\/?p=33213#primaryimage"},"image":{"@id":"https:\/\/wirtschaftlichefreiheit.de\/wordpress\/?p=33213#primaryimage"},"thumbnailUrl":"https:\/\/wirtschaftlichefreiheit.de\/wordpress\/bilder\/erbe.png","datePublished":"2023-03-29T16:10:53+00:00","dateModified":"2023-03-30T05:18:00+00:00","author":{"@id":"https:\/\/wirtschaftlichefreiheit.de\/wordpress\/#\/schema\/person\/d30b50b86db33b446fc22b4401341323"},"breadcrumb":{"@id":"https:\/\/wirtschaftlichefreiheit.de\/wordpress\/?p=33213#breadcrumb"},"inLanguage":"de","potentialAction":[{"@type":"ReadAction","target":["https:\/\/wirtschaftlichefreiheit.de\/wordpress\/?p=33213"]}]},{"@type":"ImageObject","inLanguage":"de","@id":"https:\/\/wirtschaftlichefreiheit.de\/wordpress\/?p=33213#primaryimage","url":"https:\/\/wirtschaftlichefreiheit.de\/wordpress\/bilder\/erbe.png","contentUrl":"https:\/\/wirtschaftlichefreiheit.de\/wordpress\/bilder\/erbe.png","width":1181,"height":678},{"@type":"BreadcrumbList","@id":"https:\/\/wirtschaftlichefreiheit.de\/wordpress\/?p=33213#breadcrumb","itemListElement":[{"@type":"ListItem","position":1,"name":"Startseite","item":"https:\/\/wirtschaftlichefreiheit.de\/wordpress"},{"@type":"ListItem","position":2,"name":"GastbeitragDie kalte Progression der Erbschaftsteuer"}]},{"@type":"WebSite","@id":"https:\/\/wirtschaftlichefreiheit.de\/wordpress\/#website","url":"https:\/\/wirtschaftlichefreiheit.de\/wordpress\/","name":"Wirtschaftliche Freiheit","description":"Das ordnungspolitische Journal","potentialAction":[{"@type":"SearchAction","target":{"@type":"EntryPoint","urlTemplate":"https:\/\/wirtschaftlichefreiheit.de\/wordpress\/?s={search_term_string}"},"query-input":{"@type":"PropertyValueSpecification","valueRequired":true,"valueName":"search_term_string"}}],"inLanguage":"de"},{"@type":"Person","@id":"https:\/\/wirtschaftlichefreiheit.de\/wordpress\/#\/schema\/person\/d30b50b86db33b446fc22b4401341323","name":"Wolfgang Scherf","image":{"@type":"ImageObject","inLanguage":"de","@id":"https:\/\/wirtschaftlichefreiheit.de\/wordpress\/bilder\/scherf-foto.jpg","url":"https:\/\/wirtschaftlichefreiheit.de\/wordpress\/bilder\/scherf-foto.jpg","contentUrl":"https:\/\/wirtschaftlichefreiheit.de\/wordpress\/bilder\/scherf-foto.jpg","caption":"Wolfgang Scherf"},"description":"Justus-Liebig-Universit\u00e4t Gie\u00dfen","url":"https:\/\/wirtschaftlichefreiheit.de\/wordpress\/?author=76"}]}},"_links":{"self":[{"href":"https:\/\/wirtschaftlichefreiheit.de\/wordpress\/index.php?rest_route=\/wp\/v2\/posts\/33213","targetHints":{"allow":["GET"]}}],"collection":[{"href":"https:\/\/wirtschaftlichefreiheit.de\/wordpress\/index.php?rest_route=\/wp\/v2\/posts"}],"about":[{"href":"https:\/\/wirtschaftlichefreiheit.de\/wordpress\/index.php?rest_route=\/wp\/v2\/types\/post"}],"author":[{"embeddable":true,"href":"https:\/\/wirtschaftlichefreiheit.de\/wordpress\/index.php?rest_route=\/wp\/v2\/users\/76"}],"replies":[{"embeddable":true,"href":"https:\/\/wirtschaftlichefreiheit.de\/wordpress\/index.php?rest_route=%2Fwp%2Fv2%2Fcomments&post=33213"}],"version-history":[{"count":5,"href":"https:\/\/wirtschaftlichefreiheit.de\/wordpress\/index.php?rest_route=\/wp\/v2\/posts\/33213\/revisions"}],"predecessor-version":[{"id":33254,"href":"https:\/\/wirtschaftlichefreiheit.de\/wordpress\/index.php?rest_route=\/wp\/v2\/posts\/33213\/revisions\/33254"}],"wp:featuredmedia":[{"embeddable":true,"href":"https:\/\/wirtschaftlichefreiheit.de\/wordpress\/index.php?rest_route=\/wp\/v2\/media\/33215"}],"wp:attachment":[{"href":"https:\/\/wirtschaftlichefreiheit.de\/wordpress\/index.php?rest_route=%2Fwp%2Fv2%2Fmedia&parent=33213"}],"wp:term":[{"taxonomy":"category","embeddable":true,"href":"https:\/\/wirtschaftlichefreiheit.de\/wordpress\/index.php?rest_route=%2Fwp%2Fv2%2Fcategories&post=33213"},{"taxonomy":"post_tag","embeddable":true,"href":"https:\/\/wirtschaftlichefreiheit.de\/wordpress\/index.php?rest_route=%2Fwp%2Fv2%2Ftags&post=33213"}],"curies":[{"name":"wp","href":"https:\/\/api.w.org\/{rel}","templated":true}]}}