{"id":33469,"date":"2023-04-21T00:51:00","date_gmt":"2023-04-20T23:51:00","guid":{"rendered":"https:\/\/wirtschaftlichefreiheit.de\/wordpress\/?p=33469"},"modified":"2023-04-21T05:38:11","modified_gmt":"2023-04-21T04:38:11","slug":"wirtschaftswunder-2-0mehr-wunsch-als-wirklichkeit","status":"publish","type":"post","link":"https:\/\/wirtschaftlichefreiheit.de\/wordpress\/?p=33469","title":{"rendered":"<b>Podcast<\/b>Wirtschaftswunder 2.0<b>Mehr Wunsch als Wirklichkeit<\/b>"},"content":{"rendered":"\n<p>Bundeskanzler Olaf Scholz blickt au\u00dferordentlich optimistisch auf die wirtschaftliche Zukunft Deutschlands. Scholz erwartet Wachstumsraten wie zu Zeiten des Wirtschaftswunders in den 50er und 60er Jahren. Die hohen Investitionen in den Klimaschutz sollen das gewaltige Wachstum erm\u00f6glichen. Aus \u00f6konomischer Sicht spricht allerdings wenig daf\u00fcr, dass es zu einem zweiten Wirtschaftswunder kommen kann. Im Gegenteil, das Wachstumspotential droht in den n\u00e4chsten Jahren zu sinken.<\/p>\n\n\n\n<p>Ein Gespr\u00e4ch zwischen <strong>Prof. Dr. Stefan Kooths<\/strong> (IfW Kiel) und <strong>Dr. J\u00f6rn Quitzau <\/strong>(Berenberg).<\/p>\n\n\n\n<!--more-->\n\n\n\n<p><strong>Aus dem Inhalt:<\/strong><\/p>\n\n\n\n<p><em>Wird der \u00f6kologische Umbau der Wirtschaft ein Wachstumsmotor? (00:27) +++<\/em><\/p>\n\n\n\n<p><em>Wachstum ohne Wohlstand? (14:58) +++<\/em><\/p>\n\n\n\n<p><em>Zwischen Wirtschaftswunder (Olaf Scholz) und Rezession (IWF) \u2013 Wie geht es weiter mit der deutschen Wirtschaft? (21:25) +++<\/em><\/p>\n\n\n\n<p><strong>Die Teilnehmer:<\/strong><\/p>\n\n\n\n<p><strong>Prof. Dr. Stefan Kooths<\/strong> ist Vizepr\u00e4sident des IfW Kiel und Direktor des Forschungszentrums&nbsp;<a href=\"https:\/\/www.ifw-kiel.de\/de\/institut\/forschungszentren\/konjunktur-und-wachstum\/\">Konjunktur und Wachstum<\/a>. Nach dem Volkswirtschaftsstudium und anschlie\u00dfender Promotion an der Universit\u00e4t M\u00fcnster war er dort zun\u00e4chst mehrere Jahre in Forschung und Lehre t\u00e4tig, zuletzt als Gesch\u00e4ftsf\u00fchrer des Muenster Institute for Computational Economics. 2005 wechselte er in die angewandte Wirtschaftsforschung und wurde Forschungsleiter in der Konjunkturabteilung des Deutschen Instituts f\u00fcr Wirtschaftsforschung (DIW Berlin). Seit 2010 arbeitet er f\u00fcr das IfW Kiel, zun\u00e4chst als Repr\u00e4sentant in Berlin und als Verantwortlicher f\u00fcr die Analyse der deutschen Konjunktur. 2014 \u00fcbernahm er die Leitung&nbsp;des Prognosezentrums, das&nbsp;2020&nbsp;im Forschungszentrum Konjunktur und Wachstum aufging.<\/p>\n\n\n\n<p>Zu seinen Arbeitsschwerpunkten z\u00e4hlen neben der Konjunkturforschung vor allem Fragen der Stabilisierungspolitik, des Geld- und W\u00e4hrungswesens, der internationalen Wirtschaftsbeziehungen sowie der Ordnungs\u00f6konomik. Er vertritt ein koordinations- und prozessorientiertes Paradigma zur Analyse \u00f6konomischer Ph\u00e4nomene, das gesamtwirtschaftliche Fehlentwicklungen prim\u00e4r als Symptom gest\u00f6rter Koordinationsmechanismen versteht, die in systemischer Weise weite Teile des Wirtschaftsgeschehens durchdringen.<\/p>\n\n\n\n<p><strong>Dr. J\u00f6rn Quitzau<\/strong> ist Leiter Wirtschaftstrends beim Bankhaus Berenberg. Zuvor war er Senior Economist bei Deutsche Bank Research. Gemeinsam mit Prof. Dr. Norbert Berthold ist er Initiator dieses Podcasts.<\/p>\n\n\n\n<figure class=\"wp-block-embed is-type-rich is-provider-spotify wp-block-embed-spotify wp-embed-aspect-21-9 wp-has-aspect-ratio\"><div class=\"wp-block-embed__wrapper\">\n<iframe title=\"Spotify Embed: Wirtschaftswunder 2.0: Mehr Wunsch als Wirklichkeit\" style=\"border-radius: 12px\" width=\"100%\" height=\"152\" frameborder=\"0\" allowfullscreen allow=\"autoplay; clipboard-write; encrypted-media; fullscreen; picture-in-picture\" loading=\"lazy\" src=\"https:\/\/open.spotify.com\/embed\/episode\/0BcpbjGuBEW0uwUJVXw2lU?si=2ot51es0SemkJoYU_noJPg&#038;utm_source=oembed\"><\/iframe>\n<\/div><\/figure>\n<!-- AddThis Advanced Settings generic via filter on the_content --><!-- AddThis Share Buttons generic via filter on the_content --><!-- AddThis Related Posts generic via filter on the_content -->","protected":false},"excerpt":{"rendered":"<p>Bundeskanzler Olaf Scholz blickt au\u00dferordentlich optimistisch auf die wirtschaftliche Zukunft Deutschlands. Scholz erwartet Wachstumsraten wie zu Zeiten des Wirtschaftswunders in den 50er und 60er Jahren. &hellip; <\/p>\n<p class=\"link-more\"><a href=\"https:\/\/wirtschaftlichefreiheit.de\/wordpress\/?p=33469\" class=\"more-link\"><span class=\"screen-reader-text\">\u201e<b>Podcast<\/b>Wirtschaftswunder 2.0<b>Mehr Wunsch als Wirklichkeit<\/b>\u201c <\/span>weiterlesen<\/a><\/p>\n<p><!-- AddThis Advanced Settings generic via filter on wp_trim_excerpt --><!-- AddThis Share Buttons generic via filter on wp_trim_excerpt --><!-- AddThis Related Posts generic via filter on wp_trim_excerpt --><\/p>\n","protected":false},"author":58,"featured_media":33493,"comment_status":"open","ping_status":"open","sticky":false,"template":"","format":"standard","meta":{"footnotes":""},"categories":[1841,4378,3628,4102],"tags":[4057,3110,828],"class_list":["post-33469","post","type-post","status-publish","format-standard","has-post-thumbnail","hentry","category-klimatisches","category-podcasts","category-wachsendes","category-wohlfahrtliches","tag-kooths","tag-quitzau","tag-wirtschaftswunder"],"yoast_head":"<!-- This site is optimized with the Yoast SEO plugin v27.2 - https:\/\/yoast.com\/product\/yoast-seo-wordpress\/ -->\n<title>PodcastWirtschaftswunder 2.0Mehr Wunsch als Wirklichkeit - Wirtschaftliche Freiheit<\/title>\n<meta name=\"robots\" content=\"index, follow, max-snippet:-1, max-image-preview:large, max-video-preview:-1\" \/>\n<link rel=\"canonical\" href=\"https:\/\/wirtschaftlichefreiheit.de\/wordpress\/?p=33469\" \/>\n<meta property=\"og:locale\" content=\"de_DE\" \/>\n<meta property=\"og:type\" content=\"article\" \/>\n<meta property=\"og:title\" content=\"PodcastWirtschaftswunder 2.0Mehr Wunsch als Wirklichkeit - Wirtschaftliche Freiheit\" \/>\n<meta property=\"og:description\" content=\"Bundeskanzler Olaf Scholz blickt au\u00dferordentlich optimistisch auf die wirtschaftliche Zukunft Deutschlands. Scholz erwartet Wachstumsraten wie zu Zeiten des Wirtschaftswunders in den 50er und 60er Jahren. &hellip; \u201ePodcastWirtschaftswunder 2.0Mehr Wunsch als Wirklichkeit\u201c weiterlesen\" \/>\n<meta property=\"og:url\" content=\"https:\/\/wirtschaftlichefreiheit.de\/wordpress\/?p=33469\" \/>\n<meta property=\"og:site_name\" content=\"Wirtschaftliche Freiheit\" \/>\n<meta property=\"article:published_time\" content=\"2023-04-20T23:51:00+00:00\" \/>\n<meta property=\"article:modified_time\" content=\"2023-04-21T04:38:11+00:00\" \/>\n<meta property=\"og:image\" content=\"http:\/\/wirtschaftlichefreiheit.de\/wordpress\/bilder\/koothsquit3.png\" \/>\n\t<meta property=\"og:image:width\" content=\"1444\" \/>\n\t<meta property=\"og:image:height\" content=\"1050\" \/>\n\t<meta property=\"og:image:type\" content=\"image\/png\" \/>\n<meta name=\"author\" content=\"Wirtschaftliche Freiheit\" \/>\n<meta name=\"twitter:card\" content=\"summary_large_image\" \/>\n<meta name=\"twitter:label1\" content=\"Verfasst von\" \/>\n\t<meta name=\"twitter:data1\" content=\"Wirtschaftliche Freiheit\" \/>\n\t<meta name=\"twitter:label2\" content=\"Gesch\u00e4tzte Lesezeit\" \/>\n\t<meta name=\"twitter:data2\" content=\"2\u00a0Minuten\" \/>\n<script type=\"application\/ld+json\" class=\"yoast-schema-graph\">{\"@context\":\"https:\/\/schema.org\",\"@graph\":[{\"@type\":\"Article\",\"@id\":\"https:\/\/wirtschaftlichefreiheit.de\/wordpress\/?p=33469#article\",\"isPartOf\":{\"@id\":\"https:\/\/wirtschaftlichefreiheit.de\/wordpress\/?p=33469\"},\"author\":{\"name\":\"Wirtschaftliche Freiheit\",\"@id\":\"https:\/\/wirtschaftlichefreiheit.de\/wordpress\/#\/schema\/person\/788618a184d31b0801c59c1fadd473c4\"},\"headline\":\"PodcastWirtschaftswunder 2.0Mehr Wunsch als Wirklichkeit\",\"datePublished\":\"2023-04-20T23:51:00+00:00\",\"dateModified\":\"2023-04-21T04:38:11+00:00\",\"mainEntityOfPage\":{\"@id\":\"https:\/\/wirtschaftlichefreiheit.de\/wordpress\/?p=33469\"},\"wordCount\":334,\"commentCount\":0,\"image\":{\"@id\":\"https:\/\/wirtschaftlichefreiheit.de\/wordpress\/?p=33469#primaryimage\"},\"thumbnailUrl\":\"https:\/\/wirtschaftlichefreiheit.de\/wordpress\/bilder\/koothsquit3.png\",\"keywords\":[\"Kooths\",\"Quitzau\",\"Wirtschaftswunder\"],\"articleSection\":[\"Klimatisches\",\"Podcasts (neu)\",\"Wachsendes\",\"Wohlfahrtliches\"],\"inLanguage\":\"de\",\"potentialAction\":[{\"@type\":\"CommentAction\",\"name\":\"Comment\",\"target\":[\"https:\/\/wirtschaftlichefreiheit.de\/wordpress\/?p=33469#respond\"]}]},{\"@type\":\"WebPage\",\"@id\":\"https:\/\/wirtschaftlichefreiheit.de\/wordpress\/?p=33469\",\"url\":\"https:\/\/wirtschaftlichefreiheit.de\/wordpress\/?p=33469\",\"name\":\"PodcastWirtschaftswunder 2.0Mehr Wunsch als Wirklichkeit - Wirtschaftliche Freiheit\",\"isPartOf\":{\"@id\":\"https:\/\/wirtschaftlichefreiheit.de\/wordpress\/#website\"},\"primaryImageOfPage\":{\"@id\":\"https:\/\/wirtschaftlichefreiheit.de\/wordpress\/?p=33469#primaryimage\"},\"image\":{\"@id\":\"https:\/\/wirtschaftlichefreiheit.de\/wordpress\/?p=33469#primaryimage\"},\"thumbnailUrl\":\"https:\/\/wirtschaftlichefreiheit.de\/wordpress\/bilder\/koothsquit3.png\",\"datePublished\":\"2023-04-20T23:51:00+00:00\",\"dateModified\":\"2023-04-21T04:38:11+00:00\",\"author\":{\"@id\":\"https:\/\/wirtschaftlichefreiheit.de\/wordpress\/#\/schema\/person\/788618a184d31b0801c59c1fadd473c4\"},\"breadcrumb\":{\"@id\":\"https:\/\/wirtschaftlichefreiheit.de\/wordpress\/?p=33469#breadcrumb\"},\"inLanguage\":\"de\",\"potentialAction\":[{\"@type\":\"ReadAction\",\"target\":[\"https:\/\/wirtschaftlichefreiheit.de\/wordpress\/?p=33469\"]}]},{\"@type\":\"ImageObject\",\"inLanguage\":\"de\",\"@id\":\"https:\/\/wirtschaftlichefreiheit.de\/wordpress\/?p=33469#primaryimage\",\"url\":\"https:\/\/wirtschaftlichefreiheit.de\/wordpress\/bilder\/koothsquit3.png\",\"contentUrl\":\"https:\/\/wirtschaftlichefreiheit.de\/wordpress\/bilder\/koothsquit3.png\",\"width\":1444,\"height\":1050},{\"@type\":\"BreadcrumbList\",\"@id\":\"https:\/\/wirtschaftlichefreiheit.de\/wordpress\/?p=33469#breadcrumb\",\"itemListElement\":[{\"@type\":\"ListItem\",\"position\":1,\"name\":\"Startseite\",\"item\":\"https:\/\/wirtschaftlichefreiheit.de\/wordpress\"},{\"@type\":\"ListItem\",\"position\":2,\"name\":\"PodcastWirtschaftswunder 2.0Mehr Wunsch als Wirklichkeit\"}]},{\"@type\":\"WebSite\",\"@id\":\"https:\/\/wirtschaftlichefreiheit.de\/wordpress\/#website\",\"url\":\"https:\/\/wirtschaftlichefreiheit.de\/wordpress\/\",\"name\":\"Wirtschaftliche Freiheit\",\"description\":\"Das ordnungspolitische Journal\",\"potentialAction\":[{\"@type\":\"SearchAction\",\"target\":{\"@type\":\"EntryPoint\",\"urlTemplate\":\"https:\/\/wirtschaftlichefreiheit.de\/wordpress\/?s={search_term_string}\"},\"query-input\":{\"@type\":\"PropertyValueSpecification\",\"valueRequired\":true,\"valueName\":\"search_term_string\"}}],\"inLanguage\":\"de\"},{\"@type\":\"Person\",\"@id\":\"https:\/\/wirtschaftlichefreiheit.de\/wordpress\/#\/schema\/person\/788618a184d31b0801c59c1fadd473c4\",\"name\":\"Wirtschaftliche Freiheit\",\"image\":{\"@type\":\"ImageObject\",\"inLanguage\":\"de\",\"@id\":\"https:\/\/wirtschaftlichefreiheit.de\/wordpress\/bilder\/189780_211178845564593_6670846_n.jpg\",\"url\":\"https:\/\/wirtschaftlichefreiheit.de\/wordpress\/bilder\/189780_211178845564593_6670846_n.jpg\",\"contentUrl\":\"https:\/\/wirtschaftlichefreiheit.de\/wordpress\/bilder\/189780_211178845564593_6670846_n.jpg\",\"caption\":\"Wirtschaftliche Freiheit\"},\"description\":\"Das ordnungspolitische Journal\",\"url\":\"https:\/\/wirtschaftlichefreiheit.de\/wordpress\/?author=58\"}]}<\/script>\n<!-- \/ Yoast SEO plugin. -->","yoast_head_json":{"title":"PodcastWirtschaftswunder 2.0Mehr Wunsch als Wirklichkeit - Wirtschaftliche Freiheit","robots":{"index":"index","follow":"follow","max-snippet":"max-snippet:-1","max-image-preview":"max-image-preview:large","max-video-preview":"max-video-preview:-1"},"canonical":"https:\/\/wirtschaftlichefreiheit.de\/wordpress\/?p=33469","og_locale":"de_DE","og_type":"article","og_title":"PodcastWirtschaftswunder 2.0Mehr Wunsch als Wirklichkeit - Wirtschaftliche Freiheit","og_description":"Bundeskanzler Olaf Scholz blickt au\u00dferordentlich optimistisch auf die wirtschaftliche Zukunft Deutschlands. Scholz erwartet Wachstumsraten wie zu Zeiten des Wirtschaftswunders in den 50er und 60er Jahren. &hellip; \u201ePodcastWirtschaftswunder 2.0Mehr Wunsch als Wirklichkeit\u201c weiterlesen","og_url":"https:\/\/wirtschaftlichefreiheit.de\/wordpress\/?p=33469","og_site_name":"Wirtschaftliche Freiheit","article_published_time":"2023-04-20T23:51:00+00:00","article_modified_time":"2023-04-21T04:38:11+00:00","og_image":[{"width":1444,"height":1050,"url":"http:\/\/wirtschaftlichefreiheit.de\/wordpress\/bilder\/koothsquit3.png","type":"image\/png"}],"author":"Wirtschaftliche Freiheit","twitter_card":"summary_large_image","twitter_misc":{"Verfasst von":"Wirtschaftliche Freiheit","Gesch\u00e4tzte Lesezeit":"2\u00a0Minuten"},"schema":{"@context":"https:\/\/schema.org","@graph":[{"@type":"Article","@id":"https:\/\/wirtschaftlichefreiheit.de\/wordpress\/?p=33469#article","isPartOf":{"@id":"https:\/\/wirtschaftlichefreiheit.de\/wordpress\/?p=33469"},"author":{"name":"Wirtschaftliche Freiheit","@id":"https:\/\/wirtschaftlichefreiheit.de\/wordpress\/#\/schema\/person\/788618a184d31b0801c59c1fadd473c4"},"headline":"PodcastWirtschaftswunder 2.0Mehr Wunsch als Wirklichkeit","datePublished":"2023-04-20T23:51:00+00:00","dateModified":"2023-04-21T04:38:11+00:00","mainEntityOfPage":{"@id":"https:\/\/wirtschaftlichefreiheit.de\/wordpress\/?p=33469"},"wordCount":334,"commentCount":0,"image":{"@id":"https:\/\/wirtschaftlichefreiheit.de\/wordpress\/?p=33469#primaryimage"},"thumbnailUrl":"https:\/\/wirtschaftlichefreiheit.de\/wordpress\/bilder\/koothsquit3.png","keywords":["Kooths","Quitzau","Wirtschaftswunder"],"articleSection":["Klimatisches","Podcasts (neu)","Wachsendes","Wohlfahrtliches"],"inLanguage":"de","potentialAction":[{"@type":"CommentAction","name":"Comment","target":["https:\/\/wirtschaftlichefreiheit.de\/wordpress\/?p=33469#respond"]}]},{"@type":"WebPage","@id":"https:\/\/wirtschaftlichefreiheit.de\/wordpress\/?p=33469","url":"https:\/\/wirtschaftlichefreiheit.de\/wordpress\/?p=33469","name":"PodcastWirtschaftswunder 2.0Mehr Wunsch als Wirklichkeit - Wirtschaftliche Freiheit","isPartOf":{"@id":"https:\/\/wirtschaftlichefreiheit.de\/wordpress\/#website"},"primaryImageOfPage":{"@id":"https:\/\/wirtschaftlichefreiheit.de\/wordpress\/?p=33469#primaryimage"},"image":{"@id":"https:\/\/wirtschaftlichefreiheit.de\/wordpress\/?p=33469#primaryimage"},"thumbnailUrl":"https:\/\/wirtschaftlichefreiheit.de\/wordpress\/bilder\/koothsquit3.png","datePublished":"2023-04-20T23:51:00+00:00","dateModified":"2023-04-21T04:38:11+00:00","author":{"@id":"https:\/\/wirtschaftlichefreiheit.de\/wordpress\/#\/schema\/person\/788618a184d31b0801c59c1fadd473c4"},"breadcrumb":{"@id":"https:\/\/wirtschaftlichefreiheit.de\/wordpress\/?p=33469#breadcrumb"},"inLanguage":"de","potentialAction":[{"@type":"ReadAction","target":["https:\/\/wirtschaftlichefreiheit.de\/wordpress\/?p=33469"]}]},{"@type":"ImageObject","inLanguage":"de","@id":"https:\/\/wirtschaftlichefreiheit.de\/wordpress\/?p=33469#primaryimage","url":"https:\/\/wirtschaftlichefreiheit.de\/wordpress\/bilder\/koothsquit3.png","contentUrl":"https:\/\/wirtschaftlichefreiheit.de\/wordpress\/bilder\/koothsquit3.png","width":1444,"height":1050},{"@type":"BreadcrumbList","@id":"https:\/\/wirtschaftlichefreiheit.de\/wordpress\/?p=33469#breadcrumb","itemListElement":[{"@type":"ListItem","position":1,"name":"Startseite","item":"https:\/\/wirtschaftlichefreiheit.de\/wordpress"},{"@type":"ListItem","position":2,"name":"PodcastWirtschaftswunder 2.0Mehr Wunsch als Wirklichkeit"}]},{"@type":"WebSite","@id":"https:\/\/wirtschaftlichefreiheit.de\/wordpress\/#website","url":"https:\/\/wirtschaftlichefreiheit.de\/wordpress\/","name":"Wirtschaftliche Freiheit","description":"Das ordnungspolitische Journal","potentialAction":[{"@type":"SearchAction","target":{"@type":"EntryPoint","urlTemplate":"https:\/\/wirtschaftlichefreiheit.de\/wordpress\/?s={search_term_string}"},"query-input":{"@type":"PropertyValueSpecification","valueRequired":true,"valueName":"search_term_string"}}],"inLanguage":"de"},{"@type":"Person","@id":"https:\/\/wirtschaftlichefreiheit.de\/wordpress\/#\/schema\/person\/788618a184d31b0801c59c1fadd473c4","name":"Wirtschaftliche Freiheit","image":{"@type":"ImageObject","inLanguage":"de","@id":"https:\/\/wirtschaftlichefreiheit.de\/wordpress\/bilder\/189780_211178845564593_6670846_n.jpg","url":"https:\/\/wirtschaftlichefreiheit.de\/wordpress\/bilder\/189780_211178845564593_6670846_n.jpg","contentUrl":"https:\/\/wirtschaftlichefreiheit.de\/wordpress\/bilder\/189780_211178845564593_6670846_n.jpg","caption":"Wirtschaftliche Freiheit"},"description":"Das ordnungspolitische Journal","url":"https:\/\/wirtschaftlichefreiheit.de\/wordpress\/?author=58"}]}},"_links":{"self":[{"href":"https:\/\/wirtschaftlichefreiheit.de\/wordpress\/index.php?rest_route=\/wp\/v2\/posts\/33469","targetHints":{"allow":["GET"]}}],"collection":[{"href":"https:\/\/wirtschaftlichefreiheit.de\/wordpress\/index.php?rest_route=\/wp\/v2\/posts"}],"about":[{"href":"https:\/\/wirtschaftlichefreiheit.de\/wordpress\/index.php?rest_route=\/wp\/v2\/types\/post"}],"author":[{"embeddable":true,"href":"https:\/\/wirtschaftlichefreiheit.de\/wordpress\/index.php?rest_route=\/wp\/v2\/users\/58"}],"replies":[{"embeddable":true,"href":"https:\/\/wirtschaftlichefreiheit.de\/wordpress\/index.php?rest_route=%2Fwp%2Fv2%2Fcomments&post=33469"}],"version-history":[{"count":3,"href":"https:\/\/wirtschaftlichefreiheit.de\/wordpress\/index.php?rest_route=\/wp\/v2\/posts\/33469\/revisions"}],"predecessor-version":[{"id":33494,"href":"https:\/\/wirtschaftlichefreiheit.de\/wordpress\/index.php?rest_route=\/wp\/v2\/posts\/33469\/revisions\/33494"}],"wp:featuredmedia":[{"embeddable":true,"href":"https:\/\/wirtschaftlichefreiheit.de\/wordpress\/index.php?rest_route=\/wp\/v2\/media\/33493"}],"wp:attachment":[{"href":"https:\/\/wirtschaftlichefreiheit.de\/wordpress\/index.php?rest_route=%2Fwp%2Fv2%2Fmedia&parent=33469"}],"wp:term":[{"taxonomy":"category","embeddable":true,"href":"https:\/\/wirtschaftlichefreiheit.de\/wordpress\/index.php?rest_route=%2Fwp%2Fv2%2Fcategories&post=33469"},{"taxonomy":"post_tag","embeddable":true,"href":"https:\/\/wirtschaftlichefreiheit.de\/wordpress\/index.php?rest_route=%2Fwp%2Fv2%2Ftags&post=33469"}],"curies":[{"name":"wp","href":"https:\/\/api.w.org\/{rel}","templated":true}]}}