{"id":34154,"date":"2023-08-28T00:10:00","date_gmt":"2023-08-27T23:10:00","guid":{"rendered":"https:\/\/wirtschaftlichefreiheit.de\/wordpress\/?p=34154"},"modified":"2023-08-28T05:16:44","modified_gmt":"2023-08-28T04:16:44","slug":"gastbeitragklimakooperationmehr-reziprozitaet-wagen","status":"publish","type":"post","link":"https:\/\/wirtschaftlichefreiheit.de\/wordpress\/?p=34154","title":{"rendered":"<b>Gastbeitrag<\/b><br>Klimakooperation<br><b>Mehr Reziprozit\u00e4t wagen!<\/b>"},"content":{"rendered":"\n<p>J\u00e4hrlich neue Jahrhundertsommer, Wirbelst\u00fcrme und \u00dcberflutungen \u2013 die Auswirkungen des Klimawandels werden immer deutlicher sichtbar und beeinflussen das Leben und die Gesundheit der Menschen weltweit. In Wirtschaft, Gesellschaft und Politik hat sich weitgehend die Erkenntnis durchgesetzt, dass ein konsequentes Gegensteuern erforderlich ist, um die Lebensgrundlagen auch f\u00fcr k\u00fcnftige Generationen zu bewahren. Trotz z. T. sehr ambitionierter Ziele, j\u00e4hrlicher Klimakonferenzen und durchaus beachtlicher Anstrengungen in manchen L\u00e4ndern steigen die globalen CO2-Emissionen weiter an. Weltweit gesehen klafft in Sachen Klimaschutz eine Ambitions- und Implementierungsl\u00fccke. Wesentlicher Grund daf\u00fcr ist, dass es f\u00fcr Klimaschutzanstrengungen f\u00fcr den einzelnen bzw. ein einzelnes Land wenig Anreiz gibt, da der Nutzen allen zu Gute kommt, w\u00e4hrend die Kosten dort zu tragen sind, wo in Klimaschutz investiert wird. Die gro\u00dfe Herausforderung besteht daher darin, ein international abgestimmtes Vorgehen f\u00fcr Klimaschutzanstrengungen zu vereinbaren. Anstelle von rein nationalen oder regionalen Anstrengungen, die teuer und wenig effektiv sind, sollte auf globale, reziproke Ans\u00e4tze gesetzt werden, welche internationale Kooperation anregen. Der G7-Klimaclub ist in dieser Hinsicht ein wichtiger Schritt. Daneben sollten staatliche und private Akteure deutlich st\u00e4rker in Forschung und Entwicklung investieren, um innovative L\u00f6sungen zu entwickeln und die Kosten f\u00fcr Klimaschutz zu senken.<\/p>\n\n\n\n<!--more-->\n\n\n\n<p>Klimatische Ver\u00e4nderungen nehmen weltweit sowohl was Anzahl als auch was Intensit\u00e4t angeht stetig zu und f\u00fchren zu Ernteausf\u00e4llen, \u00dcberflutungen oder Waldbr\u00e4nden, welche die Lebensgrundlage der Menschen bedrohen. Obgleich internationale Organisationen seit vielen Jahren auf die Gefahren des Klimawandels hinweisen, tun sich staatliche Akteure schwer, dem globalen Ph\u00e4nomen mit globalen L\u00f6sungen zu begegnen. Stattdessen werden weltweit (wenn auch mit unterschiedlicher Geschwindigkeit und unterschiedlichem Ambitionsniveau) auf einzelstaatlicher Ebene oder im Rahmen der Europ\u00e4ischen Union vielf\u00e4ltige Klimaschutzma\u00dfnahmen ergriffen. Dies geschieht jedoch h\u00e4ufig ohne ausreichende R\u00fccksicht darauf, wie dies die Anreize zum Klimaschutz in anderen L\u00e4ndern beeinflusst, und es schw\u00e4cht die Verhandlungsposition gegen\u00fcber weniger ambitionierten Staaten. So k\u00f6nnen besonders strenge Vorschriften zur Vermeidung von Emissionen oder der Sch\u00e4digung der Umwelt in einer Region dazu f\u00fchren, dass sich relevante wirtschaftliche Aktivit\u00e4ten fortan auf andere Regionen konzentrieren. Neben potenziell negativen wirtschaftlichen und damit einhergehenden sozialen Auswirkungen in der Ursprungsregion ist dem Klima damit nicht geholfen, denn eine regionale Verlagerung der Emissionen macht global betrachtet keinen Unterschied; sie kann im Endeffekt sogar zu steigenden Emissionen f\u00fchren: Wandern energieintensive Industrien beispielsweise aus Europa ab, w\u00fcrde kurzfristig die Nachfrage nach fossilen Energietr\u00e4gern zur\u00fcck gehen, was zu weltweit sinkenden Preisen f\u00fchren w\u00fcrde. Somit entst\u00fcnden in anderen Regionen Anreize, diese Energietr\u00e4ger st\u00e4rker zu nutzen. Dies w\u00fcrde zu einem globalen Anstieg der CO2- oder Methan-Emissionen f\u00fchren, wenn dort weniger strikte Energieeffizienzstandards gelten als in Europa.<\/p>\n\n\n\n<p>Um ambitionierte Klimasch\u00fctzer vor Ausbeutung zu bewahren und Kooperationsanreize f\u00fcr weniger ambitionierte Klimasch\u00fctzer zu setzen, sollten globale Regeln basierend auf Reziprozit\u00e4t vereinbart werden. Diese sollten bestimmte, m\u00f6glichst transparente und leicht vergleichbare Verpflichtungen f\u00fcr alle festschreiben. Ein Beispiel ist ein CO2-Mindestpreis. Spieltheoretisch betrachtet f\u00fchren reziproke Ans\u00e4tze zu effektiveren und effizienteren L\u00f6sungen als freiwillige Selbstverpflichtungen, die zwar einhergehend mit hohen Kosten das (nationale) Gewissen beruhigen, die globale Situation jedoch nicht \u00e4ndern. Wenn der Klimawandel jedoch als globale Herausforderung von allen handelnden Akteuren ernst genommen wird, kann eine geteilte gegenseitige Verpflichtung im Sinne von: \u201eWenn Du mehr machst, strenge ich mich auch mehr an\u201c dazu f\u00fchren, dass die jeweiligen Kosten f\u00fcr den Einzelnen geringer sind und das Gesamtergebnis f\u00fcr alle besser ausf\u00e4llt. Ein Vorbild daf\u00fcr liefern beispielsweise internationale Zollvereinbarungen, die allen Kooperationspartnern gleicherma\u00dfen einen Mehrwert bieten, da weltweit verbindliche Regeln ein \u201eRace to the bottom\u201c verhindern.<\/p>\n\n\n\n<p>Neben verbindlichen reziproken L\u00f6sungen auf globaler Ebene sollten staatliche und private Akteure gleichzeitig verst\u00e4rkt nach innovativen technischen L\u00f6sungen suchen, um dem Klimawandel zu begegnen. Anreizsysteme sollten dahingehend ausgerichtet sein, dass die gr\u00f6\u00dften Emissionseinsparungen oder Effizienzgewinne unabh\u00e4ngig von der eingesetzten Technologie belohnt werden \u2013 so entwickeln sich innovative M\u00e4rkte und die Politik l\u00e4uft nicht Gefahr, (zu) einseitig auf bestehende L\u00f6sungen zu setzen. Durch einen Fokus auf F&amp;E und Innovation k\u00f6nnte sich beispielsweise Europa neben den USA als gr\u00fcner Leitmarkt f\u00fcr Klima(anpassungs)-technologien entwickeln. So k\u00f6nnten auch die anfallenden Kosten durch den Export klimafreundlicher Produkte und Service-Leistungen ausgeglichen werden.<\/p>\n\n\n\n<p>Klimaschutz effektiv voranzubringen, ist ein gewaltiges Kooperationsproblem. Die Aussichten, globale Zusammenarbeit z. B. durch einen weltweiten CO2-Preis zu erreichen, sind angesichts zunehmender geopolitischer Spannungen und nationaler Entscheidungen wie zum Inflation Reduction Act in den USA nicht die besten. Dennoch sollten die Anstrengungen zur internationalen Kooperation verst\u00e4rkt werden, etwa \u00fcber den G7-Klimaclub. Denn letztlich werden nationale Ma\u00dfnahmen auf die Dauer nur auf Akzeptanz sto\u00dfen, wenn sie nicht als einseitige Belastung wahrgenommen werden.<\/p>\n\n\n\n<p><strong>Hinweis:<\/strong> Dieser Policy Brief entstand auf Grundlage des ECONWATCH-Meetings \u201eKlimakooperation: Wie weltweiter Klimaschutz gelingen kann\u201c mit Prof. Dr. Axel Ockenfels (Universit\u00e4t zu K\u00f6ln).<\/p>\n<!-- AddThis Advanced Settings generic via filter on the_content --><!-- AddThis Share Buttons generic via filter on the_content --><!-- AddThis Related Posts generic via filter on the_content -->","protected":false},"excerpt":{"rendered":"<p>J\u00e4hrlich neue Jahrhundertsommer, Wirbelst\u00fcrme und \u00dcberflutungen \u2013 die Auswirkungen des Klimawandels werden immer deutlicher sichtbar und beeinflussen das Leben und die Gesundheit der Menschen weltweit. &hellip; <\/p>\n<p class=\"link-more\"><a href=\"https:\/\/wirtschaftlichefreiheit.de\/wordpress\/?p=34154\" class=\"more-link\"><span class=\"screen-reader-text\">\u201e<b>Gastbeitrag<\/b><br \/>Klimakooperation<br \/><b>Mehr Reziprozit\u00e4t wagen!<\/b>\u201c <\/span>weiterlesen<\/a><\/p>\n<p><!-- AddThis Advanced Settings generic via filter on wp_trim_excerpt --><!-- AddThis Share Buttons generic via filter on wp_trim_excerpt --><!-- AddThis Related Posts generic via filter on wp_trim_excerpt --><\/p>\n","protected":false},"author":425,"featured_media":34488,"comment_status":"open","ping_status":"open","sticky":false,"template":"","format":"standard","meta":{"footnotes":""},"categories":[1841],"tags":[3922,4495,4496],"class_list":["post-34154","post","type-post","status-publish","format-standard","has-post-thumbnail","hentry","category-klimatisches","tag-cassel","tag-klimakooperation","tag-ockenfels"],"yoast_head":"<!-- This site is optimized with the Yoast SEO plugin v27.2 - https:\/\/yoast.com\/product\/yoast-seo-wordpress\/ -->\n<title>GastbeitragKlimakooperationMehr Reziprozit\u00e4t wagen! - Wirtschaftliche Freiheit<\/title>\n<meta name=\"robots\" content=\"index, follow, max-snippet:-1, max-image-preview:large, max-video-preview:-1\" \/>\n<link rel=\"canonical\" href=\"https:\/\/wirtschaftlichefreiheit.de\/wordpress\/?p=34154\" \/>\n<meta property=\"og:locale\" content=\"de_DE\" \/>\n<meta property=\"og:type\" content=\"article\" \/>\n<meta property=\"og:title\" content=\"GastbeitragKlimakooperationMehr Reziprozit\u00e4t wagen! - Wirtschaftliche Freiheit\" \/>\n<meta property=\"og:description\" content=\"J\u00e4hrlich neue Jahrhundertsommer, Wirbelst\u00fcrme und \u00dcberflutungen \u2013 die Auswirkungen des Klimawandels werden immer deutlicher sichtbar und beeinflussen das Leben und die Gesundheit der Menschen weltweit. &hellip; \u201eGastbeitragKlimakooperationMehr Reziprozit\u00e4t wagen!\u201c weiterlesen\" \/>\n<meta property=\"og:url\" content=\"https:\/\/wirtschaftlichefreiheit.de\/wordpress\/?p=34154\" \/>\n<meta property=\"og:site_name\" content=\"Wirtschaftliche Freiheit\" \/>\n<meta property=\"article:published_time\" content=\"2023-08-27T23:10:00+00:00\" \/>\n<meta property=\"article:modified_time\" content=\"2023-08-28T04:16:44+00:00\" \/>\n<meta property=\"og:image\" content=\"http:\/\/wirtschaftlichefreiheit.de\/wordpress\/bilder\/klimafluss.png\" \/>\n\t<meta property=\"og:image:width\" content=\"1084\" \/>\n\t<meta property=\"og:image:height\" content=\"590\" \/>\n\t<meta property=\"og:image:type\" content=\"image\/png\" \/>\n<meta name=\"author\" content=\"Susanne Cassel\" \/>\n<meta name=\"twitter:card\" content=\"summary_large_image\" \/>\n<meta name=\"twitter:label1\" content=\"Verfasst von\" \/>\n\t<meta name=\"twitter:data1\" content=\"Susanne Cassel\" \/>\n\t<meta name=\"twitter:label2\" content=\"Gesch\u00e4tzte Lesezeit\" \/>\n\t<meta name=\"twitter:data2\" content=\"5\u00a0Minuten\" \/>\n<script type=\"application\/ld+json\" class=\"yoast-schema-graph\">{\"@context\":\"https:\/\/schema.org\",\"@graph\":[{\"@type\":\"Article\",\"@id\":\"https:\/\/wirtschaftlichefreiheit.de\/wordpress\/?p=34154#article\",\"isPartOf\":{\"@id\":\"https:\/\/wirtschaftlichefreiheit.de\/wordpress\/?p=34154\"},\"author\":{\"name\":\"Susanne Cassel\",\"@id\":\"https:\/\/wirtschaftlichefreiheit.de\/wordpress\/#\/schema\/person\/1ab82e5c6e58c7c553128095a60a0373\"},\"headline\":\"Gastbeitrag Klimakooperation Mehr Reziprozit\u00e4t wagen!\",\"datePublished\":\"2023-08-27T23:10:00+00:00\",\"dateModified\":\"2023-08-28T04:16:44+00:00\",\"mainEntityOfPage\":{\"@id\":\"https:\/\/wirtschaftlichefreiheit.de\/wordpress\/?p=34154\"},\"wordCount\":840,\"commentCount\":0,\"image\":{\"@id\":\"https:\/\/wirtschaftlichefreiheit.de\/wordpress\/?p=34154#primaryimage\"},\"thumbnailUrl\":\"https:\/\/wirtschaftlichefreiheit.de\/wordpress\/bilder\/klimafluss.png\",\"keywords\":[\"Cassel\",\"Klimakooperation\",\"Ockenfels\"],\"articleSection\":[\"Klimatisches\"],\"inLanguage\":\"de\",\"potentialAction\":[{\"@type\":\"CommentAction\",\"name\":\"Comment\",\"target\":[\"https:\/\/wirtschaftlichefreiheit.de\/wordpress\/?p=34154#respond\"]}]},{\"@type\":\"WebPage\",\"@id\":\"https:\/\/wirtschaftlichefreiheit.de\/wordpress\/?p=34154\",\"url\":\"https:\/\/wirtschaftlichefreiheit.de\/wordpress\/?p=34154\",\"name\":\"Gastbeitrag Klimakooperation Mehr Reziprozit\u00e4t wagen! - Wirtschaftliche Freiheit\",\"isPartOf\":{\"@id\":\"https:\/\/wirtschaftlichefreiheit.de\/wordpress\/#website\"},\"primaryImageOfPage\":{\"@id\":\"https:\/\/wirtschaftlichefreiheit.de\/wordpress\/?p=34154#primaryimage\"},\"image\":{\"@id\":\"https:\/\/wirtschaftlichefreiheit.de\/wordpress\/?p=34154#primaryimage\"},\"thumbnailUrl\":\"https:\/\/wirtschaftlichefreiheit.de\/wordpress\/bilder\/klimafluss.png\",\"datePublished\":\"2023-08-27T23:10:00+00:00\",\"dateModified\":\"2023-08-28T04:16:44+00:00\",\"author\":{\"@id\":\"https:\/\/wirtschaftlichefreiheit.de\/wordpress\/#\/schema\/person\/1ab82e5c6e58c7c553128095a60a0373\"},\"breadcrumb\":{\"@id\":\"https:\/\/wirtschaftlichefreiheit.de\/wordpress\/?p=34154#breadcrumb\"},\"inLanguage\":\"de\",\"potentialAction\":[{\"@type\":\"ReadAction\",\"target\":[\"https:\/\/wirtschaftlichefreiheit.de\/wordpress\/?p=34154\"]}]},{\"@type\":\"ImageObject\",\"inLanguage\":\"de\",\"@id\":\"https:\/\/wirtschaftlichefreiheit.de\/wordpress\/?p=34154#primaryimage\",\"url\":\"https:\/\/wirtschaftlichefreiheit.de\/wordpress\/bilder\/klimafluss.png\",\"contentUrl\":\"https:\/\/wirtschaftlichefreiheit.de\/wordpress\/bilder\/klimafluss.png\",\"width\":1084,\"height\":590},{\"@type\":\"BreadcrumbList\",\"@id\":\"https:\/\/wirtschaftlichefreiheit.de\/wordpress\/?p=34154#breadcrumb\",\"itemListElement\":[{\"@type\":\"ListItem\",\"position\":1,\"name\":\"Startseite\",\"item\":\"https:\/\/wirtschaftlichefreiheit.de\/wordpress\"},{\"@type\":\"ListItem\",\"position\":2,\"name\":\"GastbeitragKlimakooperationMehr Reziprozit\u00e4t wagen!\"}]},{\"@type\":\"WebSite\",\"@id\":\"https:\/\/wirtschaftlichefreiheit.de\/wordpress\/#website\",\"url\":\"https:\/\/wirtschaftlichefreiheit.de\/wordpress\/\",\"name\":\"Wirtschaftliche Freiheit\",\"description\":\"Das ordnungspolitische Journal\",\"potentialAction\":[{\"@type\":\"SearchAction\",\"target\":{\"@type\":\"EntryPoint\",\"urlTemplate\":\"https:\/\/wirtschaftlichefreiheit.de\/wordpress\/?s={search_term_string}\"},\"query-input\":{\"@type\":\"PropertyValueSpecification\",\"valueRequired\":true,\"valueName\":\"search_term_string\"}}],\"inLanguage\":\"de\"},{\"@type\":\"Person\",\"@id\":\"https:\/\/wirtschaftlichefreiheit.de\/wordpress\/#\/schema\/person\/1ab82e5c6e58c7c553128095a60a0373\",\"name\":\"Susanne Cassel\",\"image\":{\"@type\":\"ImageObject\",\"inLanguage\":\"de\",\"@id\":\"https:\/\/wirtschaftlichefreiheit.de\/wordpress\/bilder\/cassel1.jpg\",\"url\":\"https:\/\/wirtschaftlichefreiheit.de\/wordpress\/bilder\/cassel1.jpg\",\"contentUrl\":\"https:\/\/wirtschaftlichefreiheit.de\/wordpress\/bilder\/cassel1.jpg\",\"caption\":\"Susanne Cassel\"},\"description\":\"Econwatch\",\"url\":\"https:\/\/wirtschaftlichefreiheit.de\/wordpress\/?author=425\"}]}<\/script>\n<!-- \/ Yoast SEO plugin. -->","yoast_head_json":{"title":"GastbeitragKlimakooperationMehr Reziprozit\u00e4t wagen! - Wirtschaftliche Freiheit","robots":{"index":"index","follow":"follow","max-snippet":"max-snippet:-1","max-image-preview":"max-image-preview:large","max-video-preview":"max-video-preview:-1"},"canonical":"https:\/\/wirtschaftlichefreiheit.de\/wordpress\/?p=34154","og_locale":"de_DE","og_type":"article","og_title":"GastbeitragKlimakooperationMehr Reziprozit\u00e4t wagen! - Wirtschaftliche Freiheit","og_description":"J\u00e4hrlich neue Jahrhundertsommer, Wirbelst\u00fcrme und \u00dcberflutungen \u2013 die Auswirkungen des Klimawandels werden immer deutlicher sichtbar und beeinflussen das Leben und die Gesundheit der Menschen weltweit. &hellip; \u201eGastbeitragKlimakooperationMehr Reziprozit\u00e4t wagen!\u201c weiterlesen","og_url":"https:\/\/wirtschaftlichefreiheit.de\/wordpress\/?p=34154","og_site_name":"Wirtschaftliche Freiheit","article_published_time":"2023-08-27T23:10:00+00:00","article_modified_time":"2023-08-28T04:16:44+00:00","og_image":[{"width":1084,"height":590,"url":"http:\/\/wirtschaftlichefreiheit.de\/wordpress\/bilder\/klimafluss.png","type":"image\/png"}],"author":"Susanne Cassel","twitter_card":"summary_large_image","twitter_misc":{"Verfasst von":"Susanne Cassel","Gesch\u00e4tzte Lesezeit":"5\u00a0Minuten"},"schema":{"@context":"https:\/\/schema.org","@graph":[{"@type":"Article","@id":"https:\/\/wirtschaftlichefreiheit.de\/wordpress\/?p=34154#article","isPartOf":{"@id":"https:\/\/wirtschaftlichefreiheit.de\/wordpress\/?p=34154"},"author":{"name":"Susanne Cassel","@id":"https:\/\/wirtschaftlichefreiheit.de\/wordpress\/#\/schema\/person\/1ab82e5c6e58c7c553128095a60a0373"},"headline":"Gastbeitrag Klimakooperation Mehr Reziprozit\u00e4t wagen!","datePublished":"2023-08-27T23:10:00+00:00","dateModified":"2023-08-28T04:16:44+00:00","mainEntityOfPage":{"@id":"https:\/\/wirtschaftlichefreiheit.de\/wordpress\/?p=34154"},"wordCount":840,"commentCount":0,"image":{"@id":"https:\/\/wirtschaftlichefreiheit.de\/wordpress\/?p=34154#primaryimage"},"thumbnailUrl":"https:\/\/wirtschaftlichefreiheit.de\/wordpress\/bilder\/klimafluss.png","keywords":["Cassel","Klimakooperation","Ockenfels"],"articleSection":["Klimatisches"],"inLanguage":"de","potentialAction":[{"@type":"CommentAction","name":"Comment","target":["https:\/\/wirtschaftlichefreiheit.de\/wordpress\/?p=34154#respond"]}]},{"@type":"WebPage","@id":"https:\/\/wirtschaftlichefreiheit.de\/wordpress\/?p=34154","url":"https:\/\/wirtschaftlichefreiheit.de\/wordpress\/?p=34154","name":"Gastbeitrag Klimakooperation Mehr Reziprozit\u00e4t wagen! - Wirtschaftliche Freiheit","isPartOf":{"@id":"https:\/\/wirtschaftlichefreiheit.de\/wordpress\/#website"},"primaryImageOfPage":{"@id":"https:\/\/wirtschaftlichefreiheit.de\/wordpress\/?p=34154#primaryimage"},"image":{"@id":"https:\/\/wirtschaftlichefreiheit.de\/wordpress\/?p=34154#primaryimage"},"thumbnailUrl":"https:\/\/wirtschaftlichefreiheit.de\/wordpress\/bilder\/klimafluss.png","datePublished":"2023-08-27T23:10:00+00:00","dateModified":"2023-08-28T04:16:44+00:00","author":{"@id":"https:\/\/wirtschaftlichefreiheit.de\/wordpress\/#\/schema\/person\/1ab82e5c6e58c7c553128095a60a0373"},"breadcrumb":{"@id":"https:\/\/wirtschaftlichefreiheit.de\/wordpress\/?p=34154#breadcrumb"},"inLanguage":"de","potentialAction":[{"@type":"ReadAction","target":["https:\/\/wirtschaftlichefreiheit.de\/wordpress\/?p=34154"]}]},{"@type":"ImageObject","inLanguage":"de","@id":"https:\/\/wirtschaftlichefreiheit.de\/wordpress\/?p=34154#primaryimage","url":"https:\/\/wirtschaftlichefreiheit.de\/wordpress\/bilder\/klimafluss.png","contentUrl":"https:\/\/wirtschaftlichefreiheit.de\/wordpress\/bilder\/klimafluss.png","width":1084,"height":590},{"@type":"BreadcrumbList","@id":"https:\/\/wirtschaftlichefreiheit.de\/wordpress\/?p=34154#breadcrumb","itemListElement":[{"@type":"ListItem","position":1,"name":"Startseite","item":"https:\/\/wirtschaftlichefreiheit.de\/wordpress"},{"@type":"ListItem","position":2,"name":"GastbeitragKlimakooperationMehr Reziprozit\u00e4t wagen!"}]},{"@type":"WebSite","@id":"https:\/\/wirtschaftlichefreiheit.de\/wordpress\/#website","url":"https:\/\/wirtschaftlichefreiheit.de\/wordpress\/","name":"Wirtschaftliche Freiheit","description":"Das ordnungspolitische Journal","potentialAction":[{"@type":"SearchAction","target":{"@type":"EntryPoint","urlTemplate":"https:\/\/wirtschaftlichefreiheit.de\/wordpress\/?s={search_term_string}"},"query-input":{"@type":"PropertyValueSpecification","valueRequired":true,"valueName":"search_term_string"}}],"inLanguage":"de"},{"@type":"Person","@id":"https:\/\/wirtschaftlichefreiheit.de\/wordpress\/#\/schema\/person\/1ab82e5c6e58c7c553128095a60a0373","name":"Susanne Cassel","image":{"@type":"ImageObject","inLanguage":"de","@id":"https:\/\/wirtschaftlichefreiheit.de\/wordpress\/bilder\/cassel1.jpg","url":"https:\/\/wirtschaftlichefreiheit.de\/wordpress\/bilder\/cassel1.jpg","contentUrl":"https:\/\/wirtschaftlichefreiheit.de\/wordpress\/bilder\/cassel1.jpg","caption":"Susanne Cassel"},"description":"Econwatch","url":"https:\/\/wirtschaftlichefreiheit.de\/wordpress\/?author=425"}]}},"_links":{"self":[{"href":"https:\/\/wirtschaftlichefreiheit.de\/wordpress\/index.php?rest_route=\/wp\/v2\/posts\/34154","targetHints":{"allow":["GET"]}}],"collection":[{"href":"https:\/\/wirtschaftlichefreiheit.de\/wordpress\/index.php?rest_route=\/wp\/v2\/posts"}],"about":[{"href":"https:\/\/wirtschaftlichefreiheit.de\/wordpress\/index.php?rest_route=\/wp\/v2\/types\/post"}],"author":[{"embeddable":true,"href":"https:\/\/wirtschaftlichefreiheit.de\/wordpress\/index.php?rest_route=\/wp\/v2\/users\/425"}],"replies":[{"embeddable":true,"href":"https:\/\/wirtschaftlichefreiheit.de\/wordpress\/index.php?rest_route=%2Fwp%2Fv2%2Fcomments&post=34154"}],"version-history":[{"count":2,"href":"https:\/\/wirtschaftlichefreiheit.de\/wordpress\/index.php?rest_route=\/wp\/v2\/posts\/34154\/revisions"}],"predecessor-version":[{"id":34489,"href":"https:\/\/wirtschaftlichefreiheit.de\/wordpress\/index.php?rest_route=\/wp\/v2\/posts\/34154\/revisions\/34489"}],"wp:featuredmedia":[{"embeddable":true,"href":"https:\/\/wirtschaftlichefreiheit.de\/wordpress\/index.php?rest_route=\/wp\/v2\/media\/34488"}],"wp:attachment":[{"href":"https:\/\/wirtschaftlichefreiheit.de\/wordpress\/index.php?rest_route=%2Fwp%2Fv2%2Fmedia&parent=34154"}],"wp:term":[{"taxonomy":"category","embeddable":true,"href":"https:\/\/wirtschaftlichefreiheit.de\/wordpress\/index.php?rest_route=%2Fwp%2Fv2%2Fcategories&post=34154"},{"taxonomy":"post_tag","embeddable":true,"href":"https:\/\/wirtschaftlichefreiheit.de\/wordpress\/index.php?rest_route=%2Fwp%2Fv2%2Ftags&post=34154"}],"curies":[{"name":"wp","href":"https:\/\/api.w.org\/{rel}","templated":true}]}}