{"id":34195,"date":"2023-07-29T00:51:00","date_gmt":"2023-07-28T23:51:00","guid":{"rendered":"https:\/\/wirtschaftlichefreiheit.de\/wordpress\/?p=34195"},"modified":"2023-07-29T08:24:34","modified_gmt":"2023-07-29T07:24:34","slug":"zwischen-rezession-und-neuer-wohlstandsmessung","status":"publish","type":"post","link":"https:\/\/wirtschaftlichefreiheit.de\/wordpress\/?p=34195","title":{"rendered":"Zwischen Rezession und neuer Wohlstandsmessung"},"content":{"rendered":"\n<p>\u201eIWF senkt den Daumen \u00fcber Deutschland\u201c, titelte die B\u00f6rsen Zeitung diese Woche Mittwoch (26. Juli 2023). Tags zuvor hatte der Internationale W\u00e4hrungsfonds im Update seines \u201eWorld Economic Outlook\u201c Deutschland f\u00fcr das laufende Jahr ein Wachstum von -0,3&nbsp;% prognostiziert.&nbsp;W\u00e4hrend alle anderen gr\u00f6\u00dferen Volkswirtschaften mit Wachstum rechnen d\u00fcrfen, droht die deutsche Volkswirtschaft dieses Jahr also zu schrumpfen. Doch das war in dieser Woche nicht die einzige Hiobsbotschaft f\u00fcr die deutsche Konjunktur. Montag wurde bekannt, dass der Einkaufsmanagerindex im Juli von 50,6 auf 48,3 Punkte gefallen ist und damit in den Bereich, der auf wirtschaftliche Kontraktion hinweist. Am Dienstag folgte der ifo Gesch\u00e4ftsklimaindex. Er ist im Juli zum dritten Mal in Folge gefallen. Die schlechte Stimmung zieht sich laut ifo Institut durch alle vier Wirtschaftsbereiche: Verarbeitendes Gewerbe, Handel, Dienstleistungen und das Baugewerbe. Angesichts dieser schlechten Nachrichten haben der Bundeswirtschaftsminister und sein Ministerium ein feines Gesp\u00fcr f\u00fcr gutes Timing bewiesen: Denn an demselben Tag, an dem der IWF und das ifo Institut schlechte Nachrichten f\u00fcr die deutsche Wirtschaft bereithielten, lenkte das Wirtschaftsministerium die Aufmerksamkeit weg vom Bruttoinlandsprodukt hin zu einer alternativen Wohlfahrtsmessung: \u201e<a href=\"https:\/\/www.bmwk.de\/Redaktion\/DE\/Pressemitteilungen\/2023\/07\/20230725-bmwk-startet-konsultation-zur-wohlfahrtsmessung-im-jahreswirtschaftsbericht.html\">BMWK startet Konsultation zur Wohlfahrtsmessung im Jahreswirtschaftsbericht<\/a>\u201c, lautete der Titel der Pressemitteilung vom 25.07.2023.<\/p>\n\n\n\n<!--more-->\n\n\n\n<p>Der Staatssekret\u00e4r Sven Giegold wird mit folgenden Worten zitiert: \u201eDas Bruttoinlandsprodukt zeigt nur die \u00f6konomische Leistung. Diese Leistung bestimmt zwar den materiellen Wohlstand. Aber Wohlstand hat noch weitere Dimensionen. Nicht alle davon werden im Bruttoinlandsprodukt abgebildet, darunter unsere Erfolge im Klimaschutz. Auch Gerechtigkeitsfortschritte sind im Bruttoinlandsprodukt bislang nicht zu erkennen. Wir wollen daher jetzt weitere Daten zur Lebensqualit\u00e4t erheben, die das Bruttoinlandsprodukt erg\u00e4nzen. Zusammen ergibt sich ein treffenderes Bild unseres Wohlstandes.\u201c<\/p>\n\n\n\n<p>Fairerweise sei erw\u00e4hnt, dass es sich hierbei nicht um ein gezieltes Ablenkungsman\u00f6ver des Wirtschaftsministeriums in konjunkturell schwierigen Zeiten handelt. Es scheint eher ein Herzensprojekt des Bundesministers f\u00fcr Wirtschaft zu sein, den Stellenwert der harten Wirtschaftsdaten (BIP) zu begrenzen. Bereits kurz nach seinem Amtsantritt und noch vor dem Russland-Ukraine-Krieg und den damit verbundenen wirtschaftlichen R\u00fcckschl\u00e4gen hatte der Minister Anfang 2022 eiligst ein Sonderkapitel \u201eNachhaltiges und inklusives Wachstum \u2013 Dimensionen der Wohlfahrt messbar machen\u201c in den Jahreswirtschaftsbericht 2022 aufnehmen lassen. Darin geht es um mehr als 30 Einzelindikatoren aus sehr unterschiedlichen Bereichen, mit denen der Stand der gesamtgesellschaftlichen Wohlfahrt in ausgew\u00e4hlten Teilen abgebildet werden soll. Nun sollen \u201einteressierte Personen aus Wissenschaft, Wirtschaft, Verwaltung und Zivilgesellschaft\u201c&nbsp;bis zum 6. September 2023 einen <a href=\"https:\/\/bmwk.limesurvey.net\/147346\">Fragebogen<\/a> ausf\u00fcllen, um ein m\u00f6glichst breites Meinungsspektrum zu erhalten. Die Ergebnisse der Konsultation sollen bei der Weiterentwicklung der Wohlfahrtsmessung im Jahreswirtschaftsbericht 2024ff. ber\u00fccksichtigt werden.<\/p>\n\n\n\n<p>Was ist davon zu halten? Grunds\u00e4tzlich ist es richtig, dass Wohlstand und Wohlfahrt mehr sind als das, was mit der nackten Zahl des Bruttoinlandsproduktes abgebildet wird. Geld allein macht nicht gl\u00fccklich. Geld ist ein sehr wichtiger, aber sicher nicht der einzige Faktor f\u00fcr die Lebenszufriedenheit. Genauso wenig, wie allein das Gehalt und das Verm\u00f6gen eines Menschen dessen Gl\u00fcckszustand bestimmt, kann das BIP allein nicht Auskunft dar\u00fcber geben, wie hoch die Wohlfahrt in einem Land ist. Diese Zusammenh\u00e4nge sind hinl\u00e4nglich bekannt. Sie werden seit Jahrzehnten unter \u00d6konomen diskutiert. Und es ist ehrenwert, nach alternativen Wohlfahrtsindikatoren zu suchen. Doch man muss realistisch bleiben: <a href=\"https:\/\/wirtschaftlichefreiheit.de\/wordpress\/?p=30549\">Die meisten alternativen Wohlfahrtsindikatoren sind mindestens genauso interpretationsbed\u00fcrftig wie das BIP. Und sie sind anf\u00e4llig f\u00fcr politische Manipulation.<\/a> Deshalb sei hier die Prognose gewagt, dass es wohl niemals gelingen wird, mit einer einzigen Kennzahl oder mit einem Indikatoren-Set den wahren Wohlstand oder die Wohlfahrt eines Landes objektiv treffend darzustellen. Jeder Indikator und jede Kennzahl werden am Ende immer noch zu interpretieren sein.<\/p>\n\n\n\n<p>Der nun eingeleitete \u201eKonsultationsprozess\u201c d\u00fcrfte \u00fcbrigens kaum weiterhelfen. Der Fragebogen ist so konzipiert, dass ihn kaum ein \u201eNormalb\u00fcrger\u201c ausf\u00fcllen wird. Erstens d\u00fcrften nur wenige B\u00fcrger \u00fcberhaupt Kenntnis von der Umfrage nehmen. Zweitens erfordern viele Fragen erhebliche Vorkenntnisse, sodass wohl \u00fcberwiegend diejenigen teilnehmen werden, denen dieses Thema schon l\u00e4nger am Herzen liegt.<\/p>\n\n\n\n<p>Die Kritik am BIP-Konzept geht oft zu weit. Es wird gern \u00fcbersehen, dass das BIP in marktwirtschaftlich organisierten L\u00e4ndern die Pr\u00e4ferenzen und W\u00fcnsche der B\u00fcrger zum Ausdruck bringt. In Marktwirtschaften werden diejenigen Waren und Dienstleistungen produziert, die von den Verbrauchern gew\u00fcnscht werden. Somit ist die weitverbreitete Vorstellung, Wirtschaft und Gesellschaft f\u00e4nden in unterschiedlichen R\u00e4umen statt, nicht immer sachgerecht. Regierungen, die den Wohlstand und das Wohlbefinden der Bev\u00f6lkerung maximieren wollen, sollten deshalb in erster Linie darauf achten, dass sich die B\u00fcrger frei entfalten und ihre Bed\u00fcrfnisse mit freiwilligem Tausch auf M\u00e4rkten decken k\u00f6nnen. Wenn die Wirtschaft w\u00e4chst und das BIP steigt, dann kommt damit \u2013 im Regelfall \u2013 zum Ausdruck, dass die Bed\u00fcrfnisse der Menschen besser als im Vorjahr gedeckt werden konnten. Folglich sind die Menschen im Sinne ihrer eigenen Pr\u00e4ferenzen gl\u00fccklicher beziehungsweise zufriedener.<\/p>\n\n\n\n<p>Wer die Debatten unserer Zeit aufmerksam verfolgt, kann den Eindruck bekommen, dass es manchen Zeitgenossen gerade nicht mehr darum geht, die individuellen Pr\u00e4ferenzen der B\u00fcrger zum Ma\u00dfstab zu machen, um den gesellschaftlichen Wohlstand richtig zu ermitteln. Vielmehr werden \u00fcbergeordnete Ziele formuliert, denen sich die B\u00fcrger unterzuordnen haben. Manche NGOs, Denkfabriken und andere Institutionen massieren mit einem medialen Dauerfeuer ihre Vorstellungen von einem guten Leben ins Bewusstsein der \u00d6ffentlichkeit ein. Solche Vorstellungen lassen sich mit \u201eWohlf\u00fchlindikatoren\u201c trefflich unterf\u00fcttern.<\/p>\n\n\n\n<p>Bem\u00fchungen, die darauf abzielen, den Wohlstand eines Landes noch pr\u00e4ziser darzustellen, als es das BIP bisher kann, sind immer willkommen. Problematisch ist es aber dann, wenn es nicht mehr darum geht, die Wohlstandsmessung zu verbessern, sondern der Gesellschaft eine neue Vorstellung von Wohlstand und einem guten Leben aufzudr\u00fccken. Die heutigen Debatten entwickeln sich zuweilen in eine Richtung, in der sich Wortf\u00fchrer als Gesellschaftsarchitekten verstehen und so tun, als w\u00fcssten die Menschen nicht, was f\u00fcr sie selbst gut ist. Nach Ansicht dieser Wortf\u00fchrer entscheiden sich die Normalb\u00fcrger f\u00fcr das falsche, weil zu materiell ausgerichtete Leben. Schnell ist man dann bei Degrowth-Ideen, bei der Konsumentensouver\u00e4nit\u00e4t und Selbstbestimmung keine gro\u00dfe Bedeutung mehr haben. Mit der Freiheit, f\u00fcr sich selbst herauszufinden, was sie gl\u00fccklich macht, gehen die Menschen aus Sicht solcher Kritiker nicht richtig um. Doch wer soll entscheiden, was Gl\u00fcck und Wohlstand bedeutet, wenn nicht jeder B\u00fcrger f\u00fcr sich selbst? Das k\u00f6nnte die kritische Frage werden, die einige grundlegende wirtschafts- und gesellschaftspolitische Debatten der Zukunft pr\u00e4gen wird.<\/p>\n\n\n\n<p><em>Weitere Aspekte zu diesem Thema finden sich in \u201eGesellschaft im (Werte-)Wandel: Hat die Wirtschaftsleistung als Wohlfahrtsma\u00df ausgedient?\u201c in:&nbsp;<\/em><a href=\"https:\/\/www.vahlen.de\/berthold-quitzau-wirtschafts-welt-steht-kopf\/product\/34294642\"><em>Norbert Berthold und J\u00f6rn Quitzau (Hrsg.), \u201eDie Wirtschafts-Welt steht Kopf\u201c<\/em><\/a><em>.<\/em><em><\/em><\/p>\n\n\n\n<p><strong>Blog-Beitr\u00e4ge zum Thema:<\/strong><\/p>\n\n\n\n<p>J\u00f6rn Quitzau (2022): <a href=\"https:\/\/wirtschaftlichefreiheit.de\/wordpress\/?p=30549\">Jetzt auch im Jahreswirtschaftsbericht auf dem Pr\u00fcfstand<br>Was taugt das BIP als Wohlfahrtsindikator?<\/a><\/p>\n\n\n\n<p>Leonhard Knoll (2022): <a href=\"https:\/\/wirtschaftlichefreiheit.de\/wordpress\/?p=30621\">Jahreswirtschaftsbericht, ESG &amp; Co. Der Siegeszug der Beliebigkeit und seine Gefahren<\/a><\/p>\n<!-- AddThis Advanced Settings generic via filter on the_content --><!-- AddThis Share Buttons generic via filter on the_content --><!-- AddThis Related Posts generic via filter on the_content -->","protected":false},"excerpt":{"rendered":"<p>\u201eIWF senkt den Daumen \u00fcber Deutschland\u201c, titelte die B\u00f6rsen Zeitung diese Woche Mittwoch (26. Juli 2023). Tags zuvor hatte der Internationale W\u00e4hrungsfonds im Update seines &hellip; <\/p>\n<p class=\"link-more\"><a href=\"https:\/\/wirtschaftlichefreiheit.de\/wordpress\/?p=34195\" class=\"more-link\"><span class=\"screen-reader-text\">\u201eZwischen Rezession und neuer Wohlstandsmessung\u201c <\/span>weiterlesen<\/a><\/p>\n<p><!-- AddThis Advanced Settings generic via filter on wp_trim_excerpt --><!-- AddThis Share Buttons generic via filter on wp_trim_excerpt --><!-- AddThis Related Posts generic via filter on wp_trim_excerpt --><\/p>\n","protected":false},"author":112,"featured_media":34200,"comment_status":"open","ping_status":"open","sticky":false,"template":"","format":"standard","meta":{"footnotes":""},"categories":[4102],"tags":[3110,332,4120],"class_list":["post-34195","post","type-post","status-publish","format-standard","has-post-thumbnail","hentry","category-wohlfahrtliches","tag-quitzau","tag-rezession","tag-wohlstandsmessung"],"yoast_head":"<!-- This site is optimized with the Yoast SEO plugin v27.2 - https:\/\/yoast.com\/product\/yoast-seo-wordpress\/ -->\n<title>Zwischen Rezession und neuer Wohlstandsmessung - Wirtschaftliche Freiheit<\/title>\n<meta name=\"robots\" content=\"index, follow, max-snippet:-1, max-image-preview:large, max-video-preview:-1\" \/>\n<link rel=\"canonical\" href=\"https:\/\/wirtschaftlichefreiheit.de\/wordpress\/?p=34195\" \/>\n<meta property=\"og:locale\" content=\"de_DE\" \/>\n<meta property=\"og:type\" content=\"article\" \/>\n<meta property=\"og:title\" content=\"Zwischen Rezession und neuer Wohlstandsmessung - Wirtschaftliche Freiheit\" \/>\n<meta property=\"og:description\" content=\"\u201eIWF senkt den Daumen \u00fcber Deutschland\u201c, titelte die B\u00f6rsen Zeitung diese Woche Mittwoch (26. Juli 2023). Tags zuvor hatte der Internationale W\u00e4hrungsfonds im Update seines &hellip; \u201eZwischen Rezession und neuer Wohlstandsmessung\u201c weiterlesen\" \/>\n<meta property=\"og:url\" content=\"https:\/\/wirtschaftlichefreiheit.de\/wordpress\/?p=34195\" \/>\n<meta property=\"og:site_name\" content=\"Wirtschaftliche Freiheit\" \/>\n<meta property=\"article:published_time\" content=\"2023-07-28T23:51:00+00:00\" \/>\n<meta property=\"article:modified_time\" content=\"2023-07-29T07:24:34+00:00\" \/>\n<meta property=\"og:image\" content=\"http:\/\/wirtschaftlichefreiheit.de\/wordpress\/bilder\/buchquit-1.png\" \/>\n\t<meta property=\"og:image:width\" content=\"1181\" \/>\n\t<meta property=\"og:image:height\" content=\"798\" \/>\n\t<meta property=\"og:image:type\" content=\"image\/png\" \/>\n<meta name=\"author\" content=\"J\u00f6rn Quitzau\" \/>\n<meta name=\"twitter:card\" content=\"summary_large_image\" \/>\n<meta name=\"twitter:label1\" content=\"Verfasst von\" \/>\n\t<meta name=\"twitter:data1\" content=\"J\u00f6rn Quitzau\" \/>\n\t<meta name=\"twitter:label2\" content=\"Gesch\u00e4tzte Lesezeit\" \/>\n\t<meta name=\"twitter:data2\" content=\"6\u00a0Minuten\" \/>\n<script type=\"application\/ld+json\" class=\"yoast-schema-graph\">{\"@context\":\"https:\/\/schema.org\",\"@graph\":[{\"@type\":\"Article\",\"@id\":\"https:\/\/wirtschaftlichefreiheit.de\/wordpress\/?p=34195#article\",\"isPartOf\":{\"@id\":\"https:\/\/wirtschaftlichefreiheit.de\/wordpress\/?p=34195\"},\"author\":{\"name\":\"J\u00f6rn Quitzau\",\"@id\":\"https:\/\/wirtschaftlichefreiheit.de\/wordpress\/#\/schema\/person\/92c6141d5a76f5b6c1e1b3717f02ae9f\"},\"headline\":\"Zwischen Rezession und neuer Wohlstandsmessung\",\"datePublished\":\"2023-07-28T23:51:00+00:00\",\"dateModified\":\"2023-07-29T07:24:34+00:00\",\"mainEntityOfPage\":{\"@id\":\"https:\/\/wirtschaftlichefreiheit.de\/wordpress\/?p=34195\"},\"wordCount\":1135,\"commentCount\":0,\"image\":{\"@id\":\"https:\/\/wirtschaftlichefreiheit.de\/wordpress\/?p=34195#primaryimage\"},\"thumbnailUrl\":\"https:\/\/wirtschaftlichefreiheit.de\/wordpress\/bilder\/buchquit-1.png\",\"keywords\":[\"Quitzau\",\"Rezession\",\"Wohlstandsmessung\"],\"articleSection\":[\"Wohlfahrtliches\"],\"inLanguage\":\"de\",\"potentialAction\":[{\"@type\":\"CommentAction\",\"name\":\"Comment\",\"target\":[\"https:\/\/wirtschaftlichefreiheit.de\/wordpress\/?p=34195#respond\"]}]},{\"@type\":\"WebPage\",\"@id\":\"https:\/\/wirtschaftlichefreiheit.de\/wordpress\/?p=34195\",\"url\":\"https:\/\/wirtschaftlichefreiheit.de\/wordpress\/?p=34195\",\"name\":\"Zwischen Rezession und neuer Wohlstandsmessung - Wirtschaftliche Freiheit\",\"isPartOf\":{\"@id\":\"https:\/\/wirtschaftlichefreiheit.de\/wordpress\/#website\"},\"primaryImageOfPage\":{\"@id\":\"https:\/\/wirtschaftlichefreiheit.de\/wordpress\/?p=34195#primaryimage\"},\"image\":{\"@id\":\"https:\/\/wirtschaftlichefreiheit.de\/wordpress\/?p=34195#primaryimage\"},\"thumbnailUrl\":\"https:\/\/wirtschaftlichefreiheit.de\/wordpress\/bilder\/buchquit-1.png\",\"datePublished\":\"2023-07-28T23:51:00+00:00\",\"dateModified\":\"2023-07-29T07:24:34+00:00\",\"author\":{\"@id\":\"https:\/\/wirtschaftlichefreiheit.de\/wordpress\/#\/schema\/person\/92c6141d5a76f5b6c1e1b3717f02ae9f\"},\"breadcrumb\":{\"@id\":\"https:\/\/wirtschaftlichefreiheit.de\/wordpress\/?p=34195#breadcrumb\"},\"inLanguage\":\"de\",\"potentialAction\":[{\"@type\":\"ReadAction\",\"target\":[\"https:\/\/wirtschaftlichefreiheit.de\/wordpress\/?p=34195\"]}]},{\"@type\":\"ImageObject\",\"inLanguage\":\"de\",\"@id\":\"https:\/\/wirtschaftlichefreiheit.de\/wordpress\/?p=34195#primaryimage\",\"url\":\"https:\/\/wirtschaftlichefreiheit.de\/wordpress\/bilder\/buchquit-1.png\",\"contentUrl\":\"https:\/\/wirtschaftlichefreiheit.de\/wordpress\/bilder\/buchquit-1.png\",\"width\":1181,\"height\":798},{\"@type\":\"BreadcrumbList\",\"@id\":\"https:\/\/wirtschaftlichefreiheit.de\/wordpress\/?p=34195#breadcrumb\",\"itemListElement\":[{\"@type\":\"ListItem\",\"position\":1,\"name\":\"Startseite\",\"item\":\"https:\/\/wirtschaftlichefreiheit.de\/wordpress\"},{\"@type\":\"ListItem\",\"position\":2,\"name\":\"Zwischen Rezession und neuer Wohlstandsmessung\"}]},{\"@type\":\"WebSite\",\"@id\":\"https:\/\/wirtschaftlichefreiheit.de\/wordpress\/#website\",\"url\":\"https:\/\/wirtschaftlichefreiheit.de\/wordpress\/\",\"name\":\"Wirtschaftliche Freiheit\",\"description\":\"Das ordnungspolitische Journal\",\"potentialAction\":[{\"@type\":\"SearchAction\",\"target\":{\"@type\":\"EntryPoint\",\"urlTemplate\":\"https:\/\/wirtschaftlichefreiheit.de\/wordpress\/?s={search_term_string}\"},\"query-input\":{\"@type\":\"PropertyValueSpecification\",\"valueRequired\":true,\"valueName\":\"search_term_string\"}}],\"inLanguage\":\"de\"},{\"@type\":\"Person\",\"@id\":\"https:\/\/wirtschaftlichefreiheit.de\/wordpress\/#\/schema\/person\/92c6141d5a76f5b6c1e1b3717f02ae9f\",\"name\":\"J\u00f6rn Quitzau\",\"image\":{\"@type\":\"ImageObject\",\"inLanguage\":\"de\",\"@id\":\"https:\/\/wirtschaftlichefreiheit.de\/wordpress\/bilder\/joern_quitzau.png\",\"url\":\"https:\/\/wirtschaftlichefreiheit.de\/wordpress\/bilder\/joern_quitzau.png\",\"contentUrl\":\"https:\/\/wirtschaftlichefreiheit.de\/wordpress\/bilder\/joern_quitzau.png\",\"caption\":\"J\u00f6rn Quitzau\"},\"description\":\"Bergos AG\",\"url\":\"https:\/\/wirtschaftlichefreiheit.de\/wordpress\/?author=112\"}]}<\/script>\n<!-- \/ Yoast SEO plugin. -->","yoast_head_json":{"title":"Zwischen Rezession und neuer Wohlstandsmessung - Wirtschaftliche Freiheit","robots":{"index":"index","follow":"follow","max-snippet":"max-snippet:-1","max-image-preview":"max-image-preview:large","max-video-preview":"max-video-preview:-1"},"canonical":"https:\/\/wirtschaftlichefreiheit.de\/wordpress\/?p=34195","og_locale":"de_DE","og_type":"article","og_title":"Zwischen Rezession und neuer Wohlstandsmessung - Wirtschaftliche Freiheit","og_description":"\u201eIWF senkt den Daumen \u00fcber Deutschland\u201c, titelte die B\u00f6rsen Zeitung diese Woche Mittwoch (26. Juli 2023). Tags zuvor hatte der Internationale W\u00e4hrungsfonds im Update seines &hellip; \u201eZwischen Rezession und neuer Wohlstandsmessung\u201c weiterlesen","og_url":"https:\/\/wirtschaftlichefreiheit.de\/wordpress\/?p=34195","og_site_name":"Wirtschaftliche Freiheit","article_published_time":"2023-07-28T23:51:00+00:00","article_modified_time":"2023-07-29T07:24:34+00:00","og_image":[{"width":1181,"height":798,"url":"http:\/\/wirtschaftlichefreiheit.de\/wordpress\/bilder\/buchquit-1.png","type":"image\/png"}],"author":"J\u00f6rn Quitzau","twitter_card":"summary_large_image","twitter_misc":{"Verfasst von":"J\u00f6rn Quitzau","Gesch\u00e4tzte Lesezeit":"6\u00a0Minuten"},"schema":{"@context":"https:\/\/schema.org","@graph":[{"@type":"Article","@id":"https:\/\/wirtschaftlichefreiheit.de\/wordpress\/?p=34195#article","isPartOf":{"@id":"https:\/\/wirtschaftlichefreiheit.de\/wordpress\/?p=34195"},"author":{"name":"J\u00f6rn Quitzau","@id":"https:\/\/wirtschaftlichefreiheit.de\/wordpress\/#\/schema\/person\/92c6141d5a76f5b6c1e1b3717f02ae9f"},"headline":"Zwischen Rezession und neuer Wohlstandsmessung","datePublished":"2023-07-28T23:51:00+00:00","dateModified":"2023-07-29T07:24:34+00:00","mainEntityOfPage":{"@id":"https:\/\/wirtschaftlichefreiheit.de\/wordpress\/?p=34195"},"wordCount":1135,"commentCount":0,"image":{"@id":"https:\/\/wirtschaftlichefreiheit.de\/wordpress\/?p=34195#primaryimage"},"thumbnailUrl":"https:\/\/wirtschaftlichefreiheit.de\/wordpress\/bilder\/buchquit-1.png","keywords":["Quitzau","Rezession","Wohlstandsmessung"],"articleSection":["Wohlfahrtliches"],"inLanguage":"de","potentialAction":[{"@type":"CommentAction","name":"Comment","target":["https:\/\/wirtschaftlichefreiheit.de\/wordpress\/?p=34195#respond"]}]},{"@type":"WebPage","@id":"https:\/\/wirtschaftlichefreiheit.de\/wordpress\/?p=34195","url":"https:\/\/wirtschaftlichefreiheit.de\/wordpress\/?p=34195","name":"Zwischen Rezession und neuer Wohlstandsmessung - Wirtschaftliche Freiheit","isPartOf":{"@id":"https:\/\/wirtschaftlichefreiheit.de\/wordpress\/#website"},"primaryImageOfPage":{"@id":"https:\/\/wirtschaftlichefreiheit.de\/wordpress\/?p=34195#primaryimage"},"image":{"@id":"https:\/\/wirtschaftlichefreiheit.de\/wordpress\/?p=34195#primaryimage"},"thumbnailUrl":"https:\/\/wirtschaftlichefreiheit.de\/wordpress\/bilder\/buchquit-1.png","datePublished":"2023-07-28T23:51:00+00:00","dateModified":"2023-07-29T07:24:34+00:00","author":{"@id":"https:\/\/wirtschaftlichefreiheit.de\/wordpress\/#\/schema\/person\/92c6141d5a76f5b6c1e1b3717f02ae9f"},"breadcrumb":{"@id":"https:\/\/wirtschaftlichefreiheit.de\/wordpress\/?p=34195#breadcrumb"},"inLanguage":"de","potentialAction":[{"@type":"ReadAction","target":["https:\/\/wirtschaftlichefreiheit.de\/wordpress\/?p=34195"]}]},{"@type":"ImageObject","inLanguage":"de","@id":"https:\/\/wirtschaftlichefreiheit.de\/wordpress\/?p=34195#primaryimage","url":"https:\/\/wirtschaftlichefreiheit.de\/wordpress\/bilder\/buchquit-1.png","contentUrl":"https:\/\/wirtschaftlichefreiheit.de\/wordpress\/bilder\/buchquit-1.png","width":1181,"height":798},{"@type":"BreadcrumbList","@id":"https:\/\/wirtschaftlichefreiheit.de\/wordpress\/?p=34195#breadcrumb","itemListElement":[{"@type":"ListItem","position":1,"name":"Startseite","item":"https:\/\/wirtschaftlichefreiheit.de\/wordpress"},{"@type":"ListItem","position":2,"name":"Zwischen Rezession und neuer Wohlstandsmessung"}]},{"@type":"WebSite","@id":"https:\/\/wirtschaftlichefreiheit.de\/wordpress\/#website","url":"https:\/\/wirtschaftlichefreiheit.de\/wordpress\/","name":"Wirtschaftliche Freiheit","description":"Das ordnungspolitische Journal","potentialAction":[{"@type":"SearchAction","target":{"@type":"EntryPoint","urlTemplate":"https:\/\/wirtschaftlichefreiheit.de\/wordpress\/?s={search_term_string}"},"query-input":{"@type":"PropertyValueSpecification","valueRequired":true,"valueName":"search_term_string"}}],"inLanguage":"de"},{"@type":"Person","@id":"https:\/\/wirtschaftlichefreiheit.de\/wordpress\/#\/schema\/person\/92c6141d5a76f5b6c1e1b3717f02ae9f","name":"J\u00f6rn Quitzau","image":{"@type":"ImageObject","inLanguage":"de","@id":"https:\/\/wirtschaftlichefreiheit.de\/wordpress\/bilder\/joern_quitzau.png","url":"https:\/\/wirtschaftlichefreiheit.de\/wordpress\/bilder\/joern_quitzau.png","contentUrl":"https:\/\/wirtschaftlichefreiheit.de\/wordpress\/bilder\/joern_quitzau.png","caption":"J\u00f6rn Quitzau"},"description":"Bergos AG","url":"https:\/\/wirtschaftlichefreiheit.de\/wordpress\/?author=112"}]}},"_links":{"self":[{"href":"https:\/\/wirtschaftlichefreiheit.de\/wordpress\/index.php?rest_route=\/wp\/v2\/posts\/34195","targetHints":{"allow":["GET"]}}],"collection":[{"href":"https:\/\/wirtschaftlichefreiheit.de\/wordpress\/index.php?rest_route=\/wp\/v2\/posts"}],"about":[{"href":"https:\/\/wirtschaftlichefreiheit.de\/wordpress\/index.php?rest_route=\/wp\/v2\/types\/post"}],"author":[{"embeddable":true,"href":"https:\/\/wirtschaftlichefreiheit.de\/wordpress\/index.php?rest_route=\/wp\/v2\/users\/112"}],"replies":[{"embeddable":true,"href":"https:\/\/wirtschaftlichefreiheit.de\/wordpress\/index.php?rest_route=%2Fwp%2Fv2%2Fcomments&post=34195"}],"version-history":[{"count":4,"href":"https:\/\/wirtschaftlichefreiheit.de\/wordpress\/index.php?rest_route=\/wp\/v2\/posts\/34195\/revisions"}],"predecessor-version":[{"id":34205,"href":"https:\/\/wirtschaftlichefreiheit.de\/wordpress\/index.php?rest_route=\/wp\/v2\/posts\/34195\/revisions\/34205"}],"wp:featuredmedia":[{"embeddable":true,"href":"https:\/\/wirtschaftlichefreiheit.de\/wordpress\/index.php?rest_route=\/wp\/v2\/media\/34200"}],"wp:attachment":[{"href":"https:\/\/wirtschaftlichefreiheit.de\/wordpress\/index.php?rest_route=%2Fwp%2Fv2%2Fmedia&parent=34195"}],"wp:term":[{"taxonomy":"category","embeddable":true,"href":"https:\/\/wirtschaftlichefreiheit.de\/wordpress\/index.php?rest_route=%2Fwp%2Fv2%2Fcategories&post=34195"},{"taxonomy":"post_tag","embeddable":true,"href":"https:\/\/wirtschaftlichefreiheit.de\/wordpress\/index.php?rest_route=%2Fwp%2Fv2%2Ftags&post=34195"}],"curies":[{"name":"wp","href":"https:\/\/api.w.org\/{rel}","templated":true}]}}